{"id":34759,"date":"2021-12-03T10:00:32","date_gmt":"2021-12-03T08:00:32","guid":{"rendered":"https:\/\/www.psib-psoe.org\/eivissa\/?p=34759"},"modified":"2021-11-23T14:41:44","modified_gmt":"2021-11-23T12:41:44","slug":"la-fse-psoe-se-suma-a-las-reivindicaciones-del-25n-con-la-campana-di-basta","status":"publish","type":"post","link":"https:\/\/www.psib-psoe.org\/eivissa\/la-fse-psoe-se-suma-a-las-reivindicaciones-del-25n-con-la-campana-di-basta\/","title":{"rendered":"La FSE-PSOE se suma a las reivindicaciones del 25N con la campa\u00f1a &#8216;Di basta&#8217;"},"content":{"rendered":"<div class=\"traductor-textarea form-group\">\n<div class=\"textarea-desti col-xs-12 col-sm-6\">\n<div class=\"form-control second-textarea\">\n<p>La Federaci\u00f3n Socialista de Eivissa (FSE-PSOE) se suma un a\u00f1o m\u00e1s a las reivindicaciones del D\u00eda Internacional de la eliminaci\u00f3n de la violencia contra las mujeres, el 25 de noviembre, y participar\u00e1 activamente en los actos organizados por las diferentes instituciones y el movimiento feminista. En los ayuntamientos de la isla y en el Consell d&#8217;Eivissa, el PSOE impulsar\u00e1 o apoyar\u00e1 en declaraciones institucionales y mociones que denuncian la situaci\u00f3n de violencia que sufren las mujeres por el hecho de ser mujeres y que ya se ha cobrado 1.118 vidas desde el inicio de los registros oficiales en 2003.<\/p>\n<p>Este a\u00f1o, la FSE se suma a las diferentes campa\u00f1as de denuncia y concienciaci\u00f3n con el eslogan &#8216;Di basta&#8217;, que tiene como objetivo interpelar a toda la ciudadan\u00eda para que paren cualquier comportamiento sexista o violento que puedan detectar a su entorno. &#8216;Desgraciadamente, las asesinadas son solo la punta de un iceberg que est\u00e1 compuesto, desde la base, de muchos de comportamientos discriminatorios y vejatorios que hacen que una parte de la sociedad interiorice que las mujeres son inferiores y que se puede disponer de ellas o de sus cuerpos&#8217;, denuncia el secretario general de la FSE, Josep Mar\u00ed Ribas.<\/p>\n<p>Desde el PSOE, este a\u00f1o se pondr\u00e1 especialmente el foco en la renovaci\u00f3n del Pacto de Estado contra la violencia de g\u00e9nero, que acaba su vigencia el a\u00f1o que viene, y en la construcci\u00f3n de una masa cr\u00edtica cada vez m\u00e1s ancha para conseguir la abolici\u00f3n de la prostituci\u00f3n, una pr\u00e1ctica que\u00a0cosifica\u00a0y mercantiliza las mujeres y que tiene que ser rechazada y erradicada de nuestra sociedad.<\/p>\n<p>En el marco de esta campa\u00f1a, que se difundir\u00e1 principalmente por redes sociales, desde la Secretar\u00eda de Igualdad del partido tambi\u00e9n se ha organizado una charla que puerta como t\u00edtulo &#8216;Masculinidad y Violencia&#8217; y que ser\u00e1 impartida por Enrique S\u00e1nchez, psic\u00f3logo especialista en violencias contra las mujeres. Esta charla, que tendr\u00e1 lugar el pr\u00f3ximo 3 de diciembre a las 19\u202fh en la sede de la FSE, est\u00e1 abierta a cualquier persona interesada en la tem\u00e1tica y tiene como objetivo reflexionar sobre la relaci\u00f3n que tradicionalmente ha tenido la masculinidad con el poder y la demostraci\u00f3n de este a trav\u00e9s de la violencia y nos ayudar\u00e1 a detectar como estos procesos todav\u00eda est\u00e1n vigentes en nuestra cultura y manera de relacionarnos.<\/p>\n<\/div>\n<\/div>\n<\/div>\n<div class=\"traductor-checkbox form-group\">\n<div class=\"row\">\n<div class=\"col-sm-5\"><\/div>\n<\/div>\n<\/div>\n","protected":false},"excerpt":{"rendered":"<p>La Federaci\u00f3n Socialista de Eivissa (FSE-PSOE) se suma un a\u00f1o m\u00e1s a las reivindicaciones del D\u00eda Internacional de la eliminaci\u00f3n de la violencia contra las mujeres, el 25 de noviembre, y participar\u00e1 activamente en los actos organizados por las diferentes instituciones y el movimiento feminista. En los ayuntamientos de la isla y en el Consell&hellip;<\/p>\n","protected":false},"author":7,"featured_media":34826,"comment_status":"closed","ping_status":"closed","sticky":false,"template":"","format":"standard","meta":{"footnotes":""},"categories":[212],"tags":[],"class_list":["post-34759","post","type-post","status-publish","format-standard","has-post-thumbnail","hentry","category-fse-psoe"],"yoast_head":"<!-- This site is optimized with the Yoast SEO plugin v26.9 - https:\/\/yoast.com\/product\/yoast-seo-wordpress\/ -->\n<title>La FSE-PSOE se suma a las reivindicaciones del 25N con la campa\u00f1a &#039;Di basta&#039; - Federaci\u00f3 Socialista d&#039;Eivissa<\/title>\n<meta name=\"robots\" content=\"index, follow, max-snippet:-1, max-image-preview:large, max-video-preview:-1\" \/>\n<link rel=\"canonical\" href=\"https:\/\/www.psib-psoe.org\/eivissa\/la-fse-psoe-se-suma-a-las-reivindicaciones-del-25n-con-la-campana-di-basta\/\" \/>\n<meta property=\"og:locale\" content=\"ca_ES\" \/>\n<meta property=\"og:type\" content=\"article\" \/>\n<meta property=\"og:title\" content=\"La FSE-PSOE se suma a las reivindicaciones del 25N con la campa\u00f1a &#039;Di basta&#039; - Federaci\u00f3 Socialista d&#039;Eivissa\" \/>\n<meta property=\"og:description\" content=\"La Federaci\u00f3n Socialista de Eivissa (FSE-PSOE) se suma un a\u00f1o m\u00e1s a las reivindicaciones del D\u00eda Internacional de la eliminaci\u00f3n de la violencia contra las mujeres, el 25 de noviembre, y participar\u00e1 activamente en los actos organizados por las diferentes instituciones y el movimiento feminista. En los ayuntamientos de la isla y en el Consell&hellip;\" \/>\n<meta property=\"og:url\" content=\"https:\/\/www.psib-psoe.org\/eivissa\/la-fse-psoe-se-suma-a-las-reivindicaciones-del-25n-con-la-campana-di-basta\/\" \/>\n<meta property=\"og:site_name\" content=\"Federaci\u00f3 Socialista d&#039;Eivissa\" \/>\n<meta property=\"article:published_time\" content=\"2021-12-03T08:00:32+00:00\" \/>\n<meta property=\"og:image\" content=\"https:\/\/www.psib-psoe.org\/eivissa\/wp-content\/uploads\/foto-25-N.jpeg\" \/>\n\t<meta property=\"og:image:width\" content=\"2016\" \/>\n\t<meta property=\"og:image:height\" content=\"980\" \/>\n\t<meta property=\"og:image:type\" content=\"image\/jpeg\" \/>\n<meta name=\"author\" content=\"Josep Ripoll\" \/>\n<meta name=\"twitter:card\" content=\"summary_large_image\" \/>\n<meta name=\"twitter:label1\" content=\"Escrit per\" \/>\n\t<meta name=\"twitter:data1\" content=\"Josep Ripoll\" \/>\n\t<meta name=\"twitter:label2\" content=\"Temps estimat de lectura\" \/>\n\t<meta name=\"twitter:data2\" content=\"2 minuts\" \/>\n<script type=\"application\/ld+json\" class=\"yoast-schema-graph\">{\"@context\":\"https:\/\/schema.org\",\"@graph\":[{\"@type\":[\"Article\",\"BlogPosting\"],\"@id\":\"https:\/\/www.psib-psoe.org\/eivissa\/la-fse-psoe-se-suma-a-las-reivindicaciones-del-25n-con-la-campana-di-basta\/#article\",\"isPartOf\":{\"@id\":\"https:\/\/www.psib-psoe.org\/eivissa\/la-fse-psoe-se-suma-a-las-reivindicaciones-del-25n-con-la-campana-di-basta\/\"},\"author\":{\"name\":\"Josep Ripoll\",\"@id\":\"https:\/\/www.psib-psoe.org\/eivissa\/#\/schema\/person\/7a9d2841fb36f32e34fc0e9b245e8117\"},\"headline\":\"La FSE-PSOE se suma a las reivindicaciones del 25N con la campa\u00f1a &#8216;Di basta&#8217;\",\"datePublished\":\"2021-12-03T08:00:32+00:00\",\"mainEntityOfPage\":{\"@id\":\"https:\/\/www.psib-psoe.org\/eivissa\/la-fse-psoe-se-suma-a-las-reivindicaciones-del-25n-con-la-campana-di-basta\/\"},\"wordCount\":431,\"publisher\":{\"@id\":\"https:\/\/www.psib-psoe.org\/eivissa\/#organization\"},\"image\":{\"@id\":\"https:\/\/www.psib-psoe.org\/eivissa\/la-fse-psoe-se-suma-a-las-reivindicaciones-del-25n-con-la-campana-di-basta\/#primaryimage\"},\"thumbnailUrl\":\"https:\/\/www.psib-psoe.org\/eivissa\/wp-content\/uploads\/foto-25-N.jpeg\",\"articleSection\":[\"FSE-PSOE\"],\"inLanguage\":\"ca\"},{\"@type\":\"WebPage\",\"@id\":\"https:\/\/www.psib-psoe.org\/eivissa\/la-fse-psoe-se-suma-a-las-reivindicaciones-del-25n-con-la-campana-di-basta\/\",\"url\":\"https:\/\/www.psib-psoe.org\/eivissa\/la-fse-psoe-se-suma-a-las-reivindicaciones-del-25n-con-la-campana-di-basta\/\",\"name\":\"La FSE-PSOE se suma a las reivindicaciones del 25N con la campa\u00f1a 'Di basta' - Federaci\u00f3 Socialista d&#039;Eivissa\",\"isPartOf\":{\"@id\":\"https:\/\/www.psib-psoe.org\/eivissa\/#website\"},\"primaryImageOfPage\":{\"@id\":\"https:\/\/www.psib-psoe.org\/eivissa\/la-fse-psoe-se-suma-a-las-reivindicaciones-del-25n-con-la-campana-di-basta\/#primaryimage\"},\"image\":{\"@id\":\"https:\/\/www.psib-psoe.org\/eivissa\/la-fse-psoe-se-suma-a-las-reivindicaciones-del-25n-con-la-campana-di-basta\/#primaryimage\"},\"thumbnailUrl\":\"https:\/\/www.psib-psoe.org\/eivissa\/wp-content\/uploads\/foto-25-N.jpeg\",\"datePublished\":\"2021-12-03T08:00:32+00:00\",\"breadcrumb\":{\"@id\":\"https:\/\/www.psib-psoe.org\/eivissa\/la-fse-psoe-se-suma-a-las-reivindicaciones-del-25n-con-la-campana-di-basta\/#breadcrumb\"},\"inLanguage\":\"ca\",\"potentialAction\":[{\"@type\":\"ReadAction\",\"target\":[\"https:\/\/www.psib-psoe.org\/eivissa\/la-fse-psoe-se-suma-a-las-reivindicaciones-del-25n-con-la-campana-di-basta\/\"]}]},{\"@type\":\"ImageObject\",\"inLanguage\":\"ca\",\"@id\":\"https:\/\/www.psib-psoe.org\/eivissa\/la-fse-psoe-se-suma-a-las-reivindicaciones-del-25n-con-la-campana-di-basta\/#primaryimage\",\"url\":\"https:\/\/www.psib-psoe.org\/eivissa\/wp-content\/uploads\/foto-25-N.jpeg\",\"contentUrl\":\"https:\/\/www.psib-psoe.org\/eivissa\/wp-content\/uploads\/foto-25-N.jpeg\",\"width\":2016,\"height\":980},{\"@type\":\"BreadcrumbList\",\"@id\":\"https:\/\/www.psib-psoe.org\/eivissa\/la-fse-psoe-se-suma-a-las-reivindicaciones-del-25n-con-la-campana-di-basta\/#breadcrumb\",\"itemListElement\":[{\"@type\":\"ListItem\",\"position\":1,\"name\":\"Inici\",\"item\":\"https:\/\/www.psib-psoe.org\/eivissa\/\"},{\"@type\":\"ListItem\",\"position\":2,\"name\":\"La FSE-PSOE se suma a las reivindicaciones del 25N con la campa\u00f1a &#8216;Di basta&#8217;\"}]},{\"@type\":\"WebSite\",\"@id\":\"https:\/\/www.psib-psoe.org\/eivissa\/#website\",\"url\":\"https:\/\/www.psib-psoe.org\/eivissa\/\",\"name\":\"Federaci\u00f3 Socialista d'Eivissa\",\"description\":\"Socialistes d&#039;Eivissa\",\"publisher\":{\"@id\":\"https:\/\/www.psib-psoe.org\/eivissa\/#organization\"},\"potentialAction\":[{\"@type\":\"SearchAction\",\"target\":{\"@type\":\"EntryPoint\",\"urlTemplate\":\"https:\/\/www.psib-psoe.org\/eivissa\/?s={search_term_string}\"},\"query-input\":{\"@type\":\"PropertyValueSpecification\",\"valueRequired\":true,\"valueName\":\"search_term_string\"}}],\"inLanguage\":\"ca\"},{\"@type\":\"Organization\",\"@id\":\"https:\/\/www.psib-psoe.org\/eivissa\/#organization\",\"name\":\"Federaci\u00f3 Socialista d'Eivissa\",\"url\":\"https:\/\/www.psib-psoe.org\/eivissa\/\",\"logo\":{\"@type\":\"ImageObject\",\"inLanguage\":\"ca\",\"@id\":\"https:\/\/www.psib-psoe.org\/eivissa\/#\/schema\/logo\/image\/\",\"url\":\"https:\/\/www.psib-psoe.org\/eivissa\/wp-content\/uploads\/LOGO-FSE-SOCIALISTA-DEIVISSA-HORI.png\",\"contentUrl\":\"https:\/\/www.psib-psoe.org\/eivissa\/wp-content\/uploads\/LOGO-FSE-SOCIALISTA-DEIVISSA-HORI.png\",\"width\":6000,\"height\":3104,\"caption\":\"Federaci\u00f3 Socialista d'Eivissa\"},\"image\":{\"@id\":\"https:\/\/www.psib-psoe.org\/eivissa\/#\/schema\/logo\/image\/\"}},{\"@type\":\"Person\",\"@id\":\"https:\/\/www.psib-psoe.org\/eivissa\/#\/schema\/person\/7a9d2841fb36f32e34fc0e9b245e8117\",\"name\":\"Josep Ripoll\",\"sameAs\":[\"http:\/\/www.psib-psoe.org\/eivissa\/wp-login.php\"],\"url\":\"https:\/\/www.psib-psoe.org\/eivissa\/author\/josep\/\"}]}<\/script>\n<!-- \/ Yoast SEO plugin. -->","yoast_head_json":{"title":"La FSE-PSOE se suma a las reivindicaciones del 25N con la campa\u00f1a 'Di basta' - Federaci\u00f3 Socialista d&#039;Eivissa","robots":{"index":"index","follow":"follow","max-snippet":"max-snippet:-1","max-image-preview":"max-image-preview:large","max-video-preview":"max-video-preview:-1"},"canonical":"https:\/\/www.psib-psoe.org\/eivissa\/la-fse-psoe-se-suma-a-las-reivindicaciones-del-25n-con-la-campana-di-basta\/","og_locale":"ca_ES","og_type":"article","og_title":"La FSE-PSOE se suma a las reivindicaciones del 25N con la campa\u00f1a 'Di basta' - Federaci\u00f3 Socialista d&#039;Eivissa","og_description":"La Federaci\u00f3n Socialista de Eivissa (FSE-PSOE) se suma un a\u00f1o m\u00e1s a las reivindicaciones del D\u00eda Internacional de la eliminaci\u00f3n de la violencia contra las mujeres, el 25 de noviembre, y participar\u00e1 activamente en los actos organizados por las diferentes instituciones y el movimiento feminista. En los ayuntamientos de la isla y en el Consell&hellip;","og_url":"https:\/\/www.psib-psoe.org\/eivissa\/la-fse-psoe-se-suma-a-las-reivindicaciones-del-25n-con-la-campana-di-basta\/","og_site_name":"Federaci\u00f3 Socialista d&#039;Eivissa","article_published_time":"2021-12-03T08:00:32+00:00","og_image":[{"width":2016,"height":980,"url":"https:\/\/www.psib-psoe.org\/eivissa\/wp-content\/uploads\/foto-25-N.jpeg","type":"image\/jpeg"}],"author":"Josep Ripoll","twitter_card":"summary_large_image","twitter_misc":{"Escrit per":"Josep Ripoll","Temps estimat de lectura":"2 minuts"},"schema":{"@context":"https:\/\/schema.org","@graph":[{"@type":["Article","BlogPosting"],"@id":"https:\/\/www.psib-psoe.org\/eivissa\/la-fse-psoe-se-suma-a-las-reivindicaciones-del-25n-con-la-campana-di-basta\/#article","isPartOf":{"@id":"https:\/\/www.psib-psoe.org\/eivissa\/la-fse-psoe-se-suma-a-las-reivindicaciones-del-25n-con-la-campana-di-basta\/"},"author":{"name":"Josep Ripoll","@id":"https:\/\/www.psib-psoe.org\/eivissa\/#\/schema\/person\/7a9d2841fb36f32e34fc0e9b245e8117"},"headline":"La FSE-PSOE se suma a las reivindicaciones del 25N con la campa\u00f1a &#8216;Di basta&#8217;","datePublished":"2021-12-03T08:00:32+00:00","mainEntityOfPage":{"@id":"https:\/\/www.psib-psoe.org\/eivissa\/la-fse-psoe-se-suma-a-las-reivindicaciones-del-25n-con-la-campana-di-basta\/"},"wordCount":431,"publisher":{"@id":"https:\/\/www.psib-psoe.org\/eivissa\/#organization"},"image":{"@id":"https:\/\/www.psib-psoe.org\/eivissa\/la-fse-psoe-se-suma-a-las-reivindicaciones-del-25n-con-la-campana-di-basta\/#primaryimage"},"thumbnailUrl":"https:\/\/www.psib-psoe.org\/eivissa\/wp-content\/uploads\/foto-25-N.jpeg","articleSection":["FSE-PSOE"],"inLanguage":"ca"},{"@type":"WebPage","@id":"https:\/\/www.psib-psoe.org\/eivissa\/la-fse-psoe-se-suma-a-las-reivindicaciones-del-25n-con-la-campana-di-basta\/","url":"https:\/\/www.psib-psoe.org\/eivissa\/la-fse-psoe-se-suma-a-las-reivindicaciones-del-25n-con-la-campana-di-basta\/","name":"La FSE-PSOE se suma a las reivindicaciones del 25N con la campa\u00f1a 'Di basta' - Federaci\u00f3 Socialista d&#039;Eivissa","isPartOf":{"@id":"https:\/\/www.psib-psoe.org\/eivissa\/#website"},"primaryImageOfPage":{"@id":"https:\/\/www.psib-psoe.org\/eivissa\/la-fse-psoe-se-suma-a-las-reivindicaciones-del-25n-con-la-campana-di-basta\/#primaryimage"},"image":{"@id":"https:\/\/www.psib-psoe.org\/eivissa\/la-fse-psoe-se-suma-a-las-reivindicaciones-del-25n-con-la-campana-di-basta\/#primaryimage"},"thumbnailUrl":"https:\/\/www.psib-psoe.org\/eivissa\/wp-content\/uploads\/foto-25-N.jpeg","datePublished":"2021-12-03T08:00:32+00:00","breadcrumb":{"@id":"https:\/\/www.psib-psoe.org\/eivissa\/la-fse-psoe-se-suma-a-las-reivindicaciones-del-25n-con-la-campana-di-basta\/#breadcrumb"},"inLanguage":"ca","potentialAction":[{"@type":"ReadAction","target":["https:\/\/www.psib-psoe.org\/eivissa\/la-fse-psoe-se-suma-a-las-reivindicaciones-del-25n-con-la-campana-di-basta\/"]}]},{"@type":"ImageObject","inLanguage":"ca","@id":"https:\/\/www.psib-psoe.org\/eivissa\/la-fse-psoe-se-suma-a-las-reivindicaciones-del-25n-con-la-campana-di-basta\/#primaryimage","url":"https:\/\/www.psib-psoe.org\/eivissa\/wp-content\/uploads\/foto-25-N.jpeg","contentUrl":"https:\/\/www.psib-psoe.org\/eivissa\/wp-content\/uploads\/foto-25-N.jpeg","width":2016,"height":980},{"@type":"BreadcrumbList","@id":"https:\/\/www.psib-psoe.org\/eivissa\/la-fse-psoe-se-suma-a-las-reivindicaciones-del-25n-con-la-campana-di-basta\/#breadcrumb","itemListElement":[{"@type":"ListItem","position":1,"name":"Inici","item":"https:\/\/www.psib-psoe.org\/eivissa\/"},{"@type":"ListItem","position":2,"name":"La FSE-PSOE se suma a las reivindicaciones del 25N con la campa\u00f1a &#8216;Di basta&#8217;"}]},{"@type":"WebSite","@id":"https:\/\/www.psib-psoe.org\/eivissa\/#website","url":"https:\/\/www.psib-psoe.org\/eivissa\/","name":"Federaci\u00f3 Socialista d'Eivissa","description":"Socialistes d&#039;Eivissa","publisher":{"@id":"https:\/\/www.psib-psoe.org\/eivissa\/#organization"},"potentialAction":[{"@type":"SearchAction","target":{"@type":"EntryPoint","urlTemplate":"https:\/\/www.psib-psoe.org\/eivissa\/?s={search_term_string}"},"query-input":{"@type":"PropertyValueSpecification","valueRequired":true,"valueName":"search_term_string"}}],"inLanguage":"ca"},{"@type":"Organization","@id":"https:\/\/www.psib-psoe.org\/eivissa\/#organization","name":"Federaci\u00f3 Socialista d'Eivissa","url":"https:\/\/www.psib-psoe.org\/eivissa\/","logo":{"@type":"ImageObject","inLanguage":"ca","@id":"https:\/\/www.psib-psoe.org\/eivissa\/#\/schema\/logo\/image\/","url":"https:\/\/www.psib-psoe.org\/eivissa\/wp-content\/uploads\/LOGO-FSE-SOCIALISTA-DEIVISSA-HORI.png","contentUrl":"https:\/\/www.psib-psoe.org\/eivissa\/wp-content\/uploads\/LOGO-FSE-SOCIALISTA-DEIVISSA-HORI.png","width":6000,"height":3104,"caption":"Federaci\u00f3 Socialista d'Eivissa"},"image":{"@id":"https:\/\/www.psib-psoe.org\/eivissa\/#\/schema\/logo\/image\/"}},{"@type":"Person","@id":"https:\/\/www.psib-psoe.org\/eivissa\/#\/schema\/person\/7a9d2841fb36f32e34fc0e9b245e8117","name":"Josep Ripoll","sameAs":["http:\/\/www.psib-psoe.org\/eivissa\/wp-login.php"],"url":"https:\/\/www.psib-psoe.org\/eivissa\/author\/josep\/"}]}},"_links":{"self":[{"href":"https:\/\/www.psib-psoe.org\/eivissa\/wp-json\/wp\/v2\/posts\/34759","targetHints":{"allow":["GET"]}}],"collection":[{"href":"https:\/\/www.psib-psoe.org\/eivissa\/wp-json\/wp\/v2\/posts"}],"about":[{"href":"https:\/\/www.psib-psoe.org\/eivissa\/wp-json\/wp\/v2\/types\/post"}],"author":[{"embeddable":true,"href":"https:\/\/www.psib-psoe.org\/eivissa\/wp-json\/wp\/v2\/users\/7"}],"replies":[{"embeddable":true,"href":"https:\/\/www.psib-psoe.org\/eivissa\/wp-json\/wp\/v2\/comments?post=34759"}],"version-history":[{"count":2,"href":"https:\/\/www.psib-psoe.org\/eivissa\/wp-json\/wp\/v2\/posts\/34759\/revisions"}],"predecessor-version":[{"id":34761,"href":"https:\/\/www.psib-psoe.org\/eivissa\/wp-json\/wp\/v2\/posts\/34759\/revisions\/34761"}],"wp:featuredmedia":[{"embeddable":true,"href":"https:\/\/www.psib-psoe.org\/eivissa\/wp-json\/wp\/v2\/media\/34826"}],"wp:attachment":[{"href":"https:\/\/www.psib-psoe.org\/eivissa\/wp-json\/wp\/v2\/media?parent=34759"}],"wp:term":[{"taxonomy":"category","embeddable":true,"href":"https:\/\/www.psib-psoe.org\/eivissa\/wp-json\/wp\/v2\/categories?post=34759"},{"taxonomy":"post_tag","embeddable":true,"href":"https:\/\/www.psib-psoe.org\/eivissa\/wp-json\/wp\/v2\/tags?post=34759"}],"curies":[{"name":"wp","href":"https:\/\/api.w.org\/{rel}","templated":true}]}}