{"id":34801,"date":"2021-12-02T12:00:59","date_gmt":"2021-12-02T10:00:59","guid":{"rendered":"https:\/\/www.psib-psoe.org\/eivissa\/?p=34801"},"modified":"2021-12-03T10:43:25","modified_gmt":"2021-12-03T08:43:25","slug":"el-psoe-de-santa-eularia-considera-que-lalcaldessa-ha-de-donar-explicacions-publiques-pel-lloguer-dun-local-a-la-familia-dun-regidor-del-pp","status":"publish","type":"post","link":"https:\/\/www.psib-psoe.org\/eivissa\/el-psoe-de-santa-eularia-considera-que-lalcaldessa-ha-de-donar-explicacions-publiques-pel-lloguer-dun-local-a-la-familia-dun-regidor-del-pp\/","title":{"rendered":"El PSOE de Santa Eul\u00e0ria considera que l\u2019alcaldessa ha de donar explicacions p\u00fabliques pel lloguer d\u2019un local a la fam\u00edlia d\u2019un regidor del PP"},"content":{"rendered":"<p>El grup municipal Socialista de Santa Eul\u00e0ria des Riu considera que l\u2019alcaldessa, Carmen Ferrer, ha de donar explicacions p\u00fabliques pel lloguer d\u2019un local a la fam\u00edlia d\u2019un regidor del PP. El contracte ha beneficiat la fam\u00edlia del tinent d\u2019alcalde Miquel Tur, a qui l\u2019ajuntament va llogar, ara fa un any, un local de 300 metres quadrats per 3.000 euros al mes, amb una durada del contracte de 15 anys. Es tracta d\u2019un local al centre urb\u00e0 de Santa Eul\u00e0ria on l\u2019ajuntament diu que hi vol instal\u00b7lar una oficina municipal de serveis socials.<\/p>\n<p>En el seu moment, l\u2019equip de govern va convocar els grups de l\u2019oposici\u00f3 a una reuni\u00f3 per informar de la tramitaci\u00f3 d\u2019aquest expedient. El grup municipal del PSOE va decidir seguir recavant informaci\u00f3, per tots els dubtes que li va suscitar.<\/p>\n<p>El portaveu del grup PSOE, Vicent Torres \u2018Benet\u2019, considera que Carmen Ferrer \u201cha d\u2019explicar p\u00fablicament tot el procediment de contractaci\u00f3\u201d, que \u201ccasualment es va iniciar durant la pand\u00e8mia, quan els llogaters de molts de locals es trobaven sense possibilitat de pagar les rendes exigides\u201d.<\/p>\n<p>A m\u00e9s, el primer any de lloguer, el local ha estat tancat, per\u00f2 l\u2019ajuntament li ha estat pagant els 3.000 euros mensuals que figuren al contracte. \u2018Benet\u2019 critica que \u201cl\u2019ajuntament ha tirat als fems 36.000 euros p\u00fablics, amb el lloguer d\u2019un local que ha estat tancat i sense cap utilitat\u201d. \u201cNom\u00e9s per aquest fet, de nefasta gesti\u00f3 dels recursos p\u00fablics, l\u2019equip de govern de Santa Eul\u00e0ria hauria de donar p\u00fabliques explicacions\u201d.<\/p>\n<p>El grup PSOE considera que el cas del local s\u2019\u201cha de revisar a fons, perqu\u00e8 parlam de molts de sous p\u00fablics que beneficien la fam\u00edlia d\u2019un tinent d\u2019alcalde\u201d. \u201cUn contracte aix\u00ed, en favor de la fam\u00edlia d\u2019un membre de l\u2019equip de govern del PP, ha d\u2019estar molt ben justificat, no hi pot haver cap ombra ni sospita\u201d.<\/p>\n<p>Vicent \u2018Benet\u2019 ha manifestat que Carmen Ferrer \u201cha de donar la cara i assegurar davant de la ciutadania que tot el procediment s\u2019ha fet de manera legal, honesta i transparent\u201d.<\/p>\n","protected":false},"excerpt":{"rendered":"<p>El grup municipal Socialista de Santa Eul\u00e0ria des Riu considera que l\u2019alcaldessa, Carmen Ferrer, ha de donar explicacions p\u00fabliques pel lloguer d\u2019un local a la fam\u00edlia d\u2019un regidor del PP. El contracte ha beneficiat la fam\u00edlia del tinent d\u2019alcalde Miquel Tur, a qui l\u2019ajuntament va llogar, ara fa un any, un local de 300 metres&hellip;<\/p>\n","protected":false},"author":7,"featured_media":34802,"comment_status":"closed","ping_status":"closed","sticky":false,"template":"","format":"standard","meta":{"footnotes":""},"categories":[1,234,186],"tags":[],"class_list":["post-34801","post","type-post","status-publish","format-standard","has-post-thumbnail","hentry","category-federacio-de-eivissa-portada","category-municipis","category-santa-eularia-des-riu"],"yoast_head":"<!-- This site is optimized with the Yoast SEO plugin v26.9 - https:\/\/yoast.com\/product\/yoast-seo-wordpress\/ -->\n<title>El PSOE de Santa Eul\u00e0ria considera que l\u2019alcaldessa ha de donar explicacions p\u00fabliques pel lloguer d\u2019un local a la fam\u00edlia d\u2019un regidor del PP - Federaci\u00f3 Socialista d&#039;Eivissa<\/title>\n<meta name=\"robots\" content=\"index, follow, max-snippet:-1, max-image-preview:large, max-video-preview:-1\" \/>\n<link rel=\"canonical\" href=\"https:\/\/www.psib-psoe.org\/eivissa\/el-psoe-de-santa-eularia-considera-que-lalcaldessa-ha-de-donar-explicacions-publiques-pel-lloguer-dun-local-a-la-familia-dun-regidor-del-pp\/\" \/>\n<meta property=\"og:locale\" content=\"ca_ES\" \/>\n<meta property=\"og:type\" content=\"article\" \/>\n<meta property=\"og:title\" content=\"El PSOE de Santa Eul\u00e0ria considera que l\u2019alcaldessa ha de donar explicacions p\u00fabliques pel lloguer d\u2019un local a la fam\u00edlia d\u2019un regidor del PP - Federaci\u00f3 Socialista d&#039;Eivissa\" \/>\n<meta property=\"og:description\" content=\"El grup municipal Socialista de Santa Eul\u00e0ria des Riu considera que l\u2019alcaldessa, Carmen Ferrer, ha de donar explicacions p\u00fabliques pel lloguer d\u2019un local a la fam\u00edlia d\u2019un regidor del PP. El contracte ha beneficiat la fam\u00edlia del tinent d\u2019alcalde Miquel Tur, a qui l\u2019ajuntament va llogar, ara fa un any, un local de 300 metres&hellip;\" \/>\n<meta property=\"og:url\" content=\"https:\/\/www.psib-psoe.org\/eivissa\/el-psoe-de-santa-eularia-considera-que-lalcaldessa-ha-de-donar-explicacions-publiques-pel-lloguer-dun-local-a-la-familia-dun-regidor-del-pp\/\" \/>\n<meta property=\"og:site_name\" content=\"Federaci\u00f3 Socialista d&#039;Eivissa\" \/>\n<meta property=\"article:published_time\" content=\"2021-12-02T10:00:59+00:00\" \/>\n<meta property=\"article:modified_time\" content=\"2021-12-03T08:43:25+00:00\" \/>\n<meta property=\"og:image\" content=\"https:\/\/www.psib-psoe.org\/eivissa\/wp-content\/uploads\/local-SS-santa-eularia.jpg\" \/>\n\t<meta property=\"og:image:width\" content=\"492\" \/>\n\t<meta property=\"og:image:height\" content=\"331\" \/>\n\t<meta property=\"og:image:type\" content=\"image\/jpeg\" \/>\n<meta name=\"author\" content=\"Josep Ripoll\" \/>\n<meta name=\"twitter:card\" content=\"summary_large_image\" \/>\n<meta name=\"twitter:label1\" content=\"Escrit per\" \/>\n\t<meta name=\"twitter:data1\" content=\"Josep Ripoll\" \/>\n\t<meta name=\"twitter:label2\" content=\"Temps estimat de lectura\" \/>\n\t<meta name=\"twitter:data2\" content=\"2 minuts\" \/>\n<script type=\"application\/ld+json\" class=\"yoast-schema-graph\">{\"@context\":\"https:\/\/schema.org\",\"@graph\":[{\"@type\":[\"Article\",\"BlogPosting\"],\"@id\":\"https:\/\/www.psib-psoe.org\/eivissa\/el-psoe-de-santa-eularia-considera-que-lalcaldessa-ha-de-donar-explicacions-publiques-pel-lloguer-dun-local-a-la-familia-dun-regidor-del-pp\/#article\",\"isPartOf\":{\"@id\":\"https:\/\/www.psib-psoe.org\/eivissa\/el-psoe-de-santa-eularia-considera-que-lalcaldessa-ha-de-donar-explicacions-publiques-pel-lloguer-dun-local-a-la-familia-dun-regidor-del-pp\/\"},\"author\":{\"name\":\"Josep Ripoll\",\"@id\":\"https:\/\/www.psib-psoe.org\/eivissa\/#\/schema\/person\/7a9d2841fb36f32e34fc0e9b245e8117\"},\"headline\":\"El PSOE de Santa Eul\u00e0ria considera que l\u2019alcaldessa ha de donar explicacions p\u00fabliques pel lloguer d\u2019un local a la fam\u00edlia d\u2019un regidor del PP\",\"datePublished\":\"2021-12-02T10:00:59+00:00\",\"dateModified\":\"2021-12-03T08:43:25+00:00\",\"mainEntityOfPage\":{\"@id\":\"https:\/\/www.psib-psoe.org\/eivissa\/el-psoe-de-santa-eularia-considera-que-lalcaldessa-ha-de-donar-explicacions-publiques-pel-lloguer-dun-local-a-la-familia-dun-regidor-del-pp\/\"},\"wordCount\":399,\"publisher\":{\"@id\":\"https:\/\/www.psib-psoe.org\/eivissa\/#organization\"},\"image\":{\"@id\":\"https:\/\/www.psib-psoe.org\/eivissa\/el-psoe-de-santa-eularia-considera-que-lalcaldessa-ha-de-donar-explicacions-publiques-pel-lloguer-dun-local-a-la-familia-dun-regidor-del-pp\/#primaryimage\"},\"thumbnailUrl\":\"https:\/\/www.psib-psoe.org\/eivissa\/wp-content\/uploads\/local-SS-santa-eularia.jpg\",\"articleSection\":[\"Federaci\u00f3 d'Eivissa - Portada\",\"Municipis\",\"Santa Eul\u00e0ria des Riu\"],\"inLanguage\":\"ca\"},{\"@type\":\"WebPage\",\"@id\":\"https:\/\/www.psib-psoe.org\/eivissa\/el-psoe-de-santa-eularia-considera-que-lalcaldessa-ha-de-donar-explicacions-publiques-pel-lloguer-dun-local-a-la-familia-dun-regidor-del-pp\/\",\"url\":\"https:\/\/www.psib-psoe.org\/eivissa\/el-psoe-de-santa-eularia-considera-que-lalcaldessa-ha-de-donar-explicacions-publiques-pel-lloguer-dun-local-a-la-familia-dun-regidor-del-pp\/\",\"name\":\"El PSOE de Santa Eul\u00e0ria considera que l\u2019alcaldessa ha de donar explicacions p\u00fabliques pel lloguer d\u2019un local a la fam\u00edlia d\u2019un regidor del PP - Federaci\u00f3 Socialista d&#039;Eivissa\",\"isPartOf\":{\"@id\":\"https:\/\/www.psib-psoe.org\/eivissa\/#website\"},\"primaryImageOfPage\":{\"@id\":\"https:\/\/www.psib-psoe.org\/eivissa\/el-psoe-de-santa-eularia-considera-que-lalcaldessa-ha-de-donar-explicacions-publiques-pel-lloguer-dun-local-a-la-familia-dun-regidor-del-pp\/#primaryimage\"},\"image\":{\"@id\":\"https:\/\/www.psib-psoe.org\/eivissa\/el-psoe-de-santa-eularia-considera-que-lalcaldessa-ha-de-donar-explicacions-publiques-pel-lloguer-dun-local-a-la-familia-dun-regidor-del-pp\/#primaryimage\"},\"thumbnailUrl\":\"https:\/\/www.psib-psoe.org\/eivissa\/wp-content\/uploads\/local-SS-santa-eularia.jpg\",\"datePublished\":\"2021-12-02T10:00:59+00:00\",\"dateModified\":\"2021-12-03T08:43:25+00:00\",\"breadcrumb\":{\"@id\":\"https:\/\/www.psib-psoe.org\/eivissa\/el-psoe-de-santa-eularia-considera-que-lalcaldessa-ha-de-donar-explicacions-publiques-pel-lloguer-dun-local-a-la-familia-dun-regidor-del-pp\/#breadcrumb\"},\"inLanguage\":\"ca\",\"potentialAction\":[{\"@type\":\"ReadAction\",\"target\":[\"https:\/\/www.psib-psoe.org\/eivissa\/el-psoe-de-santa-eularia-considera-que-lalcaldessa-ha-de-donar-explicacions-publiques-pel-lloguer-dun-local-a-la-familia-dun-regidor-del-pp\/\"]}]},{\"@type\":\"ImageObject\",\"inLanguage\":\"ca\",\"@id\":\"https:\/\/www.psib-psoe.org\/eivissa\/el-psoe-de-santa-eularia-considera-que-lalcaldessa-ha-de-donar-explicacions-publiques-pel-lloguer-dun-local-a-la-familia-dun-regidor-del-pp\/#primaryimage\",\"url\":\"https:\/\/www.psib-psoe.org\/eivissa\/wp-content\/uploads\/local-SS-santa-eularia.jpg\",\"contentUrl\":\"https:\/\/www.psib-psoe.org\/eivissa\/wp-content\/uploads\/local-SS-santa-eularia.jpg\",\"width\":492,\"height\":331},{\"@type\":\"BreadcrumbList\",\"@id\":\"https:\/\/www.psib-psoe.org\/eivissa\/el-psoe-de-santa-eularia-considera-que-lalcaldessa-ha-de-donar-explicacions-publiques-pel-lloguer-dun-local-a-la-familia-dun-regidor-del-pp\/#breadcrumb\",\"itemListElement\":[{\"@type\":\"ListItem\",\"position\":1,\"name\":\"Inici\",\"item\":\"https:\/\/www.psib-psoe.org\/eivissa\/\"},{\"@type\":\"ListItem\",\"position\":2,\"name\":\"El PSOE de Santa Eul\u00e0ria considera que l\u2019alcaldessa ha de donar explicacions p\u00fabliques pel lloguer d\u2019un local a la fam\u00edlia d\u2019un regidor del PP\"}]},{\"@type\":\"WebSite\",\"@id\":\"https:\/\/www.psib-psoe.org\/eivissa\/#website\",\"url\":\"https:\/\/www.psib-psoe.org\/eivissa\/\",\"name\":\"Federaci\u00f3 Socialista d'Eivissa\",\"description\":\"Socialistes d&#039;Eivissa\",\"publisher\":{\"@id\":\"https:\/\/www.psib-psoe.org\/eivissa\/#organization\"},\"potentialAction\":[{\"@type\":\"SearchAction\",\"target\":{\"@type\":\"EntryPoint\",\"urlTemplate\":\"https:\/\/www.psib-psoe.org\/eivissa\/?s={search_term_string}\"},\"query-input\":{\"@type\":\"PropertyValueSpecification\",\"valueRequired\":true,\"valueName\":\"search_term_string\"}}],\"inLanguage\":\"ca\"},{\"@type\":\"Organization\",\"@id\":\"https:\/\/www.psib-psoe.org\/eivissa\/#organization\",\"name\":\"Federaci\u00f3 Socialista d'Eivissa\",\"url\":\"https:\/\/www.psib-psoe.org\/eivissa\/\",\"logo\":{\"@type\":\"ImageObject\",\"inLanguage\":\"ca\",\"@id\":\"https:\/\/www.psib-psoe.org\/eivissa\/#\/schema\/logo\/image\/\",\"url\":\"https:\/\/www.psib-psoe.org\/eivissa\/wp-content\/uploads\/LOGO-FSE-SOCIALISTA-DEIVISSA-HORI.png\",\"contentUrl\":\"https:\/\/www.psib-psoe.org\/eivissa\/wp-content\/uploads\/LOGO-FSE-SOCIALISTA-DEIVISSA-HORI.png\",\"width\":6000,\"height\":3104,\"caption\":\"Federaci\u00f3 Socialista d'Eivissa\"},\"image\":{\"@id\":\"https:\/\/www.psib-psoe.org\/eivissa\/#\/schema\/logo\/image\/\"}},{\"@type\":\"Person\",\"@id\":\"https:\/\/www.psib-psoe.org\/eivissa\/#\/schema\/person\/7a9d2841fb36f32e34fc0e9b245e8117\",\"name\":\"Josep Ripoll\",\"sameAs\":[\"http:\/\/www.psib-psoe.org\/eivissa\/wp-login.php\"],\"url\":\"https:\/\/www.psib-psoe.org\/eivissa\/author\/josep\/\"}]}<\/script>\n<!-- \/ Yoast SEO plugin. -->","yoast_head_json":{"title":"El PSOE de Santa Eul\u00e0ria considera que l\u2019alcaldessa ha de donar explicacions p\u00fabliques pel lloguer d\u2019un local a la fam\u00edlia d\u2019un regidor del PP - Federaci\u00f3 Socialista d&#039;Eivissa","robots":{"index":"index","follow":"follow","max-snippet":"max-snippet:-1","max-image-preview":"max-image-preview:large","max-video-preview":"max-video-preview:-1"},"canonical":"https:\/\/www.psib-psoe.org\/eivissa\/el-psoe-de-santa-eularia-considera-que-lalcaldessa-ha-de-donar-explicacions-publiques-pel-lloguer-dun-local-a-la-familia-dun-regidor-del-pp\/","og_locale":"ca_ES","og_type":"article","og_title":"El PSOE de Santa Eul\u00e0ria considera que l\u2019alcaldessa ha de donar explicacions p\u00fabliques pel lloguer d\u2019un local a la fam\u00edlia d\u2019un regidor del PP - Federaci\u00f3 Socialista d&#039;Eivissa","og_description":"El grup municipal Socialista de Santa Eul\u00e0ria des Riu considera que l\u2019alcaldessa, Carmen Ferrer, ha de donar explicacions p\u00fabliques pel lloguer d\u2019un local a la fam\u00edlia d\u2019un regidor del PP. El contracte ha beneficiat la fam\u00edlia del tinent d\u2019alcalde Miquel Tur, a qui l\u2019ajuntament va llogar, ara fa un any, un local de 300 metres&hellip;","og_url":"https:\/\/www.psib-psoe.org\/eivissa\/el-psoe-de-santa-eularia-considera-que-lalcaldessa-ha-de-donar-explicacions-publiques-pel-lloguer-dun-local-a-la-familia-dun-regidor-del-pp\/","og_site_name":"Federaci\u00f3 Socialista d&#039;Eivissa","article_published_time":"2021-12-02T10:00:59+00:00","article_modified_time":"2021-12-03T08:43:25+00:00","og_image":[{"width":492,"height":331,"url":"https:\/\/www.psib-psoe.org\/eivissa\/wp-content\/uploads\/local-SS-santa-eularia.jpg","type":"image\/jpeg"}],"author":"Josep Ripoll","twitter_card":"summary_large_image","twitter_misc":{"Escrit per":"Josep Ripoll","Temps estimat de lectura":"2 minuts"},"schema":{"@context":"https:\/\/schema.org","@graph":[{"@type":["Article","BlogPosting"],"@id":"https:\/\/www.psib-psoe.org\/eivissa\/el-psoe-de-santa-eularia-considera-que-lalcaldessa-ha-de-donar-explicacions-publiques-pel-lloguer-dun-local-a-la-familia-dun-regidor-del-pp\/#article","isPartOf":{"@id":"https:\/\/www.psib-psoe.org\/eivissa\/el-psoe-de-santa-eularia-considera-que-lalcaldessa-ha-de-donar-explicacions-publiques-pel-lloguer-dun-local-a-la-familia-dun-regidor-del-pp\/"},"author":{"name":"Josep Ripoll","@id":"https:\/\/www.psib-psoe.org\/eivissa\/#\/schema\/person\/7a9d2841fb36f32e34fc0e9b245e8117"},"headline":"El PSOE de Santa Eul\u00e0ria considera que l\u2019alcaldessa ha de donar explicacions p\u00fabliques pel lloguer d\u2019un local a la fam\u00edlia d\u2019un regidor del PP","datePublished":"2021-12-02T10:00:59+00:00","dateModified":"2021-12-03T08:43:25+00:00","mainEntityOfPage":{"@id":"https:\/\/www.psib-psoe.org\/eivissa\/el-psoe-de-santa-eularia-considera-que-lalcaldessa-ha-de-donar-explicacions-publiques-pel-lloguer-dun-local-a-la-familia-dun-regidor-del-pp\/"},"wordCount":399,"publisher":{"@id":"https:\/\/www.psib-psoe.org\/eivissa\/#organization"},"image":{"@id":"https:\/\/www.psib-psoe.org\/eivissa\/el-psoe-de-santa-eularia-considera-que-lalcaldessa-ha-de-donar-explicacions-publiques-pel-lloguer-dun-local-a-la-familia-dun-regidor-del-pp\/#primaryimage"},"thumbnailUrl":"https:\/\/www.psib-psoe.org\/eivissa\/wp-content\/uploads\/local-SS-santa-eularia.jpg","articleSection":["Federaci\u00f3 d'Eivissa - Portada","Municipis","Santa Eul\u00e0ria des Riu"],"inLanguage":"ca"},{"@type":"WebPage","@id":"https:\/\/www.psib-psoe.org\/eivissa\/el-psoe-de-santa-eularia-considera-que-lalcaldessa-ha-de-donar-explicacions-publiques-pel-lloguer-dun-local-a-la-familia-dun-regidor-del-pp\/","url":"https:\/\/www.psib-psoe.org\/eivissa\/el-psoe-de-santa-eularia-considera-que-lalcaldessa-ha-de-donar-explicacions-publiques-pel-lloguer-dun-local-a-la-familia-dun-regidor-del-pp\/","name":"El PSOE de Santa Eul\u00e0ria considera que l\u2019alcaldessa ha de donar explicacions p\u00fabliques pel lloguer d\u2019un local a la fam\u00edlia d\u2019un regidor del PP - Federaci\u00f3 Socialista d&#039;Eivissa","isPartOf":{"@id":"https:\/\/www.psib-psoe.org\/eivissa\/#website"},"primaryImageOfPage":{"@id":"https:\/\/www.psib-psoe.org\/eivissa\/el-psoe-de-santa-eularia-considera-que-lalcaldessa-ha-de-donar-explicacions-publiques-pel-lloguer-dun-local-a-la-familia-dun-regidor-del-pp\/#primaryimage"},"image":{"@id":"https:\/\/www.psib-psoe.org\/eivissa\/el-psoe-de-santa-eularia-considera-que-lalcaldessa-ha-de-donar-explicacions-publiques-pel-lloguer-dun-local-a-la-familia-dun-regidor-del-pp\/#primaryimage"},"thumbnailUrl":"https:\/\/www.psib-psoe.org\/eivissa\/wp-content\/uploads\/local-SS-santa-eularia.jpg","datePublished":"2021-12-02T10:00:59+00:00","dateModified":"2021-12-03T08:43:25+00:00","breadcrumb":{"@id":"https:\/\/www.psib-psoe.org\/eivissa\/el-psoe-de-santa-eularia-considera-que-lalcaldessa-ha-de-donar-explicacions-publiques-pel-lloguer-dun-local-a-la-familia-dun-regidor-del-pp\/#breadcrumb"},"inLanguage":"ca","potentialAction":[{"@type":"ReadAction","target":["https:\/\/www.psib-psoe.org\/eivissa\/el-psoe-de-santa-eularia-considera-que-lalcaldessa-ha-de-donar-explicacions-publiques-pel-lloguer-dun-local-a-la-familia-dun-regidor-del-pp\/"]}]},{"@type":"ImageObject","inLanguage":"ca","@id":"https:\/\/www.psib-psoe.org\/eivissa\/el-psoe-de-santa-eularia-considera-que-lalcaldessa-ha-de-donar-explicacions-publiques-pel-lloguer-dun-local-a-la-familia-dun-regidor-del-pp\/#primaryimage","url":"https:\/\/www.psib-psoe.org\/eivissa\/wp-content\/uploads\/local-SS-santa-eularia.jpg","contentUrl":"https:\/\/www.psib-psoe.org\/eivissa\/wp-content\/uploads\/local-SS-santa-eularia.jpg","width":492,"height":331},{"@type":"BreadcrumbList","@id":"https:\/\/www.psib-psoe.org\/eivissa\/el-psoe-de-santa-eularia-considera-que-lalcaldessa-ha-de-donar-explicacions-publiques-pel-lloguer-dun-local-a-la-familia-dun-regidor-del-pp\/#breadcrumb","itemListElement":[{"@type":"ListItem","position":1,"name":"Inici","item":"https:\/\/www.psib-psoe.org\/eivissa\/"},{"@type":"ListItem","position":2,"name":"El PSOE de Santa Eul\u00e0ria considera que l\u2019alcaldessa ha de donar explicacions p\u00fabliques pel lloguer d\u2019un local a la fam\u00edlia d\u2019un regidor del PP"}]},{"@type":"WebSite","@id":"https:\/\/www.psib-psoe.org\/eivissa\/#website","url":"https:\/\/www.psib-psoe.org\/eivissa\/","name":"Federaci\u00f3 Socialista d'Eivissa","description":"Socialistes d&#039;Eivissa","publisher":{"@id":"https:\/\/www.psib-psoe.org\/eivissa\/#organization"},"potentialAction":[{"@type":"SearchAction","target":{"@type":"EntryPoint","urlTemplate":"https:\/\/www.psib-psoe.org\/eivissa\/?s={search_term_string}"},"query-input":{"@type":"PropertyValueSpecification","valueRequired":true,"valueName":"search_term_string"}}],"inLanguage":"ca"},{"@type":"Organization","@id":"https:\/\/www.psib-psoe.org\/eivissa\/#organization","name":"Federaci\u00f3 Socialista d'Eivissa","url":"https:\/\/www.psib-psoe.org\/eivissa\/","logo":{"@type":"ImageObject","inLanguage":"ca","@id":"https:\/\/www.psib-psoe.org\/eivissa\/#\/schema\/logo\/image\/","url":"https:\/\/www.psib-psoe.org\/eivissa\/wp-content\/uploads\/LOGO-FSE-SOCIALISTA-DEIVISSA-HORI.png","contentUrl":"https:\/\/www.psib-psoe.org\/eivissa\/wp-content\/uploads\/LOGO-FSE-SOCIALISTA-DEIVISSA-HORI.png","width":6000,"height":3104,"caption":"Federaci\u00f3 Socialista d'Eivissa"},"image":{"@id":"https:\/\/www.psib-psoe.org\/eivissa\/#\/schema\/logo\/image\/"}},{"@type":"Person","@id":"https:\/\/www.psib-psoe.org\/eivissa\/#\/schema\/person\/7a9d2841fb36f32e34fc0e9b245e8117","name":"Josep Ripoll","sameAs":["http:\/\/www.psib-psoe.org\/eivissa\/wp-login.php"],"url":"https:\/\/www.psib-psoe.org\/eivissa\/author\/josep\/"}]}},"_links":{"self":[{"href":"https:\/\/www.psib-psoe.org\/eivissa\/wp-json\/wp\/v2\/posts\/34801","targetHints":{"allow":["GET"]}}],"collection":[{"href":"https:\/\/www.psib-psoe.org\/eivissa\/wp-json\/wp\/v2\/posts"}],"about":[{"href":"https:\/\/www.psib-psoe.org\/eivissa\/wp-json\/wp\/v2\/types\/post"}],"author":[{"embeddable":true,"href":"https:\/\/www.psib-psoe.org\/eivissa\/wp-json\/wp\/v2\/users\/7"}],"replies":[{"embeddable":true,"href":"https:\/\/www.psib-psoe.org\/eivissa\/wp-json\/wp\/v2\/comments?post=34801"}],"version-history":[{"count":1,"href":"https:\/\/www.psib-psoe.org\/eivissa\/wp-json\/wp\/v2\/posts\/34801\/revisions"}],"predecessor-version":[{"id":34804,"href":"https:\/\/www.psib-psoe.org\/eivissa\/wp-json\/wp\/v2\/posts\/34801\/revisions\/34804"}],"wp:featuredmedia":[{"embeddable":true,"href":"https:\/\/www.psib-psoe.org\/eivissa\/wp-json\/wp\/v2\/media\/34802"}],"wp:attachment":[{"href":"https:\/\/www.psib-psoe.org\/eivissa\/wp-json\/wp\/v2\/media?parent=34801"}],"wp:term":[{"taxonomy":"category","embeddable":true,"href":"https:\/\/www.psib-psoe.org\/eivissa\/wp-json\/wp\/v2\/categories?post=34801"},{"taxonomy":"post_tag","embeddable":true,"href":"https:\/\/www.psib-psoe.org\/eivissa\/wp-json\/wp\/v2\/tags?post=34801"}],"curies":[{"name":"wp","href":"https:\/\/api.w.org\/{rel}","templated":true}]}}