{"id":34876,"date":"2021-12-23T11:00:10","date_gmt":"2021-12-23T09:00:10","guid":{"rendered":"https:\/\/www.psib-psoe.org\/eivissa\/?p=34876"},"modified":"2021-12-23T13:06:34","modified_gmt":"2021-12-23T11:06:34","slug":"josep-mari-ribas-reelegit-secretari-general-de-la-federacio-socialista-deivissa-amb-el-repte-de-recuperar-el-consell-insular-com-a-govern-progressista","status":"publish","type":"post","link":"https:\/\/www.psib-psoe.org\/eivissa\/josep-mari-ribas-reelegit-secretari-general-de-la-federacio-socialista-deivissa-amb-el-repte-de-recuperar-el-consell-insular-com-a-govern-progressista\/","title":{"rendered":"Josep Mar\u00ed Ribas, reelegit secretari general de la Federaci\u00f3 Socialista d&#8217;Eivissa amb el repte de &#8220;recuperar el Consell Insular com a govern progressista&#8221;"},"content":{"rendered":"<p>Josep Mar\u00ed Ribas ha set reelegit secretari general de la Federaci\u00f3 Socialista d&#8217;Eivissa (FSE-PSOE), despr\u00e9s de recollir el m\u00e0xim d\u2019avals necessaris i ser l&#8217;\u00fanic candidat que optava al c\u00e0rrec. La Comissi\u00f3 Executiva de la FSE-PSOE, reunida ahir a la tarda al Centre Cultural de Jes\u00fas, ha donat compte de la resoluci\u00f3 de la Comissi\u00f3 de Garanties, quedant Mar\u00ed Ribas proclamat secretari general, a l&#8217;espera de la celebraci\u00f3 del 5\u00e8 Congr\u00e9s del partit, que tendr\u00e0 lloc el 29 de gener, en qu\u00e8 es renovaran tots els \u00f2rgans i s&#8217;aprovar\u00e0 la pon\u00e8ncia pol\u00edtica per a la nova etapa.<\/p>\n<p>Mari Ribas ha manifestat el seu sentiment de &#8220;satisfacci\u00f3&#8221; i de &#8220;molta responsabilitat&#8221;, despr\u00e9s de rebre el m\u00e0xim d\u2019avals, que han estat dels secretaris generals de totes les agrupacions locals i dels dos alcaldes socialistes, Rafa Ruiz, \u00c1ngel Guerrero, Ram\u00f3n Roca, Pilar Ribas, Antonio Lorenzo, Pep Torres \u2018Peret\u2019, i d\u2019altres c\u00e0rrecs org\u00e0nics i institucionals com Pilar Costa, Sof\u00eda Hernanz, Vicent Torres &#8216;Benet&#8217; o Sim\u00f3n Planells, aix\u00ed com nombrosos militants de base de totes les agrupacions que tamb\u00e9 han volgut avalar la seua candidatura.<\/p>\n<p>Els objectius, ha dit, s\u00f3n que el conjunt del partit faci &#8220;m\u00e9s feina per representar m\u00e9s gent&#8221; i treballar en favor de &#8220;les necessitats de la ciutadania, del territori i del medi ambient&#8221;, amb un repte pol\u00edtic molt important de cara al 2023: &#8220;Recuperar el Consell Insular com a govern progressista d&#8217;Eivissa&#8221;.<\/p>\n<p><strong>Acte Solidari 2021<\/strong><br \/>\nEn finalitzar la reuni\u00f3 de la Comissi\u00f3 Executiva, la FSE-PSOE va celebrar al Centre Cultural de Jes\u00fas l&#8217;acte solidari anual amb motiu de les festes, que l&#8217;any passat no es va poder fer per la pand\u00e8mia. La recaptaci\u00f3 de l&#8217;acte es va destinar a l&#8217;associaci\u00f3 ADDIF (Associaci\u00f3 de Deporte Adaptado de Ibiza y Formentera), mentre que les Joventuts Socialistes van muntar una parada de la seua campanya de recollida de jugarois per al programa de fam\u00edlies de Creu Roja.<\/p>\n<p>L&#8217;acte va comptar amb la intervenci\u00f3 del mateix secretari general, Josep Mar\u00ed Ribas, del secretari d&#8217;Organitzaci\u00f3 de l&#8217;Agrupaci\u00f3 Socialista de Santa Eul\u00e0ria des Riu, Alan Ripoll Ribas, i de la consellera balear de Presid\u00e8ncia i secret\u00e0ria de Pol\u00edtica Auton\u00f2mica del PSIB-PSOE, Mercedes Garrido Rodr\u00edguez.<\/p>\n<p>En finalitzar, es va fer un homenatge a l&#8217;hist\u00f2ric militant de Santa Eul\u00e0ria Jaume Costa, militant des del 1979 i regidor durant dinou anys a l&#8217;ajuntament del seu municipi.<\/p>\n<p><img loading=\"lazy\" decoding=\"async\" class=\"alignnone wp-image-34879 \" src=\"https:\/\/www.psib-psoe.org\/eivissa\/wp-content\/uploads\/acte-josep-mari-ribas2-e1640257542154-1024x852.jpg\" alt=\"\" width=\"399\" height=\"332\" srcset=\"https:\/\/www.psib-psoe.org\/eivissa\/wp-content\/uploads\/acte-josep-mari-ribas2-e1640257542154-1024x852.jpg 1024w, https:\/\/www.psib-psoe.org\/eivissa\/wp-content\/uploads\/acte-josep-mari-ribas2-e1640257542154-300x250.jpg 300w, https:\/\/www.psib-psoe.org\/eivissa\/wp-content\/uploads\/acte-josep-mari-ribas2-e1640257542154-768x639.jpg 768w, https:\/\/www.psib-psoe.org\/eivissa\/wp-content\/uploads\/acte-josep-mari-ribas2-e1640257542154-380x315.jpg 380w, https:\/\/www.psib-psoe.org\/eivissa\/wp-content\/uploads\/acte-josep-mari-ribas2-e1640257542154-20x16.jpg 20w, https:\/\/www.psib-psoe.org\/eivissa\/wp-content\/uploads\/acte-josep-mari-ribas2-e1640257542154-150x125.jpg 150w, https:\/\/www.psib-psoe.org\/eivissa\/wp-content\/uploads\/acte-josep-mari-ribas2-e1640257542154-600x499.jpg 600w, https:\/\/www.psib-psoe.org\/eivissa\/wp-content\/uploads\/acte-josep-mari-ribas2-e1640257542154-900x749.jpg 900w, https:\/\/www.psib-psoe.org\/eivissa\/wp-content\/uploads\/acte-josep-mari-ribas2-e1640257542154-760x630.jpg 760w, https:\/\/www.psib-psoe.org\/eivissa\/wp-content\/uploads\/acte-josep-mari-ribas2-e1640257542154-1140x945.jpg 1140w\" sizes=\"auto, (max-width: 399px) 100vw, 399px\" \/><\/p>\n","protected":false},"excerpt":{"rendered":"<p>Josep Mar\u00ed Ribas ha set reelegit secretari general de la Federaci\u00f3 Socialista d&#8217;Eivissa (FSE-PSOE), despr\u00e9s de recollir el m\u00e0xim d\u2019avals necessaris i ser l&#8217;\u00fanic candidat que optava al c\u00e0rrec. La Comissi\u00f3 Executiva de la FSE-PSOE, reunida ahir a la tarda al Centre Cultural de Jes\u00fas, ha donat compte de la resoluci\u00f3 de la Comissi\u00f3 de&hellip;<\/p>\n","protected":false},"author":7,"featured_media":34877,"comment_status":"closed","ping_status":"closed","sticky":false,"template":"","format":"standard","meta":{"footnotes":""},"categories":[192,1],"tags":[],"class_list":["post-34876","post","type-post","status-publish","format-standard","has-post-thumbnail","hentry","category-consell-deivissa","category-federacio-de-eivissa-portada"],"yoast_head":"<!-- This site is optimized with the Yoast SEO plugin v26.9 - https:\/\/yoast.com\/product\/yoast-seo-wordpress\/ -->\n<title>Josep Mar\u00ed Ribas, reelegit secretari general de la Federaci\u00f3 Socialista d&#039;Eivissa amb el repte de &quot;recuperar el Consell Insular com a govern progressista&quot; - Federaci\u00f3 Socialista d&#039;Eivissa<\/title>\n<meta name=\"robots\" content=\"index, follow, max-snippet:-1, max-image-preview:large, max-video-preview:-1\" \/>\n<link rel=\"canonical\" href=\"https:\/\/www.psib-psoe.org\/eivissa\/josep-mari-ribas-reelegit-secretari-general-de-la-federacio-socialista-deivissa-amb-el-repte-de-recuperar-el-consell-insular-com-a-govern-progressista\/\" \/>\n<meta property=\"og:locale\" content=\"ca_ES\" \/>\n<meta property=\"og:type\" content=\"article\" \/>\n<meta property=\"og:title\" content=\"Josep Mar\u00ed Ribas, reelegit secretari general de la Federaci\u00f3 Socialista d&#039;Eivissa amb el repte de &quot;recuperar el Consell Insular com a govern progressista&quot; - Federaci\u00f3 Socialista d&#039;Eivissa\" \/>\n<meta property=\"og:description\" content=\"Josep Mar\u00ed Ribas ha set reelegit secretari general de la Federaci\u00f3 Socialista d&#8217;Eivissa (FSE-PSOE), despr\u00e9s de recollir el m\u00e0xim d\u2019avals necessaris i ser l&#8217;\u00fanic candidat que optava al c\u00e0rrec. La Comissi\u00f3 Executiva de la FSE-PSOE, reunida ahir a la tarda al Centre Cultural de Jes\u00fas, ha donat compte de la resoluci\u00f3 de la Comissi\u00f3 de&hellip;\" \/>\n<meta property=\"og:url\" content=\"https:\/\/www.psib-psoe.org\/eivissa\/josep-mari-ribas-reelegit-secretari-general-de-la-federacio-socialista-deivissa-amb-el-repte-de-recuperar-el-consell-insular-com-a-govern-progressista\/\" \/>\n<meta property=\"og:site_name\" content=\"Federaci\u00f3 Socialista d&#039;Eivissa\" \/>\n<meta property=\"article:published_time\" content=\"2021-12-23T09:00:10+00:00\" \/>\n<meta property=\"article:modified_time\" content=\"2021-12-23T11:06:34+00:00\" \/>\n<meta property=\"og:image\" content=\"https:\/\/www.psib-psoe.org\/eivissa\/wp-content\/uploads\/acte-josep-mari-ribas1.jpg\" \/>\n\t<meta property=\"og:image:width\" content=\"1920\" \/>\n\t<meta property=\"og:image:height\" content=\"1080\" \/>\n\t<meta property=\"og:image:type\" content=\"image\/jpeg\" \/>\n<meta name=\"author\" content=\"Josep Ripoll\" \/>\n<meta name=\"twitter:card\" content=\"summary_large_image\" \/>\n<meta name=\"twitter:label1\" content=\"Escrit per\" \/>\n\t<meta name=\"twitter:data1\" content=\"Josep Ripoll\" \/>\n\t<meta name=\"twitter:label2\" content=\"Temps estimat de lectura\" \/>\n\t<meta name=\"twitter:data2\" content=\"2 minuts\" \/>\n<script type=\"application\/ld+json\" class=\"yoast-schema-graph\">{\"@context\":\"https:\/\/schema.org\",\"@graph\":[{\"@type\":[\"Article\",\"BlogPosting\"],\"@id\":\"https:\/\/www.psib-psoe.org\/eivissa\/josep-mari-ribas-reelegit-secretari-general-de-la-federacio-socialista-deivissa-amb-el-repte-de-recuperar-el-consell-insular-com-a-govern-progressista\/#article\",\"isPartOf\":{\"@id\":\"https:\/\/www.psib-psoe.org\/eivissa\/josep-mari-ribas-reelegit-secretari-general-de-la-federacio-socialista-deivissa-amb-el-repte-de-recuperar-el-consell-insular-com-a-govern-progressista\/\"},\"author\":{\"name\":\"Josep Ripoll\",\"@id\":\"https:\/\/www.psib-psoe.org\/eivissa\/#\/schema\/person\/7a9d2841fb36f32e34fc0e9b245e8117\"},\"headline\":\"Josep Mar\u00ed Ribas, reelegit secretari general de la Federaci\u00f3 Socialista d&#8217;Eivissa amb el repte de &#8220;recuperar el Consell Insular com a govern progressista&#8221;\",\"datePublished\":\"2021-12-23T09:00:10+00:00\",\"dateModified\":\"2021-12-23T11:06:34+00:00\",\"mainEntityOfPage\":{\"@id\":\"https:\/\/www.psib-psoe.org\/eivissa\/josep-mari-ribas-reelegit-secretari-general-de-la-federacio-socialista-deivissa-amb-el-repte-de-recuperar-el-consell-insular-com-a-govern-progressista\/\"},\"wordCount\":437,\"publisher\":{\"@id\":\"https:\/\/www.psib-psoe.org\/eivissa\/#organization\"},\"image\":{\"@id\":\"https:\/\/www.psib-psoe.org\/eivissa\/josep-mari-ribas-reelegit-secretari-general-de-la-federacio-socialista-deivissa-amb-el-repte-de-recuperar-el-consell-insular-com-a-govern-progressista\/#primaryimage\"},\"thumbnailUrl\":\"https:\/\/www.psib-psoe.org\/eivissa\/wp-content\/uploads\/acte-josep-mari-ribas1.jpg\",\"articleSection\":[\"Consell d'Eivissa\",\"Federaci\u00f3 d'Eivissa - Portada\"],\"inLanguage\":\"ca\"},{\"@type\":\"WebPage\",\"@id\":\"https:\/\/www.psib-psoe.org\/eivissa\/josep-mari-ribas-reelegit-secretari-general-de-la-federacio-socialista-deivissa-amb-el-repte-de-recuperar-el-consell-insular-com-a-govern-progressista\/\",\"url\":\"https:\/\/www.psib-psoe.org\/eivissa\/josep-mari-ribas-reelegit-secretari-general-de-la-federacio-socialista-deivissa-amb-el-repte-de-recuperar-el-consell-insular-com-a-govern-progressista\/\",\"name\":\"Josep Mar\u00ed Ribas, reelegit secretari general de la Federaci\u00f3 Socialista d'Eivissa amb el repte de \\\"recuperar el Consell Insular com a govern progressista\\\" - Federaci\u00f3 Socialista d&#039;Eivissa\",\"isPartOf\":{\"@id\":\"https:\/\/www.psib-psoe.org\/eivissa\/#website\"},\"primaryImageOfPage\":{\"@id\":\"https:\/\/www.psib-psoe.org\/eivissa\/josep-mari-ribas-reelegit-secretari-general-de-la-federacio-socialista-deivissa-amb-el-repte-de-recuperar-el-consell-insular-com-a-govern-progressista\/#primaryimage\"},\"image\":{\"@id\":\"https:\/\/www.psib-psoe.org\/eivissa\/josep-mari-ribas-reelegit-secretari-general-de-la-federacio-socialista-deivissa-amb-el-repte-de-recuperar-el-consell-insular-com-a-govern-progressista\/#primaryimage\"},\"thumbnailUrl\":\"https:\/\/www.psib-psoe.org\/eivissa\/wp-content\/uploads\/acte-josep-mari-ribas1.jpg\",\"datePublished\":\"2021-12-23T09:00:10+00:00\",\"dateModified\":\"2021-12-23T11:06:34+00:00\",\"breadcrumb\":{\"@id\":\"https:\/\/www.psib-psoe.org\/eivissa\/josep-mari-ribas-reelegit-secretari-general-de-la-federacio-socialista-deivissa-amb-el-repte-de-recuperar-el-consell-insular-com-a-govern-progressista\/#breadcrumb\"},\"inLanguage\":\"ca\",\"potentialAction\":[{\"@type\":\"ReadAction\",\"target\":[\"https:\/\/www.psib-psoe.org\/eivissa\/josep-mari-ribas-reelegit-secretari-general-de-la-federacio-socialista-deivissa-amb-el-repte-de-recuperar-el-consell-insular-com-a-govern-progressista\/\"]}]},{\"@type\":\"ImageObject\",\"inLanguage\":\"ca\",\"@id\":\"https:\/\/www.psib-psoe.org\/eivissa\/josep-mari-ribas-reelegit-secretari-general-de-la-federacio-socialista-deivissa-amb-el-repte-de-recuperar-el-consell-insular-com-a-govern-progressista\/#primaryimage\",\"url\":\"https:\/\/www.psib-psoe.org\/eivissa\/wp-content\/uploads\/acte-josep-mari-ribas1.jpg\",\"contentUrl\":\"https:\/\/www.psib-psoe.org\/eivissa\/wp-content\/uploads\/acte-josep-mari-ribas1.jpg\",\"width\":1920,\"height\":1080},{\"@type\":\"BreadcrumbList\",\"@id\":\"https:\/\/www.psib-psoe.org\/eivissa\/josep-mari-ribas-reelegit-secretari-general-de-la-federacio-socialista-deivissa-amb-el-repte-de-recuperar-el-consell-insular-com-a-govern-progressista\/#breadcrumb\",\"itemListElement\":[{\"@type\":\"ListItem\",\"position\":1,\"name\":\"Inici\",\"item\":\"https:\/\/www.psib-psoe.org\/eivissa\/\"},{\"@type\":\"ListItem\",\"position\":2,\"name\":\"Josep Mar\u00ed Ribas, reelegit secretari general de la Federaci\u00f3 Socialista d&#8217;Eivissa amb el repte de &#8220;recuperar el Consell Insular com a govern progressista&#8221;\"}]},{\"@type\":\"WebSite\",\"@id\":\"https:\/\/www.psib-psoe.org\/eivissa\/#website\",\"url\":\"https:\/\/www.psib-psoe.org\/eivissa\/\",\"name\":\"Federaci\u00f3 Socialista d'Eivissa\",\"description\":\"Socialistes d&#039;Eivissa\",\"publisher\":{\"@id\":\"https:\/\/www.psib-psoe.org\/eivissa\/#organization\"},\"potentialAction\":[{\"@type\":\"SearchAction\",\"target\":{\"@type\":\"EntryPoint\",\"urlTemplate\":\"https:\/\/www.psib-psoe.org\/eivissa\/?s={search_term_string}\"},\"query-input\":{\"@type\":\"PropertyValueSpecification\",\"valueRequired\":true,\"valueName\":\"search_term_string\"}}],\"inLanguage\":\"ca\"},{\"@type\":\"Organization\",\"@id\":\"https:\/\/www.psib-psoe.org\/eivissa\/#organization\",\"name\":\"Federaci\u00f3 Socialista d'Eivissa\",\"url\":\"https:\/\/www.psib-psoe.org\/eivissa\/\",\"logo\":{\"@type\":\"ImageObject\",\"inLanguage\":\"ca\",\"@id\":\"https:\/\/www.psib-psoe.org\/eivissa\/#\/schema\/logo\/image\/\",\"url\":\"https:\/\/www.psib-psoe.org\/eivissa\/wp-content\/uploads\/LOGO-FSE-SOCIALISTA-DEIVISSA-HORI.png\",\"contentUrl\":\"https:\/\/www.psib-psoe.org\/eivissa\/wp-content\/uploads\/LOGO-FSE-SOCIALISTA-DEIVISSA-HORI.png\",\"width\":6000,\"height\":3104,\"caption\":\"Federaci\u00f3 Socialista d'Eivissa\"},\"image\":{\"@id\":\"https:\/\/www.psib-psoe.org\/eivissa\/#\/schema\/logo\/image\/\"}},{\"@type\":\"Person\",\"@id\":\"https:\/\/www.psib-psoe.org\/eivissa\/#\/schema\/person\/7a9d2841fb36f32e34fc0e9b245e8117\",\"name\":\"Josep Ripoll\",\"sameAs\":[\"http:\/\/www.psib-psoe.org\/eivissa\/wp-login.php\"],\"url\":\"https:\/\/www.psib-psoe.org\/eivissa\/author\/josep\/\"}]}<\/script>\n<!-- \/ Yoast SEO plugin. -->","yoast_head_json":{"title":"Josep Mar\u00ed Ribas, reelegit secretari general de la Federaci\u00f3 Socialista d'Eivissa amb el repte de \"recuperar el Consell Insular com a govern progressista\" - Federaci\u00f3 Socialista d&#039;Eivissa","robots":{"index":"index","follow":"follow","max-snippet":"max-snippet:-1","max-image-preview":"max-image-preview:large","max-video-preview":"max-video-preview:-1"},"canonical":"https:\/\/www.psib-psoe.org\/eivissa\/josep-mari-ribas-reelegit-secretari-general-de-la-federacio-socialista-deivissa-amb-el-repte-de-recuperar-el-consell-insular-com-a-govern-progressista\/","og_locale":"ca_ES","og_type":"article","og_title":"Josep Mar\u00ed Ribas, reelegit secretari general de la Federaci\u00f3 Socialista d'Eivissa amb el repte de \"recuperar el Consell Insular com a govern progressista\" - Federaci\u00f3 Socialista d&#039;Eivissa","og_description":"Josep Mar\u00ed Ribas ha set reelegit secretari general de la Federaci\u00f3 Socialista d&#8217;Eivissa (FSE-PSOE), despr\u00e9s de recollir el m\u00e0xim d\u2019avals necessaris i ser l&#8217;\u00fanic candidat que optava al c\u00e0rrec. La Comissi\u00f3 Executiva de la FSE-PSOE, reunida ahir a la tarda al Centre Cultural de Jes\u00fas, ha donat compte de la resoluci\u00f3 de la Comissi\u00f3 de&hellip;","og_url":"https:\/\/www.psib-psoe.org\/eivissa\/josep-mari-ribas-reelegit-secretari-general-de-la-federacio-socialista-deivissa-amb-el-repte-de-recuperar-el-consell-insular-com-a-govern-progressista\/","og_site_name":"Federaci\u00f3 Socialista d&#039;Eivissa","article_published_time":"2021-12-23T09:00:10+00:00","article_modified_time":"2021-12-23T11:06:34+00:00","og_image":[{"width":1920,"height":1080,"url":"https:\/\/www.psib-psoe.org\/eivissa\/wp-content\/uploads\/acte-josep-mari-ribas1.jpg","type":"image\/jpeg"}],"author":"Josep Ripoll","twitter_card":"summary_large_image","twitter_misc":{"Escrit per":"Josep Ripoll","Temps estimat de lectura":"2 minuts"},"schema":{"@context":"https:\/\/schema.org","@graph":[{"@type":["Article","BlogPosting"],"@id":"https:\/\/www.psib-psoe.org\/eivissa\/josep-mari-ribas-reelegit-secretari-general-de-la-federacio-socialista-deivissa-amb-el-repte-de-recuperar-el-consell-insular-com-a-govern-progressista\/#article","isPartOf":{"@id":"https:\/\/www.psib-psoe.org\/eivissa\/josep-mari-ribas-reelegit-secretari-general-de-la-federacio-socialista-deivissa-amb-el-repte-de-recuperar-el-consell-insular-com-a-govern-progressista\/"},"author":{"name":"Josep Ripoll","@id":"https:\/\/www.psib-psoe.org\/eivissa\/#\/schema\/person\/7a9d2841fb36f32e34fc0e9b245e8117"},"headline":"Josep Mar\u00ed Ribas, reelegit secretari general de la Federaci\u00f3 Socialista d&#8217;Eivissa amb el repte de &#8220;recuperar el Consell Insular com a govern progressista&#8221;","datePublished":"2021-12-23T09:00:10+00:00","dateModified":"2021-12-23T11:06:34+00:00","mainEntityOfPage":{"@id":"https:\/\/www.psib-psoe.org\/eivissa\/josep-mari-ribas-reelegit-secretari-general-de-la-federacio-socialista-deivissa-amb-el-repte-de-recuperar-el-consell-insular-com-a-govern-progressista\/"},"wordCount":437,"publisher":{"@id":"https:\/\/www.psib-psoe.org\/eivissa\/#organization"},"image":{"@id":"https:\/\/www.psib-psoe.org\/eivissa\/josep-mari-ribas-reelegit-secretari-general-de-la-federacio-socialista-deivissa-amb-el-repte-de-recuperar-el-consell-insular-com-a-govern-progressista\/#primaryimage"},"thumbnailUrl":"https:\/\/www.psib-psoe.org\/eivissa\/wp-content\/uploads\/acte-josep-mari-ribas1.jpg","articleSection":["Consell d'Eivissa","Federaci\u00f3 d'Eivissa - Portada"],"inLanguage":"ca"},{"@type":"WebPage","@id":"https:\/\/www.psib-psoe.org\/eivissa\/josep-mari-ribas-reelegit-secretari-general-de-la-federacio-socialista-deivissa-amb-el-repte-de-recuperar-el-consell-insular-com-a-govern-progressista\/","url":"https:\/\/www.psib-psoe.org\/eivissa\/josep-mari-ribas-reelegit-secretari-general-de-la-federacio-socialista-deivissa-amb-el-repte-de-recuperar-el-consell-insular-com-a-govern-progressista\/","name":"Josep Mar\u00ed Ribas, reelegit secretari general de la Federaci\u00f3 Socialista d'Eivissa amb el repte de \"recuperar el Consell Insular com a govern progressista\" - Federaci\u00f3 Socialista d&#039;Eivissa","isPartOf":{"@id":"https:\/\/www.psib-psoe.org\/eivissa\/#website"},"primaryImageOfPage":{"@id":"https:\/\/www.psib-psoe.org\/eivissa\/josep-mari-ribas-reelegit-secretari-general-de-la-federacio-socialista-deivissa-amb-el-repte-de-recuperar-el-consell-insular-com-a-govern-progressista\/#primaryimage"},"image":{"@id":"https:\/\/www.psib-psoe.org\/eivissa\/josep-mari-ribas-reelegit-secretari-general-de-la-federacio-socialista-deivissa-amb-el-repte-de-recuperar-el-consell-insular-com-a-govern-progressista\/#primaryimage"},"thumbnailUrl":"https:\/\/www.psib-psoe.org\/eivissa\/wp-content\/uploads\/acte-josep-mari-ribas1.jpg","datePublished":"2021-12-23T09:00:10+00:00","dateModified":"2021-12-23T11:06:34+00:00","breadcrumb":{"@id":"https:\/\/www.psib-psoe.org\/eivissa\/josep-mari-ribas-reelegit-secretari-general-de-la-federacio-socialista-deivissa-amb-el-repte-de-recuperar-el-consell-insular-com-a-govern-progressista\/#breadcrumb"},"inLanguage":"ca","potentialAction":[{"@type":"ReadAction","target":["https:\/\/www.psib-psoe.org\/eivissa\/josep-mari-ribas-reelegit-secretari-general-de-la-federacio-socialista-deivissa-amb-el-repte-de-recuperar-el-consell-insular-com-a-govern-progressista\/"]}]},{"@type":"ImageObject","inLanguage":"ca","@id":"https:\/\/www.psib-psoe.org\/eivissa\/josep-mari-ribas-reelegit-secretari-general-de-la-federacio-socialista-deivissa-amb-el-repte-de-recuperar-el-consell-insular-com-a-govern-progressista\/#primaryimage","url":"https:\/\/www.psib-psoe.org\/eivissa\/wp-content\/uploads\/acte-josep-mari-ribas1.jpg","contentUrl":"https:\/\/www.psib-psoe.org\/eivissa\/wp-content\/uploads\/acte-josep-mari-ribas1.jpg","width":1920,"height":1080},{"@type":"BreadcrumbList","@id":"https:\/\/www.psib-psoe.org\/eivissa\/josep-mari-ribas-reelegit-secretari-general-de-la-federacio-socialista-deivissa-amb-el-repte-de-recuperar-el-consell-insular-com-a-govern-progressista\/#breadcrumb","itemListElement":[{"@type":"ListItem","position":1,"name":"Inici","item":"https:\/\/www.psib-psoe.org\/eivissa\/"},{"@type":"ListItem","position":2,"name":"Josep Mar\u00ed Ribas, reelegit secretari general de la Federaci\u00f3 Socialista d&#8217;Eivissa amb el repte de &#8220;recuperar el Consell Insular com a govern progressista&#8221;"}]},{"@type":"WebSite","@id":"https:\/\/www.psib-psoe.org\/eivissa\/#website","url":"https:\/\/www.psib-psoe.org\/eivissa\/","name":"Federaci\u00f3 Socialista d'Eivissa","description":"Socialistes d&#039;Eivissa","publisher":{"@id":"https:\/\/www.psib-psoe.org\/eivissa\/#organization"},"potentialAction":[{"@type":"SearchAction","target":{"@type":"EntryPoint","urlTemplate":"https:\/\/www.psib-psoe.org\/eivissa\/?s={search_term_string}"},"query-input":{"@type":"PropertyValueSpecification","valueRequired":true,"valueName":"search_term_string"}}],"inLanguage":"ca"},{"@type":"Organization","@id":"https:\/\/www.psib-psoe.org\/eivissa\/#organization","name":"Federaci\u00f3 Socialista d'Eivissa","url":"https:\/\/www.psib-psoe.org\/eivissa\/","logo":{"@type":"ImageObject","inLanguage":"ca","@id":"https:\/\/www.psib-psoe.org\/eivissa\/#\/schema\/logo\/image\/","url":"https:\/\/www.psib-psoe.org\/eivissa\/wp-content\/uploads\/LOGO-FSE-SOCIALISTA-DEIVISSA-HORI.png","contentUrl":"https:\/\/www.psib-psoe.org\/eivissa\/wp-content\/uploads\/LOGO-FSE-SOCIALISTA-DEIVISSA-HORI.png","width":6000,"height":3104,"caption":"Federaci\u00f3 Socialista d'Eivissa"},"image":{"@id":"https:\/\/www.psib-psoe.org\/eivissa\/#\/schema\/logo\/image\/"}},{"@type":"Person","@id":"https:\/\/www.psib-psoe.org\/eivissa\/#\/schema\/person\/7a9d2841fb36f32e34fc0e9b245e8117","name":"Josep Ripoll","sameAs":["http:\/\/www.psib-psoe.org\/eivissa\/wp-login.php"],"url":"https:\/\/www.psib-psoe.org\/eivissa\/author\/josep\/"}]}},"_links":{"self":[{"href":"https:\/\/www.psib-psoe.org\/eivissa\/wp-json\/wp\/v2\/posts\/34876","targetHints":{"allow":["GET"]}}],"collection":[{"href":"https:\/\/www.psib-psoe.org\/eivissa\/wp-json\/wp\/v2\/posts"}],"about":[{"href":"https:\/\/www.psib-psoe.org\/eivissa\/wp-json\/wp\/v2\/types\/post"}],"author":[{"embeddable":true,"href":"https:\/\/www.psib-psoe.org\/eivissa\/wp-json\/wp\/v2\/users\/7"}],"replies":[{"embeddable":true,"href":"https:\/\/www.psib-psoe.org\/eivissa\/wp-json\/wp\/v2\/comments?post=34876"}],"version-history":[{"count":3,"href":"https:\/\/www.psib-psoe.org\/eivissa\/wp-json\/wp\/v2\/posts\/34876\/revisions"}],"predecessor-version":[{"id":34956,"href":"https:\/\/www.psib-psoe.org\/eivissa\/wp-json\/wp\/v2\/posts\/34876\/revisions\/34956"}],"wp:featuredmedia":[{"embeddable":true,"href":"https:\/\/www.psib-psoe.org\/eivissa\/wp-json\/wp\/v2\/media\/34877"}],"wp:attachment":[{"href":"https:\/\/www.psib-psoe.org\/eivissa\/wp-json\/wp\/v2\/media?parent=34876"}],"wp:term":[{"taxonomy":"category","embeddable":true,"href":"https:\/\/www.psib-psoe.org\/eivissa\/wp-json\/wp\/v2\/categories?post=34876"},{"taxonomy":"post_tag","embeddable":true,"href":"https:\/\/www.psib-psoe.org\/eivissa\/wp-json\/wp\/v2\/tags?post=34876"}],"curies":[{"name":"wp","href":"https:\/\/api.w.org\/{rel}","templated":true}]}}