{"id":34969,"date":"2022-01-27T11:30:26","date_gmt":"2022-01-27T09:30:26","guid":{"rendered":"https:\/\/www.psib-psoe.org\/eivissa\/?p=34969"},"modified":"2022-01-27T10:18:03","modified_gmt":"2022-01-27T08:18:03","slug":"psoe-reinicia-denuncia-el-tracte-de-favor-de-marcos-serra-a-javier-verdugo-premiant-lo-amb-un-salari-de-mes-de-50-000-euros-i-exigeix-%e2%80%8b%e2%80%8blescrupolos-compliment-de-la-legalitat-en-la","status":"publish","type":"post","link":"https:\/\/www.psib-psoe.org\/eivissa\/psoe-reinicia-denuncia-el-tracte-de-favor-de-marcos-serra-a-javier-verdugo-premiant-lo-amb-un-salari-de-mes-de-50-000-euros-i-exigeix-%e2%80%8b%e2%80%8blescrupolos-compliment-de-la-legalitat-en-la\/","title":{"rendered":"PSOE-Reinicia denuncia el tracte de favor de Marcos Serra a Javier Verdugo, premiant-lo amb un salari de m\u00e9s de 50.000 euros"},"content":{"rendered":"<p><span style=\"font-weight: 400;\">El grup municipal PSOE-Reinicia denuncia la pol\u00edtica de tracte de favor de l&#8217;alcalde de Sant Antoni de Portmany, Marcos Serra, a l&#8217;excap de la Policia Local: S&#8217;ha demostrat que es va negar a convocar la pla\u00e7a de cap per beneficiar Javier Verdugo, fins que aquest pogu\u00e9s accedir a la segona activitat sense destinaci\u00f3, amb un salari de m\u00e9s de 50.000 euros cada any. Al ple de setembre de 2021, PSOE-Reinicia va demanar el cessament de Javier Verdugo com a cap de la Policia Local de Sant Antoni, despr\u00e9s de la sent\u00e8ncia judicial que, a m\u00e9s d&#8217;absoldre l&#8217;exregidor A\u00edda Alcaraz, va posar en evid\u00e8ncia les irregularitats i la nefasta gesti\u00f3 d\u2019aquest al capdavant de la prefectura del cos.<\/span><\/p>\n<p><span style=\"font-weight: 400;\">El Partit Popular es va negar a cessar Verdugo, i ara s&#8217;ha demostrat el veritable motiu, que ja va advertir al seu moment el grup PSOE-Reinicia: L&#8217;ajuntament volia esperar que Verdugo es pogu\u00e9s acollir a la segona activitat sense destinaci\u00f3, un vestit a mida per premiar-lo amb retribucions de m\u00e9s de 50.000 euros a l&#8217;any, en recompensa a la seva actuaci\u00f3 com a arma llanc\u00edvola contra l&#8217;anterior govern progressista de Sant Antoni, amb les seves den\u00fancies que s&#8217;han demostrat totalment infundades contra l&#8217;exregidor socialista.<\/span><\/p>\n<p><span style=\"font-weight: 400;\">El vestit a mida a Javier Verdugo per part del PP va comen\u00e7ar el mateix dia que el van nomenar il\u00b7legalment com a inspector, sense tenir la titulaci\u00f3 universit\u00e0ria requerida, que va tenir lloc baix el mandat de l\u2019exalcalde Pepe Sala i amb l&#8217;actual regidor Neus Mateu com a c\u00e0rrec de confian\u00e7a.<\/span><\/p>\n<p><span style=\"font-weight: 400;\">El que ara preocupa a PSOE-Reinicia, i en all\u00f2 que aquest grup estar\u00e0 vigilant, \u00e9s que s&#8217;inici\u00ef el proc\u00e9s que legalment est\u00e0 establert per nomenar la nova prefectura de la Policia de Sant Antoni.<\/span><\/p>\n<p><span style=\"font-weight: 400;\">El lloc de direcci\u00f3 de Policia Local compta amb la corresponent fitxa de Relaci\u00f3 de Llocs de Treball (RLT) des de juny de 2019, el qual el PP s&#8217;ha negat a convocar, malgrat estar obligats a fer-ho, com legalment s&#8217;estableix a la Llei de Coordinaci\u00f3 de Policies Locals, amb la publicaci\u00f3 corresponent del proc\u00e9s perqu\u00e8 les persones candidates puguin presentar la seua inscripci\u00f3 i l&#8217;acreditaci\u00f3 del compliment dels requisits (entre ells tenir la titulaci\u00f3 universit\u00e0ria, llicenciatura o grau).<\/span><\/p>\n<p><span style=\"font-weight: 400;\">En tot aquest temps no ho han fet perqu\u00e8 volien esperar que Javier Verdugo compl\u00eds amb els requisits necessaris per acollir-se a la segona activitat sense destinaci\u00f3, a m\u00e9s de voler evitar que hi hagu\u00e9s un coneixement p\u00fablic que aquesta persona no tenia la capacitaci\u00f3 exigida de titulaci\u00f3 universit\u00e0ria.<\/span><\/p>\n<p><span style=\"font-weight: 400;\">Amb l&#8217;\u00fanica finalitat de confondre els ciutadans i les ciutadanes i amagar la veritat que hi ha darrere del proc\u00e9s de nomenament d&#8217;una nova prefectura, l&#8217;Ajuntament de Sant Antoni barreja processos que no tenen res a veure, mentint i enganyant. En el comunicat d&#8217;avui parlen d&#8217;una pla\u00e7a de subinspector, a la qual segons ells es poden presentar sis oficials de la plantilla, proc\u00e9s que no t\u00e9 res a veure amb convocar el lloc de prefectura.<\/span><\/p>\n<p><span style=\"font-weight: 400;\">PSOE-Reinicia no parla de la pla\u00e7a de subinspector, que est\u00e0 dins de la plantilla org\u00e0nica i que est\u00e0 vacant des del 2020, per raons que tampoc no han explicat. El que ara preocupa el grup progressista, i en el que estarem molt vigilants, \u00e9s que s&#8217;inici\u00ef el proc\u00e9s que legalment est\u00e0 establert per nomenar la nova prefectura, per la qual cosa ja s&#8217;ha demanat acc\u00e9s a l&#8217;expedient (del proc\u00e9s de lliure designaci\u00f3 de la prefectura), que segons la regidora Neus Mateu ja est\u00e0 obert.<\/span><\/p>\n<p><span style=\"font-weight: 400;\">El grup progressista estar\u00e0 pendent que es compleixi la legalitat d&#8217;una forma escrupolosa, i que no passi un altre nomenament irregular com al seu dia van fer amb Verdugo.<\/span><\/p>\n","protected":false},"excerpt":{"rendered":"<p>El grup municipal PSOE-Reinicia denuncia la pol\u00edtica de tracte de favor de l&#8217;alcalde de Sant Antoni de Portmany, Marcos Serra, a l&#8217;excap de la Policia Local: S&#8217;ha demostrat que es va negar a convocar la pla\u00e7a de cap per beneficiar Javier Verdugo, fins que aquest pogu\u00e9s accedir a la segona activitat sense destinaci\u00f3, amb un&hellip;<\/p>\n","protected":false},"author":7,"featured_media":27100,"comment_status":"closed","ping_status":"closed","sticky":false,"template":"","format":"standard","meta":{"footnotes":""},"categories":[1,234,188],"tags":[],"class_list":["post-34969","post","type-post","status-publish","format-standard","has-post-thumbnail","hentry","category-federacio-de-eivissa-portada","category-municipis","category-sant-antoni-de-portmany"],"yoast_head":"<!-- This site is optimized with the Yoast SEO plugin v26.9 - https:\/\/yoast.com\/product\/yoast-seo-wordpress\/ -->\n<title>PSOE-Reinicia denuncia el tracte de favor de Marcos Serra a Javier Verdugo, premiant-lo amb un salari de m\u00e9s de 50.000 euros - Federaci\u00f3 Socialista d&#039;Eivissa<\/title>\n<meta name=\"robots\" content=\"index, follow, max-snippet:-1, max-image-preview:large, max-video-preview:-1\" \/>\n<link rel=\"canonical\" href=\"https:\/\/www.psib-psoe.org\/eivissa\/psoe-reinicia-denuncia-el-tracte-de-favor-de-marcos-serra-a-javier-verdugo-premiant-lo-amb-un-salari-de-mes-de-50-000-euros-i-exigeix-\u200b\u200blescrupolos-compliment-de-la-legalitat-en-la\/\" \/>\n<meta property=\"og:locale\" content=\"ca_ES\" \/>\n<meta property=\"og:type\" content=\"article\" \/>\n<meta property=\"og:title\" content=\"PSOE-Reinicia denuncia el tracte de favor de Marcos Serra a Javier Verdugo, premiant-lo amb un salari de m\u00e9s de 50.000 euros - Federaci\u00f3 Socialista d&#039;Eivissa\" \/>\n<meta property=\"og:description\" content=\"El grup municipal PSOE-Reinicia denuncia la pol\u00edtica de tracte de favor de l&#8217;alcalde de Sant Antoni de Portmany, Marcos Serra, a l&#8217;excap de la Policia Local: S&#8217;ha demostrat que es va negar a convocar la pla\u00e7a de cap per beneficiar Javier Verdugo, fins que aquest pogu\u00e9s accedir a la segona activitat sense destinaci\u00f3, amb un&hellip;\" \/>\n<meta property=\"og:url\" content=\"https:\/\/www.psib-psoe.org\/eivissa\/psoe-reinicia-denuncia-el-tracte-de-favor-de-marcos-serra-a-javier-verdugo-premiant-lo-amb-un-salari-de-mes-de-50-000-euros-i-exigeix-\u200b\u200blescrupolos-compliment-de-la-legalitat-en-la\/\" \/>\n<meta property=\"og:site_name\" content=\"Federaci\u00f3 Socialista d&#039;Eivissa\" \/>\n<meta property=\"article:published_time\" content=\"2022-01-27T09:30:26+00:00\" \/>\n<meta property=\"og:image\" content=\"https:\/\/www.psib-psoe.org\/eivissa\/wp-content\/uploads\/Captura-de-Pantalla-2020-02-03-a-les-12.58.25.png\" \/>\n\t<meta property=\"og:image:width\" content=\"1230\" \/>\n\t<meta property=\"og:image:height\" content=\"689\" \/>\n\t<meta property=\"og:image:type\" content=\"image\/png\" \/>\n<meta name=\"author\" content=\"Josep Ripoll\" \/>\n<meta name=\"twitter:card\" content=\"summary_large_image\" \/>\n<meta name=\"twitter:label1\" content=\"Escrit per\" \/>\n\t<meta name=\"twitter:data1\" content=\"Josep Ripoll\" \/>\n\t<meta name=\"twitter:label2\" content=\"Temps estimat de lectura\" \/>\n\t<meta name=\"twitter:data2\" content=\"3 minuts\" \/>\n<script type=\"application\/ld+json\" class=\"yoast-schema-graph\">{\"@context\":\"https:\/\/schema.org\",\"@graph\":[{\"@type\":[\"Article\",\"BlogPosting\"],\"@id\":\"https:\/\/www.psib-psoe.org\/eivissa\/psoe-reinicia-denuncia-el-tracte-de-favor-de-marcos-serra-a-javier-verdugo-premiant-lo-amb-un-salari-de-mes-de-50-000-euros-i-exigeix-%e2%80%8b%e2%80%8blescrupolos-compliment-de-la-legalitat-en-la\/#article\",\"isPartOf\":{\"@id\":\"https:\/\/www.psib-psoe.org\/eivissa\/psoe-reinicia-denuncia-el-tracte-de-favor-de-marcos-serra-a-javier-verdugo-premiant-lo-amb-un-salari-de-mes-de-50-000-euros-i-exigeix-%e2%80%8b%e2%80%8blescrupolos-compliment-de-la-legalitat-en-la\/\"},\"author\":{\"name\":\"Josep Ripoll\",\"@id\":\"https:\/\/www.psib-psoe.org\/eivissa\/#\/schema\/person\/7a9d2841fb36f32e34fc0e9b245e8117\"},\"headline\":\"PSOE-Reinicia denuncia el tracte de favor de Marcos Serra a Javier Verdugo, premiant-lo amb un salari de m\u00e9s de 50.000 euros\",\"datePublished\":\"2022-01-27T09:30:26+00:00\",\"mainEntityOfPage\":{\"@id\":\"https:\/\/www.psib-psoe.org\/eivissa\/psoe-reinicia-denuncia-el-tracte-de-favor-de-marcos-serra-a-javier-verdugo-premiant-lo-amb-un-salari-de-mes-de-50-000-euros-i-exigeix-%e2%80%8b%e2%80%8blescrupolos-compliment-de-la-legalitat-en-la\/\"},\"wordCount\":655,\"publisher\":{\"@id\":\"https:\/\/www.psib-psoe.org\/eivissa\/#organization\"},\"image\":{\"@id\":\"https:\/\/www.psib-psoe.org\/eivissa\/psoe-reinicia-denuncia-el-tracte-de-favor-de-marcos-serra-a-javier-verdugo-premiant-lo-amb-un-salari-de-mes-de-50-000-euros-i-exigeix-%e2%80%8b%e2%80%8blescrupolos-compliment-de-la-legalitat-en-la\/#primaryimage\"},\"thumbnailUrl\":\"https:\/\/www.psib-psoe.org\/eivissa\/wp-content\/uploads\/Captura-de-Pantalla-2020-02-03-a-les-12.58.25.png\",\"articleSection\":[\"Federaci\u00f3 d'Eivissa - Portada\",\"Municipis\",\"Sant Antoni de Portmany\"],\"inLanguage\":\"ca\"},{\"@type\":\"WebPage\",\"@id\":\"https:\/\/www.psib-psoe.org\/eivissa\/psoe-reinicia-denuncia-el-tracte-de-favor-de-marcos-serra-a-javier-verdugo-premiant-lo-amb-un-salari-de-mes-de-50-000-euros-i-exigeix-%e2%80%8b%e2%80%8blescrupolos-compliment-de-la-legalitat-en-la\/\",\"url\":\"https:\/\/www.psib-psoe.org\/eivissa\/psoe-reinicia-denuncia-el-tracte-de-favor-de-marcos-serra-a-javier-verdugo-premiant-lo-amb-un-salari-de-mes-de-50-000-euros-i-exigeix-%e2%80%8b%e2%80%8blescrupolos-compliment-de-la-legalitat-en-la\/\",\"name\":\"PSOE-Reinicia denuncia el tracte de favor de Marcos Serra a Javier Verdugo, premiant-lo amb un salari de m\u00e9s de 50.000 euros - Federaci\u00f3 Socialista d&#039;Eivissa\",\"isPartOf\":{\"@id\":\"https:\/\/www.psib-psoe.org\/eivissa\/#website\"},\"primaryImageOfPage\":{\"@id\":\"https:\/\/www.psib-psoe.org\/eivissa\/psoe-reinicia-denuncia-el-tracte-de-favor-de-marcos-serra-a-javier-verdugo-premiant-lo-amb-un-salari-de-mes-de-50-000-euros-i-exigeix-%e2%80%8b%e2%80%8blescrupolos-compliment-de-la-legalitat-en-la\/#primaryimage\"},\"image\":{\"@id\":\"https:\/\/www.psib-psoe.org\/eivissa\/psoe-reinicia-denuncia-el-tracte-de-favor-de-marcos-serra-a-javier-verdugo-premiant-lo-amb-un-salari-de-mes-de-50-000-euros-i-exigeix-%e2%80%8b%e2%80%8blescrupolos-compliment-de-la-legalitat-en-la\/#primaryimage\"},\"thumbnailUrl\":\"https:\/\/www.psib-psoe.org\/eivissa\/wp-content\/uploads\/Captura-de-Pantalla-2020-02-03-a-les-12.58.25.png\",\"datePublished\":\"2022-01-27T09:30:26+00:00\",\"breadcrumb\":{\"@id\":\"https:\/\/www.psib-psoe.org\/eivissa\/psoe-reinicia-denuncia-el-tracte-de-favor-de-marcos-serra-a-javier-verdugo-premiant-lo-amb-un-salari-de-mes-de-50-000-euros-i-exigeix-%e2%80%8b%e2%80%8blescrupolos-compliment-de-la-legalitat-en-la\/#breadcrumb\"},\"inLanguage\":\"ca\",\"potentialAction\":[{\"@type\":\"ReadAction\",\"target\":[\"https:\/\/www.psib-psoe.org\/eivissa\/psoe-reinicia-denuncia-el-tracte-de-favor-de-marcos-serra-a-javier-verdugo-premiant-lo-amb-un-salari-de-mes-de-50-000-euros-i-exigeix-%e2%80%8b%e2%80%8blescrupolos-compliment-de-la-legalitat-en-la\/\"]}]},{\"@type\":\"ImageObject\",\"inLanguage\":\"ca\",\"@id\":\"https:\/\/www.psib-psoe.org\/eivissa\/psoe-reinicia-denuncia-el-tracte-de-favor-de-marcos-serra-a-javier-verdugo-premiant-lo-amb-un-salari-de-mes-de-50-000-euros-i-exigeix-%e2%80%8b%e2%80%8blescrupolos-compliment-de-la-legalitat-en-la\/#primaryimage\",\"url\":\"https:\/\/www.psib-psoe.org\/eivissa\/wp-content\/uploads\/Captura-de-Pantalla-2020-02-03-a-les-12.58.25.png\",\"contentUrl\":\"https:\/\/www.psib-psoe.org\/eivissa\/wp-content\/uploads\/Captura-de-Pantalla-2020-02-03-a-les-12.58.25.png\",\"width\":1230,\"height\":689},{\"@type\":\"BreadcrumbList\",\"@id\":\"https:\/\/www.psib-psoe.org\/eivissa\/psoe-reinicia-denuncia-el-tracte-de-favor-de-marcos-serra-a-javier-verdugo-premiant-lo-amb-un-salari-de-mes-de-50-000-euros-i-exigeix-%e2%80%8b%e2%80%8blescrupolos-compliment-de-la-legalitat-en-la\/#breadcrumb\",\"itemListElement\":[{\"@type\":\"ListItem\",\"position\":1,\"name\":\"Inici\",\"item\":\"https:\/\/www.psib-psoe.org\/eivissa\/\"},{\"@type\":\"ListItem\",\"position\":2,\"name\":\"PSOE-Reinicia denuncia el tracte de favor de Marcos Serra a Javier Verdugo, premiant-lo amb un salari de m\u00e9s de 50.000 euros\"}]},{\"@type\":\"WebSite\",\"@id\":\"https:\/\/www.psib-psoe.org\/eivissa\/#website\",\"url\":\"https:\/\/www.psib-psoe.org\/eivissa\/\",\"name\":\"Federaci\u00f3 Socialista d'Eivissa\",\"description\":\"Socialistes d&#039;Eivissa\",\"publisher\":{\"@id\":\"https:\/\/www.psib-psoe.org\/eivissa\/#organization\"},\"potentialAction\":[{\"@type\":\"SearchAction\",\"target\":{\"@type\":\"EntryPoint\",\"urlTemplate\":\"https:\/\/www.psib-psoe.org\/eivissa\/?s={search_term_string}\"},\"query-input\":{\"@type\":\"PropertyValueSpecification\",\"valueRequired\":true,\"valueName\":\"search_term_string\"}}],\"inLanguage\":\"ca\"},{\"@type\":\"Organization\",\"@id\":\"https:\/\/www.psib-psoe.org\/eivissa\/#organization\",\"name\":\"Federaci\u00f3 Socialista d'Eivissa\",\"url\":\"https:\/\/www.psib-psoe.org\/eivissa\/\",\"logo\":{\"@type\":\"ImageObject\",\"inLanguage\":\"ca\",\"@id\":\"https:\/\/www.psib-psoe.org\/eivissa\/#\/schema\/logo\/image\/\",\"url\":\"https:\/\/www.psib-psoe.org\/eivissa\/wp-content\/uploads\/LOGO-FSE-SOCIALISTA-DEIVISSA-HORI.png\",\"contentUrl\":\"https:\/\/www.psib-psoe.org\/eivissa\/wp-content\/uploads\/LOGO-FSE-SOCIALISTA-DEIVISSA-HORI.png\",\"width\":6000,\"height\":3104,\"caption\":\"Federaci\u00f3 Socialista d'Eivissa\"},\"image\":{\"@id\":\"https:\/\/www.psib-psoe.org\/eivissa\/#\/schema\/logo\/image\/\"}},{\"@type\":\"Person\",\"@id\":\"https:\/\/www.psib-psoe.org\/eivissa\/#\/schema\/person\/7a9d2841fb36f32e34fc0e9b245e8117\",\"name\":\"Josep Ripoll\",\"sameAs\":[\"http:\/\/www.psib-psoe.org\/eivissa\/wp-login.php\"],\"url\":\"https:\/\/www.psib-psoe.org\/eivissa\/author\/josep\/\"}]}<\/script>\n<!-- \/ Yoast SEO plugin. -->","yoast_head_json":{"title":"PSOE-Reinicia denuncia el tracte de favor de Marcos Serra a Javier Verdugo, premiant-lo amb un salari de m\u00e9s de 50.000 euros - Federaci\u00f3 Socialista d&#039;Eivissa","robots":{"index":"index","follow":"follow","max-snippet":"max-snippet:-1","max-image-preview":"max-image-preview:large","max-video-preview":"max-video-preview:-1"},"canonical":"https:\/\/www.psib-psoe.org\/eivissa\/psoe-reinicia-denuncia-el-tracte-de-favor-de-marcos-serra-a-javier-verdugo-premiant-lo-amb-un-salari-de-mes-de-50-000-euros-i-exigeix-\u200b\u200blescrupolos-compliment-de-la-legalitat-en-la\/","og_locale":"ca_ES","og_type":"article","og_title":"PSOE-Reinicia denuncia el tracte de favor de Marcos Serra a Javier Verdugo, premiant-lo amb un salari de m\u00e9s de 50.000 euros - Federaci\u00f3 Socialista d&#039;Eivissa","og_description":"El grup municipal PSOE-Reinicia denuncia la pol\u00edtica de tracte de favor de l&#8217;alcalde de Sant Antoni de Portmany, Marcos Serra, a l&#8217;excap de la Policia Local: S&#8217;ha demostrat que es va negar a convocar la pla\u00e7a de cap per beneficiar Javier Verdugo, fins que aquest pogu\u00e9s accedir a la segona activitat sense destinaci\u00f3, amb un&hellip;","og_url":"https:\/\/www.psib-psoe.org\/eivissa\/psoe-reinicia-denuncia-el-tracte-de-favor-de-marcos-serra-a-javier-verdugo-premiant-lo-amb-un-salari-de-mes-de-50-000-euros-i-exigeix-\u200b\u200blescrupolos-compliment-de-la-legalitat-en-la\/","og_site_name":"Federaci\u00f3 Socialista d&#039;Eivissa","article_published_time":"2022-01-27T09:30:26+00:00","og_image":[{"width":1230,"height":689,"url":"https:\/\/www.psib-psoe.org\/eivissa\/wp-content\/uploads\/Captura-de-Pantalla-2020-02-03-a-les-12.58.25.png","type":"image\/png"}],"author":"Josep Ripoll","twitter_card":"summary_large_image","twitter_misc":{"Escrit per":"Josep Ripoll","Temps estimat de lectura":"3 minuts"},"schema":{"@context":"https:\/\/schema.org","@graph":[{"@type":["Article","BlogPosting"],"@id":"https:\/\/www.psib-psoe.org\/eivissa\/psoe-reinicia-denuncia-el-tracte-de-favor-de-marcos-serra-a-javier-verdugo-premiant-lo-amb-un-salari-de-mes-de-50-000-euros-i-exigeix-%e2%80%8b%e2%80%8blescrupolos-compliment-de-la-legalitat-en-la\/#article","isPartOf":{"@id":"https:\/\/www.psib-psoe.org\/eivissa\/psoe-reinicia-denuncia-el-tracte-de-favor-de-marcos-serra-a-javier-verdugo-premiant-lo-amb-un-salari-de-mes-de-50-000-euros-i-exigeix-%e2%80%8b%e2%80%8blescrupolos-compliment-de-la-legalitat-en-la\/"},"author":{"name":"Josep Ripoll","@id":"https:\/\/www.psib-psoe.org\/eivissa\/#\/schema\/person\/7a9d2841fb36f32e34fc0e9b245e8117"},"headline":"PSOE-Reinicia denuncia el tracte de favor de Marcos Serra a Javier Verdugo, premiant-lo amb un salari de m\u00e9s de 50.000 euros","datePublished":"2022-01-27T09:30:26+00:00","mainEntityOfPage":{"@id":"https:\/\/www.psib-psoe.org\/eivissa\/psoe-reinicia-denuncia-el-tracte-de-favor-de-marcos-serra-a-javier-verdugo-premiant-lo-amb-un-salari-de-mes-de-50-000-euros-i-exigeix-%e2%80%8b%e2%80%8blescrupolos-compliment-de-la-legalitat-en-la\/"},"wordCount":655,"publisher":{"@id":"https:\/\/www.psib-psoe.org\/eivissa\/#organization"},"image":{"@id":"https:\/\/www.psib-psoe.org\/eivissa\/psoe-reinicia-denuncia-el-tracte-de-favor-de-marcos-serra-a-javier-verdugo-premiant-lo-amb-un-salari-de-mes-de-50-000-euros-i-exigeix-%e2%80%8b%e2%80%8blescrupolos-compliment-de-la-legalitat-en-la\/#primaryimage"},"thumbnailUrl":"https:\/\/www.psib-psoe.org\/eivissa\/wp-content\/uploads\/Captura-de-Pantalla-2020-02-03-a-les-12.58.25.png","articleSection":["Federaci\u00f3 d'Eivissa - Portada","Municipis","Sant Antoni de Portmany"],"inLanguage":"ca"},{"@type":"WebPage","@id":"https:\/\/www.psib-psoe.org\/eivissa\/psoe-reinicia-denuncia-el-tracte-de-favor-de-marcos-serra-a-javier-verdugo-premiant-lo-amb-un-salari-de-mes-de-50-000-euros-i-exigeix-%e2%80%8b%e2%80%8blescrupolos-compliment-de-la-legalitat-en-la\/","url":"https:\/\/www.psib-psoe.org\/eivissa\/psoe-reinicia-denuncia-el-tracte-de-favor-de-marcos-serra-a-javier-verdugo-premiant-lo-amb-un-salari-de-mes-de-50-000-euros-i-exigeix-%e2%80%8b%e2%80%8blescrupolos-compliment-de-la-legalitat-en-la\/","name":"PSOE-Reinicia denuncia el tracte de favor de Marcos Serra a Javier Verdugo, premiant-lo amb un salari de m\u00e9s de 50.000 euros - Federaci\u00f3 Socialista d&#039;Eivissa","isPartOf":{"@id":"https:\/\/www.psib-psoe.org\/eivissa\/#website"},"primaryImageOfPage":{"@id":"https:\/\/www.psib-psoe.org\/eivissa\/psoe-reinicia-denuncia-el-tracte-de-favor-de-marcos-serra-a-javier-verdugo-premiant-lo-amb-un-salari-de-mes-de-50-000-euros-i-exigeix-%e2%80%8b%e2%80%8blescrupolos-compliment-de-la-legalitat-en-la\/#primaryimage"},"image":{"@id":"https:\/\/www.psib-psoe.org\/eivissa\/psoe-reinicia-denuncia-el-tracte-de-favor-de-marcos-serra-a-javier-verdugo-premiant-lo-amb-un-salari-de-mes-de-50-000-euros-i-exigeix-%e2%80%8b%e2%80%8blescrupolos-compliment-de-la-legalitat-en-la\/#primaryimage"},"thumbnailUrl":"https:\/\/www.psib-psoe.org\/eivissa\/wp-content\/uploads\/Captura-de-Pantalla-2020-02-03-a-les-12.58.25.png","datePublished":"2022-01-27T09:30:26+00:00","breadcrumb":{"@id":"https:\/\/www.psib-psoe.org\/eivissa\/psoe-reinicia-denuncia-el-tracte-de-favor-de-marcos-serra-a-javier-verdugo-premiant-lo-amb-un-salari-de-mes-de-50-000-euros-i-exigeix-%e2%80%8b%e2%80%8blescrupolos-compliment-de-la-legalitat-en-la\/#breadcrumb"},"inLanguage":"ca","potentialAction":[{"@type":"ReadAction","target":["https:\/\/www.psib-psoe.org\/eivissa\/psoe-reinicia-denuncia-el-tracte-de-favor-de-marcos-serra-a-javier-verdugo-premiant-lo-amb-un-salari-de-mes-de-50-000-euros-i-exigeix-%e2%80%8b%e2%80%8blescrupolos-compliment-de-la-legalitat-en-la\/"]}]},{"@type":"ImageObject","inLanguage":"ca","@id":"https:\/\/www.psib-psoe.org\/eivissa\/psoe-reinicia-denuncia-el-tracte-de-favor-de-marcos-serra-a-javier-verdugo-premiant-lo-amb-un-salari-de-mes-de-50-000-euros-i-exigeix-%e2%80%8b%e2%80%8blescrupolos-compliment-de-la-legalitat-en-la\/#primaryimage","url":"https:\/\/www.psib-psoe.org\/eivissa\/wp-content\/uploads\/Captura-de-Pantalla-2020-02-03-a-les-12.58.25.png","contentUrl":"https:\/\/www.psib-psoe.org\/eivissa\/wp-content\/uploads\/Captura-de-Pantalla-2020-02-03-a-les-12.58.25.png","width":1230,"height":689},{"@type":"BreadcrumbList","@id":"https:\/\/www.psib-psoe.org\/eivissa\/psoe-reinicia-denuncia-el-tracte-de-favor-de-marcos-serra-a-javier-verdugo-premiant-lo-amb-un-salari-de-mes-de-50-000-euros-i-exigeix-%e2%80%8b%e2%80%8blescrupolos-compliment-de-la-legalitat-en-la\/#breadcrumb","itemListElement":[{"@type":"ListItem","position":1,"name":"Inici","item":"https:\/\/www.psib-psoe.org\/eivissa\/"},{"@type":"ListItem","position":2,"name":"PSOE-Reinicia denuncia el tracte de favor de Marcos Serra a Javier Verdugo, premiant-lo amb un salari de m\u00e9s de 50.000 euros"}]},{"@type":"WebSite","@id":"https:\/\/www.psib-psoe.org\/eivissa\/#website","url":"https:\/\/www.psib-psoe.org\/eivissa\/","name":"Federaci\u00f3 Socialista d'Eivissa","description":"Socialistes d&#039;Eivissa","publisher":{"@id":"https:\/\/www.psib-psoe.org\/eivissa\/#organization"},"potentialAction":[{"@type":"SearchAction","target":{"@type":"EntryPoint","urlTemplate":"https:\/\/www.psib-psoe.org\/eivissa\/?s={search_term_string}"},"query-input":{"@type":"PropertyValueSpecification","valueRequired":true,"valueName":"search_term_string"}}],"inLanguage":"ca"},{"@type":"Organization","@id":"https:\/\/www.psib-psoe.org\/eivissa\/#organization","name":"Federaci\u00f3 Socialista d'Eivissa","url":"https:\/\/www.psib-psoe.org\/eivissa\/","logo":{"@type":"ImageObject","inLanguage":"ca","@id":"https:\/\/www.psib-psoe.org\/eivissa\/#\/schema\/logo\/image\/","url":"https:\/\/www.psib-psoe.org\/eivissa\/wp-content\/uploads\/LOGO-FSE-SOCIALISTA-DEIVISSA-HORI.png","contentUrl":"https:\/\/www.psib-psoe.org\/eivissa\/wp-content\/uploads\/LOGO-FSE-SOCIALISTA-DEIVISSA-HORI.png","width":6000,"height":3104,"caption":"Federaci\u00f3 Socialista d'Eivissa"},"image":{"@id":"https:\/\/www.psib-psoe.org\/eivissa\/#\/schema\/logo\/image\/"}},{"@type":"Person","@id":"https:\/\/www.psib-psoe.org\/eivissa\/#\/schema\/person\/7a9d2841fb36f32e34fc0e9b245e8117","name":"Josep Ripoll","sameAs":["http:\/\/www.psib-psoe.org\/eivissa\/wp-login.php"],"url":"https:\/\/www.psib-psoe.org\/eivissa\/author\/josep\/"}]}},"_links":{"self":[{"href":"https:\/\/www.psib-psoe.org\/eivissa\/wp-json\/wp\/v2\/posts\/34969","targetHints":{"allow":["GET"]}}],"collection":[{"href":"https:\/\/www.psib-psoe.org\/eivissa\/wp-json\/wp\/v2\/posts"}],"about":[{"href":"https:\/\/www.psib-psoe.org\/eivissa\/wp-json\/wp\/v2\/types\/post"}],"author":[{"embeddable":true,"href":"https:\/\/www.psib-psoe.org\/eivissa\/wp-json\/wp\/v2\/users\/7"}],"replies":[{"embeddable":true,"href":"https:\/\/www.psib-psoe.org\/eivissa\/wp-json\/wp\/v2\/comments?post=34969"}],"version-history":[{"count":2,"href":"https:\/\/www.psib-psoe.org\/eivissa\/wp-json\/wp\/v2\/posts\/34969\/revisions"}],"predecessor-version":[{"id":35037,"href":"https:\/\/www.psib-psoe.org\/eivissa\/wp-json\/wp\/v2\/posts\/34969\/revisions\/35037"}],"wp:featuredmedia":[{"embeddable":true,"href":"https:\/\/www.psib-psoe.org\/eivissa\/wp-json\/wp\/v2\/media\/27100"}],"wp:attachment":[{"href":"https:\/\/www.psib-psoe.org\/eivissa\/wp-json\/wp\/v2\/media?parent=34969"}],"wp:term":[{"taxonomy":"category","embeddable":true,"href":"https:\/\/www.psib-psoe.org\/eivissa\/wp-json\/wp\/v2\/categories?post=34969"},{"taxonomy":"post_tag","embeddable":true,"href":"https:\/\/www.psib-psoe.org\/eivissa\/wp-json\/wp\/v2\/tags?post=34969"}],"curies":[{"name":"wp","href":"https:\/\/api.w.org\/{rel}","templated":true}]}}