{"id":35029,"date":"2022-01-28T10:20:44","date_gmt":"2022-01-28T08:20:44","guid":{"rendered":"https:\/\/www.psib-psoe.org\/eivissa\/?p=35029"},"modified":"2022-01-25T13:25:33","modified_gmt":"2022-01-25T11:25:33","slug":"el-psoe-pide-a-las-instituciones-de-eivissa-apoyo-a-la-reforma-laboral-acordada-entre-el-gobierno-de-espana-y-los-agentes-sociales","status":"publish","type":"post","link":"https:\/\/www.psib-psoe.org\/eivissa\/el-psoe-pide-a-las-instituciones-de-eivissa-apoyo-a-la-reforma-laboral-acordada-entre-el-gobierno-de-espana-y-los-agentes-sociales\/","title":{"rendered":"El PSOE pide a las instituciones de Eivissa apoyo a la reforma laboral acordada entre el Gobierno de Espa\u00f1a y los agentes sociales"},"content":{"rendered":"<p>La FSE-PSOE pide a las instituciones de Eivissa un posicionamiento de apoyo a la reforma laboral acordada entre el Gobierno de Espa\u00f1a y los agentes sociales. A trav\u00e9s de una moci\u00f3n que se debatir\u00e1 en los plenos del Consell Insular, del Parlament y de los ayuntamientos, el PSOE propone instar a las fuerzas pol\u00edticas con representaci\u00f3n en las Cortes Generales a \u201ccontinuar trabajando en apoyar la reforma laboral para impulsar la creaci\u00f3n de empleo estable y de calidad, y para recortar la precariedad y el desempleo en nuestro pa\u00eds\u201d.<\/p>\n<p>En la moci\u00f3n, el PSOE destaca que la reforma laboral potenciar\u00e1 \u201cla contrataci\u00f3n indefinida frente a la temporalidad a trav\u00e9s del contrato indefinido y del fomento del contrato fijo discontinuo\u201d, y \u201capoyar\u00e1 la recuperaci\u00f3n de la negociaci\u00f3n colectiva para aumentar los derechos de los trabajadores y trabajadoras y mejorar los salarios, que permita restablecer el equilibrio entre empresas y personas trabajadoras\u201d.<\/p>\n<p>Tambi\u00e9n se propone \u201capoyar el Mecanismo RED de Flexibilidad y Estabilizaci\u00f3n del Empleo, que ser\u00e1 la alternativa al despido, como forma de flexibilidad interna de las empresas\u201d, \u201capostar por la ultraactividad indefinida y la formaci\u00f3n de los trabajadores y trabajadoras\u201d que recoge la reforma y \u201cdefender el di\u00e1logo como herramienta para obtener acuerdos como el exitoso con los agentes sociales en torno a la reforma laboral, por encima de ideolog\u00edas, y que permiten avanzar hacia una recuperaci\u00f3n justa para que Espa\u00f1a siga creciendo\u201d.<\/p>\n<p>En s\u00f3lo a\u00f1o y medio, Espa\u00f1a ha logrado recuperar los niveles de afiliaci\u00f3n a la Seguridad Social previos a la pandemia. Nunca hab\u00edamos contado con tantas mujeres afiliadas ni se hab\u00edan encadenado diez meses consecutivos de reducci\u00f3n del paro, especialmente el paro juvenil, con una ca\u00edda de cerca del 40% en el \u00faltimo a\u00f1o. Se crea empleo en todos los sectores econ\u00f3micos y de forma importante en sectores econ\u00f3micos de alto valor a\u00f1adido.<\/p>\n<p>En este sentido, la reforma laboral acordada entre el Gobierno y los agentes sociales, un acuerdo ambicioso, es la mejor herramienta para seguir consolidando un marco de creaci\u00f3n de empleo y lucha contra la precariedad, lo que tendr\u00e1 efectos muy positivos en territorios como nuestra isla.<\/p>\n","protected":false},"excerpt":{"rendered":"<p>La FSE-PSOE pide a las instituciones de Eivissa un posicionamiento de apoyo a la reforma laboral acordada entre el Gobierno de Espa\u00f1a y los agentes sociales. A trav\u00e9s de una moci\u00f3n que se debatir\u00e1 en los plenos del Consell Insular, del Parlament y de los ayuntamientos, el PSOE propone instar a las fuerzas pol\u00edticas con&hellip;<\/p>\n","protected":false},"author":7,"featured_media":35027,"comment_status":"closed","ping_status":"closed","sticky":false,"template":"","format":"standard","meta":{"footnotes":""},"categories":[212],"tags":[],"class_list":["post-35029","post","type-post","status-publish","format-standard","has-post-thumbnail","hentry","category-fse-psoe"],"yoast_head":"<!-- This site is optimized with the Yoast SEO plugin v26.9 - https:\/\/yoast.com\/product\/yoast-seo-wordpress\/ -->\n<title>El PSOE pide a las instituciones de Eivissa apoyo a la reforma laboral acordada entre el Gobierno de Espa\u00f1a y los agentes sociales - Federaci\u00f3 Socialista d&#039;Eivissa<\/title>\n<meta name=\"robots\" content=\"index, follow, max-snippet:-1, max-image-preview:large, max-video-preview:-1\" \/>\n<link rel=\"canonical\" href=\"https:\/\/www.psib-psoe.org\/eivissa\/el-psoe-pide-a-las-instituciones-de-eivissa-apoyo-a-la-reforma-laboral-acordada-entre-el-gobierno-de-espana-y-los-agentes-sociales\/\" \/>\n<meta property=\"og:locale\" content=\"ca_ES\" \/>\n<meta property=\"og:type\" content=\"article\" \/>\n<meta property=\"og:title\" content=\"El PSOE pide a las instituciones de Eivissa apoyo a la reforma laboral acordada entre el Gobierno de Espa\u00f1a y los agentes sociales - Federaci\u00f3 Socialista d&#039;Eivissa\" \/>\n<meta property=\"og:description\" content=\"La FSE-PSOE pide a las instituciones de Eivissa un posicionamiento de apoyo a la reforma laboral acordada entre el Gobierno de Espa\u00f1a y los agentes sociales. A trav\u00e9s de una moci\u00f3n que se debatir\u00e1 en los plenos del Consell Insular, del Parlament y de los ayuntamientos, el PSOE propone instar a las fuerzas pol\u00edticas con&hellip;\" \/>\n<meta property=\"og:url\" content=\"https:\/\/www.psib-psoe.org\/eivissa\/el-psoe-pide-a-las-instituciones-de-eivissa-apoyo-a-la-reforma-laboral-acordada-entre-el-gobierno-de-espana-y-los-agentes-sociales\/\" \/>\n<meta property=\"og:site_name\" content=\"Federaci\u00f3 Socialista d&#039;Eivissa\" \/>\n<meta property=\"article:published_time\" content=\"2022-01-28T08:20:44+00:00\" \/>\n<meta property=\"og:image\" content=\"https:\/\/www.psib-psoe.org\/eivissa\/wp-content\/uploads\/Sanchez-sindicatos-y-empresarios-630x354.jpeg\" \/>\n\t<meta property=\"og:image:width\" content=\"630\" \/>\n\t<meta property=\"og:image:height\" content=\"354\" \/>\n\t<meta property=\"og:image:type\" content=\"image\/jpeg\" \/>\n<meta name=\"author\" content=\"Josep Ripoll\" \/>\n<meta name=\"twitter:card\" content=\"summary_large_image\" \/>\n<meta name=\"twitter:label1\" content=\"Escrit per\" \/>\n\t<meta name=\"twitter:data1\" content=\"Josep Ripoll\" \/>\n\t<meta name=\"twitter:label2\" content=\"Temps estimat de lectura\" \/>\n\t<meta name=\"twitter:data2\" content=\"2 minuts\" \/>\n<script type=\"application\/ld+json\" class=\"yoast-schema-graph\">{\"@context\":\"https:\/\/schema.org\",\"@graph\":[{\"@type\":[\"Article\",\"BlogPosting\"],\"@id\":\"https:\/\/www.psib-psoe.org\/eivissa\/el-psoe-pide-a-las-instituciones-de-eivissa-apoyo-a-la-reforma-laboral-acordada-entre-el-gobierno-de-espana-y-los-agentes-sociales\/#article\",\"isPartOf\":{\"@id\":\"https:\/\/www.psib-psoe.org\/eivissa\/el-psoe-pide-a-las-instituciones-de-eivissa-apoyo-a-la-reforma-laboral-acordada-entre-el-gobierno-de-espana-y-los-agentes-sociales\/\"},\"author\":{\"name\":\"Josep Ripoll\",\"@id\":\"https:\/\/www.psib-psoe.org\/eivissa\/#\/schema\/person\/7a9d2841fb36f32e34fc0e9b245e8117\"},\"headline\":\"El PSOE pide a las instituciones de Eivissa apoyo a la reforma laboral acordada entre el Gobierno de Espa\u00f1a y los agentes sociales\",\"datePublished\":\"2022-01-28T08:20:44+00:00\",\"mainEntityOfPage\":{\"@id\":\"https:\/\/www.psib-psoe.org\/eivissa\/el-psoe-pide-a-las-instituciones-de-eivissa-apoyo-a-la-reforma-laboral-acordada-entre-el-gobierno-de-espana-y-los-agentes-sociales\/\"},\"wordCount\":407,\"publisher\":{\"@id\":\"https:\/\/www.psib-psoe.org\/eivissa\/#organization\"},\"image\":{\"@id\":\"https:\/\/www.psib-psoe.org\/eivissa\/el-psoe-pide-a-las-instituciones-de-eivissa-apoyo-a-la-reforma-laboral-acordada-entre-el-gobierno-de-espana-y-los-agentes-sociales\/#primaryimage\"},\"thumbnailUrl\":\"https:\/\/www.psib-psoe.org\/eivissa\/wp-content\/uploads\/Sanchez-sindicatos-y-empresarios-630x354.jpeg\",\"articleSection\":[\"FSE-PSOE\"],\"inLanguage\":\"ca\"},{\"@type\":\"WebPage\",\"@id\":\"https:\/\/www.psib-psoe.org\/eivissa\/el-psoe-pide-a-las-instituciones-de-eivissa-apoyo-a-la-reforma-laboral-acordada-entre-el-gobierno-de-espana-y-los-agentes-sociales\/\",\"url\":\"https:\/\/www.psib-psoe.org\/eivissa\/el-psoe-pide-a-las-instituciones-de-eivissa-apoyo-a-la-reforma-laboral-acordada-entre-el-gobierno-de-espana-y-los-agentes-sociales\/\",\"name\":\"El PSOE pide a las instituciones de Eivissa apoyo a la reforma laboral acordada entre el Gobierno de Espa\u00f1a y los agentes sociales - Federaci\u00f3 Socialista d&#039;Eivissa\",\"isPartOf\":{\"@id\":\"https:\/\/www.psib-psoe.org\/eivissa\/#website\"},\"primaryImageOfPage\":{\"@id\":\"https:\/\/www.psib-psoe.org\/eivissa\/el-psoe-pide-a-las-instituciones-de-eivissa-apoyo-a-la-reforma-laboral-acordada-entre-el-gobierno-de-espana-y-los-agentes-sociales\/#primaryimage\"},\"image\":{\"@id\":\"https:\/\/www.psib-psoe.org\/eivissa\/el-psoe-pide-a-las-instituciones-de-eivissa-apoyo-a-la-reforma-laboral-acordada-entre-el-gobierno-de-espana-y-los-agentes-sociales\/#primaryimage\"},\"thumbnailUrl\":\"https:\/\/www.psib-psoe.org\/eivissa\/wp-content\/uploads\/Sanchez-sindicatos-y-empresarios-630x354.jpeg\",\"datePublished\":\"2022-01-28T08:20:44+00:00\",\"breadcrumb\":{\"@id\":\"https:\/\/www.psib-psoe.org\/eivissa\/el-psoe-pide-a-las-instituciones-de-eivissa-apoyo-a-la-reforma-laboral-acordada-entre-el-gobierno-de-espana-y-los-agentes-sociales\/#breadcrumb\"},\"inLanguage\":\"ca\",\"potentialAction\":[{\"@type\":\"ReadAction\",\"target\":[\"https:\/\/www.psib-psoe.org\/eivissa\/el-psoe-pide-a-las-instituciones-de-eivissa-apoyo-a-la-reforma-laboral-acordada-entre-el-gobierno-de-espana-y-los-agentes-sociales\/\"]}]},{\"@type\":\"ImageObject\",\"inLanguage\":\"ca\",\"@id\":\"https:\/\/www.psib-psoe.org\/eivissa\/el-psoe-pide-a-las-instituciones-de-eivissa-apoyo-a-la-reforma-laboral-acordada-entre-el-gobierno-de-espana-y-los-agentes-sociales\/#primaryimage\",\"url\":\"https:\/\/www.psib-psoe.org\/eivissa\/wp-content\/uploads\/Sanchez-sindicatos-y-empresarios-630x354.jpeg\",\"contentUrl\":\"https:\/\/www.psib-psoe.org\/eivissa\/wp-content\/uploads\/Sanchez-sindicatos-y-empresarios-630x354.jpeg\",\"width\":630,\"height\":354},{\"@type\":\"BreadcrumbList\",\"@id\":\"https:\/\/www.psib-psoe.org\/eivissa\/el-psoe-pide-a-las-instituciones-de-eivissa-apoyo-a-la-reforma-laboral-acordada-entre-el-gobierno-de-espana-y-los-agentes-sociales\/#breadcrumb\",\"itemListElement\":[{\"@type\":\"ListItem\",\"position\":1,\"name\":\"Inici\",\"item\":\"https:\/\/www.psib-psoe.org\/eivissa\/\"},{\"@type\":\"ListItem\",\"position\":2,\"name\":\"El PSOE pide a las instituciones de Eivissa apoyo a la reforma laboral acordada entre el Gobierno de Espa\u00f1a y los agentes sociales\"}]},{\"@type\":\"WebSite\",\"@id\":\"https:\/\/www.psib-psoe.org\/eivissa\/#website\",\"url\":\"https:\/\/www.psib-psoe.org\/eivissa\/\",\"name\":\"Federaci\u00f3 Socialista d'Eivissa\",\"description\":\"Socialistes d&#039;Eivissa\",\"publisher\":{\"@id\":\"https:\/\/www.psib-psoe.org\/eivissa\/#organization\"},\"potentialAction\":[{\"@type\":\"SearchAction\",\"target\":{\"@type\":\"EntryPoint\",\"urlTemplate\":\"https:\/\/www.psib-psoe.org\/eivissa\/?s={search_term_string}\"},\"query-input\":{\"@type\":\"PropertyValueSpecification\",\"valueRequired\":true,\"valueName\":\"search_term_string\"}}],\"inLanguage\":\"ca\"},{\"@type\":\"Organization\",\"@id\":\"https:\/\/www.psib-psoe.org\/eivissa\/#organization\",\"name\":\"Federaci\u00f3 Socialista d'Eivissa\",\"url\":\"https:\/\/www.psib-psoe.org\/eivissa\/\",\"logo\":{\"@type\":\"ImageObject\",\"inLanguage\":\"ca\",\"@id\":\"https:\/\/www.psib-psoe.org\/eivissa\/#\/schema\/logo\/image\/\",\"url\":\"https:\/\/www.psib-psoe.org\/eivissa\/wp-content\/uploads\/LOGO-FSE-SOCIALISTA-DEIVISSA-HORI.png\",\"contentUrl\":\"https:\/\/www.psib-psoe.org\/eivissa\/wp-content\/uploads\/LOGO-FSE-SOCIALISTA-DEIVISSA-HORI.png\",\"width\":6000,\"height\":3104,\"caption\":\"Federaci\u00f3 Socialista d'Eivissa\"},\"image\":{\"@id\":\"https:\/\/www.psib-psoe.org\/eivissa\/#\/schema\/logo\/image\/\"}},{\"@type\":\"Person\",\"@id\":\"https:\/\/www.psib-psoe.org\/eivissa\/#\/schema\/person\/7a9d2841fb36f32e34fc0e9b245e8117\",\"name\":\"Josep Ripoll\",\"sameAs\":[\"http:\/\/www.psib-psoe.org\/eivissa\/wp-login.php\"],\"url\":\"https:\/\/www.psib-psoe.org\/eivissa\/author\/josep\/\"}]}<\/script>\n<!-- \/ Yoast SEO plugin. -->","yoast_head_json":{"title":"El PSOE pide a las instituciones de Eivissa apoyo a la reforma laboral acordada entre el Gobierno de Espa\u00f1a y los agentes sociales - Federaci\u00f3 Socialista d&#039;Eivissa","robots":{"index":"index","follow":"follow","max-snippet":"max-snippet:-1","max-image-preview":"max-image-preview:large","max-video-preview":"max-video-preview:-1"},"canonical":"https:\/\/www.psib-psoe.org\/eivissa\/el-psoe-pide-a-las-instituciones-de-eivissa-apoyo-a-la-reforma-laboral-acordada-entre-el-gobierno-de-espana-y-los-agentes-sociales\/","og_locale":"ca_ES","og_type":"article","og_title":"El PSOE pide a las instituciones de Eivissa apoyo a la reforma laboral acordada entre el Gobierno de Espa\u00f1a y los agentes sociales - Federaci\u00f3 Socialista d&#039;Eivissa","og_description":"La FSE-PSOE pide a las instituciones de Eivissa un posicionamiento de apoyo a la reforma laboral acordada entre el Gobierno de Espa\u00f1a y los agentes sociales. A trav\u00e9s de una moci\u00f3n que se debatir\u00e1 en los plenos del Consell Insular, del Parlament y de los ayuntamientos, el PSOE propone instar a las fuerzas pol\u00edticas con&hellip;","og_url":"https:\/\/www.psib-psoe.org\/eivissa\/el-psoe-pide-a-las-instituciones-de-eivissa-apoyo-a-la-reforma-laboral-acordada-entre-el-gobierno-de-espana-y-los-agentes-sociales\/","og_site_name":"Federaci\u00f3 Socialista d&#039;Eivissa","article_published_time":"2022-01-28T08:20:44+00:00","og_image":[{"width":630,"height":354,"url":"https:\/\/www.psib-psoe.org\/eivissa\/wp-content\/uploads\/Sanchez-sindicatos-y-empresarios-630x354.jpeg","type":"image\/jpeg"}],"author":"Josep Ripoll","twitter_card":"summary_large_image","twitter_misc":{"Escrit per":"Josep Ripoll","Temps estimat de lectura":"2 minuts"},"schema":{"@context":"https:\/\/schema.org","@graph":[{"@type":["Article","BlogPosting"],"@id":"https:\/\/www.psib-psoe.org\/eivissa\/el-psoe-pide-a-las-instituciones-de-eivissa-apoyo-a-la-reforma-laboral-acordada-entre-el-gobierno-de-espana-y-los-agentes-sociales\/#article","isPartOf":{"@id":"https:\/\/www.psib-psoe.org\/eivissa\/el-psoe-pide-a-las-instituciones-de-eivissa-apoyo-a-la-reforma-laboral-acordada-entre-el-gobierno-de-espana-y-los-agentes-sociales\/"},"author":{"name":"Josep Ripoll","@id":"https:\/\/www.psib-psoe.org\/eivissa\/#\/schema\/person\/7a9d2841fb36f32e34fc0e9b245e8117"},"headline":"El PSOE pide a las instituciones de Eivissa apoyo a la reforma laboral acordada entre el Gobierno de Espa\u00f1a y los agentes sociales","datePublished":"2022-01-28T08:20:44+00:00","mainEntityOfPage":{"@id":"https:\/\/www.psib-psoe.org\/eivissa\/el-psoe-pide-a-las-instituciones-de-eivissa-apoyo-a-la-reforma-laboral-acordada-entre-el-gobierno-de-espana-y-los-agentes-sociales\/"},"wordCount":407,"publisher":{"@id":"https:\/\/www.psib-psoe.org\/eivissa\/#organization"},"image":{"@id":"https:\/\/www.psib-psoe.org\/eivissa\/el-psoe-pide-a-las-instituciones-de-eivissa-apoyo-a-la-reforma-laboral-acordada-entre-el-gobierno-de-espana-y-los-agentes-sociales\/#primaryimage"},"thumbnailUrl":"https:\/\/www.psib-psoe.org\/eivissa\/wp-content\/uploads\/Sanchez-sindicatos-y-empresarios-630x354.jpeg","articleSection":["FSE-PSOE"],"inLanguage":"ca"},{"@type":"WebPage","@id":"https:\/\/www.psib-psoe.org\/eivissa\/el-psoe-pide-a-las-instituciones-de-eivissa-apoyo-a-la-reforma-laboral-acordada-entre-el-gobierno-de-espana-y-los-agentes-sociales\/","url":"https:\/\/www.psib-psoe.org\/eivissa\/el-psoe-pide-a-las-instituciones-de-eivissa-apoyo-a-la-reforma-laboral-acordada-entre-el-gobierno-de-espana-y-los-agentes-sociales\/","name":"El PSOE pide a las instituciones de Eivissa apoyo a la reforma laboral acordada entre el Gobierno de Espa\u00f1a y los agentes sociales - Federaci\u00f3 Socialista d&#039;Eivissa","isPartOf":{"@id":"https:\/\/www.psib-psoe.org\/eivissa\/#website"},"primaryImageOfPage":{"@id":"https:\/\/www.psib-psoe.org\/eivissa\/el-psoe-pide-a-las-instituciones-de-eivissa-apoyo-a-la-reforma-laboral-acordada-entre-el-gobierno-de-espana-y-los-agentes-sociales\/#primaryimage"},"image":{"@id":"https:\/\/www.psib-psoe.org\/eivissa\/el-psoe-pide-a-las-instituciones-de-eivissa-apoyo-a-la-reforma-laboral-acordada-entre-el-gobierno-de-espana-y-los-agentes-sociales\/#primaryimage"},"thumbnailUrl":"https:\/\/www.psib-psoe.org\/eivissa\/wp-content\/uploads\/Sanchez-sindicatos-y-empresarios-630x354.jpeg","datePublished":"2022-01-28T08:20:44+00:00","breadcrumb":{"@id":"https:\/\/www.psib-psoe.org\/eivissa\/el-psoe-pide-a-las-instituciones-de-eivissa-apoyo-a-la-reforma-laboral-acordada-entre-el-gobierno-de-espana-y-los-agentes-sociales\/#breadcrumb"},"inLanguage":"ca","potentialAction":[{"@type":"ReadAction","target":["https:\/\/www.psib-psoe.org\/eivissa\/el-psoe-pide-a-las-instituciones-de-eivissa-apoyo-a-la-reforma-laboral-acordada-entre-el-gobierno-de-espana-y-los-agentes-sociales\/"]}]},{"@type":"ImageObject","inLanguage":"ca","@id":"https:\/\/www.psib-psoe.org\/eivissa\/el-psoe-pide-a-las-instituciones-de-eivissa-apoyo-a-la-reforma-laboral-acordada-entre-el-gobierno-de-espana-y-los-agentes-sociales\/#primaryimage","url":"https:\/\/www.psib-psoe.org\/eivissa\/wp-content\/uploads\/Sanchez-sindicatos-y-empresarios-630x354.jpeg","contentUrl":"https:\/\/www.psib-psoe.org\/eivissa\/wp-content\/uploads\/Sanchez-sindicatos-y-empresarios-630x354.jpeg","width":630,"height":354},{"@type":"BreadcrumbList","@id":"https:\/\/www.psib-psoe.org\/eivissa\/el-psoe-pide-a-las-instituciones-de-eivissa-apoyo-a-la-reforma-laboral-acordada-entre-el-gobierno-de-espana-y-los-agentes-sociales\/#breadcrumb","itemListElement":[{"@type":"ListItem","position":1,"name":"Inici","item":"https:\/\/www.psib-psoe.org\/eivissa\/"},{"@type":"ListItem","position":2,"name":"El PSOE pide a las instituciones de Eivissa apoyo a la reforma laboral acordada entre el Gobierno de Espa\u00f1a y los agentes sociales"}]},{"@type":"WebSite","@id":"https:\/\/www.psib-psoe.org\/eivissa\/#website","url":"https:\/\/www.psib-psoe.org\/eivissa\/","name":"Federaci\u00f3 Socialista d'Eivissa","description":"Socialistes d&#039;Eivissa","publisher":{"@id":"https:\/\/www.psib-psoe.org\/eivissa\/#organization"},"potentialAction":[{"@type":"SearchAction","target":{"@type":"EntryPoint","urlTemplate":"https:\/\/www.psib-psoe.org\/eivissa\/?s={search_term_string}"},"query-input":{"@type":"PropertyValueSpecification","valueRequired":true,"valueName":"search_term_string"}}],"inLanguage":"ca"},{"@type":"Organization","@id":"https:\/\/www.psib-psoe.org\/eivissa\/#organization","name":"Federaci\u00f3 Socialista d'Eivissa","url":"https:\/\/www.psib-psoe.org\/eivissa\/","logo":{"@type":"ImageObject","inLanguage":"ca","@id":"https:\/\/www.psib-psoe.org\/eivissa\/#\/schema\/logo\/image\/","url":"https:\/\/www.psib-psoe.org\/eivissa\/wp-content\/uploads\/LOGO-FSE-SOCIALISTA-DEIVISSA-HORI.png","contentUrl":"https:\/\/www.psib-psoe.org\/eivissa\/wp-content\/uploads\/LOGO-FSE-SOCIALISTA-DEIVISSA-HORI.png","width":6000,"height":3104,"caption":"Federaci\u00f3 Socialista d'Eivissa"},"image":{"@id":"https:\/\/www.psib-psoe.org\/eivissa\/#\/schema\/logo\/image\/"}},{"@type":"Person","@id":"https:\/\/www.psib-psoe.org\/eivissa\/#\/schema\/person\/7a9d2841fb36f32e34fc0e9b245e8117","name":"Josep Ripoll","sameAs":["http:\/\/www.psib-psoe.org\/eivissa\/wp-login.php"],"url":"https:\/\/www.psib-psoe.org\/eivissa\/author\/josep\/"}]}},"_links":{"self":[{"href":"https:\/\/www.psib-psoe.org\/eivissa\/wp-json\/wp\/v2\/posts\/35029","targetHints":{"allow":["GET"]}}],"collection":[{"href":"https:\/\/www.psib-psoe.org\/eivissa\/wp-json\/wp\/v2\/posts"}],"about":[{"href":"https:\/\/www.psib-psoe.org\/eivissa\/wp-json\/wp\/v2\/types\/post"}],"author":[{"embeddable":true,"href":"https:\/\/www.psib-psoe.org\/eivissa\/wp-json\/wp\/v2\/users\/7"}],"replies":[{"embeddable":true,"href":"https:\/\/www.psib-psoe.org\/eivissa\/wp-json\/wp\/v2\/comments?post=35029"}],"version-history":[{"count":1,"href":"https:\/\/www.psib-psoe.org\/eivissa\/wp-json\/wp\/v2\/posts\/35029\/revisions"}],"predecessor-version":[{"id":35030,"href":"https:\/\/www.psib-psoe.org\/eivissa\/wp-json\/wp\/v2\/posts\/35029\/revisions\/35030"}],"wp:featuredmedia":[{"embeddable":true,"href":"https:\/\/www.psib-psoe.org\/eivissa\/wp-json\/wp\/v2\/media\/35027"}],"wp:attachment":[{"href":"https:\/\/www.psib-psoe.org\/eivissa\/wp-json\/wp\/v2\/media?parent=35029"}],"wp:term":[{"taxonomy":"category","embeddable":true,"href":"https:\/\/www.psib-psoe.org\/eivissa\/wp-json\/wp\/v2\/categories?post=35029"},{"taxonomy":"post_tag","embeddable":true,"href":"https:\/\/www.psib-psoe.org\/eivissa\/wp-json\/wp\/v2\/tags?post=35029"}],"curies":[{"name":"wp","href":"https:\/\/api.w.org\/{rel}","templated":true}]}}