{"id":35034,"date":"2022-01-28T08:30:53","date_gmt":"2022-01-28T06:30:53","guid":{"rendered":"https:\/\/www.psib-psoe.org\/eivissa\/?p=35034"},"modified":"2022-01-27T10:14:44","modified_gmt":"2022-01-27T08:14:44","slug":"el-psoe-lamenta-la-insuficiente-promocion-de-eivissa-en-fitur-por-parte-del-consell-insular-pese-a-que-el-momento-obliga-a-volcar-el-maximo-esfuerzo","status":"publish","type":"post","link":"https:\/\/www.psib-psoe.org\/eivissa\/el-psoe-lamenta-la-insuficiente-promocion-de-eivissa-en-fitur-por-parte-del-consell-insular-pese-a-que-el-momento-obliga-a-volcar-el-maximo-esfuerzo\/","title":{"rendered":"El PSOE lamenta la insuficiente promoci\u00f3n de Eivissa en Fitur por parte del Consell Insular, pese a que el momento obliga a volcar el m\u00e1ximo esfuerzo"},"content":{"rendered":"<p>La Federaci\u00f3n Socialista de Eivissa (FSE-PSOE) quiere manifestar p\u00fablicamente su decepci\u00f3n por una promoci\u00f3n tur\u00edstica insuficiente y pobre por parte del Consell Insular de Eivissa en la Feria Internacional de Turismo de Madrid (FITUR).\u00a0 S\u00f3lo las presentaciones de los ayuntamientos de Eivissa y Sant Josep (y una presentaci\u00f3n de Sant Joan) y de las empresas privadas han ayudado a dotar de contenido a la promoci\u00f3n que se ha hecho de la isla, contrarrestando as\u00ed la poca actividad y poco inter\u00e9s del equipo de gobierno de Vicent Mar\u00ed en la feria, as\u00ed como de los de ayuntamientos de Santa Eul\u00e0ria y Sant Antoni.<\/p>\n<p>En un total de cinco d\u00edas de FITUR, el Consell Insular \u00fanicamente ha organizado la presentaci\u00f3n del calendario deportivo. Un contenido muy pobre por una feria como esta y en un momento tan importante para la recuperaci\u00f3n del turismo, en el que todos los destinos se est\u00e1n esforzando por captar visitantes y salir de la crisis provocada por la pandemia.<\/p>\n<p>Recordemos que el a\u00f1o pasado, el Consell Insular se comprometi\u00f3 a llevar a FITUR el pol\u00e9mico v\u00eddeo &#8216;La vida Islados&#8217;, adjudicado de forma irregular y que cost\u00f3 250.000 euros, pero que al final no lleg\u00f3 a presentarse, y este a\u00f1o, tampoco.<\/p>\n<p>En esta edici\u00f3n de FITUR, las presentaciones del Consell Insular y de los ayuntamientos del PP han brillado por su ausencia todos los d\u00edas de feria, algo muy preocupante dada la actual situaci\u00f3n en la que Eivissa se juega la recuperaci\u00f3n tur\u00edstica y avanzar hacia un modelo m\u00e1s sostenible, alejado del turismo de excesos.<\/p>\n<p>El Consell Insular deber\u00eda volcar el m\u00e1ximo esfuerzo en la promoci\u00f3n de los valores naturales y patrimoniales, los atractivos culturales, la oferta gastron\u00f3mica o los productos ligados a la salud y el bienestar, entre otros muchos, como instituci\u00f3n p\u00fablica responsable de la promoci\u00f3n tur\u00edstica de nuestra isla.<\/p>\n","protected":false},"excerpt":{"rendered":"<p>La Federaci\u00f3n Socialista de Eivissa (FSE-PSOE) quiere manifestar p\u00fablicamente su decepci\u00f3n por una promoci\u00f3n tur\u00edstica insuficiente y pobre por parte del Consell Insular de Eivissa en la Feria Internacional de Turismo de Madrid (FITUR).\u00a0 S\u00f3lo las presentaciones de los ayuntamientos de Eivissa y Sant Josep (y una presentaci\u00f3n de Sant Joan) y de las empresas&hellip;<\/p>\n","protected":false},"author":7,"featured_media":35017,"comment_status":"closed","ping_status":"closed","sticky":false,"template":"","format":"standard","meta":{"footnotes":""},"categories":[212],"tags":[],"class_list":["post-35034","post","type-post","status-publish","format-standard","has-post-thumbnail","hentry","category-fse-psoe"],"yoast_head":"<!-- This site is optimized with the Yoast SEO plugin v26.9 - https:\/\/yoast.com\/product\/yoast-seo-wordpress\/ -->\n<title>El PSOE lamenta la insuficiente promoci\u00f3n de Eivissa en Fitur por parte del Consell Insular, pese a que el momento obliga a volcar el m\u00e1ximo esfuerzo - Federaci\u00f3 Socialista d&#039;Eivissa<\/title>\n<meta name=\"robots\" content=\"index, follow, max-snippet:-1, max-image-preview:large, max-video-preview:-1\" \/>\n<link rel=\"canonical\" href=\"https:\/\/www.psib-psoe.org\/eivissa\/el-psoe-lamenta-la-insuficiente-promocion-de-eivissa-en-fitur-por-parte-del-consell-insular-pese-a-que-el-momento-obliga-a-volcar-el-maximo-esfuerzo\/\" \/>\n<meta property=\"og:locale\" content=\"ca_ES\" \/>\n<meta property=\"og:type\" content=\"article\" \/>\n<meta property=\"og:title\" content=\"El PSOE lamenta la insuficiente promoci\u00f3n de Eivissa en Fitur por parte del Consell Insular, pese a que el momento obliga a volcar el m\u00e1ximo esfuerzo - Federaci\u00f3 Socialista d&#039;Eivissa\" \/>\n<meta property=\"og:description\" content=\"La Federaci\u00f3n Socialista de Eivissa (FSE-PSOE) quiere manifestar p\u00fablicamente su decepci\u00f3n por una promoci\u00f3n tur\u00edstica insuficiente y pobre por parte del Consell Insular de Eivissa en la Feria Internacional de Turismo de Madrid (FITUR).\u00a0 S\u00f3lo las presentaciones de los ayuntamientos de Eivissa y Sant Josep (y una presentaci\u00f3n de Sant Joan) y de las empresas&hellip;\" \/>\n<meta property=\"og:url\" content=\"https:\/\/www.psib-psoe.org\/eivissa\/el-psoe-lamenta-la-insuficiente-promocion-de-eivissa-en-fitur-por-parte-del-consell-insular-pese-a-que-el-momento-obliga-a-volcar-el-maximo-esfuerzo\/\" \/>\n<meta property=\"og:site_name\" content=\"Federaci\u00f3 Socialista d&#039;Eivissa\" \/>\n<meta property=\"article:published_time\" content=\"2022-01-28T06:30:53+00:00\" \/>\n<meta property=\"og:image\" content=\"https:\/\/www.psib-psoe.org\/eivissa\/wp-content\/uploads\/FITUR-2022.png\" \/>\n\t<meta property=\"og:image:width\" content=\"1356\" \/>\n\t<meta property=\"og:image:height\" content=\"880\" \/>\n\t<meta property=\"og:image:type\" content=\"image\/png\" \/>\n<meta name=\"author\" content=\"Josep Ripoll\" \/>\n<meta name=\"twitter:card\" content=\"summary_large_image\" \/>\n<meta name=\"twitter:label1\" content=\"Escrit per\" \/>\n\t<meta name=\"twitter:data1\" content=\"Josep Ripoll\" \/>\n\t<meta name=\"twitter:label2\" content=\"Temps estimat de lectura\" \/>\n\t<meta name=\"twitter:data2\" content=\"2 minuts\" \/>\n<script type=\"application\/ld+json\" class=\"yoast-schema-graph\">{\"@context\":\"https:\/\/schema.org\",\"@graph\":[{\"@type\":[\"Article\",\"BlogPosting\"],\"@id\":\"https:\/\/www.psib-psoe.org\/eivissa\/el-psoe-lamenta-la-insuficiente-promocion-de-eivissa-en-fitur-por-parte-del-consell-insular-pese-a-que-el-momento-obliga-a-volcar-el-maximo-esfuerzo\/#article\",\"isPartOf\":{\"@id\":\"https:\/\/www.psib-psoe.org\/eivissa\/el-psoe-lamenta-la-insuficiente-promocion-de-eivissa-en-fitur-por-parte-del-consell-insular-pese-a-que-el-momento-obliga-a-volcar-el-maximo-esfuerzo\/\"},\"author\":{\"name\":\"Josep Ripoll\",\"@id\":\"https:\/\/www.psib-psoe.org\/eivissa\/#\/schema\/person\/7a9d2841fb36f32e34fc0e9b245e8117\"},\"headline\":\"El PSOE lamenta la insuficiente promoci\u00f3n de Eivissa en Fitur por parte del Consell Insular, pese a que el momento obliga a volcar el m\u00e1ximo esfuerzo\",\"datePublished\":\"2022-01-28T06:30:53+00:00\",\"mainEntityOfPage\":{\"@id\":\"https:\/\/www.psib-psoe.org\/eivissa\/el-psoe-lamenta-la-insuficiente-promocion-de-eivissa-en-fitur-por-parte-del-consell-insular-pese-a-que-el-momento-obliga-a-volcar-el-maximo-esfuerzo\/\"},\"wordCount\":363,\"publisher\":{\"@id\":\"https:\/\/www.psib-psoe.org\/eivissa\/#organization\"},\"image\":{\"@id\":\"https:\/\/www.psib-psoe.org\/eivissa\/el-psoe-lamenta-la-insuficiente-promocion-de-eivissa-en-fitur-por-parte-del-consell-insular-pese-a-que-el-momento-obliga-a-volcar-el-maximo-esfuerzo\/#primaryimage\"},\"thumbnailUrl\":\"https:\/\/www.psib-psoe.org\/eivissa\/wp-content\/uploads\/FITUR-2022.png\",\"articleSection\":[\"FSE-PSOE\"],\"inLanguage\":\"ca\"},{\"@type\":\"WebPage\",\"@id\":\"https:\/\/www.psib-psoe.org\/eivissa\/el-psoe-lamenta-la-insuficiente-promocion-de-eivissa-en-fitur-por-parte-del-consell-insular-pese-a-que-el-momento-obliga-a-volcar-el-maximo-esfuerzo\/\",\"url\":\"https:\/\/www.psib-psoe.org\/eivissa\/el-psoe-lamenta-la-insuficiente-promocion-de-eivissa-en-fitur-por-parte-del-consell-insular-pese-a-que-el-momento-obliga-a-volcar-el-maximo-esfuerzo\/\",\"name\":\"El PSOE lamenta la insuficiente promoci\u00f3n de Eivissa en Fitur por parte del Consell Insular, pese a que el momento obliga a volcar el m\u00e1ximo esfuerzo - Federaci\u00f3 Socialista d&#039;Eivissa\",\"isPartOf\":{\"@id\":\"https:\/\/www.psib-psoe.org\/eivissa\/#website\"},\"primaryImageOfPage\":{\"@id\":\"https:\/\/www.psib-psoe.org\/eivissa\/el-psoe-lamenta-la-insuficiente-promocion-de-eivissa-en-fitur-por-parte-del-consell-insular-pese-a-que-el-momento-obliga-a-volcar-el-maximo-esfuerzo\/#primaryimage\"},\"image\":{\"@id\":\"https:\/\/www.psib-psoe.org\/eivissa\/el-psoe-lamenta-la-insuficiente-promocion-de-eivissa-en-fitur-por-parte-del-consell-insular-pese-a-que-el-momento-obliga-a-volcar-el-maximo-esfuerzo\/#primaryimage\"},\"thumbnailUrl\":\"https:\/\/www.psib-psoe.org\/eivissa\/wp-content\/uploads\/FITUR-2022.png\",\"datePublished\":\"2022-01-28T06:30:53+00:00\",\"breadcrumb\":{\"@id\":\"https:\/\/www.psib-psoe.org\/eivissa\/el-psoe-lamenta-la-insuficiente-promocion-de-eivissa-en-fitur-por-parte-del-consell-insular-pese-a-que-el-momento-obliga-a-volcar-el-maximo-esfuerzo\/#breadcrumb\"},\"inLanguage\":\"ca\",\"potentialAction\":[{\"@type\":\"ReadAction\",\"target\":[\"https:\/\/www.psib-psoe.org\/eivissa\/el-psoe-lamenta-la-insuficiente-promocion-de-eivissa-en-fitur-por-parte-del-consell-insular-pese-a-que-el-momento-obliga-a-volcar-el-maximo-esfuerzo\/\"]}]},{\"@type\":\"ImageObject\",\"inLanguage\":\"ca\",\"@id\":\"https:\/\/www.psib-psoe.org\/eivissa\/el-psoe-lamenta-la-insuficiente-promocion-de-eivissa-en-fitur-por-parte-del-consell-insular-pese-a-que-el-momento-obliga-a-volcar-el-maximo-esfuerzo\/#primaryimage\",\"url\":\"https:\/\/www.psib-psoe.org\/eivissa\/wp-content\/uploads\/FITUR-2022.png\",\"contentUrl\":\"https:\/\/www.psib-psoe.org\/eivissa\/wp-content\/uploads\/FITUR-2022.png\",\"width\":1356,\"height\":880},{\"@type\":\"BreadcrumbList\",\"@id\":\"https:\/\/www.psib-psoe.org\/eivissa\/el-psoe-lamenta-la-insuficiente-promocion-de-eivissa-en-fitur-por-parte-del-consell-insular-pese-a-que-el-momento-obliga-a-volcar-el-maximo-esfuerzo\/#breadcrumb\",\"itemListElement\":[{\"@type\":\"ListItem\",\"position\":1,\"name\":\"Inici\",\"item\":\"https:\/\/www.psib-psoe.org\/eivissa\/\"},{\"@type\":\"ListItem\",\"position\":2,\"name\":\"El PSOE lamenta la insuficiente promoci\u00f3n de Eivissa en Fitur por parte del Consell Insular, pese a que el momento obliga a volcar el m\u00e1ximo esfuerzo\"}]},{\"@type\":\"WebSite\",\"@id\":\"https:\/\/www.psib-psoe.org\/eivissa\/#website\",\"url\":\"https:\/\/www.psib-psoe.org\/eivissa\/\",\"name\":\"Federaci\u00f3 Socialista d'Eivissa\",\"description\":\"Socialistes d&#039;Eivissa\",\"publisher\":{\"@id\":\"https:\/\/www.psib-psoe.org\/eivissa\/#organization\"},\"potentialAction\":[{\"@type\":\"SearchAction\",\"target\":{\"@type\":\"EntryPoint\",\"urlTemplate\":\"https:\/\/www.psib-psoe.org\/eivissa\/?s={search_term_string}\"},\"query-input\":{\"@type\":\"PropertyValueSpecification\",\"valueRequired\":true,\"valueName\":\"search_term_string\"}}],\"inLanguage\":\"ca\"},{\"@type\":\"Organization\",\"@id\":\"https:\/\/www.psib-psoe.org\/eivissa\/#organization\",\"name\":\"Federaci\u00f3 Socialista d'Eivissa\",\"url\":\"https:\/\/www.psib-psoe.org\/eivissa\/\",\"logo\":{\"@type\":\"ImageObject\",\"inLanguage\":\"ca\",\"@id\":\"https:\/\/www.psib-psoe.org\/eivissa\/#\/schema\/logo\/image\/\",\"url\":\"https:\/\/www.psib-psoe.org\/eivissa\/wp-content\/uploads\/LOGO-FSE-SOCIALISTA-DEIVISSA-HORI.png\",\"contentUrl\":\"https:\/\/www.psib-psoe.org\/eivissa\/wp-content\/uploads\/LOGO-FSE-SOCIALISTA-DEIVISSA-HORI.png\",\"width\":6000,\"height\":3104,\"caption\":\"Federaci\u00f3 Socialista d'Eivissa\"},\"image\":{\"@id\":\"https:\/\/www.psib-psoe.org\/eivissa\/#\/schema\/logo\/image\/\"}},{\"@type\":\"Person\",\"@id\":\"https:\/\/www.psib-psoe.org\/eivissa\/#\/schema\/person\/7a9d2841fb36f32e34fc0e9b245e8117\",\"name\":\"Josep Ripoll\",\"sameAs\":[\"http:\/\/www.psib-psoe.org\/eivissa\/wp-login.php\"],\"url\":\"https:\/\/www.psib-psoe.org\/eivissa\/author\/josep\/\"}]}<\/script>\n<!-- \/ Yoast SEO plugin. -->","yoast_head_json":{"title":"El PSOE lamenta la insuficiente promoci\u00f3n de Eivissa en Fitur por parte del Consell Insular, pese a que el momento obliga a volcar el m\u00e1ximo esfuerzo - Federaci\u00f3 Socialista d&#039;Eivissa","robots":{"index":"index","follow":"follow","max-snippet":"max-snippet:-1","max-image-preview":"max-image-preview:large","max-video-preview":"max-video-preview:-1"},"canonical":"https:\/\/www.psib-psoe.org\/eivissa\/el-psoe-lamenta-la-insuficiente-promocion-de-eivissa-en-fitur-por-parte-del-consell-insular-pese-a-que-el-momento-obliga-a-volcar-el-maximo-esfuerzo\/","og_locale":"ca_ES","og_type":"article","og_title":"El PSOE lamenta la insuficiente promoci\u00f3n de Eivissa en Fitur por parte del Consell Insular, pese a que el momento obliga a volcar el m\u00e1ximo esfuerzo - Federaci\u00f3 Socialista d&#039;Eivissa","og_description":"La Federaci\u00f3n Socialista de Eivissa (FSE-PSOE) quiere manifestar p\u00fablicamente su decepci\u00f3n por una promoci\u00f3n tur\u00edstica insuficiente y pobre por parte del Consell Insular de Eivissa en la Feria Internacional de Turismo de Madrid (FITUR).\u00a0 S\u00f3lo las presentaciones de los ayuntamientos de Eivissa y Sant Josep (y una presentaci\u00f3n de Sant Joan) y de las empresas&hellip;","og_url":"https:\/\/www.psib-psoe.org\/eivissa\/el-psoe-lamenta-la-insuficiente-promocion-de-eivissa-en-fitur-por-parte-del-consell-insular-pese-a-que-el-momento-obliga-a-volcar-el-maximo-esfuerzo\/","og_site_name":"Federaci\u00f3 Socialista d&#039;Eivissa","article_published_time":"2022-01-28T06:30:53+00:00","og_image":[{"width":1356,"height":880,"url":"https:\/\/www.psib-psoe.org\/eivissa\/wp-content\/uploads\/FITUR-2022.png","type":"image\/png"}],"author":"Josep Ripoll","twitter_card":"summary_large_image","twitter_misc":{"Escrit per":"Josep Ripoll","Temps estimat de lectura":"2 minuts"},"schema":{"@context":"https:\/\/schema.org","@graph":[{"@type":["Article","BlogPosting"],"@id":"https:\/\/www.psib-psoe.org\/eivissa\/el-psoe-lamenta-la-insuficiente-promocion-de-eivissa-en-fitur-por-parte-del-consell-insular-pese-a-que-el-momento-obliga-a-volcar-el-maximo-esfuerzo\/#article","isPartOf":{"@id":"https:\/\/www.psib-psoe.org\/eivissa\/el-psoe-lamenta-la-insuficiente-promocion-de-eivissa-en-fitur-por-parte-del-consell-insular-pese-a-que-el-momento-obliga-a-volcar-el-maximo-esfuerzo\/"},"author":{"name":"Josep Ripoll","@id":"https:\/\/www.psib-psoe.org\/eivissa\/#\/schema\/person\/7a9d2841fb36f32e34fc0e9b245e8117"},"headline":"El PSOE lamenta la insuficiente promoci\u00f3n de Eivissa en Fitur por parte del Consell Insular, pese a que el momento obliga a volcar el m\u00e1ximo esfuerzo","datePublished":"2022-01-28T06:30:53+00:00","mainEntityOfPage":{"@id":"https:\/\/www.psib-psoe.org\/eivissa\/el-psoe-lamenta-la-insuficiente-promocion-de-eivissa-en-fitur-por-parte-del-consell-insular-pese-a-que-el-momento-obliga-a-volcar-el-maximo-esfuerzo\/"},"wordCount":363,"publisher":{"@id":"https:\/\/www.psib-psoe.org\/eivissa\/#organization"},"image":{"@id":"https:\/\/www.psib-psoe.org\/eivissa\/el-psoe-lamenta-la-insuficiente-promocion-de-eivissa-en-fitur-por-parte-del-consell-insular-pese-a-que-el-momento-obliga-a-volcar-el-maximo-esfuerzo\/#primaryimage"},"thumbnailUrl":"https:\/\/www.psib-psoe.org\/eivissa\/wp-content\/uploads\/FITUR-2022.png","articleSection":["FSE-PSOE"],"inLanguage":"ca"},{"@type":"WebPage","@id":"https:\/\/www.psib-psoe.org\/eivissa\/el-psoe-lamenta-la-insuficiente-promocion-de-eivissa-en-fitur-por-parte-del-consell-insular-pese-a-que-el-momento-obliga-a-volcar-el-maximo-esfuerzo\/","url":"https:\/\/www.psib-psoe.org\/eivissa\/el-psoe-lamenta-la-insuficiente-promocion-de-eivissa-en-fitur-por-parte-del-consell-insular-pese-a-que-el-momento-obliga-a-volcar-el-maximo-esfuerzo\/","name":"El PSOE lamenta la insuficiente promoci\u00f3n de Eivissa en Fitur por parte del Consell Insular, pese a que el momento obliga a volcar el m\u00e1ximo esfuerzo - Federaci\u00f3 Socialista d&#039;Eivissa","isPartOf":{"@id":"https:\/\/www.psib-psoe.org\/eivissa\/#website"},"primaryImageOfPage":{"@id":"https:\/\/www.psib-psoe.org\/eivissa\/el-psoe-lamenta-la-insuficiente-promocion-de-eivissa-en-fitur-por-parte-del-consell-insular-pese-a-que-el-momento-obliga-a-volcar-el-maximo-esfuerzo\/#primaryimage"},"image":{"@id":"https:\/\/www.psib-psoe.org\/eivissa\/el-psoe-lamenta-la-insuficiente-promocion-de-eivissa-en-fitur-por-parte-del-consell-insular-pese-a-que-el-momento-obliga-a-volcar-el-maximo-esfuerzo\/#primaryimage"},"thumbnailUrl":"https:\/\/www.psib-psoe.org\/eivissa\/wp-content\/uploads\/FITUR-2022.png","datePublished":"2022-01-28T06:30:53+00:00","breadcrumb":{"@id":"https:\/\/www.psib-psoe.org\/eivissa\/el-psoe-lamenta-la-insuficiente-promocion-de-eivissa-en-fitur-por-parte-del-consell-insular-pese-a-que-el-momento-obliga-a-volcar-el-maximo-esfuerzo\/#breadcrumb"},"inLanguage":"ca","potentialAction":[{"@type":"ReadAction","target":["https:\/\/www.psib-psoe.org\/eivissa\/el-psoe-lamenta-la-insuficiente-promocion-de-eivissa-en-fitur-por-parte-del-consell-insular-pese-a-que-el-momento-obliga-a-volcar-el-maximo-esfuerzo\/"]}]},{"@type":"ImageObject","inLanguage":"ca","@id":"https:\/\/www.psib-psoe.org\/eivissa\/el-psoe-lamenta-la-insuficiente-promocion-de-eivissa-en-fitur-por-parte-del-consell-insular-pese-a-que-el-momento-obliga-a-volcar-el-maximo-esfuerzo\/#primaryimage","url":"https:\/\/www.psib-psoe.org\/eivissa\/wp-content\/uploads\/FITUR-2022.png","contentUrl":"https:\/\/www.psib-psoe.org\/eivissa\/wp-content\/uploads\/FITUR-2022.png","width":1356,"height":880},{"@type":"BreadcrumbList","@id":"https:\/\/www.psib-psoe.org\/eivissa\/el-psoe-lamenta-la-insuficiente-promocion-de-eivissa-en-fitur-por-parte-del-consell-insular-pese-a-que-el-momento-obliga-a-volcar-el-maximo-esfuerzo\/#breadcrumb","itemListElement":[{"@type":"ListItem","position":1,"name":"Inici","item":"https:\/\/www.psib-psoe.org\/eivissa\/"},{"@type":"ListItem","position":2,"name":"El PSOE lamenta la insuficiente promoci\u00f3n de Eivissa en Fitur por parte del Consell Insular, pese a que el momento obliga a volcar el m\u00e1ximo esfuerzo"}]},{"@type":"WebSite","@id":"https:\/\/www.psib-psoe.org\/eivissa\/#website","url":"https:\/\/www.psib-psoe.org\/eivissa\/","name":"Federaci\u00f3 Socialista d'Eivissa","description":"Socialistes d&#039;Eivissa","publisher":{"@id":"https:\/\/www.psib-psoe.org\/eivissa\/#organization"},"potentialAction":[{"@type":"SearchAction","target":{"@type":"EntryPoint","urlTemplate":"https:\/\/www.psib-psoe.org\/eivissa\/?s={search_term_string}"},"query-input":{"@type":"PropertyValueSpecification","valueRequired":true,"valueName":"search_term_string"}}],"inLanguage":"ca"},{"@type":"Organization","@id":"https:\/\/www.psib-psoe.org\/eivissa\/#organization","name":"Federaci\u00f3 Socialista d'Eivissa","url":"https:\/\/www.psib-psoe.org\/eivissa\/","logo":{"@type":"ImageObject","inLanguage":"ca","@id":"https:\/\/www.psib-psoe.org\/eivissa\/#\/schema\/logo\/image\/","url":"https:\/\/www.psib-psoe.org\/eivissa\/wp-content\/uploads\/LOGO-FSE-SOCIALISTA-DEIVISSA-HORI.png","contentUrl":"https:\/\/www.psib-psoe.org\/eivissa\/wp-content\/uploads\/LOGO-FSE-SOCIALISTA-DEIVISSA-HORI.png","width":6000,"height":3104,"caption":"Federaci\u00f3 Socialista d'Eivissa"},"image":{"@id":"https:\/\/www.psib-psoe.org\/eivissa\/#\/schema\/logo\/image\/"}},{"@type":"Person","@id":"https:\/\/www.psib-psoe.org\/eivissa\/#\/schema\/person\/7a9d2841fb36f32e34fc0e9b245e8117","name":"Josep Ripoll","sameAs":["http:\/\/www.psib-psoe.org\/eivissa\/wp-login.php"],"url":"https:\/\/www.psib-psoe.org\/eivissa\/author\/josep\/"}]}},"_links":{"self":[{"href":"https:\/\/www.psib-psoe.org\/eivissa\/wp-json\/wp\/v2\/posts\/35034","targetHints":{"allow":["GET"]}}],"collection":[{"href":"https:\/\/www.psib-psoe.org\/eivissa\/wp-json\/wp\/v2\/posts"}],"about":[{"href":"https:\/\/www.psib-psoe.org\/eivissa\/wp-json\/wp\/v2\/types\/post"}],"author":[{"embeddable":true,"href":"https:\/\/www.psib-psoe.org\/eivissa\/wp-json\/wp\/v2\/users\/7"}],"replies":[{"embeddable":true,"href":"https:\/\/www.psib-psoe.org\/eivissa\/wp-json\/wp\/v2\/comments?post=35034"}],"version-history":[{"count":2,"href":"https:\/\/www.psib-psoe.org\/eivissa\/wp-json\/wp\/v2\/posts\/35034\/revisions"}],"predecessor-version":[{"id":35036,"href":"https:\/\/www.psib-psoe.org\/eivissa\/wp-json\/wp\/v2\/posts\/35034\/revisions\/35036"}],"wp:featuredmedia":[{"embeddable":true,"href":"https:\/\/www.psib-psoe.org\/eivissa\/wp-json\/wp\/v2\/media\/35017"}],"wp:attachment":[{"href":"https:\/\/www.psib-psoe.org\/eivissa\/wp-json\/wp\/v2\/media?parent=35034"}],"wp:term":[{"taxonomy":"category","embeddable":true,"href":"https:\/\/www.psib-psoe.org\/eivissa\/wp-json\/wp\/v2\/categories?post=35034"},{"taxonomy":"post_tag","embeddable":true,"href":"https:\/\/www.psib-psoe.org\/eivissa\/wp-json\/wp\/v2\/tags?post=35034"}],"curies":[{"name":"wp","href":"https:\/\/api.w.org\/{rel}","templated":true}]}}