{"id":35053,"date":"2022-01-28T10:15:03","date_gmt":"2022-01-28T08:15:03","guid":{"rendered":"https:\/\/www.psib-psoe.org\/eivissa\/?p=35053"},"modified":"2022-01-27T10:55:56","modified_gmt":"2022-01-27T08:55:56","slug":"la-fse-se-reune-con-los-sindicatos-para-abordar-las-nuevas-medidas-sociolaborales-y-las-previsiones-de-la-temporada","status":"publish","type":"post","link":"https:\/\/www.psib-psoe.org\/eivissa\/la-fse-se-reune-con-los-sindicatos-para-abordar-las-nuevas-medidas-sociolaborales-y-las-previsiones-de-la-temporada\/","title":{"rendered":"La FSE se re\u00fane con los sindicatos para abordar las nuevas medidas sociolaborales y las previsiones de la temporada"},"content":{"rendered":"<p>El secretario general de la Federaci\u00f3n Socialista de Eivissa y consejero balear de Movilidad y Vivienda, Josep Mar\u00ed Ribas, acompa\u00f1ado del conseller insular V\u00edctor Torres, se ha reunido con los secretarios generales de UGT y de Comisiones Obreras en Eivissa, Fernando Fern\u00e1ndez y Consuelo L\u00f3pez, y otros representantes de los sindicatos para abordar la situaci\u00f3n sociolaboral en la isla y las nuevas medidas de los gobiernos de Espa\u00f1a y de las Illes Balears.<\/p>\n<p>Mar\u00ed Ribas ha destacado a los representantes sindicales el acuerdo por la Reforma Laboral, que ha sido fruto del di\u00e1logo social, y que conf\u00eda en que tenga un amplio apoyo a las Cortes Generales, ya que redundar\u00e1 en favor de la recuperaci\u00f3n de los puestos de trabajo, la mejora de la formaci\u00f3n y contra la precariedad.<\/p>\n<p>En la reuni\u00f3n se trat\u00f3 tambi\u00e9n la nueva Ley Tur\u00edstica de las Balears, que seg\u00fan destac\u00f3 el secretario general socialista supondr\u00e1 un gran avance para nuestras islas, liderando un cambio de modelo en favor de la sostenibilidad y de los derechos sociales de los trabajadores y trabajadoras del sector.<\/p>\n<p>Durante el encuentro se han comentado las previsiones para la pr\u00f3xima temporada tur\u00edstica, que en el caso de Eivissa el PSOE conf\u00eda en que sea de plena recuperaci\u00f3n, y otras medidas aprobadas recientemente, como el compromiso socialista de incrementar las pensiones de acuerdo con el aumento del IPC.<\/p>\n","protected":false},"excerpt":{"rendered":"<p>El secretario general de la Federaci\u00f3n Socialista de Eivissa y consejero balear de Movilidad y Vivienda, Josep Mar\u00ed Ribas, acompa\u00f1ado del conseller insular V\u00edctor Torres, se ha reunido con los secretarios generales de UGT y de Comisiones Obreras en Eivissa, Fernando Fern\u00e1ndez y Consuelo L\u00f3pez, y otros representantes de los sindicatos para abordar la situaci\u00f3n&hellip;<\/p>\n","protected":false},"author":7,"featured_media":35052,"comment_status":"closed","ping_status":"closed","sticky":false,"template":"","format":"standard","meta":{"footnotes":""},"categories":[212],"tags":[],"class_list":["post-35053","post","type-post","status-publish","format-standard","has-post-thumbnail","hentry","category-fse-psoe"],"yoast_head":"<!-- This site is optimized with the Yoast SEO plugin v26.9 - https:\/\/yoast.com\/product\/yoast-seo-wordpress\/ -->\n<title>La FSE se re\u00fane con los sindicatos para abordar las nuevas medidas sociolaborales y las previsiones de la temporada - Federaci\u00f3 Socialista d&#039;Eivissa<\/title>\n<meta name=\"robots\" content=\"index, follow, max-snippet:-1, max-image-preview:large, max-video-preview:-1\" \/>\n<link rel=\"canonical\" href=\"https:\/\/www.psib-psoe.org\/eivissa\/la-fse-se-reune-con-los-sindicatos-para-abordar-las-nuevas-medidas-sociolaborales-y-las-previsiones-de-la-temporada\/\" \/>\n<meta property=\"og:locale\" content=\"ca_ES\" \/>\n<meta property=\"og:type\" content=\"article\" \/>\n<meta property=\"og:title\" content=\"La FSE se re\u00fane con los sindicatos para abordar las nuevas medidas sociolaborales y las previsiones de la temporada - Federaci\u00f3 Socialista d&#039;Eivissa\" \/>\n<meta property=\"og:description\" content=\"El secretario general de la Federaci\u00f3n Socialista de Eivissa y consejero balear de Movilidad y Vivienda, Josep Mar\u00ed Ribas, acompa\u00f1ado del conseller insular V\u00edctor Torres, se ha reunido con los secretarios generales de UGT y de Comisiones Obreras en Eivissa, Fernando Fern\u00e1ndez y Consuelo L\u00f3pez, y otros representantes de los sindicatos para abordar la situaci\u00f3n&hellip;\" \/>\n<meta property=\"og:url\" content=\"https:\/\/www.psib-psoe.org\/eivissa\/la-fse-se-reune-con-los-sindicatos-para-abordar-las-nuevas-medidas-sociolaborales-y-las-previsiones-de-la-temporada\/\" \/>\n<meta property=\"og:site_name\" content=\"Federaci\u00f3 Socialista d&#039;Eivissa\" \/>\n<meta property=\"article:published_time\" content=\"2022-01-28T08:15:03+00:00\" \/>\n<meta property=\"og:image\" content=\"https:\/\/www.psib-psoe.org\/eivissa\/wp-content\/uploads\/reunio-sindicats.jpg\" \/>\n\t<meta property=\"og:image:width\" content=\"1024\" \/>\n\t<meta property=\"og:image:height\" content=\"768\" \/>\n\t<meta property=\"og:image:type\" content=\"image\/jpeg\" \/>\n<meta name=\"author\" content=\"Josep Ripoll\" \/>\n<meta name=\"twitter:card\" content=\"summary_large_image\" \/>\n<meta name=\"twitter:label1\" content=\"Escrit per\" \/>\n\t<meta name=\"twitter:data1\" content=\"Josep Ripoll\" \/>\n\t<meta name=\"twitter:label2\" content=\"Temps estimat de lectura\" \/>\n\t<meta name=\"twitter:data2\" content=\"1 minut\" \/>\n<script type=\"application\/ld+json\" class=\"yoast-schema-graph\">{\"@context\":\"https:\/\/schema.org\",\"@graph\":[{\"@type\":[\"Article\",\"BlogPosting\"],\"@id\":\"https:\/\/www.psib-psoe.org\/eivissa\/la-fse-se-reune-con-los-sindicatos-para-abordar-las-nuevas-medidas-sociolaborales-y-las-previsiones-de-la-temporada\/#article\",\"isPartOf\":{\"@id\":\"https:\/\/www.psib-psoe.org\/eivissa\/la-fse-se-reune-con-los-sindicatos-para-abordar-las-nuevas-medidas-sociolaborales-y-las-previsiones-de-la-temporada\/\"},\"author\":{\"name\":\"Josep Ripoll\",\"@id\":\"https:\/\/www.psib-psoe.org\/eivissa\/#\/schema\/person\/7a9d2841fb36f32e34fc0e9b245e8117\"},\"headline\":\"La FSE se re\u00fane con los sindicatos para abordar las nuevas medidas sociolaborales y las previsiones de la temporada\",\"datePublished\":\"2022-01-28T08:15:03+00:00\",\"mainEntityOfPage\":{\"@id\":\"https:\/\/www.psib-psoe.org\/eivissa\/la-fse-se-reune-con-los-sindicatos-para-abordar-las-nuevas-medidas-sociolaborales-y-las-previsiones-de-la-temporada\/\"},\"wordCount\":265,\"publisher\":{\"@id\":\"https:\/\/www.psib-psoe.org\/eivissa\/#organization\"},\"image\":{\"@id\":\"https:\/\/www.psib-psoe.org\/eivissa\/la-fse-se-reune-con-los-sindicatos-para-abordar-las-nuevas-medidas-sociolaborales-y-las-previsiones-de-la-temporada\/#primaryimage\"},\"thumbnailUrl\":\"https:\/\/www.psib-psoe.org\/eivissa\/wp-content\/uploads\/reunio-sindicats.jpg\",\"articleSection\":[\"FSE-PSOE\"],\"inLanguage\":\"ca\"},{\"@type\":\"WebPage\",\"@id\":\"https:\/\/www.psib-psoe.org\/eivissa\/la-fse-se-reune-con-los-sindicatos-para-abordar-las-nuevas-medidas-sociolaborales-y-las-previsiones-de-la-temporada\/\",\"url\":\"https:\/\/www.psib-psoe.org\/eivissa\/la-fse-se-reune-con-los-sindicatos-para-abordar-las-nuevas-medidas-sociolaborales-y-las-previsiones-de-la-temporada\/\",\"name\":\"La FSE se re\u00fane con los sindicatos para abordar las nuevas medidas sociolaborales y las previsiones de la temporada - Federaci\u00f3 Socialista d&#039;Eivissa\",\"isPartOf\":{\"@id\":\"https:\/\/www.psib-psoe.org\/eivissa\/#website\"},\"primaryImageOfPage\":{\"@id\":\"https:\/\/www.psib-psoe.org\/eivissa\/la-fse-se-reune-con-los-sindicatos-para-abordar-las-nuevas-medidas-sociolaborales-y-las-previsiones-de-la-temporada\/#primaryimage\"},\"image\":{\"@id\":\"https:\/\/www.psib-psoe.org\/eivissa\/la-fse-se-reune-con-los-sindicatos-para-abordar-las-nuevas-medidas-sociolaborales-y-las-previsiones-de-la-temporada\/#primaryimage\"},\"thumbnailUrl\":\"https:\/\/www.psib-psoe.org\/eivissa\/wp-content\/uploads\/reunio-sindicats.jpg\",\"datePublished\":\"2022-01-28T08:15:03+00:00\",\"breadcrumb\":{\"@id\":\"https:\/\/www.psib-psoe.org\/eivissa\/la-fse-se-reune-con-los-sindicatos-para-abordar-las-nuevas-medidas-sociolaborales-y-las-previsiones-de-la-temporada\/#breadcrumb\"},\"inLanguage\":\"ca\",\"potentialAction\":[{\"@type\":\"ReadAction\",\"target\":[\"https:\/\/www.psib-psoe.org\/eivissa\/la-fse-se-reune-con-los-sindicatos-para-abordar-las-nuevas-medidas-sociolaborales-y-las-previsiones-de-la-temporada\/\"]}]},{\"@type\":\"ImageObject\",\"inLanguage\":\"ca\",\"@id\":\"https:\/\/www.psib-psoe.org\/eivissa\/la-fse-se-reune-con-los-sindicatos-para-abordar-las-nuevas-medidas-sociolaborales-y-las-previsiones-de-la-temporada\/#primaryimage\",\"url\":\"https:\/\/www.psib-psoe.org\/eivissa\/wp-content\/uploads\/reunio-sindicats.jpg\",\"contentUrl\":\"https:\/\/www.psib-psoe.org\/eivissa\/wp-content\/uploads\/reunio-sindicats.jpg\",\"width\":1024,\"height\":768},{\"@type\":\"BreadcrumbList\",\"@id\":\"https:\/\/www.psib-psoe.org\/eivissa\/la-fse-se-reune-con-los-sindicatos-para-abordar-las-nuevas-medidas-sociolaborales-y-las-previsiones-de-la-temporada\/#breadcrumb\",\"itemListElement\":[{\"@type\":\"ListItem\",\"position\":1,\"name\":\"Inici\",\"item\":\"https:\/\/www.psib-psoe.org\/eivissa\/\"},{\"@type\":\"ListItem\",\"position\":2,\"name\":\"La FSE se re\u00fane con los sindicatos para abordar las nuevas medidas sociolaborales y las previsiones de la temporada\"}]},{\"@type\":\"WebSite\",\"@id\":\"https:\/\/www.psib-psoe.org\/eivissa\/#website\",\"url\":\"https:\/\/www.psib-psoe.org\/eivissa\/\",\"name\":\"Federaci\u00f3 Socialista d'Eivissa\",\"description\":\"Socialistes d&#039;Eivissa\",\"publisher\":{\"@id\":\"https:\/\/www.psib-psoe.org\/eivissa\/#organization\"},\"potentialAction\":[{\"@type\":\"SearchAction\",\"target\":{\"@type\":\"EntryPoint\",\"urlTemplate\":\"https:\/\/www.psib-psoe.org\/eivissa\/?s={search_term_string}\"},\"query-input\":{\"@type\":\"PropertyValueSpecification\",\"valueRequired\":true,\"valueName\":\"search_term_string\"}}],\"inLanguage\":\"ca\"},{\"@type\":\"Organization\",\"@id\":\"https:\/\/www.psib-psoe.org\/eivissa\/#organization\",\"name\":\"Federaci\u00f3 Socialista d'Eivissa\",\"url\":\"https:\/\/www.psib-psoe.org\/eivissa\/\",\"logo\":{\"@type\":\"ImageObject\",\"inLanguage\":\"ca\",\"@id\":\"https:\/\/www.psib-psoe.org\/eivissa\/#\/schema\/logo\/image\/\",\"url\":\"https:\/\/www.psib-psoe.org\/eivissa\/wp-content\/uploads\/LOGO-FSE-SOCIALISTA-DEIVISSA-HORI.png\",\"contentUrl\":\"https:\/\/www.psib-psoe.org\/eivissa\/wp-content\/uploads\/LOGO-FSE-SOCIALISTA-DEIVISSA-HORI.png\",\"width\":6000,\"height\":3104,\"caption\":\"Federaci\u00f3 Socialista d'Eivissa\"},\"image\":{\"@id\":\"https:\/\/www.psib-psoe.org\/eivissa\/#\/schema\/logo\/image\/\"}},{\"@type\":\"Person\",\"@id\":\"https:\/\/www.psib-psoe.org\/eivissa\/#\/schema\/person\/7a9d2841fb36f32e34fc0e9b245e8117\",\"name\":\"Josep Ripoll\",\"sameAs\":[\"http:\/\/www.psib-psoe.org\/eivissa\/wp-login.php\"],\"url\":\"https:\/\/www.psib-psoe.org\/eivissa\/author\/josep\/\"}]}<\/script>\n<!-- \/ Yoast SEO plugin. -->","yoast_head_json":{"title":"La FSE se re\u00fane con los sindicatos para abordar las nuevas medidas sociolaborales y las previsiones de la temporada - Federaci\u00f3 Socialista d&#039;Eivissa","robots":{"index":"index","follow":"follow","max-snippet":"max-snippet:-1","max-image-preview":"max-image-preview:large","max-video-preview":"max-video-preview:-1"},"canonical":"https:\/\/www.psib-psoe.org\/eivissa\/la-fse-se-reune-con-los-sindicatos-para-abordar-las-nuevas-medidas-sociolaborales-y-las-previsiones-de-la-temporada\/","og_locale":"ca_ES","og_type":"article","og_title":"La FSE se re\u00fane con los sindicatos para abordar las nuevas medidas sociolaborales y las previsiones de la temporada - Federaci\u00f3 Socialista d&#039;Eivissa","og_description":"El secretario general de la Federaci\u00f3n Socialista de Eivissa y consejero balear de Movilidad y Vivienda, Josep Mar\u00ed Ribas, acompa\u00f1ado del conseller insular V\u00edctor Torres, se ha reunido con los secretarios generales de UGT y de Comisiones Obreras en Eivissa, Fernando Fern\u00e1ndez y Consuelo L\u00f3pez, y otros representantes de los sindicatos para abordar la situaci\u00f3n&hellip;","og_url":"https:\/\/www.psib-psoe.org\/eivissa\/la-fse-se-reune-con-los-sindicatos-para-abordar-las-nuevas-medidas-sociolaborales-y-las-previsiones-de-la-temporada\/","og_site_name":"Federaci\u00f3 Socialista d&#039;Eivissa","article_published_time":"2022-01-28T08:15:03+00:00","og_image":[{"width":1024,"height":768,"url":"https:\/\/www.psib-psoe.org\/eivissa\/wp-content\/uploads\/reunio-sindicats.jpg","type":"image\/jpeg"}],"author":"Josep Ripoll","twitter_card":"summary_large_image","twitter_misc":{"Escrit per":"Josep Ripoll","Temps estimat de lectura":"1 minut"},"schema":{"@context":"https:\/\/schema.org","@graph":[{"@type":["Article","BlogPosting"],"@id":"https:\/\/www.psib-psoe.org\/eivissa\/la-fse-se-reune-con-los-sindicatos-para-abordar-las-nuevas-medidas-sociolaborales-y-las-previsiones-de-la-temporada\/#article","isPartOf":{"@id":"https:\/\/www.psib-psoe.org\/eivissa\/la-fse-se-reune-con-los-sindicatos-para-abordar-las-nuevas-medidas-sociolaborales-y-las-previsiones-de-la-temporada\/"},"author":{"name":"Josep Ripoll","@id":"https:\/\/www.psib-psoe.org\/eivissa\/#\/schema\/person\/7a9d2841fb36f32e34fc0e9b245e8117"},"headline":"La FSE se re\u00fane con los sindicatos para abordar las nuevas medidas sociolaborales y las previsiones de la temporada","datePublished":"2022-01-28T08:15:03+00:00","mainEntityOfPage":{"@id":"https:\/\/www.psib-psoe.org\/eivissa\/la-fse-se-reune-con-los-sindicatos-para-abordar-las-nuevas-medidas-sociolaborales-y-las-previsiones-de-la-temporada\/"},"wordCount":265,"publisher":{"@id":"https:\/\/www.psib-psoe.org\/eivissa\/#organization"},"image":{"@id":"https:\/\/www.psib-psoe.org\/eivissa\/la-fse-se-reune-con-los-sindicatos-para-abordar-las-nuevas-medidas-sociolaborales-y-las-previsiones-de-la-temporada\/#primaryimage"},"thumbnailUrl":"https:\/\/www.psib-psoe.org\/eivissa\/wp-content\/uploads\/reunio-sindicats.jpg","articleSection":["FSE-PSOE"],"inLanguage":"ca"},{"@type":"WebPage","@id":"https:\/\/www.psib-psoe.org\/eivissa\/la-fse-se-reune-con-los-sindicatos-para-abordar-las-nuevas-medidas-sociolaborales-y-las-previsiones-de-la-temporada\/","url":"https:\/\/www.psib-psoe.org\/eivissa\/la-fse-se-reune-con-los-sindicatos-para-abordar-las-nuevas-medidas-sociolaborales-y-las-previsiones-de-la-temporada\/","name":"La FSE se re\u00fane con los sindicatos para abordar las nuevas medidas sociolaborales y las previsiones de la temporada - Federaci\u00f3 Socialista d&#039;Eivissa","isPartOf":{"@id":"https:\/\/www.psib-psoe.org\/eivissa\/#website"},"primaryImageOfPage":{"@id":"https:\/\/www.psib-psoe.org\/eivissa\/la-fse-se-reune-con-los-sindicatos-para-abordar-las-nuevas-medidas-sociolaborales-y-las-previsiones-de-la-temporada\/#primaryimage"},"image":{"@id":"https:\/\/www.psib-psoe.org\/eivissa\/la-fse-se-reune-con-los-sindicatos-para-abordar-las-nuevas-medidas-sociolaborales-y-las-previsiones-de-la-temporada\/#primaryimage"},"thumbnailUrl":"https:\/\/www.psib-psoe.org\/eivissa\/wp-content\/uploads\/reunio-sindicats.jpg","datePublished":"2022-01-28T08:15:03+00:00","breadcrumb":{"@id":"https:\/\/www.psib-psoe.org\/eivissa\/la-fse-se-reune-con-los-sindicatos-para-abordar-las-nuevas-medidas-sociolaborales-y-las-previsiones-de-la-temporada\/#breadcrumb"},"inLanguage":"ca","potentialAction":[{"@type":"ReadAction","target":["https:\/\/www.psib-psoe.org\/eivissa\/la-fse-se-reune-con-los-sindicatos-para-abordar-las-nuevas-medidas-sociolaborales-y-las-previsiones-de-la-temporada\/"]}]},{"@type":"ImageObject","inLanguage":"ca","@id":"https:\/\/www.psib-psoe.org\/eivissa\/la-fse-se-reune-con-los-sindicatos-para-abordar-las-nuevas-medidas-sociolaborales-y-las-previsiones-de-la-temporada\/#primaryimage","url":"https:\/\/www.psib-psoe.org\/eivissa\/wp-content\/uploads\/reunio-sindicats.jpg","contentUrl":"https:\/\/www.psib-psoe.org\/eivissa\/wp-content\/uploads\/reunio-sindicats.jpg","width":1024,"height":768},{"@type":"BreadcrumbList","@id":"https:\/\/www.psib-psoe.org\/eivissa\/la-fse-se-reune-con-los-sindicatos-para-abordar-las-nuevas-medidas-sociolaborales-y-las-previsiones-de-la-temporada\/#breadcrumb","itemListElement":[{"@type":"ListItem","position":1,"name":"Inici","item":"https:\/\/www.psib-psoe.org\/eivissa\/"},{"@type":"ListItem","position":2,"name":"La FSE se re\u00fane con los sindicatos para abordar las nuevas medidas sociolaborales y las previsiones de la temporada"}]},{"@type":"WebSite","@id":"https:\/\/www.psib-psoe.org\/eivissa\/#website","url":"https:\/\/www.psib-psoe.org\/eivissa\/","name":"Federaci\u00f3 Socialista d'Eivissa","description":"Socialistes d&#039;Eivissa","publisher":{"@id":"https:\/\/www.psib-psoe.org\/eivissa\/#organization"},"potentialAction":[{"@type":"SearchAction","target":{"@type":"EntryPoint","urlTemplate":"https:\/\/www.psib-psoe.org\/eivissa\/?s={search_term_string}"},"query-input":{"@type":"PropertyValueSpecification","valueRequired":true,"valueName":"search_term_string"}}],"inLanguage":"ca"},{"@type":"Organization","@id":"https:\/\/www.psib-psoe.org\/eivissa\/#organization","name":"Federaci\u00f3 Socialista d'Eivissa","url":"https:\/\/www.psib-psoe.org\/eivissa\/","logo":{"@type":"ImageObject","inLanguage":"ca","@id":"https:\/\/www.psib-psoe.org\/eivissa\/#\/schema\/logo\/image\/","url":"https:\/\/www.psib-psoe.org\/eivissa\/wp-content\/uploads\/LOGO-FSE-SOCIALISTA-DEIVISSA-HORI.png","contentUrl":"https:\/\/www.psib-psoe.org\/eivissa\/wp-content\/uploads\/LOGO-FSE-SOCIALISTA-DEIVISSA-HORI.png","width":6000,"height":3104,"caption":"Federaci\u00f3 Socialista d'Eivissa"},"image":{"@id":"https:\/\/www.psib-psoe.org\/eivissa\/#\/schema\/logo\/image\/"}},{"@type":"Person","@id":"https:\/\/www.psib-psoe.org\/eivissa\/#\/schema\/person\/7a9d2841fb36f32e34fc0e9b245e8117","name":"Josep Ripoll","sameAs":["http:\/\/www.psib-psoe.org\/eivissa\/wp-login.php"],"url":"https:\/\/www.psib-psoe.org\/eivissa\/author\/josep\/"}]}},"_links":{"self":[{"href":"https:\/\/www.psib-psoe.org\/eivissa\/wp-json\/wp\/v2\/posts\/35053","targetHints":{"allow":["GET"]}}],"collection":[{"href":"https:\/\/www.psib-psoe.org\/eivissa\/wp-json\/wp\/v2\/posts"}],"about":[{"href":"https:\/\/www.psib-psoe.org\/eivissa\/wp-json\/wp\/v2\/types\/post"}],"author":[{"embeddable":true,"href":"https:\/\/www.psib-psoe.org\/eivissa\/wp-json\/wp\/v2\/users\/7"}],"replies":[{"embeddable":true,"href":"https:\/\/www.psib-psoe.org\/eivissa\/wp-json\/wp\/v2\/comments?post=35053"}],"version-history":[{"count":1,"href":"https:\/\/www.psib-psoe.org\/eivissa\/wp-json\/wp\/v2\/posts\/35053\/revisions"}],"predecessor-version":[{"id":35054,"href":"https:\/\/www.psib-psoe.org\/eivissa\/wp-json\/wp\/v2\/posts\/35053\/revisions\/35054"}],"wp:featuredmedia":[{"embeddable":true,"href":"https:\/\/www.psib-psoe.org\/eivissa\/wp-json\/wp\/v2\/media\/35052"}],"wp:attachment":[{"href":"https:\/\/www.psib-psoe.org\/eivissa\/wp-json\/wp\/v2\/media?parent=35053"}],"wp:term":[{"taxonomy":"category","embeddable":true,"href":"https:\/\/www.psib-psoe.org\/eivissa\/wp-json\/wp\/v2\/categories?post=35053"},{"taxonomy":"post_tag","embeddable":true,"href":"https:\/\/www.psib-psoe.org\/eivissa\/wp-json\/wp\/v2\/tags?post=35053"}],"curies":[{"name":"wp","href":"https:\/\/api.w.org\/{rel}","templated":true}]}}