{"id":35081,"date":"2022-01-28T09:15:51","date_gmt":"2022-01-28T07:15:51","guid":{"rendered":"https:\/\/www.psib-psoe.org\/eivissa\/?p=35081"},"modified":"2022-01-28T09:59:09","modified_gmt":"2022-01-28T07:59:09","slug":"el-psib-psoe-ressalta-les-lleis-deducacio-turisme-i-consells-insulars-com-a-les-normatives-que-marcaran-aquest-nou-periode-de-sessions-al-parlament","status":"publish","type":"post","link":"https:\/\/www.psib-psoe.org\/eivissa\/el-psib-psoe-ressalta-les-lleis-deducacio-turisme-i-consells-insulars-com-a-les-normatives-que-marcaran-aquest-nou-periode-de-sessions-al-parlament\/","title":{"rendered":"El PSIB-PSOE ressalta les Lleis d&#8217;Educaci\u00f3, Turisme i Consells Insulars com a les normatives que marcaran aquest nou per\u00edode de sessions al Parlament"},"content":{"rendered":"<p style=\"font-weight: 400;\">La portaveu del Grup Parlamentari Socialista, Pilar Costa, ha ressaltat, coincidint amb el nou per\u00edode de sessions ordinari al Parlament, que els objectius d\u2019aquest nou per\u00edode passa per tirar endavant \u201ciniciatives que estan en marxa i s\u00f3n important\u00edssimes com la Llei d\u2019Educaci\u00f3, la modificaci\u00f3 de la Llei de Turisme i la Llei de Consells Insulars que marcaran les pr\u00f2ximes sessions al Parlament.<\/p>\n<p style=\"font-weight: 400;\">Unes declaracions que ha fet la portaveu Costa juntament amb la portaveu adjunta del Grup Parlamentari Socialista, S\u00edlvia Cano, despr\u00e9s de la celebraci\u00f3 de les Jornades Parlament\u00e0ries, com ja \u00e9s habitual en cada inici d\u2019un nou per\u00edode de sessions, que ha presidit la presidenta del Govern de les Illes Balears i secret\u00e0ria general dels socialistes de les Illes, Francina Armengol, amb l\u2019assist\u00e8ncia de diputats, membres de govern i altres institucions.<\/p>\n<p style=\"font-weight: 400;\">D\u2019aquesta manera, la portaveu ha aprofitat per fer un balan\u00e7 de la feina feta durant el 2021 quan \u201cara fa un any que ens trob\u00e0vem en una situaci\u00f3 molt diferent de la que tenim ara quant a la pand\u00e8mia, en v\u00e0rem marcar prioritats per al 2021: frenar la pand\u00e8mia, salvar vides, evitar nous contagis, acompanyar a la ciutadania en la recuperaci\u00f3 social i econ\u00f2mica i centrar-nos en el proc\u00e9s de vacunaci\u00f3\u201d.<\/p>\n<p style=\"font-weight: 400;\">Aix\u00ed, Costa ha detallat que \u201cpodem dir amb humilitat que les Balears ha estat una de les comunitats aut\u00f2nomes que m\u00e9s vides han salvat, amb una menor taxa de mortalitat i, sense que hagi faltat recursos a les persones que ho necessitaven\u201d, i hi ha afegit que \u201chem posat les bases de la recuperaci\u00f3 econ\u00f2mica, amb una temprada tur\u00edstica que ha anat molt millor del que alguns pensaven sent una destinaci\u00f3 puntera en l\u2019\u00e0mbit internacional\u201d.<\/p>\n<p style=\"font-weight: 400;\">Costa, tamb\u00e9, ha recordat que \u201chem estat capa\u00e7os, des de les institucions, de gestionar eficientment el paquet m\u00e9s gran d\u2019ajudes per a empreses i aut\u00f2noms de la hist\u00f2ria de les nostres illes, sense tornar ni un euro a Madrid i establint el major escut social a trav\u00e9s dels ERTOs i els ajudes als fixos discontinus\u201d, que segons ha dit la socialista \u201cha estat fonamental per la recuperaci\u00f3 econ\u00f2mica\u201d.<\/p>\n<p style=\"font-weight: 400;\">Costa ha finalitzat la seva intervenci\u00f3 incidint que \u201cen aquest nou per\u00edode de sessions ressaltam que tenim iniciatives en marxa que s\u00f3n important\u00edssimes com la Llei d\u2019Educaci\u00f3, que ser\u00e0 la primera llei educativa de les Illes Balears, despr\u00e9s de 20 anys d\u2019exercici d\u2019aquestes compet\u00e8ncies\u201d.<\/p>\n","protected":false},"excerpt":{"rendered":"<p>La portaveu del Grup Parlamentari Socialista, Pilar Costa, ha ressaltat, coincidint amb el nou per\u00edode de sessions ordinari al Parlament, que els objectius d\u2019aquest nou per\u00edode passa per tirar endavant \u201ciniciatives que estan en marxa i s\u00f3n important\u00edssimes com la Llei d\u2019Educaci\u00f3, la modificaci\u00f3 de la Llei de Turisme i la Llei de Consells Insulars&hellip;<\/p>\n","protected":false},"author":7,"featured_media":35082,"comment_status":"closed","ping_status":"closed","sticky":false,"template":"","format":"standard","meta":{"footnotes":""},"categories":[1,191],"tags":[],"class_list":["post-35081","post","type-post","status-publish","format-standard","has-post-thumbnail","hentry","category-federacio-de-eivissa-portada","category-govern-de-les-illes-balears-parlament"],"yoast_head":"<!-- This site is optimized with the Yoast SEO plugin v26.9 - https:\/\/yoast.com\/product\/yoast-seo-wordpress\/ -->\n<title>El PSIB-PSOE ressalta les Lleis d&#039;Educaci\u00f3, Turisme i Consells Insulars com a les normatives que marcaran aquest nou per\u00edode de sessions al Parlament - Federaci\u00f3 Socialista d&#039;Eivissa<\/title>\n<meta name=\"robots\" content=\"index, follow, max-snippet:-1, max-image-preview:large, max-video-preview:-1\" \/>\n<link rel=\"canonical\" href=\"https:\/\/www.psib-psoe.org\/eivissa\/el-psib-psoe-ressalta-les-lleis-deducacio-turisme-i-consells-insulars-com-a-les-normatives-que-marcaran-aquest-nou-periode-de-sessions-al-parlament\/\" \/>\n<meta property=\"og:locale\" content=\"ca_ES\" \/>\n<meta property=\"og:type\" content=\"article\" \/>\n<meta property=\"og:title\" content=\"El PSIB-PSOE ressalta les Lleis d&#039;Educaci\u00f3, Turisme i Consells Insulars com a les normatives que marcaran aquest nou per\u00edode de sessions al Parlament - Federaci\u00f3 Socialista d&#039;Eivissa\" \/>\n<meta property=\"og:description\" content=\"La portaveu del Grup Parlamentari Socialista, Pilar Costa, ha ressaltat, coincidint amb el nou per\u00edode de sessions ordinari al Parlament, que els objectius d\u2019aquest nou per\u00edode passa per tirar endavant \u201ciniciatives que estan en marxa i s\u00f3n important\u00edssimes com la Llei d\u2019Educaci\u00f3, la modificaci\u00f3 de la Llei de Turisme i la Llei de Consells Insulars&hellip;\" \/>\n<meta property=\"og:url\" content=\"https:\/\/www.psib-psoe.org\/eivissa\/el-psib-psoe-ressalta-les-lleis-deducacio-turisme-i-consells-insulars-com-a-les-normatives-que-marcaran-aquest-nou-periode-de-sessions-al-parlament\/\" \/>\n<meta property=\"og:site_name\" content=\"Federaci\u00f3 Socialista d&#039;Eivissa\" \/>\n<meta property=\"article:published_time\" content=\"2022-01-28T07:15:51+00:00\" \/>\n<meta property=\"article:modified_time\" content=\"2022-01-28T07:59:09+00:00\" \/>\n<meta property=\"og:image\" content=\"https:\/\/www.psib-psoe.org\/eivissa\/wp-content\/uploads\/Foto-jornades-parlament\u00e0ries-1024x768.jpg\" \/>\n\t<meta property=\"og:image:width\" content=\"1024\" \/>\n\t<meta property=\"og:image:height\" content=\"768\" \/>\n\t<meta property=\"og:image:type\" content=\"image\/jpeg\" \/>\n<meta name=\"author\" content=\"Josep Ripoll\" \/>\n<meta name=\"twitter:card\" content=\"summary_large_image\" \/>\n<meta name=\"twitter:label1\" content=\"Escrit per\" \/>\n\t<meta name=\"twitter:data1\" content=\"Josep Ripoll\" \/>\n\t<meta name=\"twitter:label2\" content=\"Temps estimat de lectura\" \/>\n\t<meta name=\"twitter:data2\" content=\"2 minuts\" \/>\n<script type=\"application\/ld+json\" class=\"yoast-schema-graph\">{\"@context\":\"https:\/\/schema.org\",\"@graph\":[{\"@type\":[\"Article\",\"BlogPosting\"],\"@id\":\"https:\/\/www.psib-psoe.org\/eivissa\/el-psib-psoe-ressalta-les-lleis-deducacio-turisme-i-consells-insulars-com-a-les-normatives-que-marcaran-aquest-nou-periode-de-sessions-al-parlament\/#article\",\"isPartOf\":{\"@id\":\"https:\/\/www.psib-psoe.org\/eivissa\/el-psib-psoe-ressalta-les-lleis-deducacio-turisme-i-consells-insulars-com-a-les-normatives-que-marcaran-aquest-nou-periode-de-sessions-al-parlament\/\"},\"author\":{\"name\":\"Josep Ripoll\",\"@id\":\"https:\/\/www.psib-psoe.org\/eivissa\/#\/schema\/person\/7a9d2841fb36f32e34fc0e9b245e8117\"},\"headline\":\"El PSIB-PSOE ressalta les Lleis d&#8217;Educaci\u00f3, Turisme i Consells Insulars com a les normatives que marcaran aquest nou per\u00edode de sessions al Parlament\",\"datePublished\":\"2022-01-28T07:15:51+00:00\",\"dateModified\":\"2022-01-28T07:59:09+00:00\",\"mainEntityOfPage\":{\"@id\":\"https:\/\/www.psib-psoe.org\/eivissa\/el-psib-psoe-ressalta-les-lleis-deducacio-turisme-i-consells-insulars-com-a-les-normatives-que-marcaran-aquest-nou-periode-de-sessions-al-parlament\/\"},\"wordCount\":453,\"publisher\":{\"@id\":\"https:\/\/www.psib-psoe.org\/eivissa\/#organization\"},\"image\":{\"@id\":\"https:\/\/www.psib-psoe.org\/eivissa\/el-psib-psoe-ressalta-les-lleis-deducacio-turisme-i-consells-insulars-com-a-les-normatives-que-marcaran-aquest-nou-periode-de-sessions-al-parlament\/#primaryimage\"},\"thumbnailUrl\":\"https:\/\/www.psib-psoe.org\/eivissa\/wp-content\/uploads\/Foto-jornades-parlament\u00e0ries.jpg\",\"articleSection\":[\"Federaci\u00f3 d'Eivissa - Portada\",\"Govern de les Illes Balears - Parlament - PSIB-PSOE\"],\"inLanguage\":\"ca\"},{\"@type\":\"WebPage\",\"@id\":\"https:\/\/www.psib-psoe.org\/eivissa\/el-psib-psoe-ressalta-les-lleis-deducacio-turisme-i-consells-insulars-com-a-les-normatives-que-marcaran-aquest-nou-periode-de-sessions-al-parlament\/\",\"url\":\"https:\/\/www.psib-psoe.org\/eivissa\/el-psib-psoe-ressalta-les-lleis-deducacio-turisme-i-consells-insulars-com-a-les-normatives-que-marcaran-aquest-nou-periode-de-sessions-al-parlament\/\",\"name\":\"El PSIB-PSOE ressalta les Lleis d'Educaci\u00f3, Turisme i Consells Insulars com a les normatives que marcaran aquest nou per\u00edode de sessions al Parlament - Federaci\u00f3 Socialista d&#039;Eivissa\",\"isPartOf\":{\"@id\":\"https:\/\/www.psib-psoe.org\/eivissa\/#website\"},\"primaryImageOfPage\":{\"@id\":\"https:\/\/www.psib-psoe.org\/eivissa\/el-psib-psoe-ressalta-les-lleis-deducacio-turisme-i-consells-insulars-com-a-les-normatives-que-marcaran-aquest-nou-periode-de-sessions-al-parlament\/#primaryimage\"},\"image\":{\"@id\":\"https:\/\/www.psib-psoe.org\/eivissa\/el-psib-psoe-ressalta-les-lleis-deducacio-turisme-i-consells-insulars-com-a-les-normatives-que-marcaran-aquest-nou-periode-de-sessions-al-parlament\/#primaryimage\"},\"thumbnailUrl\":\"https:\/\/www.psib-psoe.org\/eivissa\/wp-content\/uploads\/Foto-jornades-parlament\u00e0ries.jpg\",\"datePublished\":\"2022-01-28T07:15:51+00:00\",\"dateModified\":\"2022-01-28T07:59:09+00:00\",\"breadcrumb\":{\"@id\":\"https:\/\/www.psib-psoe.org\/eivissa\/el-psib-psoe-ressalta-les-lleis-deducacio-turisme-i-consells-insulars-com-a-les-normatives-que-marcaran-aquest-nou-periode-de-sessions-al-parlament\/#breadcrumb\"},\"inLanguage\":\"ca\",\"potentialAction\":[{\"@type\":\"ReadAction\",\"target\":[\"https:\/\/www.psib-psoe.org\/eivissa\/el-psib-psoe-ressalta-les-lleis-deducacio-turisme-i-consells-insulars-com-a-les-normatives-que-marcaran-aquest-nou-periode-de-sessions-al-parlament\/\"]}]},{\"@type\":\"ImageObject\",\"inLanguage\":\"ca\",\"@id\":\"https:\/\/www.psib-psoe.org\/eivissa\/el-psib-psoe-ressalta-les-lleis-deducacio-turisme-i-consells-insulars-com-a-les-normatives-que-marcaran-aquest-nou-periode-de-sessions-al-parlament\/#primaryimage\",\"url\":\"https:\/\/www.psib-psoe.org\/eivissa\/wp-content\/uploads\/Foto-jornades-parlament\u00e0ries.jpg\",\"contentUrl\":\"https:\/\/www.psib-psoe.org\/eivissa\/wp-content\/uploads\/Foto-jornades-parlament\u00e0ries.jpg\",\"width\":4032,\"height\":3024},{\"@type\":\"BreadcrumbList\",\"@id\":\"https:\/\/www.psib-psoe.org\/eivissa\/el-psib-psoe-ressalta-les-lleis-deducacio-turisme-i-consells-insulars-com-a-les-normatives-que-marcaran-aquest-nou-periode-de-sessions-al-parlament\/#breadcrumb\",\"itemListElement\":[{\"@type\":\"ListItem\",\"position\":1,\"name\":\"Inici\",\"item\":\"https:\/\/www.psib-psoe.org\/eivissa\/\"},{\"@type\":\"ListItem\",\"position\":2,\"name\":\"El PSIB-PSOE ressalta les Lleis d&#8217;Educaci\u00f3, Turisme i Consells Insulars com a les normatives que marcaran aquest nou per\u00edode de sessions al Parlament\"}]},{\"@type\":\"WebSite\",\"@id\":\"https:\/\/www.psib-psoe.org\/eivissa\/#website\",\"url\":\"https:\/\/www.psib-psoe.org\/eivissa\/\",\"name\":\"Federaci\u00f3 Socialista d'Eivissa\",\"description\":\"Socialistes d&#039;Eivissa\",\"publisher\":{\"@id\":\"https:\/\/www.psib-psoe.org\/eivissa\/#organization\"},\"potentialAction\":[{\"@type\":\"SearchAction\",\"target\":{\"@type\":\"EntryPoint\",\"urlTemplate\":\"https:\/\/www.psib-psoe.org\/eivissa\/?s={search_term_string}\"},\"query-input\":{\"@type\":\"PropertyValueSpecification\",\"valueRequired\":true,\"valueName\":\"search_term_string\"}}],\"inLanguage\":\"ca\"},{\"@type\":\"Organization\",\"@id\":\"https:\/\/www.psib-psoe.org\/eivissa\/#organization\",\"name\":\"Federaci\u00f3 Socialista d'Eivissa\",\"url\":\"https:\/\/www.psib-psoe.org\/eivissa\/\",\"logo\":{\"@type\":\"ImageObject\",\"inLanguage\":\"ca\",\"@id\":\"https:\/\/www.psib-psoe.org\/eivissa\/#\/schema\/logo\/image\/\",\"url\":\"https:\/\/www.psib-psoe.org\/eivissa\/wp-content\/uploads\/LOGO-FSE-SOCIALISTA-DEIVISSA-HORI.png\",\"contentUrl\":\"https:\/\/www.psib-psoe.org\/eivissa\/wp-content\/uploads\/LOGO-FSE-SOCIALISTA-DEIVISSA-HORI.png\",\"width\":6000,\"height\":3104,\"caption\":\"Federaci\u00f3 Socialista d'Eivissa\"},\"image\":{\"@id\":\"https:\/\/www.psib-psoe.org\/eivissa\/#\/schema\/logo\/image\/\"}},{\"@type\":\"Person\",\"@id\":\"https:\/\/www.psib-psoe.org\/eivissa\/#\/schema\/person\/7a9d2841fb36f32e34fc0e9b245e8117\",\"name\":\"Josep Ripoll\",\"sameAs\":[\"http:\/\/www.psib-psoe.org\/eivissa\/wp-login.php\"],\"url\":\"https:\/\/www.psib-psoe.org\/eivissa\/author\/josep\/\"}]}<\/script>\n<!-- \/ Yoast SEO plugin. -->","yoast_head_json":{"title":"El PSIB-PSOE ressalta les Lleis d'Educaci\u00f3, Turisme i Consells Insulars com a les normatives que marcaran aquest nou per\u00edode de sessions al Parlament - Federaci\u00f3 Socialista d&#039;Eivissa","robots":{"index":"index","follow":"follow","max-snippet":"max-snippet:-1","max-image-preview":"max-image-preview:large","max-video-preview":"max-video-preview:-1"},"canonical":"https:\/\/www.psib-psoe.org\/eivissa\/el-psib-psoe-ressalta-les-lleis-deducacio-turisme-i-consells-insulars-com-a-les-normatives-que-marcaran-aquest-nou-periode-de-sessions-al-parlament\/","og_locale":"ca_ES","og_type":"article","og_title":"El PSIB-PSOE ressalta les Lleis d'Educaci\u00f3, Turisme i Consells Insulars com a les normatives que marcaran aquest nou per\u00edode de sessions al Parlament - Federaci\u00f3 Socialista d&#039;Eivissa","og_description":"La portaveu del Grup Parlamentari Socialista, Pilar Costa, ha ressaltat, coincidint amb el nou per\u00edode de sessions ordinari al Parlament, que els objectius d\u2019aquest nou per\u00edode passa per tirar endavant \u201ciniciatives que estan en marxa i s\u00f3n important\u00edssimes com la Llei d\u2019Educaci\u00f3, la modificaci\u00f3 de la Llei de Turisme i la Llei de Consells Insulars&hellip;","og_url":"https:\/\/www.psib-psoe.org\/eivissa\/el-psib-psoe-ressalta-les-lleis-deducacio-turisme-i-consells-insulars-com-a-les-normatives-que-marcaran-aquest-nou-periode-de-sessions-al-parlament\/","og_site_name":"Federaci\u00f3 Socialista d&#039;Eivissa","article_published_time":"2022-01-28T07:15:51+00:00","article_modified_time":"2022-01-28T07:59:09+00:00","og_image":[{"width":1024,"height":768,"url":"https:\/\/www.psib-psoe.org\/eivissa\/wp-content\/uploads\/Foto-jornades-parlament\u00e0ries-1024x768.jpg","type":"image\/jpeg"}],"author":"Josep Ripoll","twitter_card":"summary_large_image","twitter_misc":{"Escrit per":"Josep Ripoll","Temps estimat de lectura":"2 minuts"},"schema":{"@context":"https:\/\/schema.org","@graph":[{"@type":["Article","BlogPosting"],"@id":"https:\/\/www.psib-psoe.org\/eivissa\/el-psib-psoe-ressalta-les-lleis-deducacio-turisme-i-consells-insulars-com-a-les-normatives-que-marcaran-aquest-nou-periode-de-sessions-al-parlament\/#article","isPartOf":{"@id":"https:\/\/www.psib-psoe.org\/eivissa\/el-psib-psoe-ressalta-les-lleis-deducacio-turisme-i-consells-insulars-com-a-les-normatives-que-marcaran-aquest-nou-periode-de-sessions-al-parlament\/"},"author":{"name":"Josep Ripoll","@id":"https:\/\/www.psib-psoe.org\/eivissa\/#\/schema\/person\/7a9d2841fb36f32e34fc0e9b245e8117"},"headline":"El PSIB-PSOE ressalta les Lleis d&#8217;Educaci\u00f3, Turisme i Consells Insulars com a les normatives que marcaran aquest nou per\u00edode de sessions al Parlament","datePublished":"2022-01-28T07:15:51+00:00","dateModified":"2022-01-28T07:59:09+00:00","mainEntityOfPage":{"@id":"https:\/\/www.psib-psoe.org\/eivissa\/el-psib-psoe-ressalta-les-lleis-deducacio-turisme-i-consells-insulars-com-a-les-normatives-que-marcaran-aquest-nou-periode-de-sessions-al-parlament\/"},"wordCount":453,"publisher":{"@id":"https:\/\/www.psib-psoe.org\/eivissa\/#organization"},"image":{"@id":"https:\/\/www.psib-psoe.org\/eivissa\/el-psib-psoe-ressalta-les-lleis-deducacio-turisme-i-consells-insulars-com-a-les-normatives-que-marcaran-aquest-nou-periode-de-sessions-al-parlament\/#primaryimage"},"thumbnailUrl":"https:\/\/www.psib-psoe.org\/eivissa\/wp-content\/uploads\/Foto-jornades-parlament\u00e0ries.jpg","articleSection":["Federaci\u00f3 d'Eivissa - Portada","Govern de les Illes Balears - Parlament - PSIB-PSOE"],"inLanguage":"ca"},{"@type":"WebPage","@id":"https:\/\/www.psib-psoe.org\/eivissa\/el-psib-psoe-ressalta-les-lleis-deducacio-turisme-i-consells-insulars-com-a-les-normatives-que-marcaran-aquest-nou-periode-de-sessions-al-parlament\/","url":"https:\/\/www.psib-psoe.org\/eivissa\/el-psib-psoe-ressalta-les-lleis-deducacio-turisme-i-consells-insulars-com-a-les-normatives-que-marcaran-aquest-nou-periode-de-sessions-al-parlament\/","name":"El PSIB-PSOE ressalta les Lleis d'Educaci\u00f3, Turisme i Consells Insulars com a les normatives que marcaran aquest nou per\u00edode de sessions al Parlament - Federaci\u00f3 Socialista d&#039;Eivissa","isPartOf":{"@id":"https:\/\/www.psib-psoe.org\/eivissa\/#website"},"primaryImageOfPage":{"@id":"https:\/\/www.psib-psoe.org\/eivissa\/el-psib-psoe-ressalta-les-lleis-deducacio-turisme-i-consells-insulars-com-a-les-normatives-que-marcaran-aquest-nou-periode-de-sessions-al-parlament\/#primaryimage"},"image":{"@id":"https:\/\/www.psib-psoe.org\/eivissa\/el-psib-psoe-ressalta-les-lleis-deducacio-turisme-i-consells-insulars-com-a-les-normatives-que-marcaran-aquest-nou-periode-de-sessions-al-parlament\/#primaryimage"},"thumbnailUrl":"https:\/\/www.psib-psoe.org\/eivissa\/wp-content\/uploads\/Foto-jornades-parlament\u00e0ries.jpg","datePublished":"2022-01-28T07:15:51+00:00","dateModified":"2022-01-28T07:59:09+00:00","breadcrumb":{"@id":"https:\/\/www.psib-psoe.org\/eivissa\/el-psib-psoe-ressalta-les-lleis-deducacio-turisme-i-consells-insulars-com-a-les-normatives-que-marcaran-aquest-nou-periode-de-sessions-al-parlament\/#breadcrumb"},"inLanguage":"ca","potentialAction":[{"@type":"ReadAction","target":["https:\/\/www.psib-psoe.org\/eivissa\/el-psib-psoe-ressalta-les-lleis-deducacio-turisme-i-consells-insulars-com-a-les-normatives-que-marcaran-aquest-nou-periode-de-sessions-al-parlament\/"]}]},{"@type":"ImageObject","inLanguage":"ca","@id":"https:\/\/www.psib-psoe.org\/eivissa\/el-psib-psoe-ressalta-les-lleis-deducacio-turisme-i-consells-insulars-com-a-les-normatives-que-marcaran-aquest-nou-periode-de-sessions-al-parlament\/#primaryimage","url":"https:\/\/www.psib-psoe.org\/eivissa\/wp-content\/uploads\/Foto-jornades-parlament\u00e0ries.jpg","contentUrl":"https:\/\/www.psib-psoe.org\/eivissa\/wp-content\/uploads\/Foto-jornades-parlament\u00e0ries.jpg","width":4032,"height":3024},{"@type":"BreadcrumbList","@id":"https:\/\/www.psib-psoe.org\/eivissa\/el-psib-psoe-ressalta-les-lleis-deducacio-turisme-i-consells-insulars-com-a-les-normatives-que-marcaran-aquest-nou-periode-de-sessions-al-parlament\/#breadcrumb","itemListElement":[{"@type":"ListItem","position":1,"name":"Inici","item":"https:\/\/www.psib-psoe.org\/eivissa\/"},{"@type":"ListItem","position":2,"name":"El PSIB-PSOE ressalta les Lleis d&#8217;Educaci\u00f3, Turisme i Consells Insulars com a les normatives que marcaran aquest nou per\u00edode de sessions al Parlament"}]},{"@type":"WebSite","@id":"https:\/\/www.psib-psoe.org\/eivissa\/#website","url":"https:\/\/www.psib-psoe.org\/eivissa\/","name":"Federaci\u00f3 Socialista d'Eivissa","description":"Socialistes d&#039;Eivissa","publisher":{"@id":"https:\/\/www.psib-psoe.org\/eivissa\/#organization"},"potentialAction":[{"@type":"SearchAction","target":{"@type":"EntryPoint","urlTemplate":"https:\/\/www.psib-psoe.org\/eivissa\/?s={search_term_string}"},"query-input":{"@type":"PropertyValueSpecification","valueRequired":true,"valueName":"search_term_string"}}],"inLanguage":"ca"},{"@type":"Organization","@id":"https:\/\/www.psib-psoe.org\/eivissa\/#organization","name":"Federaci\u00f3 Socialista d'Eivissa","url":"https:\/\/www.psib-psoe.org\/eivissa\/","logo":{"@type":"ImageObject","inLanguage":"ca","@id":"https:\/\/www.psib-psoe.org\/eivissa\/#\/schema\/logo\/image\/","url":"https:\/\/www.psib-psoe.org\/eivissa\/wp-content\/uploads\/LOGO-FSE-SOCIALISTA-DEIVISSA-HORI.png","contentUrl":"https:\/\/www.psib-psoe.org\/eivissa\/wp-content\/uploads\/LOGO-FSE-SOCIALISTA-DEIVISSA-HORI.png","width":6000,"height":3104,"caption":"Federaci\u00f3 Socialista d'Eivissa"},"image":{"@id":"https:\/\/www.psib-psoe.org\/eivissa\/#\/schema\/logo\/image\/"}},{"@type":"Person","@id":"https:\/\/www.psib-psoe.org\/eivissa\/#\/schema\/person\/7a9d2841fb36f32e34fc0e9b245e8117","name":"Josep Ripoll","sameAs":["http:\/\/www.psib-psoe.org\/eivissa\/wp-login.php"],"url":"https:\/\/www.psib-psoe.org\/eivissa\/author\/josep\/"}]}},"_links":{"self":[{"href":"https:\/\/www.psib-psoe.org\/eivissa\/wp-json\/wp\/v2\/posts\/35081","targetHints":{"allow":["GET"]}}],"collection":[{"href":"https:\/\/www.psib-psoe.org\/eivissa\/wp-json\/wp\/v2\/posts"}],"about":[{"href":"https:\/\/www.psib-psoe.org\/eivissa\/wp-json\/wp\/v2\/types\/post"}],"author":[{"embeddable":true,"href":"https:\/\/www.psib-psoe.org\/eivissa\/wp-json\/wp\/v2\/users\/7"}],"replies":[{"embeddable":true,"href":"https:\/\/www.psib-psoe.org\/eivissa\/wp-json\/wp\/v2\/comments?post=35081"}],"version-history":[{"count":1,"href":"https:\/\/www.psib-psoe.org\/eivissa\/wp-json\/wp\/v2\/posts\/35081\/revisions"}],"predecessor-version":[{"id":35084,"href":"https:\/\/www.psib-psoe.org\/eivissa\/wp-json\/wp\/v2\/posts\/35081\/revisions\/35084"}],"wp:featuredmedia":[{"embeddable":true,"href":"https:\/\/www.psib-psoe.org\/eivissa\/wp-json\/wp\/v2\/media\/35082"}],"wp:attachment":[{"href":"https:\/\/www.psib-psoe.org\/eivissa\/wp-json\/wp\/v2\/media?parent=35081"}],"wp:term":[{"taxonomy":"category","embeddable":true,"href":"https:\/\/www.psib-psoe.org\/eivissa\/wp-json\/wp\/v2\/categories?post=35081"},{"taxonomy":"post_tag","embeddable":true,"href":"https:\/\/www.psib-psoe.org\/eivissa\/wp-json\/wp\/v2\/tags?post=35081"}],"curies":[{"name":"wp","href":"https:\/\/api.w.org\/{rel}","templated":true}]}}