{"id":35119,"date":"2022-02-24T09:00:04","date_gmt":"2022-02-24T07:00:04","guid":{"rendered":"https:\/\/www.psib-psoe.org\/eivissa\/?p=35119"},"modified":"2022-02-24T12:59:10","modified_gmt":"2022-02-24T10:59:10","slug":"psoe-reinicia-exigeix-a-marcos-serra-lassumpcio-de-responsabilitats-per-la-perdua-de-fons-europeus-al-comerc","status":"publish","type":"post","link":"https:\/\/www.psib-psoe.org\/eivissa\/psoe-reinicia-exigeix-a-marcos-serra-lassumpcio-de-responsabilitats-per-la-perdua-de-fons-europeus-al-comerc\/","title":{"rendered":"PSOE- Reinicia\u00a0exigeix\u00a0a\u00a0Marcos\u00a0Serra l&#8217;assumpci\u00f3 de responsabilitats per la p\u00e8rdua de fons europeus al comer\u00e7"},"content":{"rendered":"<p><span style=\"font-size: large;\">El grup PSOE-Reinicia exigeix a l&#8217;alcalde de Sant Antoni de Portmany, Marcos Serra, &#8220;l&#8217;assumpci\u00f3 de responsabilitats&#8221; per la p\u00e8rdua dels fons europeus al comer\u00e7 provocada per la incapacitat de l&#8217;equip de govern de presentar ni un sol projecte.<\/p>\n<p>El grup progressista critica la falta de projecte de futur per al municipi de l&#8217;equip de govern: &#8220;Marcos Serra acaba de demostrar que governen sense idees i sense rumb, acaben de perdre una oportunitat hist\u00f2rica de rebre fons per construir el Sant Antoni del futur&#8221;, ha lamentat el portaveu, Sim\u00f3n Planells.<\/p>\n<p>&#8220;Renunciar als fons europeus per la incapacitat de presentar cap projecte els hauria de fer caure la cara una vergonya&#8221;, ha dit Sim\u00f3n, criticant que &#8220;el nostre municipi, i concretament el sector comercial, perdr\u00e0 milers d&#8217;euros provinents d&#8217;Europa per culpa d&#8217;uns governants irresponsables&#8221;.<\/p>\n<p>Com ha remarcat, &#8220;el sector comercial pateix una situaci\u00f3 molt complicada que prov\u00e9 de molt abans de la crisi de la Covid-19&#8221;, i inversions com els fons Next Generation &#8220;eren una oportunitat d&#8217;inversi\u00f3 en favor d&#8217;un teixit productiu molt necessitat d&#8217;ajudes&#8221;. Per Sim\u00f3n Planells, l&#8217;ajuntament demostra descon\u00e8ixer les necessitats d&#8217;empresaris i treballadors: \u201cNo sabem si \u00e9s per des\u00eddia o per ignor\u00e0ncia, per\u00f2 l&#8217;ajuntament ha donat l&#8217;esquena als comerciants.<\/p>\n<p>Finalment, PSOE-Reinicia denuncia que &#8220;aquesta \u00e9s una prova m\u00e9s que l&#8217;equip de Marcos Serra nom\u00e9s t\u00e9 els projectes del govern anterior, com s&#8217;ha demostrat amb la recent inauguraci\u00f3 del nou edifici de la Policia Local&#8221;.<\/span><\/p>\n","protected":false},"excerpt":{"rendered":"<p>El grup PSOE-Reinicia exigeix a l&#8217;alcalde de Sant Antoni de Portmany, Marcos Serra, &#8220;l&#8217;assumpci\u00f3 de responsabilitats&#8221; per la p\u00e8rdua dels fons europeus al comer\u00e7 provocada per la incapacitat de l&#8217;equip de govern de presentar ni un sol projecte. El grup progressista critica la falta de projecte de futur per al municipi de l&#8217;equip de govern:&hellip;<\/p>\n","protected":false},"author":7,"featured_media":27100,"comment_status":"closed","ping_status":"closed","sticky":false,"template":"","format":"standard","meta":{"footnotes":""},"categories":[1,234,188],"tags":[],"class_list":["post-35119","post","type-post","status-publish","format-standard","has-post-thumbnail","hentry","category-federacio-de-eivissa-portada","category-municipis","category-sant-antoni-de-portmany"],"yoast_head":"<!-- This site is optimized with the Yoast SEO plugin v26.9 - https:\/\/yoast.com\/product\/yoast-seo-wordpress\/ -->\n<title>PSOE- Reinicia\u00a0exigeix\u00a0a\u00a0Marcos\u00a0Serra l&#039;assumpci\u00f3 de responsabilitats per la p\u00e8rdua de fons europeus al comer\u00e7 - Federaci\u00f3 Socialista d&#039;Eivissa<\/title>\n<meta name=\"robots\" content=\"index, follow, max-snippet:-1, max-image-preview:large, max-video-preview:-1\" \/>\n<link rel=\"canonical\" href=\"https:\/\/www.psib-psoe.org\/eivissa\/psoe-reinicia-exigeix-a-marcos-serra-lassumpcio-de-responsabilitats-per-la-perdua-de-fons-europeus-al-comerc\/\" \/>\n<meta property=\"og:locale\" content=\"ca_ES\" \/>\n<meta property=\"og:type\" content=\"article\" \/>\n<meta property=\"og:title\" content=\"PSOE- Reinicia\u00a0exigeix\u00a0a\u00a0Marcos\u00a0Serra l&#039;assumpci\u00f3 de responsabilitats per la p\u00e8rdua de fons europeus al comer\u00e7 - Federaci\u00f3 Socialista d&#039;Eivissa\" \/>\n<meta property=\"og:description\" content=\"El grup PSOE-Reinicia exigeix a l&#8217;alcalde de Sant Antoni de Portmany, Marcos Serra, &#8220;l&#8217;assumpci\u00f3 de responsabilitats&#8221; per la p\u00e8rdua dels fons europeus al comer\u00e7 provocada per la incapacitat de l&#8217;equip de govern de presentar ni un sol projecte. El grup progressista critica la falta de projecte de futur per al municipi de l&#8217;equip de govern:&hellip;\" \/>\n<meta property=\"og:url\" content=\"https:\/\/www.psib-psoe.org\/eivissa\/psoe-reinicia-exigeix-a-marcos-serra-lassumpcio-de-responsabilitats-per-la-perdua-de-fons-europeus-al-comerc\/\" \/>\n<meta property=\"og:site_name\" content=\"Federaci\u00f3 Socialista d&#039;Eivissa\" \/>\n<meta property=\"article:published_time\" content=\"2022-02-24T07:00:04+00:00\" \/>\n<meta property=\"article:modified_time\" content=\"2022-02-24T10:59:10+00:00\" \/>\n<meta property=\"og:image\" content=\"https:\/\/www.psib-psoe.org\/eivissa\/wp-content\/uploads\/Captura-de-Pantalla-2020-02-03-a-les-12.58.25.png\" \/>\n\t<meta property=\"og:image:width\" content=\"1230\" \/>\n\t<meta property=\"og:image:height\" content=\"689\" \/>\n\t<meta property=\"og:image:type\" content=\"image\/png\" \/>\n<meta name=\"author\" content=\"Josep Ripoll\" \/>\n<meta name=\"twitter:card\" content=\"summary_large_image\" \/>\n<meta name=\"twitter:label1\" content=\"Escrit per\" \/>\n\t<meta name=\"twitter:data1\" content=\"Josep Ripoll\" \/>\n\t<meta name=\"twitter:label2\" content=\"Temps estimat de lectura\" \/>\n\t<meta name=\"twitter:data2\" content=\"1 minut\" \/>\n<script type=\"application\/ld+json\" class=\"yoast-schema-graph\">{\"@context\":\"https:\/\/schema.org\",\"@graph\":[{\"@type\":[\"Article\",\"BlogPosting\"],\"@id\":\"https:\/\/www.psib-psoe.org\/eivissa\/psoe-reinicia-exigeix-a-marcos-serra-lassumpcio-de-responsabilitats-per-la-perdua-de-fons-europeus-al-comerc\/#article\",\"isPartOf\":{\"@id\":\"https:\/\/www.psib-psoe.org\/eivissa\/psoe-reinicia-exigeix-a-marcos-serra-lassumpcio-de-responsabilitats-per-la-perdua-de-fons-europeus-al-comerc\/\"},\"author\":{\"name\":\"Josep Ripoll\",\"@id\":\"https:\/\/www.psib-psoe.org\/eivissa\/#\/schema\/person\/7a9d2841fb36f32e34fc0e9b245e8117\"},\"headline\":\"PSOE- Reinicia\u00a0exigeix\u00a0a\u00a0Marcos\u00a0Serra l&#8217;assumpci\u00f3 de responsabilitats per la p\u00e8rdua de fons europeus al comer\u00e7\",\"datePublished\":\"2022-02-24T07:00:04+00:00\",\"dateModified\":\"2022-02-24T10:59:10+00:00\",\"mainEntityOfPage\":{\"@id\":\"https:\/\/www.psib-psoe.org\/eivissa\/psoe-reinicia-exigeix-a-marcos-serra-lassumpcio-de-responsabilitats-per-la-perdua-de-fons-europeus-al-comerc\/\"},\"wordCount\":263,\"publisher\":{\"@id\":\"https:\/\/www.psib-psoe.org\/eivissa\/#organization\"},\"image\":{\"@id\":\"https:\/\/www.psib-psoe.org\/eivissa\/psoe-reinicia-exigeix-a-marcos-serra-lassumpcio-de-responsabilitats-per-la-perdua-de-fons-europeus-al-comerc\/#primaryimage\"},\"thumbnailUrl\":\"https:\/\/www.psib-psoe.org\/eivissa\/wp-content\/uploads\/Captura-de-Pantalla-2020-02-03-a-les-12.58.25.png\",\"articleSection\":[\"Federaci\u00f3 d'Eivissa - Portada\",\"Municipis\",\"Sant Antoni de Portmany\"],\"inLanguage\":\"ca\"},{\"@type\":\"WebPage\",\"@id\":\"https:\/\/www.psib-psoe.org\/eivissa\/psoe-reinicia-exigeix-a-marcos-serra-lassumpcio-de-responsabilitats-per-la-perdua-de-fons-europeus-al-comerc\/\",\"url\":\"https:\/\/www.psib-psoe.org\/eivissa\/psoe-reinicia-exigeix-a-marcos-serra-lassumpcio-de-responsabilitats-per-la-perdua-de-fons-europeus-al-comerc\/\",\"name\":\"PSOE- Reinicia\u00a0exigeix\u00a0a\u00a0Marcos\u00a0Serra l'assumpci\u00f3 de responsabilitats per la p\u00e8rdua de fons europeus al comer\u00e7 - Federaci\u00f3 Socialista d&#039;Eivissa\",\"isPartOf\":{\"@id\":\"https:\/\/www.psib-psoe.org\/eivissa\/#website\"},\"primaryImageOfPage\":{\"@id\":\"https:\/\/www.psib-psoe.org\/eivissa\/psoe-reinicia-exigeix-a-marcos-serra-lassumpcio-de-responsabilitats-per-la-perdua-de-fons-europeus-al-comerc\/#primaryimage\"},\"image\":{\"@id\":\"https:\/\/www.psib-psoe.org\/eivissa\/psoe-reinicia-exigeix-a-marcos-serra-lassumpcio-de-responsabilitats-per-la-perdua-de-fons-europeus-al-comerc\/#primaryimage\"},\"thumbnailUrl\":\"https:\/\/www.psib-psoe.org\/eivissa\/wp-content\/uploads\/Captura-de-Pantalla-2020-02-03-a-les-12.58.25.png\",\"datePublished\":\"2022-02-24T07:00:04+00:00\",\"dateModified\":\"2022-02-24T10:59:10+00:00\",\"breadcrumb\":{\"@id\":\"https:\/\/www.psib-psoe.org\/eivissa\/psoe-reinicia-exigeix-a-marcos-serra-lassumpcio-de-responsabilitats-per-la-perdua-de-fons-europeus-al-comerc\/#breadcrumb\"},\"inLanguage\":\"ca\",\"potentialAction\":[{\"@type\":\"ReadAction\",\"target\":[\"https:\/\/www.psib-psoe.org\/eivissa\/psoe-reinicia-exigeix-a-marcos-serra-lassumpcio-de-responsabilitats-per-la-perdua-de-fons-europeus-al-comerc\/\"]}]},{\"@type\":\"ImageObject\",\"inLanguage\":\"ca\",\"@id\":\"https:\/\/www.psib-psoe.org\/eivissa\/psoe-reinicia-exigeix-a-marcos-serra-lassumpcio-de-responsabilitats-per-la-perdua-de-fons-europeus-al-comerc\/#primaryimage\",\"url\":\"https:\/\/www.psib-psoe.org\/eivissa\/wp-content\/uploads\/Captura-de-Pantalla-2020-02-03-a-les-12.58.25.png\",\"contentUrl\":\"https:\/\/www.psib-psoe.org\/eivissa\/wp-content\/uploads\/Captura-de-Pantalla-2020-02-03-a-les-12.58.25.png\",\"width\":1230,\"height\":689},{\"@type\":\"BreadcrumbList\",\"@id\":\"https:\/\/www.psib-psoe.org\/eivissa\/psoe-reinicia-exigeix-a-marcos-serra-lassumpcio-de-responsabilitats-per-la-perdua-de-fons-europeus-al-comerc\/#breadcrumb\",\"itemListElement\":[{\"@type\":\"ListItem\",\"position\":1,\"name\":\"Inici\",\"item\":\"https:\/\/www.psib-psoe.org\/eivissa\/\"},{\"@type\":\"ListItem\",\"position\":2,\"name\":\"PSOE- Reinicia\u00a0exigeix\u00a0a\u00a0Marcos\u00a0Serra l&#8217;assumpci\u00f3 de responsabilitats per la p\u00e8rdua de fons europeus al comer\u00e7\"}]},{\"@type\":\"WebSite\",\"@id\":\"https:\/\/www.psib-psoe.org\/eivissa\/#website\",\"url\":\"https:\/\/www.psib-psoe.org\/eivissa\/\",\"name\":\"Federaci\u00f3 Socialista d'Eivissa\",\"description\":\"Socialistes d&#039;Eivissa\",\"publisher\":{\"@id\":\"https:\/\/www.psib-psoe.org\/eivissa\/#organization\"},\"potentialAction\":[{\"@type\":\"SearchAction\",\"target\":{\"@type\":\"EntryPoint\",\"urlTemplate\":\"https:\/\/www.psib-psoe.org\/eivissa\/?s={search_term_string}\"},\"query-input\":{\"@type\":\"PropertyValueSpecification\",\"valueRequired\":true,\"valueName\":\"search_term_string\"}}],\"inLanguage\":\"ca\"},{\"@type\":\"Organization\",\"@id\":\"https:\/\/www.psib-psoe.org\/eivissa\/#organization\",\"name\":\"Federaci\u00f3 Socialista d'Eivissa\",\"url\":\"https:\/\/www.psib-psoe.org\/eivissa\/\",\"logo\":{\"@type\":\"ImageObject\",\"inLanguage\":\"ca\",\"@id\":\"https:\/\/www.psib-psoe.org\/eivissa\/#\/schema\/logo\/image\/\",\"url\":\"https:\/\/www.psib-psoe.org\/eivissa\/wp-content\/uploads\/LOGO-FSE-SOCIALISTA-DEIVISSA-HORI.png\",\"contentUrl\":\"https:\/\/www.psib-psoe.org\/eivissa\/wp-content\/uploads\/LOGO-FSE-SOCIALISTA-DEIVISSA-HORI.png\",\"width\":6000,\"height\":3104,\"caption\":\"Federaci\u00f3 Socialista d'Eivissa\"},\"image\":{\"@id\":\"https:\/\/www.psib-psoe.org\/eivissa\/#\/schema\/logo\/image\/\"}},{\"@type\":\"Person\",\"@id\":\"https:\/\/www.psib-psoe.org\/eivissa\/#\/schema\/person\/7a9d2841fb36f32e34fc0e9b245e8117\",\"name\":\"Josep Ripoll\",\"sameAs\":[\"http:\/\/www.psib-psoe.org\/eivissa\/wp-login.php\"],\"url\":\"https:\/\/www.psib-psoe.org\/eivissa\/author\/josep\/\"}]}<\/script>\n<!-- \/ Yoast SEO plugin. -->","yoast_head_json":{"title":"PSOE- Reinicia\u00a0exigeix\u00a0a\u00a0Marcos\u00a0Serra l'assumpci\u00f3 de responsabilitats per la p\u00e8rdua de fons europeus al comer\u00e7 - Federaci\u00f3 Socialista d&#039;Eivissa","robots":{"index":"index","follow":"follow","max-snippet":"max-snippet:-1","max-image-preview":"max-image-preview:large","max-video-preview":"max-video-preview:-1"},"canonical":"https:\/\/www.psib-psoe.org\/eivissa\/psoe-reinicia-exigeix-a-marcos-serra-lassumpcio-de-responsabilitats-per-la-perdua-de-fons-europeus-al-comerc\/","og_locale":"ca_ES","og_type":"article","og_title":"PSOE- Reinicia\u00a0exigeix\u00a0a\u00a0Marcos\u00a0Serra l'assumpci\u00f3 de responsabilitats per la p\u00e8rdua de fons europeus al comer\u00e7 - Federaci\u00f3 Socialista d&#039;Eivissa","og_description":"El grup PSOE-Reinicia exigeix a l&#8217;alcalde de Sant Antoni de Portmany, Marcos Serra, &#8220;l&#8217;assumpci\u00f3 de responsabilitats&#8221; per la p\u00e8rdua dels fons europeus al comer\u00e7 provocada per la incapacitat de l&#8217;equip de govern de presentar ni un sol projecte. El grup progressista critica la falta de projecte de futur per al municipi de l&#8217;equip de govern:&hellip;","og_url":"https:\/\/www.psib-psoe.org\/eivissa\/psoe-reinicia-exigeix-a-marcos-serra-lassumpcio-de-responsabilitats-per-la-perdua-de-fons-europeus-al-comerc\/","og_site_name":"Federaci\u00f3 Socialista d&#039;Eivissa","article_published_time":"2022-02-24T07:00:04+00:00","article_modified_time":"2022-02-24T10:59:10+00:00","og_image":[{"width":1230,"height":689,"url":"https:\/\/www.psib-psoe.org\/eivissa\/wp-content\/uploads\/Captura-de-Pantalla-2020-02-03-a-les-12.58.25.png","type":"image\/png"}],"author":"Josep Ripoll","twitter_card":"summary_large_image","twitter_misc":{"Escrit per":"Josep Ripoll","Temps estimat de lectura":"1 minut"},"schema":{"@context":"https:\/\/schema.org","@graph":[{"@type":["Article","BlogPosting"],"@id":"https:\/\/www.psib-psoe.org\/eivissa\/psoe-reinicia-exigeix-a-marcos-serra-lassumpcio-de-responsabilitats-per-la-perdua-de-fons-europeus-al-comerc\/#article","isPartOf":{"@id":"https:\/\/www.psib-psoe.org\/eivissa\/psoe-reinicia-exigeix-a-marcos-serra-lassumpcio-de-responsabilitats-per-la-perdua-de-fons-europeus-al-comerc\/"},"author":{"name":"Josep Ripoll","@id":"https:\/\/www.psib-psoe.org\/eivissa\/#\/schema\/person\/7a9d2841fb36f32e34fc0e9b245e8117"},"headline":"PSOE- Reinicia\u00a0exigeix\u00a0a\u00a0Marcos\u00a0Serra l&#8217;assumpci\u00f3 de responsabilitats per la p\u00e8rdua de fons europeus al comer\u00e7","datePublished":"2022-02-24T07:00:04+00:00","dateModified":"2022-02-24T10:59:10+00:00","mainEntityOfPage":{"@id":"https:\/\/www.psib-psoe.org\/eivissa\/psoe-reinicia-exigeix-a-marcos-serra-lassumpcio-de-responsabilitats-per-la-perdua-de-fons-europeus-al-comerc\/"},"wordCount":263,"publisher":{"@id":"https:\/\/www.psib-psoe.org\/eivissa\/#organization"},"image":{"@id":"https:\/\/www.psib-psoe.org\/eivissa\/psoe-reinicia-exigeix-a-marcos-serra-lassumpcio-de-responsabilitats-per-la-perdua-de-fons-europeus-al-comerc\/#primaryimage"},"thumbnailUrl":"https:\/\/www.psib-psoe.org\/eivissa\/wp-content\/uploads\/Captura-de-Pantalla-2020-02-03-a-les-12.58.25.png","articleSection":["Federaci\u00f3 d'Eivissa - Portada","Municipis","Sant Antoni de Portmany"],"inLanguage":"ca"},{"@type":"WebPage","@id":"https:\/\/www.psib-psoe.org\/eivissa\/psoe-reinicia-exigeix-a-marcos-serra-lassumpcio-de-responsabilitats-per-la-perdua-de-fons-europeus-al-comerc\/","url":"https:\/\/www.psib-psoe.org\/eivissa\/psoe-reinicia-exigeix-a-marcos-serra-lassumpcio-de-responsabilitats-per-la-perdua-de-fons-europeus-al-comerc\/","name":"PSOE- Reinicia\u00a0exigeix\u00a0a\u00a0Marcos\u00a0Serra l'assumpci\u00f3 de responsabilitats per la p\u00e8rdua de fons europeus al comer\u00e7 - Federaci\u00f3 Socialista d&#039;Eivissa","isPartOf":{"@id":"https:\/\/www.psib-psoe.org\/eivissa\/#website"},"primaryImageOfPage":{"@id":"https:\/\/www.psib-psoe.org\/eivissa\/psoe-reinicia-exigeix-a-marcos-serra-lassumpcio-de-responsabilitats-per-la-perdua-de-fons-europeus-al-comerc\/#primaryimage"},"image":{"@id":"https:\/\/www.psib-psoe.org\/eivissa\/psoe-reinicia-exigeix-a-marcos-serra-lassumpcio-de-responsabilitats-per-la-perdua-de-fons-europeus-al-comerc\/#primaryimage"},"thumbnailUrl":"https:\/\/www.psib-psoe.org\/eivissa\/wp-content\/uploads\/Captura-de-Pantalla-2020-02-03-a-les-12.58.25.png","datePublished":"2022-02-24T07:00:04+00:00","dateModified":"2022-02-24T10:59:10+00:00","breadcrumb":{"@id":"https:\/\/www.psib-psoe.org\/eivissa\/psoe-reinicia-exigeix-a-marcos-serra-lassumpcio-de-responsabilitats-per-la-perdua-de-fons-europeus-al-comerc\/#breadcrumb"},"inLanguage":"ca","potentialAction":[{"@type":"ReadAction","target":["https:\/\/www.psib-psoe.org\/eivissa\/psoe-reinicia-exigeix-a-marcos-serra-lassumpcio-de-responsabilitats-per-la-perdua-de-fons-europeus-al-comerc\/"]}]},{"@type":"ImageObject","inLanguage":"ca","@id":"https:\/\/www.psib-psoe.org\/eivissa\/psoe-reinicia-exigeix-a-marcos-serra-lassumpcio-de-responsabilitats-per-la-perdua-de-fons-europeus-al-comerc\/#primaryimage","url":"https:\/\/www.psib-psoe.org\/eivissa\/wp-content\/uploads\/Captura-de-Pantalla-2020-02-03-a-les-12.58.25.png","contentUrl":"https:\/\/www.psib-psoe.org\/eivissa\/wp-content\/uploads\/Captura-de-Pantalla-2020-02-03-a-les-12.58.25.png","width":1230,"height":689},{"@type":"BreadcrumbList","@id":"https:\/\/www.psib-psoe.org\/eivissa\/psoe-reinicia-exigeix-a-marcos-serra-lassumpcio-de-responsabilitats-per-la-perdua-de-fons-europeus-al-comerc\/#breadcrumb","itemListElement":[{"@type":"ListItem","position":1,"name":"Inici","item":"https:\/\/www.psib-psoe.org\/eivissa\/"},{"@type":"ListItem","position":2,"name":"PSOE- Reinicia\u00a0exigeix\u00a0a\u00a0Marcos\u00a0Serra l&#8217;assumpci\u00f3 de responsabilitats per la p\u00e8rdua de fons europeus al comer\u00e7"}]},{"@type":"WebSite","@id":"https:\/\/www.psib-psoe.org\/eivissa\/#website","url":"https:\/\/www.psib-psoe.org\/eivissa\/","name":"Federaci\u00f3 Socialista d'Eivissa","description":"Socialistes d&#039;Eivissa","publisher":{"@id":"https:\/\/www.psib-psoe.org\/eivissa\/#organization"},"potentialAction":[{"@type":"SearchAction","target":{"@type":"EntryPoint","urlTemplate":"https:\/\/www.psib-psoe.org\/eivissa\/?s={search_term_string}"},"query-input":{"@type":"PropertyValueSpecification","valueRequired":true,"valueName":"search_term_string"}}],"inLanguage":"ca"},{"@type":"Organization","@id":"https:\/\/www.psib-psoe.org\/eivissa\/#organization","name":"Federaci\u00f3 Socialista d'Eivissa","url":"https:\/\/www.psib-psoe.org\/eivissa\/","logo":{"@type":"ImageObject","inLanguage":"ca","@id":"https:\/\/www.psib-psoe.org\/eivissa\/#\/schema\/logo\/image\/","url":"https:\/\/www.psib-psoe.org\/eivissa\/wp-content\/uploads\/LOGO-FSE-SOCIALISTA-DEIVISSA-HORI.png","contentUrl":"https:\/\/www.psib-psoe.org\/eivissa\/wp-content\/uploads\/LOGO-FSE-SOCIALISTA-DEIVISSA-HORI.png","width":6000,"height":3104,"caption":"Federaci\u00f3 Socialista d'Eivissa"},"image":{"@id":"https:\/\/www.psib-psoe.org\/eivissa\/#\/schema\/logo\/image\/"}},{"@type":"Person","@id":"https:\/\/www.psib-psoe.org\/eivissa\/#\/schema\/person\/7a9d2841fb36f32e34fc0e9b245e8117","name":"Josep Ripoll","sameAs":["http:\/\/www.psib-psoe.org\/eivissa\/wp-login.php"],"url":"https:\/\/www.psib-psoe.org\/eivissa\/author\/josep\/"}]}},"_links":{"self":[{"href":"https:\/\/www.psib-psoe.org\/eivissa\/wp-json\/wp\/v2\/posts\/35119","targetHints":{"allow":["GET"]}}],"collection":[{"href":"https:\/\/www.psib-psoe.org\/eivissa\/wp-json\/wp\/v2\/posts"}],"about":[{"href":"https:\/\/www.psib-psoe.org\/eivissa\/wp-json\/wp\/v2\/types\/post"}],"author":[{"embeddable":true,"href":"https:\/\/www.psib-psoe.org\/eivissa\/wp-json\/wp\/v2\/users\/7"}],"replies":[{"embeddable":true,"href":"https:\/\/www.psib-psoe.org\/eivissa\/wp-json\/wp\/v2\/comments?post=35119"}],"version-history":[{"count":1,"href":"https:\/\/www.psib-psoe.org\/eivissa\/wp-json\/wp\/v2\/posts\/35119\/revisions"}],"predecessor-version":[{"id":35120,"href":"https:\/\/www.psib-psoe.org\/eivissa\/wp-json\/wp\/v2\/posts\/35119\/revisions\/35120"}],"wp:featuredmedia":[{"embeddable":true,"href":"https:\/\/www.psib-psoe.org\/eivissa\/wp-json\/wp\/v2\/media\/27100"}],"wp:attachment":[{"href":"https:\/\/www.psib-psoe.org\/eivissa\/wp-json\/wp\/v2\/media?parent=35119"}],"wp:term":[{"taxonomy":"category","embeddable":true,"href":"https:\/\/www.psib-psoe.org\/eivissa\/wp-json\/wp\/v2\/categories?post=35119"},{"taxonomy":"post_tag","embeddable":true,"href":"https:\/\/www.psib-psoe.org\/eivissa\/wp-json\/wp\/v2\/tags?post=35119"}],"curies":[{"name":"wp","href":"https:\/\/api.w.org\/{rel}","templated":true}]}}