{"id":35128,"date":"2022-02-09T14:55:32","date_gmt":"2022-02-09T12:55:32","guid":{"rendered":"https:\/\/www.psib-psoe.org\/eivissa\/?p=35128"},"modified":"2022-02-24T12:58:43","modified_gmt":"2022-02-24T10:58:43","slug":"el-grup-psoe-lamenta-la-falta-de-compromis-del-consell-insular-en-el-projecte-de-120-habitatges-publics-del-solar-de-la-comissaria","status":"publish","type":"post","link":"https:\/\/www.psib-psoe.org\/eivissa\/el-grup-psoe-lamenta-la-falta-de-compromis-del-consell-insular-en-el-projecte-de-120-habitatges-publics-del-solar-de-la-comissaria\/","title":{"rendered":"El grup PSOE lamenta la falta de comprom\u00eds del Consell Insular en el projecte de 120 habitatges p\u00fablics del solar de la comissaria"},"content":{"rendered":"<p dir=\"ltr\"><span style=\"font-size: large;\">El grup PSOE critica la \u201cfalta de comprom\u00eds\u201d del Consell Insular en el projecte de 120 habitatges p\u00fablics del solar de la comissaria, promogut la legislatura anterior per part de la m\u00e0xima instituci\u00f3 insular. El president quan es va impulsar el projecte i actual portaveu socialista, Vicent Torres, ha mostrat la seua sorpresa per les declaracions del diputat del PP Miquel Jerez, dient que la iniciativa \u201cest\u00e0 en perill\u201d, quan \u201c\u00e9s l\u2019actual govern del PP al Consell Insular qui se n\u2019ha despreocupat i no ha comprom\u00e8s la inversi\u00f3\u201d.<\/span><\/p>\n<p dir=\"ltr\"><span style=\"font-size: large;\">Vicent Torres recorda que el Govern Balear i el Ministeri de l\u2019Interior \u201cestan treballant en el desenvolupament del protocol\u201d, i que en tot cas \u201c\u00e9s el Consell Insular qui no s\u2019est\u00e0 preocupant perqu\u00e8 sigui realitat\u201d.\u00a0<\/span><\/p>\n<p dir=\"ltr\"><span style=\"font-size: large;\">El grup PSOE demana al govern de Vicent Mar\u00ed \u201cque s\u2019impliqui\u201d en fer realitat el protocol firmat entre l&#8217;anterior executiu del Consell Insular, el Govern d&#8217;Espanya, el Govern de les Illes Balears i l&#8217;Ajuntament d&#8217;Eivissa.<\/span><\/p>\n<p dir=\"ltr\"><span style=\"font-size: large;\">D&#8217;acord amb el protocol, firmat el 27 de febrer de 2019, el Ministeri de l&#8217;Interior segregar\u00e0 una parcel\u00b7la de 8.000 metres quadrats per cedir-la a l&#8217;IBAVI, qui s&#8217;encarregar\u00e0 de la redacci\u00f3 dels projectes i de la construcci\u00f3 de quatre promocions de 30 pisos cada una. El Consell d&#8217;Eivissa adquirir\u00e0 dos dels edificis per destinar-los a habitatge social, la mateixa funci\u00f3 que tendr\u00e0 el tercer edifici, que ser\u00e0 gestionat directament per l&#8217;IBAVI. El quart edifici, que ser\u00e0 el que estar\u00e0 situat m\u00e9s a prop de la Comissaria, se cedir\u00e0 al Ministeri de l&#8217;Interior, per tal que el pugui destinar a l&#8217;allotjament de funcionaris de Policia Nacional o de Gu\u00e0rdia Civil. Per part de l&#8217;Ajuntament, aquest facilitar\u00e0 tota la tramitaci\u00f3 urban\u00edstica i obtenci\u00f3 de les corresponents llic\u00e8ncies de construcci\u00f3.<\/span><\/p>\n","protected":false},"excerpt":{"rendered":"<p>El grup PSOE critica la \u201cfalta de comprom\u00eds\u201d del Consell Insular en el projecte de 120 habitatges p\u00fablics del solar de la comissaria, promogut la legislatura anterior per part de la m\u00e0xima instituci\u00f3 insular. El president quan es va impulsar el projecte i actual portaveu socialista, Vicent Torres, ha mostrat la seua sorpresa per les&hellip;<\/p>\n","protected":false},"author":7,"featured_media":35129,"comment_status":"closed","ping_status":"closed","sticky":false,"template":"","format":"standard","meta":{"footnotes":""},"categories":[192],"tags":[],"class_list":["post-35128","post","type-post","status-publish","format-standard","has-post-thumbnail","hentry","category-consell-deivissa"],"yoast_head":"<!-- This site is optimized with the Yoast SEO plugin v26.9 - https:\/\/yoast.com\/product\/yoast-seo-wordpress\/ -->\n<title>El grup PSOE lamenta la falta de comprom\u00eds del Consell Insular en el projecte de 120 habitatges p\u00fablics del solar de la comissaria - Federaci\u00f3 Socialista d&#039;Eivissa<\/title>\n<meta name=\"robots\" content=\"index, follow, max-snippet:-1, max-image-preview:large, max-video-preview:-1\" \/>\n<link rel=\"canonical\" href=\"https:\/\/www.psib-psoe.org\/eivissa\/el-grup-psoe-lamenta-la-falta-de-compromis-del-consell-insular-en-el-projecte-de-120-habitatges-publics-del-solar-de-la-comissaria\/\" \/>\n<meta property=\"og:locale\" content=\"ca_ES\" \/>\n<meta property=\"og:type\" content=\"article\" \/>\n<meta property=\"og:title\" content=\"El grup PSOE lamenta la falta de comprom\u00eds del Consell Insular en el projecte de 120 habitatges p\u00fablics del solar de la comissaria - Federaci\u00f3 Socialista d&#039;Eivissa\" \/>\n<meta property=\"og:description\" content=\"El grup PSOE critica la \u201cfalta de comprom\u00eds\u201d del Consell Insular en el projecte de 120 habitatges p\u00fablics del solar de la comissaria, promogut la legislatura anterior per part de la m\u00e0xima instituci\u00f3 insular. El president quan es va impulsar el projecte i actual portaveu socialista, Vicent Torres, ha mostrat la seua sorpresa per les&hellip;\" \/>\n<meta property=\"og:url\" content=\"https:\/\/www.psib-psoe.org\/eivissa\/el-grup-psoe-lamenta-la-falta-de-compromis-del-consell-insular-en-el-projecte-de-120-habitatges-publics-del-solar-de-la-comissaria\/\" \/>\n<meta property=\"og:site_name\" content=\"Federaci\u00f3 Socialista d&#039;Eivissa\" \/>\n<meta property=\"article:published_time\" content=\"2022-02-09T12:55:32+00:00\" \/>\n<meta property=\"article:modified_time\" content=\"2022-02-24T10:58:43+00:00\" \/>\n<meta property=\"og:image\" content=\"https:\/\/www.psib-psoe.org\/eivissa\/wp-content\/uploads\/comissaria-3.png\" \/>\n\t<meta property=\"og:image:width\" content=\"700\" \/>\n\t<meta property=\"og:image:height\" content=\"367\" \/>\n\t<meta property=\"og:image:type\" content=\"image\/png\" \/>\n<meta name=\"author\" content=\"Josep Ripoll\" \/>\n<meta name=\"twitter:card\" content=\"summary_large_image\" \/>\n<meta name=\"twitter:label1\" content=\"Escrit per\" \/>\n\t<meta name=\"twitter:data1\" content=\"Josep Ripoll\" \/>\n\t<meta name=\"twitter:label2\" content=\"Temps estimat de lectura\" \/>\n\t<meta name=\"twitter:data2\" content=\"1 minut\" \/>\n<script type=\"application\/ld+json\" class=\"yoast-schema-graph\">{\"@context\":\"https:\/\/schema.org\",\"@graph\":[{\"@type\":[\"Article\",\"BlogPosting\"],\"@id\":\"https:\/\/www.psib-psoe.org\/eivissa\/el-grup-psoe-lamenta-la-falta-de-compromis-del-consell-insular-en-el-projecte-de-120-habitatges-publics-del-solar-de-la-comissaria\/#article\",\"isPartOf\":{\"@id\":\"https:\/\/www.psib-psoe.org\/eivissa\/el-grup-psoe-lamenta-la-falta-de-compromis-del-consell-insular-en-el-projecte-de-120-habitatges-publics-del-solar-de-la-comissaria\/\"},\"author\":{\"name\":\"Josep Ripoll\",\"@id\":\"https:\/\/www.psib-psoe.org\/eivissa\/#\/schema\/person\/7a9d2841fb36f32e34fc0e9b245e8117\"},\"headline\":\"El grup PSOE lamenta la falta de comprom\u00eds del Consell Insular en el projecte de 120 habitatges p\u00fablics del solar de la comissaria\",\"datePublished\":\"2022-02-09T12:55:32+00:00\",\"dateModified\":\"2022-02-24T10:58:43+00:00\",\"mainEntityOfPage\":{\"@id\":\"https:\/\/www.psib-psoe.org\/eivissa\/el-grup-psoe-lamenta-la-falta-de-compromis-del-consell-insular-en-el-projecte-de-120-habitatges-publics-del-solar-de-la-comissaria\/\"},\"wordCount\":318,\"publisher\":{\"@id\":\"https:\/\/www.psib-psoe.org\/eivissa\/#organization\"},\"image\":{\"@id\":\"https:\/\/www.psib-psoe.org\/eivissa\/el-grup-psoe-lamenta-la-falta-de-compromis-del-consell-insular-en-el-projecte-de-120-habitatges-publics-del-solar-de-la-comissaria\/#primaryimage\"},\"thumbnailUrl\":\"https:\/\/www.psib-psoe.org\/eivissa\/wp-content\/uploads\/comissaria-3.png\",\"articleSection\":[\"Consell d'Eivissa\"],\"inLanguage\":\"ca\"},{\"@type\":\"WebPage\",\"@id\":\"https:\/\/www.psib-psoe.org\/eivissa\/el-grup-psoe-lamenta-la-falta-de-compromis-del-consell-insular-en-el-projecte-de-120-habitatges-publics-del-solar-de-la-comissaria\/\",\"url\":\"https:\/\/www.psib-psoe.org\/eivissa\/el-grup-psoe-lamenta-la-falta-de-compromis-del-consell-insular-en-el-projecte-de-120-habitatges-publics-del-solar-de-la-comissaria\/\",\"name\":\"El grup PSOE lamenta la falta de comprom\u00eds del Consell Insular en el projecte de 120 habitatges p\u00fablics del solar de la comissaria - Federaci\u00f3 Socialista d&#039;Eivissa\",\"isPartOf\":{\"@id\":\"https:\/\/www.psib-psoe.org\/eivissa\/#website\"},\"primaryImageOfPage\":{\"@id\":\"https:\/\/www.psib-psoe.org\/eivissa\/el-grup-psoe-lamenta-la-falta-de-compromis-del-consell-insular-en-el-projecte-de-120-habitatges-publics-del-solar-de-la-comissaria\/#primaryimage\"},\"image\":{\"@id\":\"https:\/\/www.psib-psoe.org\/eivissa\/el-grup-psoe-lamenta-la-falta-de-compromis-del-consell-insular-en-el-projecte-de-120-habitatges-publics-del-solar-de-la-comissaria\/#primaryimage\"},\"thumbnailUrl\":\"https:\/\/www.psib-psoe.org\/eivissa\/wp-content\/uploads\/comissaria-3.png\",\"datePublished\":\"2022-02-09T12:55:32+00:00\",\"dateModified\":\"2022-02-24T10:58:43+00:00\",\"breadcrumb\":{\"@id\":\"https:\/\/www.psib-psoe.org\/eivissa\/el-grup-psoe-lamenta-la-falta-de-compromis-del-consell-insular-en-el-projecte-de-120-habitatges-publics-del-solar-de-la-comissaria\/#breadcrumb\"},\"inLanguage\":\"ca\",\"potentialAction\":[{\"@type\":\"ReadAction\",\"target\":[\"https:\/\/www.psib-psoe.org\/eivissa\/el-grup-psoe-lamenta-la-falta-de-compromis-del-consell-insular-en-el-projecte-de-120-habitatges-publics-del-solar-de-la-comissaria\/\"]}]},{\"@type\":\"ImageObject\",\"inLanguage\":\"ca\",\"@id\":\"https:\/\/www.psib-psoe.org\/eivissa\/el-grup-psoe-lamenta-la-falta-de-compromis-del-consell-insular-en-el-projecte-de-120-habitatges-publics-del-solar-de-la-comissaria\/#primaryimage\",\"url\":\"https:\/\/www.psib-psoe.org\/eivissa\/wp-content\/uploads\/comissaria-3.png\",\"contentUrl\":\"https:\/\/www.psib-psoe.org\/eivissa\/wp-content\/uploads\/comissaria-3.png\",\"width\":700,\"height\":367},{\"@type\":\"BreadcrumbList\",\"@id\":\"https:\/\/www.psib-psoe.org\/eivissa\/el-grup-psoe-lamenta-la-falta-de-compromis-del-consell-insular-en-el-projecte-de-120-habitatges-publics-del-solar-de-la-comissaria\/#breadcrumb\",\"itemListElement\":[{\"@type\":\"ListItem\",\"position\":1,\"name\":\"Inici\",\"item\":\"https:\/\/www.psib-psoe.org\/eivissa\/\"},{\"@type\":\"ListItem\",\"position\":2,\"name\":\"El grup PSOE lamenta la falta de comprom\u00eds del Consell Insular en el projecte de 120 habitatges p\u00fablics del solar de la comissaria\"}]},{\"@type\":\"WebSite\",\"@id\":\"https:\/\/www.psib-psoe.org\/eivissa\/#website\",\"url\":\"https:\/\/www.psib-psoe.org\/eivissa\/\",\"name\":\"Federaci\u00f3 Socialista d'Eivissa\",\"description\":\"Socialistes d&#039;Eivissa\",\"publisher\":{\"@id\":\"https:\/\/www.psib-psoe.org\/eivissa\/#organization\"},\"potentialAction\":[{\"@type\":\"SearchAction\",\"target\":{\"@type\":\"EntryPoint\",\"urlTemplate\":\"https:\/\/www.psib-psoe.org\/eivissa\/?s={search_term_string}\"},\"query-input\":{\"@type\":\"PropertyValueSpecification\",\"valueRequired\":true,\"valueName\":\"search_term_string\"}}],\"inLanguage\":\"ca\"},{\"@type\":\"Organization\",\"@id\":\"https:\/\/www.psib-psoe.org\/eivissa\/#organization\",\"name\":\"Federaci\u00f3 Socialista d'Eivissa\",\"url\":\"https:\/\/www.psib-psoe.org\/eivissa\/\",\"logo\":{\"@type\":\"ImageObject\",\"inLanguage\":\"ca\",\"@id\":\"https:\/\/www.psib-psoe.org\/eivissa\/#\/schema\/logo\/image\/\",\"url\":\"https:\/\/www.psib-psoe.org\/eivissa\/wp-content\/uploads\/LOGO-FSE-SOCIALISTA-DEIVISSA-HORI.png\",\"contentUrl\":\"https:\/\/www.psib-psoe.org\/eivissa\/wp-content\/uploads\/LOGO-FSE-SOCIALISTA-DEIVISSA-HORI.png\",\"width\":6000,\"height\":3104,\"caption\":\"Federaci\u00f3 Socialista d'Eivissa\"},\"image\":{\"@id\":\"https:\/\/www.psib-psoe.org\/eivissa\/#\/schema\/logo\/image\/\"}},{\"@type\":\"Person\",\"@id\":\"https:\/\/www.psib-psoe.org\/eivissa\/#\/schema\/person\/7a9d2841fb36f32e34fc0e9b245e8117\",\"name\":\"Josep Ripoll\",\"sameAs\":[\"http:\/\/www.psib-psoe.org\/eivissa\/wp-login.php\"],\"url\":\"https:\/\/www.psib-psoe.org\/eivissa\/author\/josep\/\"}]}<\/script>\n<!-- \/ Yoast SEO plugin. -->","yoast_head_json":{"title":"El grup PSOE lamenta la falta de comprom\u00eds del Consell Insular en el projecte de 120 habitatges p\u00fablics del solar de la comissaria - Federaci\u00f3 Socialista d&#039;Eivissa","robots":{"index":"index","follow":"follow","max-snippet":"max-snippet:-1","max-image-preview":"max-image-preview:large","max-video-preview":"max-video-preview:-1"},"canonical":"https:\/\/www.psib-psoe.org\/eivissa\/el-grup-psoe-lamenta-la-falta-de-compromis-del-consell-insular-en-el-projecte-de-120-habitatges-publics-del-solar-de-la-comissaria\/","og_locale":"ca_ES","og_type":"article","og_title":"El grup PSOE lamenta la falta de comprom\u00eds del Consell Insular en el projecte de 120 habitatges p\u00fablics del solar de la comissaria - Federaci\u00f3 Socialista d&#039;Eivissa","og_description":"El grup PSOE critica la \u201cfalta de comprom\u00eds\u201d del Consell Insular en el projecte de 120 habitatges p\u00fablics del solar de la comissaria, promogut la legislatura anterior per part de la m\u00e0xima instituci\u00f3 insular. El president quan es va impulsar el projecte i actual portaveu socialista, Vicent Torres, ha mostrat la seua sorpresa per les&hellip;","og_url":"https:\/\/www.psib-psoe.org\/eivissa\/el-grup-psoe-lamenta-la-falta-de-compromis-del-consell-insular-en-el-projecte-de-120-habitatges-publics-del-solar-de-la-comissaria\/","og_site_name":"Federaci\u00f3 Socialista d&#039;Eivissa","article_published_time":"2022-02-09T12:55:32+00:00","article_modified_time":"2022-02-24T10:58:43+00:00","og_image":[{"width":700,"height":367,"url":"https:\/\/www.psib-psoe.org\/eivissa\/wp-content\/uploads\/comissaria-3.png","type":"image\/png"}],"author":"Josep Ripoll","twitter_card":"summary_large_image","twitter_misc":{"Escrit per":"Josep Ripoll","Temps estimat de lectura":"1 minut"},"schema":{"@context":"https:\/\/schema.org","@graph":[{"@type":["Article","BlogPosting"],"@id":"https:\/\/www.psib-psoe.org\/eivissa\/el-grup-psoe-lamenta-la-falta-de-compromis-del-consell-insular-en-el-projecte-de-120-habitatges-publics-del-solar-de-la-comissaria\/#article","isPartOf":{"@id":"https:\/\/www.psib-psoe.org\/eivissa\/el-grup-psoe-lamenta-la-falta-de-compromis-del-consell-insular-en-el-projecte-de-120-habitatges-publics-del-solar-de-la-comissaria\/"},"author":{"name":"Josep Ripoll","@id":"https:\/\/www.psib-psoe.org\/eivissa\/#\/schema\/person\/7a9d2841fb36f32e34fc0e9b245e8117"},"headline":"El grup PSOE lamenta la falta de comprom\u00eds del Consell Insular en el projecte de 120 habitatges p\u00fablics del solar de la comissaria","datePublished":"2022-02-09T12:55:32+00:00","dateModified":"2022-02-24T10:58:43+00:00","mainEntityOfPage":{"@id":"https:\/\/www.psib-psoe.org\/eivissa\/el-grup-psoe-lamenta-la-falta-de-compromis-del-consell-insular-en-el-projecte-de-120-habitatges-publics-del-solar-de-la-comissaria\/"},"wordCount":318,"publisher":{"@id":"https:\/\/www.psib-psoe.org\/eivissa\/#organization"},"image":{"@id":"https:\/\/www.psib-psoe.org\/eivissa\/el-grup-psoe-lamenta-la-falta-de-compromis-del-consell-insular-en-el-projecte-de-120-habitatges-publics-del-solar-de-la-comissaria\/#primaryimage"},"thumbnailUrl":"https:\/\/www.psib-psoe.org\/eivissa\/wp-content\/uploads\/comissaria-3.png","articleSection":["Consell d'Eivissa"],"inLanguage":"ca"},{"@type":"WebPage","@id":"https:\/\/www.psib-psoe.org\/eivissa\/el-grup-psoe-lamenta-la-falta-de-compromis-del-consell-insular-en-el-projecte-de-120-habitatges-publics-del-solar-de-la-comissaria\/","url":"https:\/\/www.psib-psoe.org\/eivissa\/el-grup-psoe-lamenta-la-falta-de-compromis-del-consell-insular-en-el-projecte-de-120-habitatges-publics-del-solar-de-la-comissaria\/","name":"El grup PSOE lamenta la falta de comprom\u00eds del Consell Insular en el projecte de 120 habitatges p\u00fablics del solar de la comissaria - Federaci\u00f3 Socialista d&#039;Eivissa","isPartOf":{"@id":"https:\/\/www.psib-psoe.org\/eivissa\/#website"},"primaryImageOfPage":{"@id":"https:\/\/www.psib-psoe.org\/eivissa\/el-grup-psoe-lamenta-la-falta-de-compromis-del-consell-insular-en-el-projecte-de-120-habitatges-publics-del-solar-de-la-comissaria\/#primaryimage"},"image":{"@id":"https:\/\/www.psib-psoe.org\/eivissa\/el-grup-psoe-lamenta-la-falta-de-compromis-del-consell-insular-en-el-projecte-de-120-habitatges-publics-del-solar-de-la-comissaria\/#primaryimage"},"thumbnailUrl":"https:\/\/www.psib-psoe.org\/eivissa\/wp-content\/uploads\/comissaria-3.png","datePublished":"2022-02-09T12:55:32+00:00","dateModified":"2022-02-24T10:58:43+00:00","breadcrumb":{"@id":"https:\/\/www.psib-psoe.org\/eivissa\/el-grup-psoe-lamenta-la-falta-de-compromis-del-consell-insular-en-el-projecte-de-120-habitatges-publics-del-solar-de-la-comissaria\/#breadcrumb"},"inLanguage":"ca","potentialAction":[{"@type":"ReadAction","target":["https:\/\/www.psib-psoe.org\/eivissa\/el-grup-psoe-lamenta-la-falta-de-compromis-del-consell-insular-en-el-projecte-de-120-habitatges-publics-del-solar-de-la-comissaria\/"]}]},{"@type":"ImageObject","inLanguage":"ca","@id":"https:\/\/www.psib-psoe.org\/eivissa\/el-grup-psoe-lamenta-la-falta-de-compromis-del-consell-insular-en-el-projecte-de-120-habitatges-publics-del-solar-de-la-comissaria\/#primaryimage","url":"https:\/\/www.psib-psoe.org\/eivissa\/wp-content\/uploads\/comissaria-3.png","contentUrl":"https:\/\/www.psib-psoe.org\/eivissa\/wp-content\/uploads\/comissaria-3.png","width":700,"height":367},{"@type":"BreadcrumbList","@id":"https:\/\/www.psib-psoe.org\/eivissa\/el-grup-psoe-lamenta-la-falta-de-compromis-del-consell-insular-en-el-projecte-de-120-habitatges-publics-del-solar-de-la-comissaria\/#breadcrumb","itemListElement":[{"@type":"ListItem","position":1,"name":"Inici","item":"https:\/\/www.psib-psoe.org\/eivissa\/"},{"@type":"ListItem","position":2,"name":"El grup PSOE lamenta la falta de comprom\u00eds del Consell Insular en el projecte de 120 habitatges p\u00fablics del solar de la comissaria"}]},{"@type":"WebSite","@id":"https:\/\/www.psib-psoe.org\/eivissa\/#website","url":"https:\/\/www.psib-psoe.org\/eivissa\/","name":"Federaci\u00f3 Socialista d'Eivissa","description":"Socialistes d&#039;Eivissa","publisher":{"@id":"https:\/\/www.psib-psoe.org\/eivissa\/#organization"},"potentialAction":[{"@type":"SearchAction","target":{"@type":"EntryPoint","urlTemplate":"https:\/\/www.psib-psoe.org\/eivissa\/?s={search_term_string}"},"query-input":{"@type":"PropertyValueSpecification","valueRequired":true,"valueName":"search_term_string"}}],"inLanguage":"ca"},{"@type":"Organization","@id":"https:\/\/www.psib-psoe.org\/eivissa\/#organization","name":"Federaci\u00f3 Socialista d'Eivissa","url":"https:\/\/www.psib-psoe.org\/eivissa\/","logo":{"@type":"ImageObject","inLanguage":"ca","@id":"https:\/\/www.psib-psoe.org\/eivissa\/#\/schema\/logo\/image\/","url":"https:\/\/www.psib-psoe.org\/eivissa\/wp-content\/uploads\/LOGO-FSE-SOCIALISTA-DEIVISSA-HORI.png","contentUrl":"https:\/\/www.psib-psoe.org\/eivissa\/wp-content\/uploads\/LOGO-FSE-SOCIALISTA-DEIVISSA-HORI.png","width":6000,"height":3104,"caption":"Federaci\u00f3 Socialista d'Eivissa"},"image":{"@id":"https:\/\/www.psib-psoe.org\/eivissa\/#\/schema\/logo\/image\/"}},{"@type":"Person","@id":"https:\/\/www.psib-psoe.org\/eivissa\/#\/schema\/person\/7a9d2841fb36f32e34fc0e9b245e8117","name":"Josep Ripoll","sameAs":["http:\/\/www.psib-psoe.org\/eivissa\/wp-login.php"],"url":"https:\/\/www.psib-psoe.org\/eivissa\/author\/josep\/"}]}},"_links":{"self":[{"href":"https:\/\/www.psib-psoe.org\/eivissa\/wp-json\/wp\/v2\/posts\/35128","targetHints":{"allow":["GET"]}}],"collection":[{"href":"https:\/\/www.psib-psoe.org\/eivissa\/wp-json\/wp\/v2\/posts"}],"about":[{"href":"https:\/\/www.psib-psoe.org\/eivissa\/wp-json\/wp\/v2\/types\/post"}],"author":[{"embeddable":true,"href":"https:\/\/www.psib-psoe.org\/eivissa\/wp-json\/wp\/v2\/users\/7"}],"replies":[{"embeddable":true,"href":"https:\/\/www.psib-psoe.org\/eivissa\/wp-json\/wp\/v2\/comments?post=35128"}],"version-history":[{"count":1,"href":"https:\/\/www.psib-psoe.org\/eivissa\/wp-json\/wp\/v2\/posts\/35128\/revisions"}],"predecessor-version":[{"id":35131,"href":"https:\/\/www.psib-psoe.org\/eivissa\/wp-json\/wp\/v2\/posts\/35128\/revisions\/35131"}],"wp:featuredmedia":[{"embeddable":true,"href":"https:\/\/www.psib-psoe.org\/eivissa\/wp-json\/wp\/v2\/media\/35129"}],"wp:attachment":[{"href":"https:\/\/www.psib-psoe.org\/eivissa\/wp-json\/wp\/v2\/media?parent=35128"}],"wp:term":[{"taxonomy":"category","embeddable":true,"href":"https:\/\/www.psib-psoe.org\/eivissa\/wp-json\/wp\/v2\/categories?post=35128"},{"taxonomy":"post_tag","embeddable":true,"href":"https:\/\/www.psib-psoe.org\/eivissa\/wp-json\/wp\/v2\/tags?post=35128"}],"curies":[{"name":"wp","href":"https:\/\/api.w.org\/{rel}","templated":true}]}}