{"id":35229,"date":"2022-02-25T09:45:33","date_gmt":"2022-02-25T07:45:33","guid":{"rendered":"https:\/\/www.psib-psoe.org\/eivissa\/?p=35229"},"modified":"2022-02-24T12:56:19","modified_gmt":"2022-02-24T10:56:19","slug":"illes-balears-aprovacio-del-decret-llei-del-turisme-i-de-la-primera-llei-deducacio","status":"publish","type":"post","link":"https:\/\/www.psib-psoe.org\/eivissa\/illes-balears-aprovacio-del-decret-llei-del-turisme-i-de-la-primera-llei-deducacio\/","title":{"rendered":"Illes Balears: Aprovaci\u00f3 del decret llei del Turisme i de la primera Llei d&#8217;Educaci\u00f3"},"content":{"rendered":"<p><strong>Aprovaci\u00f3 del decret llei del Turisme:<\/strong><\/p>\n<p style=\"font-weight: 400;\">La portaveu del Grup Parlamentari Socialista, Pilar Costa, ha lamentat, que \u201cel Partit Popular defensi un model tur\u00edstic de fa 20 o 30 anys basant en el ciment i en el creixement il\u00b7limitat de places tur\u00edstiques\u201d, unes declaracions que fan refer\u00e8ncia a l\u2019aprovaci\u00f3 del nou decret de turisme del Govern de les Illes Balears.<\/p>\n<p style=\"font-weight: 400;\">D\u2019aquesta manera,\u00a0Costa\u00a0ha expressat que \u201cens entristeix el \u2018no\u2019 radical de la senyora Margalida Prohens que no acaba d\u2019entre que, per primera vegada en la hist\u00f2ria, una\u00a0llei\u00a0tur\u00edstica aposti per la millora de les condicions de feina dels treballadors i treballadores del sector tur\u00edstic\u201d.<\/p>\n<p style=\"font-weight: 400;\">La socialista ha incidit que \u201cdespr\u00e9s que el portaveu del grup parlamentari del Partit Popular, el senyor\u00a0Costa, digues que estaven d\u2019acord amb la congelaci\u00f3 de places tur\u00edstiques i amb l\u2019objectiu de sostenibilitat que t\u00e9 el decret; ara, la senyora Prohens no nom\u00e9s ha deslegitimat aquestes declaracions, sin\u00f3 que ha deixat clar que el Partit Popular aposta per un model de m\u00e9s construcci\u00f3, m\u00e9s ciment i menys sostenibilitat\u201d.<\/p>\n<p style=\"font-weight: 400;\">\u201cEnfront d\u2019aquest model del Partit Popular, trobam el model del Partit Socialista que aposta per la sostenibilitat, no nom\u00e9s mediambiental i territorial; sin\u00f3 que, aposta per la sostenibilitat social i la millora des del punt de vista de la salut laboral millorant les condicions de feina dels treballadors i treballadores del sector tur\u00edstic\u201d, ha defensat la portaveu socialista.<\/p>\n<p style=\"font-weight: 400;\">Finalment,\u00a0Costa\u00a0ha reiterat que \u201cles Illes Balears s\u00f3n un territori fr\u00e0gil que t\u00e9 recursos naturals limitats, el Partit Popular est\u00e0 posant damunt la taula el debat de la sostenibilitat i del creixement posant-se en l\u2019ala m\u00e9s radical: la de cr\u00e9ixer de forma il\u00b7limitada\u201d, i hi ha afegit que \u201ccosa que \u00e9s absolutament insostenible\u201d.<\/p>\n<p>&nbsp;<\/p>\n<p><strong>Aprovada la Llei d&#8217;Educaci\u00f3 de les Illes Balears:<\/strong><\/p>\n<p style=\"font-weight: 400;\">El Ple del Parlament ha aprovat la primera\u00a0Llei\u00a0d\u2019Educaci\u00f3\u00a0de les Illes Balears despr\u00e9s de m\u00e9s de vint anys des que es transferissin les compet\u00e8ncies educatives a la Comunitat Aut\u00f2noma amb l\u2019objectiu de dotar el sistema\u00a0educatiu\u00a0de l\u2019estabilitat necess\u00e0ria per continuar avan\u00e7ant en el cam\u00ed de millora en l\u2019educaci\u00f3\u00a0iniciat el 2015.<\/p>\n<p style=\"font-weight: 400;\">El diputat del Grup Parlamentari Socialista i ponent de la\u00a0llei, Carles Bona, ha estat l\u2019encarregat de defensar en el ple aquesta normativa, que ha considerat que \u201cno \u00e9s un nom\u00e9s una\u00a0llei, sin\u00f3 que \u00e9s l\u2019estructura del futur d\u2019unes quantes generacions\u201d i ha qualificat l\u2019educaci\u00f3\u00a0com a una \u201coportunitat que nom\u00e9s passa una vegada en la vida\u201d.<\/p>\n<p style=\"font-weight: 400;\">\u201cTota democr\u00e0cia necessita un bon sistema\u00a0educatiu, i avui aix\u00f2 \u00e9s a les nostres mans\u201d, ha ressaltat Bona, recordant que \u00e9s l\u2019educaci\u00f3\u00a0\u201cel que fa avan\u00e7ar un pa\u00eds\u201d i \u201call\u00f2 que m\u00e9s fa per l\u2019equitat i el progr\u00e9s social\u201d.<\/p>\n<p style=\"font-weight: 400;\">Aix\u00ed, Bona ha destacat el consens amb qu\u00e8 s\u2019ha aprovat aquesta\u00a0llei\u00a0-incorpora propostes de 42 entitats i esmenes de tots els grups pol\u00edtics, excepte de la ultradreta- i algunes de les mesures m\u00e9s importants d\u2019aquesta\u00a0Llei\u00a0d\u2019Educaci\u00f3, que a partir d\u2019ara correspondr\u00e0 al Govern de les Illes Balears desplegar.<\/p>\n<p style=\"font-weight: 400;\">En aquest sentit, el diputat ha remarcat mesures com la conversi\u00f3 del primer cicle d\u2019educaci\u00f3\u00a0infantil, de 0 a 3 anys, en etapa\u00a0educativa, l\u2019increment progressiu del finan\u00e7ament per a\u00a0educaci\u00f3\u00a0fins a assolir el 5% del PIB en vuit anys, l\u2019impuls de la Formaci\u00f3 Professional o l\u2019aposta per la m\u00e0xima participaci\u00f3 possible de la comunitat\u00a0educativa\u00a0i l\u2019autonomia dels centres.<\/p>\n<p style=\"font-weight: 400;\"><strong>Di\u00e0leg, consens i estabilitat<\/strong><\/p>\n<p style=\"font-weight: 400;\">Bona ha posat l\u2019accent en el consens aconseguit en aquesta norma, que neix de l\u2019esperit d\u2019Illes per un Pacte. Un di\u00e0leg que -ha dit- \u201cha practicat el Govern de les Illes Balears des de 2015, i que era necessari per donar estabilitat i pau\u00a0educativa\u201d.<\/p>\n<p style=\"font-weight: 400;\">Un dels objectius finals d\u2019aquesta\u00a0llei\u00a0\u00e9s que perduri en el temps. Per aix\u00f2, ha agra\u00eft a tots els grups la capacitat de di\u00e0leg i acord durant tota la tramitaci\u00f3 parlament\u00e0ria, que ha possibilitat incorporar 203 esmenes de tots els partits, a excepci\u00f3 de la ultradreta, que no va voler participar en la pon\u00e8ncia i nom\u00e9s ha presentat esmenes de supressi\u00f3.<\/p>\n<p style=\"font-weight: 400;\">\u201c\u00c9s de just\u00edcia recon\u00e8ixer i agrair al conseller Mart\u00ed March la m\u00e0 estesa constant cap a tothom que ha volgut dialogar\u201d, ha emfasitzat Bona, afegint que els grups han tengut capacitat de \u201ctreball en equip, m\u00e9s enll\u00e0 de les difer\u00e8ncies que sovint expressam al ple\u201d.<\/p>\n<p style=\"font-weight: 400;\"><strong>Cam\u00ed de millora iniciat el 2015<\/strong><\/p>\n<p style=\"font-weight: 400;\">El diputat ha explicat que aquesta\u00a0llei\u00a0\u201cconsolida la tend\u00e8ncia de millora\u201d del sistema\u00a0educatiu\u00a0a les Illes Balears, que es va iniciar el 2015 amb l\u2019increment progressiu del pressupost per a\u00a0Educaci\u00f3.<\/p>\n<p style=\"font-weight: 400;\">\u201cAquest Govern creu en la igualtat d\u2019oportunitats i que l\u2019educaci\u00f3\u00a0\u00e9s l\u2019oportunitat de la seva vida per a molts infants i fam\u00edlies humils\u201d, ha ressaltat Bona, recordant que l\u2019executiu presidit per Francina Armengol \u201cha incrementat les partides per a\u00a0educaci\u00f3\u00a0gaireb\u00e9 un 50% des de 2015, incorporant m\u00e9s de 2.000 docents\u201d.<\/p>\n<p style=\"font-weight: 400;\">\u201cGr\u00e0cies a la perseveran\u00e7a de totes les parts implicades i tamb\u00e9 de la pol\u00edtica\u00a0educativa\u00a0del Govern s\u2019han recollit fruits\u201d, ha explicat el socialista, posant d\u2019exemple algunes dades que evidencien aquest \u201ccam\u00ed de millora\u201d, com la reducci\u00f3 en un 50% de l\u2019abandonament escolar, el fet que Balears se situ\u00ef per damunt la mitjana estatal a l\u2019informe PISA en compet\u00e8ncies lectora i matem\u00e0tica, que s\u2019hagi redu\u00eft l\u2019alumnat repetidor o que les illes tenguin el sistema\u00a0educatiu\u00a0que menys segrega el seu alumnat a tot Espanya o els segons d\u2019Europa.<\/p>\n","protected":false},"excerpt":{"rendered":"<p>Aprovaci\u00f3 del decret llei del Turisme: La portaveu del Grup Parlamentari Socialista, Pilar Costa, ha lamentat, que \u201cel Partit Popular defensi un model tur\u00edstic de fa 20 o 30 anys basant en el ciment i en el creixement il\u00b7limitat de places tur\u00edstiques\u201d, unes declaracions que fan refer\u00e8ncia a l\u2019aprovaci\u00f3 del nou decret de turisme del&hellip;<\/p>\n","protected":false},"author":7,"featured_media":35230,"comment_status":"closed","ping_status":"closed","sticky":false,"template":"","format":"standard","meta":{"footnotes":""},"categories":[1,191],"tags":[],"class_list":["post-35229","post","type-post","status-publish","format-standard","has-post-thumbnail","hentry","category-federacio-de-eivissa-portada","category-govern-de-les-illes-balears-parlament"],"yoast_head":"<!-- This site is optimized with the Yoast SEO plugin v26.9 - https:\/\/yoast.com\/product\/yoast-seo-wordpress\/ -->\n<title>Illes Balears: Aprovaci\u00f3 del decret llei del Turisme i de la primera Llei d&#039;Educaci\u00f3 - Federaci\u00f3 Socialista d&#039;Eivissa<\/title>\n<meta name=\"robots\" content=\"index, follow, max-snippet:-1, max-image-preview:large, max-video-preview:-1\" \/>\n<link rel=\"canonical\" href=\"https:\/\/www.psib-psoe.org\/eivissa\/illes-balears-aprovacio-del-decret-llei-del-turisme-i-de-la-primera-llei-deducacio\/\" \/>\n<meta property=\"og:locale\" content=\"ca_ES\" \/>\n<meta property=\"og:type\" content=\"article\" \/>\n<meta property=\"og:title\" content=\"Illes Balears: Aprovaci\u00f3 del decret llei del Turisme i de la primera Llei d&#039;Educaci\u00f3 - Federaci\u00f3 Socialista d&#039;Eivissa\" \/>\n<meta property=\"og:description\" content=\"Aprovaci\u00f3 del decret llei del Turisme: La portaveu del Grup Parlamentari Socialista, Pilar Costa, ha lamentat, que \u201cel Partit Popular defensi un model tur\u00edstic de fa 20 o 30 anys basant en el ciment i en el creixement il\u00b7limitat de places tur\u00edstiques\u201d, unes declaracions que fan refer\u00e8ncia a l\u2019aprovaci\u00f3 del nou decret de turisme del&hellip;\" \/>\n<meta property=\"og:url\" content=\"https:\/\/www.psib-psoe.org\/eivissa\/illes-balears-aprovacio-del-decret-llei-del-turisme-i-de-la-primera-llei-deducacio\/\" \/>\n<meta property=\"og:site_name\" content=\"Federaci\u00f3 Socialista d&#039;Eivissa\" \/>\n<meta property=\"article:published_time\" content=\"2022-02-25T07:45:33+00:00\" \/>\n<meta property=\"og:image\" content=\"https:\/\/www.psib-psoe.org\/eivissa\/wp-content\/uploads\/20220214_PRE\u0300VIA-PLE-COSTA-CANO.jpeg\" \/>\n\t<meta property=\"og:image:width\" content=\"3327\" \/>\n\t<meta property=\"og:image:height\" content=\"2218\" \/>\n\t<meta property=\"og:image:type\" content=\"image\/jpeg\" \/>\n<meta name=\"author\" content=\"Josep Ripoll\" \/>\n<meta name=\"twitter:card\" content=\"summary_large_image\" \/>\n<meta name=\"twitter:label1\" content=\"Escrit per\" \/>\n\t<meta name=\"twitter:data1\" content=\"Josep Ripoll\" \/>\n\t<meta name=\"twitter:label2\" content=\"Temps estimat de lectura\" \/>\n\t<meta name=\"twitter:data2\" content=\"5 minuts\" \/>\n<script type=\"application\/ld+json\" class=\"yoast-schema-graph\">{\"@context\":\"https:\/\/schema.org\",\"@graph\":[{\"@type\":[\"Article\",\"BlogPosting\"],\"@id\":\"https:\/\/www.psib-psoe.org\/eivissa\/illes-balears-aprovacio-del-decret-llei-del-turisme-i-de-la-primera-llei-deducacio\/#article\",\"isPartOf\":{\"@id\":\"https:\/\/www.psib-psoe.org\/eivissa\/illes-balears-aprovacio-del-decret-llei-del-turisme-i-de-la-primera-llei-deducacio\/\"},\"author\":{\"name\":\"Josep Ripoll\",\"@id\":\"https:\/\/www.psib-psoe.org\/eivissa\/#\/schema\/person\/7a9d2841fb36f32e34fc0e9b245e8117\"},\"headline\":\"Illes Balears: Aprovaci\u00f3 del decret llei del Turisme i de la primera Llei d&#8217;Educaci\u00f3\",\"datePublished\":\"2022-02-25T07:45:33+00:00\",\"mainEntityOfPage\":{\"@id\":\"https:\/\/www.psib-psoe.org\/eivissa\/illes-balears-aprovacio-del-decret-llei-del-turisme-i-de-la-primera-llei-deducacio\/\"},\"wordCount\":987,\"publisher\":{\"@id\":\"https:\/\/www.psib-psoe.org\/eivissa\/#organization\"},\"image\":{\"@id\":\"https:\/\/www.psib-psoe.org\/eivissa\/illes-balears-aprovacio-del-decret-llei-del-turisme-i-de-la-primera-llei-deducacio\/#primaryimage\"},\"thumbnailUrl\":\"https:\/\/www.psib-psoe.org\/eivissa\/wp-content\/uploads\/20220214_PRE\u0300VIA-PLE-COSTA-CANO.jpeg\",\"articleSection\":[\"Federaci\u00f3 d'Eivissa - Portada\",\"Govern de les Illes Balears - Parlament - PSIB-PSOE\"],\"inLanguage\":\"ca\"},{\"@type\":\"WebPage\",\"@id\":\"https:\/\/www.psib-psoe.org\/eivissa\/illes-balears-aprovacio-del-decret-llei-del-turisme-i-de-la-primera-llei-deducacio\/\",\"url\":\"https:\/\/www.psib-psoe.org\/eivissa\/illes-balears-aprovacio-del-decret-llei-del-turisme-i-de-la-primera-llei-deducacio\/\",\"name\":\"Illes Balears: Aprovaci\u00f3 del decret llei del Turisme i de la primera Llei d'Educaci\u00f3 - Federaci\u00f3 Socialista d&#039;Eivissa\",\"isPartOf\":{\"@id\":\"https:\/\/www.psib-psoe.org\/eivissa\/#website\"},\"primaryImageOfPage\":{\"@id\":\"https:\/\/www.psib-psoe.org\/eivissa\/illes-balears-aprovacio-del-decret-llei-del-turisme-i-de-la-primera-llei-deducacio\/#primaryimage\"},\"image\":{\"@id\":\"https:\/\/www.psib-psoe.org\/eivissa\/illes-balears-aprovacio-del-decret-llei-del-turisme-i-de-la-primera-llei-deducacio\/#primaryimage\"},\"thumbnailUrl\":\"https:\/\/www.psib-psoe.org\/eivissa\/wp-content\/uploads\/20220214_PRE\u0300VIA-PLE-COSTA-CANO.jpeg\",\"datePublished\":\"2022-02-25T07:45:33+00:00\",\"breadcrumb\":{\"@id\":\"https:\/\/www.psib-psoe.org\/eivissa\/illes-balears-aprovacio-del-decret-llei-del-turisme-i-de-la-primera-llei-deducacio\/#breadcrumb\"},\"inLanguage\":\"ca\",\"potentialAction\":[{\"@type\":\"ReadAction\",\"target\":[\"https:\/\/www.psib-psoe.org\/eivissa\/illes-balears-aprovacio-del-decret-llei-del-turisme-i-de-la-primera-llei-deducacio\/\"]}]},{\"@type\":\"ImageObject\",\"inLanguage\":\"ca\",\"@id\":\"https:\/\/www.psib-psoe.org\/eivissa\/illes-balears-aprovacio-del-decret-llei-del-turisme-i-de-la-primera-llei-deducacio\/#primaryimage\",\"url\":\"https:\/\/www.psib-psoe.org\/eivissa\/wp-content\/uploads\/20220214_PRE\u0300VIA-PLE-COSTA-CANO.jpeg\",\"contentUrl\":\"https:\/\/www.psib-psoe.org\/eivissa\/wp-content\/uploads\/20220214_PRE\u0300VIA-PLE-COSTA-CANO.jpeg\",\"width\":3327,\"height\":2218},{\"@type\":\"BreadcrumbList\",\"@id\":\"https:\/\/www.psib-psoe.org\/eivissa\/illes-balears-aprovacio-del-decret-llei-del-turisme-i-de-la-primera-llei-deducacio\/#breadcrumb\",\"itemListElement\":[{\"@type\":\"ListItem\",\"position\":1,\"name\":\"Inici\",\"item\":\"https:\/\/www.psib-psoe.org\/eivissa\/\"},{\"@type\":\"ListItem\",\"position\":2,\"name\":\"Illes Balears: Aprovaci\u00f3 del decret llei del Turisme i de la primera Llei d&#8217;Educaci\u00f3\"}]},{\"@type\":\"WebSite\",\"@id\":\"https:\/\/www.psib-psoe.org\/eivissa\/#website\",\"url\":\"https:\/\/www.psib-psoe.org\/eivissa\/\",\"name\":\"Federaci\u00f3 Socialista d'Eivissa\",\"description\":\"Socialistes d&#039;Eivissa\",\"publisher\":{\"@id\":\"https:\/\/www.psib-psoe.org\/eivissa\/#organization\"},\"potentialAction\":[{\"@type\":\"SearchAction\",\"target\":{\"@type\":\"EntryPoint\",\"urlTemplate\":\"https:\/\/www.psib-psoe.org\/eivissa\/?s={search_term_string}\"},\"query-input\":{\"@type\":\"PropertyValueSpecification\",\"valueRequired\":true,\"valueName\":\"search_term_string\"}}],\"inLanguage\":\"ca\"},{\"@type\":\"Organization\",\"@id\":\"https:\/\/www.psib-psoe.org\/eivissa\/#organization\",\"name\":\"Federaci\u00f3 Socialista d'Eivissa\",\"url\":\"https:\/\/www.psib-psoe.org\/eivissa\/\",\"logo\":{\"@type\":\"ImageObject\",\"inLanguage\":\"ca\",\"@id\":\"https:\/\/www.psib-psoe.org\/eivissa\/#\/schema\/logo\/image\/\",\"url\":\"https:\/\/www.psib-psoe.org\/eivissa\/wp-content\/uploads\/LOGO-FSE-SOCIALISTA-DEIVISSA-HORI.png\",\"contentUrl\":\"https:\/\/www.psib-psoe.org\/eivissa\/wp-content\/uploads\/LOGO-FSE-SOCIALISTA-DEIVISSA-HORI.png\",\"width\":6000,\"height\":3104,\"caption\":\"Federaci\u00f3 Socialista d'Eivissa\"},\"image\":{\"@id\":\"https:\/\/www.psib-psoe.org\/eivissa\/#\/schema\/logo\/image\/\"}},{\"@type\":\"Person\",\"@id\":\"https:\/\/www.psib-psoe.org\/eivissa\/#\/schema\/person\/7a9d2841fb36f32e34fc0e9b245e8117\",\"name\":\"Josep Ripoll\",\"sameAs\":[\"http:\/\/www.psib-psoe.org\/eivissa\/wp-login.php\"],\"url\":\"https:\/\/www.psib-psoe.org\/eivissa\/author\/josep\/\"}]}<\/script>\n<!-- \/ Yoast SEO plugin. -->","yoast_head_json":{"title":"Illes Balears: Aprovaci\u00f3 del decret llei del Turisme i de la primera Llei d'Educaci\u00f3 - Federaci\u00f3 Socialista d&#039;Eivissa","robots":{"index":"index","follow":"follow","max-snippet":"max-snippet:-1","max-image-preview":"max-image-preview:large","max-video-preview":"max-video-preview:-1"},"canonical":"https:\/\/www.psib-psoe.org\/eivissa\/illes-balears-aprovacio-del-decret-llei-del-turisme-i-de-la-primera-llei-deducacio\/","og_locale":"ca_ES","og_type":"article","og_title":"Illes Balears: Aprovaci\u00f3 del decret llei del Turisme i de la primera Llei d'Educaci\u00f3 - Federaci\u00f3 Socialista d&#039;Eivissa","og_description":"Aprovaci\u00f3 del decret llei del Turisme: La portaveu del Grup Parlamentari Socialista, Pilar Costa, ha lamentat, que \u201cel Partit Popular defensi un model tur\u00edstic de fa 20 o 30 anys basant en el ciment i en el creixement il\u00b7limitat de places tur\u00edstiques\u201d, unes declaracions que fan refer\u00e8ncia a l\u2019aprovaci\u00f3 del nou decret de turisme del&hellip;","og_url":"https:\/\/www.psib-psoe.org\/eivissa\/illes-balears-aprovacio-del-decret-llei-del-turisme-i-de-la-primera-llei-deducacio\/","og_site_name":"Federaci\u00f3 Socialista d&#039;Eivissa","article_published_time":"2022-02-25T07:45:33+00:00","og_image":[{"width":3327,"height":2218,"url":"https:\/\/www.psib-psoe.org\/eivissa\/wp-content\/uploads\/20220214_PRE\u0300VIA-PLE-COSTA-CANO.jpeg","type":"image\/jpeg"}],"author":"Josep Ripoll","twitter_card":"summary_large_image","twitter_misc":{"Escrit per":"Josep Ripoll","Temps estimat de lectura":"5 minuts"},"schema":{"@context":"https:\/\/schema.org","@graph":[{"@type":["Article","BlogPosting"],"@id":"https:\/\/www.psib-psoe.org\/eivissa\/illes-balears-aprovacio-del-decret-llei-del-turisme-i-de-la-primera-llei-deducacio\/#article","isPartOf":{"@id":"https:\/\/www.psib-psoe.org\/eivissa\/illes-balears-aprovacio-del-decret-llei-del-turisme-i-de-la-primera-llei-deducacio\/"},"author":{"name":"Josep Ripoll","@id":"https:\/\/www.psib-psoe.org\/eivissa\/#\/schema\/person\/7a9d2841fb36f32e34fc0e9b245e8117"},"headline":"Illes Balears: Aprovaci\u00f3 del decret llei del Turisme i de la primera Llei d&#8217;Educaci\u00f3","datePublished":"2022-02-25T07:45:33+00:00","mainEntityOfPage":{"@id":"https:\/\/www.psib-psoe.org\/eivissa\/illes-balears-aprovacio-del-decret-llei-del-turisme-i-de-la-primera-llei-deducacio\/"},"wordCount":987,"publisher":{"@id":"https:\/\/www.psib-psoe.org\/eivissa\/#organization"},"image":{"@id":"https:\/\/www.psib-psoe.org\/eivissa\/illes-balears-aprovacio-del-decret-llei-del-turisme-i-de-la-primera-llei-deducacio\/#primaryimage"},"thumbnailUrl":"https:\/\/www.psib-psoe.org\/eivissa\/wp-content\/uploads\/20220214_PRE\u0300VIA-PLE-COSTA-CANO.jpeg","articleSection":["Federaci\u00f3 d'Eivissa - Portada","Govern de les Illes Balears - Parlament - PSIB-PSOE"],"inLanguage":"ca"},{"@type":"WebPage","@id":"https:\/\/www.psib-psoe.org\/eivissa\/illes-balears-aprovacio-del-decret-llei-del-turisme-i-de-la-primera-llei-deducacio\/","url":"https:\/\/www.psib-psoe.org\/eivissa\/illes-balears-aprovacio-del-decret-llei-del-turisme-i-de-la-primera-llei-deducacio\/","name":"Illes Balears: Aprovaci\u00f3 del decret llei del Turisme i de la primera Llei d'Educaci\u00f3 - Federaci\u00f3 Socialista d&#039;Eivissa","isPartOf":{"@id":"https:\/\/www.psib-psoe.org\/eivissa\/#website"},"primaryImageOfPage":{"@id":"https:\/\/www.psib-psoe.org\/eivissa\/illes-balears-aprovacio-del-decret-llei-del-turisme-i-de-la-primera-llei-deducacio\/#primaryimage"},"image":{"@id":"https:\/\/www.psib-psoe.org\/eivissa\/illes-balears-aprovacio-del-decret-llei-del-turisme-i-de-la-primera-llei-deducacio\/#primaryimage"},"thumbnailUrl":"https:\/\/www.psib-psoe.org\/eivissa\/wp-content\/uploads\/20220214_PRE\u0300VIA-PLE-COSTA-CANO.jpeg","datePublished":"2022-02-25T07:45:33+00:00","breadcrumb":{"@id":"https:\/\/www.psib-psoe.org\/eivissa\/illes-balears-aprovacio-del-decret-llei-del-turisme-i-de-la-primera-llei-deducacio\/#breadcrumb"},"inLanguage":"ca","potentialAction":[{"@type":"ReadAction","target":["https:\/\/www.psib-psoe.org\/eivissa\/illes-balears-aprovacio-del-decret-llei-del-turisme-i-de-la-primera-llei-deducacio\/"]}]},{"@type":"ImageObject","inLanguage":"ca","@id":"https:\/\/www.psib-psoe.org\/eivissa\/illes-balears-aprovacio-del-decret-llei-del-turisme-i-de-la-primera-llei-deducacio\/#primaryimage","url":"https:\/\/www.psib-psoe.org\/eivissa\/wp-content\/uploads\/20220214_PRE\u0300VIA-PLE-COSTA-CANO.jpeg","contentUrl":"https:\/\/www.psib-psoe.org\/eivissa\/wp-content\/uploads\/20220214_PRE\u0300VIA-PLE-COSTA-CANO.jpeg","width":3327,"height":2218},{"@type":"BreadcrumbList","@id":"https:\/\/www.psib-psoe.org\/eivissa\/illes-balears-aprovacio-del-decret-llei-del-turisme-i-de-la-primera-llei-deducacio\/#breadcrumb","itemListElement":[{"@type":"ListItem","position":1,"name":"Inici","item":"https:\/\/www.psib-psoe.org\/eivissa\/"},{"@type":"ListItem","position":2,"name":"Illes Balears: Aprovaci\u00f3 del decret llei del Turisme i de la primera Llei d&#8217;Educaci\u00f3"}]},{"@type":"WebSite","@id":"https:\/\/www.psib-psoe.org\/eivissa\/#website","url":"https:\/\/www.psib-psoe.org\/eivissa\/","name":"Federaci\u00f3 Socialista d'Eivissa","description":"Socialistes d&#039;Eivissa","publisher":{"@id":"https:\/\/www.psib-psoe.org\/eivissa\/#organization"},"potentialAction":[{"@type":"SearchAction","target":{"@type":"EntryPoint","urlTemplate":"https:\/\/www.psib-psoe.org\/eivissa\/?s={search_term_string}"},"query-input":{"@type":"PropertyValueSpecification","valueRequired":true,"valueName":"search_term_string"}}],"inLanguage":"ca"},{"@type":"Organization","@id":"https:\/\/www.psib-psoe.org\/eivissa\/#organization","name":"Federaci\u00f3 Socialista d'Eivissa","url":"https:\/\/www.psib-psoe.org\/eivissa\/","logo":{"@type":"ImageObject","inLanguage":"ca","@id":"https:\/\/www.psib-psoe.org\/eivissa\/#\/schema\/logo\/image\/","url":"https:\/\/www.psib-psoe.org\/eivissa\/wp-content\/uploads\/LOGO-FSE-SOCIALISTA-DEIVISSA-HORI.png","contentUrl":"https:\/\/www.psib-psoe.org\/eivissa\/wp-content\/uploads\/LOGO-FSE-SOCIALISTA-DEIVISSA-HORI.png","width":6000,"height":3104,"caption":"Federaci\u00f3 Socialista d'Eivissa"},"image":{"@id":"https:\/\/www.psib-psoe.org\/eivissa\/#\/schema\/logo\/image\/"}},{"@type":"Person","@id":"https:\/\/www.psib-psoe.org\/eivissa\/#\/schema\/person\/7a9d2841fb36f32e34fc0e9b245e8117","name":"Josep Ripoll","sameAs":["http:\/\/www.psib-psoe.org\/eivissa\/wp-login.php"],"url":"https:\/\/www.psib-psoe.org\/eivissa\/author\/josep\/"}]}},"_links":{"self":[{"href":"https:\/\/www.psib-psoe.org\/eivissa\/wp-json\/wp\/v2\/posts\/35229","targetHints":{"allow":["GET"]}}],"collection":[{"href":"https:\/\/www.psib-psoe.org\/eivissa\/wp-json\/wp\/v2\/posts"}],"about":[{"href":"https:\/\/www.psib-psoe.org\/eivissa\/wp-json\/wp\/v2\/types\/post"}],"author":[{"embeddable":true,"href":"https:\/\/www.psib-psoe.org\/eivissa\/wp-json\/wp\/v2\/users\/7"}],"replies":[{"embeddable":true,"href":"https:\/\/www.psib-psoe.org\/eivissa\/wp-json\/wp\/v2\/comments?post=35229"}],"version-history":[{"count":1,"href":"https:\/\/www.psib-psoe.org\/eivissa\/wp-json\/wp\/v2\/posts\/35229\/revisions"}],"predecessor-version":[{"id":35232,"href":"https:\/\/www.psib-psoe.org\/eivissa\/wp-json\/wp\/v2\/posts\/35229\/revisions\/35232"}],"wp:featuredmedia":[{"embeddable":true,"href":"https:\/\/www.psib-psoe.org\/eivissa\/wp-json\/wp\/v2\/media\/35230"}],"wp:attachment":[{"href":"https:\/\/www.psib-psoe.org\/eivissa\/wp-json\/wp\/v2\/media?parent=35229"}],"wp:term":[{"taxonomy":"category","embeddable":true,"href":"https:\/\/www.psib-psoe.org\/eivissa\/wp-json\/wp\/v2\/categories?post=35229"},{"taxonomy":"post_tag","embeddable":true,"href":"https:\/\/www.psib-psoe.org\/eivissa\/wp-json\/wp\/v2\/tags?post=35229"}],"curies":[{"name":"wp","href":"https:\/\/api.w.org\/{rel}","templated":true}]}}