{"id":35268,"date":"2022-03-24T10:00:23","date_gmt":"2022-03-24T08:00:23","guid":{"rendered":"https:\/\/www.psib-psoe.org\/eivissa\/?p=35268"},"modified":"2022-03-25T10:19:19","modified_gmt":"2022-03-25T08:19:19","slug":"psoe-reinicia-exigeix-%e2%80%8b%e2%80%8ba-marcos-serra-que-posi-solucio-a-la-degradacio-del-poligon-de-montecristo-que-esta-provocant-la-desesperacio-dels-vesins-de-la-zona","status":"publish","type":"post","link":"https:\/\/www.psib-psoe.org\/eivissa\/psoe-reinicia-exigeix-%e2%80%8b%e2%80%8ba-marcos-serra-que-posi-solucio-a-la-degradacio-del-poligon-de-montecristo-que-esta-provocant-la-desesperacio-dels-vesins-de-la-zona\/","title":{"rendered":"PSOE-Reinicia exigeix \u200b\u200ba Marcos Serra que posi soluci\u00f3 a la degradaci\u00f3 del pol\u00edgon de Montecristo, que est\u00e0 provocant la desesperaci\u00f3 dels vesins de la zona"},"content":{"rendered":"<p>El grup municipal PSOE-Reinicia ha denunciat, una vegada m\u00e9s, la deixadesa de l&#8217;alcalde de Sant Antoni de Portmany i responsable d&#8217;Urbanisme, Marcos Serra, per la manca de soluci\u00f3 a la problem\u00e0tica que pateixen els vesins i les vesines dels voltants del pol\u00edgon de Montecristo. L&#8217;estat del pol\u00edgon &#8220;es degrada dia a dia, davant la desesperaci\u00f3 del ve\u00efnat i la indifer\u00e8ncia de l&#8217;alcalde&#8221;, amb un problema urban\u00edstic &#8220;que s&#8217;arrossega des de fa m\u00e9s de 20 anys&#8221;, com ha dit l&#8217;edil progressista Cristina Ribas.<\/p>\n<p>A m\u00e9s de l&#8217;aband\u00f3, \u201cmal estat i acumulaci\u00f3 de residus\u201d, els \u00faltims dies \u201cdenuncien la sortida d&#8217;una gran quantitat d&#8217;aigua no depurada a la via p\u00fablica i que acaba entrant als horts del voltant\u201d.<\/p>\n<p>No \u00e9s la primera vegada que el principal grup de l&#8217;oposici\u00f3 insta a seguir amb els treballs realitzats la legislatura passada sobre la situaci\u00f3 del pol\u00edgon. Ja el 2019 el grup municipal PSOE-Reinicia va presentar una moci\u00f3 de control on recordava a Marcos Serra que l&#8217;ajuntament encara no ha rebut aquest pol\u00edgon a causa de les nombroses defici\u00e8ncies, principalment les relacionades amb l&#8217;evacuaci\u00f3 d&#8217;aig\u00fces pluvials i la responsabilitat de les quals recau sobre la junta de compensaci\u00f3 del pol\u00edgon.<\/p>\n<p>Durant anys i amb governs del Partit Popular al capdavant de l&#8217;ajuntament de Sant Antoni, es van permetre donar llic\u00e8ncies, tant d&#8217;urbanitzaci\u00f3 com d&#8217;activitat, acte que el grup municipal PSOE-Reinicia denuncia, ja que sense haver rebut el pol\u00edgon, aquestes llic\u00e8ncies no haurien haver-se atorgat\u201d, explica Cristina Ribas.<\/p>\n<p>&#8220;Hi ha nombroses activitats en funcionament i la urbanitzaci\u00f3 no est\u00e0 ni acabada ni recepcionada&#8221;. Urbanitzaci\u00f3 que, amb el pas del temps, &#8220;es va deteriorant, sumat a l&#8217;incivisme d&#8217;algunes persones que han col\u00b7laborat perqu\u00e8 aquesta zona sigui un veritable abocador amb conseq\u00fc\u00e8ncies molt negatives&#8221;.<\/p>\n<p>Els progressistes recorden que en la legislatura passada es va encarregar un dictamen a prestigiosos experts d&#8217;un despatx d&#8217;advocats especialitzats en urbanisme per avaluar la situaci\u00f3 juridicourban\u00edstica del sector Montecristo i determinar els passos a fer per part de l&#8217;ajuntament de Sant Antoni i que permetessin executar les obres d\u2019urbanitzaci\u00f3 pendents i aix\u00ed poder concedir llic\u00e8ncies d\u2019obra i activitat, de manera que qued\u00e9s conclosa i completada la dotaci\u00f3 de serveis urban\u00edstics.<\/p>\n<p>El dictamen de qu\u00e8 parlen els progressistes est\u00e0 datat en data 7 de setembre de 2018, i \u00e9s el document que va aportar llum a la situaci\u00f3 del pol\u00edgon de Montecristo, despr\u00e9s d&#8217;un exhaustiu estudi de gaireb\u00e9 14 caixes que formaven part de tot aquest expedient.<\/p>\n<p>Aquest dictamen va concloure que era la Junta de Compensaci\u00f3 d&#8217;aquest sector havia de presentar un projecte d&#8217;urbanitzaci\u00f3 complet que don\u00e0s sortida a la xarxa d&#8217;evacuaci\u00f3 d&#8217;aig\u00fces pluvials, a l&#8217;incorrecte funcionament de la xarxa de fecals i tamb\u00e9 a la reparaci\u00f3 de defectes urban\u00edstics del projecte d&#8217;urbanitzaci\u00f3 aprovat l&#8217;any 1998. Tot aix\u00f2 en un termini determinat el cost del qual havia de ser a c\u00e0rrec d&#8217;aquesta junta de compensaci\u00f3.\u201d<\/p>\n<p>La regidora Cristina Ribas afirma que aquest dictamen es va traslladar de manera formal a la junta de compensaci\u00f3 perqu\u00e8 en prengu\u00e9s coneixement en data 15 de febrer de 2019 i se li va donar un termini de 6 mesos per presentar un projecte en els termes que marcats. Tot i aix\u00f2, amb el canvi de legislatura i l&#8217;entrada del nou equip de Marcos Serra, tot el proc\u00e9s ha quedat paralitzat, mentre els problemes de degradaci\u00f3 del pol\u00edgon no fan m\u00e9s que agreujar-se davant la desesperaci\u00f3 del ve\u00efnat.<\/p>\n","protected":false},"excerpt":{"rendered":"<p>El grup municipal PSOE-Reinicia ha denunciat, una vegada m\u00e9s, la deixadesa de l&#8217;alcalde de Sant Antoni de Portmany i responsable d&#8217;Urbanisme, Marcos Serra, per la manca de soluci\u00f3 a la problem\u00e0tica que pateixen els vesins i les vesines dels voltants del pol\u00edgon de Montecristo. L&#8217;estat del pol\u00edgon &#8220;es degrada dia a dia, davant la desesperaci\u00f3&hellip;<\/p>\n","protected":false},"author":7,"featured_media":35272,"comment_status":"closed","ping_status":"closed","sticky":false,"template":"","format":"standard","meta":{"footnotes":""},"categories":[1,234,188],"tags":[],"class_list":["post-35268","post","type-post","status-publish","format-standard","has-post-thumbnail","hentry","category-federacio-de-eivissa-portada","category-municipis","category-sant-antoni-de-portmany"],"yoast_head":"<!-- This site is optimized with the Yoast SEO plugin v26.9 - https:\/\/yoast.com\/product\/yoast-seo-wordpress\/ -->\n<title>PSOE-Reinicia exigeix \u200b\u200ba Marcos Serra que posi soluci\u00f3 a la degradaci\u00f3 del pol\u00edgon de Montecristo, que est\u00e0 provocant la desesperaci\u00f3 dels vesins de la zona - Federaci\u00f3 Socialista d&#039;Eivissa<\/title>\n<meta name=\"robots\" content=\"index, follow, max-snippet:-1, max-image-preview:large, max-video-preview:-1\" \/>\n<link rel=\"canonical\" href=\"https:\/\/www.psib-psoe.org\/eivissa\/psoe-reinicia-exigeix-\u200b\u200ba-marcos-serra-que-posi-solucio-a-la-degradacio-del-poligon-de-montecristo-que-esta-provocant-la-desesperacio-dels-vesins-de-la-zona\/\" \/>\n<meta property=\"og:locale\" content=\"ca_ES\" \/>\n<meta property=\"og:type\" content=\"article\" \/>\n<meta property=\"og:title\" content=\"PSOE-Reinicia exigeix \u200b\u200ba Marcos Serra que posi soluci\u00f3 a la degradaci\u00f3 del pol\u00edgon de Montecristo, que est\u00e0 provocant la desesperaci\u00f3 dels vesins de la zona - Federaci\u00f3 Socialista d&#039;Eivissa\" \/>\n<meta property=\"og:description\" content=\"El grup municipal PSOE-Reinicia ha denunciat, una vegada m\u00e9s, la deixadesa de l&#8217;alcalde de Sant Antoni de Portmany i responsable d&#8217;Urbanisme, Marcos Serra, per la manca de soluci\u00f3 a la problem\u00e0tica que pateixen els vesins i les vesines dels voltants del pol\u00edgon de Montecristo. L&#8217;estat del pol\u00edgon &#8220;es degrada dia a dia, davant la desesperaci\u00f3&hellip;\" \/>\n<meta property=\"og:url\" content=\"https:\/\/www.psib-psoe.org\/eivissa\/psoe-reinicia-exigeix-\u200b\u200ba-marcos-serra-que-posi-solucio-a-la-degradacio-del-poligon-de-montecristo-que-esta-provocant-la-desesperacio-dels-vesins-de-la-zona\/\" \/>\n<meta property=\"og:site_name\" content=\"Federaci\u00f3 Socialista d&#039;Eivissa\" \/>\n<meta property=\"article:published_time\" content=\"2022-03-24T08:00:23+00:00\" \/>\n<meta property=\"article:modified_time\" content=\"2022-03-25T08:19:19+00:00\" \/>\n<meta property=\"og:image\" content=\"https:\/\/www.psib-psoe.org\/eivissa\/wp-content\/uploads\/7A83699A-9FCD-489C-8735-1C8788211D68.jpeg\" \/>\n\t<meta property=\"og:image:width\" content=\"768\" \/>\n\t<meta property=\"og:image:height\" content=\"560\" \/>\n\t<meta property=\"og:image:type\" content=\"image\/jpeg\" \/>\n<meta name=\"author\" content=\"Josep Ripoll\" \/>\n<meta name=\"twitter:card\" content=\"summary_large_image\" \/>\n<meta name=\"twitter:label1\" content=\"Escrit per\" \/>\n\t<meta name=\"twitter:data1\" content=\"Josep Ripoll\" \/>\n\t<meta name=\"twitter:label2\" content=\"Temps estimat de lectura\" \/>\n\t<meta name=\"twitter:data2\" content=\"3 minuts\" \/>\n<script type=\"application\/ld+json\" class=\"yoast-schema-graph\">{\"@context\":\"https:\/\/schema.org\",\"@graph\":[{\"@type\":[\"Article\",\"BlogPosting\"],\"@id\":\"https:\/\/www.psib-psoe.org\/eivissa\/psoe-reinicia-exigeix-%e2%80%8b%e2%80%8ba-marcos-serra-que-posi-solucio-a-la-degradacio-del-poligon-de-montecristo-que-esta-provocant-la-desesperacio-dels-vesins-de-la-zona\/#article\",\"isPartOf\":{\"@id\":\"https:\/\/www.psib-psoe.org\/eivissa\/psoe-reinicia-exigeix-%e2%80%8b%e2%80%8ba-marcos-serra-que-posi-solucio-a-la-degradacio-del-poligon-de-montecristo-que-esta-provocant-la-desesperacio-dels-vesins-de-la-zona\/\"},\"author\":{\"name\":\"Josep Ripoll\",\"@id\":\"https:\/\/www.psib-psoe.org\/eivissa\/#\/schema\/person\/7a9d2841fb36f32e34fc0e9b245e8117\"},\"headline\":\"PSOE-Reinicia exigeix \u200b\u200ba Marcos Serra que posi soluci\u00f3 a la degradaci\u00f3 del pol\u00edgon de Montecristo, que est\u00e0 provocant la desesperaci\u00f3 dels vesins de la zona\",\"datePublished\":\"2022-03-24T08:00:23+00:00\",\"dateModified\":\"2022-03-25T08:19:19+00:00\",\"mainEntityOfPage\":{\"@id\":\"https:\/\/www.psib-psoe.org\/eivissa\/psoe-reinicia-exigeix-%e2%80%8b%e2%80%8ba-marcos-serra-que-posi-solucio-a-la-degradacio-del-poligon-de-montecristo-que-esta-provocant-la-desesperacio-dels-vesins-de-la-zona\/\"},\"wordCount\":614,\"publisher\":{\"@id\":\"https:\/\/www.psib-psoe.org\/eivissa\/#organization\"},\"image\":{\"@id\":\"https:\/\/www.psib-psoe.org\/eivissa\/psoe-reinicia-exigeix-%e2%80%8b%e2%80%8ba-marcos-serra-que-posi-solucio-a-la-degradacio-del-poligon-de-montecristo-que-esta-provocant-la-desesperacio-dels-vesins-de-la-zona\/#primaryimage\"},\"thumbnailUrl\":\"https:\/\/www.psib-psoe.org\/eivissa\/wp-content\/uploads\/7A83699A-9FCD-489C-8735-1C8788211D68.jpeg\",\"articleSection\":[\"Federaci\u00f3 d'Eivissa - Portada\",\"Municipis\",\"Sant Antoni de Portmany\"],\"inLanguage\":\"ca\"},{\"@type\":\"WebPage\",\"@id\":\"https:\/\/www.psib-psoe.org\/eivissa\/psoe-reinicia-exigeix-%e2%80%8b%e2%80%8ba-marcos-serra-que-posi-solucio-a-la-degradacio-del-poligon-de-montecristo-que-esta-provocant-la-desesperacio-dels-vesins-de-la-zona\/\",\"url\":\"https:\/\/www.psib-psoe.org\/eivissa\/psoe-reinicia-exigeix-%e2%80%8b%e2%80%8ba-marcos-serra-que-posi-solucio-a-la-degradacio-del-poligon-de-montecristo-que-esta-provocant-la-desesperacio-dels-vesins-de-la-zona\/\",\"name\":\"PSOE-Reinicia exigeix \u200b\u200ba Marcos Serra que posi soluci\u00f3 a la degradaci\u00f3 del pol\u00edgon de Montecristo, que est\u00e0 provocant la desesperaci\u00f3 dels vesins de la zona - Federaci\u00f3 Socialista d&#039;Eivissa\",\"isPartOf\":{\"@id\":\"https:\/\/www.psib-psoe.org\/eivissa\/#website\"},\"primaryImageOfPage\":{\"@id\":\"https:\/\/www.psib-psoe.org\/eivissa\/psoe-reinicia-exigeix-%e2%80%8b%e2%80%8ba-marcos-serra-que-posi-solucio-a-la-degradacio-del-poligon-de-montecristo-que-esta-provocant-la-desesperacio-dels-vesins-de-la-zona\/#primaryimage\"},\"image\":{\"@id\":\"https:\/\/www.psib-psoe.org\/eivissa\/psoe-reinicia-exigeix-%e2%80%8b%e2%80%8ba-marcos-serra-que-posi-solucio-a-la-degradacio-del-poligon-de-montecristo-que-esta-provocant-la-desesperacio-dels-vesins-de-la-zona\/#primaryimage\"},\"thumbnailUrl\":\"https:\/\/www.psib-psoe.org\/eivissa\/wp-content\/uploads\/7A83699A-9FCD-489C-8735-1C8788211D68.jpeg\",\"datePublished\":\"2022-03-24T08:00:23+00:00\",\"dateModified\":\"2022-03-25T08:19:19+00:00\",\"breadcrumb\":{\"@id\":\"https:\/\/www.psib-psoe.org\/eivissa\/psoe-reinicia-exigeix-%e2%80%8b%e2%80%8ba-marcos-serra-que-posi-solucio-a-la-degradacio-del-poligon-de-montecristo-que-esta-provocant-la-desesperacio-dels-vesins-de-la-zona\/#breadcrumb\"},\"inLanguage\":\"ca\",\"potentialAction\":[{\"@type\":\"ReadAction\",\"target\":[\"https:\/\/www.psib-psoe.org\/eivissa\/psoe-reinicia-exigeix-%e2%80%8b%e2%80%8ba-marcos-serra-que-posi-solucio-a-la-degradacio-del-poligon-de-montecristo-que-esta-provocant-la-desesperacio-dels-vesins-de-la-zona\/\"]}]},{\"@type\":\"ImageObject\",\"inLanguage\":\"ca\",\"@id\":\"https:\/\/www.psib-psoe.org\/eivissa\/psoe-reinicia-exigeix-%e2%80%8b%e2%80%8ba-marcos-serra-que-posi-solucio-a-la-degradacio-del-poligon-de-montecristo-que-esta-provocant-la-desesperacio-dels-vesins-de-la-zona\/#primaryimage\",\"url\":\"https:\/\/www.psib-psoe.org\/eivissa\/wp-content\/uploads\/7A83699A-9FCD-489C-8735-1C8788211D68.jpeg\",\"contentUrl\":\"https:\/\/www.psib-psoe.org\/eivissa\/wp-content\/uploads\/7A83699A-9FCD-489C-8735-1C8788211D68.jpeg\",\"width\":768,\"height\":560},{\"@type\":\"BreadcrumbList\",\"@id\":\"https:\/\/www.psib-psoe.org\/eivissa\/psoe-reinicia-exigeix-%e2%80%8b%e2%80%8ba-marcos-serra-que-posi-solucio-a-la-degradacio-del-poligon-de-montecristo-que-esta-provocant-la-desesperacio-dels-vesins-de-la-zona\/#breadcrumb\",\"itemListElement\":[{\"@type\":\"ListItem\",\"position\":1,\"name\":\"Inici\",\"item\":\"https:\/\/www.psib-psoe.org\/eivissa\/\"},{\"@type\":\"ListItem\",\"position\":2,\"name\":\"PSOE-Reinicia exigeix \u200b\u200ba Marcos Serra que posi soluci\u00f3 a la degradaci\u00f3 del pol\u00edgon de Montecristo, que est\u00e0 provocant la desesperaci\u00f3 dels vesins de la zona\"}]},{\"@type\":\"WebSite\",\"@id\":\"https:\/\/www.psib-psoe.org\/eivissa\/#website\",\"url\":\"https:\/\/www.psib-psoe.org\/eivissa\/\",\"name\":\"Federaci\u00f3 Socialista d'Eivissa\",\"description\":\"Socialistes d&#039;Eivissa\",\"publisher\":{\"@id\":\"https:\/\/www.psib-psoe.org\/eivissa\/#organization\"},\"potentialAction\":[{\"@type\":\"SearchAction\",\"target\":{\"@type\":\"EntryPoint\",\"urlTemplate\":\"https:\/\/www.psib-psoe.org\/eivissa\/?s={search_term_string}\"},\"query-input\":{\"@type\":\"PropertyValueSpecification\",\"valueRequired\":true,\"valueName\":\"search_term_string\"}}],\"inLanguage\":\"ca\"},{\"@type\":\"Organization\",\"@id\":\"https:\/\/www.psib-psoe.org\/eivissa\/#organization\",\"name\":\"Federaci\u00f3 Socialista d'Eivissa\",\"url\":\"https:\/\/www.psib-psoe.org\/eivissa\/\",\"logo\":{\"@type\":\"ImageObject\",\"inLanguage\":\"ca\",\"@id\":\"https:\/\/www.psib-psoe.org\/eivissa\/#\/schema\/logo\/image\/\",\"url\":\"https:\/\/www.psib-psoe.org\/eivissa\/wp-content\/uploads\/LOGO-FSE-SOCIALISTA-DEIVISSA-HORI.png\",\"contentUrl\":\"https:\/\/www.psib-psoe.org\/eivissa\/wp-content\/uploads\/LOGO-FSE-SOCIALISTA-DEIVISSA-HORI.png\",\"width\":6000,\"height\":3104,\"caption\":\"Federaci\u00f3 Socialista d'Eivissa\"},\"image\":{\"@id\":\"https:\/\/www.psib-psoe.org\/eivissa\/#\/schema\/logo\/image\/\"}},{\"@type\":\"Person\",\"@id\":\"https:\/\/www.psib-psoe.org\/eivissa\/#\/schema\/person\/7a9d2841fb36f32e34fc0e9b245e8117\",\"name\":\"Josep Ripoll\",\"sameAs\":[\"http:\/\/www.psib-psoe.org\/eivissa\/wp-login.php\"],\"url\":\"https:\/\/www.psib-psoe.org\/eivissa\/author\/josep\/\"}]}<\/script>\n<!-- \/ Yoast SEO plugin. -->","yoast_head_json":{"title":"PSOE-Reinicia exigeix \u200b\u200ba Marcos Serra que posi soluci\u00f3 a la degradaci\u00f3 del pol\u00edgon de Montecristo, que est\u00e0 provocant la desesperaci\u00f3 dels vesins de la zona - Federaci\u00f3 Socialista d&#039;Eivissa","robots":{"index":"index","follow":"follow","max-snippet":"max-snippet:-1","max-image-preview":"max-image-preview:large","max-video-preview":"max-video-preview:-1"},"canonical":"https:\/\/www.psib-psoe.org\/eivissa\/psoe-reinicia-exigeix-\u200b\u200ba-marcos-serra-que-posi-solucio-a-la-degradacio-del-poligon-de-montecristo-que-esta-provocant-la-desesperacio-dels-vesins-de-la-zona\/","og_locale":"ca_ES","og_type":"article","og_title":"PSOE-Reinicia exigeix \u200b\u200ba Marcos Serra que posi soluci\u00f3 a la degradaci\u00f3 del pol\u00edgon de Montecristo, que est\u00e0 provocant la desesperaci\u00f3 dels vesins de la zona - Federaci\u00f3 Socialista d&#039;Eivissa","og_description":"El grup municipal PSOE-Reinicia ha denunciat, una vegada m\u00e9s, la deixadesa de l&#8217;alcalde de Sant Antoni de Portmany i responsable d&#8217;Urbanisme, Marcos Serra, per la manca de soluci\u00f3 a la problem\u00e0tica que pateixen els vesins i les vesines dels voltants del pol\u00edgon de Montecristo. L&#8217;estat del pol\u00edgon &#8220;es degrada dia a dia, davant la desesperaci\u00f3&hellip;","og_url":"https:\/\/www.psib-psoe.org\/eivissa\/psoe-reinicia-exigeix-\u200b\u200ba-marcos-serra-que-posi-solucio-a-la-degradacio-del-poligon-de-montecristo-que-esta-provocant-la-desesperacio-dels-vesins-de-la-zona\/","og_site_name":"Federaci\u00f3 Socialista d&#039;Eivissa","article_published_time":"2022-03-24T08:00:23+00:00","article_modified_time":"2022-03-25T08:19:19+00:00","og_image":[{"width":768,"height":560,"url":"https:\/\/www.psib-psoe.org\/eivissa\/wp-content\/uploads\/7A83699A-9FCD-489C-8735-1C8788211D68.jpeg","type":"image\/jpeg"}],"author":"Josep Ripoll","twitter_card":"summary_large_image","twitter_misc":{"Escrit per":"Josep Ripoll","Temps estimat de lectura":"3 minuts"},"schema":{"@context":"https:\/\/schema.org","@graph":[{"@type":["Article","BlogPosting"],"@id":"https:\/\/www.psib-psoe.org\/eivissa\/psoe-reinicia-exigeix-%e2%80%8b%e2%80%8ba-marcos-serra-que-posi-solucio-a-la-degradacio-del-poligon-de-montecristo-que-esta-provocant-la-desesperacio-dels-vesins-de-la-zona\/#article","isPartOf":{"@id":"https:\/\/www.psib-psoe.org\/eivissa\/psoe-reinicia-exigeix-%e2%80%8b%e2%80%8ba-marcos-serra-que-posi-solucio-a-la-degradacio-del-poligon-de-montecristo-que-esta-provocant-la-desesperacio-dels-vesins-de-la-zona\/"},"author":{"name":"Josep Ripoll","@id":"https:\/\/www.psib-psoe.org\/eivissa\/#\/schema\/person\/7a9d2841fb36f32e34fc0e9b245e8117"},"headline":"PSOE-Reinicia exigeix \u200b\u200ba Marcos Serra que posi soluci\u00f3 a la degradaci\u00f3 del pol\u00edgon de Montecristo, que est\u00e0 provocant la desesperaci\u00f3 dels vesins de la zona","datePublished":"2022-03-24T08:00:23+00:00","dateModified":"2022-03-25T08:19:19+00:00","mainEntityOfPage":{"@id":"https:\/\/www.psib-psoe.org\/eivissa\/psoe-reinicia-exigeix-%e2%80%8b%e2%80%8ba-marcos-serra-que-posi-solucio-a-la-degradacio-del-poligon-de-montecristo-que-esta-provocant-la-desesperacio-dels-vesins-de-la-zona\/"},"wordCount":614,"publisher":{"@id":"https:\/\/www.psib-psoe.org\/eivissa\/#organization"},"image":{"@id":"https:\/\/www.psib-psoe.org\/eivissa\/psoe-reinicia-exigeix-%e2%80%8b%e2%80%8ba-marcos-serra-que-posi-solucio-a-la-degradacio-del-poligon-de-montecristo-que-esta-provocant-la-desesperacio-dels-vesins-de-la-zona\/#primaryimage"},"thumbnailUrl":"https:\/\/www.psib-psoe.org\/eivissa\/wp-content\/uploads\/7A83699A-9FCD-489C-8735-1C8788211D68.jpeg","articleSection":["Federaci\u00f3 d'Eivissa - Portada","Municipis","Sant Antoni de Portmany"],"inLanguage":"ca"},{"@type":"WebPage","@id":"https:\/\/www.psib-psoe.org\/eivissa\/psoe-reinicia-exigeix-%e2%80%8b%e2%80%8ba-marcos-serra-que-posi-solucio-a-la-degradacio-del-poligon-de-montecristo-que-esta-provocant-la-desesperacio-dels-vesins-de-la-zona\/","url":"https:\/\/www.psib-psoe.org\/eivissa\/psoe-reinicia-exigeix-%e2%80%8b%e2%80%8ba-marcos-serra-que-posi-solucio-a-la-degradacio-del-poligon-de-montecristo-que-esta-provocant-la-desesperacio-dels-vesins-de-la-zona\/","name":"PSOE-Reinicia exigeix \u200b\u200ba Marcos Serra que posi soluci\u00f3 a la degradaci\u00f3 del pol\u00edgon de Montecristo, que est\u00e0 provocant la desesperaci\u00f3 dels vesins de la zona - Federaci\u00f3 Socialista d&#039;Eivissa","isPartOf":{"@id":"https:\/\/www.psib-psoe.org\/eivissa\/#website"},"primaryImageOfPage":{"@id":"https:\/\/www.psib-psoe.org\/eivissa\/psoe-reinicia-exigeix-%e2%80%8b%e2%80%8ba-marcos-serra-que-posi-solucio-a-la-degradacio-del-poligon-de-montecristo-que-esta-provocant-la-desesperacio-dels-vesins-de-la-zona\/#primaryimage"},"image":{"@id":"https:\/\/www.psib-psoe.org\/eivissa\/psoe-reinicia-exigeix-%e2%80%8b%e2%80%8ba-marcos-serra-que-posi-solucio-a-la-degradacio-del-poligon-de-montecristo-que-esta-provocant-la-desesperacio-dels-vesins-de-la-zona\/#primaryimage"},"thumbnailUrl":"https:\/\/www.psib-psoe.org\/eivissa\/wp-content\/uploads\/7A83699A-9FCD-489C-8735-1C8788211D68.jpeg","datePublished":"2022-03-24T08:00:23+00:00","dateModified":"2022-03-25T08:19:19+00:00","breadcrumb":{"@id":"https:\/\/www.psib-psoe.org\/eivissa\/psoe-reinicia-exigeix-%e2%80%8b%e2%80%8ba-marcos-serra-que-posi-solucio-a-la-degradacio-del-poligon-de-montecristo-que-esta-provocant-la-desesperacio-dels-vesins-de-la-zona\/#breadcrumb"},"inLanguage":"ca","potentialAction":[{"@type":"ReadAction","target":["https:\/\/www.psib-psoe.org\/eivissa\/psoe-reinicia-exigeix-%e2%80%8b%e2%80%8ba-marcos-serra-que-posi-solucio-a-la-degradacio-del-poligon-de-montecristo-que-esta-provocant-la-desesperacio-dels-vesins-de-la-zona\/"]}]},{"@type":"ImageObject","inLanguage":"ca","@id":"https:\/\/www.psib-psoe.org\/eivissa\/psoe-reinicia-exigeix-%e2%80%8b%e2%80%8ba-marcos-serra-que-posi-solucio-a-la-degradacio-del-poligon-de-montecristo-que-esta-provocant-la-desesperacio-dels-vesins-de-la-zona\/#primaryimage","url":"https:\/\/www.psib-psoe.org\/eivissa\/wp-content\/uploads\/7A83699A-9FCD-489C-8735-1C8788211D68.jpeg","contentUrl":"https:\/\/www.psib-psoe.org\/eivissa\/wp-content\/uploads\/7A83699A-9FCD-489C-8735-1C8788211D68.jpeg","width":768,"height":560},{"@type":"BreadcrumbList","@id":"https:\/\/www.psib-psoe.org\/eivissa\/psoe-reinicia-exigeix-%e2%80%8b%e2%80%8ba-marcos-serra-que-posi-solucio-a-la-degradacio-del-poligon-de-montecristo-que-esta-provocant-la-desesperacio-dels-vesins-de-la-zona\/#breadcrumb","itemListElement":[{"@type":"ListItem","position":1,"name":"Inici","item":"https:\/\/www.psib-psoe.org\/eivissa\/"},{"@type":"ListItem","position":2,"name":"PSOE-Reinicia exigeix \u200b\u200ba Marcos Serra que posi soluci\u00f3 a la degradaci\u00f3 del pol\u00edgon de Montecristo, que est\u00e0 provocant la desesperaci\u00f3 dels vesins de la zona"}]},{"@type":"WebSite","@id":"https:\/\/www.psib-psoe.org\/eivissa\/#website","url":"https:\/\/www.psib-psoe.org\/eivissa\/","name":"Federaci\u00f3 Socialista d'Eivissa","description":"Socialistes d&#039;Eivissa","publisher":{"@id":"https:\/\/www.psib-psoe.org\/eivissa\/#organization"},"potentialAction":[{"@type":"SearchAction","target":{"@type":"EntryPoint","urlTemplate":"https:\/\/www.psib-psoe.org\/eivissa\/?s={search_term_string}"},"query-input":{"@type":"PropertyValueSpecification","valueRequired":true,"valueName":"search_term_string"}}],"inLanguage":"ca"},{"@type":"Organization","@id":"https:\/\/www.psib-psoe.org\/eivissa\/#organization","name":"Federaci\u00f3 Socialista d'Eivissa","url":"https:\/\/www.psib-psoe.org\/eivissa\/","logo":{"@type":"ImageObject","inLanguage":"ca","@id":"https:\/\/www.psib-psoe.org\/eivissa\/#\/schema\/logo\/image\/","url":"https:\/\/www.psib-psoe.org\/eivissa\/wp-content\/uploads\/LOGO-FSE-SOCIALISTA-DEIVISSA-HORI.png","contentUrl":"https:\/\/www.psib-psoe.org\/eivissa\/wp-content\/uploads\/LOGO-FSE-SOCIALISTA-DEIVISSA-HORI.png","width":6000,"height":3104,"caption":"Federaci\u00f3 Socialista d'Eivissa"},"image":{"@id":"https:\/\/www.psib-psoe.org\/eivissa\/#\/schema\/logo\/image\/"}},{"@type":"Person","@id":"https:\/\/www.psib-psoe.org\/eivissa\/#\/schema\/person\/7a9d2841fb36f32e34fc0e9b245e8117","name":"Josep Ripoll","sameAs":["http:\/\/www.psib-psoe.org\/eivissa\/wp-login.php"],"url":"https:\/\/www.psib-psoe.org\/eivissa\/author\/josep\/"}]}},"_links":{"self":[{"href":"https:\/\/www.psib-psoe.org\/eivissa\/wp-json\/wp\/v2\/posts\/35268","targetHints":{"allow":["GET"]}}],"collection":[{"href":"https:\/\/www.psib-psoe.org\/eivissa\/wp-json\/wp\/v2\/posts"}],"about":[{"href":"https:\/\/www.psib-psoe.org\/eivissa\/wp-json\/wp\/v2\/types\/post"}],"author":[{"embeddable":true,"href":"https:\/\/www.psib-psoe.org\/eivissa\/wp-json\/wp\/v2\/users\/7"}],"replies":[{"embeddable":true,"href":"https:\/\/www.psib-psoe.org\/eivissa\/wp-json\/wp\/v2\/comments?post=35268"}],"version-history":[{"count":1,"href":"https:\/\/www.psib-psoe.org\/eivissa\/wp-json\/wp\/v2\/posts\/35268\/revisions"}],"predecessor-version":[{"id":35269,"href":"https:\/\/www.psib-psoe.org\/eivissa\/wp-json\/wp\/v2\/posts\/35268\/revisions\/35269"}],"wp:featuredmedia":[{"embeddable":true,"href":"https:\/\/www.psib-psoe.org\/eivissa\/wp-json\/wp\/v2\/media\/35272"}],"wp:attachment":[{"href":"https:\/\/www.psib-psoe.org\/eivissa\/wp-json\/wp\/v2\/media?parent=35268"}],"wp:term":[{"taxonomy":"category","embeddable":true,"href":"https:\/\/www.psib-psoe.org\/eivissa\/wp-json\/wp\/v2\/categories?post=35268"},{"taxonomy":"post_tag","embeddable":true,"href":"https:\/\/www.psib-psoe.org\/eivissa\/wp-json\/wp\/v2\/tags?post=35268"}],"curies":[{"name":"wp","href":"https:\/\/api.w.org\/{rel}","templated":true}]}}