{"id":35313,"date":"2022-03-24T10:15:10","date_gmt":"2022-03-24T08:15:10","guid":{"rendered":"https:\/\/www.psib-psoe.org\/eivissa\/?p=35313"},"modified":"2022-03-25T10:18:22","modified_gmt":"2022-03-25T08:18:22","slug":"lajuntament-de-sant-antoni-nomes-estima-parcialment-el-recurs-de-psoe-reinicia-contra-la-segona-activitat-de-lexcap-de-la-policia","status":"publish","type":"post","link":"https:\/\/www.psib-psoe.org\/eivissa\/lajuntament-de-sant-antoni-nomes-estima-parcialment-el-recurs-de-psoe-reinicia-contra-la-segona-activitat-de-lexcap-de-la-policia\/","title":{"rendered":"L&#8217;Ajuntament de Sant Antoni nom\u00e9s estima parcialment el recurs de PSOE-Reinicia contra la segona activitat de l&#8217;excap de la policia"},"content":{"rendered":"<p>L&#8217;Ajuntament de Sant Antoni de Portmany nom\u00e9s ha donat parcialment la ra\u00f3 al grup municipal PSOE-Reinicia, que va presentar al mes de gener un recurs de reposici\u00f3 on es posava en q\u00fcesti\u00f3 el procediment que s&#8217;havia seguit per concedir l&#8217;entrada a segona activitat al aquell llavors cap de la Policia Local, Javier Verdugo.<\/p>\n<p>L&#8217;ajuntament de Sant Antoni ha adm\u00e8s la no consideraci\u00f3 per part del consistori dels cinc dies de suspensi\u00f3 de sou i feina que Javier Verdugo va haver de fer front durant la seva traject\u00f2ria laboral. PSOE-Reinicia va al\u00b7legar que \u201cen el c\u00f2mput de servei com a policia del Sr. Verdugo no s&#8217;ha incl\u00f2s el per\u00edode de sanci\u00f3 de cinc dies de suspensi\u00f3 de funcions i p\u00e8rdua de remuneraci\u00f3, concretament els dies 19, 20, 21, 22 i 23 de febrer del 2018\u201d. La resposta de l&#8217;ajuntament ha estat que \u201cs&#8217;admet l&#8217;al\u00b7legaci\u00f3 presentada pel recurrent, havent de Sr. Francisco Javier Verdugo Sedas de regularitzar els 5 dies en qu\u00e8 no va prestar els seus serveis del 3 al 7 de gener de 2022, considerant que el 6 de gener de 2022 va ser un dia festiu haur\u00e0 de tornar 4 dies laborals\u201d.<\/p>\n<p>El grup progressista, que al ple ordinari del mes de gener va denunciar que faltaven documents a l&#8217;expedient corresponent, celebra que aquesta vegada s\u00ed que s&#8217;hagi incl\u00f2s el certificat de Serveis Prestats de l&#8217;excap de la Policia Local de Sant Antoni, encara que lamenta que s&#8217;hagin rebutjat la resta d&#8217;al\u00b7legacions. El regidor de PSOE-Reinicia Antonio Lorenzo ha anunciat que sol\u00b7licitaran diversos contractes del Javier Verdugo amb l&#8217;ajuntament \u201cper fiscalitzar que el procediment ha estat el correcte i no s&#8217;est\u00e0 cometent un frau de llei\u201d.<\/p>\n<p>Antonio Lorenzo denuncia que \u201cMarcos Serra no accepta que l&#8217;oposici\u00f3 faci la feina fiscalitzadora\u201d. &#8220;Volem que l&#8217;ajuntament sigui transparent i exemplar, i per aix\u00f2 l&#8217;alcalde ha de proporcionar-nos en temps i forma els expedients que l&#8217;oposici\u00f3 sol\u00b7licita&#8221;, insisteix el regidor de PSOE-Reinicia, malgrat que amb el Partit Popular de Sant Antoni &#8220;no sol ser aix\u00ed\u201d.<\/p>\n<p>Lorenzo ha insistit que &#8220;la sol\u00b7licitud per a l&#8217;entrada a segona activitat sense destinaci\u00f3 de l\u00b4excap de la policia local de Sant Antoni es va realitzar fora del termini, incomplint el Reglament del propi ajuntament&#8221;. El reglament recull el procediment per passar a segona activitat de tots els funcionaris de la Policia Local de Sant Antoni, signat pel consistori i els representants de la policia, per\u00f2 \u201cl&#8217;equip de govern de Marcos Serra ho ha decidit obviar per facilitar un vestit a mida a Verdugo\u201d.<\/p>\n<p>Recordem que l&#8217;excap de la policia local de Sant Antoni va registrar la seva sol\u00b7licitud el 13 de desembre de 2021 per poder accedir a la segona activitat sense destinaci\u00f3 al mes de gener seg\u00fcent, fet que suposa un salari de m\u00e9s de 50.000 euros a l&#8217;any. Des del grup PSOE-Reinicia, Antonio Lorenzo pregunta si \u201cMarcos Serra hauria aplicat el mateix criteri si s&#8217;hagu\u00e9s tractat d&#8217;un altre policia\u201d, cosa que \u201cdubtem molt seriosament\u201d.<\/p>\n","protected":false},"excerpt":{"rendered":"<p>L&#8217;Ajuntament de Sant Antoni de Portmany nom\u00e9s ha donat parcialment la ra\u00f3 al grup municipal PSOE-Reinicia, que va presentar al mes de gener un recurs de reposici\u00f3 on es posava en q\u00fcesti\u00f3 el procediment que s&#8217;havia seguit per concedir l&#8217;entrada a segona activitat al aquell llavors cap de la Policia Local, Javier Verdugo. L&#8217;ajuntament de&hellip;<\/p>\n","protected":false},"author":7,"featured_media":27100,"comment_status":"closed","ping_status":"closed","sticky":false,"template":"","format":"standard","meta":{"footnotes":""},"categories":[1,234,188],"tags":[],"class_list":["post-35313","post","type-post","status-publish","format-standard","has-post-thumbnail","hentry","category-federacio-de-eivissa-portada","category-municipis","category-sant-antoni-de-portmany"],"yoast_head":"<!-- This site is optimized with the Yoast SEO plugin v26.9 - https:\/\/yoast.com\/product\/yoast-seo-wordpress\/ -->\n<title>L&#039;Ajuntament de Sant Antoni nom\u00e9s estima parcialment el recurs de PSOE-Reinicia contra la segona activitat de l&#039;excap de la policia - Federaci\u00f3 Socialista d&#039;Eivissa<\/title>\n<meta name=\"robots\" content=\"index, follow, max-snippet:-1, max-image-preview:large, max-video-preview:-1\" \/>\n<link rel=\"canonical\" href=\"https:\/\/www.psib-psoe.org\/eivissa\/lajuntament-de-sant-antoni-nomes-estima-parcialment-el-recurs-de-psoe-reinicia-contra-la-segona-activitat-de-lexcap-de-la-policia\/\" \/>\n<meta property=\"og:locale\" content=\"ca_ES\" \/>\n<meta property=\"og:type\" content=\"article\" \/>\n<meta property=\"og:title\" content=\"L&#039;Ajuntament de Sant Antoni nom\u00e9s estima parcialment el recurs de PSOE-Reinicia contra la segona activitat de l&#039;excap de la policia - Federaci\u00f3 Socialista d&#039;Eivissa\" \/>\n<meta property=\"og:description\" content=\"L&#8217;Ajuntament de Sant Antoni de Portmany nom\u00e9s ha donat parcialment la ra\u00f3 al grup municipal PSOE-Reinicia, que va presentar al mes de gener un recurs de reposici\u00f3 on es posava en q\u00fcesti\u00f3 el procediment que s&#8217;havia seguit per concedir l&#8217;entrada a segona activitat al aquell llavors cap de la Policia Local, Javier Verdugo. L&#8217;ajuntament de&hellip;\" \/>\n<meta property=\"og:url\" content=\"https:\/\/www.psib-psoe.org\/eivissa\/lajuntament-de-sant-antoni-nomes-estima-parcialment-el-recurs-de-psoe-reinicia-contra-la-segona-activitat-de-lexcap-de-la-policia\/\" \/>\n<meta property=\"og:site_name\" content=\"Federaci\u00f3 Socialista d&#039;Eivissa\" \/>\n<meta property=\"article:published_time\" content=\"2022-03-24T08:15:10+00:00\" \/>\n<meta property=\"article:modified_time\" content=\"2022-03-25T08:18:22+00:00\" \/>\n<meta property=\"og:image\" content=\"https:\/\/www.psib-psoe.org\/eivissa\/wp-content\/uploads\/Captura-de-Pantalla-2020-02-03-a-les-12.58.25.png\" \/>\n\t<meta property=\"og:image:width\" content=\"1230\" \/>\n\t<meta property=\"og:image:height\" content=\"689\" \/>\n\t<meta property=\"og:image:type\" content=\"image\/png\" \/>\n<meta name=\"author\" content=\"Josep Ripoll\" \/>\n<meta name=\"twitter:card\" content=\"summary_large_image\" \/>\n<meta name=\"twitter:label1\" content=\"Escrit per\" \/>\n\t<meta name=\"twitter:data1\" content=\"Josep Ripoll\" \/>\n\t<meta name=\"twitter:label2\" content=\"Temps estimat de lectura\" \/>\n\t<meta name=\"twitter:data2\" content=\"2 minuts\" \/>\n<script type=\"application\/ld+json\" class=\"yoast-schema-graph\">{\"@context\":\"https:\/\/schema.org\",\"@graph\":[{\"@type\":[\"Article\",\"BlogPosting\"],\"@id\":\"https:\/\/www.psib-psoe.org\/eivissa\/lajuntament-de-sant-antoni-nomes-estima-parcialment-el-recurs-de-psoe-reinicia-contra-la-segona-activitat-de-lexcap-de-la-policia\/#article\",\"isPartOf\":{\"@id\":\"https:\/\/www.psib-psoe.org\/eivissa\/lajuntament-de-sant-antoni-nomes-estima-parcialment-el-recurs-de-psoe-reinicia-contra-la-segona-activitat-de-lexcap-de-la-policia\/\"},\"author\":{\"name\":\"Josep Ripoll\",\"@id\":\"https:\/\/www.psib-psoe.org\/eivissa\/#\/schema\/person\/7a9d2841fb36f32e34fc0e9b245e8117\"},\"headline\":\"L&#8217;Ajuntament de Sant Antoni nom\u00e9s estima parcialment el recurs de PSOE-Reinicia contra la segona activitat de l&#8217;excap de la policia\",\"datePublished\":\"2022-03-24T08:15:10+00:00\",\"dateModified\":\"2022-03-25T08:18:22+00:00\",\"mainEntityOfPage\":{\"@id\":\"https:\/\/www.psib-psoe.org\/eivissa\/lajuntament-de-sant-antoni-nomes-estima-parcialment-el-recurs-de-psoe-reinicia-contra-la-segona-activitat-de-lexcap-de-la-policia\/\"},\"wordCount\":514,\"publisher\":{\"@id\":\"https:\/\/www.psib-psoe.org\/eivissa\/#organization\"},\"image\":{\"@id\":\"https:\/\/www.psib-psoe.org\/eivissa\/lajuntament-de-sant-antoni-nomes-estima-parcialment-el-recurs-de-psoe-reinicia-contra-la-segona-activitat-de-lexcap-de-la-policia\/#primaryimage\"},\"thumbnailUrl\":\"https:\/\/www.psib-psoe.org\/eivissa\/wp-content\/uploads\/Captura-de-Pantalla-2020-02-03-a-les-12.58.25.png\",\"articleSection\":[\"Federaci\u00f3 d'Eivissa - Portada\",\"Municipis\",\"Sant Antoni de Portmany\"],\"inLanguage\":\"ca\"},{\"@type\":\"WebPage\",\"@id\":\"https:\/\/www.psib-psoe.org\/eivissa\/lajuntament-de-sant-antoni-nomes-estima-parcialment-el-recurs-de-psoe-reinicia-contra-la-segona-activitat-de-lexcap-de-la-policia\/\",\"url\":\"https:\/\/www.psib-psoe.org\/eivissa\/lajuntament-de-sant-antoni-nomes-estima-parcialment-el-recurs-de-psoe-reinicia-contra-la-segona-activitat-de-lexcap-de-la-policia\/\",\"name\":\"L'Ajuntament de Sant Antoni nom\u00e9s estima parcialment el recurs de PSOE-Reinicia contra la segona activitat de l'excap de la policia - Federaci\u00f3 Socialista d&#039;Eivissa\",\"isPartOf\":{\"@id\":\"https:\/\/www.psib-psoe.org\/eivissa\/#website\"},\"primaryImageOfPage\":{\"@id\":\"https:\/\/www.psib-psoe.org\/eivissa\/lajuntament-de-sant-antoni-nomes-estima-parcialment-el-recurs-de-psoe-reinicia-contra-la-segona-activitat-de-lexcap-de-la-policia\/#primaryimage\"},\"image\":{\"@id\":\"https:\/\/www.psib-psoe.org\/eivissa\/lajuntament-de-sant-antoni-nomes-estima-parcialment-el-recurs-de-psoe-reinicia-contra-la-segona-activitat-de-lexcap-de-la-policia\/#primaryimage\"},\"thumbnailUrl\":\"https:\/\/www.psib-psoe.org\/eivissa\/wp-content\/uploads\/Captura-de-Pantalla-2020-02-03-a-les-12.58.25.png\",\"datePublished\":\"2022-03-24T08:15:10+00:00\",\"dateModified\":\"2022-03-25T08:18:22+00:00\",\"breadcrumb\":{\"@id\":\"https:\/\/www.psib-psoe.org\/eivissa\/lajuntament-de-sant-antoni-nomes-estima-parcialment-el-recurs-de-psoe-reinicia-contra-la-segona-activitat-de-lexcap-de-la-policia\/#breadcrumb\"},\"inLanguage\":\"ca\",\"potentialAction\":[{\"@type\":\"ReadAction\",\"target\":[\"https:\/\/www.psib-psoe.org\/eivissa\/lajuntament-de-sant-antoni-nomes-estima-parcialment-el-recurs-de-psoe-reinicia-contra-la-segona-activitat-de-lexcap-de-la-policia\/\"]}]},{\"@type\":\"ImageObject\",\"inLanguage\":\"ca\",\"@id\":\"https:\/\/www.psib-psoe.org\/eivissa\/lajuntament-de-sant-antoni-nomes-estima-parcialment-el-recurs-de-psoe-reinicia-contra-la-segona-activitat-de-lexcap-de-la-policia\/#primaryimage\",\"url\":\"https:\/\/www.psib-psoe.org\/eivissa\/wp-content\/uploads\/Captura-de-Pantalla-2020-02-03-a-les-12.58.25.png\",\"contentUrl\":\"https:\/\/www.psib-psoe.org\/eivissa\/wp-content\/uploads\/Captura-de-Pantalla-2020-02-03-a-les-12.58.25.png\",\"width\":1230,\"height\":689},{\"@type\":\"BreadcrumbList\",\"@id\":\"https:\/\/www.psib-psoe.org\/eivissa\/lajuntament-de-sant-antoni-nomes-estima-parcialment-el-recurs-de-psoe-reinicia-contra-la-segona-activitat-de-lexcap-de-la-policia\/#breadcrumb\",\"itemListElement\":[{\"@type\":\"ListItem\",\"position\":1,\"name\":\"Inici\",\"item\":\"https:\/\/www.psib-psoe.org\/eivissa\/\"},{\"@type\":\"ListItem\",\"position\":2,\"name\":\"L&#8217;Ajuntament de Sant Antoni nom\u00e9s estima parcialment el recurs de PSOE-Reinicia contra la segona activitat de l&#8217;excap de la policia\"}]},{\"@type\":\"WebSite\",\"@id\":\"https:\/\/www.psib-psoe.org\/eivissa\/#website\",\"url\":\"https:\/\/www.psib-psoe.org\/eivissa\/\",\"name\":\"Federaci\u00f3 Socialista d'Eivissa\",\"description\":\"Socialistes d&#039;Eivissa\",\"publisher\":{\"@id\":\"https:\/\/www.psib-psoe.org\/eivissa\/#organization\"},\"potentialAction\":[{\"@type\":\"SearchAction\",\"target\":{\"@type\":\"EntryPoint\",\"urlTemplate\":\"https:\/\/www.psib-psoe.org\/eivissa\/?s={search_term_string}\"},\"query-input\":{\"@type\":\"PropertyValueSpecification\",\"valueRequired\":true,\"valueName\":\"search_term_string\"}}],\"inLanguage\":\"ca\"},{\"@type\":\"Organization\",\"@id\":\"https:\/\/www.psib-psoe.org\/eivissa\/#organization\",\"name\":\"Federaci\u00f3 Socialista d'Eivissa\",\"url\":\"https:\/\/www.psib-psoe.org\/eivissa\/\",\"logo\":{\"@type\":\"ImageObject\",\"inLanguage\":\"ca\",\"@id\":\"https:\/\/www.psib-psoe.org\/eivissa\/#\/schema\/logo\/image\/\",\"url\":\"https:\/\/www.psib-psoe.org\/eivissa\/wp-content\/uploads\/LOGO-FSE-SOCIALISTA-DEIVISSA-HORI.png\",\"contentUrl\":\"https:\/\/www.psib-psoe.org\/eivissa\/wp-content\/uploads\/LOGO-FSE-SOCIALISTA-DEIVISSA-HORI.png\",\"width\":6000,\"height\":3104,\"caption\":\"Federaci\u00f3 Socialista d'Eivissa\"},\"image\":{\"@id\":\"https:\/\/www.psib-psoe.org\/eivissa\/#\/schema\/logo\/image\/\"}},{\"@type\":\"Person\",\"@id\":\"https:\/\/www.psib-psoe.org\/eivissa\/#\/schema\/person\/7a9d2841fb36f32e34fc0e9b245e8117\",\"name\":\"Josep Ripoll\",\"sameAs\":[\"http:\/\/www.psib-psoe.org\/eivissa\/wp-login.php\"],\"url\":\"https:\/\/www.psib-psoe.org\/eivissa\/author\/josep\/\"}]}<\/script>\n<!-- \/ Yoast SEO plugin. -->","yoast_head_json":{"title":"L'Ajuntament de Sant Antoni nom\u00e9s estima parcialment el recurs de PSOE-Reinicia contra la segona activitat de l'excap de la policia - Federaci\u00f3 Socialista d&#039;Eivissa","robots":{"index":"index","follow":"follow","max-snippet":"max-snippet:-1","max-image-preview":"max-image-preview:large","max-video-preview":"max-video-preview:-1"},"canonical":"https:\/\/www.psib-psoe.org\/eivissa\/lajuntament-de-sant-antoni-nomes-estima-parcialment-el-recurs-de-psoe-reinicia-contra-la-segona-activitat-de-lexcap-de-la-policia\/","og_locale":"ca_ES","og_type":"article","og_title":"L'Ajuntament de Sant Antoni nom\u00e9s estima parcialment el recurs de PSOE-Reinicia contra la segona activitat de l'excap de la policia - Federaci\u00f3 Socialista d&#039;Eivissa","og_description":"L&#8217;Ajuntament de Sant Antoni de Portmany nom\u00e9s ha donat parcialment la ra\u00f3 al grup municipal PSOE-Reinicia, que va presentar al mes de gener un recurs de reposici\u00f3 on es posava en q\u00fcesti\u00f3 el procediment que s&#8217;havia seguit per concedir l&#8217;entrada a segona activitat al aquell llavors cap de la Policia Local, Javier Verdugo. L&#8217;ajuntament de&hellip;","og_url":"https:\/\/www.psib-psoe.org\/eivissa\/lajuntament-de-sant-antoni-nomes-estima-parcialment-el-recurs-de-psoe-reinicia-contra-la-segona-activitat-de-lexcap-de-la-policia\/","og_site_name":"Federaci\u00f3 Socialista d&#039;Eivissa","article_published_time":"2022-03-24T08:15:10+00:00","article_modified_time":"2022-03-25T08:18:22+00:00","og_image":[{"width":1230,"height":689,"url":"https:\/\/www.psib-psoe.org\/eivissa\/wp-content\/uploads\/Captura-de-Pantalla-2020-02-03-a-les-12.58.25.png","type":"image\/png"}],"author":"Josep Ripoll","twitter_card":"summary_large_image","twitter_misc":{"Escrit per":"Josep Ripoll","Temps estimat de lectura":"2 minuts"},"schema":{"@context":"https:\/\/schema.org","@graph":[{"@type":["Article","BlogPosting"],"@id":"https:\/\/www.psib-psoe.org\/eivissa\/lajuntament-de-sant-antoni-nomes-estima-parcialment-el-recurs-de-psoe-reinicia-contra-la-segona-activitat-de-lexcap-de-la-policia\/#article","isPartOf":{"@id":"https:\/\/www.psib-psoe.org\/eivissa\/lajuntament-de-sant-antoni-nomes-estima-parcialment-el-recurs-de-psoe-reinicia-contra-la-segona-activitat-de-lexcap-de-la-policia\/"},"author":{"name":"Josep Ripoll","@id":"https:\/\/www.psib-psoe.org\/eivissa\/#\/schema\/person\/7a9d2841fb36f32e34fc0e9b245e8117"},"headline":"L&#8217;Ajuntament de Sant Antoni nom\u00e9s estima parcialment el recurs de PSOE-Reinicia contra la segona activitat de l&#8217;excap de la policia","datePublished":"2022-03-24T08:15:10+00:00","dateModified":"2022-03-25T08:18:22+00:00","mainEntityOfPage":{"@id":"https:\/\/www.psib-psoe.org\/eivissa\/lajuntament-de-sant-antoni-nomes-estima-parcialment-el-recurs-de-psoe-reinicia-contra-la-segona-activitat-de-lexcap-de-la-policia\/"},"wordCount":514,"publisher":{"@id":"https:\/\/www.psib-psoe.org\/eivissa\/#organization"},"image":{"@id":"https:\/\/www.psib-psoe.org\/eivissa\/lajuntament-de-sant-antoni-nomes-estima-parcialment-el-recurs-de-psoe-reinicia-contra-la-segona-activitat-de-lexcap-de-la-policia\/#primaryimage"},"thumbnailUrl":"https:\/\/www.psib-psoe.org\/eivissa\/wp-content\/uploads\/Captura-de-Pantalla-2020-02-03-a-les-12.58.25.png","articleSection":["Federaci\u00f3 d'Eivissa - Portada","Municipis","Sant Antoni de Portmany"],"inLanguage":"ca"},{"@type":"WebPage","@id":"https:\/\/www.psib-psoe.org\/eivissa\/lajuntament-de-sant-antoni-nomes-estima-parcialment-el-recurs-de-psoe-reinicia-contra-la-segona-activitat-de-lexcap-de-la-policia\/","url":"https:\/\/www.psib-psoe.org\/eivissa\/lajuntament-de-sant-antoni-nomes-estima-parcialment-el-recurs-de-psoe-reinicia-contra-la-segona-activitat-de-lexcap-de-la-policia\/","name":"L'Ajuntament de Sant Antoni nom\u00e9s estima parcialment el recurs de PSOE-Reinicia contra la segona activitat de l'excap de la policia - Federaci\u00f3 Socialista d&#039;Eivissa","isPartOf":{"@id":"https:\/\/www.psib-psoe.org\/eivissa\/#website"},"primaryImageOfPage":{"@id":"https:\/\/www.psib-psoe.org\/eivissa\/lajuntament-de-sant-antoni-nomes-estima-parcialment-el-recurs-de-psoe-reinicia-contra-la-segona-activitat-de-lexcap-de-la-policia\/#primaryimage"},"image":{"@id":"https:\/\/www.psib-psoe.org\/eivissa\/lajuntament-de-sant-antoni-nomes-estima-parcialment-el-recurs-de-psoe-reinicia-contra-la-segona-activitat-de-lexcap-de-la-policia\/#primaryimage"},"thumbnailUrl":"https:\/\/www.psib-psoe.org\/eivissa\/wp-content\/uploads\/Captura-de-Pantalla-2020-02-03-a-les-12.58.25.png","datePublished":"2022-03-24T08:15:10+00:00","dateModified":"2022-03-25T08:18:22+00:00","breadcrumb":{"@id":"https:\/\/www.psib-psoe.org\/eivissa\/lajuntament-de-sant-antoni-nomes-estima-parcialment-el-recurs-de-psoe-reinicia-contra-la-segona-activitat-de-lexcap-de-la-policia\/#breadcrumb"},"inLanguage":"ca","potentialAction":[{"@type":"ReadAction","target":["https:\/\/www.psib-psoe.org\/eivissa\/lajuntament-de-sant-antoni-nomes-estima-parcialment-el-recurs-de-psoe-reinicia-contra-la-segona-activitat-de-lexcap-de-la-policia\/"]}]},{"@type":"ImageObject","inLanguage":"ca","@id":"https:\/\/www.psib-psoe.org\/eivissa\/lajuntament-de-sant-antoni-nomes-estima-parcialment-el-recurs-de-psoe-reinicia-contra-la-segona-activitat-de-lexcap-de-la-policia\/#primaryimage","url":"https:\/\/www.psib-psoe.org\/eivissa\/wp-content\/uploads\/Captura-de-Pantalla-2020-02-03-a-les-12.58.25.png","contentUrl":"https:\/\/www.psib-psoe.org\/eivissa\/wp-content\/uploads\/Captura-de-Pantalla-2020-02-03-a-les-12.58.25.png","width":1230,"height":689},{"@type":"BreadcrumbList","@id":"https:\/\/www.psib-psoe.org\/eivissa\/lajuntament-de-sant-antoni-nomes-estima-parcialment-el-recurs-de-psoe-reinicia-contra-la-segona-activitat-de-lexcap-de-la-policia\/#breadcrumb","itemListElement":[{"@type":"ListItem","position":1,"name":"Inici","item":"https:\/\/www.psib-psoe.org\/eivissa\/"},{"@type":"ListItem","position":2,"name":"L&#8217;Ajuntament de Sant Antoni nom\u00e9s estima parcialment el recurs de PSOE-Reinicia contra la segona activitat de l&#8217;excap de la policia"}]},{"@type":"WebSite","@id":"https:\/\/www.psib-psoe.org\/eivissa\/#website","url":"https:\/\/www.psib-psoe.org\/eivissa\/","name":"Federaci\u00f3 Socialista d'Eivissa","description":"Socialistes d&#039;Eivissa","publisher":{"@id":"https:\/\/www.psib-psoe.org\/eivissa\/#organization"},"potentialAction":[{"@type":"SearchAction","target":{"@type":"EntryPoint","urlTemplate":"https:\/\/www.psib-psoe.org\/eivissa\/?s={search_term_string}"},"query-input":{"@type":"PropertyValueSpecification","valueRequired":true,"valueName":"search_term_string"}}],"inLanguage":"ca"},{"@type":"Organization","@id":"https:\/\/www.psib-psoe.org\/eivissa\/#organization","name":"Federaci\u00f3 Socialista d'Eivissa","url":"https:\/\/www.psib-psoe.org\/eivissa\/","logo":{"@type":"ImageObject","inLanguage":"ca","@id":"https:\/\/www.psib-psoe.org\/eivissa\/#\/schema\/logo\/image\/","url":"https:\/\/www.psib-psoe.org\/eivissa\/wp-content\/uploads\/LOGO-FSE-SOCIALISTA-DEIVISSA-HORI.png","contentUrl":"https:\/\/www.psib-psoe.org\/eivissa\/wp-content\/uploads\/LOGO-FSE-SOCIALISTA-DEIVISSA-HORI.png","width":6000,"height":3104,"caption":"Federaci\u00f3 Socialista d'Eivissa"},"image":{"@id":"https:\/\/www.psib-psoe.org\/eivissa\/#\/schema\/logo\/image\/"}},{"@type":"Person","@id":"https:\/\/www.psib-psoe.org\/eivissa\/#\/schema\/person\/7a9d2841fb36f32e34fc0e9b245e8117","name":"Josep Ripoll","sameAs":["http:\/\/www.psib-psoe.org\/eivissa\/wp-login.php"],"url":"https:\/\/www.psib-psoe.org\/eivissa\/author\/josep\/"}]}},"_links":{"self":[{"href":"https:\/\/www.psib-psoe.org\/eivissa\/wp-json\/wp\/v2\/posts\/35313","targetHints":{"allow":["GET"]}}],"collection":[{"href":"https:\/\/www.psib-psoe.org\/eivissa\/wp-json\/wp\/v2\/posts"}],"about":[{"href":"https:\/\/www.psib-psoe.org\/eivissa\/wp-json\/wp\/v2\/types\/post"}],"author":[{"embeddable":true,"href":"https:\/\/www.psib-psoe.org\/eivissa\/wp-json\/wp\/v2\/users\/7"}],"replies":[{"embeddable":true,"href":"https:\/\/www.psib-psoe.org\/eivissa\/wp-json\/wp\/v2\/comments?post=35313"}],"version-history":[{"count":1,"href":"https:\/\/www.psib-psoe.org\/eivissa\/wp-json\/wp\/v2\/posts\/35313\/revisions"}],"predecessor-version":[{"id":35314,"href":"https:\/\/www.psib-psoe.org\/eivissa\/wp-json\/wp\/v2\/posts\/35313\/revisions\/35314"}],"wp:featuredmedia":[{"embeddable":true,"href":"https:\/\/www.psib-psoe.org\/eivissa\/wp-json\/wp\/v2\/media\/27100"}],"wp:attachment":[{"href":"https:\/\/www.psib-psoe.org\/eivissa\/wp-json\/wp\/v2\/media?parent=35313"}],"wp:term":[{"taxonomy":"category","embeddable":true,"href":"https:\/\/www.psib-psoe.org\/eivissa\/wp-json\/wp\/v2\/categories?post=35313"},{"taxonomy":"post_tag","embeddable":true,"href":"https:\/\/www.psib-psoe.org\/eivissa\/wp-json\/wp\/v2\/tags?post=35313"}],"curies":[{"name":"wp","href":"https:\/\/api.w.org\/{rel}","templated":true}]}}