{"id":35328,"date":"2022-03-24T08:30:18","date_gmt":"2022-03-24T06:30:18","guid":{"rendered":"https:\/\/www.psib-psoe.org\/eivissa\/?p=35328"},"modified":"2022-03-25T10:38:21","modified_gmt":"2022-03-25T08:38:21","slug":"el-psoe-participa-en-la-manifestacion-del-8m-en-eivissa-con-la-reivindicacion-de-politicas-de-igualdad-contra-la-violencia-machista-y-por-la-abolicion-de-la-prostitucion","status":"publish","type":"post","link":"https:\/\/www.psib-psoe.org\/eivissa\/el-psoe-participa-en-la-manifestacion-del-8m-en-eivissa-con-la-reivindicacion-de-politicas-de-igualdad-contra-la-violencia-machista-y-por-la-abolicion-de-la-prostitucion\/","title":{"rendered":"El PSOE participa en la manifestaci\u00f3n del 8M en Eivissa con la reivindicaci\u00f3n de pol\u00edticas de igualdad, contra la violencia machista y por la abolici\u00f3n de la prostituci\u00f3n"},"content":{"rendered":"<p>La Federaci\u00f3n Socialista de Eivissa particip\u00f3 en la manifestaci\u00f3n del 8 de Marzo, D\u00eda Internacional de las Mujeres, con la reivindicaci\u00f3n de pol\u00edticas de igualdad, contra la violencia machista y por la abolici\u00f3n de la prostituci\u00f3n. La marcha, que comenz\u00f3 a las 18.30 horas en el parque de la Paz de Eivissa y recorri\u00f3 el centro de la ciudad hasta el parque Reina Sof\u00eda, se volv\u00eda a celebrar despu\u00e9s de dos a\u00f1os. &#8220;Las pol\u00edticas feministas son urgentes&#8221;, resalt\u00f3 la secretaria de Igualdad de la FSE-PSOE, A\u00edda Alcaraz, y &#8220;nos obligan a salir a la calle, a seguir luchando&#8221;.<\/p>\n<p>&#8220;Desde el PSOE pensamos que el feminismo hace mejor la democracia, m\u00e1s justa, m\u00e1s digna y m\u00e1s igual&#8221;. \u00c9ste es el mensaje que el PSOE de Ibiza quiere trasladar al conjunto de la ciudadan\u00eda, con el foco en la lacra de la violencia machista: &#8220;Acabar con la violencia contra las mujeres en un pa\u00eds golpeado, como es el nuestro, con m\u00e1s de mil mujeres asesinadas, trescientos menores hu\u00e9rfanos y la denuncia de una violaci\u00f3n cada cuatro horas&#8221;. Estas son las cifras de un &#8220;horror que debemos detener como sea&#8221;, ha dicho Alcaraz.<\/p>\n<p>El PSOE tambi\u00e9n se comprometi\u00f3 en la abolici\u00f3n de la prostituci\u00f3n, otra de las violencias que sufren las mujeres, con la presentaci\u00f3n de una enmienda a la Ley de libertad sexual actualmente en tramitaci\u00f3n en las Cortes. &#8220;La abolici\u00f3n de la prostituci\u00f3n es un compromiso que las socialistas nos hemos comprometido a hacer realidad. En una sociedad democr\u00e1tica y digna, los cuerpos de las mujeres no deben poder alquilarse&#8221;, ha dicho la secretaria de Igualdad de la FSE-PSOE.<\/p>\n","protected":false},"excerpt":{"rendered":"<p>La Federaci\u00f3n Socialista de Eivissa particip\u00f3 en la manifestaci\u00f3n del 8 de Marzo, D\u00eda Internacional de las Mujeres, con la reivindicaci\u00f3n de pol\u00edticas de igualdad, contra la violencia machista y por la abolici\u00f3n de la prostituci\u00f3n. La marcha, que comenz\u00f3 a las 18.30 horas en el parque de la Paz de Eivissa y recorri\u00f3 el&hellip;<\/p>\n","protected":false},"author":7,"featured_media":35290,"comment_status":"closed","ping_status":"closed","sticky":false,"template":"","format":"standard","meta":{"footnotes":""},"categories":[212],"tags":[],"class_list":["post-35328","post","type-post","status-publish","format-standard","has-post-thumbnail","hentry","category-fse-psoe"],"yoast_head":"<!-- This site is optimized with the Yoast SEO plugin v26.9 - https:\/\/yoast.com\/product\/yoast-seo-wordpress\/ -->\n<title>El PSOE participa en la manifestaci\u00f3n del 8M en Eivissa con la reivindicaci\u00f3n de pol\u00edticas de igualdad, contra la violencia machista y por la abolici\u00f3n de la prostituci\u00f3n - Federaci\u00f3 Socialista d&#039;Eivissa<\/title>\n<meta name=\"robots\" content=\"index, follow, max-snippet:-1, max-image-preview:large, max-video-preview:-1\" \/>\n<link rel=\"canonical\" href=\"https:\/\/www.psib-psoe.org\/eivissa\/el-psoe-participa-en-la-manifestacion-del-8m-en-eivissa-con-la-reivindicacion-de-politicas-de-igualdad-contra-la-violencia-machista-y-por-la-abolicion-de-la-prostitucion\/\" \/>\n<meta property=\"og:locale\" content=\"ca_ES\" \/>\n<meta property=\"og:type\" content=\"article\" \/>\n<meta property=\"og:title\" content=\"El PSOE participa en la manifestaci\u00f3n del 8M en Eivissa con la reivindicaci\u00f3n de pol\u00edticas de igualdad, contra la violencia machista y por la abolici\u00f3n de la prostituci\u00f3n - Federaci\u00f3 Socialista d&#039;Eivissa\" \/>\n<meta property=\"og:description\" content=\"La Federaci\u00f3n Socialista de Eivissa particip\u00f3 en la manifestaci\u00f3n del 8 de Marzo, D\u00eda Internacional de las Mujeres, con la reivindicaci\u00f3n de pol\u00edticas de igualdad, contra la violencia machista y por la abolici\u00f3n de la prostituci\u00f3n. La marcha, que comenz\u00f3 a las 18.30 horas en el parque de la Paz de Eivissa y recorri\u00f3 el&hellip;\" \/>\n<meta property=\"og:url\" content=\"https:\/\/www.psib-psoe.org\/eivissa\/el-psoe-participa-en-la-manifestacion-del-8m-en-eivissa-con-la-reivindicacion-de-politicas-de-igualdad-contra-la-violencia-machista-y-por-la-abolicion-de-la-prostitucion\/\" \/>\n<meta property=\"og:site_name\" content=\"Federaci\u00f3 Socialista d&#039;Eivissa\" \/>\n<meta property=\"article:published_time\" content=\"2022-03-24T06:30:18+00:00\" \/>\n<meta property=\"article:modified_time\" content=\"2022-03-25T08:38:21+00:00\" \/>\n<meta property=\"og:image\" content=\"https:\/\/www.psib-psoe.org\/eivissa\/wp-content\/uploads\/8CA7703F-EEFA-4C21-9DAD-B5177BE19807-1024x768.jpeg\" \/>\n\t<meta property=\"og:image:width\" content=\"1024\" \/>\n\t<meta property=\"og:image:height\" content=\"768\" \/>\n\t<meta property=\"og:image:type\" content=\"image\/jpeg\" \/>\n<meta name=\"author\" content=\"Josep Ripoll\" \/>\n<meta name=\"twitter:card\" content=\"summary_large_image\" \/>\n<meta name=\"twitter:label1\" content=\"Escrit per\" \/>\n\t<meta name=\"twitter:data1\" content=\"Josep Ripoll\" \/>\n\t<meta name=\"twitter:label2\" content=\"Temps estimat de lectura\" \/>\n\t<meta name=\"twitter:data2\" content=\"1 minut\" \/>\n<script type=\"application\/ld+json\" class=\"yoast-schema-graph\">{\"@context\":\"https:\/\/schema.org\",\"@graph\":[{\"@type\":[\"Article\",\"BlogPosting\"],\"@id\":\"https:\/\/www.psib-psoe.org\/eivissa\/el-psoe-participa-en-la-manifestacion-del-8m-en-eivissa-con-la-reivindicacion-de-politicas-de-igualdad-contra-la-violencia-machista-y-por-la-abolicion-de-la-prostitucion\/#article\",\"isPartOf\":{\"@id\":\"https:\/\/www.psib-psoe.org\/eivissa\/el-psoe-participa-en-la-manifestacion-del-8m-en-eivissa-con-la-reivindicacion-de-politicas-de-igualdad-contra-la-violencia-machista-y-por-la-abolicion-de-la-prostitucion\/\"},\"author\":{\"name\":\"Josep Ripoll\",\"@id\":\"https:\/\/www.psib-psoe.org\/eivissa\/#\/schema\/person\/7a9d2841fb36f32e34fc0e9b245e8117\"},\"headline\":\"El PSOE participa en la manifestaci\u00f3n del 8M en Eivissa con la reivindicaci\u00f3n de pol\u00edticas de igualdad, contra la violencia machista y por la abolici\u00f3n de la prostituci\u00f3n\",\"datePublished\":\"2022-03-24T06:30:18+00:00\",\"dateModified\":\"2022-03-25T08:38:21+00:00\",\"mainEntityOfPage\":{\"@id\":\"https:\/\/www.psib-psoe.org\/eivissa\/el-psoe-participa-en-la-manifestacion-del-8m-en-eivissa-con-la-reivindicacion-de-politicas-de-igualdad-contra-la-violencia-machista-y-por-la-abolicion-de-la-prostitucion\/\"},\"wordCount\":328,\"publisher\":{\"@id\":\"https:\/\/www.psib-psoe.org\/eivissa\/#organization\"},\"image\":{\"@id\":\"https:\/\/www.psib-psoe.org\/eivissa\/el-psoe-participa-en-la-manifestacion-del-8m-en-eivissa-con-la-reivindicacion-de-politicas-de-igualdad-contra-la-violencia-machista-y-por-la-abolicion-de-la-prostitucion\/#primaryimage\"},\"thumbnailUrl\":\"https:\/\/www.psib-psoe.org\/eivissa\/wp-content\/uploads\/8CA7703F-EEFA-4C21-9DAD-B5177BE19807.jpeg\",\"articleSection\":[\"FSE-PSOE\"],\"inLanguage\":\"ca\"},{\"@type\":\"WebPage\",\"@id\":\"https:\/\/www.psib-psoe.org\/eivissa\/el-psoe-participa-en-la-manifestacion-del-8m-en-eivissa-con-la-reivindicacion-de-politicas-de-igualdad-contra-la-violencia-machista-y-por-la-abolicion-de-la-prostitucion\/\",\"url\":\"https:\/\/www.psib-psoe.org\/eivissa\/el-psoe-participa-en-la-manifestacion-del-8m-en-eivissa-con-la-reivindicacion-de-politicas-de-igualdad-contra-la-violencia-machista-y-por-la-abolicion-de-la-prostitucion\/\",\"name\":\"El PSOE participa en la manifestaci\u00f3n del 8M en Eivissa con la reivindicaci\u00f3n de pol\u00edticas de igualdad, contra la violencia machista y por la abolici\u00f3n de la prostituci\u00f3n - Federaci\u00f3 Socialista d&#039;Eivissa\",\"isPartOf\":{\"@id\":\"https:\/\/www.psib-psoe.org\/eivissa\/#website\"},\"primaryImageOfPage\":{\"@id\":\"https:\/\/www.psib-psoe.org\/eivissa\/el-psoe-participa-en-la-manifestacion-del-8m-en-eivissa-con-la-reivindicacion-de-politicas-de-igualdad-contra-la-violencia-machista-y-por-la-abolicion-de-la-prostitucion\/#primaryimage\"},\"image\":{\"@id\":\"https:\/\/www.psib-psoe.org\/eivissa\/el-psoe-participa-en-la-manifestacion-del-8m-en-eivissa-con-la-reivindicacion-de-politicas-de-igualdad-contra-la-violencia-machista-y-por-la-abolicion-de-la-prostitucion\/#primaryimage\"},\"thumbnailUrl\":\"https:\/\/www.psib-psoe.org\/eivissa\/wp-content\/uploads\/8CA7703F-EEFA-4C21-9DAD-B5177BE19807.jpeg\",\"datePublished\":\"2022-03-24T06:30:18+00:00\",\"dateModified\":\"2022-03-25T08:38:21+00:00\",\"breadcrumb\":{\"@id\":\"https:\/\/www.psib-psoe.org\/eivissa\/el-psoe-participa-en-la-manifestacion-del-8m-en-eivissa-con-la-reivindicacion-de-politicas-de-igualdad-contra-la-violencia-machista-y-por-la-abolicion-de-la-prostitucion\/#breadcrumb\"},\"inLanguage\":\"ca\",\"potentialAction\":[{\"@type\":\"ReadAction\",\"target\":[\"https:\/\/www.psib-psoe.org\/eivissa\/el-psoe-participa-en-la-manifestacion-del-8m-en-eivissa-con-la-reivindicacion-de-politicas-de-igualdad-contra-la-violencia-machista-y-por-la-abolicion-de-la-prostitucion\/\"]}]},{\"@type\":\"ImageObject\",\"inLanguage\":\"ca\",\"@id\":\"https:\/\/www.psib-psoe.org\/eivissa\/el-psoe-participa-en-la-manifestacion-del-8m-en-eivissa-con-la-reivindicacion-de-politicas-de-igualdad-contra-la-violencia-machista-y-por-la-abolicion-de-la-prostitucion\/#primaryimage\",\"url\":\"https:\/\/www.psib-psoe.org\/eivissa\/wp-content\/uploads\/8CA7703F-EEFA-4C21-9DAD-B5177BE19807.jpeg\",\"contentUrl\":\"https:\/\/www.psib-psoe.org\/eivissa\/wp-content\/uploads\/8CA7703F-EEFA-4C21-9DAD-B5177BE19807.jpeg\",\"width\":4032,\"height\":3024},{\"@type\":\"BreadcrumbList\",\"@id\":\"https:\/\/www.psib-psoe.org\/eivissa\/el-psoe-participa-en-la-manifestacion-del-8m-en-eivissa-con-la-reivindicacion-de-politicas-de-igualdad-contra-la-violencia-machista-y-por-la-abolicion-de-la-prostitucion\/#breadcrumb\",\"itemListElement\":[{\"@type\":\"ListItem\",\"position\":1,\"name\":\"Inici\",\"item\":\"https:\/\/www.psib-psoe.org\/eivissa\/\"},{\"@type\":\"ListItem\",\"position\":2,\"name\":\"El PSOE participa en la manifestaci\u00f3n del 8M en Eivissa con la reivindicaci\u00f3n de pol\u00edticas de igualdad, contra la violencia machista y por la abolici\u00f3n de la prostituci\u00f3n\"}]},{\"@type\":\"WebSite\",\"@id\":\"https:\/\/www.psib-psoe.org\/eivissa\/#website\",\"url\":\"https:\/\/www.psib-psoe.org\/eivissa\/\",\"name\":\"Federaci\u00f3 Socialista d'Eivissa\",\"description\":\"Socialistes d&#039;Eivissa\",\"publisher\":{\"@id\":\"https:\/\/www.psib-psoe.org\/eivissa\/#organization\"},\"potentialAction\":[{\"@type\":\"SearchAction\",\"target\":{\"@type\":\"EntryPoint\",\"urlTemplate\":\"https:\/\/www.psib-psoe.org\/eivissa\/?s={search_term_string}\"},\"query-input\":{\"@type\":\"PropertyValueSpecification\",\"valueRequired\":true,\"valueName\":\"search_term_string\"}}],\"inLanguage\":\"ca\"},{\"@type\":\"Organization\",\"@id\":\"https:\/\/www.psib-psoe.org\/eivissa\/#organization\",\"name\":\"Federaci\u00f3 Socialista d'Eivissa\",\"url\":\"https:\/\/www.psib-psoe.org\/eivissa\/\",\"logo\":{\"@type\":\"ImageObject\",\"inLanguage\":\"ca\",\"@id\":\"https:\/\/www.psib-psoe.org\/eivissa\/#\/schema\/logo\/image\/\",\"url\":\"https:\/\/www.psib-psoe.org\/eivissa\/wp-content\/uploads\/LOGO-FSE-SOCIALISTA-DEIVISSA-HORI.png\",\"contentUrl\":\"https:\/\/www.psib-psoe.org\/eivissa\/wp-content\/uploads\/LOGO-FSE-SOCIALISTA-DEIVISSA-HORI.png\",\"width\":6000,\"height\":3104,\"caption\":\"Federaci\u00f3 Socialista d'Eivissa\"},\"image\":{\"@id\":\"https:\/\/www.psib-psoe.org\/eivissa\/#\/schema\/logo\/image\/\"}},{\"@type\":\"Person\",\"@id\":\"https:\/\/www.psib-psoe.org\/eivissa\/#\/schema\/person\/7a9d2841fb36f32e34fc0e9b245e8117\",\"name\":\"Josep Ripoll\",\"sameAs\":[\"http:\/\/www.psib-psoe.org\/eivissa\/wp-login.php\"],\"url\":\"https:\/\/www.psib-psoe.org\/eivissa\/author\/josep\/\"}]}<\/script>\n<!-- \/ Yoast SEO plugin. -->","yoast_head_json":{"title":"El PSOE participa en la manifestaci\u00f3n del 8M en Eivissa con la reivindicaci\u00f3n de pol\u00edticas de igualdad, contra la violencia machista y por la abolici\u00f3n de la prostituci\u00f3n - Federaci\u00f3 Socialista d&#039;Eivissa","robots":{"index":"index","follow":"follow","max-snippet":"max-snippet:-1","max-image-preview":"max-image-preview:large","max-video-preview":"max-video-preview:-1"},"canonical":"https:\/\/www.psib-psoe.org\/eivissa\/el-psoe-participa-en-la-manifestacion-del-8m-en-eivissa-con-la-reivindicacion-de-politicas-de-igualdad-contra-la-violencia-machista-y-por-la-abolicion-de-la-prostitucion\/","og_locale":"ca_ES","og_type":"article","og_title":"El PSOE participa en la manifestaci\u00f3n del 8M en Eivissa con la reivindicaci\u00f3n de pol\u00edticas de igualdad, contra la violencia machista y por la abolici\u00f3n de la prostituci\u00f3n - Federaci\u00f3 Socialista d&#039;Eivissa","og_description":"La Federaci\u00f3n Socialista de Eivissa particip\u00f3 en la manifestaci\u00f3n del 8 de Marzo, D\u00eda Internacional de las Mujeres, con la reivindicaci\u00f3n de pol\u00edticas de igualdad, contra la violencia machista y por la abolici\u00f3n de la prostituci\u00f3n. La marcha, que comenz\u00f3 a las 18.30 horas en el parque de la Paz de Eivissa y recorri\u00f3 el&hellip;","og_url":"https:\/\/www.psib-psoe.org\/eivissa\/el-psoe-participa-en-la-manifestacion-del-8m-en-eivissa-con-la-reivindicacion-de-politicas-de-igualdad-contra-la-violencia-machista-y-por-la-abolicion-de-la-prostitucion\/","og_site_name":"Federaci\u00f3 Socialista d&#039;Eivissa","article_published_time":"2022-03-24T06:30:18+00:00","article_modified_time":"2022-03-25T08:38:21+00:00","og_image":[{"width":1024,"height":768,"url":"https:\/\/www.psib-psoe.org\/eivissa\/wp-content\/uploads\/8CA7703F-EEFA-4C21-9DAD-B5177BE19807-1024x768.jpeg","type":"image\/jpeg"}],"author":"Josep Ripoll","twitter_card":"summary_large_image","twitter_misc":{"Escrit per":"Josep Ripoll","Temps estimat de lectura":"1 minut"},"schema":{"@context":"https:\/\/schema.org","@graph":[{"@type":["Article","BlogPosting"],"@id":"https:\/\/www.psib-psoe.org\/eivissa\/el-psoe-participa-en-la-manifestacion-del-8m-en-eivissa-con-la-reivindicacion-de-politicas-de-igualdad-contra-la-violencia-machista-y-por-la-abolicion-de-la-prostitucion\/#article","isPartOf":{"@id":"https:\/\/www.psib-psoe.org\/eivissa\/el-psoe-participa-en-la-manifestacion-del-8m-en-eivissa-con-la-reivindicacion-de-politicas-de-igualdad-contra-la-violencia-machista-y-por-la-abolicion-de-la-prostitucion\/"},"author":{"name":"Josep Ripoll","@id":"https:\/\/www.psib-psoe.org\/eivissa\/#\/schema\/person\/7a9d2841fb36f32e34fc0e9b245e8117"},"headline":"El PSOE participa en la manifestaci\u00f3n del 8M en Eivissa con la reivindicaci\u00f3n de pol\u00edticas de igualdad, contra la violencia machista y por la abolici\u00f3n de la prostituci\u00f3n","datePublished":"2022-03-24T06:30:18+00:00","dateModified":"2022-03-25T08:38:21+00:00","mainEntityOfPage":{"@id":"https:\/\/www.psib-psoe.org\/eivissa\/el-psoe-participa-en-la-manifestacion-del-8m-en-eivissa-con-la-reivindicacion-de-politicas-de-igualdad-contra-la-violencia-machista-y-por-la-abolicion-de-la-prostitucion\/"},"wordCount":328,"publisher":{"@id":"https:\/\/www.psib-psoe.org\/eivissa\/#organization"},"image":{"@id":"https:\/\/www.psib-psoe.org\/eivissa\/el-psoe-participa-en-la-manifestacion-del-8m-en-eivissa-con-la-reivindicacion-de-politicas-de-igualdad-contra-la-violencia-machista-y-por-la-abolicion-de-la-prostitucion\/#primaryimage"},"thumbnailUrl":"https:\/\/www.psib-psoe.org\/eivissa\/wp-content\/uploads\/8CA7703F-EEFA-4C21-9DAD-B5177BE19807.jpeg","articleSection":["FSE-PSOE"],"inLanguage":"ca"},{"@type":"WebPage","@id":"https:\/\/www.psib-psoe.org\/eivissa\/el-psoe-participa-en-la-manifestacion-del-8m-en-eivissa-con-la-reivindicacion-de-politicas-de-igualdad-contra-la-violencia-machista-y-por-la-abolicion-de-la-prostitucion\/","url":"https:\/\/www.psib-psoe.org\/eivissa\/el-psoe-participa-en-la-manifestacion-del-8m-en-eivissa-con-la-reivindicacion-de-politicas-de-igualdad-contra-la-violencia-machista-y-por-la-abolicion-de-la-prostitucion\/","name":"El PSOE participa en la manifestaci\u00f3n del 8M en Eivissa con la reivindicaci\u00f3n de pol\u00edticas de igualdad, contra la violencia machista y por la abolici\u00f3n de la prostituci\u00f3n - Federaci\u00f3 Socialista d&#039;Eivissa","isPartOf":{"@id":"https:\/\/www.psib-psoe.org\/eivissa\/#website"},"primaryImageOfPage":{"@id":"https:\/\/www.psib-psoe.org\/eivissa\/el-psoe-participa-en-la-manifestacion-del-8m-en-eivissa-con-la-reivindicacion-de-politicas-de-igualdad-contra-la-violencia-machista-y-por-la-abolicion-de-la-prostitucion\/#primaryimage"},"image":{"@id":"https:\/\/www.psib-psoe.org\/eivissa\/el-psoe-participa-en-la-manifestacion-del-8m-en-eivissa-con-la-reivindicacion-de-politicas-de-igualdad-contra-la-violencia-machista-y-por-la-abolicion-de-la-prostitucion\/#primaryimage"},"thumbnailUrl":"https:\/\/www.psib-psoe.org\/eivissa\/wp-content\/uploads\/8CA7703F-EEFA-4C21-9DAD-B5177BE19807.jpeg","datePublished":"2022-03-24T06:30:18+00:00","dateModified":"2022-03-25T08:38:21+00:00","breadcrumb":{"@id":"https:\/\/www.psib-psoe.org\/eivissa\/el-psoe-participa-en-la-manifestacion-del-8m-en-eivissa-con-la-reivindicacion-de-politicas-de-igualdad-contra-la-violencia-machista-y-por-la-abolicion-de-la-prostitucion\/#breadcrumb"},"inLanguage":"ca","potentialAction":[{"@type":"ReadAction","target":["https:\/\/www.psib-psoe.org\/eivissa\/el-psoe-participa-en-la-manifestacion-del-8m-en-eivissa-con-la-reivindicacion-de-politicas-de-igualdad-contra-la-violencia-machista-y-por-la-abolicion-de-la-prostitucion\/"]}]},{"@type":"ImageObject","inLanguage":"ca","@id":"https:\/\/www.psib-psoe.org\/eivissa\/el-psoe-participa-en-la-manifestacion-del-8m-en-eivissa-con-la-reivindicacion-de-politicas-de-igualdad-contra-la-violencia-machista-y-por-la-abolicion-de-la-prostitucion\/#primaryimage","url":"https:\/\/www.psib-psoe.org\/eivissa\/wp-content\/uploads\/8CA7703F-EEFA-4C21-9DAD-B5177BE19807.jpeg","contentUrl":"https:\/\/www.psib-psoe.org\/eivissa\/wp-content\/uploads\/8CA7703F-EEFA-4C21-9DAD-B5177BE19807.jpeg","width":4032,"height":3024},{"@type":"BreadcrumbList","@id":"https:\/\/www.psib-psoe.org\/eivissa\/el-psoe-participa-en-la-manifestacion-del-8m-en-eivissa-con-la-reivindicacion-de-politicas-de-igualdad-contra-la-violencia-machista-y-por-la-abolicion-de-la-prostitucion\/#breadcrumb","itemListElement":[{"@type":"ListItem","position":1,"name":"Inici","item":"https:\/\/www.psib-psoe.org\/eivissa\/"},{"@type":"ListItem","position":2,"name":"El PSOE participa en la manifestaci\u00f3n del 8M en Eivissa con la reivindicaci\u00f3n de pol\u00edticas de igualdad, contra la violencia machista y por la abolici\u00f3n de la prostituci\u00f3n"}]},{"@type":"WebSite","@id":"https:\/\/www.psib-psoe.org\/eivissa\/#website","url":"https:\/\/www.psib-psoe.org\/eivissa\/","name":"Federaci\u00f3 Socialista d'Eivissa","description":"Socialistes d&#039;Eivissa","publisher":{"@id":"https:\/\/www.psib-psoe.org\/eivissa\/#organization"},"potentialAction":[{"@type":"SearchAction","target":{"@type":"EntryPoint","urlTemplate":"https:\/\/www.psib-psoe.org\/eivissa\/?s={search_term_string}"},"query-input":{"@type":"PropertyValueSpecification","valueRequired":true,"valueName":"search_term_string"}}],"inLanguage":"ca"},{"@type":"Organization","@id":"https:\/\/www.psib-psoe.org\/eivissa\/#organization","name":"Federaci\u00f3 Socialista d'Eivissa","url":"https:\/\/www.psib-psoe.org\/eivissa\/","logo":{"@type":"ImageObject","inLanguage":"ca","@id":"https:\/\/www.psib-psoe.org\/eivissa\/#\/schema\/logo\/image\/","url":"https:\/\/www.psib-psoe.org\/eivissa\/wp-content\/uploads\/LOGO-FSE-SOCIALISTA-DEIVISSA-HORI.png","contentUrl":"https:\/\/www.psib-psoe.org\/eivissa\/wp-content\/uploads\/LOGO-FSE-SOCIALISTA-DEIVISSA-HORI.png","width":6000,"height":3104,"caption":"Federaci\u00f3 Socialista d'Eivissa"},"image":{"@id":"https:\/\/www.psib-psoe.org\/eivissa\/#\/schema\/logo\/image\/"}},{"@type":"Person","@id":"https:\/\/www.psib-psoe.org\/eivissa\/#\/schema\/person\/7a9d2841fb36f32e34fc0e9b245e8117","name":"Josep Ripoll","sameAs":["http:\/\/www.psib-psoe.org\/eivissa\/wp-login.php"],"url":"https:\/\/www.psib-psoe.org\/eivissa\/author\/josep\/"}]}},"_links":{"self":[{"href":"https:\/\/www.psib-psoe.org\/eivissa\/wp-json\/wp\/v2\/posts\/35328","targetHints":{"allow":["GET"]}}],"collection":[{"href":"https:\/\/www.psib-psoe.org\/eivissa\/wp-json\/wp\/v2\/posts"}],"about":[{"href":"https:\/\/www.psib-psoe.org\/eivissa\/wp-json\/wp\/v2\/types\/post"}],"author":[{"embeddable":true,"href":"https:\/\/www.psib-psoe.org\/eivissa\/wp-json\/wp\/v2\/users\/7"}],"replies":[{"embeddable":true,"href":"https:\/\/www.psib-psoe.org\/eivissa\/wp-json\/wp\/v2\/comments?post=35328"}],"version-history":[{"count":2,"href":"https:\/\/www.psib-psoe.org\/eivissa\/wp-json\/wp\/v2\/posts\/35328\/revisions"}],"predecessor-version":[{"id":35393,"href":"https:\/\/www.psib-psoe.org\/eivissa\/wp-json\/wp\/v2\/posts\/35328\/revisions\/35393"}],"wp:featuredmedia":[{"embeddable":true,"href":"https:\/\/www.psib-psoe.org\/eivissa\/wp-json\/wp\/v2\/media\/35290"}],"wp:attachment":[{"href":"https:\/\/www.psib-psoe.org\/eivissa\/wp-json\/wp\/v2\/media?parent=35328"}],"wp:term":[{"taxonomy":"category","embeddable":true,"href":"https:\/\/www.psib-psoe.org\/eivissa\/wp-json\/wp\/v2\/categories?post=35328"},{"taxonomy":"post_tag","embeddable":true,"href":"https:\/\/www.psib-psoe.org\/eivissa\/wp-json\/wp\/v2\/tags?post=35328"}],"curies":[{"name":"wp","href":"https:\/\/api.w.org\/{rel}","templated":true}]}}