{"id":35388,"date":"2022-03-24T08:00:38","date_gmt":"2022-03-24T06:00:38","guid":{"rendered":"https:\/\/www.psib-psoe.org\/eivissa\/?p=35388"},"modified":"2022-03-25T10:33:25","modified_gmt":"2022-03-25T08:33:25","slug":"homenaje-a-vicent-tur","status":"publish","type":"post","link":"https:\/\/www.psib-psoe.org\/eivissa\/homenaje-a-vicent-tur\/","title":{"rendered":"Homenaje a Vicent Tur"},"content":{"rendered":"<p>M\u00e1s de un centenar de personas asistieron s\u00e1bado 5 de marzo al acto de homenaje a Vicent Tur Torres, &#8216;Fluix\u00e0&#8217;, organizado por la Federaci\u00f3n Socialista de Eivissa y la Agrupaci\u00f3n Socialista de Sant Joan de Labritja. El acto se hizo en el Centro Social de Sant Lloren\u00e7 de Bal\u00e0fia, pueblo natal de Vicent Tur y cont\u00f3 con la participaci\u00f3n de la secretaria general del PSIB-PSOE y presidenta de las Illes Balears, Francina Armengol, del secretario general de la FSE-PSOE, Josep Mar\u00ed Ribas, y el secretario general de la Agrupaci\u00f3n Socialista de Sant Joan, Pep Torres &#8216;Peret&#8217;. Durante el homenaje tambi\u00e9n intervino el exsecretario general de Federaci\u00f3n Socialista y exdiputado en el Congreso Antoni Costa.<\/p>\n<p>El acto finaliz\u00f3 con la entrega a la hija de Vicent Tur, Neus Tur Bonet, de un retrato de su padre pintado por el artista Patricio Hidalgo.<\/p>\n<p>El homenaje incluy\u00f3 una exposici\u00f3n sobre Vicent Tur, que ahora se puede visitar en la sede de la FSE-PSOE, con un recorrido a trav\u00e9s de diferentes paneles con textos y fotograf\u00edas que explican su vida y su trabajo como docente, as\u00ed como su destacada trayectoria pol\u00edtica al PSOE ibicenco: Vicent Tur fund\u00f3 la Agrupaci\u00f3n Socialista de Sant Joan de Labritja y fue secretario general de la Federaci\u00f3n Socialista Piti\u00fcsa. Como pol\u00edtico ocup\u00f3 diferentes responsabilidades a las instituciones: Fue alcalde de Sant Joan entre el 1987 y\u00a0el 1989; conseller insular y diputado auton\u00f3mico en diferentes etapas entre el 1984 y el 2020; y tambi\u00e9n ocup\u00f3 otras responsabilidades en el Consell Insular d&#8217;Eivissa y en el Govern de les Illes Balears. La exposici\u00f3n recoge un apartado sobre la especial vinculaci\u00f3n de Vicent Tur con el mundo rural.<\/p>\n<p>Vicent Tur falleci\u00f3 el 16 de enero de 2021 a los 61 a\u00f1os. El homenaje se quer\u00eda hacer coincidiendo con el primer cumplea\u00f1os de su p\u00e9rdida, pero se tuvo que aplazar hasta marzo a causa de la elevada incidencia de la Covid que ten\u00edamos en la isla a principios de a\u00f1o.<\/p>\n","protected":false},"excerpt":{"rendered":"<p>M\u00e1s de un centenar de personas asistieron s\u00e1bado 5 de marzo al acto de homenaje a Vicent Tur Torres, &#8216;Fluix\u00e0&#8217;, organizado por la Federaci\u00f3n Socialista de Eivissa y la Agrupaci\u00f3n Socialista de Sant Joan de Labritja. El acto se hizo en el Centro Social de Sant Lloren\u00e7 de Bal\u00e0fia, pueblo natal de Vicent Tur y&hellip;<\/p>\n","protected":false},"author":7,"featured_media":35386,"comment_status":"closed","ping_status":"closed","sticky":false,"template":"","format":"standard","meta":{"footnotes":""},"categories":[212],"tags":[],"class_list":["post-35388","post","type-post","status-publish","format-standard","has-post-thumbnail","hentry","category-fse-psoe"],"yoast_head":"<!-- This site is optimized with the Yoast SEO plugin v26.9 - https:\/\/yoast.com\/product\/yoast-seo-wordpress\/ -->\n<title>Homenaje a Vicent Tur - Federaci\u00f3 Socialista d&#039;Eivissa<\/title>\n<meta name=\"robots\" content=\"index, follow, max-snippet:-1, max-image-preview:large, max-video-preview:-1\" \/>\n<link rel=\"canonical\" href=\"https:\/\/www.psib-psoe.org\/eivissa\/homenaje-a-vicent-tur\/\" \/>\n<meta property=\"og:locale\" content=\"ca_ES\" \/>\n<meta property=\"og:type\" content=\"article\" \/>\n<meta property=\"og:title\" content=\"Homenaje a Vicent Tur - Federaci\u00f3 Socialista d&#039;Eivissa\" \/>\n<meta property=\"og:description\" content=\"M\u00e1s de un centenar de personas asistieron s\u00e1bado 5 de marzo al acto de homenaje a Vicent Tur Torres, &#8216;Fluix\u00e0&#8217;, organizado por la Federaci\u00f3n Socialista de Eivissa y la Agrupaci\u00f3n Socialista de Sant Joan de Labritja. El acto se hizo en el Centro Social de Sant Lloren\u00e7 de Bal\u00e0fia, pueblo natal de Vicent Tur y&hellip;\" \/>\n<meta property=\"og:url\" content=\"https:\/\/www.psib-psoe.org\/eivissa\/homenaje-a-vicent-tur\/\" \/>\n<meta property=\"og:site_name\" content=\"Federaci\u00f3 Socialista d&#039;Eivissa\" \/>\n<meta property=\"article:published_time\" content=\"2022-03-24T06:00:38+00:00\" \/>\n<meta property=\"article:modified_time\" content=\"2022-03-25T08:33:25+00:00\" \/>\n<meta property=\"og:image\" content=\"https:\/\/www.psib-psoe.org\/eivissa\/wp-content\/uploads\/acte-vicent-tur.jpg\" \/>\n\t<meta property=\"og:image:width\" content=\"1920\" \/>\n\t<meta property=\"og:image:height\" content=\"1080\" \/>\n\t<meta property=\"og:image:type\" content=\"image\/jpeg\" \/>\n<meta name=\"author\" content=\"Josep Ripoll\" \/>\n<meta name=\"twitter:card\" content=\"summary_large_image\" \/>\n<meta name=\"twitter:label1\" content=\"Escrit per\" \/>\n\t<meta name=\"twitter:data1\" content=\"Josep Ripoll\" \/>\n\t<meta name=\"twitter:label2\" content=\"Temps estimat de lectura\" \/>\n\t<meta name=\"twitter:data2\" content=\"2 minuts\" \/>\n<script type=\"application\/ld+json\" class=\"yoast-schema-graph\">{\"@context\":\"https:\/\/schema.org\",\"@graph\":[{\"@type\":[\"Article\",\"BlogPosting\"],\"@id\":\"https:\/\/www.psib-psoe.org\/eivissa\/homenaje-a-vicent-tur\/#article\",\"isPartOf\":{\"@id\":\"https:\/\/www.psib-psoe.org\/eivissa\/homenaje-a-vicent-tur\/\"},\"author\":{\"name\":\"Josep Ripoll\",\"@id\":\"https:\/\/www.psib-psoe.org\/eivissa\/#\/schema\/person\/7a9d2841fb36f32e34fc0e9b245e8117\"},\"headline\":\"Homenaje a Vicent Tur\",\"datePublished\":\"2022-03-24T06:00:38+00:00\",\"dateModified\":\"2022-03-25T08:33:25+00:00\",\"mainEntityOfPage\":{\"@id\":\"https:\/\/www.psib-psoe.org\/eivissa\/homenaje-a-vicent-tur\/\"},\"wordCount\":352,\"publisher\":{\"@id\":\"https:\/\/www.psib-psoe.org\/eivissa\/#organization\"},\"image\":{\"@id\":\"https:\/\/www.psib-psoe.org\/eivissa\/homenaje-a-vicent-tur\/#primaryimage\"},\"thumbnailUrl\":\"https:\/\/www.psib-psoe.org\/eivissa\/wp-content\/uploads\/acte-vicent-tur.jpg\",\"articleSection\":[\"FSE-PSOE\"],\"inLanguage\":\"ca\"},{\"@type\":\"WebPage\",\"@id\":\"https:\/\/www.psib-psoe.org\/eivissa\/homenaje-a-vicent-tur\/\",\"url\":\"https:\/\/www.psib-psoe.org\/eivissa\/homenaje-a-vicent-tur\/\",\"name\":\"Homenaje a Vicent Tur - Federaci\u00f3 Socialista d&#039;Eivissa\",\"isPartOf\":{\"@id\":\"https:\/\/www.psib-psoe.org\/eivissa\/#website\"},\"primaryImageOfPage\":{\"@id\":\"https:\/\/www.psib-psoe.org\/eivissa\/homenaje-a-vicent-tur\/#primaryimage\"},\"image\":{\"@id\":\"https:\/\/www.psib-psoe.org\/eivissa\/homenaje-a-vicent-tur\/#primaryimage\"},\"thumbnailUrl\":\"https:\/\/www.psib-psoe.org\/eivissa\/wp-content\/uploads\/acte-vicent-tur.jpg\",\"datePublished\":\"2022-03-24T06:00:38+00:00\",\"dateModified\":\"2022-03-25T08:33:25+00:00\",\"breadcrumb\":{\"@id\":\"https:\/\/www.psib-psoe.org\/eivissa\/homenaje-a-vicent-tur\/#breadcrumb\"},\"inLanguage\":\"ca\",\"potentialAction\":[{\"@type\":\"ReadAction\",\"target\":[\"https:\/\/www.psib-psoe.org\/eivissa\/homenaje-a-vicent-tur\/\"]}]},{\"@type\":\"ImageObject\",\"inLanguage\":\"ca\",\"@id\":\"https:\/\/www.psib-psoe.org\/eivissa\/homenaje-a-vicent-tur\/#primaryimage\",\"url\":\"https:\/\/www.psib-psoe.org\/eivissa\/wp-content\/uploads\/acte-vicent-tur.jpg\",\"contentUrl\":\"https:\/\/www.psib-psoe.org\/eivissa\/wp-content\/uploads\/acte-vicent-tur.jpg\",\"width\":1920,\"height\":1080},{\"@type\":\"BreadcrumbList\",\"@id\":\"https:\/\/www.psib-psoe.org\/eivissa\/homenaje-a-vicent-tur\/#breadcrumb\",\"itemListElement\":[{\"@type\":\"ListItem\",\"position\":1,\"name\":\"Inici\",\"item\":\"https:\/\/www.psib-psoe.org\/eivissa\/\"},{\"@type\":\"ListItem\",\"position\":2,\"name\":\"Homenaje a Vicent Tur\"}]},{\"@type\":\"WebSite\",\"@id\":\"https:\/\/www.psib-psoe.org\/eivissa\/#website\",\"url\":\"https:\/\/www.psib-psoe.org\/eivissa\/\",\"name\":\"Federaci\u00f3 Socialista d'Eivissa\",\"description\":\"Socialistes d&#039;Eivissa\",\"publisher\":{\"@id\":\"https:\/\/www.psib-psoe.org\/eivissa\/#organization\"},\"potentialAction\":[{\"@type\":\"SearchAction\",\"target\":{\"@type\":\"EntryPoint\",\"urlTemplate\":\"https:\/\/www.psib-psoe.org\/eivissa\/?s={search_term_string}\"},\"query-input\":{\"@type\":\"PropertyValueSpecification\",\"valueRequired\":true,\"valueName\":\"search_term_string\"}}],\"inLanguage\":\"ca\"},{\"@type\":\"Organization\",\"@id\":\"https:\/\/www.psib-psoe.org\/eivissa\/#organization\",\"name\":\"Federaci\u00f3 Socialista d'Eivissa\",\"url\":\"https:\/\/www.psib-psoe.org\/eivissa\/\",\"logo\":{\"@type\":\"ImageObject\",\"inLanguage\":\"ca\",\"@id\":\"https:\/\/www.psib-psoe.org\/eivissa\/#\/schema\/logo\/image\/\",\"url\":\"https:\/\/www.psib-psoe.org\/eivissa\/wp-content\/uploads\/LOGO-FSE-SOCIALISTA-DEIVISSA-HORI.png\",\"contentUrl\":\"https:\/\/www.psib-psoe.org\/eivissa\/wp-content\/uploads\/LOGO-FSE-SOCIALISTA-DEIVISSA-HORI.png\",\"width\":6000,\"height\":3104,\"caption\":\"Federaci\u00f3 Socialista d'Eivissa\"},\"image\":{\"@id\":\"https:\/\/www.psib-psoe.org\/eivissa\/#\/schema\/logo\/image\/\"}},{\"@type\":\"Person\",\"@id\":\"https:\/\/www.psib-psoe.org\/eivissa\/#\/schema\/person\/7a9d2841fb36f32e34fc0e9b245e8117\",\"name\":\"Josep Ripoll\",\"sameAs\":[\"http:\/\/www.psib-psoe.org\/eivissa\/wp-login.php\"],\"url\":\"https:\/\/www.psib-psoe.org\/eivissa\/author\/josep\/\"}]}<\/script>\n<!-- \/ Yoast SEO plugin. -->","yoast_head_json":{"title":"Homenaje a Vicent Tur - Federaci\u00f3 Socialista d&#039;Eivissa","robots":{"index":"index","follow":"follow","max-snippet":"max-snippet:-1","max-image-preview":"max-image-preview:large","max-video-preview":"max-video-preview:-1"},"canonical":"https:\/\/www.psib-psoe.org\/eivissa\/homenaje-a-vicent-tur\/","og_locale":"ca_ES","og_type":"article","og_title":"Homenaje a Vicent Tur - Federaci\u00f3 Socialista d&#039;Eivissa","og_description":"M\u00e1s de un centenar de personas asistieron s\u00e1bado 5 de marzo al acto de homenaje a Vicent Tur Torres, &#8216;Fluix\u00e0&#8217;, organizado por la Federaci\u00f3n Socialista de Eivissa y la Agrupaci\u00f3n Socialista de Sant Joan de Labritja. El acto se hizo en el Centro Social de Sant Lloren\u00e7 de Bal\u00e0fia, pueblo natal de Vicent Tur y&hellip;","og_url":"https:\/\/www.psib-psoe.org\/eivissa\/homenaje-a-vicent-tur\/","og_site_name":"Federaci\u00f3 Socialista d&#039;Eivissa","article_published_time":"2022-03-24T06:00:38+00:00","article_modified_time":"2022-03-25T08:33:25+00:00","og_image":[{"width":1920,"height":1080,"url":"https:\/\/www.psib-psoe.org\/eivissa\/wp-content\/uploads\/acte-vicent-tur.jpg","type":"image\/jpeg"}],"author":"Josep Ripoll","twitter_card":"summary_large_image","twitter_misc":{"Escrit per":"Josep Ripoll","Temps estimat de lectura":"2 minuts"},"schema":{"@context":"https:\/\/schema.org","@graph":[{"@type":["Article","BlogPosting"],"@id":"https:\/\/www.psib-psoe.org\/eivissa\/homenaje-a-vicent-tur\/#article","isPartOf":{"@id":"https:\/\/www.psib-psoe.org\/eivissa\/homenaje-a-vicent-tur\/"},"author":{"name":"Josep Ripoll","@id":"https:\/\/www.psib-psoe.org\/eivissa\/#\/schema\/person\/7a9d2841fb36f32e34fc0e9b245e8117"},"headline":"Homenaje a Vicent Tur","datePublished":"2022-03-24T06:00:38+00:00","dateModified":"2022-03-25T08:33:25+00:00","mainEntityOfPage":{"@id":"https:\/\/www.psib-psoe.org\/eivissa\/homenaje-a-vicent-tur\/"},"wordCount":352,"publisher":{"@id":"https:\/\/www.psib-psoe.org\/eivissa\/#organization"},"image":{"@id":"https:\/\/www.psib-psoe.org\/eivissa\/homenaje-a-vicent-tur\/#primaryimage"},"thumbnailUrl":"https:\/\/www.psib-psoe.org\/eivissa\/wp-content\/uploads\/acte-vicent-tur.jpg","articleSection":["FSE-PSOE"],"inLanguage":"ca"},{"@type":"WebPage","@id":"https:\/\/www.psib-psoe.org\/eivissa\/homenaje-a-vicent-tur\/","url":"https:\/\/www.psib-psoe.org\/eivissa\/homenaje-a-vicent-tur\/","name":"Homenaje a Vicent Tur - Federaci\u00f3 Socialista d&#039;Eivissa","isPartOf":{"@id":"https:\/\/www.psib-psoe.org\/eivissa\/#website"},"primaryImageOfPage":{"@id":"https:\/\/www.psib-psoe.org\/eivissa\/homenaje-a-vicent-tur\/#primaryimage"},"image":{"@id":"https:\/\/www.psib-psoe.org\/eivissa\/homenaje-a-vicent-tur\/#primaryimage"},"thumbnailUrl":"https:\/\/www.psib-psoe.org\/eivissa\/wp-content\/uploads\/acte-vicent-tur.jpg","datePublished":"2022-03-24T06:00:38+00:00","dateModified":"2022-03-25T08:33:25+00:00","breadcrumb":{"@id":"https:\/\/www.psib-psoe.org\/eivissa\/homenaje-a-vicent-tur\/#breadcrumb"},"inLanguage":"ca","potentialAction":[{"@type":"ReadAction","target":["https:\/\/www.psib-psoe.org\/eivissa\/homenaje-a-vicent-tur\/"]}]},{"@type":"ImageObject","inLanguage":"ca","@id":"https:\/\/www.psib-psoe.org\/eivissa\/homenaje-a-vicent-tur\/#primaryimage","url":"https:\/\/www.psib-psoe.org\/eivissa\/wp-content\/uploads\/acte-vicent-tur.jpg","contentUrl":"https:\/\/www.psib-psoe.org\/eivissa\/wp-content\/uploads\/acte-vicent-tur.jpg","width":1920,"height":1080},{"@type":"BreadcrumbList","@id":"https:\/\/www.psib-psoe.org\/eivissa\/homenaje-a-vicent-tur\/#breadcrumb","itemListElement":[{"@type":"ListItem","position":1,"name":"Inici","item":"https:\/\/www.psib-psoe.org\/eivissa\/"},{"@type":"ListItem","position":2,"name":"Homenaje a Vicent Tur"}]},{"@type":"WebSite","@id":"https:\/\/www.psib-psoe.org\/eivissa\/#website","url":"https:\/\/www.psib-psoe.org\/eivissa\/","name":"Federaci\u00f3 Socialista d'Eivissa","description":"Socialistes d&#039;Eivissa","publisher":{"@id":"https:\/\/www.psib-psoe.org\/eivissa\/#organization"},"potentialAction":[{"@type":"SearchAction","target":{"@type":"EntryPoint","urlTemplate":"https:\/\/www.psib-psoe.org\/eivissa\/?s={search_term_string}"},"query-input":{"@type":"PropertyValueSpecification","valueRequired":true,"valueName":"search_term_string"}}],"inLanguage":"ca"},{"@type":"Organization","@id":"https:\/\/www.psib-psoe.org\/eivissa\/#organization","name":"Federaci\u00f3 Socialista d'Eivissa","url":"https:\/\/www.psib-psoe.org\/eivissa\/","logo":{"@type":"ImageObject","inLanguage":"ca","@id":"https:\/\/www.psib-psoe.org\/eivissa\/#\/schema\/logo\/image\/","url":"https:\/\/www.psib-psoe.org\/eivissa\/wp-content\/uploads\/LOGO-FSE-SOCIALISTA-DEIVISSA-HORI.png","contentUrl":"https:\/\/www.psib-psoe.org\/eivissa\/wp-content\/uploads\/LOGO-FSE-SOCIALISTA-DEIVISSA-HORI.png","width":6000,"height":3104,"caption":"Federaci\u00f3 Socialista d'Eivissa"},"image":{"@id":"https:\/\/www.psib-psoe.org\/eivissa\/#\/schema\/logo\/image\/"}},{"@type":"Person","@id":"https:\/\/www.psib-psoe.org\/eivissa\/#\/schema\/person\/7a9d2841fb36f32e34fc0e9b245e8117","name":"Josep Ripoll","sameAs":["http:\/\/www.psib-psoe.org\/eivissa\/wp-login.php"],"url":"https:\/\/www.psib-psoe.org\/eivissa\/author\/josep\/"}]}},"_links":{"self":[{"href":"https:\/\/www.psib-psoe.org\/eivissa\/wp-json\/wp\/v2\/posts\/35388","targetHints":{"allow":["GET"]}}],"collection":[{"href":"https:\/\/www.psib-psoe.org\/eivissa\/wp-json\/wp\/v2\/posts"}],"about":[{"href":"https:\/\/www.psib-psoe.org\/eivissa\/wp-json\/wp\/v2\/types\/post"}],"author":[{"embeddable":true,"href":"https:\/\/www.psib-psoe.org\/eivissa\/wp-json\/wp\/v2\/users\/7"}],"replies":[{"embeddable":true,"href":"https:\/\/www.psib-psoe.org\/eivissa\/wp-json\/wp\/v2\/comments?post=35388"}],"version-history":[{"count":3,"href":"https:\/\/www.psib-psoe.org\/eivissa\/wp-json\/wp\/v2\/posts\/35388\/revisions"}],"predecessor-version":[{"id":35391,"href":"https:\/\/www.psib-psoe.org\/eivissa\/wp-json\/wp\/v2\/posts\/35388\/revisions\/35391"}],"wp:featuredmedia":[{"embeddable":true,"href":"https:\/\/www.psib-psoe.org\/eivissa\/wp-json\/wp\/v2\/media\/35386"}],"wp:attachment":[{"href":"https:\/\/www.psib-psoe.org\/eivissa\/wp-json\/wp\/v2\/media?parent=35388"}],"wp:term":[{"taxonomy":"category","embeddable":true,"href":"https:\/\/www.psib-psoe.org\/eivissa\/wp-json\/wp\/v2\/categories?post=35388"},{"taxonomy":"post_tag","embeddable":true,"href":"https:\/\/www.psib-psoe.org\/eivissa\/wp-json\/wp\/v2\/tags?post=35388"}],"curies":[{"name":"wp","href":"https:\/\/api.w.org\/{rel}","templated":true}]}}