{"id":35398,"date":"2022-03-25T10:00:34","date_gmt":"2022-03-25T08:00:34","guid":{"rendered":"https:\/\/www.psib-psoe.org\/eivissa\/?p=35398"},"modified":"2022-03-25T11:13:09","modified_gmt":"2022-03-25T09:13:09","slug":"comision-ejecutiva-el-secretario-general-afirma-que-tenemos-que-estar-junto-a-las-personas-que-pasan-mas-dificultades-ante-la-nueva-crisis-provocada-por-el-incremento-de-precios","status":"publish","type":"post","link":"https:\/\/www.psib-psoe.org\/eivissa\/comision-ejecutiva-el-secretario-general-afirma-que-tenemos-que-estar-junto-a-las-personas-que-pasan-mas-dificultades-ante-la-nueva-crisis-provocada-por-el-incremento-de-precios\/","title":{"rendered":"Comisi\u00f3n Ejecutiva: El secretario general afirma que &#8220;tenemos que estar junto a las personas que pasan m\u00e1s dificultades&#8221;, ante la nueva crisis provocada por el incremento de precios"},"content":{"rendered":"<p>La Comisi\u00f3n Ejecutiva de la Federaci\u00f3n Socialista de Eivissa ha hecho una valoraci\u00f3n de la actual crisis de precios agraviada por el ataque de Putin a Ucrania. El secretario general, Josep Mar\u00ed Ribas, ha explicado que &#8220;estamos muy pendientes de lo que pueda pasar en el exterior&#8221; y que el trabajo del PSOE en las instituciones p\u00fablicas ser\u00e1 &#8220;apoyar a las personas que pasan m\u00e1s dificultades&#8221;. Un compromiso socialista &#8220;como hemos hecho durante la pandemia y como haremos tambi\u00e9n ahora, abordando una crisis important\u00edsima y que esperamos que sea superada pronto&#8221;.<\/p>\n<p>El PSOE ha manifestado una vez m\u00e1s su apoyo en el pueblo de Ucrania y pide a la diplomacia &#8220;que haga esfuerzos&#8221; porque se pueda poner fin a una situaci\u00f3n &#8220;muy compleja y que est\u00e1 destruyendo muchas vidas humanas&#8221;.<\/p>\n<p>Una guerra que est\u00e1 teniendo graves repercusiones en los aspectos econ\u00f3micos: &#8220;Estamos ante otro reto para el sistema econ\u00f3mico, con una alza de precios que tiene una afectaci\u00f3n a todas las fuentes de producci\u00f3n, sean de materiales o sean de transportes&#8221;. Mar\u00ed Ribas se ha referido al conflicto de los transportistas, destacando que &#8220;en las Illes Baleares ha habido un comportamiento mod\u00e9lico de los empresarios&#8221;, cosa que ha permitido &#8220;una negociaci\u00f3n para llegar a acuerdos&#8221; y que conf\u00eda que tambi\u00e9n se logren en el conjunto del Estado.<\/p>\n","protected":false},"excerpt":{"rendered":"<p>La Comisi\u00f3n Ejecutiva de la Federaci\u00f3n Socialista de Eivissa ha hecho una valoraci\u00f3n de la actual crisis de precios agraviada por el ataque de Putin a Ucrania. El secretario general, Josep Mar\u00ed Ribas, ha explicado que &#8220;estamos muy pendientes de lo que pueda pasar en el exterior&#8221; y que el trabajo del PSOE en las&hellip;<\/p>\n","protected":false},"author":7,"featured_media":35396,"comment_status":"closed","ping_status":"closed","sticky":false,"template":"","format":"standard","meta":{"footnotes":""},"categories":[212],"tags":[],"class_list":["post-35398","post","type-post","status-publish","format-standard","has-post-thumbnail","hentry","category-fse-psoe"],"yoast_head":"<!-- This site is optimized with the Yoast SEO plugin v26.9 - https:\/\/yoast.com\/product\/yoast-seo-wordpress\/ -->\n<title>Comisi\u00f3n Ejecutiva: El secretario general afirma que &quot;tenemos que estar junto a las personas que pasan m\u00e1s dificultades&quot;, ante la nueva crisis provocada por el incremento de precios - Federaci\u00f3 Socialista d&#039;Eivissa<\/title>\n<meta name=\"robots\" content=\"index, follow, max-snippet:-1, max-image-preview:large, max-video-preview:-1\" \/>\n<link rel=\"canonical\" href=\"https:\/\/www.psib-psoe.org\/eivissa\/comision-ejecutiva-el-secretario-general-afirma-que-tenemos-que-estar-junto-a-las-personas-que-pasan-mas-dificultades-ante-la-nueva-crisis-provocada-por-el-incremento-de-precios\/\" \/>\n<meta property=\"og:locale\" content=\"ca_ES\" \/>\n<meta property=\"og:type\" content=\"article\" \/>\n<meta property=\"og:title\" content=\"Comisi\u00f3n Ejecutiva: El secretario general afirma que &quot;tenemos que estar junto a las personas que pasan m\u00e1s dificultades&quot;, ante la nueva crisis provocada por el incremento de precios - Federaci\u00f3 Socialista d&#039;Eivissa\" \/>\n<meta property=\"og:description\" content=\"La Comisi\u00f3n Ejecutiva de la Federaci\u00f3n Socialista de Eivissa ha hecho una valoraci\u00f3n de la actual crisis de precios agraviada por el ataque de Putin a Ucrania. El secretario general, Josep Mar\u00ed Ribas, ha explicado que &#8220;estamos muy pendientes de lo que pueda pasar en el exterior&#8221; y que el trabajo del PSOE en las&hellip;\" \/>\n<meta property=\"og:url\" content=\"https:\/\/www.psib-psoe.org\/eivissa\/comision-ejecutiva-el-secretario-general-afirma-que-tenemos-que-estar-junto-a-las-personas-que-pasan-mas-dificultades-ante-la-nueva-crisis-provocada-por-el-incremento-de-precios\/\" \/>\n<meta property=\"og:site_name\" content=\"Federaci\u00f3 Socialista d&#039;Eivissa\" \/>\n<meta property=\"article:published_time\" content=\"2022-03-25T08:00:34+00:00\" \/>\n<meta property=\"article:modified_time\" content=\"2022-03-25T09:13:09+00:00\" \/>\n<meta property=\"og:image\" content=\"https:\/\/www.psib-psoe.org\/eivissa\/wp-content\/uploads\/comissio-executiva.jpg\" \/>\n\t<meta property=\"og:image:width\" content=\"1920\" \/>\n\t<meta property=\"og:image:height\" content=\"1080\" \/>\n\t<meta property=\"og:image:type\" content=\"image\/jpeg\" \/>\n<meta name=\"author\" content=\"Josep Ripoll\" \/>\n<meta name=\"twitter:card\" content=\"summary_large_image\" \/>\n<meta name=\"twitter:label1\" content=\"Escrit per\" \/>\n\t<meta name=\"twitter:data1\" content=\"Josep Ripoll\" \/>\n\t<meta name=\"twitter:label2\" content=\"Temps estimat de lectura\" \/>\n\t<meta name=\"twitter:data2\" content=\"1 minut\" \/>\n<script type=\"application\/ld+json\" class=\"yoast-schema-graph\">{\"@context\":\"https:\/\/schema.org\",\"@graph\":[{\"@type\":[\"Article\",\"BlogPosting\"],\"@id\":\"https:\/\/www.psib-psoe.org\/eivissa\/comision-ejecutiva-el-secretario-general-afirma-que-tenemos-que-estar-junto-a-las-personas-que-pasan-mas-dificultades-ante-la-nueva-crisis-provocada-por-el-incremento-de-precios\/#article\",\"isPartOf\":{\"@id\":\"https:\/\/www.psib-psoe.org\/eivissa\/comision-ejecutiva-el-secretario-general-afirma-que-tenemos-que-estar-junto-a-las-personas-que-pasan-mas-dificultades-ante-la-nueva-crisis-provocada-por-el-incremento-de-precios\/\"},\"author\":{\"name\":\"Josep Ripoll\",\"@id\":\"https:\/\/www.psib-psoe.org\/eivissa\/#\/schema\/person\/7a9d2841fb36f32e34fc0e9b245e8117\"},\"headline\":\"Comisi\u00f3n Ejecutiva: El secretario general afirma que &#8220;tenemos que estar junto a las personas que pasan m\u00e1s dificultades&#8221;, ante la nueva crisis provocada por el incremento de precios\",\"datePublished\":\"2022-03-25T08:00:34+00:00\",\"dateModified\":\"2022-03-25T09:13:09+00:00\",\"mainEntityOfPage\":{\"@id\":\"https:\/\/www.psib-psoe.org\/eivissa\/comision-ejecutiva-el-secretario-general-afirma-que-tenemos-que-estar-junto-a-las-personas-que-pasan-mas-dificultades-ante-la-nueva-crisis-provocada-por-el-incremento-de-precios\/\"},\"wordCount\":264,\"publisher\":{\"@id\":\"https:\/\/www.psib-psoe.org\/eivissa\/#organization\"},\"image\":{\"@id\":\"https:\/\/www.psib-psoe.org\/eivissa\/comision-ejecutiva-el-secretario-general-afirma-que-tenemos-que-estar-junto-a-las-personas-que-pasan-mas-dificultades-ante-la-nueva-crisis-provocada-por-el-incremento-de-precios\/#primaryimage\"},\"thumbnailUrl\":\"https:\/\/www.psib-psoe.org\/eivissa\/wp-content\/uploads\/comissio-executiva.jpg\",\"articleSection\":[\"FSE-PSOE\"],\"inLanguage\":\"ca\"},{\"@type\":\"WebPage\",\"@id\":\"https:\/\/www.psib-psoe.org\/eivissa\/comision-ejecutiva-el-secretario-general-afirma-que-tenemos-que-estar-junto-a-las-personas-que-pasan-mas-dificultades-ante-la-nueva-crisis-provocada-por-el-incremento-de-precios\/\",\"url\":\"https:\/\/www.psib-psoe.org\/eivissa\/comision-ejecutiva-el-secretario-general-afirma-que-tenemos-que-estar-junto-a-las-personas-que-pasan-mas-dificultades-ante-la-nueva-crisis-provocada-por-el-incremento-de-precios\/\",\"name\":\"Comisi\u00f3n Ejecutiva: El secretario general afirma que \\\"tenemos que estar junto a las personas que pasan m\u00e1s dificultades\\\", ante la nueva crisis provocada por el incremento de precios - Federaci\u00f3 Socialista d&#039;Eivissa\",\"isPartOf\":{\"@id\":\"https:\/\/www.psib-psoe.org\/eivissa\/#website\"},\"primaryImageOfPage\":{\"@id\":\"https:\/\/www.psib-psoe.org\/eivissa\/comision-ejecutiva-el-secretario-general-afirma-que-tenemos-que-estar-junto-a-las-personas-que-pasan-mas-dificultades-ante-la-nueva-crisis-provocada-por-el-incremento-de-precios\/#primaryimage\"},\"image\":{\"@id\":\"https:\/\/www.psib-psoe.org\/eivissa\/comision-ejecutiva-el-secretario-general-afirma-que-tenemos-que-estar-junto-a-las-personas-que-pasan-mas-dificultades-ante-la-nueva-crisis-provocada-por-el-incremento-de-precios\/#primaryimage\"},\"thumbnailUrl\":\"https:\/\/www.psib-psoe.org\/eivissa\/wp-content\/uploads\/comissio-executiva.jpg\",\"datePublished\":\"2022-03-25T08:00:34+00:00\",\"dateModified\":\"2022-03-25T09:13:09+00:00\",\"breadcrumb\":{\"@id\":\"https:\/\/www.psib-psoe.org\/eivissa\/comision-ejecutiva-el-secretario-general-afirma-que-tenemos-que-estar-junto-a-las-personas-que-pasan-mas-dificultades-ante-la-nueva-crisis-provocada-por-el-incremento-de-precios\/#breadcrumb\"},\"inLanguage\":\"ca\",\"potentialAction\":[{\"@type\":\"ReadAction\",\"target\":[\"https:\/\/www.psib-psoe.org\/eivissa\/comision-ejecutiva-el-secretario-general-afirma-que-tenemos-que-estar-junto-a-las-personas-que-pasan-mas-dificultades-ante-la-nueva-crisis-provocada-por-el-incremento-de-precios\/\"]}]},{\"@type\":\"ImageObject\",\"inLanguage\":\"ca\",\"@id\":\"https:\/\/www.psib-psoe.org\/eivissa\/comision-ejecutiva-el-secretario-general-afirma-que-tenemos-que-estar-junto-a-las-personas-que-pasan-mas-dificultades-ante-la-nueva-crisis-provocada-por-el-incremento-de-precios\/#primaryimage\",\"url\":\"https:\/\/www.psib-psoe.org\/eivissa\/wp-content\/uploads\/comissio-executiva.jpg\",\"contentUrl\":\"https:\/\/www.psib-psoe.org\/eivissa\/wp-content\/uploads\/comissio-executiva.jpg\",\"width\":1920,\"height\":1080},{\"@type\":\"BreadcrumbList\",\"@id\":\"https:\/\/www.psib-psoe.org\/eivissa\/comision-ejecutiva-el-secretario-general-afirma-que-tenemos-que-estar-junto-a-las-personas-que-pasan-mas-dificultades-ante-la-nueva-crisis-provocada-por-el-incremento-de-precios\/#breadcrumb\",\"itemListElement\":[{\"@type\":\"ListItem\",\"position\":1,\"name\":\"Inici\",\"item\":\"https:\/\/www.psib-psoe.org\/eivissa\/\"},{\"@type\":\"ListItem\",\"position\":2,\"name\":\"Comisi\u00f3n Ejecutiva: El secretario general afirma que &#8220;tenemos que estar junto a las personas que pasan m\u00e1s dificultades&#8221;, ante la nueva crisis provocada por el incremento de precios\"}]},{\"@type\":\"WebSite\",\"@id\":\"https:\/\/www.psib-psoe.org\/eivissa\/#website\",\"url\":\"https:\/\/www.psib-psoe.org\/eivissa\/\",\"name\":\"Federaci\u00f3 Socialista d'Eivissa\",\"description\":\"Socialistes d&#039;Eivissa\",\"publisher\":{\"@id\":\"https:\/\/www.psib-psoe.org\/eivissa\/#organization\"},\"potentialAction\":[{\"@type\":\"SearchAction\",\"target\":{\"@type\":\"EntryPoint\",\"urlTemplate\":\"https:\/\/www.psib-psoe.org\/eivissa\/?s={search_term_string}\"},\"query-input\":{\"@type\":\"PropertyValueSpecification\",\"valueRequired\":true,\"valueName\":\"search_term_string\"}}],\"inLanguage\":\"ca\"},{\"@type\":\"Organization\",\"@id\":\"https:\/\/www.psib-psoe.org\/eivissa\/#organization\",\"name\":\"Federaci\u00f3 Socialista d'Eivissa\",\"url\":\"https:\/\/www.psib-psoe.org\/eivissa\/\",\"logo\":{\"@type\":\"ImageObject\",\"inLanguage\":\"ca\",\"@id\":\"https:\/\/www.psib-psoe.org\/eivissa\/#\/schema\/logo\/image\/\",\"url\":\"https:\/\/www.psib-psoe.org\/eivissa\/wp-content\/uploads\/LOGO-FSE-SOCIALISTA-DEIVISSA-HORI.png\",\"contentUrl\":\"https:\/\/www.psib-psoe.org\/eivissa\/wp-content\/uploads\/LOGO-FSE-SOCIALISTA-DEIVISSA-HORI.png\",\"width\":6000,\"height\":3104,\"caption\":\"Federaci\u00f3 Socialista d'Eivissa\"},\"image\":{\"@id\":\"https:\/\/www.psib-psoe.org\/eivissa\/#\/schema\/logo\/image\/\"}},{\"@type\":\"Person\",\"@id\":\"https:\/\/www.psib-psoe.org\/eivissa\/#\/schema\/person\/7a9d2841fb36f32e34fc0e9b245e8117\",\"name\":\"Josep Ripoll\",\"sameAs\":[\"http:\/\/www.psib-psoe.org\/eivissa\/wp-login.php\"],\"url\":\"https:\/\/www.psib-psoe.org\/eivissa\/author\/josep\/\"}]}<\/script>\n<!-- \/ Yoast SEO plugin. -->","yoast_head_json":{"title":"Comisi\u00f3n Ejecutiva: El secretario general afirma que \"tenemos que estar junto a las personas que pasan m\u00e1s dificultades\", ante la nueva crisis provocada por el incremento de precios - Federaci\u00f3 Socialista d&#039;Eivissa","robots":{"index":"index","follow":"follow","max-snippet":"max-snippet:-1","max-image-preview":"max-image-preview:large","max-video-preview":"max-video-preview:-1"},"canonical":"https:\/\/www.psib-psoe.org\/eivissa\/comision-ejecutiva-el-secretario-general-afirma-que-tenemos-que-estar-junto-a-las-personas-que-pasan-mas-dificultades-ante-la-nueva-crisis-provocada-por-el-incremento-de-precios\/","og_locale":"ca_ES","og_type":"article","og_title":"Comisi\u00f3n Ejecutiva: El secretario general afirma que \"tenemos que estar junto a las personas que pasan m\u00e1s dificultades\", ante la nueva crisis provocada por el incremento de precios - Federaci\u00f3 Socialista d&#039;Eivissa","og_description":"La Comisi\u00f3n Ejecutiva de la Federaci\u00f3n Socialista de Eivissa ha hecho una valoraci\u00f3n de la actual crisis de precios agraviada por el ataque de Putin a Ucrania. El secretario general, Josep Mar\u00ed Ribas, ha explicado que &#8220;estamos muy pendientes de lo que pueda pasar en el exterior&#8221; y que el trabajo del PSOE en las&hellip;","og_url":"https:\/\/www.psib-psoe.org\/eivissa\/comision-ejecutiva-el-secretario-general-afirma-que-tenemos-que-estar-junto-a-las-personas-que-pasan-mas-dificultades-ante-la-nueva-crisis-provocada-por-el-incremento-de-precios\/","og_site_name":"Federaci\u00f3 Socialista d&#039;Eivissa","article_published_time":"2022-03-25T08:00:34+00:00","article_modified_time":"2022-03-25T09:13:09+00:00","og_image":[{"width":1920,"height":1080,"url":"https:\/\/www.psib-psoe.org\/eivissa\/wp-content\/uploads\/comissio-executiva.jpg","type":"image\/jpeg"}],"author":"Josep Ripoll","twitter_card":"summary_large_image","twitter_misc":{"Escrit per":"Josep Ripoll","Temps estimat de lectura":"1 minut"},"schema":{"@context":"https:\/\/schema.org","@graph":[{"@type":["Article","BlogPosting"],"@id":"https:\/\/www.psib-psoe.org\/eivissa\/comision-ejecutiva-el-secretario-general-afirma-que-tenemos-que-estar-junto-a-las-personas-que-pasan-mas-dificultades-ante-la-nueva-crisis-provocada-por-el-incremento-de-precios\/#article","isPartOf":{"@id":"https:\/\/www.psib-psoe.org\/eivissa\/comision-ejecutiva-el-secretario-general-afirma-que-tenemos-que-estar-junto-a-las-personas-que-pasan-mas-dificultades-ante-la-nueva-crisis-provocada-por-el-incremento-de-precios\/"},"author":{"name":"Josep Ripoll","@id":"https:\/\/www.psib-psoe.org\/eivissa\/#\/schema\/person\/7a9d2841fb36f32e34fc0e9b245e8117"},"headline":"Comisi\u00f3n Ejecutiva: El secretario general afirma que &#8220;tenemos que estar junto a las personas que pasan m\u00e1s dificultades&#8221;, ante la nueva crisis provocada por el incremento de precios","datePublished":"2022-03-25T08:00:34+00:00","dateModified":"2022-03-25T09:13:09+00:00","mainEntityOfPage":{"@id":"https:\/\/www.psib-psoe.org\/eivissa\/comision-ejecutiva-el-secretario-general-afirma-que-tenemos-que-estar-junto-a-las-personas-que-pasan-mas-dificultades-ante-la-nueva-crisis-provocada-por-el-incremento-de-precios\/"},"wordCount":264,"publisher":{"@id":"https:\/\/www.psib-psoe.org\/eivissa\/#organization"},"image":{"@id":"https:\/\/www.psib-psoe.org\/eivissa\/comision-ejecutiva-el-secretario-general-afirma-que-tenemos-que-estar-junto-a-las-personas-que-pasan-mas-dificultades-ante-la-nueva-crisis-provocada-por-el-incremento-de-precios\/#primaryimage"},"thumbnailUrl":"https:\/\/www.psib-psoe.org\/eivissa\/wp-content\/uploads\/comissio-executiva.jpg","articleSection":["FSE-PSOE"],"inLanguage":"ca"},{"@type":"WebPage","@id":"https:\/\/www.psib-psoe.org\/eivissa\/comision-ejecutiva-el-secretario-general-afirma-que-tenemos-que-estar-junto-a-las-personas-que-pasan-mas-dificultades-ante-la-nueva-crisis-provocada-por-el-incremento-de-precios\/","url":"https:\/\/www.psib-psoe.org\/eivissa\/comision-ejecutiva-el-secretario-general-afirma-que-tenemos-que-estar-junto-a-las-personas-que-pasan-mas-dificultades-ante-la-nueva-crisis-provocada-por-el-incremento-de-precios\/","name":"Comisi\u00f3n Ejecutiva: El secretario general afirma que \"tenemos que estar junto a las personas que pasan m\u00e1s dificultades\", ante la nueva crisis provocada por el incremento de precios - Federaci\u00f3 Socialista d&#039;Eivissa","isPartOf":{"@id":"https:\/\/www.psib-psoe.org\/eivissa\/#website"},"primaryImageOfPage":{"@id":"https:\/\/www.psib-psoe.org\/eivissa\/comision-ejecutiva-el-secretario-general-afirma-que-tenemos-que-estar-junto-a-las-personas-que-pasan-mas-dificultades-ante-la-nueva-crisis-provocada-por-el-incremento-de-precios\/#primaryimage"},"image":{"@id":"https:\/\/www.psib-psoe.org\/eivissa\/comision-ejecutiva-el-secretario-general-afirma-que-tenemos-que-estar-junto-a-las-personas-que-pasan-mas-dificultades-ante-la-nueva-crisis-provocada-por-el-incremento-de-precios\/#primaryimage"},"thumbnailUrl":"https:\/\/www.psib-psoe.org\/eivissa\/wp-content\/uploads\/comissio-executiva.jpg","datePublished":"2022-03-25T08:00:34+00:00","dateModified":"2022-03-25T09:13:09+00:00","breadcrumb":{"@id":"https:\/\/www.psib-psoe.org\/eivissa\/comision-ejecutiva-el-secretario-general-afirma-que-tenemos-que-estar-junto-a-las-personas-que-pasan-mas-dificultades-ante-la-nueva-crisis-provocada-por-el-incremento-de-precios\/#breadcrumb"},"inLanguage":"ca","potentialAction":[{"@type":"ReadAction","target":["https:\/\/www.psib-psoe.org\/eivissa\/comision-ejecutiva-el-secretario-general-afirma-que-tenemos-que-estar-junto-a-las-personas-que-pasan-mas-dificultades-ante-la-nueva-crisis-provocada-por-el-incremento-de-precios\/"]}]},{"@type":"ImageObject","inLanguage":"ca","@id":"https:\/\/www.psib-psoe.org\/eivissa\/comision-ejecutiva-el-secretario-general-afirma-que-tenemos-que-estar-junto-a-las-personas-que-pasan-mas-dificultades-ante-la-nueva-crisis-provocada-por-el-incremento-de-precios\/#primaryimage","url":"https:\/\/www.psib-psoe.org\/eivissa\/wp-content\/uploads\/comissio-executiva.jpg","contentUrl":"https:\/\/www.psib-psoe.org\/eivissa\/wp-content\/uploads\/comissio-executiva.jpg","width":1920,"height":1080},{"@type":"BreadcrumbList","@id":"https:\/\/www.psib-psoe.org\/eivissa\/comision-ejecutiva-el-secretario-general-afirma-que-tenemos-que-estar-junto-a-las-personas-que-pasan-mas-dificultades-ante-la-nueva-crisis-provocada-por-el-incremento-de-precios\/#breadcrumb","itemListElement":[{"@type":"ListItem","position":1,"name":"Inici","item":"https:\/\/www.psib-psoe.org\/eivissa\/"},{"@type":"ListItem","position":2,"name":"Comisi\u00f3n Ejecutiva: El secretario general afirma que &#8220;tenemos que estar junto a las personas que pasan m\u00e1s dificultades&#8221;, ante la nueva crisis provocada por el incremento de precios"}]},{"@type":"WebSite","@id":"https:\/\/www.psib-psoe.org\/eivissa\/#website","url":"https:\/\/www.psib-psoe.org\/eivissa\/","name":"Federaci\u00f3 Socialista d'Eivissa","description":"Socialistes d&#039;Eivissa","publisher":{"@id":"https:\/\/www.psib-psoe.org\/eivissa\/#organization"},"potentialAction":[{"@type":"SearchAction","target":{"@type":"EntryPoint","urlTemplate":"https:\/\/www.psib-psoe.org\/eivissa\/?s={search_term_string}"},"query-input":{"@type":"PropertyValueSpecification","valueRequired":true,"valueName":"search_term_string"}}],"inLanguage":"ca"},{"@type":"Organization","@id":"https:\/\/www.psib-psoe.org\/eivissa\/#organization","name":"Federaci\u00f3 Socialista d'Eivissa","url":"https:\/\/www.psib-psoe.org\/eivissa\/","logo":{"@type":"ImageObject","inLanguage":"ca","@id":"https:\/\/www.psib-psoe.org\/eivissa\/#\/schema\/logo\/image\/","url":"https:\/\/www.psib-psoe.org\/eivissa\/wp-content\/uploads\/LOGO-FSE-SOCIALISTA-DEIVISSA-HORI.png","contentUrl":"https:\/\/www.psib-psoe.org\/eivissa\/wp-content\/uploads\/LOGO-FSE-SOCIALISTA-DEIVISSA-HORI.png","width":6000,"height":3104,"caption":"Federaci\u00f3 Socialista d'Eivissa"},"image":{"@id":"https:\/\/www.psib-psoe.org\/eivissa\/#\/schema\/logo\/image\/"}},{"@type":"Person","@id":"https:\/\/www.psib-psoe.org\/eivissa\/#\/schema\/person\/7a9d2841fb36f32e34fc0e9b245e8117","name":"Josep Ripoll","sameAs":["http:\/\/www.psib-psoe.org\/eivissa\/wp-login.php"],"url":"https:\/\/www.psib-psoe.org\/eivissa\/author\/josep\/"}]}},"_links":{"self":[{"href":"https:\/\/www.psib-psoe.org\/eivissa\/wp-json\/wp\/v2\/posts\/35398","targetHints":{"allow":["GET"]}}],"collection":[{"href":"https:\/\/www.psib-psoe.org\/eivissa\/wp-json\/wp\/v2\/posts"}],"about":[{"href":"https:\/\/www.psib-psoe.org\/eivissa\/wp-json\/wp\/v2\/types\/post"}],"author":[{"embeddable":true,"href":"https:\/\/www.psib-psoe.org\/eivissa\/wp-json\/wp\/v2\/users\/7"}],"replies":[{"embeddable":true,"href":"https:\/\/www.psib-psoe.org\/eivissa\/wp-json\/wp\/v2\/comments?post=35398"}],"version-history":[{"count":1,"href":"https:\/\/www.psib-psoe.org\/eivissa\/wp-json\/wp\/v2\/posts\/35398\/revisions"}],"predecessor-version":[{"id":35399,"href":"https:\/\/www.psib-psoe.org\/eivissa\/wp-json\/wp\/v2\/posts\/35398\/revisions\/35399"}],"wp:featuredmedia":[{"embeddable":true,"href":"https:\/\/www.psib-psoe.org\/eivissa\/wp-json\/wp\/v2\/media\/35396"}],"wp:attachment":[{"href":"https:\/\/www.psib-psoe.org\/eivissa\/wp-json\/wp\/v2\/media?parent=35398"}],"wp:term":[{"taxonomy":"category","embeddable":true,"href":"https:\/\/www.psib-psoe.org\/eivissa\/wp-json\/wp\/v2\/categories?post=35398"},{"taxonomy":"post_tag","embeddable":true,"href":"https:\/\/www.psib-psoe.org\/eivissa\/wp-json\/wp\/v2\/tags?post=35398"}],"curies":[{"name":"wp","href":"https:\/\/api.w.org\/{rel}","templated":true}]}}