{"id":35427,"date":"2022-03-26T12:40:03","date_gmt":"2022-03-26T10:40:03","guid":{"rendered":"https:\/\/www.psib-psoe.org\/eivissa\/?p=35427"},"modified":"2022-03-26T12:47:49","modified_gmt":"2022-03-26T10:47:49","slug":"victor-torres-nuevo-secretario-general-de-la-agrupacion-socialista-de-santa-eularia-en-favor-del-cambio-progresista-que-tanto-necesita-el-municipio","status":"publish","type":"post","link":"https:\/\/www.psib-psoe.org\/eivissa\/victor-torres-nuevo-secretario-general-de-la-agrupacion-socialista-de-santa-eularia-en-favor-del-cambio-progresista-que-tanto-necesita-el-municipio\/","title":{"rendered":"V\u00edctor Torres, nuevo secretario general de la Agrupaci\u00f3n Socialista de Santa Eul\u00e0ria\u00a0en favor del &#8220;cambio progresista que tanto necesita el municipio&#8221;"},"content":{"rendered":"<p>V\u00edctor Torres P\u00e9rez ha sido escogido nuevo secretario general de la Agrupaci\u00f3n Socialista de Santa Eul\u00e0ria des Riu, en la asamblea que se ha celebrado en el Centro Cultural de Puig d&#8217;en Valls. V\u00edctor Torres, que actualmente es conseller y portavoz adjunto del grupo PSOE en el Consell Insular d&#8217;Eivissa, asume la secretar\u00eda general de Santa Eul\u00e0ria con el objetivo de &#8220;impulsar y hacer crecer la agrupaci\u00f3n&#8221; en una nueva etapa &#8220;en favor del cambio progresista que tanto necesita nuestro municipio&#8221;.<\/p>\n<p>Acompa\u00f1an V\u00edctor Torres en la nueva ejecutiva Carmen Vidal, presidenta; Alan Ripoll, secretario de Organizaci\u00f3n; Youssef Tiss\u00e9i, secretario de Acci\u00f3n Electoral; Estela Roig, secretaria Pol\u00edtica Municipal y Administraci\u00f3n, Jos\u00e9 Luis L\u00f3pez, secretario de Medio Ambiente, Territorio y Movilidad; Carmen Mezquida, secretaria de Educaci\u00f3n, Cultura y Patrimonio; Mari Quintero, secretaria de Bienestar Social; Edgar B\u00e1ez, secretario de Participaci\u00f3n Ciudadana y Movimientos Sociales; Mar\u00eda Eugenia Spina, secretaria de Igualdad; Mateo Calbet, Antonia Navarro i Mar\u00eda Antonia Mart\u00ednez, vocales.<\/p>\n<p>V\u00edctor Torres ha garantizado a los miembros de la nueva ejecutiva que &#8220;trabajaremos mucho, pero lo haremos juntos y con mucha ilusi\u00f3n&#8221;. &#8220;Vamos a trabajar por las ideas que como socialistas todos y todas compartimos, con vocaci\u00f3n de servicio&#8221;, ha dicho. Tambi\u00e9n se ha dirigido al conjunto de la militancia y de la ciudadan\u00eda de Santa Eul\u00e0ria para afirmar que &#8220;m\u00e1s que nunca, los y las socialistas tenemos que tener presencia en la calle para recoger las peticiones, las necesidades y las inquietudes de los vecinos de nuestro municipio para hacer de altavoz de sus reivindicaciones&#8221;.<\/p>\n<p>V\u00edctor Torres tambi\u00e9n ha agradecido el trabajo de la ejecutiva saliente, con el anterior secretario general, Ramon Roca, qui\u00e9n desde el mes de noviembre forma parte de la ejecutiva del PSIB-PSOE, y ha destacado la importancia del trabajo del grupo municipal, con Vicent Torres &#8216;Benet&#8217; como portavoz, as\u00ed como del grupo del Consejo Insular, del cual forma parte, y que tiene como portavoz el expresidente Vicent Torres, quien tambi\u00e9n asisti\u00f3 a la asamblea como miembro de la agrupaci\u00f3n.<\/p>\n<p>El secretario general de la Federaci\u00f3n Socialista de Eivissa, Josep Mar\u00ed Ribas, que ha acompa\u00f1ado a la militancia de la Agrupaci\u00f3n en la asamblea junto con otros miembros de la Ejecutiva Insular, ha felicitado V\u00edctor Torres y le ha ofrecido todo el apoyo en la nueva etapa en favor de un &#8220;partido fuerte, unido y que haga posible el cambio en Santa Eul\u00e0ria&#8221;.<\/p>\n","protected":false},"excerpt":{"rendered":"<p>V\u00edctor Torres P\u00e9rez ha sido escogido nuevo secretario general de la Agrupaci\u00f3n Socialista de Santa Eul\u00e0ria des Riu, en la asamblea que se ha celebrado en el Centro Cultural de Puig d&#8217;en Valls. V\u00edctor Torres, que actualmente es conseller y portavoz adjunto del grupo PSOE en el Consell Insular d&#8217;Eivissa, asume la secretar\u00eda general de&hellip;<\/p>\n","protected":false},"author":7,"featured_media":35425,"comment_status":"closed","ping_status":"closed","sticky":false,"template":"","format":"standard","meta":{"footnotes":""},"categories":[212],"tags":[],"class_list":["post-35427","post","type-post","status-publish","format-standard","has-post-thumbnail","hentry","category-fse-psoe"],"yoast_head":"<!-- This site is optimized with the Yoast SEO plugin v26.9 - https:\/\/yoast.com\/product\/yoast-seo-wordpress\/ -->\n<title>V\u00edctor Torres, nuevo secretario general de la Agrupaci\u00f3n Socialista de Santa Eul\u00e0ria\u00a0en favor del &quot;cambio progresista que tanto necesita el municipio&quot; - Federaci\u00f3 Socialista d&#039;Eivissa<\/title>\n<meta name=\"robots\" content=\"index, follow, max-snippet:-1, max-image-preview:large, max-video-preview:-1\" \/>\n<link rel=\"canonical\" href=\"https:\/\/www.psib-psoe.org\/eivissa\/victor-torres-nuevo-secretario-general-de-la-agrupacion-socialista-de-santa-eularia-en-favor-del-cambio-progresista-que-tanto-necesita-el-municipio\/\" \/>\n<meta property=\"og:locale\" content=\"ca_ES\" \/>\n<meta property=\"og:type\" content=\"article\" \/>\n<meta property=\"og:title\" content=\"V\u00edctor Torres, nuevo secretario general de la Agrupaci\u00f3n Socialista de Santa Eul\u00e0ria\u00a0en favor del &quot;cambio progresista que tanto necesita el municipio&quot; - Federaci\u00f3 Socialista d&#039;Eivissa\" \/>\n<meta property=\"og:description\" content=\"V\u00edctor Torres P\u00e9rez ha sido escogido nuevo secretario general de la Agrupaci\u00f3n Socialista de Santa Eul\u00e0ria des Riu, en la asamblea que se ha celebrado en el Centro Cultural de Puig d&#8217;en Valls. V\u00edctor Torres, que actualmente es conseller y portavoz adjunto del grupo PSOE en el Consell Insular d&#8217;Eivissa, asume la secretar\u00eda general de&hellip;\" \/>\n<meta property=\"og:url\" content=\"https:\/\/www.psib-psoe.org\/eivissa\/victor-torres-nuevo-secretario-general-de-la-agrupacion-socialista-de-santa-eularia-en-favor-del-cambio-progresista-que-tanto-necesita-el-municipio\/\" \/>\n<meta property=\"og:site_name\" content=\"Federaci\u00f3 Socialista d&#039;Eivissa\" \/>\n<meta property=\"article:published_time\" content=\"2022-03-26T10:40:03+00:00\" \/>\n<meta property=\"article:modified_time\" content=\"2022-03-26T10:47:49+00:00\" \/>\n<meta property=\"og:image\" content=\"https:\/\/www.psib-psoe.org\/eivissa\/wp-content\/uploads\/dfc08f65-1f32-4b57-b01d-fe3b9fff9212.jpg\" \/>\n\t<meta property=\"og:image:width\" content=\"1539\" \/>\n\t<meta property=\"og:image:height\" content=\"802\" \/>\n\t<meta property=\"og:image:type\" content=\"image\/jpeg\" \/>\n<meta name=\"author\" content=\"Josep Ripoll\" \/>\n<meta name=\"twitter:card\" content=\"summary_large_image\" \/>\n<meta name=\"twitter:label1\" content=\"Escrit per\" \/>\n\t<meta name=\"twitter:data1\" content=\"Josep Ripoll\" \/>\n\t<meta name=\"twitter:label2\" content=\"Temps estimat de lectura\" \/>\n\t<meta name=\"twitter:data2\" content=\"2 minuts\" \/>\n<script type=\"application\/ld+json\" class=\"yoast-schema-graph\">{\"@context\":\"https:\/\/schema.org\",\"@graph\":[{\"@type\":[\"Article\",\"BlogPosting\"],\"@id\":\"https:\/\/www.psib-psoe.org\/eivissa\/victor-torres-nuevo-secretario-general-de-la-agrupacion-socialista-de-santa-eularia-en-favor-del-cambio-progresista-que-tanto-necesita-el-municipio\/#article\",\"isPartOf\":{\"@id\":\"https:\/\/www.psib-psoe.org\/eivissa\/victor-torres-nuevo-secretario-general-de-la-agrupacion-socialista-de-santa-eularia-en-favor-del-cambio-progresista-que-tanto-necesita-el-municipio\/\"},\"author\":{\"name\":\"Josep Ripoll\",\"@id\":\"https:\/\/www.psib-psoe.org\/eivissa\/#\/schema\/person\/7a9d2841fb36f32e34fc0e9b245e8117\"},\"headline\":\"V\u00edctor Torres, nuevo secretario general de la Agrupaci\u00f3n Socialista de Santa Eul\u00e0ria\u00a0en favor del &#8220;cambio progresista que tanto necesita el municipio&#8221;\",\"datePublished\":\"2022-03-26T10:40:03+00:00\",\"dateModified\":\"2022-03-26T10:47:49+00:00\",\"mainEntityOfPage\":{\"@id\":\"https:\/\/www.psib-psoe.org\/eivissa\/victor-torres-nuevo-secretario-general-de-la-agrupacion-socialista-de-santa-eularia-en-favor-del-cambio-progresista-que-tanto-necesita-el-municipio\/\"},\"wordCount\":458,\"publisher\":{\"@id\":\"https:\/\/www.psib-psoe.org\/eivissa\/#organization\"},\"image\":{\"@id\":\"https:\/\/www.psib-psoe.org\/eivissa\/victor-torres-nuevo-secretario-general-de-la-agrupacion-socialista-de-santa-eularia-en-favor-del-cambio-progresista-que-tanto-necesita-el-municipio\/#primaryimage\"},\"thumbnailUrl\":\"https:\/\/www.psib-psoe.org\/eivissa\/wp-content\/uploads\/dfc08f65-1f32-4b57-b01d-fe3b9fff9212.jpg\",\"articleSection\":[\"FSE-PSOE\"],\"inLanguage\":\"ca\"},{\"@type\":\"WebPage\",\"@id\":\"https:\/\/www.psib-psoe.org\/eivissa\/victor-torres-nuevo-secretario-general-de-la-agrupacion-socialista-de-santa-eularia-en-favor-del-cambio-progresista-que-tanto-necesita-el-municipio\/\",\"url\":\"https:\/\/www.psib-psoe.org\/eivissa\/victor-torres-nuevo-secretario-general-de-la-agrupacion-socialista-de-santa-eularia-en-favor-del-cambio-progresista-que-tanto-necesita-el-municipio\/\",\"name\":\"V\u00edctor Torres, nuevo secretario general de la Agrupaci\u00f3n Socialista de Santa Eul\u00e0ria\u00a0en favor del \\\"cambio progresista que tanto necesita el municipio\\\" - Federaci\u00f3 Socialista d&#039;Eivissa\",\"isPartOf\":{\"@id\":\"https:\/\/www.psib-psoe.org\/eivissa\/#website\"},\"primaryImageOfPage\":{\"@id\":\"https:\/\/www.psib-psoe.org\/eivissa\/victor-torres-nuevo-secretario-general-de-la-agrupacion-socialista-de-santa-eularia-en-favor-del-cambio-progresista-que-tanto-necesita-el-municipio\/#primaryimage\"},\"image\":{\"@id\":\"https:\/\/www.psib-psoe.org\/eivissa\/victor-torres-nuevo-secretario-general-de-la-agrupacion-socialista-de-santa-eularia-en-favor-del-cambio-progresista-que-tanto-necesita-el-municipio\/#primaryimage\"},\"thumbnailUrl\":\"https:\/\/www.psib-psoe.org\/eivissa\/wp-content\/uploads\/dfc08f65-1f32-4b57-b01d-fe3b9fff9212.jpg\",\"datePublished\":\"2022-03-26T10:40:03+00:00\",\"dateModified\":\"2022-03-26T10:47:49+00:00\",\"breadcrumb\":{\"@id\":\"https:\/\/www.psib-psoe.org\/eivissa\/victor-torres-nuevo-secretario-general-de-la-agrupacion-socialista-de-santa-eularia-en-favor-del-cambio-progresista-que-tanto-necesita-el-municipio\/#breadcrumb\"},\"inLanguage\":\"ca\",\"potentialAction\":[{\"@type\":\"ReadAction\",\"target\":[\"https:\/\/www.psib-psoe.org\/eivissa\/victor-torres-nuevo-secretario-general-de-la-agrupacion-socialista-de-santa-eularia-en-favor-del-cambio-progresista-que-tanto-necesita-el-municipio\/\"]}]},{\"@type\":\"ImageObject\",\"inLanguage\":\"ca\",\"@id\":\"https:\/\/www.psib-psoe.org\/eivissa\/victor-torres-nuevo-secretario-general-de-la-agrupacion-socialista-de-santa-eularia-en-favor-del-cambio-progresista-que-tanto-necesita-el-municipio\/#primaryimage\",\"url\":\"https:\/\/www.psib-psoe.org\/eivissa\/wp-content\/uploads\/dfc08f65-1f32-4b57-b01d-fe3b9fff9212.jpg\",\"contentUrl\":\"https:\/\/www.psib-psoe.org\/eivissa\/wp-content\/uploads\/dfc08f65-1f32-4b57-b01d-fe3b9fff9212.jpg\",\"width\":1539,\"height\":802},{\"@type\":\"BreadcrumbList\",\"@id\":\"https:\/\/www.psib-psoe.org\/eivissa\/victor-torres-nuevo-secretario-general-de-la-agrupacion-socialista-de-santa-eularia-en-favor-del-cambio-progresista-que-tanto-necesita-el-municipio\/#breadcrumb\",\"itemListElement\":[{\"@type\":\"ListItem\",\"position\":1,\"name\":\"Inici\",\"item\":\"https:\/\/www.psib-psoe.org\/eivissa\/\"},{\"@type\":\"ListItem\",\"position\":2,\"name\":\"V\u00edctor Torres, nuevo secretario general de la Agrupaci\u00f3n Socialista de Santa Eul\u00e0ria\u00a0en favor del &#8220;cambio progresista que tanto necesita el municipio&#8221;\"}]},{\"@type\":\"WebSite\",\"@id\":\"https:\/\/www.psib-psoe.org\/eivissa\/#website\",\"url\":\"https:\/\/www.psib-psoe.org\/eivissa\/\",\"name\":\"Federaci\u00f3 Socialista d'Eivissa\",\"description\":\"Socialistes d&#039;Eivissa\",\"publisher\":{\"@id\":\"https:\/\/www.psib-psoe.org\/eivissa\/#organization\"},\"potentialAction\":[{\"@type\":\"SearchAction\",\"target\":{\"@type\":\"EntryPoint\",\"urlTemplate\":\"https:\/\/www.psib-psoe.org\/eivissa\/?s={search_term_string}\"},\"query-input\":{\"@type\":\"PropertyValueSpecification\",\"valueRequired\":true,\"valueName\":\"search_term_string\"}}],\"inLanguage\":\"ca\"},{\"@type\":\"Organization\",\"@id\":\"https:\/\/www.psib-psoe.org\/eivissa\/#organization\",\"name\":\"Federaci\u00f3 Socialista d'Eivissa\",\"url\":\"https:\/\/www.psib-psoe.org\/eivissa\/\",\"logo\":{\"@type\":\"ImageObject\",\"inLanguage\":\"ca\",\"@id\":\"https:\/\/www.psib-psoe.org\/eivissa\/#\/schema\/logo\/image\/\",\"url\":\"https:\/\/www.psib-psoe.org\/eivissa\/wp-content\/uploads\/LOGO-FSE-SOCIALISTA-DEIVISSA-HORI.png\",\"contentUrl\":\"https:\/\/www.psib-psoe.org\/eivissa\/wp-content\/uploads\/LOGO-FSE-SOCIALISTA-DEIVISSA-HORI.png\",\"width\":6000,\"height\":3104,\"caption\":\"Federaci\u00f3 Socialista d'Eivissa\"},\"image\":{\"@id\":\"https:\/\/www.psib-psoe.org\/eivissa\/#\/schema\/logo\/image\/\"}},{\"@type\":\"Person\",\"@id\":\"https:\/\/www.psib-psoe.org\/eivissa\/#\/schema\/person\/7a9d2841fb36f32e34fc0e9b245e8117\",\"name\":\"Josep Ripoll\",\"sameAs\":[\"http:\/\/www.psib-psoe.org\/eivissa\/wp-login.php\"],\"url\":\"https:\/\/www.psib-psoe.org\/eivissa\/author\/josep\/\"}]}<\/script>\n<!-- \/ Yoast SEO plugin. -->","yoast_head_json":{"title":"V\u00edctor Torres, nuevo secretario general de la Agrupaci\u00f3n Socialista de Santa Eul\u00e0ria\u00a0en favor del \"cambio progresista que tanto necesita el municipio\" - Federaci\u00f3 Socialista d&#039;Eivissa","robots":{"index":"index","follow":"follow","max-snippet":"max-snippet:-1","max-image-preview":"max-image-preview:large","max-video-preview":"max-video-preview:-1"},"canonical":"https:\/\/www.psib-psoe.org\/eivissa\/victor-torres-nuevo-secretario-general-de-la-agrupacion-socialista-de-santa-eularia-en-favor-del-cambio-progresista-que-tanto-necesita-el-municipio\/","og_locale":"ca_ES","og_type":"article","og_title":"V\u00edctor Torres, nuevo secretario general de la Agrupaci\u00f3n Socialista de Santa Eul\u00e0ria\u00a0en favor del \"cambio progresista que tanto necesita el municipio\" - Federaci\u00f3 Socialista d&#039;Eivissa","og_description":"V\u00edctor Torres P\u00e9rez ha sido escogido nuevo secretario general de la Agrupaci\u00f3n Socialista de Santa Eul\u00e0ria des Riu, en la asamblea que se ha celebrado en el Centro Cultural de Puig d&#8217;en Valls. V\u00edctor Torres, que actualmente es conseller y portavoz adjunto del grupo PSOE en el Consell Insular d&#8217;Eivissa, asume la secretar\u00eda general de&hellip;","og_url":"https:\/\/www.psib-psoe.org\/eivissa\/victor-torres-nuevo-secretario-general-de-la-agrupacion-socialista-de-santa-eularia-en-favor-del-cambio-progresista-que-tanto-necesita-el-municipio\/","og_site_name":"Federaci\u00f3 Socialista d&#039;Eivissa","article_published_time":"2022-03-26T10:40:03+00:00","article_modified_time":"2022-03-26T10:47:49+00:00","og_image":[{"width":1539,"height":802,"url":"https:\/\/www.psib-psoe.org\/eivissa\/wp-content\/uploads\/dfc08f65-1f32-4b57-b01d-fe3b9fff9212.jpg","type":"image\/jpeg"}],"author":"Josep Ripoll","twitter_card":"summary_large_image","twitter_misc":{"Escrit per":"Josep Ripoll","Temps estimat de lectura":"2 minuts"},"schema":{"@context":"https:\/\/schema.org","@graph":[{"@type":["Article","BlogPosting"],"@id":"https:\/\/www.psib-psoe.org\/eivissa\/victor-torres-nuevo-secretario-general-de-la-agrupacion-socialista-de-santa-eularia-en-favor-del-cambio-progresista-que-tanto-necesita-el-municipio\/#article","isPartOf":{"@id":"https:\/\/www.psib-psoe.org\/eivissa\/victor-torres-nuevo-secretario-general-de-la-agrupacion-socialista-de-santa-eularia-en-favor-del-cambio-progresista-que-tanto-necesita-el-municipio\/"},"author":{"name":"Josep Ripoll","@id":"https:\/\/www.psib-psoe.org\/eivissa\/#\/schema\/person\/7a9d2841fb36f32e34fc0e9b245e8117"},"headline":"V\u00edctor Torres, nuevo secretario general de la Agrupaci\u00f3n Socialista de Santa Eul\u00e0ria\u00a0en favor del &#8220;cambio progresista que tanto necesita el municipio&#8221;","datePublished":"2022-03-26T10:40:03+00:00","dateModified":"2022-03-26T10:47:49+00:00","mainEntityOfPage":{"@id":"https:\/\/www.psib-psoe.org\/eivissa\/victor-torres-nuevo-secretario-general-de-la-agrupacion-socialista-de-santa-eularia-en-favor-del-cambio-progresista-que-tanto-necesita-el-municipio\/"},"wordCount":458,"publisher":{"@id":"https:\/\/www.psib-psoe.org\/eivissa\/#organization"},"image":{"@id":"https:\/\/www.psib-psoe.org\/eivissa\/victor-torres-nuevo-secretario-general-de-la-agrupacion-socialista-de-santa-eularia-en-favor-del-cambio-progresista-que-tanto-necesita-el-municipio\/#primaryimage"},"thumbnailUrl":"https:\/\/www.psib-psoe.org\/eivissa\/wp-content\/uploads\/dfc08f65-1f32-4b57-b01d-fe3b9fff9212.jpg","articleSection":["FSE-PSOE"],"inLanguage":"ca"},{"@type":"WebPage","@id":"https:\/\/www.psib-psoe.org\/eivissa\/victor-torres-nuevo-secretario-general-de-la-agrupacion-socialista-de-santa-eularia-en-favor-del-cambio-progresista-que-tanto-necesita-el-municipio\/","url":"https:\/\/www.psib-psoe.org\/eivissa\/victor-torres-nuevo-secretario-general-de-la-agrupacion-socialista-de-santa-eularia-en-favor-del-cambio-progresista-que-tanto-necesita-el-municipio\/","name":"V\u00edctor Torres, nuevo secretario general de la Agrupaci\u00f3n Socialista de Santa Eul\u00e0ria\u00a0en favor del \"cambio progresista que tanto necesita el municipio\" - Federaci\u00f3 Socialista d&#039;Eivissa","isPartOf":{"@id":"https:\/\/www.psib-psoe.org\/eivissa\/#website"},"primaryImageOfPage":{"@id":"https:\/\/www.psib-psoe.org\/eivissa\/victor-torres-nuevo-secretario-general-de-la-agrupacion-socialista-de-santa-eularia-en-favor-del-cambio-progresista-que-tanto-necesita-el-municipio\/#primaryimage"},"image":{"@id":"https:\/\/www.psib-psoe.org\/eivissa\/victor-torres-nuevo-secretario-general-de-la-agrupacion-socialista-de-santa-eularia-en-favor-del-cambio-progresista-que-tanto-necesita-el-municipio\/#primaryimage"},"thumbnailUrl":"https:\/\/www.psib-psoe.org\/eivissa\/wp-content\/uploads\/dfc08f65-1f32-4b57-b01d-fe3b9fff9212.jpg","datePublished":"2022-03-26T10:40:03+00:00","dateModified":"2022-03-26T10:47:49+00:00","breadcrumb":{"@id":"https:\/\/www.psib-psoe.org\/eivissa\/victor-torres-nuevo-secretario-general-de-la-agrupacion-socialista-de-santa-eularia-en-favor-del-cambio-progresista-que-tanto-necesita-el-municipio\/#breadcrumb"},"inLanguage":"ca","potentialAction":[{"@type":"ReadAction","target":["https:\/\/www.psib-psoe.org\/eivissa\/victor-torres-nuevo-secretario-general-de-la-agrupacion-socialista-de-santa-eularia-en-favor-del-cambio-progresista-que-tanto-necesita-el-municipio\/"]}]},{"@type":"ImageObject","inLanguage":"ca","@id":"https:\/\/www.psib-psoe.org\/eivissa\/victor-torres-nuevo-secretario-general-de-la-agrupacion-socialista-de-santa-eularia-en-favor-del-cambio-progresista-que-tanto-necesita-el-municipio\/#primaryimage","url":"https:\/\/www.psib-psoe.org\/eivissa\/wp-content\/uploads\/dfc08f65-1f32-4b57-b01d-fe3b9fff9212.jpg","contentUrl":"https:\/\/www.psib-psoe.org\/eivissa\/wp-content\/uploads\/dfc08f65-1f32-4b57-b01d-fe3b9fff9212.jpg","width":1539,"height":802},{"@type":"BreadcrumbList","@id":"https:\/\/www.psib-psoe.org\/eivissa\/victor-torres-nuevo-secretario-general-de-la-agrupacion-socialista-de-santa-eularia-en-favor-del-cambio-progresista-que-tanto-necesita-el-municipio\/#breadcrumb","itemListElement":[{"@type":"ListItem","position":1,"name":"Inici","item":"https:\/\/www.psib-psoe.org\/eivissa\/"},{"@type":"ListItem","position":2,"name":"V\u00edctor Torres, nuevo secretario general de la Agrupaci\u00f3n Socialista de Santa Eul\u00e0ria\u00a0en favor del &#8220;cambio progresista que tanto necesita el municipio&#8221;"}]},{"@type":"WebSite","@id":"https:\/\/www.psib-psoe.org\/eivissa\/#website","url":"https:\/\/www.psib-psoe.org\/eivissa\/","name":"Federaci\u00f3 Socialista d'Eivissa","description":"Socialistes d&#039;Eivissa","publisher":{"@id":"https:\/\/www.psib-psoe.org\/eivissa\/#organization"},"potentialAction":[{"@type":"SearchAction","target":{"@type":"EntryPoint","urlTemplate":"https:\/\/www.psib-psoe.org\/eivissa\/?s={search_term_string}"},"query-input":{"@type":"PropertyValueSpecification","valueRequired":true,"valueName":"search_term_string"}}],"inLanguage":"ca"},{"@type":"Organization","@id":"https:\/\/www.psib-psoe.org\/eivissa\/#organization","name":"Federaci\u00f3 Socialista d'Eivissa","url":"https:\/\/www.psib-psoe.org\/eivissa\/","logo":{"@type":"ImageObject","inLanguage":"ca","@id":"https:\/\/www.psib-psoe.org\/eivissa\/#\/schema\/logo\/image\/","url":"https:\/\/www.psib-psoe.org\/eivissa\/wp-content\/uploads\/LOGO-FSE-SOCIALISTA-DEIVISSA-HORI.png","contentUrl":"https:\/\/www.psib-psoe.org\/eivissa\/wp-content\/uploads\/LOGO-FSE-SOCIALISTA-DEIVISSA-HORI.png","width":6000,"height":3104,"caption":"Federaci\u00f3 Socialista d'Eivissa"},"image":{"@id":"https:\/\/www.psib-psoe.org\/eivissa\/#\/schema\/logo\/image\/"}},{"@type":"Person","@id":"https:\/\/www.psib-psoe.org\/eivissa\/#\/schema\/person\/7a9d2841fb36f32e34fc0e9b245e8117","name":"Josep Ripoll","sameAs":["http:\/\/www.psib-psoe.org\/eivissa\/wp-login.php"],"url":"https:\/\/www.psib-psoe.org\/eivissa\/author\/josep\/"}]}},"_links":{"self":[{"href":"https:\/\/www.psib-psoe.org\/eivissa\/wp-json\/wp\/v2\/posts\/35427","targetHints":{"allow":["GET"]}}],"collection":[{"href":"https:\/\/www.psib-psoe.org\/eivissa\/wp-json\/wp\/v2\/posts"}],"about":[{"href":"https:\/\/www.psib-psoe.org\/eivissa\/wp-json\/wp\/v2\/types\/post"}],"author":[{"embeddable":true,"href":"https:\/\/www.psib-psoe.org\/eivissa\/wp-json\/wp\/v2\/users\/7"}],"replies":[{"embeddable":true,"href":"https:\/\/www.psib-psoe.org\/eivissa\/wp-json\/wp\/v2\/comments?post=35427"}],"version-history":[{"count":2,"href":"https:\/\/www.psib-psoe.org\/eivissa\/wp-json\/wp\/v2\/posts\/35427\/revisions"}],"predecessor-version":[{"id":35429,"href":"https:\/\/www.psib-psoe.org\/eivissa\/wp-json\/wp\/v2\/posts\/35427\/revisions\/35429"}],"wp:featuredmedia":[{"embeddable":true,"href":"https:\/\/www.psib-psoe.org\/eivissa\/wp-json\/wp\/v2\/media\/35425"}],"wp:attachment":[{"href":"https:\/\/www.psib-psoe.org\/eivissa\/wp-json\/wp\/v2\/media?parent=35427"}],"wp:term":[{"taxonomy":"category","embeddable":true,"href":"https:\/\/www.psib-psoe.org\/eivissa\/wp-json\/wp\/v2\/categories?post=35427"},{"taxonomy":"post_tag","embeddable":true,"href":"https:\/\/www.psib-psoe.org\/eivissa\/wp-json\/wp\/v2\/tags?post=35427"}],"curies":[{"name":"wp","href":"https:\/\/api.w.org\/{rel}","templated":true}]}}