{"id":35518,"date":"2022-04-10T12:45:26","date_gmt":"2022-04-10T10:45:26","guid":{"rendered":"https:\/\/www.psib-psoe.org\/eivissa\/?p=35518"},"modified":"2022-04-11T10:14:11","modified_gmt":"2022-04-11T08:14:11","slug":"el-psoe-exigeix-a-carmen-ferrer-que-envii-a-fiscalia-tots-els-contractes-de-letapa-de-vicent-mari-com-a-alcalde-de-santa-eularia-relacionats-amb-el-cas-de-la-vida-islados","status":"publish","type":"post","link":"https:\/\/www.psib-psoe.org\/eivissa\/el-psoe-exigeix-a-carmen-ferrer-que-envii-a-fiscalia-tots-els-contractes-de-letapa-de-vicent-mari-com-a-alcalde-de-santa-eularia-relacionats-amb-el-cas-de-la-vida-islados\/","title":{"rendered":"El PSOE exigeix a Carmen Ferrer que envi\u00ef a Fiscalia tots els contractes de l&#8217;etapa de Vicent Mar\u00ed com a alcalde de Santa Eul\u00e0ria relacionats amb el cas de &#8220;La vida islados&#8221;"},"content":{"rendered":"<p>Davant les escandaloses manifestacions de l&#8217;alcaldessa de Santa Eul\u00e0ria des Riu, Carmen Ferrer, reconeixent p\u00fablicament contractes irregulars de l&#8217;ajuntament relacionats amb el cas &#8220;La Vida Islados&#8221;, el PSOE li exigeix que immediatament envi\u00ef a Fiscalia tota la documentaci\u00f3 de l&#8217;etapa de Vicent Mar\u00ed com a alcalde.<\/p>\n<p>Des de la Federaci\u00f3 Socialista d&#8217;Eivissa volem manifestar la nostra profunda preocupaci\u00f3 pel cas que investiga Fiscalia, ja que pot anar m\u00e9s enll\u00e0 de la contractaci\u00f3 d&#8217;un v\u00eddeo per 250.000 euros. Es tractaria, per tant, d&#8217;uns fets que podrien no ser a\u00efllats, sin\u00f3 que podrien estar relacionats amb pr\u00e0ctiques que es remuntarien a l&#8217;etapa de Vicent Mar\u00ed com a alcalde de Santa Eul\u00e0ria.<\/p>\n<p>Davant de la gravetat de la situaci\u00f3, tamb\u00e9 demanam al Partit Popular i al seu president a Eivissa, Jos\u00e9 Vicent Mar\u00ed Bos\u00f3, que doni una resposta clara i contundent, exigint a Vicent Mar\u00ed i Carmen Ferrer que donin totes les explicacions, que aturin els contractes presumptament il\u00b7legals i que posin a disposici\u00f3 de la Fiscalia tota la documentaci\u00f3 en relaci\u00f3 amb aquesta investigaci\u00f3 per presumpta corrupci\u00f3.<\/p>\n<p>Una vegada m\u00e9s, des de la Federaci\u00f3 Socialista d&#8217;Eivissa volem defensar p\u00fablicament la feina de l&#8217;Oficina de prevenci\u00f3 i lluita contra la corrupci\u00f3 davant dels atacs del Partit Popular. Ara entenem perqu\u00e8 el PP vol la seua dissoluci\u00f3: per evitar que s&#8217;investiguin les institucions on governa el Partit Popular i que s&#8217;eliminin controls contra la corrupci\u00f3, els quals, com s&#8217;est\u00e0 veient, continuen sent molt necessaris.<\/p>\n<p>Finalment, des de la Federaci\u00f3 Socialista d&#8217;Eivissa volem destacar p\u00fablicament la feina dels nostres grups pol\u00edtics al Consell Insular i a l&#8217;Ajuntament de Santa Eul\u00e0ria, amb els seus portaveus Vicent Torres Guasch i Vicent Torres &#8216;Benet&#8217; al capdavant, els quals venen denunciant p\u00fablicament des de fa molt temps les pr\u00e0ctiques clientelars de Vicent Mar\u00ed, primer com a alcalde, i ara com a president del Consell d&#8217;Eivissa.<\/p>\n","protected":false},"excerpt":{"rendered":"<p>Davant les escandaloses manifestacions de l&#8217;alcaldessa de Santa Eul\u00e0ria des Riu, Carmen Ferrer, reconeixent p\u00fablicament contractes irregulars de l&#8217;ajuntament relacionats amb el cas &#8220;La Vida Islados&#8221;, el PSOE li exigeix que immediatament envi\u00ef a Fiscalia tota la documentaci\u00f3 de l&#8217;etapa de Vicent Mar\u00ed com a alcalde. Des de la Federaci\u00f3 Socialista d&#8217;Eivissa volem manifestar la&hellip;<\/p>\n","protected":false},"author":7,"featured_media":35519,"comment_status":"closed","ping_status":"closed","sticky":false,"template":"","format":"standard","meta":{"footnotes":""},"categories":[192,1,234,186],"tags":[],"class_list":["post-35518","post","type-post","status-publish","format-standard","has-post-thumbnail","hentry","category-consell-deivissa","category-federacio-de-eivissa-portada","category-municipis","category-santa-eularia-des-riu"],"yoast_head":"<!-- This site is optimized with the Yoast SEO plugin v26.9 - https:\/\/yoast.com\/product\/yoast-seo-wordpress\/ -->\n<title>El PSOE exigeix a Carmen Ferrer que envi\u00ef a Fiscalia tots els contractes de l&#039;etapa de Vicent Mar\u00ed com a alcalde de Santa Eul\u00e0ria relacionats amb el cas de &quot;La vida islados&quot; - Federaci\u00f3 Socialista d&#039;Eivissa<\/title>\n<meta name=\"robots\" content=\"index, follow, max-snippet:-1, max-image-preview:large, max-video-preview:-1\" \/>\n<link rel=\"canonical\" href=\"https:\/\/www.psib-psoe.org\/eivissa\/el-psoe-exigeix-a-carmen-ferrer-que-envii-a-fiscalia-tots-els-contractes-de-letapa-de-vicent-mari-com-a-alcalde-de-santa-eularia-relacionats-amb-el-cas-de-la-vida-islados\/\" \/>\n<meta property=\"og:locale\" content=\"ca_ES\" \/>\n<meta property=\"og:type\" content=\"article\" \/>\n<meta property=\"og:title\" content=\"El PSOE exigeix a Carmen Ferrer que envi\u00ef a Fiscalia tots els contractes de l&#039;etapa de Vicent Mar\u00ed com a alcalde de Santa Eul\u00e0ria relacionats amb el cas de &quot;La vida islados&quot; - Federaci\u00f3 Socialista d&#039;Eivissa\" \/>\n<meta property=\"og:description\" content=\"Davant les escandaloses manifestacions de l&#8217;alcaldessa de Santa Eul\u00e0ria des Riu, Carmen Ferrer, reconeixent p\u00fablicament contractes irregulars de l&#8217;ajuntament relacionats amb el cas &#8220;La Vida Islados&#8221;, el PSOE li exigeix que immediatament envi\u00ef a Fiscalia tota la documentaci\u00f3 de l&#8217;etapa de Vicent Mar\u00ed com a alcalde. Des de la Federaci\u00f3 Socialista d&#8217;Eivissa volem manifestar la&hellip;\" \/>\n<meta property=\"og:url\" content=\"https:\/\/www.psib-psoe.org\/eivissa\/el-psoe-exigeix-a-carmen-ferrer-que-envii-a-fiscalia-tots-els-contractes-de-letapa-de-vicent-mari-com-a-alcalde-de-santa-eularia-relacionats-amb-el-cas-de-la-vida-islados\/\" \/>\n<meta property=\"og:site_name\" content=\"Federaci\u00f3 Socialista d&#039;Eivissa\" \/>\n<meta property=\"article:published_time\" content=\"2022-04-10T10:45:26+00:00\" \/>\n<meta property=\"article:modified_time\" content=\"2022-04-11T08:14:11+00:00\" \/>\n<meta property=\"og:image\" content=\"https:\/\/www.psib-psoe.org\/eivissa\/wp-content\/uploads\/vicent-carmen-fiscali.jpg\" \/>\n\t<meta property=\"og:image:width\" content=\"1023\" \/>\n\t<meta property=\"og:image:height\" content=\"412\" \/>\n\t<meta property=\"og:image:type\" content=\"image\/jpeg\" \/>\n<meta name=\"author\" content=\"Josep Ripoll\" \/>\n<meta name=\"twitter:card\" content=\"summary_large_image\" \/>\n<meta name=\"twitter:label1\" content=\"Escrit per\" \/>\n\t<meta name=\"twitter:data1\" content=\"Josep Ripoll\" \/>\n\t<meta name=\"twitter:label2\" content=\"Temps estimat de lectura\" \/>\n\t<meta name=\"twitter:data2\" content=\"2 minuts\" \/>\n<script type=\"application\/ld+json\" class=\"yoast-schema-graph\">{\"@context\":\"https:\/\/schema.org\",\"@graph\":[{\"@type\":[\"Article\",\"BlogPosting\"],\"@id\":\"https:\/\/www.psib-psoe.org\/eivissa\/el-psoe-exigeix-a-carmen-ferrer-que-envii-a-fiscalia-tots-els-contractes-de-letapa-de-vicent-mari-com-a-alcalde-de-santa-eularia-relacionats-amb-el-cas-de-la-vida-islados\/#article\",\"isPartOf\":{\"@id\":\"https:\/\/www.psib-psoe.org\/eivissa\/el-psoe-exigeix-a-carmen-ferrer-que-envii-a-fiscalia-tots-els-contractes-de-letapa-de-vicent-mari-com-a-alcalde-de-santa-eularia-relacionats-amb-el-cas-de-la-vida-islados\/\"},\"author\":{\"name\":\"Josep Ripoll\",\"@id\":\"https:\/\/www.psib-psoe.org\/eivissa\/#\/schema\/person\/7a9d2841fb36f32e34fc0e9b245e8117\"},\"headline\":\"El PSOE exigeix a Carmen Ferrer que envi\u00ef a Fiscalia tots els contractes de l&#8217;etapa de Vicent Mar\u00ed com a alcalde de Santa Eul\u00e0ria relacionats amb el cas de &#8220;La vida islados&#8221;\",\"datePublished\":\"2022-04-10T10:45:26+00:00\",\"dateModified\":\"2022-04-11T08:14:11+00:00\",\"mainEntityOfPage\":{\"@id\":\"https:\/\/www.psib-psoe.org\/eivissa\/el-psoe-exigeix-a-carmen-ferrer-que-envii-a-fiscalia-tots-els-contractes-de-letapa-de-vicent-mari-com-a-alcalde-de-santa-eularia-relacionats-amb-el-cas-de-la-vida-islados\/\"},\"wordCount\":353,\"publisher\":{\"@id\":\"https:\/\/www.psib-psoe.org\/eivissa\/#organization\"},\"image\":{\"@id\":\"https:\/\/www.psib-psoe.org\/eivissa\/el-psoe-exigeix-a-carmen-ferrer-que-envii-a-fiscalia-tots-els-contractes-de-letapa-de-vicent-mari-com-a-alcalde-de-santa-eularia-relacionats-amb-el-cas-de-la-vida-islados\/#primaryimage\"},\"thumbnailUrl\":\"https:\/\/www.psib-psoe.org\/eivissa\/wp-content\/uploads\/vicent-carmen-fiscali.jpg\",\"articleSection\":[\"Consell d'Eivissa\",\"Federaci\u00f3 d'Eivissa - Portada\",\"Municipis\",\"Santa Eul\u00e0ria des Riu\"],\"inLanguage\":\"ca\"},{\"@type\":\"WebPage\",\"@id\":\"https:\/\/www.psib-psoe.org\/eivissa\/el-psoe-exigeix-a-carmen-ferrer-que-envii-a-fiscalia-tots-els-contractes-de-letapa-de-vicent-mari-com-a-alcalde-de-santa-eularia-relacionats-amb-el-cas-de-la-vida-islados\/\",\"url\":\"https:\/\/www.psib-psoe.org\/eivissa\/el-psoe-exigeix-a-carmen-ferrer-que-envii-a-fiscalia-tots-els-contractes-de-letapa-de-vicent-mari-com-a-alcalde-de-santa-eularia-relacionats-amb-el-cas-de-la-vida-islados\/\",\"name\":\"El PSOE exigeix a Carmen Ferrer que envi\u00ef a Fiscalia tots els contractes de l'etapa de Vicent Mar\u00ed com a alcalde de Santa Eul\u00e0ria relacionats amb el cas de \\\"La vida islados\\\" - Federaci\u00f3 Socialista d&#039;Eivissa\",\"isPartOf\":{\"@id\":\"https:\/\/www.psib-psoe.org\/eivissa\/#website\"},\"primaryImageOfPage\":{\"@id\":\"https:\/\/www.psib-psoe.org\/eivissa\/el-psoe-exigeix-a-carmen-ferrer-que-envii-a-fiscalia-tots-els-contractes-de-letapa-de-vicent-mari-com-a-alcalde-de-santa-eularia-relacionats-amb-el-cas-de-la-vida-islados\/#primaryimage\"},\"image\":{\"@id\":\"https:\/\/www.psib-psoe.org\/eivissa\/el-psoe-exigeix-a-carmen-ferrer-que-envii-a-fiscalia-tots-els-contractes-de-letapa-de-vicent-mari-com-a-alcalde-de-santa-eularia-relacionats-amb-el-cas-de-la-vida-islados\/#primaryimage\"},\"thumbnailUrl\":\"https:\/\/www.psib-psoe.org\/eivissa\/wp-content\/uploads\/vicent-carmen-fiscali.jpg\",\"datePublished\":\"2022-04-10T10:45:26+00:00\",\"dateModified\":\"2022-04-11T08:14:11+00:00\",\"breadcrumb\":{\"@id\":\"https:\/\/www.psib-psoe.org\/eivissa\/el-psoe-exigeix-a-carmen-ferrer-que-envii-a-fiscalia-tots-els-contractes-de-letapa-de-vicent-mari-com-a-alcalde-de-santa-eularia-relacionats-amb-el-cas-de-la-vida-islados\/#breadcrumb\"},\"inLanguage\":\"ca\",\"potentialAction\":[{\"@type\":\"ReadAction\",\"target\":[\"https:\/\/www.psib-psoe.org\/eivissa\/el-psoe-exigeix-a-carmen-ferrer-que-envii-a-fiscalia-tots-els-contractes-de-letapa-de-vicent-mari-com-a-alcalde-de-santa-eularia-relacionats-amb-el-cas-de-la-vida-islados\/\"]}]},{\"@type\":\"ImageObject\",\"inLanguage\":\"ca\",\"@id\":\"https:\/\/www.psib-psoe.org\/eivissa\/el-psoe-exigeix-a-carmen-ferrer-que-envii-a-fiscalia-tots-els-contractes-de-letapa-de-vicent-mari-com-a-alcalde-de-santa-eularia-relacionats-amb-el-cas-de-la-vida-islados\/#primaryimage\",\"url\":\"https:\/\/www.psib-psoe.org\/eivissa\/wp-content\/uploads\/vicent-carmen-fiscali.jpg\",\"contentUrl\":\"https:\/\/www.psib-psoe.org\/eivissa\/wp-content\/uploads\/vicent-carmen-fiscali.jpg\",\"width\":1023,\"height\":412},{\"@type\":\"BreadcrumbList\",\"@id\":\"https:\/\/www.psib-psoe.org\/eivissa\/el-psoe-exigeix-a-carmen-ferrer-que-envii-a-fiscalia-tots-els-contractes-de-letapa-de-vicent-mari-com-a-alcalde-de-santa-eularia-relacionats-amb-el-cas-de-la-vida-islados\/#breadcrumb\",\"itemListElement\":[{\"@type\":\"ListItem\",\"position\":1,\"name\":\"Inici\",\"item\":\"https:\/\/www.psib-psoe.org\/eivissa\/\"},{\"@type\":\"ListItem\",\"position\":2,\"name\":\"El PSOE exigeix a Carmen Ferrer que envi\u00ef a Fiscalia tots els contractes de l&#8217;etapa de Vicent Mar\u00ed com a alcalde de Santa Eul\u00e0ria relacionats amb el cas de &#8220;La vida islados&#8221;\"}]},{\"@type\":\"WebSite\",\"@id\":\"https:\/\/www.psib-psoe.org\/eivissa\/#website\",\"url\":\"https:\/\/www.psib-psoe.org\/eivissa\/\",\"name\":\"Federaci\u00f3 Socialista d'Eivissa\",\"description\":\"Socialistes d&#039;Eivissa\",\"publisher\":{\"@id\":\"https:\/\/www.psib-psoe.org\/eivissa\/#organization\"},\"potentialAction\":[{\"@type\":\"SearchAction\",\"target\":{\"@type\":\"EntryPoint\",\"urlTemplate\":\"https:\/\/www.psib-psoe.org\/eivissa\/?s={search_term_string}\"},\"query-input\":{\"@type\":\"PropertyValueSpecification\",\"valueRequired\":true,\"valueName\":\"search_term_string\"}}],\"inLanguage\":\"ca\"},{\"@type\":\"Organization\",\"@id\":\"https:\/\/www.psib-psoe.org\/eivissa\/#organization\",\"name\":\"Federaci\u00f3 Socialista d'Eivissa\",\"url\":\"https:\/\/www.psib-psoe.org\/eivissa\/\",\"logo\":{\"@type\":\"ImageObject\",\"inLanguage\":\"ca\",\"@id\":\"https:\/\/www.psib-psoe.org\/eivissa\/#\/schema\/logo\/image\/\",\"url\":\"https:\/\/www.psib-psoe.org\/eivissa\/wp-content\/uploads\/LOGO-FSE-SOCIALISTA-DEIVISSA-HORI.png\",\"contentUrl\":\"https:\/\/www.psib-psoe.org\/eivissa\/wp-content\/uploads\/LOGO-FSE-SOCIALISTA-DEIVISSA-HORI.png\",\"width\":6000,\"height\":3104,\"caption\":\"Federaci\u00f3 Socialista d'Eivissa\"},\"image\":{\"@id\":\"https:\/\/www.psib-psoe.org\/eivissa\/#\/schema\/logo\/image\/\"}},{\"@type\":\"Person\",\"@id\":\"https:\/\/www.psib-psoe.org\/eivissa\/#\/schema\/person\/7a9d2841fb36f32e34fc0e9b245e8117\",\"name\":\"Josep Ripoll\",\"sameAs\":[\"http:\/\/www.psib-psoe.org\/eivissa\/wp-login.php\"],\"url\":\"https:\/\/www.psib-psoe.org\/eivissa\/author\/josep\/\"}]}<\/script>\n<!-- \/ Yoast SEO plugin. -->","yoast_head_json":{"title":"El PSOE exigeix a Carmen Ferrer que envi\u00ef a Fiscalia tots els contractes de l'etapa de Vicent Mar\u00ed com a alcalde de Santa Eul\u00e0ria relacionats amb el cas de \"La vida islados\" - Federaci\u00f3 Socialista d&#039;Eivissa","robots":{"index":"index","follow":"follow","max-snippet":"max-snippet:-1","max-image-preview":"max-image-preview:large","max-video-preview":"max-video-preview:-1"},"canonical":"https:\/\/www.psib-psoe.org\/eivissa\/el-psoe-exigeix-a-carmen-ferrer-que-envii-a-fiscalia-tots-els-contractes-de-letapa-de-vicent-mari-com-a-alcalde-de-santa-eularia-relacionats-amb-el-cas-de-la-vida-islados\/","og_locale":"ca_ES","og_type":"article","og_title":"El PSOE exigeix a Carmen Ferrer que envi\u00ef a Fiscalia tots els contractes de l'etapa de Vicent Mar\u00ed com a alcalde de Santa Eul\u00e0ria relacionats amb el cas de \"La vida islados\" - Federaci\u00f3 Socialista d&#039;Eivissa","og_description":"Davant les escandaloses manifestacions de l&#8217;alcaldessa de Santa Eul\u00e0ria des Riu, Carmen Ferrer, reconeixent p\u00fablicament contractes irregulars de l&#8217;ajuntament relacionats amb el cas &#8220;La Vida Islados&#8221;, el PSOE li exigeix que immediatament envi\u00ef a Fiscalia tota la documentaci\u00f3 de l&#8217;etapa de Vicent Mar\u00ed com a alcalde. Des de la Federaci\u00f3 Socialista d&#8217;Eivissa volem manifestar la&hellip;","og_url":"https:\/\/www.psib-psoe.org\/eivissa\/el-psoe-exigeix-a-carmen-ferrer-que-envii-a-fiscalia-tots-els-contractes-de-letapa-de-vicent-mari-com-a-alcalde-de-santa-eularia-relacionats-amb-el-cas-de-la-vida-islados\/","og_site_name":"Federaci\u00f3 Socialista d&#039;Eivissa","article_published_time":"2022-04-10T10:45:26+00:00","article_modified_time":"2022-04-11T08:14:11+00:00","og_image":[{"width":1023,"height":412,"url":"https:\/\/www.psib-psoe.org\/eivissa\/wp-content\/uploads\/vicent-carmen-fiscali.jpg","type":"image\/jpeg"}],"author":"Josep Ripoll","twitter_card":"summary_large_image","twitter_misc":{"Escrit per":"Josep Ripoll","Temps estimat de lectura":"2 minuts"},"schema":{"@context":"https:\/\/schema.org","@graph":[{"@type":["Article","BlogPosting"],"@id":"https:\/\/www.psib-psoe.org\/eivissa\/el-psoe-exigeix-a-carmen-ferrer-que-envii-a-fiscalia-tots-els-contractes-de-letapa-de-vicent-mari-com-a-alcalde-de-santa-eularia-relacionats-amb-el-cas-de-la-vida-islados\/#article","isPartOf":{"@id":"https:\/\/www.psib-psoe.org\/eivissa\/el-psoe-exigeix-a-carmen-ferrer-que-envii-a-fiscalia-tots-els-contractes-de-letapa-de-vicent-mari-com-a-alcalde-de-santa-eularia-relacionats-amb-el-cas-de-la-vida-islados\/"},"author":{"name":"Josep Ripoll","@id":"https:\/\/www.psib-psoe.org\/eivissa\/#\/schema\/person\/7a9d2841fb36f32e34fc0e9b245e8117"},"headline":"El PSOE exigeix a Carmen Ferrer que envi\u00ef a Fiscalia tots els contractes de l&#8217;etapa de Vicent Mar\u00ed com a alcalde de Santa Eul\u00e0ria relacionats amb el cas de &#8220;La vida islados&#8221;","datePublished":"2022-04-10T10:45:26+00:00","dateModified":"2022-04-11T08:14:11+00:00","mainEntityOfPage":{"@id":"https:\/\/www.psib-psoe.org\/eivissa\/el-psoe-exigeix-a-carmen-ferrer-que-envii-a-fiscalia-tots-els-contractes-de-letapa-de-vicent-mari-com-a-alcalde-de-santa-eularia-relacionats-amb-el-cas-de-la-vida-islados\/"},"wordCount":353,"publisher":{"@id":"https:\/\/www.psib-psoe.org\/eivissa\/#organization"},"image":{"@id":"https:\/\/www.psib-psoe.org\/eivissa\/el-psoe-exigeix-a-carmen-ferrer-que-envii-a-fiscalia-tots-els-contractes-de-letapa-de-vicent-mari-com-a-alcalde-de-santa-eularia-relacionats-amb-el-cas-de-la-vida-islados\/#primaryimage"},"thumbnailUrl":"https:\/\/www.psib-psoe.org\/eivissa\/wp-content\/uploads\/vicent-carmen-fiscali.jpg","articleSection":["Consell d'Eivissa","Federaci\u00f3 d'Eivissa - Portada","Municipis","Santa Eul\u00e0ria des Riu"],"inLanguage":"ca"},{"@type":"WebPage","@id":"https:\/\/www.psib-psoe.org\/eivissa\/el-psoe-exigeix-a-carmen-ferrer-que-envii-a-fiscalia-tots-els-contractes-de-letapa-de-vicent-mari-com-a-alcalde-de-santa-eularia-relacionats-amb-el-cas-de-la-vida-islados\/","url":"https:\/\/www.psib-psoe.org\/eivissa\/el-psoe-exigeix-a-carmen-ferrer-que-envii-a-fiscalia-tots-els-contractes-de-letapa-de-vicent-mari-com-a-alcalde-de-santa-eularia-relacionats-amb-el-cas-de-la-vida-islados\/","name":"El PSOE exigeix a Carmen Ferrer que envi\u00ef a Fiscalia tots els contractes de l'etapa de Vicent Mar\u00ed com a alcalde de Santa Eul\u00e0ria relacionats amb el cas de \"La vida islados\" - Federaci\u00f3 Socialista d&#039;Eivissa","isPartOf":{"@id":"https:\/\/www.psib-psoe.org\/eivissa\/#website"},"primaryImageOfPage":{"@id":"https:\/\/www.psib-psoe.org\/eivissa\/el-psoe-exigeix-a-carmen-ferrer-que-envii-a-fiscalia-tots-els-contractes-de-letapa-de-vicent-mari-com-a-alcalde-de-santa-eularia-relacionats-amb-el-cas-de-la-vida-islados\/#primaryimage"},"image":{"@id":"https:\/\/www.psib-psoe.org\/eivissa\/el-psoe-exigeix-a-carmen-ferrer-que-envii-a-fiscalia-tots-els-contractes-de-letapa-de-vicent-mari-com-a-alcalde-de-santa-eularia-relacionats-amb-el-cas-de-la-vida-islados\/#primaryimage"},"thumbnailUrl":"https:\/\/www.psib-psoe.org\/eivissa\/wp-content\/uploads\/vicent-carmen-fiscali.jpg","datePublished":"2022-04-10T10:45:26+00:00","dateModified":"2022-04-11T08:14:11+00:00","breadcrumb":{"@id":"https:\/\/www.psib-psoe.org\/eivissa\/el-psoe-exigeix-a-carmen-ferrer-que-envii-a-fiscalia-tots-els-contractes-de-letapa-de-vicent-mari-com-a-alcalde-de-santa-eularia-relacionats-amb-el-cas-de-la-vida-islados\/#breadcrumb"},"inLanguage":"ca","potentialAction":[{"@type":"ReadAction","target":["https:\/\/www.psib-psoe.org\/eivissa\/el-psoe-exigeix-a-carmen-ferrer-que-envii-a-fiscalia-tots-els-contractes-de-letapa-de-vicent-mari-com-a-alcalde-de-santa-eularia-relacionats-amb-el-cas-de-la-vida-islados\/"]}]},{"@type":"ImageObject","inLanguage":"ca","@id":"https:\/\/www.psib-psoe.org\/eivissa\/el-psoe-exigeix-a-carmen-ferrer-que-envii-a-fiscalia-tots-els-contractes-de-letapa-de-vicent-mari-com-a-alcalde-de-santa-eularia-relacionats-amb-el-cas-de-la-vida-islados\/#primaryimage","url":"https:\/\/www.psib-psoe.org\/eivissa\/wp-content\/uploads\/vicent-carmen-fiscali.jpg","contentUrl":"https:\/\/www.psib-psoe.org\/eivissa\/wp-content\/uploads\/vicent-carmen-fiscali.jpg","width":1023,"height":412},{"@type":"BreadcrumbList","@id":"https:\/\/www.psib-psoe.org\/eivissa\/el-psoe-exigeix-a-carmen-ferrer-que-envii-a-fiscalia-tots-els-contractes-de-letapa-de-vicent-mari-com-a-alcalde-de-santa-eularia-relacionats-amb-el-cas-de-la-vida-islados\/#breadcrumb","itemListElement":[{"@type":"ListItem","position":1,"name":"Inici","item":"https:\/\/www.psib-psoe.org\/eivissa\/"},{"@type":"ListItem","position":2,"name":"El PSOE exigeix a Carmen Ferrer que envi\u00ef a Fiscalia tots els contractes de l&#8217;etapa de Vicent Mar\u00ed com a alcalde de Santa Eul\u00e0ria relacionats amb el cas de &#8220;La vida islados&#8221;"}]},{"@type":"WebSite","@id":"https:\/\/www.psib-psoe.org\/eivissa\/#website","url":"https:\/\/www.psib-psoe.org\/eivissa\/","name":"Federaci\u00f3 Socialista d'Eivissa","description":"Socialistes d&#039;Eivissa","publisher":{"@id":"https:\/\/www.psib-psoe.org\/eivissa\/#organization"},"potentialAction":[{"@type":"SearchAction","target":{"@type":"EntryPoint","urlTemplate":"https:\/\/www.psib-psoe.org\/eivissa\/?s={search_term_string}"},"query-input":{"@type":"PropertyValueSpecification","valueRequired":true,"valueName":"search_term_string"}}],"inLanguage":"ca"},{"@type":"Organization","@id":"https:\/\/www.psib-psoe.org\/eivissa\/#organization","name":"Federaci\u00f3 Socialista d'Eivissa","url":"https:\/\/www.psib-psoe.org\/eivissa\/","logo":{"@type":"ImageObject","inLanguage":"ca","@id":"https:\/\/www.psib-psoe.org\/eivissa\/#\/schema\/logo\/image\/","url":"https:\/\/www.psib-psoe.org\/eivissa\/wp-content\/uploads\/LOGO-FSE-SOCIALISTA-DEIVISSA-HORI.png","contentUrl":"https:\/\/www.psib-psoe.org\/eivissa\/wp-content\/uploads\/LOGO-FSE-SOCIALISTA-DEIVISSA-HORI.png","width":6000,"height":3104,"caption":"Federaci\u00f3 Socialista d'Eivissa"},"image":{"@id":"https:\/\/www.psib-psoe.org\/eivissa\/#\/schema\/logo\/image\/"}},{"@type":"Person","@id":"https:\/\/www.psib-psoe.org\/eivissa\/#\/schema\/person\/7a9d2841fb36f32e34fc0e9b245e8117","name":"Josep Ripoll","sameAs":["http:\/\/www.psib-psoe.org\/eivissa\/wp-login.php"],"url":"https:\/\/www.psib-psoe.org\/eivissa\/author\/josep\/"}]}},"_links":{"self":[{"href":"https:\/\/www.psib-psoe.org\/eivissa\/wp-json\/wp\/v2\/posts\/35518","targetHints":{"allow":["GET"]}}],"collection":[{"href":"https:\/\/www.psib-psoe.org\/eivissa\/wp-json\/wp\/v2\/posts"}],"about":[{"href":"https:\/\/www.psib-psoe.org\/eivissa\/wp-json\/wp\/v2\/types\/post"}],"author":[{"embeddable":true,"href":"https:\/\/www.psib-psoe.org\/eivissa\/wp-json\/wp\/v2\/users\/7"}],"replies":[{"embeddable":true,"href":"https:\/\/www.psib-psoe.org\/eivissa\/wp-json\/wp\/v2\/comments?post=35518"}],"version-history":[{"count":4,"href":"https:\/\/www.psib-psoe.org\/eivissa\/wp-json\/wp\/v2\/posts\/35518\/revisions"}],"predecessor-version":[{"id":35530,"href":"https:\/\/www.psib-psoe.org\/eivissa\/wp-json\/wp\/v2\/posts\/35518\/revisions\/35530"}],"wp:featuredmedia":[{"embeddable":true,"href":"https:\/\/www.psib-psoe.org\/eivissa\/wp-json\/wp\/v2\/media\/35519"}],"wp:attachment":[{"href":"https:\/\/www.psib-psoe.org\/eivissa\/wp-json\/wp\/v2\/media?parent=35518"}],"wp:term":[{"taxonomy":"category","embeddable":true,"href":"https:\/\/www.psib-psoe.org\/eivissa\/wp-json\/wp\/v2\/categories?post=35518"},{"taxonomy":"post_tag","embeddable":true,"href":"https:\/\/www.psib-psoe.org\/eivissa\/wp-json\/wp\/v2\/tags?post=35518"}],"curies":[{"name":"wp","href":"https:\/\/api.w.org\/{rel}","templated":true}]}}