{"id":35586,"date":"2022-04-23T12:42:13","date_gmt":"2022-04-23T10:42:13","guid":{"rendered":"https:\/\/www.psib-psoe.org\/eivissa\/?p=35586"},"modified":"2022-04-23T12:42:13","modified_gmt":"2022-04-23T10:42:13","slug":"azahara-pena-fa-una-crida-als-i-a-les-joves-deivissa-a-participar-en-la-lluita-progressista-reelegida-secretaria-general-en-el-6e-congres-de-les-joventuts-socialistes","status":"publish","type":"post","link":"https:\/\/www.psib-psoe.org\/eivissa\/azahara-pena-fa-una-crida-als-i-a-les-joves-deivissa-a-participar-en-la-lluita-progressista-reelegida-secretaria-general-en-el-6e-congres-de-les-joventuts-socialistes\/","title":{"rendered":"Azahara Pe\u00f1a fa una crida als i a les joves d&#8217;Eivissa a participar en la &#8220;lluita progressista&#8221;. Reelegida secret\u00e0ria general en el 6\u00e8 Congr\u00e9s de les Joventuts Socialistes."},"content":{"rendered":"<div dir=\"ltr\"><span style=\"font-size: large;\">Azahara Pe\u00f1a de la Fuente ha estat reelegida secret\u00e0ria general de les Joventuts Socialistes d&#8217;Eivissa (JSEi), en el 6\u00e8 Congr\u00e9s del partit celebrat ahir a la tarda a la ciutat d&#8217;Eivissa. En el discurs de cloenda, la secret\u00e0ria general va fer una crida als i a les joves d&#8217;Eivissa a participar en la &#8220;lluita progressista&#8221;, en favor &#8220;d&#8217;un millor present i un millor futur per al conjunt de societat: &#8220;No estam perduts ni perdudes, sabem el que volem, no som la generaci\u00f3 de vidre, no som la generaci\u00f3 de cot\u00f3, som joves, amb ganes, embolicats en incerteses i dubtes, volem que ens escoltin i passar a l&#8217;acci\u00f3, i ho volem ara, perqu\u00e8 companys i companyes, la lluita \u00e9s ara&#8221;, va afirmar Azahara Pe\u00f1a davant dels assistents al congr\u00e9s, entre els quals hi havia el secretari general de les Joventuts Socialistes de les Illes Balears (JSIB), Ares Fern\u00e1ndez, i el secretari general de la Federaci\u00f3 Socialista d&#8217;Eivissa (FSE-PSOE), Josep Mar\u00ed Ribas.<\/p>\n<p>Azahara Pe\u00f1a va destacar que formar part de les JSEi &#8220;\u00e9s com formar part d&#8217;una petita fam\u00edlia, que dia a dia lluita i fa pol\u00edtiques per a la joventut de les nostres illes&#8221;, unes pol\u00edtiques &#8220;que milloren la vida de moltes persones joves, i sobretot de dones joves&#8221;. La secret\u00e0ria general va definir la milit\u00e0ncia com a &#8220;apassionada, radical, lluitadora, imaginativa, lleial i ambiciosa del b\u00e9 com\u00fa&#8221;. A les Joventuts Socialista, &#8220;defensam pol\u00edtiques apassionades, perqu\u00e8 els i les socialistes feim pol\u00edtiques amb passi\u00f3 i des del cor&#8221;.<\/p>\n<p>Entre els reptes dels i de les joves d&#8217;Eivissa, Azahara Pe\u00f1a va destacar la necessitat de &#8220;lluitar perqu\u00e8 ning\u00fa es quedi endarrere, en un m\u00f3n cada volta m\u00e9s competitiu&#8221;, &#8220;que les dones tenguem les mateixes oportunitats&#8221;, i altres q\u00fcestions com l&#8217;acc\u00e9s a l&#8217;educaci\u00f3 i la formaci\u00f3 p\u00fablica i de qualitat, a l&#8217;habitatge, o que des d&#8217;Eivissa &#8220;ajudem a tenir un planeta blau i verd, no un lloc gris explotat pels que s&#8217;enriqueixen a costa de tot i de tots&#8221;.<\/p>\n<p>&#8220;Comen\u00e7am una nova etapa per centrar-nos en el que volem per avui i per dem\u00e0&#8221;, va ressaltar Azahara Pe\u00f1a, animant el conjunt del partit a mobilitzar la joventut de l&#8217;illa per &#8220;treballar en idees i programes, perqu\u00e8 l&#8217;any que ve ser\u00e0 any electoral i les nostres propostes han d&#8217;arribar a les institucions&#8221;.<\/p>\n<p>El secretari general de les Joventuts Socialista de les Illes Balears, Ares Fern\u00e1ndez, va felicitar Azahara Pe\u00f1a i la nova Executiva, destacant &#8220;l&#8217;aportaci\u00f3 que heu fet els i les socialistes d&#8217;Eivissa al conjunt de la Comunitat&#8221;. Segons Ares Fern\u00e1ndez, fa falta una organitzaci\u00f3 pol\u00edtica com les Joventuts Socialistes per fer arribar a les institucions les necessitats dels joves, i per aix\u00f2 va animar les JSEi a seguir treballant com els \u00faltims anys, &#8220;sumant m\u00e9s joves a la lluita&#8221;.<\/p>\n<p>El secretari general de la Federaci\u00f3 Socialista d&#8217;Eivissa, Josep Mar\u00ed Ribas, va intervenir en la cloenda del 6\u00e8 Congr\u00e9s de les JSEi per felicitar Azahara Pe\u00f1a i la nova Executiva de les JSEi, destacant que &#8220;la vostra reivindicaci\u00f3 ha de continuar al\u00e7ant la veu, lluitant per les vostres idees&#8221;.Mar\u00ed Ribas va posar l&#8217;exemple que &#8220;el Govern de les Illes Balears ha pres en consideraci\u00f3 moltes de les reclamacions que els joves heu fet a les nostres Illes, com en mat\u00e8ria d&#8217;habitatge&#8221;, fet que demostra que &#8220;les Joventuts Socialistes heu de continuar participant, introduint missatges i accions en favor dels i de les joves i del conjunt de la societat&#8221;.<\/span><\/div>\n<p><span style=\"font-size: large;\"><br \/>\n<b>Comissi\u00f3 Executiva Joventuts Socialistes d&#8217;Eivissa<br \/>\n<\/b>Azahara Pe\u00f1a, secret\u00e0ria general<br \/>\nIv\u00e1n Torres, secretari d&#8217;Organitzaci\u00f3<br \/>\nPaula Torres, secret\u00e0ria d&#8217;Igualtat i Assumptes Socials<br \/>\nIv\u00e1n Guerrero, secretari de Pol\u00edtica Institucional<br \/>\nGabriela Dumitrescu, vocal<br \/>\nJose Luis Beteta, vocal<\/p>\n<p><b>Comit\u00e8 Insular de la FSE-PSOE<br \/>\n<\/b>Ivan Torr\u00e9s Costa<br \/>\nElsa Roldan Ripoll<br \/>\nSuplents:<br \/>\nMario Rubio Comino<br \/>\nGabriela Dumitrescu<\/p>\n<p><b>Consell Nacional de les JSIB<br \/>\n<\/b>Jos\u00e9 Luis Beteta<br \/>\nPaula Torres<br \/>\nSuplents:<br \/>\nIv\u00e1n Guerrero<br \/>\nElsa Roldan Ripoll<\/span><\/p>\n","protected":false},"excerpt":{"rendered":"<p>Azahara Pe\u00f1a de la Fuente ha estat reelegida secret\u00e0ria general de les Joventuts Socialistes d&#8217;Eivissa (JSEi), en el 6\u00e8 Congr\u00e9s del partit celebrat ahir a la tarda a la ciutat d&#8217;Eivissa. En el discurs de cloenda, la secret\u00e0ria general va fer una crida als i a les joves d&#8217;Eivissa a participar en la &#8220;lluita progressista&#8221;,&hellip;<\/p>\n","protected":false},"author":12,"featured_media":35587,"comment_status":"closed","ping_status":"closed","sticky":false,"template":"","format":"standard","meta":{"footnotes":""},"categories":[1,260],"tags":[],"class_list":["post-35586","post","type-post","status-publish","format-standard","has-post-thumbnail","hentry","category-federacio-de-eivissa-portada","category-joventuts-socialistes-deivissa"],"yoast_head":"<!-- This site is optimized with the Yoast SEO plugin v26.9 - https:\/\/yoast.com\/product\/yoast-seo-wordpress\/ -->\n<title>Azahara Pe\u00f1a fa una crida als i a les joves d&#039;Eivissa a participar en la &quot;lluita progressista&quot;. Reelegida secret\u00e0ria general en el 6\u00e8 Congr\u00e9s de les Joventuts Socialistes. - Federaci\u00f3 Socialista d&#039;Eivissa<\/title>\n<meta name=\"robots\" content=\"index, follow, max-snippet:-1, max-image-preview:large, max-video-preview:-1\" \/>\n<link rel=\"canonical\" href=\"https:\/\/www.psib-psoe.org\/eivissa\/azahara-pena-fa-una-crida-als-i-a-les-joves-deivissa-a-participar-en-la-lluita-progressista-reelegida-secretaria-general-en-el-6e-congres-de-les-joventuts-socialistes\/\" \/>\n<meta property=\"og:locale\" content=\"ca_ES\" \/>\n<meta property=\"og:type\" content=\"article\" \/>\n<meta property=\"og:title\" content=\"Azahara Pe\u00f1a fa una crida als i a les joves d&#039;Eivissa a participar en la &quot;lluita progressista&quot;. Reelegida secret\u00e0ria general en el 6\u00e8 Congr\u00e9s de les Joventuts Socialistes. - Federaci\u00f3 Socialista d&#039;Eivissa\" \/>\n<meta property=\"og:description\" content=\"Azahara Pe\u00f1a de la Fuente ha estat reelegida secret\u00e0ria general de les Joventuts Socialistes d&#8217;Eivissa (JSEi), en el 6\u00e8 Congr\u00e9s del partit celebrat ahir a la tarda a la ciutat d&#8217;Eivissa. En el discurs de cloenda, la secret\u00e0ria general va fer una crida als i a les joves d&#8217;Eivissa a participar en la &#8220;lluita progressista&#8221;,&hellip;\" \/>\n<meta property=\"og:url\" content=\"https:\/\/www.psib-psoe.org\/eivissa\/azahara-pena-fa-una-crida-als-i-a-les-joves-deivissa-a-participar-en-la-lluita-progressista-reelegida-secretaria-general-en-el-6e-congres-de-les-joventuts-socialistes\/\" \/>\n<meta property=\"og:site_name\" content=\"Federaci\u00f3 Socialista d&#039;Eivissa\" \/>\n<meta property=\"article:published_time\" content=\"2022-04-23T10:42:13+00:00\" \/>\n<meta property=\"og:image\" content=\"https:\/\/www.psib-psoe.org\/eivissa\/wp-content\/uploads\/EXECUTIVA-JSEI.jpeg\" \/>\n\t<meta property=\"og:image:width\" content=\"2000\" \/>\n\t<meta property=\"og:image:height\" content=\"1500\" \/>\n\t<meta property=\"og:image:type\" content=\"image\/jpeg\" \/>\n<meta name=\"author\" content=\"Azahara\" \/>\n<meta name=\"twitter:card\" content=\"summary_large_image\" \/>\n<meta name=\"twitter:label1\" content=\"Escrit per\" \/>\n\t<meta name=\"twitter:data1\" content=\"Azahara\" \/>\n\t<meta name=\"twitter:label2\" content=\"Temps estimat de lectura\" \/>\n\t<meta name=\"twitter:data2\" content=\"3 minuts\" \/>\n<script type=\"application\/ld+json\" class=\"yoast-schema-graph\">{\"@context\":\"https:\/\/schema.org\",\"@graph\":[{\"@type\":[\"Article\",\"BlogPosting\"],\"@id\":\"https:\/\/www.psib-psoe.org\/eivissa\/azahara-pena-fa-una-crida-als-i-a-les-joves-deivissa-a-participar-en-la-lluita-progressista-reelegida-secretaria-general-en-el-6e-congres-de-les-joventuts-socialistes\/#article\",\"isPartOf\":{\"@id\":\"https:\/\/www.psib-psoe.org\/eivissa\/azahara-pena-fa-una-crida-als-i-a-les-joves-deivissa-a-participar-en-la-lluita-progressista-reelegida-secretaria-general-en-el-6e-congres-de-les-joventuts-socialistes\/\"},\"author\":{\"name\":\"Azahara\",\"@id\":\"https:\/\/www.psib-psoe.org\/eivissa\/#\/schema\/person\/68066b276b53995e2bd8dac00f0bc415\"},\"headline\":\"Azahara Pe\u00f1a fa una crida als i a les joves d&#8217;Eivissa a participar en la &#8220;lluita progressista&#8221;. Reelegida secret\u00e0ria general en el 6\u00e8 Congr\u00e9s de les Joventuts Socialistes.\",\"datePublished\":\"2022-04-23T10:42:13+00:00\",\"mainEntityOfPage\":{\"@id\":\"https:\/\/www.psib-psoe.org\/eivissa\/azahara-pena-fa-una-crida-als-i-a-les-joves-deivissa-a-participar-en-la-lluita-progressista-reelegida-secretaria-general-en-el-6e-congres-de-les-joventuts-socialistes\/\"},\"wordCount\":700,\"publisher\":{\"@id\":\"https:\/\/www.psib-psoe.org\/eivissa\/#organization\"},\"image\":{\"@id\":\"https:\/\/www.psib-psoe.org\/eivissa\/azahara-pena-fa-una-crida-als-i-a-les-joves-deivissa-a-participar-en-la-lluita-progressista-reelegida-secretaria-general-en-el-6e-congres-de-les-joventuts-socialistes\/#primaryimage\"},\"thumbnailUrl\":\"https:\/\/www.psib-psoe.org\/eivissa\/wp-content\/uploads\/EXECUTIVA-JSEI.jpeg\",\"articleSection\":[\"Federaci\u00f3 d'Eivissa - Portada\",\"Joventuts Socialistes d'Eivissa\"],\"inLanguage\":\"ca\"},{\"@type\":\"WebPage\",\"@id\":\"https:\/\/www.psib-psoe.org\/eivissa\/azahara-pena-fa-una-crida-als-i-a-les-joves-deivissa-a-participar-en-la-lluita-progressista-reelegida-secretaria-general-en-el-6e-congres-de-les-joventuts-socialistes\/\",\"url\":\"https:\/\/www.psib-psoe.org\/eivissa\/azahara-pena-fa-una-crida-als-i-a-les-joves-deivissa-a-participar-en-la-lluita-progressista-reelegida-secretaria-general-en-el-6e-congres-de-les-joventuts-socialistes\/\",\"name\":\"Azahara Pe\u00f1a fa una crida als i a les joves d'Eivissa a participar en la \\\"lluita progressista\\\". Reelegida secret\u00e0ria general en el 6\u00e8 Congr\u00e9s de les Joventuts Socialistes. - Federaci\u00f3 Socialista d&#039;Eivissa\",\"isPartOf\":{\"@id\":\"https:\/\/www.psib-psoe.org\/eivissa\/#website\"},\"primaryImageOfPage\":{\"@id\":\"https:\/\/www.psib-psoe.org\/eivissa\/azahara-pena-fa-una-crida-als-i-a-les-joves-deivissa-a-participar-en-la-lluita-progressista-reelegida-secretaria-general-en-el-6e-congres-de-les-joventuts-socialistes\/#primaryimage\"},\"image\":{\"@id\":\"https:\/\/www.psib-psoe.org\/eivissa\/azahara-pena-fa-una-crida-als-i-a-les-joves-deivissa-a-participar-en-la-lluita-progressista-reelegida-secretaria-general-en-el-6e-congres-de-les-joventuts-socialistes\/#primaryimage\"},\"thumbnailUrl\":\"https:\/\/www.psib-psoe.org\/eivissa\/wp-content\/uploads\/EXECUTIVA-JSEI.jpeg\",\"datePublished\":\"2022-04-23T10:42:13+00:00\",\"breadcrumb\":{\"@id\":\"https:\/\/www.psib-psoe.org\/eivissa\/azahara-pena-fa-una-crida-als-i-a-les-joves-deivissa-a-participar-en-la-lluita-progressista-reelegida-secretaria-general-en-el-6e-congres-de-les-joventuts-socialistes\/#breadcrumb\"},\"inLanguage\":\"ca\",\"potentialAction\":[{\"@type\":\"ReadAction\",\"target\":[\"https:\/\/www.psib-psoe.org\/eivissa\/azahara-pena-fa-una-crida-als-i-a-les-joves-deivissa-a-participar-en-la-lluita-progressista-reelegida-secretaria-general-en-el-6e-congres-de-les-joventuts-socialistes\/\"]}]},{\"@type\":\"ImageObject\",\"inLanguage\":\"ca\",\"@id\":\"https:\/\/www.psib-psoe.org\/eivissa\/azahara-pena-fa-una-crida-als-i-a-les-joves-deivissa-a-participar-en-la-lluita-progressista-reelegida-secretaria-general-en-el-6e-congres-de-les-joventuts-socialistes\/#primaryimage\",\"url\":\"https:\/\/www.psib-psoe.org\/eivissa\/wp-content\/uploads\/EXECUTIVA-JSEI.jpeg\",\"contentUrl\":\"https:\/\/www.psib-psoe.org\/eivissa\/wp-content\/uploads\/EXECUTIVA-JSEI.jpeg\",\"width\":2000,\"height\":1500},{\"@type\":\"BreadcrumbList\",\"@id\":\"https:\/\/www.psib-psoe.org\/eivissa\/azahara-pena-fa-una-crida-als-i-a-les-joves-deivissa-a-participar-en-la-lluita-progressista-reelegida-secretaria-general-en-el-6e-congres-de-les-joventuts-socialistes\/#breadcrumb\",\"itemListElement\":[{\"@type\":\"ListItem\",\"position\":1,\"name\":\"Inici\",\"item\":\"https:\/\/www.psib-psoe.org\/eivissa\/\"},{\"@type\":\"ListItem\",\"position\":2,\"name\":\"Azahara Pe\u00f1a fa una crida als i a les joves d&#8217;Eivissa a participar en la &#8220;lluita progressista&#8221;. Reelegida secret\u00e0ria general en el 6\u00e8 Congr\u00e9s de les Joventuts Socialistes.\"}]},{\"@type\":\"WebSite\",\"@id\":\"https:\/\/www.psib-psoe.org\/eivissa\/#website\",\"url\":\"https:\/\/www.psib-psoe.org\/eivissa\/\",\"name\":\"Federaci\u00f3 Socialista d'Eivissa\",\"description\":\"Socialistes d&#039;Eivissa\",\"publisher\":{\"@id\":\"https:\/\/www.psib-psoe.org\/eivissa\/#organization\"},\"potentialAction\":[{\"@type\":\"SearchAction\",\"target\":{\"@type\":\"EntryPoint\",\"urlTemplate\":\"https:\/\/www.psib-psoe.org\/eivissa\/?s={search_term_string}\"},\"query-input\":{\"@type\":\"PropertyValueSpecification\",\"valueRequired\":true,\"valueName\":\"search_term_string\"}}],\"inLanguage\":\"ca\"},{\"@type\":\"Organization\",\"@id\":\"https:\/\/www.psib-psoe.org\/eivissa\/#organization\",\"name\":\"Federaci\u00f3 Socialista d'Eivissa\",\"url\":\"https:\/\/www.psib-psoe.org\/eivissa\/\",\"logo\":{\"@type\":\"ImageObject\",\"inLanguage\":\"ca\",\"@id\":\"https:\/\/www.psib-psoe.org\/eivissa\/#\/schema\/logo\/image\/\",\"url\":\"https:\/\/www.psib-psoe.org\/eivissa\/wp-content\/uploads\/LOGO-FSE-SOCIALISTA-DEIVISSA-HORI.png\",\"contentUrl\":\"https:\/\/www.psib-psoe.org\/eivissa\/wp-content\/uploads\/LOGO-FSE-SOCIALISTA-DEIVISSA-HORI.png\",\"width\":6000,\"height\":3104,\"caption\":\"Federaci\u00f3 Socialista d'Eivissa\"},\"image\":{\"@id\":\"https:\/\/www.psib-psoe.org\/eivissa\/#\/schema\/logo\/image\/\"}},{\"@type\":\"Person\",\"@id\":\"https:\/\/www.psib-psoe.org\/eivissa\/#\/schema\/person\/68066b276b53995e2bd8dac00f0bc415\",\"name\":\"Azahara\",\"url\":\"https:\/\/www.psib-psoe.org\/eivissa\/author\/azahara\/\"}]}<\/script>\n<!-- \/ Yoast SEO plugin. -->","yoast_head_json":{"title":"Azahara Pe\u00f1a fa una crida als i a les joves d'Eivissa a participar en la \"lluita progressista\". Reelegida secret\u00e0ria general en el 6\u00e8 Congr\u00e9s de les Joventuts Socialistes. - Federaci\u00f3 Socialista d&#039;Eivissa","robots":{"index":"index","follow":"follow","max-snippet":"max-snippet:-1","max-image-preview":"max-image-preview:large","max-video-preview":"max-video-preview:-1"},"canonical":"https:\/\/www.psib-psoe.org\/eivissa\/azahara-pena-fa-una-crida-als-i-a-les-joves-deivissa-a-participar-en-la-lluita-progressista-reelegida-secretaria-general-en-el-6e-congres-de-les-joventuts-socialistes\/","og_locale":"ca_ES","og_type":"article","og_title":"Azahara Pe\u00f1a fa una crida als i a les joves d'Eivissa a participar en la \"lluita progressista\". Reelegida secret\u00e0ria general en el 6\u00e8 Congr\u00e9s de les Joventuts Socialistes. - Federaci\u00f3 Socialista d&#039;Eivissa","og_description":"Azahara Pe\u00f1a de la Fuente ha estat reelegida secret\u00e0ria general de les Joventuts Socialistes d&#8217;Eivissa (JSEi), en el 6\u00e8 Congr\u00e9s del partit celebrat ahir a la tarda a la ciutat d&#8217;Eivissa. En el discurs de cloenda, la secret\u00e0ria general va fer una crida als i a les joves d&#8217;Eivissa a participar en la &#8220;lluita progressista&#8221;,&hellip;","og_url":"https:\/\/www.psib-psoe.org\/eivissa\/azahara-pena-fa-una-crida-als-i-a-les-joves-deivissa-a-participar-en-la-lluita-progressista-reelegida-secretaria-general-en-el-6e-congres-de-les-joventuts-socialistes\/","og_site_name":"Federaci\u00f3 Socialista d&#039;Eivissa","article_published_time":"2022-04-23T10:42:13+00:00","og_image":[{"width":2000,"height":1500,"url":"https:\/\/www.psib-psoe.org\/eivissa\/wp-content\/uploads\/EXECUTIVA-JSEI.jpeg","type":"image\/jpeg"}],"author":"Azahara","twitter_card":"summary_large_image","twitter_misc":{"Escrit per":"Azahara","Temps estimat de lectura":"3 minuts"},"schema":{"@context":"https:\/\/schema.org","@graph":[{"@type":["Article","BlogPosting"],"@id":"https:\/\/www.psib-psoe.org\/eivissa\/azahara-pena-fa-una-crida-als-i-a-les-joves-deivissa-a-participar-en-la-lluita-progressista-reelegida-secretaria-general-en-el-6e-congres-de-les-joventuts-socialistes\/#article","isPartOf":{"@id":"https:\/\/www.psib-psoe.org\/eivissa\/azahara-pena-fa-una-crida-als-i-a-les-joves-deivissa-a-participar-en-la-lluita-progressista-reelegida-secretaria-general-en-el-6e-congres-de-les-joventuts-socialistes\/"},"author":{"name":"Azahara","@id":"https:\/\/www.psib-psoe.org\/eivissa\/#\/schema\/person\/68066b276b53995e2bd8dac00f0bc415"},"headline":"Azahara Pe\u00f1a fa una crida als i a les joves d&#8217;Eivissa a participar en la &#8220;lluita progressista&#8221;. Reelegida secret\u00e0ria general en el 6\u00e8 Congr\u00e9s de les Joventuts Socialistes.","datePublished":"2022-04-23T10:42:13+00:00","mainEntityOfPage":{"@id":"https:\/\/www.psib-psoe.org\/eivissa\/azahara-pena-fa-una-crida-als-i-a-les-joves-deivissa-a-participar-en-la-lluita-progressista-reelegida-secretaria-general-en-el-6e-congres-de-les-joventuts-socialistes\/"},"wordCount":700,"publisher":{"@id":"https:\/\/www.psib-psoe.org\/eivissa\/#organization"},"image":{"@id":"https:\/\/www.psib-psoe.org\/eivissa\/azahara-pena-fa-una-crida-als-i-a-les-joves-deivissa-a-participar-en-la-lluita-progressista-reelegida-secretaria-general-en-el-6e-congres-de-les-joventuts-socialistes\/#primaryimage"},"thumbnailUrl":"https:\/\/www.psib-psoe.org\/eivissa\/wp-content\/uploads\/EXECUTIVA-JSEI.jpeg","articleSection":["Federaci\u00f3 d'Eivissa - Portada","Joventuts Socialistes d'Eivissa"],"inLanguage":"ca"},{"@type":"WebPage","@id":"https:\/\/www.psib-psoe.org\/eivissa\/azahara-pena-fa-una-crida-als-i-a-les-joves-deivissa-a-participar-en-la-lluita-progressista-reelegida-secretaria-general-en-el-6e-congres-de-les-joventuts-socialistes\/","url":"https:\/\/www.psib-psoe.org\/eivissa\/azahara-pena-fa-una-crida-als-i-a-les-joves-deivissa-a-participar-en-la-lluita-progressista-reelegida-secretaria-general-en-el-6e-congres-de-les-joventuts-socialistes\/","name":"Azahara Pe\u00f1a fa una crida als i a les joves d'Eivissa a participar en la \"lluita progressista\". Reelegida secret\u00e0ria general en el 6\u00e8 Congr\u00e9s de les Joventuts Socialistes. - Federaci\u00f3 Socialista d&#039;Eivissa","isPartOf":{"@id":"https:\/\/www.psib-psoe.org\/eivissa\/#website"},"primaryImageOfPage":{"@id":"https:\/\/www.psib-psoe.org\/eivissa\/azahara-pena-fa-una-crida-als-i-a-les-joves-deivissa-a-participar-en-la-lluita-progressista-reelegida-secretaria-general-en-el-6e-congres-de-les-joventuts-socialistes\/#primaryimage"},"image":{"@id":"https:\/\/www.psib-psoe.org\/eivissa\/azahara-pena-fa-una-crida-als-i-a-les-joves-deivissa-a-participar-en-la-lluita-progressista-reelegida-secretaria-general-en-el-6e-congres-de-les-joventuts-socialistes\/#primaryimage"},"thumbnailUrl":"https:\/\/www.psib-psoe.org\/eivissa\/wp-content\/uploads\/EXECUTIVA-JSEI.jpeg","datePublished":"2022-04-23T10:42:13+00:00","breadcrumb":{"@id":"https:\/\/www.psib-psoe.org\/eivissa\/azahara-pena-fa-una-crida-als-i-a-les-joves-deivissa-a-participar-en-la-lluita-progressista-reelegida-secretaria-general-en-el-6e-congres-de-les-joventuts-socialistes\/#breadcrumb"},"inLanguage":"ca","potentialAction":[{"@type":"ReadAction","target":["https:\/\/www.psib-psoe.org\/eivissa\/azahara-pena-fa-una-crida-als-i-a-les-joves-deivissa-a-participar-en-la-lluita-progressista-reelegida-secretaria-general-en-el-6e-congres-de-les-joventuts-socialistes\/"]}]},{"@type":"ImageObject","inLanguage":"ca","@id":"https:\/\/www.psib-psoe.org\/eivissa\/azahara-pena-fa-una-crida-als-i-a-les-joves-deivissa-a-participar-en-la-lluita-progressista-reelegida-secretaria-general-en-el-6e-congres-de-les-joventuts-socialistes\/#primaryimage","url":"https:\/\/www.psib-psoe.org\/eivissa\/wp-content\/uploads\/EXECUTIVA-JSEI.jpeg","contentUrl":"https:\/\/www.psib-psoe.org\/eivissa\/wp-content\/uploads\/EXECUTIVA-JSEI.jpeg","width":2000,"height":1500},{"@type":"BreadcrumbList","@id":"https:\/\/www.psib-psoe.org\/eivissa\/azahara-pena-fa-una-crida-als-i-a-les-joves-deivissa-a-participar-en-la-lluita-progressista-reelegida-secretaria-general-en-el-6e-congres-de-les-joventuts-socialistes\/#breadcrumb","itemListElement":[{"@type":"ListItem","position":1,"name":"Inici","item":"https:\/\/www.psib-psoe.org\/eivissa\/"},{"@type":"ListItem","position":2,"name":"Azahara Pe\u00f1a fa una crida als i a les joves d&#8217;Eivissa a participar en la &#8220;lluita progressista&#8221;. Reelegida secret\u00e0ria general en el 6\u00e8 Congr\u00e9s de les Joventuts Socialistes."}]},{"@type":"WebSite","@id":"https:\/\/www.psib-psoe.org\/eivissa\/#website","url":"https:\/\/www.psib-psoe.org\/eivissa\/","name":"Federaci\u00f3 Socialista d'Eivissa","description":"Socialistes d&#039;Eivissa","publisher":{"@id":"https:\/\/www.psib-psoe.org\/eivissa\/#organization"},"potentialAction":[{"@type":"SearchAction","target":{"@type":"EntryPoint","urlTemplate":"https:\/\/www.psib-psoe.org\/eivissa\/?s={search_term_string}"},"query-input":{"@type":"PropertyValueSpecification","valueRequired":true,"valueName":"search_term_string"}}],"inLanguage":"ca"},{"@type":"Organization","@id":"https:\/\/www.psib-psoe.org\/eivissa\/#organization","name":"Federaci\u00f3 Socialista d'Eivissa","url":"https:\/\/www.psib-psoe.org\/eivissa\/","logo":{"@type":"ImageObject","inLanguage":"ca","@id":"https:\/\/www.psib-psoe.org\/eivissa\/#\/schema\/logo\/image\/","url":"https:\/\/www.psib-psoe.org\/eivissa\/wp-content\/uploads\/LOGO-FSE-SOCIALISTA-DEIVISSA-HORI.png","contentUrl":"https:\/\/www.psib-psoe.org\/eivissa\/wp-content\/uploads\/LOGO-FSE-SOCIALISTA-DEIVISSA-HORI.png","width":6000,"height":3104,"caption":"Federaci\u00f3 Socialista d'Eivissa"},"image":{"@id":"https:\/\/www.psib-psoe.org\/eivissa\/#\/schema\/logo\/image\/"}},{"@type":"Person","@id":"https:\/\/www.psib-psoe.org\/eivissa\/#\/schema\/person\/68066b276b53995e2bd8dac00f0bc415","name":"Azahara","url":"https:\/\/www.psib-psoe.org\/eivissa\/author\/azahara\/"}]}},"_links":{"self":[{"href":"https:\/\/www.psib-psoe.org\/eivissa\/wp-json\/wp\/v2\/posts\/35586","targetHints":{"allow":["GET"]}}],"collection":[{"href":"https:\/\/www.psib-psoe.org\/eivissa\/wp-json\/wp\/v2\/posts"}],"about":[{"href":"https:\/\/www.psib-psoe.org\/eivissa\/wp-json\/wp\/v2\/types\/post"}],"author":[{"embeddable":true,"href":"https:\/\/www.psib-psoe.org\/eivissa\/wp-json\/wp\/v2\/users\/12"}],"replies":[{"embeddable":true,"href":"https:\/\/www.psib-psoe.org\/eivissa\/wp-json\/wp\/v2\/comments?post=35586"}],"version-history":[{"count":1,"href":"https:\/\/www.psib-psoe.org\/eivissa\/wp-json\/wp\/v2\/posts\/35586\/revisions"}],"predecessor-version":[{"id":35589,"href":"https:\/\/www.psib-psoe.org\/eivissa\/wp-json\/wp\/v2\/posts\/35586\/revisions\/35589"}],"wp:featuredmedia":[{"embeddable":true,"href":"https:\/\/www.psib-psoe.org\/eivissa\/wp-json\/wp\/v2\/media\/35587"}],"wp:attachment":[{"href":"https:\/\/www.psib-psoe.org\/eivissa\/wp-json\/wp\/v2\/media?parent=35586"}],"wp:term":[{"taxonomy":"category","embeddable":true,"href":"https:\/\/www.psib-psoe.org\/eivissa\/wp-json\/wp\/v2\/categories?post=35586"},{"taxonomy":"post_tag","embeddable":true,"href":"https:\/\/www.psib-psoe.org\/eivissa\/wp-json\/wp\/v2\/tags?post=35586"}],"curies":[{"name":"wp","href":"https:\/\/api.w.org\/{rel}","templated":true}]}}