{"id":35984,"date":"2022-07-06T12:30:18","date_gmt":"2022-07-06T10:30:18","guid":{"rendered":"https:\/\/www.psib-psoe.org\/eivissa\/?p=35984"},"modified":"2022-07-06T12:36:39","modified_gmt":"2022-07-06T10:36:39","slug":"el-psoe-de-sant-joan-torna-a-exigir-a-carraca-la-demolicio-de-les-runes-de-cala-den-serra","status":"publish","type":"post","link":"https:\/\/www.psib-psoe.org\/eivissa\/el-psoe-de-sant-joan-torna-a-exigir-a-carraca-la-demolicio-de-les-runes-de-cala-den-serra\/","title":{"rendered":"El PSOE de Sant Joan torna a exigir a \u2018Carraca\u2019 la demolici\u00f3 de les runes de la Cala d\u2019en Serra"},"content":{"rendered":"<p>El PSOE de Sant Joan de Labritja torna a exigir a l\u2019alcalde, Antoni Mar\u00ed \u2018Carraca\u2019, la demolici\u00f3 de les runes de la Cala d\u2019en Serra, un comprom\u00eds del qual \u201cfa anys que en parla, per\u00f2 que \u00e9s incapa\u00e7 de complir\u201d. La secret\u00e0ria general del PSOE de Sant Joan i regidora de l\u2019ajuntament, Carmen Roig, critica que l\u2019alcalde \u201cno vol donar explicacions ni sobre aquest ni altres assumptes\u201d, ja que \u201cen tot el 2022 nom\u00e9s ha convocat un \u00fanic ple\u201d.<\/p>\n<p>\u201cEns trobam amb una falta total de transpar\u00e8ncia i una par\u00e0lisi molt preocupant de l\u2019Ajuntament de Sant Joan\u201d, ha denunciat la secret\u00e0ria general socialista. Segons Carmen Roig, \u201cl\u2019alcalde est\u00e0 amagat, preocupant-se nom\u00e9s de les seues coses, mentre s\u2019acumulen els problemes al nostre municipi\u201d.<\/p>\n<p>El PSOE de Sant Joan considera que hi ha \u201cuna llarga llista\u201d de q\u00fcestions pendents de resoldre, com s\u00f3n tamb\u00e9 l\u2019inici de les obres de la nova depuradora de Portinatx, la municipalitzaci\u00f3 de la xarxa d\u2019aigua del Port de Sant Miquel o la urbanitzaci\u00f3 del carrer J de Sant Miquel. <\/p>\n<p>A part de les actuacions de m\u00e9s abast, el dia a dia al municipi de Sant Joan tamb\u00e9 est\u00e0 \u201cabandonat\u201d, critica Carmen Roig, citant exemples com la falta de manteniment dels espais p\u00fablics o problemes d\u2019acumulaci\u00f3 de residus en diferents punts del municipi.<\/p>\n<p>\u201cEn comptes de fer la seua feina, el Partit Popular critica a l\u2019oposici\u00f3 quan feim la nostra\u201d, lamenta Carmen Roig, recordant el que va dir l\u2019ajuntament despr\u00e9s de les den\u00fancies socialistes sobre el retard en la posada en marxa de les bombes d\u2019aigua de Portinatx per evitar el problema de les microalgues. \u201cSi el PSOE no hagu\u00e9s denunciat el problema p\u00fablicament, potser les bombes encara no estarien en marxa\u201d, ha manifestat la secretaria general socialista.<\/p>\n","protected":false},"excerpt":{"rendered":"<p>El PSOE de Sant Joan de Labritja torna a exigir a l\u2019alcalde, Antoni Mar\u00ed \u2018Carraca\u2019, la demolici\u00f3 de les runes de la Cala d\u2019en Serra, un comprom\u00eds del qual \u201cfa anys que en parla, per\u00f2 que \u00e9s incapa\u00e7 de complir\u201d. La secret\u00e0ria general del PSOE de Sant Joan i regidora de l\u2019ajuntament, Carmen Roig, critica&hellip;<\/p>\n","protected":false},"author":7,"featured_media":35985,"comment_status":"closed","ping_status":"closed","sticky":false,"template":"","format":"standard","meta":{"footnotes":""},"categories":[234,189],"tags":[],"class_list":["post-35984","post","type-post","status-publish","format-standard","has-post-thumbnail","hentry","category-municipis","category-sant-joan-de-labritja"],"yoast_head":"<!-- This site is optimized with the Yoast SEO plugin v26.9 - https:\/\/yoast.com\/product\/yoast-seo-wordpress\/ -->\n<title>El PSOE de Sant Joan torna a exigir a \u2018Carraca\u2019 la demolici\u00f3 de les runes de la Cala d\u2019en Serra - Federaci\u00f3 Socialista d&#039;Eivissa<\/title>\n<meta name=\"robots\" content=\"index, follow, max-snippet:-1, max-image-preview:large, max-video-preview:-1\" \/>\n<link rel=\"canonical\" href=\"https:\/\/www.psib-psoe.org\/eivissa\/el-psoe-de-sant-joan-torna-a-exigir-a-carraca-la-demolicio-de-les-runes-de-cala-den-serra\/\" \/>\n<meta property=\"og:locale\" content=\"ca_ES\" \/>\n<meta property=\"og:type\" content=\"article\" \/>\n<meta property=\"og:title\" content=\"El PSOE de Sant Joan torna a exigir a \u2018Carraca\u2019 la demolici\u00f3 de les runes de la Cala d\u2019en Serra - Federaci\u00f3 Socialista d&#039;Eivissa\" \/>\n<meta property=\"og:description\" content=\"El PSOE de Sant Joan de Labritja torna a exigir a l\u2019alcalde, Antoni Mar\u00ed \u2018Carraca\u2019, la demolici\u00f3 de les runes de la Cala d\u2019en Serra, un comprom\u00eds del qual \u201cfa anys que en parla, per\u00f2 que \u00e9s incapa\u00e7 de complir\u201d. La secret\u00e0ria general del PSOE de Sant Joan i regidora de l\u2019ajuntament, Carmen Roig, critica&hellip;\" \/>\n<meta property=\"og:url\" content=\"https:\/\/www.psib-psoe.org\/eivissa\/el-psoe-de-sant-joan-torna-a-exigir-a-carraca-la-demolicio-de-les-runes-de-cala-den-serra\/\" \/>\n<meta property=\"og:site_name\" content=\"Federaci\u00f3 Socialista d&#039;Eivissa\" \/>\n<meta property=\"article:published_time\" content=\"2022-07-06T10:30:18+00:00\" \/>\n<meta property=\"article:modified_time\" content=\"2022-07-06T10:36:39+00:00\" \/>\n<meta property=\"og:image\" content=\"https:\/\/www.psib-psoe.org\/eivissa\/wp-content\/uploads\/cala-den-serra.jpg\" \/>\n\t<meta property=\"og:image:width\" content=\"1461\" \/>\n\t<meta property=\"og:image:height\" content=\"981\" \/>\n\t<meta property=\"og:image:type\" content=\"image\/jpeg\" \/>\n<meta name=\"author\" content=\"Josep Ripoll\" \/>\n<meta name=\"twitter:card\" content=\"summary_large_image\" \/>\n<meta name=\"twitter:label1\" content=\"Escrit per\" \/>\n\t<meta name=\"twitter:data1\" content=\"Josep Ripoll\" \/>\n\t<meta name=\"twitter:label2\" content=\"Temps estimat de lectura\" \/>\n\t<meta name=\"twitter:data2\" content=\"2 minuts\" \/>\n<script type=\"application\/ld+json\" class=\"yoast-schema-graph\">{\"@context\":\"https:\/\/schema.org\",\"@graph\":[{\"@type\":[\"Article\",\"BlogPosting\"],\"@id\":\"https:\/\/www.psib-psoe.org\/eivissa\/el-psoe-de-sant-joan-torna-a-exigir-a-carraca-la-demolicio-de-les-runes-de-cala-den-serra\/#article\",\"isPartOf\":{\"@id\":\"https:\/\/www.psib-psoe.org\/eivissa\/el-psoe-de-sant-joan-torna-a-exigir-a-carraca-la-demolicio-de-les-runes-de-cala-den-serra\/\"},\"author\":{\"name\":\"Josep Ripoll\",\"@id\":\"https:\/\/www.psib-psoe.org\/eivissa\/#\/schema\/person\/7a9d2841fb36f32e34fc0e9b245e8117\"},\"headline\":\"El PSOE de Sant Joan torna a exigir a \u2018Carraca\u2019 la demolici\u00f3 de les runes de la Cala d\u2019en Serra\",\"datePublished\":\"2022-07-06T10:30:18+00:00\",\"dateModified\":\"2022-07-06T10:36:39+00:00\",\"mainEntityOfPage\":{\"@id\":\"https:\/\/www.psib-psoe.org\/eivissa\/el-psoe-de-sant-joan-torna-a-exigir-a-carraca-la-demolicio-de-les-runes-de-cala-den-serra\/\"},\"wordCount\":338,\"publisher\":{\"@id\":\"https:\/\/www.psib-psoe.org\/eivissa\/#organization\"},\"image\":{\"@id\":\"https:\/\/www.psib-psoe.org\/eivissa\/el-psoe-de-sant-joan-torna-a-exigir-a-carraca-la-demolicio-de-les-runes-de-cala-den-serra\/#primaryimage\"},\"thumbnailUrl\":\"https:\/\/www.psib-psoe.org\/eivissa\/wp-content\/uploads\/cala-den-serra.jpg\",\"articleSection\":[\"Municipis\",\"Sant Joan de Labritja\"],\"inLanguage\":\"ca\"},{\"@type\":\"WebPage\",\"@id\":\"https:\/\/www.psib-psoe.org\/eivissa\/el-psoe-de-sant-joan-torna-a-exigir-a-carraca-la-demolicio-de-les-runes-de-cala-den-serra\/\",\"url\":\"https:\/\/www.psib-psoe.org\/eivissa\/el-psoe-de-sant-joan-torna-a-exigir-a-carraca-la-demolicio-de-les-runes-de-cala-den-serra\/\",\"name\":\"El PSOE de Sant Joan torna a exigir a \u2018Carraca\u2019 la demolici\u00f3 de les runes de la Cala d\u2019en Serra - Federaci\u00f3 Socialista d&#039;Eivissa\",\"isPartOf\":{\"@id\":\"https:\/\/www.psib-psoe.org\/eivissa\/#website\"},\"primaryImageOfPage\":{\"@id\":\"https:\/\/www.psib-psoe.org\/eivissa\/el-psoe-de-sant-joan-torna-a-exigir-a-carraca-la-demolicio-de-les-runes-de-cala-den-serra\/#primaryimage\"},\"image\":{\"@id\":\"https:\/\/www.psib-psoe.org\/eivissa\/el-psoe-de-sant-joan-torna-a-exigir-a-carraca-la-demolicio-de-les-runes-de-cala-den-serra\/#primaryimage\"},\"thumbnailUrl\":\"https:\/\/www.psib-psoe.org\/eivissa\/wp-content\/uploads\/cala-den-serra.jpg\",\"datePublished\":\"2022-07-06T10:30:18+00:00\",\"dateModified\":\"2022-07-06T10:36:39+00:00\",\"breadcrumb\":{\"@id\":\"https:\/\/www.psib-psoe.org\/eivissa\/el-psoe-de-sant-joan-torna-a-exigir-a-carraca-la-demolicio-de-les-runes-de-cala-den-serra\/#breadcrumb\"},\"inLanguage\":\"ca\",\"potentialAction\":[{\"@type\":\"ReadAction\",\"target\":[\"https:\/\/www.psib-psoe.org\/eivissa\/el-psoe-de-sant-joan-torna-a-exigir-a-carraca-la-demolicio-de-les-runes-de-cala-den-serra\/\"]}]},{\"@type\":\"ImageObject\",\"inLanguage\":\"ca\",\"@id\":\"https:\/\/www.psib-psoe.org\/eivissa\/el-psoe-de-sant-joan-torna-a-exigir-a-carraca-la-demolicio-de-les-runes-de-cala-den-serra\/#primaryimage\",\"url\":\"https:\/\/www.psib-psoe.org\/eivissa\/wp-content\/uploads\/cala-den-serra.jpg\",\"contentUrl\":\"https:\/\/www.psib-psoe.org\/eivissa\/wp-content\/uploads\/cala-den-serra.jpg\",\"width\":1461,\"height\":981},{\"@type\":\"BreadcrumbList\",\"@id\":\"https:\/\/www.psib-psoe.org\/eivissa\/el-psoe-de-sant-joan-torna-a-exigir-a-carraca-la-demolicio-de-les-runes-de-cala-den-serra\/#breadcrumb\",\"itemListElement\":[{\"@type\":\"ListItem\",\"position\":1,\"name\":\"Inici\",\"item\":\"https:\/\/www.psib-psoe.org\/eivissa\/\"},{\"@type\":\"ListItem\",\"position\":2,\"name\":\"El PSOE de Sant Joan torna a exigir a \u2018Carraca\u2019 la demolici\u00f3 de les runes de la Cala d\u2019en Serra\"}]},{\"@type\":\"WebSite\",\"@id\":\"https:\/\/www.psib-psoe.org\/eivissa\/#website\",\"url\":\"https:\/\/www.psib-psoe.org\/eivissa\/\",\"name\":\"Federaci\u00f3 Socialista d'Eivissa\",\"description\":\"Socialistes d&#039;Eivissa\",\"publisher\":{\"@id\":\"https:\/\/www.psib-psoe.org\/eivissa\/#organization\"},\"potentialAction\":[{\"@type\":\"SearchAction\",\"target\":{\"@type\":\"EntryPoint\",\"urlTemplate\":\"https:\/\/www.psib-psoe.org\/eivissa\/?s={search_term_string}\"},\"query-input\":{\"@type\":\"PropertyValueSpecification\",\"valueRequired\":true,\"valueName\":\"search_term_string\"}}],\"inLanguage\":\"ca\"},{\"@type\":\"Organization\",\"@id\":\"https:\/\/www.psib-psoe.org\/eivissa\/#organization\",\"name\":\"Federaci\u00f3 Socialista d'Eivissa\",\"url\":\"https:\/\/www.psib-psoe.org\/eivissa\/\",\"logo\":{\"@type\":\"ImageObject\",\"inLanguage\":\"ca\",\"@id\":\"https:\/\/www.psib-psoe.org\/eivissa\/#\/schema\/logo\/image\/\",\"url\":\"https:\/\/www.psib-psoe.org\/eivissa\/wp-content\/uploads\/LOGO-FSE-SOCIALISTA-DEIVISSA-HORI.png\",\"contentUrl\":\"https:\/\/www.psib-psoe.org\/eivissa\/wp-content\/uploads\/LOGO-FSE-SOCIALISTA-DEIVISSA-HORI.png\",\"width\":6000,\"height\":3104,\"caption\":\"Federaci\u00f3 Socialista d'Eivissa\"},\"image\":{\"@id\":\"https:\/\/www.psib-psoe.org\/eivissa\/#\/schema\/logo\/image\/\"}},{\"@type\":\"Person\",\"@id\":\"https:\/\/www.psib-psoe.org\/eivissa\/#\/schema\/person\/7a9d2841fb36f32e34fc0e9b245e8117\",\"name\":\"Josep Ripoll\",\"sameAs\":[\"http:\/\/www.psib-psoe.org\/eivissa\/wp-login.php\"],\"url\":\"https:\/\/www.psib-psoe.org\/eivissa\/author\/josep\/\"}]}<\/script>\n<!-- \/ Yoast SEO plugin. -->","yoast_head_json":{"title":"El PSOE de Sant Joan torna a exigir a \u2018Carraca\u2019 la demolici\u00f3 de les runes de la Cala d\u2019en Serra - Federaci\u00f3 Socialista d&#039;Eivissa","robots":{"index":"index","follow":"follow","max-snippet":"max-snippet:-1","max-image-preview":"max-image-preview:large","max-video-preview":"max-video-preview:-1"},"canonical":"https:\/\/www.psib-psoe.org\/eivissa\/el-psoe-de-sant-joan-torna-a-exigir-a-carraca-la-demolicio-de-les-runes-de-cala-den-serra\/","og_locale":"ca_ES","og_type":"article","og_title":"El PSOE de Sant Joan torna a exigir a \u2018Carraca\u2019 la demolici\u00f3 de les runes de la Cala d\u2019en Serra - Federaci\u00f3 Socialista d&#039;Eivissa","og_description":"El PSOE de Sant Joan de Labritja torna a exigir a l\u2019alcalde, Antoni Mar\u00ed \u2018Carraca\u2019, la demolici\u00f3 de les runes de la Cala d\u2019en Serra, un comprom\u00eds del qual \u201cfa anys que en parla, per\u00f2 que \u00e9s incapa\u00e7 de complir\u201d. La secret\u00e0ria general del PSOE de Sant Joan i regidora de l\u2019ajuntament, Carmen Roig, critica&hellip;","og_url":"https:\/\/www.psib-psoe.org\/eivissa\/el-psoe-de-sant-joan-torna-a-exigir-a-carraca-la-demolicio-de-les-runes-de-cala-den-serra\/","og_site_name":"Federaci\u00f3 Socialista d&#039;Eivissa","article_published_time":"2022-07-06T10:30:18+00:00","article_modified_time":"2022-07-06T10:36:39+00:00","og_image":[{"width":1461,"height":981,"url":"https:\/\/www.psib-psoe.org\/eivissa\/wp-content\/uploads\/cala-den-serra.jpg","type":"image\/jpeg"}],"author":"Josep Ripoll","twitter_card":"summary_large_image","twitter_misc":{"Escrit per":"Josep Ripoll","Temps estimat de lectura":"2 minuts"},"schema":{"@context":"https:\/\/schema.org","@graph":[{"@type":["Article","BlogPosting"],"@id":"https:\/\/www.psib-psoe.org\/eivissa\/el-psoe-de-sant-joan-torna-a-exigir-a-carraca-la-demolicio-de-les-runes-de-cala-den-serra\/#article","isPartOf":{"@id":"https:\/\/www.psib-psoe.org\/eivissa\/el-psoe-de-sant-joan-torna-a-exigir-a-carraca-la-demolicio-de-les-runes-de-cala-den-serra\/"},"author":{"name":"Josep Ripoll","@id":"https:\/\/www.psib-psoe.org\/eivissa\/#\/schema\/person\/7a9d2841fb36f32e34fc0e9b245e8117"},"headline":"El PSOE de Sant Joan torna a exigir a \u2018Carraca\u2019 la demolici\u00f3 de les runes de la Cala d\u2019en Serra","datePublished":"2022-07-06T10:30:18+00:00","dateModified":"2022-07-06T10:36:39+00:00","mainEntityOfPage":{"@id":"https:\/\/www.psib-psoe.org\/eivissa\/el-psoe-de-sant-joan-torna-a-exigir-a-carraca-la-demolicio-de-les-runes-de-cala-den-serra\/"},"wordCount":338,"publisher":{"@id":"https:\/\/www.psib-psoe.org\/eivissa\/#organization"},"image":{"@id":"https:\/\/www.psib-psoe.org\/eivissa\/el-psoe-de-sant-joan-torna-a-exigir-a-carraca-la-demolicio-de-les-runes-de-cala-den-serra\/#primaryimage"},"thumbnailUrl":"https:\/\/www.psib-psoe.org\/eivissa\/wp-content\/uploads\/cala-den-serra.jpg","articleSection":["Municipis","Sant Joan de Labritja"],"inLanguage":"ca"},{"@type":"WebPage","@id":"https:\/\/www.psib-psoe.org\/eivissa\/el-psoe-de-sant-joan-torna-a-exigir-a-carraca-la-demolicio-de-les-runes-de-cala-den-serra\/","url":"https:\/\/www.psib-psoe.org\/eivissa\/el-psoe-de-sant-joan-torna-a-exigir-a-carraca-la-demolicio-de-les-runes-de-cala-den-serra\/","name":"El PSOE de Sant Joan torna a exigir a \u2018Carraca\u2019 la demolici\u00f3 de les runes de la Cala d\u2019en Serra - Federaci\u00f3 Socialista d&#039;Eivissa","isPartOf":{"@id":"https:\/\/www.psib-psoe.org\/eivissa\/#website"},"primaryImageOfPage":{"@id":"https:\/\/www.psib-psoe.org\/eivissa\/el-psoe-de-sant-joan-torna-a-exigir-a-carraca-la-demolicio-de-les-runes-de-cala-den-serra\/#primaryimage"},"image":{"@id":"https:\/\/www.psib-psoe.org\/eivissa\/el-psoe-de-sant-joan-torna-a-exigir-a-carraca-la-demolicio-de-les-runes-de-cala-den-serra\/#primaryimage"},"thumbnailUrl":"https:\/\/www.psib-psoe.org\/eivissa\/wp-content\/uploads\/cala-den-serra.jpg","datePublished":"2022-07-06T10:30:18+00:00","dateModified":"2022-07-06T10:36:39+00:00","breadcrumb":{"@id":"https:\/\/www.psib-psoe.org\/eivissa\/el-psoe-de-sant-joan-torna-a-exigir-a-carraca-la-demolicio-de-les-runes-de-cala-den-serra\/#breadcrumb"},"inLanguage":"ca","potentialAction":[{"@type":"ReadAction","target":["https:\/\/www.psib-psoe.org\/eivissa\/el-psoe-de-sant-joan-torna-a-exigir-a-carraca-la-demolicio-de-les-runes-de-cala-den-serra\/"]}]},{"@type":"ImageObject","inLanguage":"ca","@id":"https:\/\/www.psib-psoe.org\/eivissa\/el-psoe-de-sant-joan-torna-a-exigir-a-carraca-la-demolicio-de-les-runes-de-cala-den-serra\/#primaryimage","url":"https:\/\/www.psib-psoe.org\/eivissa\/wp-content\/uploads\/cala-den-serra.jpg","contentUrl":"https:\/\/www.psib-psoe.org\/eivissa\/wp-content\/uploads\/cala-den-serra.jpg","width":1461,"height":981},{"@type":"BreadcrumbList","@id":"https:\/\/www.psib-psoe.org\/eivissa\/el-psoe-de-sant-joan-torna-a-exigir-a-carraca-la-demolicio-de-les-runes-de-cala-den-serra\/#breadcrumb","itemListElement":[{"@type":"ListItem","position":1,"name":"Inici","item":"https:\/\/www.psib-psoe.org\/eivissa\/"},{"@type":"ListItem","position":2,"name":"El PSOE de Sant Joan torna a exigir a \u2018Carraca\u2019 la demolici\u00f3 de les runes de la Cala d\u2019en Serra"}]},{"@type":"WebSite","@id":"https:\/\/www.psib-psoe.org\/eivissa\/#website","url":"https:\/\/www.psib-psoe.org\/eivissa\/","name":"Federaci\u00f3 Socialista d'Eivissa","description":"Socialistes d&#039;Eivissa","publisher":{"@id":"https:\/\/www.psib-psoe.org\/eivissa\/#organization"},"potentialAction":[{"@type":"SearchAction","target":{"@type":"EntryPoint","urlTemplate":"https:\/\/www.psib-psoe.org\/eivissa\/?s={search_term_string}"},"query-input":{"@type":"PropertyValueSpecification","valueRequired":true,"valueName":"search_term_string"}}],"inLanguage":"ca"},{"@type":"Organization","@id":"https:\/\/www.psib-psoe.org\/eivissa\/#organization","name":"Federaci\u00f3 Socialista d'Eivissa","url":"https:\/\/www.psib-psoe.org\/eivissa\/","logo":{"@type":"ImageObject","inLanguage":"ca","@id":"https:\/\/www.psib-psoe.org\/eivissa\/#\/schema\/logo\/image\/","url":"https:\/\/www.psib-psoe.org\/eivissa\/wp-content\/uploads\/LOGO-FSE-SOCIALISTA-DEIVISSA-HORI.png","contentUrl":"https:\/\/www.psib-psoe.org\/eivissa\/wp-content\/uploads\/LOGO-FSE-SOCIALISTA-DEIVISSA-HORI.png","width":6000,"height":3104,"caption":"Federaci\u00f3 Socialista d'Eivissa"},"image":{"@id":"https:\/\/www.psib-psoe.org\/eivissa\/#\/schema\/logo\/image\/"}},{"@type":"Person","@id":"https:\/\/www.psib-psoe.org\/eivissa\/#\/schema\/person\/7a9d2841fb36f32e34fc0e9b245e8117","name":"Josep Ripoll","sameAs":["http:\/\/www.psib-psoe.org\/eivissa\/wp-login.php"],"url":"https:\/\/www.psib-psoe.org\/eivissa\/author\/josep\/"}]}},"_links":{"self":[{"href":"https:\/\/www.psib-psoe.org\/eivissa\/wp-json\/wp\/v2\/posts\/35984","targetHints":{"allow":["GET"]}}],"collection":[{"href":"https:\/\/www.psib-psoe.org\/eivissa\/wp-json\/wp\/v2\/posts"}],"about":[{"href":"https:\/\/www.psib-psoe.org\/eivissa\/wp-json\/wp\/v2\/types\/post"}],"author":[{"embeddable":true,"href":"https:\/\/www.psib-psoe.org\/eivissa\/wp-json\/wp\/v2\/users\/7"}],"replies":[{"embeddable":true,"href":"https:\/\/www.psib-psoe.org\/eivissa\/wp-json\/wp\/v2\/comments?post=35984"}],"version-history":[{"count":3,"href":"https:\/\/www.psib-psoe.org\/eivissa\/wp-json\/wp\/v2\/posts\/35984\/revisions"}],"predecessor-version":[{"id":35991,"href":"https:\/\/www.psib-psoe.org\/eivissa\/wp-json\/wp\/v2\/posts\/35984\/revisions\/35991"}],"wp:featuredmedia":[{"embeddable":true,"href":"https:\/\/www.psib-psoe.org\/eivissa\/wp-json\/wp\/v2\/media\/35985"}],"wp:attachment":[{"href":"https:\/\/www.psib-psoe.org\/eivissa\/wp-json\/wp\/v2\/media?parent=35984"}],"wp:term":[{"taxonomy":"category","embeddable":true,"href":"https:\/\/www.psib-psoe.org\/eivissa\/wp-json\/wp\/v2\/categories?post=35984"},{"taxonomy":"post_tag","embeddable":true,"href":"https:\/\/www.psib-psoe.org\/eivissa\/wp-json\/wp\/v2\/tags?post=35984"}],"curies":[{"name":"wp","href":"https:\/\/api.w.org\/{rel}","templated":true}]}}