{"id":36000,"date":"2022-07-07T13:20:03","date_gmt":"2022-07-07T11:20:03","guid":{"rendered":"https:\/\/www.psib-psoe.org\/eivissa\/?p=36000"},"modified":"2022-07-07T13:24:35","modified_gmt":"2022-07-07T11:24:35","slug":"psoe-reinicia-exigeix-%e2%80%8b%e2%80%8ba-marcos-serra-lampliacio-de-la-zona-declarada-dexcessos-a-tot-el-nucli-de-sant-antoni","status":"publish","type":"post","link":"https:\/\/www.psib-psoe.org\/eivissa\/psoe-reinicia-exigeix-%e2%80%8b%e2%80%8ba-marcos-serra-lampliacio-de-la-zona-declarada-dexcessos-a-tot-el-nucli-de-sant-antoni\/","title":{"rendered":"PSOE-Reinicia exigeix \u200b\u200ba Marcos Serra l&#8217;ampliaci\u00f3 de la zona declarada d&#8217;excessos a tot el nucli de Sant Antoni"},"content":{"rendered":"<p>El grup municipal PSOE-Reinicia exigeix \u200b\u200ba l&#8217;alcalde de Sant Antoni de Portmany, Marcos Serra, l&#8217;ampliaci\u00f3 de la zona declarada d&#8217;excessos i que ocupi tot el nucli urb\u00e0, incloent-hi la zona de s&#8217;Arenal. Ja el 2020, el grup progressista va instar Marcos Serra que la zona ocup\u00e0s tot el poble, ja que considerava que la zona decidida per l&#8217;equip de govern no donaria soluci\u00f3 als problemes reals del poble, com efectivament est\u00e0 passant.<\/p>\n<p>Segons el regidor Antonio Lorenzo, &#8220;l&#8217;ampliaci\u00f3 de la zona declarada d&#8217;excessos donaria m\u00e9s eines a l&#8217;ajuntament per poder controlar i sancionar els incomplidors i controlar millor el que passa al poble. Un exemple s\u00f3n els &#8216;party boats&#8217; que surten des del port de Sant Antoni\u201d.<\/p>\n<p>A m\u00e9s, Lorenzo critica que, segons les declaracions realitzades el tinent d&#8217;alcalde Joan Torres, company de govern de Marcos Serra, \u201csembla que el problema \u00e9s que la regidora de governaci\u00f3, Neus Mateu, no sap gestionar la policia i no s&#8217;assabenta dels veritables problemes del poble\u201d.<\/p>\n<p>El regidor de PSOE-Reinicia pregunta: \u201cQuantes sancions per remor han posat als bars? Quantes propostes de sanci\u00f3 han posat pel consum d&#8217;\u00f2xid nitr\u00f3s?\u201d Des del PSOE-Reinicia apunten que &#8220;el problema \u00e9s la descoordinaci\u00f3 de l&#8217;equip de govern i la seua incapacitat de gestionar els serveis p\u00fablics&#8221; i que &#8220;ens venen fum amb la creaci\u00f3 d&#8217;infinites unitats de policia, que ni actuen cada dia ni tenen prou personal&#8221;.<\/p>\n<p>A aquesta incapacitat de gesti\u00f3, PSOE-Reinicia apunta al \u201cdeute\u201d que el govern del Partit Popular t\u00e9 amb determinats empresaris del West End. \u201cAquests van votar en massa el Partit Popular perqu\u00e8 guany\u00e0s les eleccions, i ara tenim els resultats del que s&#8217;ha votat. El descontrol, la no sanci\u00f3 i els costos per a tota la ciutadania de Sant Antoni\u201d, lamenta Lorenzo.<\/p>\n<p>Finalment, PSOE-Reinicia s&#8217;estranya de l&#8217;actitud del tinent d&#8217;alcalde Joan Torres, que \u201cen comptes votar a favor de les propostes d&#8217;acord formulades per PSOE-Reinicia per aturar aquest tipus de turisme, els &#8216;party boats&#8217; i la borratxera, vota en contra i la setmana seg\u00fcent demana refor\u00e7os al Govern Balear\u201d. Antonio Lorenzo es pregunta si el tinent d&#8217;alcalde parla amb la companya Neus Mateu, responsable de la Policia Local, \u201cperqu\u00e8 sembla que entre ells ni es comuniquen\u201d.<\/p>\n","protected":false},"excerpt":{"rendered":"<p>El grup municipal PSOE-Reinicia exigeix \u200b\u200ba l&#8217;alcalde de Sant Antoni de Portmany, Marcos Serra, l&#8217;ampliaci\u00f3 de la zona declarada d&#8217;excessos i que ocupi tot el nucli urb\u00e0, incloent-hi la zona de s&#8217;Arenal. Ja el 2020, el grup progressista va instar Marcos Serra que la zona ocup\u00e0s tot el poble, ja que considerava que la zona&hellip;<\/p>\n","protected":false},"author":7,"featured_media":36001,"comment_status":"closed","ping_status":"closed","sticky":false,"template":"","format":"standard","meta":{"footnotes":""},"categories":[188],"tags":[],"class_list":["post-36000","post","type-post","status-publish","format-standard","has-post-thumbnail","hentry","category-sant-antoni-de-portmany"],"yoast_head":"<!-- This site is optimized with the Yoast SEO plugin v26.9 - https:\/\/yoast.com\/product\/yoast-seo-wordpress\/ -->\n<title>PSOE-Reinicia exigeix \u200b\u200ba Marcos Serra l&#039;ampliaci\u00f3 de la zona declarada d&#039;excessos a tot el nucli de Sant Antoni - Federaci\u00f3 Socialista d&#039;Eivissa<\/title>\n<meta name=\"robots\" content=\"index, follow, max-snippet:-1, max-image-preview:large, max-video-preview:-1\" \/>\n<link rel=\"canonical\" href=\"https:\/\/www.psib-psoe.org\/eivissa\/psoe-reinicia-exigeix-\u200b\u200ba-marcos-serra-lampliacio-de-la-zona-declarada-dexcessos-a-tot-el-nucli-de-sant-antoni\/\" \/>\n<meta property=\"og:locale\" content=\"ca_ES\" \/>\n<meta property=\"og:type\" content=\"article\" \/>\n<meta property=\"og:title\" content=\"PSOE-Reinicia exigeix \u200b\u200ba Marcos Serra l&#039;ampliaci\u00f3 de la zona declarada d&#039;excessos a tot el nucli de Sant Antoni - Federaci\u00f3 Socialista d&#039;Eivissa\" \/>\n<meta property=\"og:description\" content=\"El grup municipal PSOE-Reinicia exigeix \u200b\u200ba l&#8217;alcalde de Sant Antoni de Portmany, Marcos Serra, l&#8217;ampliaci\u00f3 de la zona declarada d&#8217;excessos i que ocupi tot el nucli urb\u00e0, incloent-hi la zona de s&#8217;Arenal. Ja el 2020, el grup progressista va instar Marcos Serra que la zona ocup\u00e0s tot el poble, ja que considerava que la zona&hellip;\" \/>\n<meta property=\"og:url\" content=\"https:\/\/www.psib-psoe.org\/eivissa\/psoe-reinicia-exigeix-\u200b\u200ba-marcos-serra-lampliacio-de-la-zona-declarada-dexcessos-a-tot-el-nucli-de-sant-antoni\/\" \/>\n<meta property=\"og:site_name\" content=\"Federaci\u00f3 Socialista d&#039;Eivissa\" \/>\n<meta property=\"article:published_time\" content=\"2022-07-07T11:20:03+00:00\" \/>\n<meta property=\"article:modified_time\" content=\"2022-07-07T11:24:35+00:00\" \/>\n<meta property=\"og:image\" content=\"https:\/\/www.psib-psoe.org\/eivissa\/wp-content\/uploads\/sant-antoni-passeig.png\" \/>\n\t<meta property=\"og:image:width\" content=\"1454\" \/>\n\t<meta property=\"og:image:height\" content=\"624\" \/>\n\t<meta property=\"og:image:type\" content=\"image\/png\" \/>\n<meta name=\"author\" content=\"Josep Ripoll\" \/>\n<meta name=\"twitter:card\" content=\"summary_large_image\" \/>\n<meta name=\"twitter:label1\" content=\"Escrit per\" \/>\n\t<meta name=\"twitter:data1\" content=\"Josep Ripoll\" \/>\n\t<meta name=\"twitter:label2\" content=\"Temps estimat de lectura\" \/>\n\t<meta name=\"twitter:data2\" content=\"2 minuts\" \/>\n<script type=\"application\/ld+json\" class=\"yoast-schema-graph\">{\"@context\":\"https:\/\/schema.org\",\"@graph\":[{\"@type\":[\"Article\",\"BlogPosting\"],\"@id\":\"https:\/\/www.psib-psoe.org\/eivissa\/psoe-reinicia-exigeix-%e2%80%8b%e2%80%8ba-marcos-serra-lampliacio-de-la-zona-declarada-dexcessos-a-tot-el-nucli-de-sant-antoni\/#article\",\"isPartOf\":{\"@id\":\"https:\/\/www.psib-psoe.org\/eivissa\/psoe-reinicia-exigeix-%e2%80%8b%e2%80%8ba-marcos-serra-lampliacio-de-la-zona-declarada-dexcessos-a-tot-el-nucli-de-sant-antoni\/\"},\"author\":{\"name\":\"Josep Ripoll\",\"@id\":\"https:\/\/www.psib-psoe.org\/eivissa\/#\/schema\/person\/7a9d2841fb36f32e34fc0e9b245e8117\"},\"headline\":\"PSOE-Reinicia exigeix \u200b\u200ba Marcos Serra l&#8217;ampliaci\u00f3 de la zona declarada d&#8217;excessos a tot el nucli de Sant Antoni\",\"datePublished\":\"2022-07-07T11:20:03+00:00\",\"dateModified\":\"2022-07-07T11:24:35+00:00\",\"mainEntityOfPage\":{\"@id\":\"https:\/\/www.psib-psoe.org\/eivissa\/psoe-reinicia-exigeix-%e2%80%8b%e2%80%8ba-marcos-serra-lampliacio-de-la-zona-declarada-dexcessos-a-tot-el-nucli-de-sant-antoni\/\"},\"wordCount\":391,\"publisher\":{\"@id\":\"https:\/\/www.psib-psoe.org\/eivissa\/#organization\"},\"image\":{\"@id\":\"https:\/\/www.psib-psoe.org\/eivissa\/psoe-reinicia-exigeix-%e2%80%8b%e2%80%8ba-marcos-serra-lampliacio-de-la-zona-declarada-dexcessos-a-tot-el-nucli-de-sant-antoni\/#primaryimage\"},\"thumbnailUrl\":\"https:\/\/www.psib-psoe.org\/eivissa\/wp-content\/uploads\/sant-antoni-passeig.png\",\"articleSection\":[\"Sant Antoni de Portmany\"],\"inLanguage\":\"ca\"},{\"@type\":\"WebPage\",\"@id\":\"https:\/\/www.psib-psoe.org\/eivissa\/psoe-reinicia-exigeix-%e2%80%8b%e2%80%8ba-marcos-serra-lampliacio-de-la-zona-declarada-dexcessos-a-tot-el-nucli-de-sant-antoni\/\",\"url\":\"https:\/\/www.psib-psoe.org\/eivissa\/psoe-reinicia-exigeix-%e2%80%8b%e2%80%8ba-marcos-serra-lampliacio-de-la-zona-declarada-dexcessos-a-tot-el-nucli-de-sant-antoni\/\",\"name\":\"PSOE-Reinicia exigeix \u200b\u200ba Marcos Serra l'ampliaci\u00f3 de la zona declarada d'excessos a tot el nucli de Sant Antoni - Federaci\u00f3 Socialista d&#039;Eivissa\",\"isPartOf\":{\"@id\":\"https:\/\/www.psib-psoe.org\/eivissa\/#website\"},\"primaryImageOfPage\":{\"@id\":\"https:\/\/www.psib-psoe.org\/eivissa\/psoe-reinicia-exigeix-%e2%80%8b%e2%80%8ba-marcos-serra-lampliacio-de-la-zona-declarada-dexcessos-a-tot-el-nucli-de-sant-antoni\/#primaryimage\"},\"image\":{\"@id\":\"https:\/\/www.psib-psoe.org\/eivissa\/psoe-reinicia-exigeix-%e2%80%8b%e2%80%8ba-marcos-serra-lampliacio-de-la-zona-declarada-dexcessos-a-tot-el-nucli-de-sant-antoni\/#primaryimage\"},\"thumbnailUrl\":\"https:\/\/www.psib-psoe.org\/eivissa\/wp-content\/uploads\/sant-antoni-passeig.png\",\"datePublished\":\"2022-07-07T11:20:03+00:00\",\"dateModified\":\"2022-07-07T11:24:35+00:00\",\"breadcrumb\":{\"@id\":\"https:\/\/www.psib-psoe.org\/eivissa\/psoe-reinicia-exigeix-%e2%80%8b%e2%80%8ba-marcos-serra-lampliacio-de-la-zona-declarada-dexcessos-a-tot-el-nucli-de-sant-antoni\/#breadcrumb\"},\"inLanguage\":\"ca\",\"potentialAction\":[{\"@type\":\"ReadAction\",\"target\":[\"https:\/\/www.psib-psoe.org\/eivissa\/psoe-reinicia-exigeix-%e2%80%8b%e2%80%8ba-marcos-serra-lampliacio-de-la-zona-declarada-dexcessos-a-tot-el-nucli-de-sant-antoni\/\"]}]},{\"@type\":\"ImageObject\",\"inLanguage\":\"ca\",\"@id\":\"https:\/\/www.psib-psoe.org\/eivissa\/psoe-reinicia-exigeix-%e2%80%8b%e2%80%8ba-marcos-serra-lampliacio-de-la-zona-declarada-dexcessos-a-tot-el-nucli-de-sant-antoni\/#primaryimage\",\"url\":\"https:\/\/www.psib-psoe.org\/eivissa\/wp-content\/uploads\/sant-antoni-passeig.png\",\"contentUrl\":\"https:\/\/www.psib-psoe.org\/eivissa\/wp-content\/uploads\/sant-antoni-passeig.png\",\"width\":1454,\"height\":624},{\"@type\":\"BreadcrumbList\",\"@id\":\"https:\/\/www.psib-psoe.org\/eivissa\/psoe-reinicia-exigeix-%e2%80%8b%e2%80%8ba-marcos-serra-lampliacio-de-la-zona-declarada-dexcessos-a-tot-el-nucli-de-sant-antoni\/#breadcrumb\",\"itemListElement\":[{\"@type\":\"ListItem\",\"position\":1,\"name\":\"Inici\",\"item\":\"https:\/\/www.psib-psoe.org\/eivissa\/\"},{\"@type\":\"ListItem\",\"position\":2,\"name\":\"PSOE-Reinicia exigeix \u200b\u200ba Marcos Serra l&#8217;ampliaci\u00f3 de la zona declarada d&#8217;excessos a tot el nucli de Sant Antoni\"}]},{\"@type\":\"WebSite\",\"@id\":\"https:\/\/www.psib-psoe.org\/eivissa\/#website\",\"url\":\"https:\/\/www.psib-psoe.org\/eivissa\/\",\"name\":\"Federaci\u00f3 Socialista d'Eivissa\",\"description\":\"Socialistes d&#039;Eivissa\",\"publisher\":{\"@id\":\"https:\/\/www.psib-psoe.org\/eivissa\/#organization\"},\"potentialAction\":[{\"@type\":\"SearchAction\",\"target\":{\"@type\":\"EntryPoint\",\"urlTemplate\":\"https:\/\/www.psib-psoe.org\/eivissa\/?s={search_term_string}\"},\"query-input\":{\"@type\":\"PropertyValueSpecification\",\"valueRequired\":true,\"valueName\":\"search_term_string\"}}],\"inLanguage\":\"ca\"},{\"@type\":\"Organization\",\"@id\":\"https:\/\/www.psib-psoe.org\/eivissa\/#organization\",\"name\":\"Federaci\u00f3 Socialista d'Eivissa\",\"url\":\"https:\/\/www.psib-psoe.org\/eivissa\/\",\"logo\":{\"@type\":\"ImageObject\",\"inLanguage\":\"ca\",\"@id\":\"https:\/\/www.psib-psoe.org\/eivissa\/#\/schema\/logo\/image\/\",\"url\":\"https:\/\/www.psib-psoe.org\/eivissa\/wp-content\/uploads\/LOGO-FSE-SOCIALISTA-DEIVISSA-HORI.png\",\"contentUrl\":\"https:\/\/www.psib-psoe.org\/eivissa\/wp-content\/uploads\/LOGO-FSE-SOCIALISTA-DEIVISSA-HORI.png\",\"width\":6000,\"height\":3104,\"caption\":\"Federaci\u00f3 Socialista d'Eivissa\"},\"image\":{\"@id\":\"https:\/\/www.psib-psoe.org\/eivissa\/#\/schema\/logo\/image\/\"}},{\"@type\":\"Person\",\"@id\":\"https:\/\/www.psib-psoe.org\/eivissa\/#\/schema\/person\/7a9d2841fb36f32e34fc0e9b245e8117\",\"name\":\"Josep Ripoll\",\"sameAs\":[\"http:\/\/www.psib-psoe.org\/eivissa\/wp-login.php\"],\"url\":\"https:\/\/www.psib-psoe.org\/eivissa\/author\/josep\/\"}]}<\/script>\n<!-- \/ Yoast SEO plugin. -->","yoast_head_json":{"title":"PSOE-Reinicia exigeix \u200b\u200ba Marcos Serra l'ampliaci\u00f3 de la zona declarada d'excessos a tot el nucli de Sant Antoni - Federaci\u00f3 Socialista d&#039;Eivissa","robots":{"index":"index","follow":"follow","max-snippet":"max-snippet:-1","max-image-preview":"max-image-preview:large","max-video-preview":"max-video-preview:-1"},"canonical":"https:\/\/www.psib-psoe.org\/eivissa\/psoe-reinicia-exigeix-\u200b\u200ba-marcos-serra-lampliacio-de-la-zona-declarada-dexcessos-a-tot-el-nucli-de-sant-antoni\/","og_locale":"ca_ES","og_type":"article","og_title":"PSOE-Reinicia exigeix \u200b\u200ba Marcos Serra l'ampliaci\u00f3 de la zona declarada d'excessos a tot el nucli de Sant Antoni - Federaci\u00f3 Socialista d&#039;Eivissa","og_description":"El grup municipal PSOE-Reinicia exigeix \u200b\u200ba l&#8217;alcalde de Sant Antoni de Portmany, Marcos Serra, l&#8217;ampliaci\u00f3 de la zona declarada d&#8217;excessos i que ocupi tot el nucli urb\u00e0, incloent-hi la zona de s&#8217;Arenal. Ja el 2020, el grup progressista va instar Marcos Serra que la zona ocup\u00e0s tot el poble, ja que considerava que la zona&hellip;","og_url":"https:\/\/www.psib-psoe.org\/eivissa\/psoe-reinicia-exigeix-\u200b\u200ba-marcos-serra-lampliacio-de-la-zona-declarada-dexcessos-a-tot-el-nucli-de-sant-antoni\/","og_site_name":"Federaci\u00f3 Socialista d&#039;Eivissa","article_published_time":"2022-07-07T11:20:03+00:00","article_modified_time":"2022-07-07T11:24:35+00:00","og_image":[{"width":1454,"height":624,"url":"https:\/\/www.psib-psoe.org\/eivissa\/wp-content\/uploads\/sant-antoni-passeig.png","type":"image\/png"}],"author":"Josep Ripoll","twitter_card":"summary_large_image","twitter_misc":{"Escrit per":"Josep Ripoll","Temps estimat de lectura":"2 minuts"},"schema":{"@context":"https:\/\/schema.org","@graph":[{"@type":["Article","BlogPosting"],"@id":"https:\/\/www.psib-psoe.org\/eivissa\/psoe-reinicia-exigeix-%e2%80%8b%e2%80%8ba-marcos-serra-lampliacio-de-la-zona-declarada-dexcessos-a-tot-el-nucli-de-sant-antoni\/#article","isPartOf":{"@id":"https:\/\/www.psib-psoe.org\/eivissa\/psoe-reinicia-exigeix-%e2%80%8b%e2%80%8ba-marcos-serra-lampliacio-de-la-zona-declarada-dexcessos-a-tot-el-nucli-de-sant-antoni\/"},"author":{"name":"Josep Ripoll","@id":"https:\/\/www.psib-psoe.org\/eivissa\/#\/schema\/person\/7a9d2841fb36f32e34fc0e9b245e8117"},"headline":"PSOE-Reinicia exigeix \u200b\u200ba Marcos Serra l&#8217;ampliaci\u00f3 de la zona declarada d&#8217;excessos a tot el nucli de Sant Antoni","datePublished":"2022-07-07T11:20:03+00:00","dateModified":"2022-07-07T11:24:35+00:00","mainEntityOfPage":{"@id":"https:\/\/www.psib-psoe.org\/eivissa\/psoe-reinicia-exigeix-%e2%80%8b%e2%80%8ba-marcos-serra-lampliacio-de-la-zona-declarada-dexcessos-a-tot-el-nucli-de-sant-antoni\/"},"wordCount":391,"publisher":{"@id":"https:\/\/www.psib-psoe.org\/eivissa\/#organization"},"image":{"@id":"https:\/\/www.psib-psoe.org\/eivissa\/psoe-reinicia-exigeix-%e2%80%8b%e2%80%8ba-marcos-serra-lampliacio-de-la-zona-declarada-dexcessos-a-tot-el-nucli-de-sant-antoni\/#primaryimage"},"thumbnailUrl":"https:\/\/www.psib-psoe.org\/eivissa\/wp-content\/uploads\/sant-antoni-passeig.png","articleSection":["Sant Antoni de Portmany"],"inLanguage":"ca"},{"@type":"WebPage","@id":"https:\/\/www.psib-psoe.org\/eivissa\/psoe-reinicia-exigeix-%e2%80%8b%e2%80%8ba-marcos-serra-lampliacio-de-la-zona-declarada-dexcessos-a-tot-el-nucli-de-sant-antoni\/","url":"https:\/\/www.psib-psoe.org\/eivissa\/psoe-reinicia-exigeix-%e2%80%8b%e2%80%8ba-marcos-serra-lampliacio-de-la-zona-declarada-dexcessos-a-tot-el-nucli-de-sant-antoni\/","name":"PSOE-Reinicia exigeix \u200b\u200ba Marcos Serra l'ampliaci\u00f3 de la zona declarada d'excessos a tot el nucli de Sant Antoni - Federaci\u00f3 Socialista d&#039;Eivissa","isPartOf":{"@id":"https:\/\/www.psib-psoe.org\/eivissa\/#website"},"primaryImageOfPage":{"@id":"https:\/\/www.psib-psoe.org\/eivissa\/psoe-reinicia-exigeix-%e2%80%8b%e2%80%8ba-marcos-serra-lampliacio-de-la-zona-declarada-dexcessos-a-tot-el-nucli-de-sant-antoni\/#primaryimage"},"image":{"@id":"https:\/\/www.psib-psoe.org\/eivissa\/psoe-reinicia-exigeix-%e2%80%8b%e2%80%8ba-marcos-serra-lampliacio-de-la-zona-declarada-dexcessos-a-tot-el-nucli-de-sant-antoni\/#primaryimage"},"thumbnailUrl":"https:\/\/www.psib-psoe.org\/eivissa\/wp-content\/uploads\/sant-antoni-passeig.png","datePublished":"2022-07-07T11:20:03+00:00","dateModified":"2022-07-07T11:24:35+00:00","breadcrumb":{"@id":"https:\/\/www.psib-psoe.org\/eivissa\/psoe-reinicia-exigeix-%e2%80%8b%e2%80%8ba-marcos-serra-lampliacio-de-la-zona-declarada-dexcessos-a-tot-el-nucli-de-sant-antoni\/#breadcrumb"},"inLanguage":"ca","potentialAction":[{"@type":"ReadAction","target":["https:\/\/www.psib-psoe.org\/eivissa\/psoe-reinicia-exigeix-%e2%80%8b%e2%80%8ba-marcos-serra-lampliacio-de-la-zona-declarada-dexcessos-a-tot-el-nucli-de-sant-antoni\/"]}]},{"@type":"ImageObject","inLanguage":"ca","@id":"https:\/\/www.psib-psoe.org\/eivissa\/psoe-reinicia-exigeix-%e2%80%8b%e2%80%8ba-marcos-serra-lampliacio-de-la-zona-declarada-dexcessos-a-tot-el-nucli-de-sant-antoni\/#primaryimage","url":"https:\/\/www.psib-psoe.org\/eivissa\/wp-content\/uploads\/sant-antoni-passeig.png","contentUrl":"https:\/\/www.psib-psoe.org\/eivissa\/wp-content\/uploads\/sant-antoni-passeig.png","width":1454,"height":624},{"@type":"BreadcrumbList","@id":"https:\/\/www.psib-psoe.org\/eivissa\/psoe-reinicia-exigeix-%e2%80%8b%e2%80%8ba-marcos-serra-lampliacio-de-la-zona-declarada-dexcessos-a-tot-el-nucli-de-sant-antoni\/#breadcrumb","itemListElement":[{"@type":"ListItem","position":1,"name":"Inici","item":"https:\/\/www.psib-psoe.org\/eivissa\/"},{"@type":"ListItem","position":2,"name":"PSOE-Reinicia exigeix \u200b\u200ba Marcos Serra l&#8217;ampliaci\u00f3 de la zona declarada d&#8217;excessos a tot el nucli de Sant Antoni"}]},{"@type":"WebSite","@id":"https:\/\/www.psib-psoe.org\/eivissa\/#website","url":"https:\/\/www.psib-psoe.org\/eivissa\/","name":"Federaci\u00f3 Socialista d'Eivissa","description":"Socialistes d&#039;Eivissa","publisher":{"@id":"https:\/\/www.psib-psoe.org\/eivissa\/#organization"},"potentialAction":[{"@type":"SearchAction","target":{"@type":"EntryPoint","urlTemplate":"https:\/\/www.psib-psoe.org\/eivissa\/?s={search_term_string}"},"query-input":{"@type":"PropertyValueSpecification","valueRequired":true,"valueName":"search_term_string"}}],"inLanguage":"ca"},{"@type":"Organization","@id":"https:\/\/www.psib-psoe.org\/eivissa\/#organization","name":"Federaci\u00f3 Socialista d'Eivissa","url":"https:\/\/www.psib-psoe.org\/eivissa\/","logo":{"@type":"ImageObject","inLanguage":"ca","@id":"https:\/\/www.psib-psoe.org\/eivissa\/#\/schema\/logo\/image\/","url":"https:\/\/www.psib-psoe.org\/eivissa\/wp-content\/uploads\/LOGO-FSE-SOCIALISTA-DEIVISSA-HORI.png","contentUrl":"https:\/\/www.psib-psoe.org\/eivissa\/wp-content\/uploads\/LOGO-FSE-SOCIALISTA-DEIVISSA-HORI.png","width":6000,"height":3104,"caption":"Federaci\u00f3 Socialista d'Eivissa"},"image":{"@id":"https:\/\/www.psib-psoe.org\/eivissa\/#\/schema\/logo\/image\/"}},{"@type":"Person","@id":"https:\/\/www.psib-psoe.org\/eivissa\/#\/schema\/person\/7a9d2841fb36f32e34fc0e9b245e8117","name":"Josep Ripoll","sameAs":["http:\/\/www.psib-psoe.org\/eivissa\/wp-login.php"],"url":"https:\/\/www.psib-psoe.org\/eivissa\/author\/josep\/"}]}},"_links":{"self":[{"href":"https:\/\/www.psib-psoe.org\/eivissa\/wp-json\/wp\/v2\/posts\/36000","targetHints":{"allow":["GET"]}}],"collection":[{"href":"https:\/\/www.psib-psoe.org\/eivissa\/wp-json\/wp\/v2\/posts"}],"about":[{"href":"https:\/\/www.psib-psoe.org\/eivissa\/wp-json\/wp\/v2\/types\/post"}],"author":[{"embeddable":true,"href":"https:\/\/www.psib-psoe.org\/eivissa\/wp-json\/wp\/v2\/users\/7"}],"replies":[{"embeddable":true,"href":"https:\/\/www.psib-psoe.org\/eivissa\/wp-json\/wp\/v2\/comments?post=36000"}],"version-history":[{"count":1,"href":"https:\/\/www.psib-psoe.org\/eivissa\/wp-json\/wp\/v2\/posts\/36000\/revisions"}],"predecessor-version":[{"id":36003,"href":"https:\/\/www.psib-psoe.org\/eivissa\/wp-json\/wp\/v2\/posts\/36000\/revisions\/36003"}],"wp:featuredmedia":[{"embeddable":true,"href":"https:\/\/www.psib-psoe.org\/eivissa\/wp-json\/wp\/v2\/media\/36001"}],"wp:attachment":[{"href":"https:\/\/www.psib-psoe.org\/eivissa\/wp-json\/wp\/v2\/media?parent=36000"}],"wp:term":[{"taxonomy":"category","embeddable":true,"href":"https:\/\/www.psib-psoe.org\/eivissa\/wp-json\/wp\/v2\/categories?post=36000"},{"taxonomy":"post_tag","embeddable":true,"href":"https:\/\/www.psib-psoe.org\/eivissa\/wp-json\/wp\/v2\/tags?post=36000"}],"curies":[{"name":"wp","href":"https:\/\/api.w.org\/{rel}","templated":true}]}}