{"id":36007,"date":"2022-07-11T14:00:32","date_gmt":"2022-07-11T12:00:32","guid":{"rendered":"https:\/\/www.psib-psoe.org\/eivissa\/?p=36007"},"modified":"2022-07-11T14:00:32","modified_gmt":"2022-07-11T12:00:32","slug":"el-grup-psoe-denuncia-la-nefasta-gestio-de-vicent-mari-en-la-construccio-fallida-del-centre-provisional-de-baixa-exigencia-i-alerta-que-la-rescissio-del-contracte-suposara-un-nou-retard","status":"publish","type":"post","link":"https:\/\/www.psib-psoe.org\/eivissa\/el-grup-psoe-denuncia-la-nefasta-gestio-de-vicent-mari-en-la-construccio-fallida-del-centre-provisional-de-baixa-exigencia-i-alerta-que-la-rescissio-del-contracte-suposara-un-nou-retard\/","title":{"rendered":"El grup PSOE denuncia la &#8220;nefasta&#8221; gesti\u00f3 de Vicent Mar\u00ed en la construcci\u00f3 fallida del centre provisional de baixa exig\u00e8ncia i alerta que la rescissi\u00f3 del contracte suposar\u00e0 un nou retard"},"content":{"rendered":"<p>El grup PSOE denuncia p\u00fablicament la &#8220;nefasta&#8221; gesti\u00f3 de Vicent Mar\u00ed en la construcci\u00f3 fallida del centre provisional de baixa exig\u00e8ncia, que encara no s&#8217;ha pogut acabar i posar en marxa, i alerta que la rescissi\u00f3 del contracte suposar\u00e0 un nou retard que se sumar\u00e0 als prop de dos anys que acumula. Una infraestructura que &#8220;s&#8217;havia de fer per donar resposta davant la situaci\u00f3 de la pand\u00e8mia, i dos anys despr\u00e9s continua sense obrir les portes&#8221;, com ha denunciat el conseller del PSOE V\u00edctor Torres.<\/p>\n<p>Un &#8220;frac\u00e0s estrepit\u00f3s&#8221; en la gesti\u00f3 de Vicent Mar\u00ed amb &#8220;l&#8217;\u00fanic projecte ideat per aquest equip de govern en tres anys de legislatura&#8221;, ja que &#8220;tota la resta d&#8217;inversions de l&#8217;actual equip de govern venen de l&#8217;etapa progressista&#8221;, com ha explicat el conseller del PSOE.<\/p>\n<p>V\u00edctor Torres ha recordat que, el 2020, Vicent Mar\u00ed va adjudicar per emerg\u00e8ncia de la Covid-19 i sense concurs p\u00fablic el v\u00eddeo &#8220;La vida islados&#8221; per 250.000 euros, en comptes de tramitar per emerg\u00e8ncia la construcci\u00f3 del centre provisional de baixa exig\u00e8ncia per atendre persones sense sostre en situaci\u00f3 d&#8217;exclusi\u00f3 social. &#8220;Passats dos anys, desgraciadament, s&#8217;ha vist quines eren les veritables prioritats i emerg\u00e8ncies del senyor Vicent Mar\u00ed, que no eren les d&#8217;ajudar a les persones que m\u00e9s ho necessiten&#8221;.<\/p>\n<p>En abril de 2020, el Consell d&#8217;Alcaldes va acordar construir un centre provisional de baixa Exig\u00e8ncia per donar servei mentre no es constru\u00efa el centre definitiu des Gorg. El 7 d&#8217;agost de 2020, el Consell Insular va adjudicar el contracte per a la redacci\u00f3 del projecte i la construcci\u00f3 del centre provisional de baixa exig\u00e8ncia al costat del p\u00e0rquing del Recinte Firal d&#8217;Eivissa per 1,1 milions d&#8217;euros i un termini d&#8217;execuci\u00f3 de vint-i-dos setmanes.<\/p>\n<p>En aquell moment, la consellera de Serveis Socials, Carolina Escandell, va anunciar que el centre estaria acabat a finals de 2020, per tal de comen\u00e7ar a donar servei durant els mesos d&#8217;aquell hivern.<\/p>\n<p>Prop de dos anys despr\u00e9s de l&#8217;adjudicaci\u00f3 de les obres, i de reiterats incompliments de terminis per part de l&#8217;equip de govern del PP i Ciutadans, el Centre de baixa exig\u00e8ncia provisional del Recinte Firal continua sense data per a la seua posada en marxa i amb l&#8217;anunci de Vicent Mar\u00ed de rescissi\u00f3 del contracte, que afegir\u00e0 m\u00e9s retards al que ja s&#8217;acumula.<\/p>\n","protected":false},"excerpt":{"rendered":"<p>El grup PSOE denuncia p\u00fablicament la &#8220;nefasta&#8221; gesti\u00f3 de Vicent Mar\u00ed en la construcci\u00f3 fallida del centre provisional de baixa exig\u00e8ncia, que encara no s&#8217;ha pogut acabar i posar en marxa, i alerta que la rescissi\u00f3 del contracte suposar\u00e0 un nou retard que se sumar\u00e0 als prop de dos anys que acumula. Una infraestructura que&hellip;<\/p>\n","protected":false},"author":7,"featured_media":36008,"comment_status":"closed","ping_status":"closed","sticky":false,"template":"","format":"standard","meta":{"footnotes":""},"categories":[192],"tags":[],"class_list":["post-36007","post","type-post","status-publish","format-standard","has-post-thumbnail","hentry","category-consell-deivissa"],"yoast_head":"<!-- This site is optimized with the Yoast SEO plugin v26.9 - https:\/\/yoast.com\/product\/yoast-seo-wordpress\/ -->\n<title>El grup PSOE denuncia la &quot;nefasta&quot; gesti\u00f3 de Vicent Mar\u00ed en la construcci\u00f3 fallida del centre provisional de baixa exig\u00e8ncia i alerta que la rescissi\u00f3 del contracte suposar\u00e0 un nou retard - Federaci\u00f3 Socialista d&#039;Eivissa<\/title>\n<meta name=\"robots\" content=\"index, follow, max-snippet:-1, max-image-preview:large, max-video-preview:-1\" \/>\n<link rel=\"canonical\" href=\"https:\/\/www.psib-psoe.org\/eivissa\/el-grup-psoe-denuncia-la-nefasta-gestio-de-vicent-mari-en-la-construccio-fallida-del-centre-provisional-de-baixa-exigencia-i-alerta-que-la-rescissio-del-contracte-suposara-un-nou-retard\/\" \/>\n<meta property=\"og:locale\" content=\"ca_ES\" \/>\n<meta property=\"og:type\" content=\"article\" \/>\n<meta property=\"og:title\" content=\"El grup PSOE denuncia la &quot;nefasta&quot; gesti\u00f3 de Vicent Mar\u00ed en la construcci\u00f3 fallida del centre provisional de baixa exig\u00e8ncia i alerta que la rescissi\u00f3 del contracte suposar\u00e0 un nou retard - Federaci\u00f3 Socialista d&#039;Eivissa\" \/>\n<meta property=\"og:description\" content=\"El grup PSOE denuncia p\u00fablicament la &#8220;nefasta&#8221; gesti\u00f3 de Vicent Mar\u00ed en la construcci\u00f3 fallida del centre provisional de baixa exig\u00e8ncia, que encara no s&#8217;ha pogut acabar i posar en marxa, i alerta que la rescissi\u00f3 del contracte suposar\u00e0 un nou retard que se sumar\u00e0 als prop de dos anys que acumula. Una infraestructura que&hellip;\" \/>\n<meta property=\"og:url\" content=\"https:\/\/www.psib-psoe.org\/eivissa\/el-grup-psoe-denuncia-la-nefasta-gestio-de-vicent-mari-en-la-construccio-fallida-del-centre-provisional-de-baixa-exigencia-i-alerta-que-la-rescissio-del-contracte-suposara-un-nou-retard\/\" \/>\n<meta property=\"og:site_name\" content=\"Federaci\u00f3 Socialista d&#039;Eivissa\" \/>\n<meta property=\"article:published_time\" content=\"2022-07-11T12:00:32+00:00\" \/>\n<meta property=\"og:image\" content=\"https:\/\/www.psib-psoe.org\/eivissa\/wp-content\/uploads\/CENTRE-PROVISIONAL-BAIXA-EXIGENCIA.jpg\" \/>\n\t<meta property=\"og:image:width\" content=\"2048\" \/>\n\t<meta property=\"og:image:height\" content=\"1536\" \/>\n\t<meta property=\"og:image:type\" content=\"image\/jpeg\" \/>\n<meta name=\"author\" content=\"Josep Ripoll\" \/>\n<meta name=\"twitter:card\" content=\"summary_large_image\" \/>\n<meta name=\"twitter:label1\" content=\"Escrit per\" \/>\n\t<meta name=\"twitter:data1\" content=\"Josep Ripoll\" \/>\n\t<meta name=\"twitter:label2\" content=\"Temps estimat de lectura\" \/>\n\t<meta name=\"twitter:data2\" content=\"2 minuts\" \/>\n<script type=\"application\/ld+json\" class=\"yoast-schema-graph\">{\"@context\":\"https:\/\/schema.org\",\"@graph\":[{\"@type\":[\"Article\",\"BlogPosting\"],\"@id\":\"https:\/\/www.psib-psoe.org\/eivissa\/el-grup-psoe-denuncia-la-nefasta-gestio-de-vicent-mari-en-la-construccio-fallida-del-centre-provisional-de-baixa-exigencia-i-alerta-que-la-rescissio-del-contracte-suposara-un-nou-retard\/#article\",\"isPartOf\":{\"@id\":\"https:\/\/www.psib-psoe.org\/eivissa\/el-grup-psoe-denuncia-la-nefasta-gestio-de-vicent-mari-en-la-construccio-fallida-del-centre-provisional-de-baixa-exigencia-i-alerta-que-la-rescissio-del-contracte-suposara-un-nou-retard\/\"},\"author\":{\"name\":\"Josep Ripoll\",\"@id\":\"https:\/\/www.psib-psoe.org\/eivissa\/#\/schema\/person\/7a9d2841fb36f32e34fc0e9b245e8117\"},\"headline\":\"El grup PSOE denuncia la &#8220;nefasta&#8221; gesti\u00f3 de Vicent Mar\u00ed en la construcci\u00f3 fallida del centre provisional de baixa exig\u00e8ncia i alerta que la rescissi\u00f3 del contracte suposar\u00e0 un nou retard\",\"datePublished\":\"2022-07-11T12:00:32+00:00\",\"mainEntityOfPage\":{\"@id\":\"https:\/\/www.psib-psoe.org\/eivissa\/el-grup-psoe-denuncia-la-nefasta-gestio-de-vicent-mari-en-la-construccio-fallida-del-centre-provisional-de-baixa-exigencia-i-alerta-que-la-rescissio-del-contracte-suposara-un-nou-retard\/\"},\"wordCount\":429,\"publisher\":{\"@id\":\"https:\/\/www.psib-psoe.org\/eivissa\/#organization\"},\"image\":{\"@id\":\"https:\/\/www.psib-psoe.org\/eivissa\/el-grup-psoe-denuncia-la-nefasta-gestio-de-vicent-mari-en-la-construccio-fallida-del-centre-provisional-de-baixa-exigencia-i-alerta-que-la-rescissio-del-contracte-suposara-un-nou-retard\/#primaryimage\"},\"thumbnailUrl\":\"https:\/\/www.psib-psoe.org\/eivissa\/wp-content\/uploads\/CENTRE-PROVISIONAL-BAIXA-EXIGENCIA.jpg\",\"articleSection\":[\"Consell d'Eivissa\"],\"inLanguage\":\"ca\"},{\"@type\":\"WebPage\",\"@id\":\"https:\/\/www.psib-psoe.org\/eivissa\/el-grup-psoe-denuncia-la-nefasta-gestio-de-vicent-mari-en-la-construccio-fallida-del-centre-provisional-de-baixa-exigencia-i-alerta-que-la-rescissio-del-contracte-suposara-un-nou-retard\/\",\"url\":\"https:\/\/www.psib-psoe.org\/eivissa\/el-grup-psoe-denuncia-la-nefasta-gestio-de-vicent-mari-en-la-construccio-fallida-del-centre-provisional-de-baixa-exigencia-i-alerta-que-la-rescissio-del-contracte-suposara-un-nou-retard\/\",\"name\":\"El grup PSOE denuncia la \\\"nefasta\\\" gesti\u00f3 de Vicent Mar\u00ed en la construcci\u00f3 fallida del centre provisional de baixa exig\u00e8ncia i alerta que la rescissi\u00f3 del contracte suposar\u00e0 un nou retard - Federaci\u00f3 Socialista d&#039;Eivissa\",\"isPartOf\":{\"@id\":\"https:\/\/www.psib-psoe.org\/eivissa\/#website\"},\"primaryImageOfPage\":{\"@id\":\"https:\/\/www.psib-psoe.org\/eivissa\/el-grup-psoe-denuncia-la-nefasta-gestio-de-vicent-mari-en-la-construccio-fallida-del-centre-provisional-de-baixa-exigencia-i-alerta-que-la-rescissio-del-contracte-suposara-un-nou-retard\/#primaryimage\"},\"image\":{\"@id\":\"https:\/\/www.psib-psoe.org\/eivissa\/el-grup-psoe-denuncia-la-nefasta-gestio-de-vicent-mari-en-la-construccio-fallida-del-centre-provisional-de-baixa-exigencia-i-alerta-que-la-rescissio-del-contracte-suposara-un-nou-retard\/#primaryimage\"},\"thumbnailUrl\":\"https:\/\/www.psib-psoe.org\/eivissa\/wp-content\/uploads\/CENTRE-PROVISIONAL-BAIXA-EXIGENCIA.jpg\",\"datePublished\":\"2022-07-11T12:00:32+00:00\",\"breadcrumb\":{\"@id\":\"https:\/\/www.psib-psoe.org\/eivissa\/el-grup-psoe-denuncia-la-nefasta-gestio-de-vicent-mari-en-la-construccio-fallida-del-centre-provisional-de-baixa-exigencia-i-alerta-que-la-rescissio-del-contracte-suposara-un-nou-retard\/#breadcrumb\"},\"inLanguage\":\"ca\",\"potentialAction\":[{\"@type\":\"ReadAction\",\"target\":[\"https:\/\/www.psib-psoe.org\/eivissa\/el-grup-psoe-denuncia-la-nefasta-gestio-de-vicent-mari-en-la-construccio-fallida-del-centre-provisional-de-baixa-exigencia-i-alerta-que-la-rescissio-del-contracte-suposara-un-nou-retard\/\"]}]},{\"@type\":\"ImageObject\",\"inLanguage\":\"ca\",\"@id\":\"https:\/\/www.psib-psoe.org\/eivissa\/el-grup-psoe-denuncia-la-nefasta-gestio-de-vicent-mari-en-la-construccio-fallida-del-centre-provisional-de-baixa-exigencia-i-alerta-que-la-rescissio-del-contracte-suposara-un-nou-retard\/#primaryimage\",\"url\":\"https:\/\/www.psib-psoe.org\/eivissa\/wp-content\/uploads\/CENTRE-PROVISIONAL-BAIXA-EXIGENCIA.jpg\",\"contentUrl\":\"https:\/\/www.psib-psoe.org\/eivissa\/wp-content\/uploads\/CENTRE-PROVISIONAL-BAIXA-EXIGENCIA.jpg\",\"width\":2048,\"height\":1536},{\"@type\":\"BreadcrumbList\",\"@id\":\"https:\/\/www.psib-psoe.org\/eivissa\/el-grup-psoe-denuncia-la-nefasta-gestio-de-vicent-mari-en-la-construccio-fallida-del-centre-provisional-de-baixa-exigencia-i-alerta-que-la-rescissio-del-contracte-suposara-un-nou-retard\/#breadcrumb\",\"itemListElement\":[{\"@type\":\"ListItem\",\"position\":1,\"name\":\"Inici\",\"item\":\"https:\/\/www.psib-psoe.org\/eivissa\/\"},{\"@type\":\"ListItem\",\"position\":2,\"name\":\"El grup PSOE denuncia la &#8220;nefasta&#8221; gesti\u00f3 de Vicent Mar\u00ed en la construcci\u00f3 fallida del centre provisional de baixa exig\u00e8ncia i alerta que la rescissi\u00f3 del contracte suposar\u00e0 un nou retard\"}]},{\"@type\":\"WebSite\",\"@id\":\"https:\/\/www.psib-psoe.org\/eivissa\/#website\",\"url\":\"https:\/\/www.psib-psoe.org\/eivissa\/\",\"name\":\"Federaci\u00f3 Socialista d'Eivissa\",\"description\":\"Socialistes d&#039;Eivissa\",\"publisher\":{\"@id\":\"https:\/\/www.psib-psoe.org\/eivissa\/#organization\"},\"potentialAction\":[{\"@type\":\"SearchAction\",\"target\":{\"@type\":\"EntryPoint\",\"urlTemplate\":\"https:\/\/www.psib-psoe.org\/eivissa\/?s={search_term_string}\"},\"query-input\":{\"@type\":\"PropertyValueSpecification\",\"valueRequired\":true,\"valueName\":\"search_term_string\"}}],\"inLanguage\":\"ca\"},{\"@type\":\"Organization\",\"@id\":\"https:\/\/www.psib-psoe.org\/eivissa\/#organization\",\"name\":\"Federaci\u00f3 Socialista d'Eivissa\",\"url\":\"https:\/\/www.psib-psoe.org\/eivissa\/\",\"logo\":{\"@type\":\"ImageObject\",\"inLanguage\":\"ca\",\"@id\":\"https:\/\/www.psib-psoe.org\/eivissa\/#\/schema\/logo\/image\/\",\"url\":\"https:\/\/www.psib-psoe.org\/eivissa\/wp-content\/uploads\/LOGO-FSE-SOCIALISTA-DEIVISSA-HORI.png\",\"contentUrl\":\"https:\/\/www.psib-psoe.org\/eivissa\/wp-content\/uploads\/LOGO-FSE-SOCIALISTA-DEIVISSA-HORI.png\",\"width\":6000,\"height\":3104,\"caption\":\"Federaci\u00f3 Socialista d'Eivissa\"},\"image\":{\"@id\":\"https:\/\/www.psib-psoe.org\/eivissa\/#\/schema\/logo\/image\/\"}},{\"@type\":\"Person\",\"@id\":\"https:\/\/www.psib-psoe.org\/eivissa\/#\/schema\/person\/7a9d2841fb36f32e34fc0e9b245e8117\",\"name\":\"Josep Ripoll\",\"sameAs\":[\"http:\/\/www.psib-psoe.org\/eivissa\/wp-login.php\"],\"url\":\"https:\/\/www.psib-psoe.org\/eivissa\/author\/josep\/\"}]}<\/script>\n<!-- \/ Yoast SEO plugin. -->","yoast_head_json":{"title":"El grup PSOE denuncia la \"nefasta\" gesti\u00f3 de Vicent Mar\u00ed en la construcci\u00f3 fallida del centre provisional de baixa exig\u00e8ncia i alerta que la rescissi\u00f3 del contracte suposar\u00e0 un nou retard - Federaci\u00f3 Socialista d&#039;Eivissa","robots":{"index":"index","follow":"follow","max-snippet":"max-snippet:-1","max-image-preview":"max-image-preview:large","max-video-preview":"max-video-preview:-1"},"canonical":"https:\/\/www.psib-psoe.org\/eivissa\/el-grup-psoe-denuncia-la-nefasta-gestio-de-vicent-mari-en-la-construccio-fallida-del-centre-provisional-de-baixa-exigencia-i-alerta-que-la-rescissio-del-contracte-suposara-un-nou-retard\/","og_locale":"ca_ES","og_type":"article","og_title":"El grup PSOE denuncia la \"nefasta\" gesti\u00f3 de Vicent Mar\u00ed en la construcci\u00f3 fallida del centre provisional de baixa exig\u00e8ncia i alerta que la rescissi\u00f3 del contracte suposar\u00e0 un nou retard - Federaci\u00f3 Socialista d&#039;Eivissa","og_description":"El grup PSOE denuncia p\u00fablicament la &#8220;nefasta&#8221; gesti\u00f3 de Vicent Mar\u00ed en la construcci\u00f3 fallida del centre provisional de baixa exig\u00e8ncia, que encara no s&#8217;ha pogut acabar i posar en marxa, i alerta que la rescissi\u00f3 del contracte suposar\u00e0 un nou retard que se sumar\u00e0 als prop de dos anys que acumula. Una infraestructura que&hellip;","og_url":"https:\/\/www.psib-psoe.org\/eivissa\/el-grup-psoe-denuncia-la-nefasta-gestio-de-vicent-mari-en-la-construccio-fallida-del-centre-provisional-de-baixa-exigencia-i-alerta-que-la-rescissio-del-contracte-suposara-un-nou-retard\/","og_site_name":"Federaci\u00f3 Socialista d&#039;Eivissa","article_published_time":"2022-07-11T12:00:32+00:00","og_image":[{"width":2048,"height":1536,"url":"https:\/\/www.psib-psoe.org\/eivissa\/wp-content\/uploads\/CENTRE-PROVISIONAL-BAIXA-EXIGENCIA.jpg","type":"image\/jpeg"}],"author":"Josep Ripoll","twitter_card":"summary_large_image","twitter_misc":{"Escrit per":"Josep Ripoll","Temps estimat de lectura":"2 minuts"},"schema":{"@context":"https:\/\/schema.org","@graph":[{"@type":["Article","BlogPosting"],"@id":"https:\/\/www.psib-psoe.org\/eivissa\/el-grup-psoe-denuncia-la-nefasta-gestio-de-vicent-mari-en-la-construccio-fallida-del-centre-provisional-de-baixa-exigencia-i-alerta-que-la-rescissio-del-contracte-suposara-un-nou-retard\/#article","isPartOf":{"@id":"https:\/\/www.psib-psoe.org\/eivissa\/el-grup-psoe-denuncia-la-nefasta-gestio-de-vicent-mari-en-la-construccio-fallida-del-centre-provisional-de-baixa-exigencia-i-alerta-que-la-rescissio-del-contracte-suposara-un-nou-retard\/"},"author":{"name":"Josep Ripoll","@id":"https:\/\/www.psib-psoe.org\/eivissa\/#\/schema\/person\/7a9d2841fb36f32e34fc0e9b245e8117"},"headline":"El grup PSOE denuncia la &#8220;nefasta&#8221; gesti\u00f3 de Vicent Mar\u00ed en la construcci\u00f3 fallida del centre provisional de baixa exig\u00e8ncia i alerta que la rescissi\u00f3 del contracte suposar\u00e0 un nou retard","datePublished":"2022-07-11T12:00:32+00:00","mainEntityOfPage":{"@id":"https:\/\/www.psib-psoe.org\/eivissa\/el-grup-psoe-denuncia-la-nefasta-gestio-de-vicent-mari-en-la-construccio-fallida-del-centre-provisional-de-baixa-exigencia-i-alerta-que-la-rescissio-del-contracte-suposara-un-nou-retard\/"},"wordCount":429,"publisher":{"@id":"https:\/\/www.psib-psoe.org\/eivissa\/#organization"},"image":{"@id":"https:\/\/www.psib-psoe.org\/eivissa\/el-grup-psoe-denuncia-la-nefasta-gestio-de-vicent-mari-en-la-construccio-fallida-del-centre-provisional-de-baixa-exigencia-i-alerta-que-la-rescissio-del-contracte-suposara-un-nou-retard\/#primaryimage"},"thumbnailUrl":"https:\/\/www.psib-psoe.org\/eivissa\/wp-content\/uploads\/CENTRE-PROVISIONAL-BAIXA-EXIGENCIA.jpg","articleSection":["Consell d'Eivissa"],"inLanguage":"ca"},{"@type":"WebPage","@id":"https:\/\/www.psib-psoe.org\/eivissa\/el-grup-psoe-denuncia-la-nefasta-gestio-de-vicent-mari-en-la-construccio-fallida-del-centre-provisional-de-baixa-exigencia-i-alerta-que-la-rescissio-del-contracte-suposara-un-nou-retard\/","url":"https:\/\/www.psib-psoe.org\/eivissa\/el-grup-psoe-denuncia-la-nefasta-gestio-de-vicent-mari-en-la-construccio-fallida-del-centre-provisional-de-baixa-exigencia-i-alerta-que-la-rescissio-del-contracte-suposara-un-nou-retard\/","name":"El grup PSOE denuncia la \"nefasta\" gesti\u00f3 de Vicent Mar\u00ed en la construcci\u00f3 fallida del centre provisional de baixa exig\u00e8ncia i alerta que la rescissi\u00f3 del contracte suposar\u00e0 un nou retard - Federaci\u00f3 Socialista d&#039;Eivissa","isPartOf":{"@id":"https:\/\/www.psib-psoe.org\/eivissa\/#website"},"primaryImageOfPage":{"@id":"https:\/\/www.psib-psoe.org\/eivissa\/el-grup-psoe-denuncia-la-nefasta-gestio-de-vicent-mari-en-la-construccio-fallida-del-centre-provisional-de-baixa-exigencia-i-alerta-que-la-rescissio-del-contracte-suposara-un-nou-retard\/#primaryimage"},"image":{"@id":"https:\/\/www.psib-psoe.org\/eivissa\/el-grup-psoe-denuncia-la-nefasta-gestio-de-vicent-mari-en-la-construccio-fallida-del-centre-provisional-de-baixa-exigencia-i-alerta-que-la-rescissio-del-contracte-suposara-un-nou-retard\/#primaryimage"},"thumbnailUrl":"https:\/\/www.psib-psoe.org\/eivissa\/wp-content\/uploads\/CENTRE-PROVISIONAL-BAIXA-EXIGENCIA.jpg","datePublished":"2022-07-11T12:00:32+00:00","breadcrumb":{"@id":"https:\/\/www.psib-psoe.org\/eivissa\/el-grup-psoe-denuncia-la-nefasta-gestio-de-vicent-mari-en-la-construccio-fallida-del-centre-provisional-de-baixa-exigencia-i-alerta-que-la-rescissio-del-contracte-suposara-un-nou-retard\/#breadcrumb"},"inLanguage":"ca","potentialAction":[{"@type":"ReadAction","target":["https:\/\/www.psib-psoe.org\/eivissa\/el-grup-psoe-denuncia-la-nefasta-gestio-de-vicent-mari-en-la-construccio-fallida-del-centre-provisional-de-baixa-exigencia-i-alerta-que-la-rescissio-del-contracte-suposara-un-nou-retard\/"]}]},{"@type":"ImageObject","inLanguage":"ca","@id":"https:\/\/www.psib-psoe.org\/eivissa\/el-grup-psoe-denuncia-la-nefasta-gestio-de-vicent-mari-en-la-construccio-fallida-del-centre-provisional-de-baixa-exigencia-i-alerta-que-la-rescissio-del-contracte-suposara-un-nou-retard\/#primaryimage","url":"https:\/\/www.psib-psoe.org\/eivissa\/wp-content\/uploads\/CENTRE-PROVISIONAL-BAIXA-EXIGENCIA.jpg","contentUrl":"https:\/\/www.psib-psoe.org\/eivissa\/wp-content\/uploads\/CENTRE-PROVISIONAL-BAIXA-EXIGENCIA.jpg","width":2048,"height":1536},{"@type":"BreadcrumbList","@id":"https:\/\/www.psib-psoe.org\/eivissa\/el-grup-psoe-denuncia-la-nefasta-gestio-de-vicent-mari-en-la-construccio-fallida-del-centre-provisional-de-baixa-exigencia-i-alerta-que-la-rescissio-del-contracte-suposara-un-nou-retard\/#breadcrumb","itemListElement":[{"@type":"ListItem","position":1,"name":"Inici","item":"https:\/\/www.psib-psoe.org\/eivissa\/"},{"@type":"ListItem","position":2,"name":"El grup PSOE denuncia la &#8220;nefasta&#8221; gesti\u00f3 de Vicent Mar\u00ed en la construcci\u00f3 fallida del centre provisional de baixa exig\u00e8ncia i alerta que la rescissi\u00f3 del contracte suposar\u00e0 un nou retard"}]},{"@type":"WebSite","@id":"https:\/\/www.psib-psoe.org\/eivissa\/#website","url":"https:\/\/www.psib-psoe.org\/eivissa\/","name":"Federaci\u00f3 Socialista d'Eivissa","description":"Socialistes d&#039;Eivissa","publisher":{"@id":"https:\/\/www.psib-psoe.org\/eivissa\/#organization"},"potentialAction":[{"@type":"SearchAction","target":{"@type":"EntryPoint","urlTemplate":"https:\/\/www.psib-psoe.org\/eivissa\/?s={search_term_string}"},"query-input":{"@type":"PropertyValueSpecification","valueRequired":true,"valueName":"search_term_string"}}],"inLanguage":"ca"},{"@type":"Organization","@id":"https:\/\/www.psib-psoe.org\/eivissa\/#organization","name":"Federaci\u00f3 Socialista d'Eivissa","url":"https:\/\/www.psib-psoe.org\/eivissa\/","logo":{"@type":"ImageObject","inLanguage":"ca","@id":"https:\/\/www.psib-psoe.org\/eivissa\/#\/schema\/logo\/image\/","url":"https:\/\/www.psib-psoe.org\/eivissa\/wp-content\/uploads\/LOGO-FSE-SOCIALISTA-DEIVISSA-HORI.png","contentUrl":"https:\/\/www.psib-psoe.org\/eivissa\/wp-content\/uploads\/LOGO-FSE-SOCIALISTA-DEIVISSA-HORI.png","width":6000,"height":3104,"caption":"Federaci\u00f3 Socialista d'Eivissa"},"image":{"@id":"https:\/\/www.psib-psoe.org\/eivissa\/#\/schema\/logo\/image\/"}},{"@type":"Person","@id":"https:\/\/www.psib-psoe.org\/eivissa\/#\/schema\/person\/7a9d2841fb36f32e34fc0e9b245e8117","name":"Josep Ripoll","sameAs":["http:\/\/www.psib-psoe.org\/eivissa\/wp-login.php"],"url":"https:\/\/www.psib-psoe.org\/eivissa\/author\/josep\/"}]}},"_links":{"self":[{"href":"https:\/\/www.psib-psoe.org\/eivissa\/wp-json\/wp\/v2\/posts\/36007","targetHints":{"allow":["GET"]}}],"collection":[{"href":"https:\/\/www.psib-psoe.org\/eivissa\/wp-json\/wp\/v2\/posts"}],"about":[{"href":"https:\/\/www.psib-psoe.org\/eivissa\/wp-json\/wp\/v2\/types\/post"}],"author":[{"embeddable":true,"href":"https:\/\/www.psib-psoe.org\/eivissa\/wp-json\/wp\/v2\/users\/7"}],"replies":[{"embeddable":true,"href":"https:\/\/www.psib-psoe.org\/eivissa\/wp-json\/wp\/v2\/comments?post=36007"}],"version-history":[{"count":1,"href":"https:\/\/www.psib-psoe.org\/eivissa\/wp-json\/wp\/v2\/posts\/36007\/revisions"}],"predecessor-version":[{"id":36010,"href":"https:\/\/www.psib-psoe.org\/eivissa\/wp-json\/wp\/v2\/posts\/36007\/revisions\/36010"}],"wp:featuredmedia":[{"embeddable":true,"href":"https:\/\/www.psib-psoe.org\/eivissa\/wp-json\/wp\/v2\/media\/36008"}],"wp:attachment":[{"href":"https:\/\/www.psib-psoe.org\/eivissa\/wp-json\/wp\/v2\/media?parent=36007"}],"wp:term":[{"taxonomy":"category","embeddable":true,"href":"https:\/\/www.psib-psoe.org\/eivissa\/wp-json\/wp\/v2\/categories?post=36007"},{"taxonomy":"post_tag","embeddable":true,"href":"https:\/\/www.psib-psoe.org\/eivissa\/wp-json\/wp\/v2\/tags?post=36007"}],"curies":[{"name":"wp","href":"https:\/\/api.w.org\/{rel}","templated":true}]}}