{"id":36199,"date":"2022-08-26T19:57:24","date_gmt":"2022-08-26T17:57:24","guid":{"rendered":"https:\/\/www.psib-psoe.org\/eivissa\/?p=36199"},"modified":"2022-08-26T19:57:24","modified_gmt":"2022-08-26T17:57:24","slug":"el-psoe-celebra-la-rapida-actuacio-del-consell-deivissa-amb-la-neteja-del-pas-soterrani-entre-jesus-i-puig-den-valls","status":"publish","type":"post","link":"https:\/\/www.psib-psoe.org\/eivissa\/el-psoe-celebra-la-rapida-actuacio-del-consell-deivissa-amb-la-neteja-del-pas-soterrani-entre-jesus-i-puig-den-valls\/","title":{"rendered":"El PSOE celebra la r\u00e0pida actuaci\u00f3 del Consell d&#8217;Eivissa amb la neteja del pas soterrani entre Jes\u00fas i Puig d\u2019en Valls."},"content":{"rendered":"<p>La intervenci\u00f3 demostra que el PP mentia quan va assegurar que no es podia actuar fins que s\u2019adjudiqu\u00e9s el nou contracte de neteja.<\/p>\n<p>El PSOE manifesta la seva satisfacci\u00f3 per la neteja que s\u2019ha realitzat aquest mat\u00ed del pas soterrani que connecta Jes\u00fas i Puig den Valls, espai p\u00fablic que es trobava en abandonament i ple de brutor com va denunciar fa uns dies el PSOE d\u2019Eivissa a trav\u00e9s dels grups del Consell i de l\u2019Ajuntament de Santa Eul\u00e0ria.<\/p>\n<p>Si b\u00e9 el Consell va anunciar que no podia actuar fins que s\u2019adjudiqu\u00e9s el nou contracte de neteja, ara amb mitjans propis ha portat a terme aquestes tasques, la qual cosa demostra la manca de planificaci\u00f3 total del Consell per mantenir en adequades condicions unes instal\u00b7lacions necess\u00e0ries per les persones i ciclistes que cada dia fan servir aquest pas. Tamb\u00e9 es demostra el fet que van mentir quan van assegurar q no podian actuar si no s\u2019adjudicava el nou contracte de neteja. La realitat \u00e9s que el Consell tan sols actua davant les den\u00fancies de la oposici\u00f3, han declarat els portaveus d\u2019ambd\u00f3s grups socialistes.<\/p>\n<p>Una vegada m\u00e9s es demostra que la gesti\u00f3 de Vicent Mari al front de la principal instituci\u00f3 d\u2019aquesta illa \u00e9s lamentable, obvia les obligacions de les seves compet\u00e8ncies, es limita a arremetre contra altres institucions i improvisa constantment davant les den\u00fancies i les evid\u00e8ncies que des de l\u2019oposici\u00f3 o per tercers es posen de manifest.<br \/>\nD\u2019altra banda, l\u2019alcaldessa de Santa Eul\u00e0ria, Carmen Ferrer, no sap reclamar a Vicent Mar\u00ed all\u00f2 que \u00e9s millor per la ciutadania del seu municipi i nom\u00e9s fa seguidisme dels postulats de Vicent Mar\u00ed; han declarat els socialistes de Santa Eul\u00e0ria des Riu.<\/p>\n<p>En aquesta ocasi\u00f3 tant l\u2019equip de govern del Consell com l\u2019equip de govern de l\u2019Ajuntament de Santa Eul\u00e0ria des Riu, han intentat tapar una realitat, falsejant la veritat amb excuses, per obviar la seva deixadesa de funcions deixant de fer una feina de manteniment necessari per mantenir aquest pas soterrani en les adequades condicions, una vegada va estar operatiu fa ja molts mesos.<\/p>\n<p>Aquest ha de ser un itinerari segur i una opci\u00f3 per comunicar les poblacions de Puig d\u2019en Valls i Jes\u00fas, un pas que es ve reclamant des de fa molt de temps i ara una vegada que est\u00e0 en funcionament, s\u2019ha de mantenir correctament per la seguretat de les persones que fan \u00fas d\u2019ell.<\/p>\n<p>Des del principal grup de l\u2019oposici\u00f3 tant del Consell com de l\u2019Ajuntament de Santa Eul\u00e0ria, es seguir\u00e0 treballant amb propostes en positiu per a la millora de la qualitat de vida de la nostre ciutadania i per suposat, es vigilar\u00e0 el manteniment d\u2019aquest pas fins ara oblidat per l\u2019Ajuntament i el Consell<\/p>\n","protected":false},"excerpt":{"rendered":"<p>La intervenci\u00f3 demostra que el PP mentia quan va assegurar que no es podia actuar fins que s\u2019adjudiqu\u00e9s el nou contracte de neteja. El PSOE manifesta la seva satisfacci\u00f3 per la neteja que s\u2019ha realitzat aquest mat\u00ed del pas soterrani que connecta Jes\u00fas i Puig den Valls, espai p\u00fablic que es trobava en abandonament i&hellip;<\/p>\n","protected":false},"author":12,"featured_media":36200,"comment_status":"closed","ping_status":"closed","sticky":false,"template":"","format":"standard","meta":{"footnotes":""},"categories":[192,1],"tags":[],"class_list":["post-36199","post","type-post","status-publish","format-standard","has-post-thumbnail","hentry","category-consell-deivissa","category-federacio-de-eivissa-portada"],"yoast_head":"<!-- This site is optimized with the Yoast SEO plugin v26.9 - https:\/\/yoast.com\/product\/yoast-seo-wordpress\/ -->\n<title>El PSOE celebra la r\u00e0pida actuaci\u00f3 del Consell d&#039;Eivissa amb la neteja del pas soterrani entre Jes\u00fas i Puig d\u2019en Valls. - Federaci\u00f3 Socialista d&#039;Eivissa<\/title>\n<meta name=\"robots\" content=\"index, follow, max-snippet:-1, max-image-preview:large, max-video-preview:-1\" \/>\n<link rel=\"canonical\" href=\"https:\/\/www.psib-psoe.org\/eivissa\/el-psoe-celebra-la-rapida-actuacio-del-consell-deivissa-amb-la-neteja-del-pas-soterrani-entre-jesus-i-puig-den-valls\/\" \/>\n<meta property=\"og:locale\" content=\"ca_ES\" \/>\n<meta property=\"og:type\" content=\"article\" \/>\n<meta property=\"og:title\" content=\"El PSOE celebra la r\u00e0pida actuaci\u00f3 del Consell d&#039;Eivissa amb la neteja del pas soterrani entre Jes\u00fas i Puig d\u2019en Valls. - Federaci\u00f3 Socialista d&#039;Eivissa\" \/>\n<meta property=\"og:description\" content=\"La intervenci\u00f3 demostra que el PP mentia quan va assegurar que no es podia actuar fins que s\u2019adjudiqu\u00e9s el nou contracte de neteja. El PSOE manifesta la seva satisfacci\u00f3 per la neteja que s\u2019ha realitzat aquest mat\u00ed del pas soterrani que connecta Jes\u00fas i Puig den Valls, espai p\u00fablic que es trobava en abandonament i&hellip;\" \/>\n<meta property=\"og:url\" content=\"https:\/\/www.psib-psoe.org\/eivissa\/el-psoe-celebra-la-rapida-actuacio-del-consell-deivissa-amb-la-neteja-del-pas-soterrani-entre-jesus-i-puig-den-valls\/\" \/>\n<meta property=\"og:site_name\" content=\"Federaci\u00f3 Socialista d&#039;Eivissa\" \/>\n<meta property=\"article:published_time\" content=\"2022-08-26T17:57:24+00:00\" \/>\n<meta property=\"og:image\" content=\"https:\/\/www.psib-psoe.org\/eivissa\/wp-content\/uploads\/WhatsApp-Image-2022-08-26-at-1.40.15-PM.jpeg\" \/>\n\t<meta property=\"og:image:width\" content=\"1200\" \/>\n\t<meta property=\"og:image:height\" content=\"1600\" \/>\n\t<meta property=\"og:image:type\" content=\"image\/jpeg\" \/>\n<meta name=\"author\" content=\"Azahara\" \/>\n<meta name=\"twitter:card\" content=\"summary_large_image\" \/>\n<meta name=\"twitter:label1\" content=\"Escrit per\" \/>\n\t<meta name=\"twitter:data1\" content=\"Azahara\" \/>\n\t<meta name=\"twitter:label2\" content=\"Temps estimat de lectura\" \/>\n\t<meta name=\"twitter:data2\" content=\"2 minuts\" \/>\n<script type=\"application\/ld+json\" class=\"yoast-schema-graph\">{\"@context\":\"https:\/\/schema.org\",\"@graph\":[{\"@type\":[\"Article\",\"BlogPosting\"],\"@id\":\"https:\/\/www.psib-psoe.org\/eivissa\/el-psoe-celebra-la-rapida-actuacio-del-consell-deivissa-amb-la-neteja-del-pas-soterrani-entre-jesus-i-puig-den-valls\/#article\",\"isPartOf\":{\"@id\":\"https:\/\/www.psib-psoe.org\/eivissa\/el-psoe-celebra-la-rapida-actuacio-del-consell-deivissa-amb-la-neteja-del-pas-soterrani-entre-jesus-i-puig-den-valls\/\"},\"author\":{\"name\":\"Azahara\",\"@id\":\"https:\/\/www.psib-psoe.org\/eivissa\/#\/schema\/person\/68066b276b53995e2bd8dac00f0bc415\"},\"headline\":\"El PSOE celebra la r\u00e0pida actuaci\u00f3 del Consell d&#8217;Eivissa amb la neteja del pas soterrani entre Jes\u00fas i Puig d\u2019en Valls.\",\"datePublished\":\"2022-08-26T17:57:24+00:00\",\"mainEntityOfPage\":{\"@id\":\"https:\/\/www.psib-psoe.org\/eivissa\/el-psoe-celebra-la-rapida-actuacio-del-consell-deivissa-amb-la-neteja-del-pas-soterrani-entre-jesus-i-puig-den-valls\/\"},\"wordCount\":514,\"publisher\":{\"@id\":\"https:\/\/www.psib-psoe.org\/eivissa\/#organization\"},\"image\":{\"@id\":\"https:\/\/www.psib-psoe.org\/eivissa\/el-psoe-celebra-la-rapida-actuacio-del-consell-deivissa-amb-la-neteja-del-pas-soterrani-entre-jesus-i-puig-den-valls\/#primaryimage\"},\"thumbnailUrl\":\"https:\/\/www.psib-psoe.org\/eivissa\/wp-content\/uploads\/WhatsApp-Image-2022-08-26-at-1.40.15-PM.jpeg\",\"articleSection\":[\"Consell d'Eivissa\",\"Federaci\u00f3 d'Eivissa - Portada\"],\"inLanguage\":\"ca\"},{\"@type\":\"WebPage\",\"@id\":\"https:\/\/www.psib-psoe.org\/eivissa\/el-psoe-celebra-la-rapida-actuacio-del-consell-deivissa-amb-la-neteja-del-pas-soterrani-entre-jesus-i-puig-den-valls\/\",\"url\":\"https:\/\/www.psib-psoe.org\/eivissa\/el-psoe-celebra-la-rapida-actuacio-del-consell-deivissa-amb-la-neteja-del-pas-soterrani-entre-jesus-i-puig-den-valls\/\",\"name\":\"El PSOE celebra la r\u00e0pida actuaci\u00f3 del Consell d'Eivissa amb la neteja del pas soterrani entre Jes\u00fas i Puig d\u2019en Valls. - Federaci\u00f3 Socialista d&#039;Eivissa\",\"isPartOf\":{\"@id\":\"https:\/\/www.psib-psoe.org\/eivissa\/#website\"},\"primaryImageOfPage\":{\"@id\":\"https:\/\/www.psib-psoe.org\/eivissa\/el-psoe-celebra-la-rapida-actuacio-del-consell-deivissa-amb-la-neteja-del-pas-soterrani-entre-jesus-i-puig-den-valls\/#primaryimage\"},\"image\":{\"@id\":\"https:\/\/www.psib-psoe.org\/eivissa\/el-psoe-celebra-la-rapida-actuacio-del-consell-deivissa-amb-la-neteja-del-pas-soterrani-entre-jesus-i-puig-den-valls\/#primaryimage\"},\"thumbnailUrl\":\"https:\/\/www.psib-psoe.org\/eivissa\/wp-content\/uploads\/WhatsApp-Image-2022-08-26-at-1.40.15-PM.jpeg\",\"datePublished\":\"2022-08-26T17:57:24+00:00\",\"breadcrumb\":{\"@id\":\"https:\/\/www.psib-psoe.org\/eivissa\/el-psoe-celebra-la-rapida-actuacio-del-consell-deivissa-amb-la-neteja-del-pas-soterrani-entre-jesus-i-puig-den-valls\/#breadcrumb\"},\"inLanguage\":\"ca\",\"potentialAction\":[{\"@type\":\"ReadAction\",\"target\":[\"https:\/\/www.psib-psoe.org\/eivissa\/el-psoe-celebra-la-rapida-actuacio-del-consell-deivissa-amb-la-neteja-del-pas-soterrani-entre-jesus-i-puig-den-valls\/\"]}]},{\"@type\":\"ImageObject\",\"inLanguage\":\"ca\",\"@id\":\"https:\/\/www.psib-psoe.org\/eivissa\/el-psoe-celebra-la-rapida-actuacio-del-consell-deivissa-amb-la-neteja-del-pas-soterrani-entre-jesus-i-puig-den-valls\/#primaryimage\",\"url\":\"https:\/\/www.psib-psoe.org\/eivissa\/wp-content\/uploads\/WhatsApp-Image-2022-08-26-at-1.40.15-PM.jpeg\",\"contentUrl\":\"https:\/\/www.psib-psoe.org\/eivissa\/wp-content\/uploads\/WhatsApp-Image-2022-08-26-at-1.40.15-PM.jpeg\",\"width\":1200,\"height\":1600},{\"@type\":\"BreadcrumbList\",\"@id\":\"https:\/\/www.psib-psoe.org\/eivissa\/el-psoe-celebra-la-rapida-actuacio-del-consell-deivissa-amb-la-neteja-del-pas-soterrani-entre-jesus-i-puig-den-valls\/#breadcrumb\",\"itemListElement\":[{\"@type\":\"ListItem\",\"position\":1,\"name\":\"Inici\",\"item\":\"https:\/\/www.psib-psoe.org\/eivissa\/\"},{\"@type\":\"ListItem\",\"position\":2,\"name\":\"El PSOE celebra la r\u00e0pida actuaci\u00f3 del Consell d&#8217;Eivissa amb la neteja del pas soterrani entre Jes\u00fas i Puig d\u2019en Valls.\"}]},{\"@type\":\"WebSite\",\"@id\":\"https:\/\/www.psib-psoe.org\/eivissa\/#website\",\"url\":\"https:\/\/www.psib-psoe.org\/eivissa\/\",\"name\":\"Federaci\u00f3 Socialista d'Eivissa\",\"description\":\"Socialistes d&#039;Eivissa\",\"publisher\":{\"@id\":\"https:\/\/www.psib-psoe.org\/eivissa\/#organization\"},\"potentialAction\":[{\"@type\":\"SearchAction\",\"target\":{\"@type\":\"EntryPoint\",\"urlTemplate\":\"https:\/\/www.psib-psoe.org\/eivissa\/?s={search_term_string}\"},\"query-input\":{\"@type\":\"PropertyValueSpecification\",\"valueRequired\":true,\"valueName\":\"search_term_string\"}}],\"inLanguage\":\"ca\"},{\"@type\":\"Organization\",\"@id\":\"https:\/\/www.psib-psoe.org\/eivissa\/#organization\",\"name\":\"Federaci\u00f3 Socialista d'Eivissa\",\"url\":\"https:\/\/www.psib-psoe.org\/eivissa\/\",\"logo\":{\"@type\":\"ImageObject\",\"inLanguage\":\"ca\",\"@id\":\"https:\/\/www.psib-psoe.org\/eivissa\/#\/schema\/logo\/image\/\",\"url\":\"https:\/\/www.psib-psoe.org\/eivissa\/wp-content\/uploads\/LOGO-FSE-SOCIALISTA-DEIVISSA-HORI.png\",\"contentUrl\":\"https:\/\/www.psib-psoe.org\/eivissa\/wp-content\/uploads\/LOGO-FSE-SOCIALISTA-DEIVISSA-HORI.png\",\"width\":6000,\"height\":3104,\"caption\":\"Federaci\u00f3 Socialista d'Eivissa\"},\"image\":{\"@id\":\"https:\/\/www.psib-psoe.org\/eivissa\/#\/schema\/logo\/image\/\"}},{\"@type\":\"Person\",\"@id\":\"https:\/\/www.psib-psoe.org\/eivissa\/#\/schema\/person\/68066b276b53995e2bd8dac00f0bc415\",\"name\":\"Azahara\",\"url\":\"https:\/\/www.psib-psoe.org\/eivissa\/author\/azahara\/\"}]}<\/script>\n<!-- \/ Yoast SEO plugin. -->","yoast_head_json":{"title":"El PSOE celebra la r\u00e0pida actuaci\u00f3 del Consell d'Eivissa amb la neteja del pas soterrani entre Jes\u00fas i Puig d\u2019en Valls. - Federaci\u00f3 Socialista d&#039;Eivissa","robots":{"index":"index","follow":"follow","max-snippet":"max-snippet:-1","max-image-preview":"max-image-preview:large","max-video-preview":"max-video-preview:-1"},"canonical":"https:\/\/www.psib-psoe.org\/eivissa\/el-psoe-celebra-la-rapida-actuacio-del-consell-deivissa-amb-la-neteja-del-pas-soterrani-entre-jesus-i-puig-den-valls\/","og_locale":"ca_ES","og_type":"article","og_title":"El PSOE celebra la r\u00e0pida actuaci\u00f3 del Consell d'Eivissa amb la neteja del pas soterrani entre Jes\u00fas i Puig d\u2019en Valls. - Federaci\u00f3 Socialista d&#039;Eivissa","og_description":"La intervenci\u00f3 demostra que el PP mentia quan va assegurar que no es podia actuar fins que s\u2019adjudiqu\u00e9s el nou contracte de neteja. El PSOE manifesta la seva satisfacci\u00f3 per la neteja que s\u2019ha realitzat aquest mat\u00ed del pas soterrani que connecta Jes\u00fas i Puig den Valls, espai p\u00fablic que es trobava en abandonament i&hellip;","og_url":"https:\/\/www.psib-psoe.org\/eivissa\/el-psoe-celebra-la-rapida-actuacio-del-consell-deivissa-amb-la-neteja-del-pas-soterrani-entre-jesus-i-puig-den-valls\/","og_site_name":"Federaci\u00f3 Socialista d&#039;Eivissa","article_published_time":"2022-08-26T17:57:24+00:00","og_image":[{"width":1200,"height":1600,"url":"https:\/\/www.psib-psoe.org\/eivissa\/wp-content\/uploads\/WhatsApp-Image-2022-08-26-at-1.40.15-PM.jpeg","type":"image\/jpeg"}],"author":"Azahara","twitter_card":"summary_large_image","twitter_misc":{"Escrit per":"Azahara","Temps estimat de lectura":"2 minuts"},"schema":{"@context":"https:\/\/schema.org","@graph":[{"@type":["Article","BlogPosting"],"@id":"https:\/\/www.psib-psoe.org\/eivissa\/el-psoe-celebra-la-rapida-actuacio-del-consell-deivissa-amb-la-neteja-del-pas-soterrani-entre-jesus-i-puig-den-valls\/#article","isPartOf":{"@id":"https:\/\/www.psib-psoe.org\/eivissa\/el-psoe-celebra-la-rapida-actuacio-del-consell-deivissa-amb-la-neteja-del-pas-soterrani-entre-jesus-i-puig-den-valls\/"},"author":{"name":"Azahara","@id":"https:\/\/www.psib-psoe.org\/eivissa\/#\/schema\/person\/68066b276b53995e2bd8dac00f0bc415"},"headline":"El PSOE celebra la r\u00e0pida actuaci\u00f3 del Consell d&#8217;Eivissa amb la neteja del pas soterrani entre Jes\u00fas i Puig d\u2019en Valls.","datePublished":"2022-08-26T17:57:24+00:00","mainEntityOfPage":{"@id":"https:\/\/www.psib-psoe.org\/eivissa\/el-psoe-celebra-la-rapida-actuacio-del-consell-deivissa-amb-la-neteja-del-pas-soterrani-entre-jesus-i-puig-den-valls\/"},"wordCount":514,"publisher":{"@id":"https:\/\/www.psib-psoe.org\/eivissa\/#organization"},"image":{"@id":"https:\/\/www.psib-psoe.org\/eivissa\/el-psoe-celebra-la-rapida-actuacio-del-consell-deivissa-amb-la-neteja-del-pas-soterrani-entre-jesus-i-puig-den-valls\/#primaryimage"},"thumbnailUrl":"https:\/\/www.psib-psoe.org\/eivissa\/wp-content\/uploads\/WhatsApp-Image-2022-08-26-at-1.40.15-PM.jpeg","articleSection":["Consell d'Eivissa","Federaci\u00f3 d'Eivissa - Portada"],"inLanguage":"ca"},{"@type":"WebPage","@id":"https:\/\/www.psib-psoe.org\/eivissa\/el-psoe-celebra-la-rapida-actuacio-del-consell-deivissa-amb-la-neteja-del-pas-soterrani-entre-jesus-i-puig-den-valls\/","url":"https:\/\/www.psib-psoe.org\/eivissa\/el-psoe-celebra-la-rapida-actuacio-del-consell-deivissa-amb-la-neteja-del-pas-soterrani-entre-jesus-i-puig-den-valls\/","name":"El PSOE celebra la r\u00e0pida actuaci\u00f3 del Consell d'Eivissa amb la neteja del pas soterrani entre Jes\u00fas i Puig d\u2019en Valls. - Federaci\u00f3 Socialista d&#039;Eivissa","isPartOf":{"@id":"https:\/\/www.psib-psoe.org\/eivissa\/#website"},"primaryImageOfPage":{"@id":"https:\/\/www.psib-psoe.org\/eivissa\/el-psoe-celebra-la-rapida-actuacio-del-consell-deivissa-amb-la-neteja-del-pas-soterrani-entre-jesus-i-puig-den-valls\/#primaryimage"},"image":{"@id":"https:\/\/www.psib-psoe.org\/eivissa\/el-psoe-celebra-la-rapida-actuacio-del-consell-deivissa-amb-la-neteja-del-pas-soterrani-entre-jesus-i-puig-den-valls\/#primaryimage"},"thumbnailUrl":"https:\/\/www.psib-psoe.org\/eivissa\/wp-content\/uploads\/WhatsApp-Image-2022-08-26-at-1.40.15-PM.jpeg","datePublished":"2022-08-26T17:57:24+00:00","breadcrumb":{"@id":"https:\/\/www.psib-psoe.org\/eivissa\/el-psoe-celebra-la-rapida-actuacio-del-consell-deivissa-amb-la-neteja-del-pas-soterrani-entre-jesus-i-puig-den-valls\/#breadcrumb"},"inLanguage":"ca","potentialAction":[{"@type":"ReadAction","target":["https:\/\/www.psib-psoe.org\/eivissa\/el-psoe-celebra-la-rapida-actuacio-del-consell-deivissa-amb-la-neteja-del-pas-soterrani-entre-jesus-i-puig-den-valls\/"]}]},{"@type":"ImageObject","inLanguage":"ca","@id":"https:\/\/www.psib-psoe.org\/eivissa\/el-psoe-celebra-la-rapida-actuacio-del-consell-deivissa-amb-la-neteja-del-pas-soterrani-entre-jesus-i-puig-den-valls\/#primaryimage","url":"https:\/\/www.psib-psoe.org\/eivissa\/wp-content\/uploads\/WhatsApp-Image-2022-08-26-at-1.40.15-PM.jpeg","contentUrl":"https:\/\/www.psib-psoe.org\/eivissa\/wp-content\/uploads\/WhatsApp-Image-2022-08-26-at-1.40.15-PM.jpeg","width":1200,"height":1600},{"@type":"BreadcrumbList","@id":"https:\/\/www.psib-psoe.org\/eivissa\/el-psoe-celebra-la-rapida-actuacio-del-consell-deivissa-amb-la-neteja-del-pas-soterrani-entre-jesus-i-puig-den-valls\/#breadcrumb","itemListElement":[{"@type":"ListItem","position":1,"name":"Inici","item":"https:\/\/www.psib-psoe.org\/eivissa\/"},{"@type":"ListItem","position":2,"name":"El PSOE celebra la r\u00e0pida actuaci\u00f3 del Consell d&#8217;Eivissa amb la neteja del pas soterrani entre Jes\u00fas i Puig d\u2019en Valls."}]},{"@type":"WebSite","@id":"https:\/\/www.psib-psoe.org\/eivissa\/#website","url":"https:\/\/www.psib-psoe.org\/eivissa\/","name":"Federaci\u00f3 Socialista d'Eivissa","description":"Socialistes d&#039;Eivissa","publisher":{"@id":"https:\/\/www.psib-psoe.org\/eivissa\/#organization"},"potentialAction":[{"@type":"SearchAction","target":{"@type":"EntryPoint","urlTemplate":"https:\/\/www.psib-psoe.org\/eivissa\/?s={search_term_string}"},"query-input":{"@type":"PropertyValueSpecification","valueRequired":true,"valueName":"search_term_string"}}],"inLanguage":"ca"},{"@type":"Organization","@id":"https:\/\/www.psib-psoe.org\/eivissa\/#organization","name":"Federaci\u00f3 Socialista d'Eivissa","url":"https:\/\/www.psib-psoe.org\/eivissa\/","logo":{"@type":"ImageObject","inLanguage":"ca","@id":"https:\/\/www.psib-psoe.org\/eivissa\/#\/schema\/logo\/image\/","url":"https:\/\/www.psib-psoe.org\/eivissa\/wp-content\/uploads\/LOGO-FSE-SOCIALISTA-DEIVISSA-HORI.png","contentUrl":"https:\/\/www.psib-psoe.org\/eivissa\/wp-content\/uploads\/LOGO-FSE-SOCIALISTA-DEIVISSA-HORI.png","width":6000,"height":3104,"caption":"Federaci\u00f3 Socialista d'Eivissa"},"image":{"@id":"https:\/\/www.psib-psoe.org\/eivissa\/#\/schema\/logo\/image\/"}},{"@type":"Person","@id":"https:\/\/www.psib-psoe.org\/eivissa\/#\/schema\/person\/68066b276b53995e2bd8dac00f0bc415","name":"Azahara","url":"https:\/\/www.psib-psoe.org\/eivissa\/author\/azahara\/"}]}},"_links":{"self":[{"href":"https:\/\/www.psib-psoe.org\/eivissa\/wp-json\/wp\/v2\/posts\/36199","targetHints":{"allow":["GET"]}}],"collection":[{"href":"https:\/\/www.psib-psoe.org\/eivissa\/wp-json\/wp\/v2\/posts"}],"about":[{"href":"https:\/\/www.psib-psoe.org\/eivissa\/wp-json\/wp\/v2\/types\/post"}],"author":[{"embeddable":true,"href":"https:\/\/www.psib-psoe.org\/eivissa\/wp-json\/wp\/v2\/users\/12"}],"replies":[{"embeddable":true,"href":"https:\/\/www.psib-psoe.org\/eivissa\/wp-json\/wp\/v2\/comments?post=36199"}],"version-history":[{"count":1,"href":"https:\/\/www.psib-psoe.org\/eivissa\/wp-json\/wp\/v2\/posts\/36199\/revisions"}],"predecessor-version":[{"id":36202,"href":"https:\/\/www.psib-psoe.org\/eivissa\/wp-json\/wp\/v2\/posts\/36199\/revisions\/36202"}],"wp:featuredmedia":[{"embeddable":true,"href":"https:\/\/www.psib-psoe.org\/eivissa\/wp-json\/wp\/v2\/media\/36200"}],"wp:attachment":[{"href":"https:\/\/www.psib-psoe.org\/eivissa\/wp-json\/wp\/v2\/media?parent=36199"}],"wp:term":[{"taxonomy":"category","embeddable":true,"href":"https:\/\/www.psib-psoe.org\/eivissa\/wp-json\/wp\/v2\/categories?post=36199"},{"taxonomy":"post_tag","embeddable":true,"href":"https:\/\/www.psib-psoe.org\/eivissa\/wp-json\/wp\/v2\/tags?post=36199"}],"curies":[{"name":"wp","href":"https:\/\/api.w.org\/{rel}","templated":true}]}}