{"id":36211,"date":"2022-08-30T13:10:58","date_gmt":"2022-08-30T11:10:58","guid":{"rendered":"https:\/\/www.psib-psoe.org\/eivissa\/?p=36211"},"modified":"2022-08-30T13:13:50","modified_gmt":"2022-08-30T11:13:50","slug":"el-grupo-municipal-socialista-del-ayuntamiento-de-santa-eularia-denuncia-el-lamentable-estado-en-que-se-encuentra-el-parking-junto-a-la-zona-polideportiva-de-puig-den-valls-y-la-falta-de-limpiez","status":"publish","type":"post","link":"https:\/\/www.psib-psoe.org\/eivissa\/el-grupo-municipal-socialista-del-ayuntamiento-de-santa-eularia-denuncia-el-lamentable-estado-en-que-se-encuentra-el-parking-junto-a-la-zona-polideportiva-de-puig-den-valls-y-la-falta-de-limpiez\/","title":{"rendered":"El grupo municipal socialista del ayuntamiento de Santa Eul\u00e0ria denuncia el lamentable estado en que se encuentra el parking junto a la zona polideportiva de Puig d\u00b4en Valls y la falta de limpieza de los alrededores de la iglesia y el parque infantil."},"content":{"rendered":"<p>El grupo municipal socialista denuncia el estado de suciedad en que se encuentra el parking junto a la entrada a la zona polideportiva y del Centro Cultural de Puig d&#8217;en Valls, as\u00ed como tambi\u00e9n a otros puntos del pueblo consecuencia de la falta de limpieza y carencia de mantenimiento, como es el caso en el que se encuentran los alrededores de la iglesia y del parque infantil.<\/p>\n<p>El portavoz municipal Vicent Torres \u201cBenet\u201d exige a la alcaldesa Carmen Ferrer que tome medidas para garantizar la limpieza y la vigilancia, para evitar estas situaciones donde los vecinos deben cruzarse con restos de consumo de bebidas alcoh\u00f3licas y otros residuos por todo alrededor de esta zona polideportiva, el punto joven y el parque infantil, puntos estos frecuentados por ni\u00f1os y j\u00f3venes que hacen uso de estos espacios.<\/p>\n<p>La falta de limpieza, fruto de la tardanza con la adjudicaci\u00f3n de la nueva contrato de residuos, contrata que ya lleva meses de retraso, es cada vez m\u00e1s obvia y nos encontramos con casos como el que ahora denuncian los y las socialistas de Santa Eul\u00e0ria que demuestra la carencia de actuaciones por parte del actual equipo de Santa Eul\u00e0ria del Partido Popular.<\/p>\n<p>\u201cHace pocos d\u00edas se denunci\u00f3 la falta de limpieza y el lamentable estado en que se encuentra el paso enterrado que une Puig d&#8217;en Valls con Jes\u00fas, ahora una vez m\u00e1s debemos denunciar un nuevo estado de falta de limpieza pero en este caso en el centro del mismo n\u00facleo de Puig d&#8217;en Valls\u201d ha informado el portavoz municipal.<\/p>\n<p>Puig d&#8217;en Valls no merece esta situaci\u00f3n de abandono, no puede que, desde el ayuntamiento, se trate mejor una zona que otra en funci\u00f3n de su localizaci\u00f3n.<\/p>\n<p>El desinter\u00e9s del ayuntamiento por esta localidad, provoca que no se est\u00e9 haciendo una buena gesti\u00f3n del mantenimiento, limpieza y cuidado diario de las calles, aceras, plazas, parques y jardines e instalaciones deportivas para desesperaci\u00f3n de los vecinos de Puig d \u00b4en Valls. Situaciones denunciadas por los vecinos que reclaman m\u00e1s vigilancia, m\u00e1s limpieza y mantenimiento, as\u00ed como la instalaci\u00f3n de m\u00e1s papeleras y papeleras para heces de mascotas en determinadas zonas y calles de Puig d&#8217;en Valls.<\/p>\n","protected":false},"excerpt":{"rendered":"<p>El grupo municipal socialista denuncia el estado de suciedad en que se encuentra el parking junto a la entrada a la zona polideportiva y del Centro Cultural de Puig d&#8217;en Valls, as\u00ed como tambi\u00e9n a otros puntos del pueblo consecuencia de la falta de limpieza y carencia de mantenimiento, como es el caso en el&hellip;<\/p>\n","protected":false},"author":12,"featured_media":36208,"comment_status":"closed","ping_status":"closed","sticky":false,"template":"","format":"standard","meta":{"footnotes":""},"categories":[1],"tags":[],"class_list":["post-36211","post","type-post","status-publish","format-standard","has-post-thumbnail","hentry","category-federacio-de-eivissa-portada"],"yoast_head":"<!-- This site is optimized with the Yoast SEO plugin v26.9 - https:\/\/yoast.com\/product\/yoast-seo-wordpress\/ -->\n<title>El grupo municipal socialista del ayuntamiento de Santa Eul\u00e0ria denuncia el lamentable estado en que se encuentra el parking junto a la zona polideportiva de Puig d\u00b4en Valls y la falta de limpieza de los alrededores de la iglesia y el parque infantil. - Federaci\u00f3 Socialista d&#039;Eivissa<\/title>\n<meta name=\"robots\" content=\"index, follow, max-snippet:-1, max-image-preview:large, max-video-preview:-1\" \/>\n<link rel=\"canonical\" href=\"https:\/\/www.psib-psoe.org\/eivissa\/el-grupo-municipal-socialista-del-ayuntamiento-de-santa-eularia-denuncia-el-lamentable-estado-en-que-se-encuentra-el-parking-junto-a-la-zona-polideportiva-de-puig-den-valls-y-la-falta-de-limpiez\/\" \/>\n<meta property=\"og:locale\" content=\"ca_ES\" \/>\n<meta property=\"og:type\" content=\"article\" \/>\n<meta property=\"og:title\" content=\"El grupo municipal socialista del ayuntamiento de Santa Eul\u00e0ria denuncia el lamentable estado en que se encuentra el parking junto a la zona polideportiva de Puig d\u00b4en Valls y la falta de limpieza de los alrededores de la iglesia y el parque infantil. - Federaci\u00f3 Socialista d&#039;Eivissa\" \/>\n<meta property=\"og:description\" content=\"El grupo municipal socialista denuncia el estado de suciedad en que se encuentra el parking junto a la entrada a la zona polideportiva y del Centro Cultural de Puig d&#8217;en Valls, as\u00ed como tambi\u00e9n a otros puntos del pueblo consecuencia de la falta de limpieza y carencia de mantenimiento, como es el caso en el&hellip;\" \/>\n<meta property=\"og:url\" content=\"https:\/\/www.psib-psoe.org\/eivissa\/el-grupo-municipal-socialista-del-ayuntamiento-de-santa-eularia-denuncia-el-lamentable-estado-en-que-se-encuentra-el-parking-junto-a-la-zona-polideportiva-de-puig-den-valls-y-la-falta-de-limpiez\/\" \/>\n<meta property=\"og:site_name\" content=\"Federaci\u00f3 Socialista d&#039;Eivissa\" \/>\n<meta property=\"article:published_time\" content=\"2022-08-30T11:10:58+00:00\" \/>\n<meta property=\"article:modified_time\" content=\"2022-08-30T11:13:50+00:00\" \/>\n<meta property=\"og:image\" content=\"https:\/\/www.psib-psoe.org\/eivissa\/wp-content\/uploads\/WhatsApp-Image-2022-08-30-at-11.58.33-AM.jpeg\" \/>\n\t<meta property=\"og:image:width\" content=\"2048\" \/>\n\t<meta property=\"og:image:height\" content=\"1536\" \/>\n\t<meta property=\"og:image:type\" content=\"image\/jpeg\" \/>\n<meta name=\"author\" content=\"Azahara\" \/>\n<meta name=\"twitter:card\" content=\"summary_large_image\" \/>\n<meta name=\"twitter:label1\" content=\"Escrit per\" \/>\n\t<meta name=\"twitter:data1\" content=\"Azahara\" \/>\n\t<meta name=\"twitter:label2\" content=\"Temps estimat de lectura\" \/>\n\t<meta name=\"twitter:data2\" content=\"2 minuts\" \/>\n<script type=\"application\/ld+json\" class=\"yoast-schema-graph\">{\"@context\":\"https:\/\/schema.org\",\"@graph\":[{\"@type\":[\"Article\",\"BlogPosting\"],\"@id\":\"https:\/\/www.psib-psoe.org\/eivissa\/el-grupo-municipal-socialista-del-ayuntamiento-de-santa-eularia-denuncia-el-lamentable-estado-en-que-se-encuentra-el-parking-junto-a-la-zona-polideportiva-de-puig-den-valls-y-la-falta-de-limpiez\/#article\",\"isPartOf\":{\"@id\":\"https:\/\/www.psib-psoe.org\/eivissa\/el-grupo-municipal-socialista-del-ayuntamiento-de-santa-eularia-denuncia-el-lamentable-estado-en-que-se-encuentra-el-parking-junto-a-la-zona-polideportiva-de-puig-den-valls-y-la-falta-de-limpiez\/\"},\"author\":{\"name\":\"Azahara\",\"@id\":\"https:\/\/www.psib-psoe.org\/eivissa\/#\/schema\/person\/68066b276b53995e2bd8dac00f0bc415\"},\"headline\":\"El grupo municipal socialista del ayuntamiento de Santa Eul\u00e0ria denuncia el lamentable estado en que se encuentra el parking junto a la zona polideportiva de Puig d\u00b4en Valls y la falta de limpieza de los alrededores de la iglesia y el parque infantil.\",\"datePublished\":\"2022-08-30T11:10:58+00:00\",\"dateModified\":\"2022-08-30T11:13:50+00:00\",\"mainEntityOfPage\":{\"@id\":\"https:\/\/www.psib-psoe.org\/eivissa\/el-grupo-municipal-socialista-del-ayuntamiento-de-santa-eularia-denuncia-el-lamentable-estado-en-que-se-encuentra-el-parking-junto-a-la-zona-polideportiva-de-puig-den-valls-y-la-falta-de-limpiez\/\"},\"wordCount\":429,\"publisher\":{\"@id\":\"https:\/\/www.psib-psoe.org\/eivissa\/#organization\"},\"image\":{\"@id\":\"https:\/\/www.psib-psoe.org\/eivissa\/el-grupo-municipal-socialista-del-ayuntamiento-de-santa-eularia-denuncia-el-lamentable-estado-en-que-se-encuentra-el-parking-junto-a-la-zona-polideportiva-de-puig-den-valls-y-la-falta-de-limpiez\/#primaryimage\"},\"thumbnailUrl\":\"https:\/\/www.psib-psoe.org\/eivissa\/wp-content\/uploads\/WhatsApp-Image-2022-08-30-at-11.58.33-AM.jpeg\",\"articleSection\":[\"Federaci\u00f3 d'Eivissa - Portada\"],\"inLanguage\":\"ca\"},{\"@type\":\"WebPage\",\"@id\":\"https:\/\/www.psib-psoe.org\/eivissa\/el-grupo-municipal-socialista-del-ayuntamiento-de-santa-eularia-denuncia-el-lamentable-estado-en-que-se-encuentra-el-parking-junto-a-la-zona-polideportiva-de-puig-den-valls-y-la-falta-de-limpiez\/\",\"url\":\"https:\/\/www.psib-psoe.org\/eivissa\/el-grupo-municipal-socialista-del-ayuntamiento-de-santa-eularia-denuncia-el-lamentable-estado-en-que-se-encuentra-el-parking-junto-a-la-zona-polideportiva-de-puig-den-valls-y-la-falta-de-limpiez\/\",\"name\":\"El grupo municipal socialista del ayuntamiento de Santa Eul\u00e0ria denuncia el lamentable estado en que se encuentra el parking junto a la zona polideportiva de Puig d\u00b4en Valls y la falta de limpieza de los alrededores de la iglesia y el parque infantil. - Federaci\u00f3 Socialista d&#039;Eivissa\",\"isPartOf\":{\"@id\":\"https:\/\/www.psib-psoe.org\/eivissa\/#website\"},\"primaryImageOfPage\":{\"@id\":\"https:\/\/www.psib-psoe.org\/eivissa\/el-grupo-municipal-socialista-del-ayuntamiento-de-santa-eularia-denuncia-el-lamentable-estado-en-que-se-encuentra-el-parking-junto-a-la-zona-polideportiva-de-puig-den-valls-y-la-falta-de-limpiez\/#primaryimage\"},\"image\":{\"@id\":\"https:\/\/www.psib-psoe.org\/eivissa\/el-grupo-municipal-socialista-del-ayuntamiento-de-santa-eularia-denuncia-el-lamentable-estado-en-que-se-encuentra-el-parking-junto-a-la-zona-polideportiva-de-puig-den-valls-y-la-falta-de-limpiez\/#primaryimage\"},\"thumbnailUrl\":\"https:\/\/www.psib-psoe.org\/eivissa\/wp-content\/uploads\/WhatsApp-Image-2022-08-30-at-11.58.33-AM.jpeg\",\"datePublished\":\"2022-08-30T11:10:58+00:00\",\"dateModified\":\"2022-08-30T11:13:50+00:00\",\"breadcrumb\":{\"@id\":\"https:\/\/www.psib-psoe.org\/eivissa\/el-grupo-municipal-socialista-del-ayuntamiento-de-santa-eularia-denuncia-el-lamentable-estado-en-que-se-encuentra-el-parking-junto-a-la-zona-polideportiva-de-puig-den-valls-y-la-falta-de-limpiez\/#breadcrumb\"},\"inLanguage\":\"ca\",\"potentialAction\":[{\"@type\":\"ReadAction\",\"target\":[\"https:\/\/www.psib-psoe.org\/eivissa\/el-grupo-municipal-socialista-del-ayuntamiento-de-santa-eularia-denuncia-el-lamentable-estado-en-que-se-encuentra-el-parking-junto-a-la-zona-polideportiva-de-puig-den-valls-y-la-falta-de-limpiez\/\"]}]},{\"@type\":\"ImageObject\",\"inLanguage\":\"ca\",\"@id\":\"https:\/\/www.psib-psoe.org\/eivissa\/el-grupo-municipal-socialista-del-ayuntamiento-de-santa-eularia-denuncia-el-lamentable-estado-en-que-se-encuentra-el-parking-junto-a-la-zona-polideportiva-de-puig-den-valls-y-la-falta-de-limpiez\/#primaryimage\",\"url\":\"https:\/\/www.psib-psoe.org\/eivissa\/wp-content\/uploads\/WhatsApp-Image-2022-08-30-at-11.58.33-AM.jpeg\",\"contentUrl\":\"https:\/\/www.psib-psoe.org\/eivissa\/wp-content\/uploads\/WhatsApp-Image-2022-08-30-at-11.58.33-AM.jpeg\",\"width\":2048,\"height\":1536},{\"@type\":\"BreadcrumbList\",\"@id\":\"https:\/\/www.psib-psoe.org\/eivissa\/el-grupo-municipal-socialista-del-ayuntamiento-de-santa-eularia-denuncia-el-lamentable-estado-en-que-se-encuentra-el-parking-junto-a-la-zona-polideportiva-de-puig-den-valls-y-la-falta-de-limpiez\/#breadcrumb\",\"itemListElement\":[{\"@type\":\"ListItem\",\"position\":1,\"name\":\"Inici\",\"item\":\"https:\/\/www.psib-psoe.org\/eivissa\/\"},{\"@type\":\"ListItem\",\"position\":2,\"name\":\"El grupo municipal socialista del ayuntamiento de Santa Eul\u00e0ria denuncia el lamentable estado en que se encuentra el parking junto a la zona polideportiva de Puig d\u00b4en Valls y la falta de limpieza de los alrededores de la iglesia y el parque infantil.\"}]},{\"@type\":\"WebSite\",\"@id\":\"https:\/\/www.psib-psoe.org\/eivissa\/#website\",\"url\":\"https:\/\/www.psib-psoe.org\/eivissa\/\",\"name\":\"Federaci\u00f3 Socialista d'Eivissa\",\"description\":\"Socialistes d&#039;Eivissa\",\"publisher\":{\"@id\":\"https:\/\/www.psib-psoe.org\/eivissa\/#organization\"},\"potentialAction\":[{\"@type\":\"SearchAction\",\"target\":{\"@type\":\"EntryPoint\",\"urlTemplate\":\"https:\/\/www.psib-psoe.org\/eivissa\/?s={search_term_string}\"},\"query-input\":{\"@type\":\"PropertyValueSpecification\",\"valueRequired\":true,\"valueName\":\"search_term_string\"}}],\"inLanguage\":\"ca\"},{\"@type\":\"Organization\",\"@id\":\"https:\/\/www.psib-psoe.org\/eivissa\/#organization\",\"name\":\"Federaci\u00f3 Socialista d'Eivissa\",\"url\":\"https:\/\/www.psib-psoe.org\/eivissa\/\",\"logo\":{\"@type\":\"ImageObject\",\"inLanguage\":\"ca\",\"@id\":\"https:\/\/www.psib-psoe.org\/eivissa\/#\/schema\/logo\/image\/\",\"url\":\"https:\/\/www.psib-psoe.org\/eivissa\/wp-content\/uploads\/LOGO-FSE-SOCIALISTA-DEIVISSA-HORI.png\",\"contentUrl\":\"https:\/\/www.psib-psoe.org\/eivissa\/wp-content\/uploads\/LOGO-FSE-SOCIALISTA-DEIVISSA-HORI.png\",\"width\":6000,\"height\":3104,\"caption\":\"Federaci\u00f3 Socialista d'Eivissa\"},\"image\":{\"@id\":\"https:\/\/www.psib-psoe.org\/eivissa\/#\/schema\/logo\/image\/\"}},{\"@type\":\"Person\",\"@id\":\"https:\/\/www.psib-psoe.org\/eivissa\/#\/schema\/person\/68066b276b53995e2bd8dac00f0bc415\",\"name\":\"Azahara\",\"url\":\"https:\/\/www.psib-psoe.org\/eivissa\/author\/azahara\/\"}]}<\/script>\n<!-- \/ Yoast SEO plugin. -->","yoast_head_json":{"title":"El grupo municipal socialista del ayuntamiento de Santa Eul\u00e0ria denuncia el lamentable estado en que se encuentra el parking junto a la zona polideportiva de Puig d\u00b4en Valls y la falta de limpieza de los alrededores de la iglesia y el parque infantil. - Federaci\u00f3 Socialista d&#039;Eivissa","robots":{"index":"index","follow":"follow","max-snippet":"max-snippet:-1","max-image-preview":"max-image-preview:large","max-video-preview":"max-video-preview:-1"},"canonical":"https:\/\/www.psib-psoe.org\/eivissa\/el-grupo-municipal-socialista-del-ayuntamiento-de-santa-eularia-denuncia-el-lamentable-estado-en-que-se-encuentra-el-parking-junto-a-la-zona-polideportiva-de-puig-den-valls-y-la-falta-de-limpiez\/","og_locale":"ca_ES","og_type":"article","og_title":"El grupo municipal socialista del ayuntamiento de Santa Eul\u00e0ria denuncia el lamentable estado en que se encuentra el parking junto a la zona polideportiva de Puig d\u00b4en Valls y la falta de limpieza de los alrededores de la iglesia y el parque infantil. - Federaci\u00f3 Socialista d&#039;Eivissa","og_description":"El grupo municipal socialista denuncia el estado de suciedad en que se encuentra el parking junto a la entrada a la zona polideportiva y del Centro Cultural de Puig d&#8217;en Valls, as\u00ed como tambi\u00e9n a otros puntos del pueblo consecuencia de la falta de limpieza y carencia de mantenimiento, como es el caso en el&hellip;","og_url":"https:\/\/www.psib-psoe.org\/eivissa\/el-grupo-municipal-socialista-del-ayuntamiento-de-santa-eularia-denuncia-el-lamentable-estado-en-que-se-encuentra-el-parking-junto-a-la-zona-polideportiva-de-puig-den-valls-y-la-falta-de-limpiez\/","og_site_name":"Federaci\u00f3 Socialista d&#039;Eivissa","article_published_time":"2022-08-30T11:10:58+00:00","article_modified_time":"2022-08-30T11:13:50+00:00","og_image":[{"width":2048,"height":1536,"url":"https:\/\/www.psib-psoe.org\/eivissa\/wp-content\/uploads\/WhatsApp-Image-2022-08-30-at-11.58.33-AM.jpeg","type":"image\/jpeg"}],"author":"Azahara","twitter_card":"summary_large_image","twitter_misc":{"Escrit per":"Azahara","Temps estimat de lectura":"2 minuts"},"schema":{"@context":"https:\/\/schema.org","@graph":[{"@type":["Article","BlogPosting"],"@id":"https:\/\/www.psib-psoe.org\/eivissa\/el-grupo-municipal-socialista-del-ayuntamiento-de-santa-eularia-denuncia-el-lamentable-estado-en-que-se-encuentra-el-parking-junto-a-la-zona-polideportiva-de-puig-den-valls-y-la-falta-de-limpiez\/#article","isPartOf":{"@id":"https:\/\/www.psib-psoe.org\/eivissa\/el-grupo-municipal-socialista-del-ayuntamiento-de-santa-eularia-denuncia-el-lamentable-estado-en-que-se-encuentra-el-parking-junto-a-la-zona-polideportiva-de-puig-den-valls-y-la-falta-de-limpiez\/"},"author":{"name":"Azahara","@id":"https:\/\/www.psib-psoe.org\/eivissa\/#\/schema\/person\/68066b276b53995e2bd8dac00f0bc415"},"headline":"El grupo municipal socialista del ayuntamiento de Santa Eul\u00e0ria denuncia el lamentable estado en que se encuentra el parking junto a la zona polideportiva de Puig d\u00b4en Valls y la falta de limpieza de los alrededores de la iglesia y el parque infantil.","datePublished":"2022-08-30T11:10:58+00:00","dateModified":"2022-08-30T11:13:50+00:00","mainEntityOfPage":{"@id":"https:\/\/www.psib-psoe.org\/eivissa\/el-grupo-municipal-socialista-del-ayuntamiento-de-santa-eularia-denuncia-el-lamentable-estado-en-que-se-encuentra-el-parking-junto-a-la-zona-polideportiva-de-puig-den-valls-y-la-falta-de-limpiez\/"},"wordCount":429,"publisher":{"@id":"https:\/\/www.psib-psoe.org\/eivissa\/#organization"},"image":{"@id":"https:\/\/www.psib-psoe.org\/eivissa\/el-grupo-municipal-socialista-del-ayuntamiento-de-santa-eularia-denuncia-el-lamentable-estado-en-que-se-encuentra-el-parking-junto-a-la-zona-polideportiva-de-puig-den-valls-y-la-falta-de-limpiez\/#primaryimage"},"thumbnailUrl":"https:\/\/www.psib-psoe.org\/eivissa\/wp-content\/uploads\/WhatsApp-Image-2022-08-30-at-11.58.33-AM.jpeg","articleSection":["Federaci\u00f3 d'Eivissa - Portada"],"inLanguage":"ca"},{"@type":"WebPage","@id":"https:\/\/www.psib-psoe.org\/eivissa\/el-grupo-municipal-socialista-del-ayuntamiento-de-santa-eularia-denuncia-el-lamentable-estado-en-que-se-encuentra-el-parking-junto-a-la-zona-polideportiva-de-puig-den-valls-y-la-falta-de-limpiez\/","url":"https:\/\/www.psib-psoe.org\/eivissa\/el-grupo-municipal-socialista-del-ayuntamiento-de-santa-eularia-denuncia-el-lamentable-estado-en-que-se-encuentra-el-parking-junto-a-la-zona-polideportiva-de-puig-den-valls-y-la-falta-de-limpiez\/","name":"El grupo municipal socialista del ayuntamiento de Santa Eul\u00e0ria denuncia el lamentable estado en que se encuentra el parking junto a la zona polideportiva de Puig d\u00b4en Valls y la falta de limpieza de los alrededores de la iglesia y el parque infantil. - Federaci\u00f3 Socialista d&#039;Eivissa","isPartOf":{"@id":"https:\/\/www.psib-psoe.org\/eivissa\/#website"},"primaryImageOfPage":{"@id":"https:\/\/www.psib-psoe.org\/eivissa\/el-grupo-municipal-socialista-del-ayuntamiento-de-santa-eularia-denuncia-el-lamentable-estado-en-que-se-encuentra-el-parking-junto-a-la-zona-polideportiva-de-puig-den-valls-y-la-falta-de-limpiez\/#primaryimage"},"image":{"@id":"https:\/\/www.psib-psoe.org\/eivissa\/el-grupo-municipal-socialista-del-ayuntamiento-de-santa-eularia-denuncia-el-lamentable-estado-en-que-se-encuentra-el-parking-junto-a-la-zona-polideportiva-de-puig-den-valls-y-la-falta-de-limpiez\/#primaryimage"},"thumbnailUrl":"https:\/\/www.psib-psoe.org\/eivissa\/wp-content\/uploads\/WhatsApp-Image-2022-08-30-at-11.58.33-AM.jpeg","datePublished":"2022-08-30T11:10:58+00:00","dateModified":"2022-08-30T11:13:50+00:00","breadcrumb":{"@id":"https:\/\/www.psib-psoe.org\/eivissa\/el-grupo-municipal-socialista-del-ayuntamiento-de-santa-eularia-denuncia-el-lamentable-estado-en-que-se-encuentra-el-parking-junto-a-la-zona-polideportiva-de-puig-den-valls-y-la-falta-de-limpiez\/#breadcrumb"},"inLanguage":"ca","potentialAction":[{"@type":"ReadAction","target":["https:\/\/www.psib-psoe.org\/eivissa\/el-grupo-municipal-socialista-del-ayuntamiento-de-santa-eularia-denuncia-el-lamentable-estado-en-que-se-encuentra-el-parking-junto-a-la-zona-polideportiva-de-puig-den-valls-y-la-falta-de-limpiez\/"]}]},{"@type":"ImageObject","inLanguage":"ca","@id":"https:\/\/www.psib-psoe.org\/eivissa\/el-grupo-municipal-socialista-del-ayuntamiento-de-santa-eularia-denuncia-el-lamentable-estado-en-que-se-encuentra-el-parking-junto-a-la-zona-polideportiva-de-puig-den-valls-y-la-falta-de-limpiez\/#primaryimage","url":"https:\/\/www.psib-psoe.org\/eivissa\/wp-content\/uploads\/WhatsApp-Image-2022-08-30-at-11.58.33-AM.jpeg","contentUrl":"https:\/\/www.psib-psoe.org\/eivissa\/wp-content\/uploads\/WhatsApp-Image-2022-08-30-at-11.58.33-AM.jpeg","width":2048,"height":1536},{"@type":"BreadcrumbList","@id":"https:\/\/www.psib-psoe.org\/eivissa\/el-grupo-municipal-socialista-del-ayuntamiento-de-santa-eularia-denuncia-el-lamentable-estado-en-que-se-encuentra-el-parking-junto-a-la-zona-polideportiva-de-puig-den-valls-y-la-falta-de-limpiez\/#breadcrumb","itemListElement":[{"@type":"ListItem","position":1,"name":"Inici","item":"https:\/\/www.psib-psoe.org\/eivissa\/"},{"@type":"ListItem","position":2,"name":"El grupo municipal socialista del ayuntamiento de Santa Eul\u00e0ria denuncia el lamentable estado en que se encuentra el parking junto a la zona polideportiva de Puig d\u00b4en Valls y la falta de limpieza de los alrededores de la iglesia y el parque infantil."}]},{"@type":"WebSite","@id":"https:\/\/www.psib-psoe.org\/eivissa\/#website","url":"https:\/\/www.psib-psoe.org\/eivissa\/","name":"Federaci\u00f3 Socialista d'Eivissa","description":"Socialistes d&#039;Eivissa","publisher":{"@id":"https:\/\/www.psib-psoe.org\/eivissa\/#organization"},"potentialAction":[{"@type":"SearchAction","target":{"@type":"EntryPoint","urlTemplate":"https:\/\/www.psib-psoe.org\/eivissa\/?s={search_term_string}"},"query-input":{"@type":"PropertyValueSpecification","valueRequired":true,"valueName":"search_term_string"}}],"inLanguage":"ca"},{"@type":"Organization","@id":"https:\/\/www.psib-psoe.org\/eivissa\/#organization","name":"Federaci\u00f3 Socialista d'Eivissa","url":"https:\/\/www.psib-psoe.org\/eivissa\/","logo":{"@type":"ImageObject","inLanguage":"ca","@id":"https:\/\/www.psib-psoe.org\/eivissa\/#\/schema\/logo\/image\/","url":"https:\/\/www.psib-psoe.org\/eivissa\/wp-content\/uploads\/LOGO-FSE-SOCIALISTA-DEIVISSA-HORI.png","contentUrl":"https:\/\/www.psib-psoe.org\/eivissa\/wp-content\/uploads\/LOGO-FSE-SOCIALISTA-DEIVISSA-HORI.png","width":6000,"height":3104,"caption":"Federaci\u00f3 Socialista d'Eivissa"},"image":{"@id":"https:\/\/www.psib-psoe.org\/eivissa\/#\/schema\/logo\/image\/"}},{"@type":"Person","@id":"https:\/\/www.psib-psoe.org\/eivissa\/#\/schema\/person\/68066b276b53995e2bd8dac00f0bc415","name":"Azahara","url":"https:\/\/www.psib-psoe.org\/eivissa\/author\/azahara\/"}]}},"_links":{"self":[{"href":"https:\/\/www.psib-psoe.org\/eivissa\/wp-json\/wp\/v2\/posts\/36211","targetHints":{"allow":["GET"]}}],"collection":[{"href":"https:\/\/www.psib-psoe.org\/eivissa\/wp-json\/wp\/v2\/posts"}],"about":[{"href":"https:\/\/www.psib-psoe.org\/eivissa\/wp-json\/wp\/v2\/types\/post"}],"author":[{"embeddable":true,"href":"https:\/\/www.psib-psoe.org\/eivissa\/wp-json\/wp\/v2\/users\/12"}],"replies":[{"embeddable":true,"href":"https:\/\/www.psib-psoe.org\/eivissa\/wp-json\/wp\/v2\/comments?post=36211"}],"version-history":[{"count":1,"href":"https:\/\/www.psib-psoe.org\/eivissa\/wp-json\/wp\/v2\/posts\/36211\/revisions"}],"predecessor-version":[{"id":36212,"href":"https:\/\/www.psib-psoe.org\/eivissa\/wp-json\/wp\/v2\/posts\/36211\/revisions\/36212"}],"wp:featuredmedia":[{"embeddable":true,"href":"https:\/\/www.psib-psoe.org\/eivissa\/wp-json\/wp\/v2\/media\/36208"}],"wp:attachment":[{"href":"https:\/\/www.psib-psoe.org\/eivissa\/wp-json\/wp\/v2\/media?parent=36211"}],"wp:term":[{"taxonomy":"category","embeddable":true,"href":"https:\/\/www.psib-psoe.org\/eivissa\/wp-json\/wp\/v2\/categories?post=36211"},{"taxonomy":"post_tag","embeddable":true,"href":"https:\/\/www.psib-psoe.org\/eivissa\/wp-json\/wp\/v2\/tags?post=36211"}],"curies":[{"name":"wp","href":"https:\/\/api.w.org\/{rel}","templated":true}]}}