{"id":36249,"date":"2022-09-13T16:43:43","date_gmt":"2022-09-13T14:43:43","guid":{"rendered":"https:\/\/www.psib-psoe.org\/eivissa\/?p=36249"},"modified":"2022-09-13T16:43:43","modified_gmt":"2022-09-13T14:43:43","slug":"psoe-reinicia-denuncia-els-problemes-de-bruticia-i-acumulacio-descombraries-que-pateix-sant-rafel-i-exigeix-a-marcos-serra-que-prengui-mesures","status":"publish","type":"post","link":"https:\/\/www.psib-psoe.org\/eivissa\/psoe-reinicia-denuncia-els-problemes-de-bruticia-i-acumulacio-descombraries-que-pateix-sant-rafel-i-exigeix-a-marcos-serra-que-prengui-mesures\/","title":{"rendered":"PSOE-Reinicia denuncia els problemes de brut\u00edcia i acumulaci\u00f3 d&#8217;escombraries que pateix Sant Rafel i exigeix a Marcos Serra que prengui mesures"},"content":{"rendered":"<p>El grup municipal PSOE-Reinicia denuncia la mala gesti\u00f3 que s&#8217;est\u00e0 fent de la recollida d&#8217;escombraries a San Rafael, per part de la responsable del departament, la regidora Neus Mateu. Fa temps que els progressistes insistin en aquest assumpte, i la situaci\u00f3 s&#8217;ha anat agreujant fins arribar a haver de suportar els ve\u00efns i ve\u00efnes situacions desagradables.<\/p>\n<p>La regidora de PSOE-Reinicia Neus Mar\u00ed afirma que &#8220;no podem culpar, \u00fanicament, els ciutadans que no compleixen les normes&#8221;, ja que &#8220;l&#8217;acumulaci\u00f3 d&#8217;escombraries es deu a una manca de servei, i no \u00e9s un fet puntual, s\u00f3n dies, i aix\u00f2 \u00e9s deixadesa de qui t\u00e9 les compet\u00e8ncies\u201d. Mar\u00ed assegura que &#8220;els ve\u00efns de Sant Rafel, com passa tamb\u00e9 a molts altres llocs de la resta del municipi de Sant Antoni, veuen com la brut\u00edcia desborda els seus carrers, tant als nuclis urbans com als nuclis rurals i les seves perif\u00e8ries&#8221;.<\/p>\n<p>PSOE-Reinicia lamenta que tot all\u00f2 relacionat amb la neteja de la via p\u00fablica i la recollida d&#8217;escombraries hagi anat empitjorant durant aquesta legislatura amb Marcos Serra: \u201cEls carrers estan bruts, els jardins fan pena i hi ha molts punts de recollida d&#8217;escombraries on no es recull di\u00e0riament&#8221;. &#8220;Recollim les den\u00fancies dels ve\u00efns i ve\u00efnes de Sant Rafel, que ens fan arribar imatges di\u00e0riament. Tornarem a exigir a Marcos Serra que posi ordre en aquest departament i, si no s\u00f3n capa\u00e7os de posar-hi soluci\u00f3, que retiri les compet\u00e8ncies a Neus Mateu i les assigni a un altre regidor que s\u00ed que tingui inter\u00e8s i capacitat de gesti\u00f3&#8221;, insisteix Neus Mar\u00ed.<\/p>\n<p>A m\u00e9s, el grup progressista lamenta l&#8217;aband\u00f3 dels laterals de carrers i vies, que pr\u00e0cticament s\u00f3n jardins, fins i tot en alguns punts \u00e9s dif\u00edcil poder caminar all\u00f2 que impossibilita la mobilitat. &#8220;Els ve\u00efns estan cansats d&#8217;exigir que les seves voreres estiguin en condicions per poder caminar-hi sense por de patir caigudes&#8221;.<\/p>\n<p>Per tot aix\u00f2, al ple ordinari del mes de setembre, el grup PSOE-Reinicia presentar\u00e0 diverses propostes de control en aquesta mat\u00e8ria. &#8220;Exigirem neteja i gesti\u00f3 eficient de la recollida d&#8217;escombraries, aix\u00ed com el desbrossament adequat de voreres i camins&#8221;, conclou la regidora Neus Mar\u00ed.<\/p>\n","protected":false},"excerpt":{"rendered":"<p>El grup municipal PSOE-Reinicia denuncia la mala gesti\u00f3 que s&#8217;est\u00e0 fent de la recollida d&#8217;escombraries a San Rafael, per part de la responsable del departament, la regidora Neus Mateu. Fa temps que els progressistes insistin en aquest assumpte, i la situaci\u00f3 s&#8217;ha anat agreujant fins arribar a haver de suportar els ve\u00efns i ve\u00efnes situacions&hellip;<\/p>\n","protected":false},"author":12,"featured_media":36250,"comment_status":"closed","ping_status":"closed","sticky":false,"template":"","format":"standard","meta":{"footnotes":""},"categories":[1,234,188],"tags":[],"class_list":["post-36249","post","type-post","status-publish","format-standard","has-post-thumbnail","hentry","category-federacio-de-eivissa-portada","category-municipis","category-sant-antoni-de-portmany"],"yoast_head":"<!-- This site is optimized with the Yoast SEO plugin v26.9 - https:\/\/yoast.com\/product\/yoast-seo-wordpress\/ -->\n<title>PSOE-Reinicia denuncia els problemes de brut\u00edcia i acumulaci\u00f3 d&#039;escombraries que pateix Sant Rafel i exigeix a Marcos Serra que prengui mesures - Federaci\u00f3 Socialista d&#039;Eivissa<\/title>\n<meta name=\"robots\" content=\"index, follow, max-snippet:-1, max-image-preview:large, max-video-preview:-1\" \/>\n<link rel=\"canonical\" href=\"https:\/\/www.psib-psoe.org\/eivissa\/psoe-reinicia-denuncia-els-problemes-de-bruticia-i-acumulacio-descombraries-que-pateix-sant-rafel-i-exigeix-a-marcos-serra-que-prengui-mesures\/\" \/>\n<meta property=\"og:locale\" content=\"ca_ES\" \/>\n<meta property=\"og:type\" content=\"article\" \/>\n<meta property=\"og:title\" content=\"PSOE-Reinicia denuncia els problemes de brut\u00edcia i acumulaci\u00f3 d&#039;escombraries que pateix Sant Rafel i exigeix a Marcos Serra que prengui mesures - Federaci\u00f3 Socialista d&#039;Eivissa\" \/>\n<meta property=\"og:description\" content=\"El grup municipal PSOE-Reinicia denuncia la mala gesti\u00f3 que s&#8217;est\u00e0 fent de la recollida d&#8217;escombraries a San Rafael, per part de la responsable del departament, la regidora Neus Mateu. Fa temps que els progressistes insistin en aquest assumpte, i la situaci\u00f3 s&#8217;ha anat agreujant fins arribar a haver de suportar els ve\u00efns i ve\u00efnes situacions&hellip;\" \/>\n<meta property=\"og:url\" content=\"https:\/\/www.psib-psoe.org\/eivissa\/psoe-reinicia-denuncia-els-problemes-de-bruticia-i-acumulacio-descombraries-que-pateix-sant-rafel-i-exigeix-a-marcos-serra-que-prengui-mesures\/\" \/>\n<meta property=\"og:site_name\" content=\"Federaci\u00f3 Socialista d&#039;Eivissa\" \/>\n<meta property=\"article:published_time\" content=\"2022-09-13T14:43:43+00:00\" \/>\n<meta property=\"og:image\" content=\"https:\/\/www.psib-psoe.org\/eivissa\/wp-content\/uploads\/2sant-rafel.jpeg\" \/>\n\t<meta property=\"og:image:width\" content=\"2016\" \/>\n\t<meta property=\"og:image:height\" content=\"1512\" \/>\n\t<meta property=\"og:image:type\" content=\"image\/jpeg\" \/>\n<meta name=\"author\" content=\"Azahara\" \/>\n<meta name=\"twitter:card\" content=\"summary_large_image\" \/>\n<meta name=\"twitter:label1\" content=\"Escrit per\" \/>\n\t<meta name=\"twitter:data1\" content=\"Azahara\" \/>\n\t<meta name=\"twitter:label2\" content=\"Temps estimat de lectura\" \/>\n\t<meta name=\"twitter:data2\" content=\"2 minuts\" \/>\n<script type=\"application\/ld+json\" class=\"yoast-schema-graph\">{\"@context\":\"https:\/\/schema.org\",\"@graph\":[{\"@type\":[\"Article\",\"BlogPosting\"],\"@id\":\"https:\/\/www.psib-psoe.org\/eivissa\/psoe-reinicia-denuncia-els-problemes-de-bruticia-i-acumulacio-descombraries-que-pateix-sant-rafel-i-exigeix-a-marcos-serra-que-prengui-mesures\/#article\",\"isPartOf\":{\"@id\":\"https:\/\/www.psib-psoe.org\/eivissa\/psoe-reinicia-denuncia-els-problemes-de-bruticia-i-acumulacio-descombraries-que-pateix-sant-rafel-i-exigeix-a-marcos-serra-que-prengui-mesures\/\"},\"author\":{\"name\":\"Azahara\",\"@id\":\"https:\/\/www.psib-psoe.org\/eivissa\/#\/schema\/person\/68066b276b53995e2bd8dac00f0bc415\"},\"headline\":\"PSOE-Reinicia denuncia els problemes de brut\u00edcia i acumulaci\u00f3 d&#8217;escombraries que pateix Sant Rafel i exigeix a Marcos Serra que prengui mesures\",\"datePublished\":\"2022-09-13T14:43:43+00:00\",\"mainEntityOfPage\":{\"@id\":\"https:\/\/www.psib-psoe.org\/eivissa\/psoe-reinicia-denuncia-els-problemes-de-bruticia-i-acumulacio-descombraries-que-pateix-sant-rafel-i-exigeix-a-marcos-serra-que-prengui-mesures\/\"},\"wordCount\":396,\"publisher\":{\"@id\":\"https:\/\/www.psib-psoe.org\/eivissa\/#organization\"},\"image\":{\"@id\":\"https:\/\/www.psib-psoe.org\/eivissa\/psoe-reinicia-denuncia-els-problemes-de-bruticia-i-acumulacio-descombraries-que-pateix-sant-rafel-i-exigeix-a-marcos-serra-que-prengui-mesures\/#primaryimage\"},\"thumbnailUrl\":\"https:\/\/www.psib-psoe.org\/eivissa\/wp-content\/uploads\/2sant-rafel.jpeg\",\"articleSection\":[\"Federaci\u00f3 d'Eivissa - Portada\",\"Municipis\",\"Sant Antoni de Portmany\"],\"inLanguage\":\"ca\"},{\"@type\":\"WebPage\",\"@id\":\"https:\/\/www.psib-psoe.org\/eivissa\/psoe-reinicia-denuncia-els-problemes-de-bruticia-i-acumulacio-descombraries-que-pateix-sant-rafel-i-exigeix-a-marcos-serra-que-prengui-mesures\/\",\"url\":\"https:\/\/www.psib-psoe.org\/eivissa\/psoe-reinicia-denuncia-els-problemes-de-bruticia-i-acumulacio-descombraries-que-pateix-sant-rafel-i-exigeix-a-marcos-serra-que-prengui-mesures\/\",\"name\":\"PSOE-Reinicia denuncia els problemes de brut\u00edcia i acumulaci\u00f3 d'escombraries que pateix Sant Rafel i exigeix a Marcos Serra que prengui mesures - Federaci\u00f3 Socialista d&#039;Eivissa\",\"isPartOf\":{\"@id\":\"https:\/\/www.psib-psoe.org\/eivissa\/#website\"},\"primaryImageOfPage\":{\"@id\":\"https:\/\/www.psib-psoe.org\/eivissa\/psoe-reinicia-denuncia-els-problemes-de-bruticia-i-acumulacio-descombraries-que-pateix-sant-rafel-i-exigeix-a-marcos-serra-que-prengui-mesures\/#primaryimage\"},\"image\":{\"@id\":\"https:\/\/www.psib-psoe.org\/eivissa\/psoe-reinicia-denuncia-els-problemes-de-bruticia-i-acumulacio-descombraries-que-pateix-sant-rafel-i-exigeix-a-marcos-serra-que-prengui-mesures\/#primaryimage\"},\"thumbnailUrl\":\"https:\/\/www.psib-psoe.org\/eivissa\/wp-content\/uploads\/2sant-rafel.jpeg\",\"datePublished\":\"2022-09-13T14:43:43+00:00\",\"breadcrumb\":{\"@id\":\"https:\/\/www.psib-psoe.org\/eivissa\/psoe-reinicia-denuncia-els-problemes-de-bruticia-i-acumulacio-descombraries-que-pateix-sant-rafel-i-exigeix-a-marcos-serra-que-prengui-mesures\/#breadcrumb\"},\"inLanguage\":\"ca\",\"potentialAction\":[{\"@type\":\"ReadAction\",\"target\":[\"https:\/\/www.psib-psoe.org\/eivissa\/psoe-reinicia-denuncia-els-problemes-de-bruticia-i-acumulacio-descombraries-que-pateix-sant-rafel-i-exigeix-a-marcos-serra-que-prengui-mesures\/\"]}]},{\"@type\":\"ImageObject\",\"inLanguage\":\"ca\",\"@id\":\"https:\/\/www.psib-psoe.org\/eivissa\/psoe-reinicia-denuncia-els-problemes-de-bruticia-i-acumulacio-descombraries-que-pateix-sant-rafel-i-exigeix-a-marcos-serra-que-prengui-mesures\/#primaryimage\",\"url\":\"https:\/\/www.psib-psoe.org\/eivissa\/wp-content\/uploads\/2sant-rafel.jpeg\",\"contentUrl\":\"https:\/\/www.psib-psoe.org\/eivissa\/wp-content\/uploads\/2sant-rafel.jpeg\",\"width\":2016,\"height\":1512},{\"@type\":\"BreadcrumbList\",\"@id\":\"https:\/\/www.psib-psoe.org\/eivissa\/psoe-reinicia-denuncia-els-problemes-de-bruticia-i-acumulacio-descombraries-que-pateix-sant-rafel-i-exigeix-a-marcos-serra-que-prengui-mesures\/#breadcrumb\",\"itemListElement\":[{\"@type\":\"ListItem\",\"position\":1,\"name\":\"Inici\",\"item\":\"https:\/\/www.psib-psoe.org\/eivissa\/\"},{\"@type\":\"ListItem\",\"position\":2,\"name\":\"PSOE-Reinicia denuncia els problemes de brut\u00edcia i acumulaci\u00f3 d&#8217;escombraries que pateix Sant Rafel i exigeix a Marcos Serra que prengui mesures\"}]},{\"@type\":\"WebSite\",\"@id\":\"https:\/\/www.psib-psoe.org\/eivissa\/#website\",\"url\":\"https:\/\/www.psib-psoe.org\/eivissa\/\",\"name\":\"Federaci\u00f3 Socialista d'Eivissa\",\"description\":\"Socialistes d&#039;Eivissa\",\"publisher\":{\"@id\":\"https:\/\/www.psib-psoe.org\/eivissa\/#organization\"},\"potentialAction\":[{\"@type\":\"SearchAction\",\"target\":{\"@type\":\"EntryPoint\",\"urlTemplate\":\"https:\/\/www.psib-psoe.org\/eivissa\/?s={search_term_string}\"},\"query-input\":{\"@type\":\"PropertyValueSpecification\",\"valueRequired\":true,\"valueName\":\"search_term_string\"}}],\"inLanguage\":\"ca\"},{\"@type\":\"Organization\",\"@id\":\"https:\/\/www.psib-psoe.org\/eivissa\/#organization\",\"name\":\"Federaci\u00f3 Socialista d'Eivissa\",\"url\":\"https:\/\/www.psib-psoe.org\/eivissa\/\",\"logo\":{\"@type\":\"ImageObject\",\"inLanguage\":\"ca\",\"@id\":\"https:\/\/www.psib-psoe.org\/eivissa\/#\/schema\/logo\/image\/\",\"url\":\"https:\/\/www.psib-psoe.org\/eivissa\/wp-content\/uploads\/LOGO-FSE-SOCIALISTA-DEIVISSA-HORI.png\",\"contentUrl\":\"https:\/\/www.psib-psoe.org\/eivissa\/wp-content\/uploads\/LOGO-FSE-SOCIALISTA-DEIVISSA-HORI.png\",\"width\":6000,\"height\":3104,\"caption\":\"Federaci\u00f3 Socialista d'Eivissa\"},\"image\":{\"@id\":\"https:\/\/www.psib-psoe.org\/eivissa\/#\/schema\/logo\/image\/\"}},{\"@type\":\"Person\",\"@id\":\"https:\/\/www.psib-psoe.org\/eivissa\/#\/schema\/person\/68066b276b53995e2bd8dac00f0bc415\",\"name\":\"Azahara\",\"url\":\"https:\/\/www.psib-psoe.org\/eivissa\/author\/azahara\/\"}]}<\/script>\n<!-- \/ Yoast SEO plugin. -->","yoast_head_json":{"title":"PSOE-Reinicia denuncia els problemes de brut\u00edcia i acumulaci\u00f3 d'escombraries que pateix Sant Rafel i exigeix a Marcos Serra que prengui mesures - Federaci\u00f3 Socialista d&#039;Eivissa","robots":{"index":"index","follow":"follow","max-snippet":"max-snippet:-1","max-image-preview":"max-image-preview:large","max-video-preview":"max-video-preview:-1"},"canonical":"https:\/\/www.psib-psoe.org\/eivissa\/psoe-reinicia-denuncia-els-problemes-de-bruticia-i-acumulacio-descombraries-que-pateix-sant-rafel-i-exigeix-a-marcos-serra-que-prengui-mesures\/","og_locale":"ca_ES","og_type":"article","og_title":"PSOE-Reinicia denuncia els problemes de brut\u00edcia i acumulaci\u00f3 d'escombraries que pateix Sant Rafel i exigeix a Marcos Serra que prengui mesures - Federaci\u00f3 Socialista d&#039;Eivissa","og_description":"El grup municipal PSOE-Reinicia denuncia la mala gesti\u00f3 que s&#8217;est\u00e0 fent de la recollida d&#8217;escombraries a San Rafael, per part de la responsable del departament, la regidora Neus Mateu. Fa temps que els progressistes insistin en aquest assumpte, i la situaci\u00f3 s&#8217;ha anat agreujant fins arribar a haver de suportar els ve\u00efns i ve\u00efnes situacions&hellip;","og_url":"https:\/\/www.psib-psoe.org\/eivissa\/psoe-reinicia-denuncia-els-problemes-de-bruticia-i-acumulacio-descombraries-que-pateix-sant-rafel-i-exigeix-a-marcos-serra-que-prengui-mesures\/","og_site_name":"Federaci\u00f3 Socialista d&#039;Eivissa","article_published_time":"2022-09-13T14:43:43+00:00","og_image":[{"width":2016,"height":1512,"url":"https:\/\/www.psib-psoe.org\/eivissa\/wp-content\/uploads\/2sant-rafel.jpeg","type":"image\/jpeg"}],"author":"Azahara","twitter_card":"summary_large_image","twitter_misc":{"Escrit per":"Azahara","Temps estimat de lectura":"2 minuts"},"schema":{"@context":"https:\/\/schema.org","@graph":[{"@type":["Article","BlogPosting"],"@id":"https:\/\/www.psib-psoe.org\/eivissa\/psoe-reinicia-denuncia-els-problemes-de-bruticia-i-acumulacio-descombraries-que-pateix-sant-rafel-i-exigeix-a-marcos-serra-que-prengui-mesures\/#article","isPartOf":{"@id":"https:\/\/www.psib-psoe.org\/eivissa\/psoe-reinicia-denuncia-els-problemes-de-bruticia-i-acumulacio-descombraries-que-pateix-sant-rafel-i-exigeix-a-marcos-serra-que-prengui-mesures\/"},"author":{"name":"Azahara","@id":"https:\/\/www.psib-psoe.org\/eivissa\/#\/schema\/person\/68066b276b53995e2bd8dac00f0bc415"},"headline":"PSOE-Reinicia denuncia els problemes de brut\u00edcia i acumulaci\u00f3 d&#8217;escombraries que pateix Sant Rafel i exigeix a Marcos Serra que prengui mesures","datePublished":"2022-09-13T14:43:43+00:00","mainEntityOfPage":{"@id":"https:\/\/www.psib-psoe.org\/eivissa\/psoe-reinicia-denuncia-els-problemes-de-bruticia-i-acumulacio-descombraries-que-pateix-sant-rafel-i-exigeix-a-marcos-serra-que-prengui-mesures\/"},"wordCount":396,"publisher":{"@id":"https:\/\/www.psib-psoe.org\/eivissa\/#organization"},"image":{"@id":"https:\/\/www.psib-psoe.org\/eivissa\/psoe-reinicia-denuncia-els-problemes-de-bruticia-i-acumulacio-descombraries-que-pateix-sant-rafel-i-exigeix-a-marcos-serra-que-prengui-mesures\/#primaryimage"},"thumbnailUrl":"https:\/\/www.psib-psoe.org\/eivissa\/wp-content\/uploads\/2sant-rafel.jpeg","articleSection":["Federaci\u00f3 d'Eivissa - Portada","Municipis","Sant Antoni de Portmany"],"inLanguage":"ca"},{"@type":"WebPage","@id":"https:\/\/www.psib-psoe.org\/eivissa\/psoe-reinicia-denuncia-els-problemes-de-bruticia-i-acumulacio-descombraries-que-pateix-sant-rafel-i-exigeix-a-marcos-serra-que-prengui-mesures\/","url":"https:\/\/www.psib-psoe.org\/eivissa\/psoe-reinicia-denuncia-els-problemes-de-bruticia-i-acumulacio-descombraries-que-pateix-sant-rafel-i-exigeix-a-marcos-serra-que-prengui-mesures\/","name":"PSOE-Reinicia denuncia els problemes de brut\u00edcia i acumulaci\u00f3 d'escombraries que pateix Sant Rafel i exigeix a Marcos Serra que prengui mesures - Federaci\u00f3 Socialista d&#039;Eivissa","isPartOf":{"@id":"https:\/\/www.psib-psoe.org\/eivissa\/#website"},"primaryImageOfPage":{"@id":"https:\/\/www.psib-psoe.org\/eivissa\/psoe-reinicia-denuncia-els-problemes-de-bruticia-i-acumulacio-descombraries-que-pateix-sant-rafel-i-exigeix-a-marcos-serra-que-prengui-mesures\/#primaryimage"},"image":{"@id":"https:\/\/www.psib-psoe.org\/eivissa\/psoe-reinicia-denuncia-els-problemes-de-bruticia-i-acumulacio-descombraries-que-pateix-sant-rafel-i-exigeix-a-marcos-serra-que-prengui-mesures\/#primaryimage"},"thumbnailUrl":"https:\/\/www.psib-psoe.org\/eivissa\/wp-content\/uploads\/2sant-rafel.jpeg","datePublished":"2022-09-13T14:43:43+00:00","breadcrumb":{"@id":"https:\/\/www.psib-psoe.org\/eivissa\/psoe-reinicia-denuncia-els-problemes-de-bruticia-i-acumulacio-descombraries-que-pateix-sant-rafel-i-exigeix-a-marcos-serra-que-prengui-mesures\/#breadcrumb"},"inLanguage":"ca","potentialAction":[{"@type":"ReadAction","target":["https:\/\/www.psib-psoe.org\/eivissa\/psoe-reinicia-denuncia-els-problemes-de-bruticia-i-acumulacio-descombraries-que-pateix-sant-rafel-i-exigeix-a-marcos-serra-que-prengui-mesures\/"]}]},{"@type":"ImageObject","inLanguage":"ca","@id":"https:\/\/www.psib-psoe.org\/eivissa\/psoe-reinicia-denuncia-els-problemes-de-bruticia-i-acumulacio-descombraries-que-pateix-sant-rafel-i-exigeix-a-marcos-serra-que-prengui-mesures\/#primaryimage","url":"https:\/\/www.psib-psoe.org\/eivissa\/wp-content\/uploads\/2sant-rafel.jpeg","contentUrl":"https:\/\/www.psib-psoe.org\/eivissa\/wp-content\/uploads\/2sant-rafel.jpeg","width":2016,"height":1512},{"@type":"BreadcrumbList","@id":"https:\/\/www.psib-psoe.org\/eivissa\/psoe-reinicia-denuncia-els-problemes-de-bruticia-i-acumulacio-descombraries-que-pateix-sant-rafel-i-exigeix-a-marcos-serra-que-prengui-mesures\/#breadcrumb","itemListElement":[{"@type":"ListItem","position":1,"name":"Inici","item":"https:\/\/www.psib-psoe.org\/eivissa\/"},{"@type":"ListItem","position":2,"name":"PSOE-Reinicia denuncia els problemes de brut\u00edcia i acumulaci\u00f3 d&#8217;escombraries que pateix Sant Rafel i exigeix a Marcos Serra que prengui mesures"}]},{"@type":"WebSite","@id":"https:\/\/www.psib-psoe.org\/eivissa\/#website","url":"https:\/\/www.psib-psoe.org\/eivissa\/","name":"Federaci\u00f3 Socialista d'Eivissa","description":"Socialistes d&#039;Eivissa","publisher":{"@id":"https:\/\/www.psib-psoe.org\/eivissa\/#organization"},"potentialAction":[{"@type":"SearchAction","target":{"@type":"EntryPoint","urlTemplate":"https:\/\/www.psib-psoe.org\/eivissa\/?s={search_term_string}"},"query-input":{"@type":"PropertyValueSpecification","valueRequired":true,"valueName":"search_term_string"}}],"inLanguage":"ca"},{"@type":"Organization","@id":"https:\/\/www.psib-psoe.org\/eivissa\/#organization","name":"Federaci\u00f3 Socialista d'Eivissa","url":"https:\/\/www.psib-psoe.org\/eivissa\/","logo":{"@type":"ImageObject","inLanguage":"ca","@id":"https:\/\/www.psib-psoe.org\/eivissa\/#\/schema\/logo\/image\/","url":"https:\/\/www.psib-psoe.org\/eivissa\/wp-content\/uploads\/LOGO-FSE-SOCIALISTA-DEIVISSA-HORI.png","contentUrl":"https:\/\/www.psib-psoe.org\/eivissa\/wp-content\/uploads\/LOGO-FSE-SOCIALISTA-DEIVISSA-HORI.png","width":6000,"height":3104,"caption":"Federaci\u00f3 Socialista d'Eivissa"},"image":{"@id":"https:\/\/www.psib-psoe.org\/eivissa\/#\/schema\/logo\/image\/"}},{"@type":"Person","@id":"https:\/\/www.psib-psoe.org\/eivissa\/#\/schema\/person\/68066b276b53995e2bd8dac00f0bc415","name":"Azahara","url":"https:\/\/www.psib-psoe.org\/eivissa\/author\/azahara\/"}]}},"_links":{"self":[{"href":"https:\/\/www.psib-psoe.org\/eivissa\/wp-json\/wp\/v2\/posts\/36249","targetHints":{"allow":["GET"]}}],"collection":[{"href":"https:\/\/www.psib-psoe.org\/eivissa\/wp-json\/wp\/v2\/posts"}],"about":[{"href":"https:\/\/www.psib-psoe.org\/eivissa\/wp-json\/wp\/v2\/types\/post"}],"author":[{"embeddable":true,"href":"https:\/\/www.psib-psoe.org\/eivissa\/wp-json\/wp\/v2\/users\/12"}],"replies":[{"embeddable":true,"href":"https:\/\/www.psib-psoe.org\/eivissa\/wp-json\/wp\/v2\/comments?post=36249"}],"version-history":[{"count":1,"href":"https:\/\/www.psib-psoe.org\/eivissa\/wp-json\/wp\/v2\/posts\/36249\/revisions"}],"predecessor-version":[{"id":36252,"href":"https:\/\/www.psib-psoe.org\/eivissa\/wp-json\/wp\/v2\/posts\/36249\/revisions\/36252"}],"wp:featuredmedia":[{"embeddable":true,"href":"https:\/\/www.psib-psoe.org\/eivissa\/wp-json\/wp\/v2\/media\/36250"}],"wp:attachment":[{"href":"https:\/\/www.psib-psoe.org\/eivissa\/wp-json\/wp\/v2\/media?parent=36249"}],"wp:term":[{"taxonomy":"category","embeddable":true,"href":"https:\/\/www.psib-psoe.org\/eivissa\/wp-json\/wp\/v2\/categories?post=36249"},{"taxonomy":"post_tag","embeddable":true,"href":"https:\/\/www.psib-psoe.org\/eivissa\/wp-json\/wp\/v2\/tags?post=36249"}],"curies":[{"name":"wp","href":"https:\/\/api.w.org\/{rel}","templated":true}]}}