{"id":36253,"date":"2022-09-13T16:43:43","date_gmt":"2022-09-13T14:43:43","guid":{"rendered":"https:\/\/www.psib-psoe.org\/eivissa\/?p=36253"},"modified":"2022-09-13T16:44:10","modified_gmt":"2022-09-13T14:44:10","slug":"psoe-reinicia-denuncia-los-problemas-de-suciedad-y-acumulacion-de-basuras-que-sufre-sant-rafel-y-exige-a-marcos-serra-que-tome-medidas","status":"publish","type":"post","link":"https:\/\/www.psib-psoe.org\/eivissa\/psoe-reinicia-denuncia-los-problemas-de-suciedad-y-acumulacion-de-basuras-que-sufre-sant-rafel-y-exige-a-marcos-serra-que-tome-medidas\/","title":{"rendered":"PSOE-Reinicia denuncia los problemas de suciedad y acumulaci\u00f3n de basuras que sufre Sant Rafel y exige a Marcos Serra que tome medidas"},"content":{"rendered":"<p><span style=\"font-size: large;\">El grupo municipal PSOE-Reinicia denuncia la mala gesti\u00f3n que se est\u00e1 realizando de la recogida de basuras en San Rafael, por parte de la responsable del departamento, la regidora Neus Mateu. Los progresistas llevan tiempo insistiendo en este asunto, y la situaci\u00f3n se ha ido agravando hasta llegar a tener que soportar los vecinos y vecinas situaciones desagradables.<\/span><\/p>\n<p><span style=\"font-size: large;\">La regidora de PSOE-Reinicia Neus Mar\u00ed afirma que &#8220;no podemos culpar, \u00fanicamente, a los ciudadanos que no cumplen las normas&#8221;, ya que &#8220;la acumulaci\u00f3n de basura se debe a una falta de servicio, y no es un hecho puntual, son d\u00edas, y eso es dejadez de quien tiene las competencias&#8221;. Mar\u00ed asegura que &#8220;los vecinos de Sant Rafel, como ocurre tambi\u00e9n en muchos otros lugares del resto del municipio de Sant Antoni, ven c\u00f3mo la suciedad desborda sus calles, tanto en los n\u00facleos urbanos como en los n\u00facleos rurales y sus periferias&#8221;.<\/span><\/p>\n<p><span style=\"font-size: large;\">PSOE-Reinicia lamenta que todo lo relacionado con la limpieza de la v\u00eda p\u00fablica y la recogida de basura haya ido empeorando durante esta legislatura con Marcos Serra: &#8220;Las calles est\u00e1n sucias, los jardines dan pena y existen muchos puntos de recogida de basura donde no se recoge a diario&#8221;. &#8220;Recogemos las denuncias de los vecinos y vecinas de Sant Rafel, que nos hacen llegar im\u00e1genes a diario. Volveremos a exigir a Marcos Serra que ponga orden en este departamento y, si no son capaces de ponerle soluci\u00f3n, que retire las competencias a Neus Mateu y las asigne a otro regidor que s\u00ed tenga inter\u00e9s y capacidad de gesti\u00f3n&#8221;, insiste Neus Mar\u00ed.<\/span><\/p>\n<p><span style=\"font-size: large;\">Adem\u00e1s, el grupo progresista lamenta el abandono de los laterales de calles y v\u00edas, que pr\u00e1cticamente son jardines, incluso en algunos puntos es dif\u00edcil poder andar lo que imposibilita la movilidad. &#8220;Los vecinos est\u00e1n cansados de exigir que sus aceras est\u00e9n en condiciones para poder caminar por ellas sin miedo a sufrir ca\u00eddas&#8221;.<\/span><\/p>\n<p><span style=\"font-size: large;\">Por todo ello, en el pleno ordinario del mes de septiembre, el grupo PSOE-Reinicia\u00a0<\/span>presentar\u00e1<span style=\"font-size: large;\">\u00a0varias propuestas de control en esta materia. &#8220;Exigiremos limpieza y gesti\u00f3n eficiente de la recogida de basuras, as\u00ed como el desbroce adecuado de aceras y caminos&#8221;, concluye la regidora Neus Mar\u00ed.<\/span><\/p>\n","protected":false},"excerpt":{"rendered":"<p>El grupo municipal PSOE-Reinicia denuncia la mala gesti\u00f3n que se est\u00e1 realizando de la recogida de basuras en San Rafael, por parte de la responsable del departamento, la regidora Neus Mateu. Los progresistas llevan tiempo insistiendo en este asunto, y la situaci\u00f3n se ha ido agravando hasta llegar a tener que soportar los vecinos y&hellip;<\/p>\n","protected":false},"author":12,"featured_media":36251,"comment_status":"closed","ping_status":"closed","sticky":false,"template":"","format":"standard","meta":{"footnotes":""},"categories":[212],"tags":[],"class_list":["post-36253","post","type-post","status-publish","format-standard","has-post-thumbnail","hentry","category-fse-psoe"],"yoast_head":"<!-- This site is optimized with the Yoast SEO plugin v26.9 - https:\/\/yoast.com\/product\/yoast-seo-wordpress\/ -->\n<title>PSOE-Reinicia denuncia los problemas de suciedad y acumulaci\u00f3n de basuras que sufre Sant Rafel y exige a Marcos Serra que tome medidas - Federaci\u00f3 Socialista d&#039;Eivissa<\/title>\n<meta name=\"robots\" content=\"index, follow, max-snippet:-1, max-image-preview:large, max-video-preview:-1\" \/>\n<link rel=\"canonical\" href=\"https:\/\/www.psib-psoe.org\/eivissa\/psoe-reinicia-denuncia-los-problemas-de-suciedad-y-acumulacion-de-basuras-que-sufre-sant-rafel-y-exige-a-marcos-serra-que-tome-medidas\/\" \/>\n<meta property=\"og:locale\" content=\"ca_ES\" \/>\n<meta property=\"og:type\" content=\"article\" \/>\n<meta property=\"og:title\" content=\"PSOE-Reinicia denuncia los problemas de suciedad y acumulaci\u00f3n de basuras que sufre Sant Rafel y exige a Marcos Serra que tome medidas - Federaci\u00f3 Socialista d&#039;Eivissa\" \/>\n<meta property=\"og:description\" content=\"El grupo municipal PSOE-Reinicia denuncia la mala gesti\u00f3n que se est\u00e1 realizando de la recogida de basuras en San Rafael, por parte de la responsable del departamento, la regidora Neus Mateu. Los progresistas llevan tiempo insistiendo en este asunto, y la situaci\u00f3n se ha ido agravando hasta llegar a tener que soportar los vecinos y&hellip;\" \/>\n<meta property=\"og:url\" content=\"https:\/\/www.psib-psoe.org\/eivissa\/psoe-reinicia-denuncia-los-problemas-de-suciedad-y-acumulacion-de-basuras-que-sufre-sant-rafel-y-exige-a-marcos-serra-que-tome-medidas\/\" \/>\n<meta property=\"og:site_name\" content=\"Federaci\u00f3 Socialista d&#039;Eivissa\" \/>\n<meta property=\"article:published_time\" content=\"2022-09-13T14:43:43+00:00\" \/>\n<meta property=\"article:modified_time\" content=\"2022-09-13T14:44:10+00:00\" \/>\n<meta property=\"og:image\" content=\"https:\/\/www.psib-psoe.org\/eivissa\/wp-content\/uploads\/2sant-rafel.jpeg\" \/>\n\t<meta property=\"og:image:width\" content=\"2016\" \/>\n\t<meta property=\"og:image:height\" content=\"1512\" \/>\n\t<meta property=\"og:image:type\" content=\"image\/jpeg\" \/>\n<meta name=\"author\" content=\"Azahara\" \/>\n<meta name=\"twitter:card\" content=\"summary_large_image\" \/>\n<meta name=\"twitter:label1\" content=\"Escrit per\" \/>\n\t<meta name=\"twitter:data1\" content=\"Azahara\" \/>\n\t<meta name=\"twitter:label2\" content=\"Temps estimat de lectura\" \/>\n\t<meta name=\"twitter:data2\" content=\"2 minuts\" \/>\n<script type=\"application\/ld+json\" class=\"yoast-schema-graph\">{\"@context\":\"https:\/\/schema.org\",\"@graph\":[{\"@type\":[\"Article\",\"BlogPosting\"],\"@id\":\"https:\/\/www.psib-psoe.org\/eivissa\/psoe-reinicia-denuncia-los-problemas-de-suciedad-y-acumulacion-de-basuras-que-sufre-sant-rafel-y-exige-a-marcos-serra-que-tome-medidas\/#article\",\"isPartOf\":{\"@id\":\"https:\/\/www.psib-psoe.org\/eivissa\/psoe-reinicia-denuncia-los-problemas-de-suciedad-y-acumulacion-de-basuras-que-sufre-sant-rafel-y-exige-a-marcos-serra-que-tome-medidas\/\"},\"author\":{\"name\":\"Azahara\",\"@id\":\"https:\/\/www.psib-psoe.org\/eivissa\/#\/schema\/person\/68066b276b53995e2bd8dac00f0bc415\"},\"headline\":\"PSOE-Reinicia denuncia los problemas de suciedad y acumulaci\u00f3n de basuras que sufre Sant Rafel y exige a Marcos Serra que tome medidas\",\"datePublished\":\"2022-09-13T14:43:43+00:00\",\"dateModified\":\"2022-09-13T14:44:10+00:00\",\"mainEntityOfPage\":{\"@id\":\"https:\/\/www.psib-psoe.org\/eivissa\/psoe-reinicia-denuncia-los-problemas-de-suciedad-y-acumulacion-de-basuras-que-sufre-sant-rafel-y-exige-a-marcos-serra-que-tome-medidas\/\"},\"wordCount\":406,\"publisher\":{\"@id\":\"https:\/\/www.psib-psoe.org\/eivissa\/#organization\"},\"image\":{\"@id\":\"https:\/\/www.psib-psoe.org\/eivissa\/psoe-reinicia-denuncia-los-problemas-de-suciedad-y-acumulacion-de-basuras-que-sufre-sant-rafel-y-exige-a-marcos-serra-que-tome-medidas\/#primaryimage\"},\"thumbnailUrl\":\"https:\/\/www.psib-psoe.org\/eivissa\/wp-content\/uploads\/2sant-rafel.jpeg\",\"articleSection\":[\"FSE-PSOE\"],\"inLanguage\":\"ca\"},{\"@type\":\"WebPage\",\"@id\":\"https:\/\/www.psib-psoe.org\/eivissa\/psoe-reinicia-denuncia-los-problemas-de-suciedad-y-acumulacion-de-basuras-que-sufre-sant-rafel-y-exige-a-marcos-serra-que-tome-medidas\/\",\"url\":\"https:\/\/www.psib-psoe.org\/eivissa\/psoe-reinicia-denuncia-los-problemas-de-suciedad-y-acumulacion-de-basuras-que-sufre-sant-rafel-y-exige-a-marcos-serra-que-tome-medidas\/\",\"name\":\"PSOE-Reinicia denuncia los problemas de suciedad y acumulaci\u00f3n de basuras que sufre Sant Rafel y exige a Marcos Serra que tome medidas - Federaci\u00f3 Socialista d&#039;Eivissa\",\"isPartOf\":{\"@id\":\"https:\/\/www.psib-psoe.org\/eivissa\/#website\"},\"primaryImageOfPage\":{\"@id\":\"https:\/\/www.psib-psoe.org\/eivissa\/psoe-reinicia-denuncia-los-problemas-de-suciedad-y-acumulacion-de-basuras-que-sufre-sant-rafel-y-exige-a-marcos-serra-que-tome-medidas\/#primaryimage\"},\"image\":{\"@id\":\"https:\/\/www.psib-psoe.org\/eivissa\/psoe-reinicia-denuncia-los-problemas-de-suciedad-y-acumulacion-de-basuras-que-sufre-sant-rafel-y-exige-a-marcos-serra-que-tome-medidas\/#primaryimage\"},\"thumbnailUrl\":\"https:\/\/www.psib-psoe.org\/eivissa\/wp-content\/uploads\/2sant-rafel.jpeg\",\"datePublished\":\"2022-09-13T14:43:43+00:00\",\"dateModified\":\"2022-09-13T14:44:10+00:00\",\"breadcrumb\":{\"@id\":\"https:\/\/www.psib-psoe.org\/eivissa\/psoe-reinicia-denuncia-los-problemas-de-suciedad-y-acumulacion-de-basuras-que-sufre-sant-rafel-y-exige-a-marcos-serra-que-tome-medidas\/#breadcrumb\"},\"inLanguage\":\"ca\",\"potentialAction\":[{\"@type\":\"ReadAction\",\"target\":[\"https:\/\/www.psib-psoe.org\/eivissa\/psoe-reinicia-denuncia-los-problemas-de-suciedad-y-acumulacion-de-basuras-que-sufre-sant-rafel-y-exige-a-marcos-serra-que-tome-medidas\/\"]}]},{\"@type\":\"ImageObject\",\"inLanguage\":\"ca\",\"@id\":\"https:\/\/www.psib-psoe.org\/eivissa\/psoe-reinicia-denuncia-los-problemas-de-suciedad-y-acumulacion-de-basuras-que-sufre-sant-rafel-y-exige-a-marcos-serra-que-tome-medidas\/#primaryimage\",\"url\":\"https:\/\/www.psib-psoe.org\/eivissa\/wp-content\/uploads\/2sant-rafel.jpeg\",\"contentUrl\":\"https:\/\/www.psib-psoe.org\/eivissa\/wp-content\/uploads\/2sant-rafel.jpeg\",\"width\":2016,\"height\":1512},{\"@type\":\"BreadcrumbList\",\"@id\":\"https:\/\/www.psib-psoe.org\/eivissa\/psoe-reinicia-denuncia-los-problemas-de-suciedad-y-acumulacion-de-basuras-que-sufre-sant-rafel-y-exige-a-marcos-serra-que-tome-medidas\/#breadcrumb\",\"itemListElement\":[{\"@type\":\"ListItem\",\"position\":1,\"name\":\"Inici\",\"item\":\"https:\/\/www.psib-psoe.org\/eivissa\/\"},{\"@type\":\"ListItem\",\"position\":2,\"name\":\"PSOE-Reinicia denuncia los problemas de suciedad y acumulaci\u00f3n de basuras que sufre Sant Rafel y exige a Marcos Serra que tome medidas\"}]},{\"@type\":\"WebSite\",\"@id\":\"https:\/\/www.psib-psoe.org\/eivissa\/#website\",\"url\":\"https:\/\/www.psib-psoe.org\/eivissa\/\",\"name\":\"Federaci\u00f3 Socialista d'Eivissa\",\"description\":\"Socialistes d&#039;Eivissa\",\"publisher\":{\"@id\":\"https:\/\/www.psib-psoe.org\/eivissa\/#organization\"},\"potentialAction\":[{\"@type\":\"SearchAction\",\"target\":{\"@type\":\"EntryPoint\",\"urlTemplate\":\"https:\/\/www.psib-psoe.org\/eivissa\/?s={search_term_string}\"},\"query-input\":{\"@type\":\"PropertyValueSpecification\",\"valueRequired\":true,\"valueName\":\"search_term_string\"}}],\"inLanguage\":\"ca\"},{\"@type\":\"Organization\",\"@id\":\"https:\/\/www.psib-psoe.org\/eivissa\/#organization\",\"name\":\"Federaci\u00f3 Socialista d'Eivissa\",\"url\":\"https:\/\/www.psib-psoe.org\/eivissa\/\",\"logo\":{\"@type\":\"ImageObject\",\"inLanguage\":\"ca\",\"@id\":\"https:\/\/www.psib-psoe.org\/eivissa\/#\/schema\/logo\/image\/\",\"url\":\"https:\/\/www.psib-psoe.org\/eivissa\/wp-content\/uploads\/LOGO-FSE-SOCIALISTA-DEIVISSA-HORI.png\",\"contentUrl\":\"https:\/\/www.psib-psoe.org\/eivissa\/wp-content\/uploads\/LOGO-FSE-SOCIALISTA-DEIVISSA-HORI.png\",\"width\":6000,\"height\":3104,\"caption\":\"Federaci\u00f3 Socialista d'Eivissa\"},\"image\":{\"@id\":\"https:\/\/www.psib-psoe.org\/eivissa\/#\/schema\/logo\/image\/\"}},{\"@type\":\"Person\",\"@id\":\"https:\/\/www.psib-psoe.org\/eivissa\/#\/schema\/person\/68066b276b53995e2bd8dac00f0bc415\",\"name\":\"Azahara\",\"url\":\"https:\/\/www.psib-psoe.org\/eivissa\/author\/azahara\/\"}]}<\/script>\n<!-- \/ Yoast SEO plugin. -->","yoast_head_json":{"title":"PSOE-Reinicia denuncia los problemas de suciedad y acumulaci\u00f3n de basuras que sufre Sant Rafel y exige a Marcos Serra que tome medidas - Federaci\u00f3 Socialista d&#039;Eivissa","robots":{"index":"index","follow":"follow","max-snippet":"max-snippet:-1","max-image-preview":"max-image-preview:large","max-video-preview":"max-video-preview:-1"},"canonical":"https:\/\/www.psib-psoe.org\/eivissa\/psoe-reinicia-denuncia-los-problemas-de-suciedad-y-acumulacion-de-basuras-que-sufre-sant-rafel-y-exige-a-marcos-serra-que-tome-medidas\/","og_locale":"ca_ES","og_type":"article","og_title":"PSOE-Reinicia denuncia los problemas de suciedad y acumulaci\u00f3n de basuras que sufre Sant Rafel y exige a Marcos Serra que tome medidas - Federaci\u00f3 Socialista d&#039;Eivissa","og_description":"El grupo municipal PSOE-Reinicia denuncia la mala gesti\u00f3n que se est\u00e1 realizando de la recogida de basuras en San Rafael, por parte de la responsable del departamento, la regidora Neus Mateu. Los progresistas llevan tiempo insistiendo en este asunto, y la situaci\u00f3n se ha ido agravando hasta llegar a tener que soportar los vecinos y&hellip;","og_url":"https:\/\/www.psib-psoe.org\/eivissa\/psoe-reinicia-denuncia-los-problemas-de-suciedad-y-acumulacion-de-basuras-que-sufre-sant-rafel-y-exige-a-marcos-serra-que-tome-medidas\/","og_site_name":"Federaci\u00f3 Socialista d&#039;Eivissa","article_published_time":"2022-09-13T14:43:43+00:00","article_modified_time":"2022-09-13T14:44:10+00:00","og_image":[{"width":2016,"height":1512,"url":"https:\/\/www.psib-psoe.org\/eivissa\/wp-content\/uploads\/2sant-rafel.jpeg","type":"image\/jpeg"}],"author":"Azahara","twitter_card":"summary_large_image","twitter_misc":{"Escrit per":"Azahara","Temps estimat de lectura":"2 minuts"},"schema":{"@context":"https:\/\/schema.org","@graph":[{"@type":["Article","BlogPosting"],"@id":"https:\/\/www.psib-psoe.org\/eivissa\/psoe-reinicia-denuncia-los-problemas-de-suciedad-y-acumulacion-de-basuras-que-sufre-sant-rafel-y-exige-a-marcos-serra-que-tome-medidas\/#article","isPartOf":{"@id":"https:\/\/www.psib-psoe.org\/eivissa\/psoe-reinicia-denuncia-los-problemas-de-suciedad-y-acumulacion-de-basuras-que-sufre-sant-rafel-y-exige-a-marcos-serra-que-tome-medidas\/"},"author":{"name":"Azahara","@id":"https:\/\/www.psib-psoe.org\/eivissa\/#\/schema\/person\/68066b276b53995e2bd8dac00f0bc415"},"headline":"PSOE-Reinicia denuncia los problemas de suciedad y acumulaci\u00f3n de basuras que sufre Sant Rafel y exige a Marcos Serra que tome medidas","datePublished":"2022-09-13T14:43:43+00:00","dateModified":"2022-09-13T14:44:10+00:00","mainEntityOfPage":{"@id":"https:\/\/www.psib-psoe.org\/eivissa\/psoe-reinicia-denuncia-los-problemas-de-suciedad-y-acumulacion-de-basuras-que-sufre-sant-rafel-y-exige-a-marcos-serra-que-tome-medidas\/"},"wordCount":406,"publisher":{"@id":"https:\/\/www.psib-psoe.org\/eivissa\/#organization"},"image":{"@id":"https:\/\/www.psib-psoe.org\/eivissa\/psoe-reinicia-denuncia-los-problemas-de-suciedad-y-acumulacion-de-basuras-que-sufre-sant-rafel-y-exige-a-marcos-serra-que-tome-medidas\/#primaryimage"},"thumbnailUrl":"https:\/\/www.psib-psoe.org\/eivissa\/wp-content\/uploads\/2sant-rafel.jpeg","articleSection":["FSE-PSOE"],"inLanguage":"ca"},{"@type":"WebPage","@id":"https:\/\/www.psib-psoe.org\/eivissa\/psoe-reinicia-denuncia-los-problemas-de-suciedad-y-acumulacion-de-basuras-que-sufre-sant-rafel-y-exige-a-marcos-serra-que-tome-medidas\/","url":"https:\/\/www.psib-psoe.org\/eivissa\/psoe-reinicia-denuncia-los-problemas-de-suciedad-y-acumulacion-de-basuras-que-sufre-sant-rafel-y-exige-a-marcos-serra-que-tome-medidas\/","name":"PSOE-Reinicia denuncia los problemas de suciedad y acumulaci\u00f3n de basuras que sufre Sant Rafel y exige a Marcos Serra que tome medidas - Federaci\u00f3 Socialista d&#039;Eivissa","isPartOf":{"@id":"https:\/\/www.psib-psoe.org\/eivissa\/#website"},"primaryImageOfPage":{"@id":"https:\/\/www.psib-psoe.org\/eivissa\/psoe-reinicia-denuncia-los-problemas-de-suciedad-y-acumulacion-de-basuras-que-sufre-sant-rafel-y-exige-a-marcos-serra-que-tome-medidas\/#primaryimage"},"image":{"@id":"https:\/\/www.psib-psoe.org\/eivissa\/psoe-reinicia-denuncia-los-problemas-de-suciedad-y-acumulacion-de-basuras-que-sufre-sant-rafel-y-exige-a-marcos-serra-que-tome-medidas\/#primaryimage"},"thumbnailUrl":"https:\/\/www.psib-psoe.org\/eivissa\/wp-content\/uploads\/2sant-rafel.jpeg","datePublished":"2022-09-13T14:43:43+00:00","dateModified":"2022-09-13T14:44:10+00:00","breadcrumb":{"@id":"https:\/\/www.psib-psoe.org\/eivissa\/psoe-reinicia-denuncia-los-problemas-de-suciedad-y-acumulacion-de-basuras-que-sufre-sant-rafel-y-exige-a-marcos-serra-que-tome-medidas\/#breadcrumb"},"inLanguage":"ca","potentialAction":[{"@type":"ReadAction","target":["https:\/\/www.psib-psoe.org\/eivissa\/psoe-reinicia-denuncia-los-problemas-de-suciedad-y-acumulacion-de-basuras-que-sufre-sant-rafel-y-exige-a-marcos-serra-que-tome-medidas\/"]}]},{"@type":"ImageObject","inLanguage":"ca","@id":"https:\/\/www.psib-psoe.org\/eivissa\/psoe-reinicia-denuncia-los-problemas-de-suciedad-y-acumulacion-de-basuras-que-sufre-sant-rafel-y-exige-a-marcos-serra-que-tome-medidas\/#primaryimage","url":"https:\/\/www.psib-psoe.org\/eivissa\/wp-content\/uploads\/2sant-rafel.jpeg","contentUrl":"https:\/\/www.psib-psoe.org\/eivissa\/wp-content\/uploads\/2sant-rafel.jpeg","width":2016,"height":1512},{"@type":"BreadcrumbList","@id":"https:\/\/www.psib-psoe.org\/eivissa\/psoe-reinicia-denuncia-los-problemas-de-suciedad-y-acumulacion-de-basuras-que-sufre-sant-rafel-y-exige-a-marcos-serra-que-tome-medidas\/#breadcrumb","itemListElement":[{"@type":"ListItem","position":1,"name":"Inici","item":"https:\/\/www.psib-psoe.org\/eivissa\/"},{"@type":"ListItem","position":2,"name":"PSOE-Reinicia denuncia los problemas de suciedad y acumulaci\u00f3n de basuras que sufre Sant Rafel y exige a Marcos Serra que tome medidas"}]},{"@type":"WebSite","@id":"https:\/\/www.psib-psoe.org\/eivissa\/#website","url":"https:\/\/www.psib-psoe.org\/eivissa\/","name":"Federaci\u00f3 Socialista d'Eivissa","description":"Socialistes d&#039;Eivissa","publisher":{"@id":"https:\/\/www.psib-psoe.org\/eivissa\/#organization"},"potentialAction":[{"@type":"SearchAction","target":{"@type":"EntryPoint","urlTemplate":"https:\/\/www.psib-psoe.org\/eivissa\/?s={search_term_string}"},"query-input":{"@type":"PropertyValueSpecification","valueRequired":true,"valueName":"search_term_string"}}],"inLanguage":"ca"},{"@type":"Organization","@id":"https:\/\/www.psib-psoe.org\/eivissa\/#organization","name":"Federaci\u00f3 Socialista d'Eivissa","url":"https:\/\/www.psib-psoe.org\/eivissa\/","logo":{"@type":"ImageObject","inLanguage":"ca","@id":"https:\/\/www.psib-psoe.org\/eivissa\/#\/schema\/logo\/image\/","url":"https:\/\/www.psib-psoe.org\/eivissa\/wp-content\/uploads\/LOGO-FSE-SOCIALISTA-DEIVISSA-HORI.png","contentUrl":"https:\/\/www.psib-psoe.org\/eivissa\/wp-content\/uploads\/LOGO-FSE-SOCIALISTA-DEIVISSA-HORI.png","width":6000,"height":3104,"caption":"Federaci\u00f3 Socialista d'Eivissa"},"image":{"@id":"https:\/\/www.psib-psoe.org\/eivissa\/#\/schema\/logo\/image\/"}},{"@type":"Person","@id":"https:\/\/www.psib-psoe.org\/eivissa\/#\/schema\/person\/68066b276b53995e2bd8dac00f0bc415","name":"Azahara","url":"https:\/\/www.psib-psoe.org\/eivissa\/author\/azahara\/"}]}},"_links":{"self":[{"href":"https:\/\/www.psib-psoe.org\/eivissa\/wp-json\/wp\/v2\/posts\/36253","targetHints":{"allow":["GET"]}}],"collection":[{"href":"https:\/\/www.psib-psoe.org\/eivissa\/wp-json\/wp\/v2\/posts"}],"about":[{"href":"https:\/\/www.psib-psoe.org\/eivissa\/wp-json\/wp\/v2\/types\/post"}],"author":[{"embeddable":true,"href":"https:\/\/www.psib-psoe.org\/eivissa\/wp-json\/wp\/v2\/users\/12"}],"replies":[{"embeddable":true,"href":"https:\/\/www.psib-psoe.org\/eivissa\/wp-json\/wp\/v2\/comments?post=36253"}],"version-history":[{"count":1,"href":"https:\/\/www.psib-psoe.org\/eivissa\/wp-json\/wp\/v2\/posts\/36253\/revisions"}],"predecessor-version":[{"id":36254,"href":"https:\/\/www.psib-psoe.org\/eivissa\/wp-json\/wp\/v2\/posts\/36253\/revisions\/36254"}],"wp:featuredmedia":[{"embeddable":true,"href":"https:\/\/www.psib-psoe.org\/eivissa\/wp-json\/wp\/v2\/media\/36251"}],"wp:attachment":[{"href":"https:\/\/www.psib-psoe.org\/eivissa\/wp-json\/wp\/v2\/media?parent=36253"}],"wp:term":[{"taxonomy":"category","embeddable":true,"href":"https:\/\/www.psib-psoe.org\/eivissa\/wp-json\/wp\/v2\/categories?post=36253"},{"taxonomy":"post_tag","embeddable":true,"href":"https:\/\/www.psib-psoe.org\/eivissa\/wp-json\/wp\/v2\/tags?post=36253"}],"curies":[{"name":"wp","href":"https:\/\/api.w.org\/{rel}","templated":true}]}}