{"id":36326,"date":"2022-09-27T11:26:27","date_gmt":"2022-09-27T09:26:27","guid":{"rendered":"https:\/\/www.psib-psoe.org\/eivissa\/?p=36326"},"modified":"2022-09-27T11:26:27","modified_gmt":"2022-09-27T09:26:27","slug":"el-psoe-de-sant-joan-considera-vergonyosa-lacumulacio-de-fems-i-deixalles-en-diferents-punts-del-municipi","status":"publish","type":"post","link":"https:\/\/www.psib-psoe.org\/eivissa\/el-psoe-de-sant-joan-considera-vergonyosa-lacumulacio-de-fems-i-deixalles-en-diferents-punts-del-municipi\/","title":{"rendered":"El PSOE de Sant Joan considera vergonyosa l&#8217;acumulaci\u00f3 de fems i deixalles en diferents punts del municipi"},"content":{"rendered":"<p>El PSOE de Sant Joan de Labritja considera vergonyosa l&#8217;acumulaci\u00f3 de fems i deixalles que pateix el municipi per la nefasta gesti\u00f3 de l&#8217;ajuntament. Una situaci\u00f3 que es d\u00f3na especialment durant els caps de setmana i sense que l&#8217;equip de govern del PP sigui capa\u00e7 de donar resposta. Aix\u00ed ho ha denunciat el portaveu del PSOE a l&#8217;ajuntament, Pep Torres &#8216;Peret&#8217;, qui lamenta la &#8220;deixadesa&#8221; de l&#8217;alcalde, Toni &#8216;Carraca&#8217;: &#8220;Tenim un ajuntament que no d\u00f3na el servei que necessita la ciutadania, que deixa que s&#8217;acumulin els fems, donant una imatge lamentable als nostres visitants&#8221;.<\/p>\n<p>Com es pot observar en la fotografia adjunta, en els punt de recollida de fems de Sant Joan s&#8217;acumulen tota classe de residus. &#8216;Peret&#8217; exigeix &#8220;explicacions&#8221; al Partit Popular: &#8220;Com que l&#8217;alcalde est\u00e0 de retirada, pareix que no vulgui ocupar-se dels problemes. Necessitam un ajuntament que funcioni i que faci la seua feina&#8221;, ha insistit el portaveu socialista.<\/p>\n<p>El PSOE exigeix a l&#8217;ajuntament que &#8220;persegueixi els infractors que abandonen els no autoritzats i que ho faci net de manera regular, ja que la mateixa acumulaci\u00f3 atreu les persones inc\u00edviques que es volen desfer de les seues deixalles&#8221;.<\/p>\n","protected":false},"excerpt":{"rendered":"<p>El PSOE de Sant Joan de Labritja considera vergonyosa l&#8217;acumulaci\u00f3 de fems i deixalles que pateix el municipi per la nefasta gesti\u00f3 de l&#8217;ajuntament. Una situaci\u00f3 que es d\u00f3na especialment durant els caps de setmana i sense que l&#8217;equip de govern del PP sigui capa\u00e7 de donar resposta. Aix\u00ed ho ha denunciat el portaveu del&hellip;<\/p>\n","protected":false},"author":7,"featured_media":36327,"comment_status":"closed","ping_status":"closed","sticky":false,"template":"","format":"standard","meta":{"footnotes":""},"categories":[1,234,189],"tags":[],"class_list":["post-36326","post","type-post","status-publish","format-standard","has-post-thumbnail","hentry","category-federacio-de-eivissa-portada","category-municipis","category-sant-joan-de-labritja"],"yoast_head":"<!-- This site is optimized with the Yoast SEO plugin v26.9 - https:\/\/yoast.com\/product\/yoast-seo-wordpress\/ -->\n<title>El PSOE de Sant Joan considera vergonyosa l&#039;acumulaci\u00f3 de fems i deixalles en diferents punts del municipi - Federaci\u00f3 Socialista d&#039;Eivissa<\/title>\n<meta name=\"robots\" content=\"index, follow, max-snippet:-1, max-image-preview:large, max-video-preview:-1\" \/>\n<link rel=\"canonical\" href=\"https:\/\/www.psib-psoe.org\/eivissa\/el-psoe-de-sant-joan-considera-vergonyosa-lacumulacio-de-fems-i-deixalles-en-diferents-punts-del-municipi\/\" \/>\n<meta property=\"og:locale\" content=\"ca_ES\" \/>\n<meta property=\"og:type\" content=\"article\" \/>\n<meta property=\"og:title\" content=\"El PSOE de Sant Joan considera vergonyosa l&#039;acumulaci\u00f3 de fems i deixalles en diferents punts del municipi - Federaci\u00f3 Socialista d&#039;Eivissa\" \/>\n<meta property=\"og:description\" content=\"El PSOE de Sant Joan de Labritja considera vergonyosa l&#8217;acumulaci\u00f3 de fems i deixalles que pateix el municipi per la nefasta gesti\u00f3 de l&#8217;ajuntament. Una situaci\u00f3 que es d\u00f3na especialment durant els caps de setmana i sense que l&#8217;equip de govern del PP sigui capa\u00e7 de donar resposta. Aix\u00ed ho ha denunciat el portaveu del&hellip;\" \/>\n<meta property=\"og:url\" content=\"https:\/\/www.psib-psoe.org\/eivissa\/el-psoe-de-sant-joan-considera-vergonyosa-lacumulacio-de-fems-i-deixalles-en-diferents-punts-del-municipi\/\" \/>\n<meta property=\"og:site_name\" content=\"Federaci\u00f3 Socialista d&#039;Eivissa\" \/>\n<meta property=\"article:published_time\" content=\"2022-09-27T09:26:27+00:00\" \/>\n<meta property=\"og:image\" content=\"https:\/\/www.psib-psoe.org\/eivissa\/wp-content\/uploads\/D8110A16-94D8-485E-AB3C-56DEEEF66167.jpeg\" \/>\n\t<meta property=\"og:image:width\" content=\"1200\" \/>\n\t<meta property=\"og:image:height\" content=\"900\" \/>\n\t<meta property=\"og:image:type\" content=\"image\/jpeg\" \/>\n<meta name=\"author\" content=\"Josep Ripoll\" \/>\n<meta name=\"twitter:card\" content=\"summary_large_image\" \/>\n<meta name=\"twitter:label1\" content=\"Escrit per\" \/>\n\t<meta name=\"twitter:data1\" content=\"Josep Ripoll\" \/>\n\t<meta name=\"twitter:label2\" content=\"Temps estimat de lectura\" \/>\n\t<meta name=\"twitter:data2\" content=\"1 minut\" \/>\n<script type=\"application\/ld+json\" class=\"yoast-schema-graph\">{\"@context\":\"https:\/\/schema.org\",\"@graph\":[{\"@type\":[\"Article\",\"BlogPosting\"],\"@id\":\"https:\/\/www.psib-psoe.org\/eivissa\/el-psoe-de-sant-joan-considera-vergonyosa-lacumulacio-de-fems-i-deixalles-en-diferents-punts-del-municipi\/#article\",\"isPartOf\":{\"@id\":\"https:\/\/www.psib-psoe.org\/eivissa\/el-psoe-de-sant-joan-considera-vergonyosa-lacumulacio-de-fems-i-deixalles-en-diferents-punts-del-municipi\/\"},\"author\":{\"name\":\"Josep Ripoll\",\"@id\":\"https:\/\/www.psib-psoe.org\/eivissa\/#\/schema\/person\/7a9d2841fb36f32e34fc0e9b245e8117\"},\"headline\":\"El PSOE de Sant Joan considera vergonyosa l&#8217;acumulaci\u00f3 de fems i deixalles en diferents punts del municipi\",\"datePublished\":\"2022-09-27T09:26:27+00:00\",\"mainEntityOfPage\":{\"@id\":\"https:\/\/www.psib-psoe.org\/eivissa\/el-psoe-de-sant-joan-considera-vergonyosa-lacumulacio-de-fems-i-deixalles-en-diferents-punts-del-municipi\/\"},\"wordCount\":211,\"publisher\":{\"@id\":\"https:\/\/www.psib-psoe.org\/eivissa\/#organization\"},\"image\":{\"@id\":\"https:\/\/www.psib-psoe.org\/eivissa\/el-psoe-de-sant-joan-considera-vergonyosa-lacumulacio-de-fems-i-deixalles-en-diferents-punts-del-municipi\/#primaryimage\"},\"thumbnailUrl\":\"https:\/\/www.psib-psoe.org\/eivissa\/wp-content\/uploads\/D8110A16-94D8-485E-AB3C-56DEEEF66167.jpeg\",\"articleSection\":[\"Federaci\u00f3 d'Eivissa - Portada\",\"Municipis\",\"Sant Joan de Labritja\"],\"inLanguage\":\"ca\"},{\"@type\":\"WebPage\",\"@id\":\"https:\/\/www.psib-psoe.org\/eivissa\/el-psoe-de-sant-joan-considera-vergonyosa-lacumulacio-de-fems-i-deixalles-en-diferents-punts-del-municipi\/\",\"url\":\"https:\/\/www.psib-psoe.org\/eivissa\/el-psoe-de-sant-joan-considera-vergonyosa-lacumulacio-de-fems-i-deixalles-en-diferents-punts-del-municipi\/\",\"name\":\"El PSOE de Sant Joan considera vergonyosa l'acumulaci\u00f3 de fems i deixalles en diferents punts del municipi - Federaci\u00f3 Socialista d&#039;Eivissa\",\"isPartOf\":{\"@id\":\"https:\/\/www.psib-psoe.org\/eivissa\/#website\"},\"primaryImageOfPage\":{\"@id\":\"https:\/\/www.psib-psoe.org\/eivissa\/el-psoe-de-sant-joan-considera-vergonyosa-lacumulacio-de-fems-i-deixalles-en-diferents-punts-del-municipi\/#primaryimage\"},\"image\":{\"@id\":\"https:\/\/www.psib-psoe.org\/eivissa\/el-psoe-de-sant-joan-considera-vergonyosa-lacumulacio-de-fems-i-deixalles-en-diferents-punts-del-municipi\/#primaryimage\"},\"thumbnailUrl\":\"https:\/\/www.psib-psoe.org\/eivissa\/wp-content\/uploads\/D8110A16-94D8-485E-AB3C-56DEEEF66167.jpeg\",\"datePublished\":\"2022-09-27T09:26:27+00:00\",\"breadcrumb\":{\"@id\":\"https:\/\/www.psib-psoe.org\/eivissa\/el-psoe-de-sant-joan-considera-vergonyosa-lacumulacio-de-fems-i-deixalles-en-diferents-punts-del-municipi\/#breadcrumb\"},\"inLanguage\":\"ca\",\"potentialAction\":[{\"@type\":\"ReadAction\",\"target\":[\"https:\/\/www.psib-psoe.org\/eivissa\/el-psoe-de-sant-joan-considera-vergonyosa-lacumulacio-de-fems-i-deixalles-en-diferents-punts-del-municipi\/\"]}]},{\"@type\":\"ImageObject\",\"inLanguage\":\"ca\",\"@id\":\"https:\/\/www.psib-psoe.org\/eivissa\/el-psoe-de-sant-joan-considera-vergonyosa-lacumulacio-de-fems-i-deixalles-en-diferents-punts-del-municipi\/#primaryimage\",\"url\":\"https:\/\/www.psib-psoe.org\/eivissa\/wp-content\/uploads\/D8110A16-94D8-485E-AB3C-56DEEEF66167.jpeg\",\"contentUrl\":\"https:\/\/www.psib-psoe.org\/eivissa\/wp-content\/uploads\/D8110A16-94D8-485E-AB3C-56DEEEF66167.jpeg\",\"width\":1200,\"height\":900},{\"@type\":\"BreadcrumbList\",\"@id\":\"https:\/\/www.psib-psoe.org\/eivissa\/el-psoe-de-sant-joan-considera-vergonyosa-lacumulacio-de-fems-i-deixalles-en-diferents-punts-del-municipi\/#breadcrumb\",\"itemListElement\":[{\"@type\":\"ListItem\",\"position\":1,\"name\":\"Inici\",\"item\":\"https:\/\/www.psib-psoe.org\/eivissa\/\"},{\"@type\":\"ListItem\",\"position\":2,\"name\":\"El PSOE de Sant Joan considera vergonyosa l&#8217;acumulaci\u00f3 de fems i deixalles en diferents punts del municipi\"}]},{\"@type\":\"WebSite\",\"@id\":\"https:\/\/www.psib-psoe.org\/eivissa\/#website\",\"url\":\"https:\/\/www.psib-psoe.org\/eivissa\/\",\"name\":\"Federaci\u00f3 Socialista d'Eivissa\",\"description\":\"Socialistes d&#039;Eivissa\",\"publisher\":{\"@id\":\"https:\/\/www.psib-psoe.org\/eivissa\/#organization\"},\"potentialAction\":[{\"@type\":\"SearchAction\",\"target\":{\"@type\":\"EntryPoint\",\"urlTemplate\":\"https:\/\/www.psib-psoe.org\/eivissa\/?s={search_term_string}\"},\"query-input\":{\"@type\":\"PropertyValueSpecification\",\"valueRequired\":true,\"valueName\":\"search_term_string\"}}],\"inLanguage\":\"ca\"},{\"@type\":\"Organization\",\"@id\":\"https:\/\/www.psib-psoe.org\/eivissa\/#organization\",\"name\":\"Federaci\u00f3 Socialista d'Eivissa\",\"url\":\"https:\/\/www.psib-psoe.org\/eivissa\/\",\"logo\":{\"@type\":\"ImageObject\",\"inLanguage\":\"ca\",\"@id\":\"https:\/\/www.psib-psoe.org\/eivissa\/#\/schema\/logo\/image\/\",\"url\":\"https:\/\/www.psib-psoe.org\/eivissa\/wp-content\/uploads\/LOGO-FSE-SOCIALISTA-DEIVISSA-HORI.png\",\"contentUrl\":\"https:\/\/www.psib-psoe.org\/eivissa\/wp-content\/uploads\/LOGO-FSE-SOCIALISTA-DEIVISSA-HORI.png\",\"width\":6000,\"height\":3104,\"caption\":\"Federaci\u00f3 Socialista d'Eivissa\"},\"image\":{\"@id\":\"https:\/\/www.psib-psoe.org\/eivissa\/#\/schema\/logo\/image\/\"}},{\"@type\":\"Person\",\"@id\":\"https:\/\/www.psib-psoe.org\/eivissa\/#\/schema\/person\/7a9d2841fb36f32e34fc0e9b245e8117\",\"name\":\"Josep Ripoll\",\"sameAs\":[\"http:\/\/www.psib-psoe.org\/eivissa\/wp-login.php\"],\"url\":\"https:\/\/www.psib-psoe.org\/eivissa\/author\/josep\/\"}]}<\/script>\n<!-- \/ Yoast SEO plugin. -->","yoast_head_json":{"title":"El PSOE de Sant Joan considera vergonyosa l'acumulaci\u00f3 de fems i deixalles en diferents punts del municipi - Federaci\u00f3 Socialista d&#039;Eivissa","robots":{"index":"index","follow":"follow","max-snippet":"max-snippet:-1","max-image-preview":"max-image-preview:large","max-video-preview":"max-video-preview:-1"},"canonical":"https:\/\/www.psib-psoe.org\/eivissa\/el-psoe-de-sant-joan-considera-vergonyosa-lacumulacio-de-fems-i-deixalles-en-diferents-punts-del-municipi\/","og_locale":"ca_ES","og_type":"article","og_title":"El PSOE de Sant Joan considera vergonyosa l'acumulaci\u00f3 de fems i deixalles en diferents punts del municipi - Federaci\u00f3 Socialista d&#039;Eivissa","og_description":"El PSOE de Sant Joan de Labritja considera vergonyosa l&#8217;acumulaci\u00f3 de fems i deixalles que pateix el municipi per la nefasta gesti\u00f3 de l&#8217;ajuntament. Una situaci\u00f3 que es d\u00f3na especialment durant els caps de setmana i sense que l&#8217;equip de govern del PP sigui capa\u00e7 de donar resposta. Aix\u00ed ho ha denunciat el portaveu del&hellip;","og_url":"https:\/\/www.psib-psoe.org\/eivissa\/el-psoe-de-sant-joan-considera-vergonyosa-lacumulacio-de-fems-i-deixalles-en-diferents-punts-del-municipi\/","og_site_name":"Federaci\u00f3 Socialista d&#039;Eivissa","article_published_time":"2022-09-27T09:26:27+00:00","og_image":[{"width":1200,"height":900,"url":"https:\/\/www.psib-psoe.org\/eivissa\/wp-content\/uploads\/D8110A16-94D8-485E-AB3C-56DEEEF66167.jpeg","type":"image\/jpeg"}],"author":"Josep Ripoll","twitter_card":"summary_large_image","twitter_misc":{"Escrit per":"Josep Ripoll","Temps estimat de lectura":"1 minut"},"schema":{"@context":"https:\/\/schema.org","@graph":[{"@type":["Article","BlogPosting"],"@id":"https:\/\/www.psib-psoe.org\/eivissa\/el-psoe-de-sant-joan-considera-vergonyosa-lacumulacio-de-fems-i-deixalles-en-diferents-punts-del-municipi\/#article","isPartOf":{"@id":"https:\/\/www.psib-psoe.org\/eivissa\/el-psoe-de-sant-joan-considera-vergonyosa-lacumulacio-de-fems-i-deixalles-en-diferents-punts-del-municipi\/"},"author":{"name":"Josep Ripoll","@id":"https:\/\/www.psib-psoe.org\/eivissa\/#\/schema\/person\/7a9d2841fb36f32e34fc0e9b245e8117"},"headline":"El PSOE de Sant Joan considera vergonyosa l&#8217;acumulaci\u00f3 de fems i deixalles en diferents punts del municipi","datePublished":"2022-09-27T09:26:27+00:00","mainEntityOfPage":{"@id":"https:\/\/www.psib-psoe.org\/eivissa\/el-psoe-de-sant-joan-considera-vergonyosa-lacumulacio-de-fems-i-deixalles-en-diferents-punts-del-municipi\/"},"wordCount":211,"publisher":{"@id":"https:\/\/www.psib-psoe.org\/eivissa\/#organization"},"image":{"@id":"https:\/\/www.psib-psoe.org\/eivissa\/el-psoe-de-sant-joan-considera-vergonyosa-lacumulacio-de-fems-i-deixalles-en-diferents-punts-del-municipi\/#primaryimage"},"thumbnailUrl":"https:\/\/www.psib-psoe.org\/eivissa\/wp-content\/uploads\/D8110A16-94D8-485E-AB3C-56DEEEF66167.jpeg","articleSection":["Federaci\u00f3 d'Eivissa - Portada","Municipis","Sant Joan de Labritja"],"inLanguage":"ca"},{"@type":"WebPage","@id":"https:\/\/www.psib-psoe.org\/eivissa\/el-psoe-de-sant-joan-considera-vergonyosa-lacumulacio-de-fems-i-deixalles-en-diferents-punts-del-municipi\/","url":"https:\/\/www.psib-psoe.org\/eivissa\/el-psoe-de-sant-joan-considera-vergonyosa-lacumulacio-de-fems-i-deixalles-en-diferents-punts-del-municipi\/","name":"El PSOE de Sant Joan considera vergonyosa l'acumulaci\u00f3 de fems i deixalles en diferents punts del municipi - Federaci\u00f3 Socialista d&#039;Eivissa","isPartOf":{"@id":"https:\/\/www.psib-psoe.org\/eivissa\/#website"},"primaryImageOfPage":{"@id":"https:\/\/www.psib-psoe.org\/eivissa\/el-psoe-de-sant-joan-considera-vergonyosa-lacumulacio-de-fems-i-deixalles-en-diferents-punts-del-municipi\/#primaryimage"},"image":{"@id":"https:\/\/www.psib-psoe.org\/eivissa\/el-psoe-de-sant-joan-considera-vergonyosa-lacumulacio-de-fems-i-deixalles-en-diferents-punts-del-municipi\/#primaryimage"},"thumbnailUrl":"https:\/\/www.psib-psoe.org\/eivissa\/wp-content\/uploads\/D8110A16-94D8-485E-AB3C-56DEEEF66167.jpeg","datePublished":"2022-09-27T09:26:27+00:00","breadcrumb":{"@id":"https:\/\/www.psib-psoe.org\/eivissa\/el-psoe-de-sant-joan-considera-vergonyosa-lacumulacio-de-fems-i-deixalles-en-diferents-punts-del-municipi\/#breadcrumb"},"inLanguage":"ca","potentialAction":[{"@type":"ReadAction","target":["https:\/\/www.psib-psoe.org\/eivissa\/el-psoe-de-sant-joan-considera-vergonyosa-lacumulacio-de-fems-i-deixalles-en-diferents-punts-del-municipi\/"]}]},{"@type":"ImageObject","inLanguage":"ca","@id":"https:\/\/www.psib-psoe.org\/eivissa\/el-psoe-de-sant-joan-considera-vergonyosa-lacumulacio-de-fems-i-deixalles-en-diferents-punts-del-municipi\/#primaryimage","url":"https:\/\/www.psib-psoe.org\/eivissa\/wp-content\/uploads\/D8110A16-94D8-485E-AB3C-56DEEEF66167.jpeg","contentUrl":"https:\/\/www.psib-psoe.org\/eivissa\/wp-content\/uploads\/D8110A16-94D8-485E-AB3C-56DEEEF66167.jpeg","width":1200,"height":900},{"@type":"BreadcrumbList","@id":"https:\/\/www.psib-psoe.org\/eivissa\/el-psoe-de-sant-joan-considera-vergonyosa-lacumulacio-de-fems-i-deixalles-en-diferents-punts-del-municipi\/#breadcrumb","itemListElement":[{"@type":"ListItem","position":1,"name":"Inici","item":"https:\/\/www.psib-psoe.org\/eivissa\/"},{"@type":"ListItem","position":2,"name":"El PSOE de Sant Joan considera vergonyosa l&#8217;acumulaci\u00f3 de fems i deixalles en diferents punts del municipi"}]},{"@type":"WebSite","@id":"https:\/\/www.psib-psoe.org\/eivissa\/#website","url":"https:\/\/www.psib-psoe.org\/eivissa\/","name":"Federaci\u00f3 Socialista d'Eivissa","description":"Socialistes d&#039;Eivissa","publisher":{"@id":"https:\/\/www.psib-psoe.org\/eivissa\/#organization"},"potentialAction":[{"@type":"SearchAction","target":{"@type":"EntryPoint","urlTemplate":"https:\/\/www.psib-psoe.org\/eivissa\/?s={search_term_string}"},"query-input":{"@type":"PropertyValueSpecification","valueRequired":true,"valueName":"search_term_string"}}],"inLanguage":"ca"},{"@type":"Organization","@id":"https:\/\/www.psib-psoe.org\/eivissa\/#organization","name":"Federaci\u00f3 Socialista d'Eivissa","url":"https:\/\/www.psib-psoe.org\/eivissa\/","logo":{"@type":"ImageObject","inLanguage":"ca","@id":"https:\/\/www.psib-psoe.org\/eivissa\/#\/schema\/logo\/image\/","url":"https:\/\/www.psib-psoe.org\/eivissa\/wp-content\/uploads\/LOGO-FSE-SOCIALISTA-DEIVISSA-HORI.png","contentUrl":"https:\/\/www.psib-psoe.org\/eivissa\/wp-content\/uploads\/LOGO-FSE-SOCIALISTA-DEIVISSA-HORI.png","width":6000,"height":3104,"caption":"Federaci\u00f3 Socialista d'Eivissa"},"image":{"@id":"https:\/\/www.psib-psoe.org\/eivissa\/#\/schema\/logo\/image\/"}},{"@type":"Person","@id":"https:\/\/www.psib-psoe.org\/eivissa\/#\/schema\/person\/7a9d2841fb36f32e34fc0e9b245e8117","name":"Josep Ripoll","sameAs":["http:\/\/www.psib-psoe.org\/eivissa\/wp-login.php"],"url":"https:\/\/www.psib-psoe.org\/eivissa\/author\/josep\/"}]}},"_links":{"self":[{"href":"https:\/\/www.psib-psoe.org\/eivissa\/wp-json\/wp\/v2\/posts\/36326","targetHints":{"allow":["GET"]}}],"collection":[{"href":"https:\/\/www.psib-psoe.org\/eivissa\/wp-json\/wp\/v2\/posts"}],"about":[{"href":"https:\/\/www.psib-psoe.org\/eivissa\/wp-json\/wp\/v2\/types\/post"}],"author":[{"embeddable":true,"href":"https:\/\/www.psib-psoe.org\/eivissa\/wp-json\/wp\/v2\/users\/7"}],"replies":[{"embeddable":true,"href":"https:\/\/www.psib-psoe.org\/eivissa\/wp-json\/wp\/v2\/comments?post=36326"}],"version-history":[{"count":1,"href":"https:\/\/www.psib-psoe.org\/eivissa\/wp-json\/wp\/v2\/posts\/36326\/revisions"}],"predecessor-version":[{"id":36329,"href":"https:\/\/www.psib-psoe.org\/eivissa\/wp-json\/wp\/v2\/posts\/36326\/revisions\/36329"}],"wp:featuredmedia":[{"embeddable":true,"href":"https:\/\/www.psib-psoe.org\/eivissa\/wp-json\/wp\/v2\/media\/36327"}],"wp:attachment":[{"href":"https:\/\/www.psib-psoe.org\/eivissa\/wp-json\/wp\/v2\/media?parent=36326"}],"wp:term":[{"taxonomy":"category","embeddable":true,"href":"https:\/\/www.psib-psoe.org\/eivissa\/wp-json\/wp\/v2\/categories?post=36326"},{"taxonomy":"post_tag","embeddable":true,"href":"https:\/\/www.psib-psoe.org\/eivissa\/wp-json\/wp\/v2\/tags?post=36326"}],"curies":[{"name":"wp","href":"https:\/\/api.w.org\/{rel}","templated":true}]}}