{"id":36355,"date":"2022-10-04T13:20:54","date_gmt":"2022-10-04T11:20:54","guid":{"rendered":"https:\/\/www.psib-psoe.org\/eivissa\/?p=36355"},"modified":"2022-10-04T13:23:06","modified_gmt":"2022-10-04T11:23:06","slug":"patxi-lopez-y-francina-armengol-acompanaran-a-josep-mari-ribas-en-la-fiesta-de-presentacion-del-candidato-del-psoe-a-la-presidencia-del-consell-insular-de-eivissa-que-tendra-lugar-el-sabado-8-de-octu","status":"publish","type":"post","link":"https:\/\/www.psib-psoe.org\/eivissa\/patxi-lopez-y-francina-armengol-acompanaran-a-josep-mari-ribas-en-la-fiesta-de-presentacion-del-candidato-del-psoe-a-la-presidencia-del-consell-insular-de-eivissa-que-tendra-lugar-el-sabado-8-de-octu\/","title":{"rendered":"Patxi L\u00f3pez y Francina Armengol acompa\u00f1ar\u00e1n a Josep Mar\u00ed Ribas en la fiesta de presentaci\u00f3n del candidato del PSOE a la presidencia del Consell Insular de Eivissa, que tendr\u00e1 lugar el s\u00e1bado 8 de octubre en Sant Jordi"},"content":{"rendered":"<p>Patxi L\u00f3pez, portavoz del PSOE en el Congreso de los Diputados, y Francina Armengol, secretaria general del PSIB-PSOE y presidenta de Illes Balears, asistir\u00e1n el s\u00e1bado 8 de octubre a la fiesta de presentaci\u00f3n de Josep Mar\u00ed Ribas como candidato a la presidencia del Consell Insular d&#8217;Eivissa. El acto tendr\u00e1 lugar en las instalaciones del Ibiza Club de Campo, Sant Jordi, a partir de las 12 del mediod\u00eda, y estar\u00e1 abierto a todo el mundo que quiera asistir.<\/p>\n<p>Patxi L\u00f3pez y Francina Armengol han querido acompa\u00f1ar a &#8216;Agustinet&#8217; en su presentaci\u00f3n ante los y las militantes y simpatizantes socialistas como candidato a ganar la presidencia del Consell Insular, tras el proceso de primarias socialistas celebrado durante el mes de septiembre, en un acto que ser\u00e1 una fiesta socialista para impulsar el cambio que tanto necesita la isla. El acto estar\u00e1 presentado por la secretaria de Igualdad de la FSE-PSOE, A\u00edda Alcaraz, y contar\u00e1 con las intervenciones de Patxi L\u00f3pez, Francina Armengol y, c\u00f3mo no, del propio &#8216;Agustinet&#8217;.<\/p>\n<p>Con Josep Mar\u00ed Ribas, secretario general de la FSE-PSOE y exalcalde de Sant Josep de sa Talaia, el PSOE aspira recuperar el gobierno del Consell Insular d&#8217;Eivissa en las elecciones de mayo de 2023, despu\u00e9s de una legislatura de Vicent Mar\u00ed marcada por los esc\u00e1ndalos de clientelismo, la falta de pol\u00edticas de sostenibilidad del territorio y de calidad tur\u00edstica, y el abandono de los servicios del Consell Insular, como son los servicios sociales o el desastroso transporte p\u00fablico que sufre la isla.<\/p>\n","protected":false},"excerpt":{"rendered":"<p>Patxi L\u00f3pez, portavoz del PSOE en el Congreso de los Diputados, y Francina Armengol, secretaria general del PSIB-PSOE y presidenta de Illes Balears, asistir\u00e1n el s\u00e1bado 8 de octubre a la fiesta de presentaci\u00f3n de Josep Mar\u00ed Ribas como candidato a la presidencia del Consell Insular d&#8217;Eivissa. El acto tendr\u00e1 lugar en las instalaciones del&hellip;<\/p>\n","protected":false},"author":7,"featured_media":36358,"comment_status":"closed","ping_status":"closed","sticky":false,"template":"","format":"standard","meta":{"footnotes":""},"categories":[212],"tags":[],"class_list":["post-36355","post","type-post","status-publish","format-standard","has-post-thumbnail","hentry","category-fse-psoe"],"yoast_head":"<!-- This site is optimized with the Yoast SEO plugin v26.9 - https:\/\/yoast.com\/product\/yoast-seo-wordpress\/ -->\n<title>Patxi L\u00f3pez y Francina Armengol acompa\u00f1ar\u00e1n a Josep Mar\u00ed Ribas en la fiesta de presentaci\u00f3n del candidato del PSOE a la presidencia del Consell Insular de Eivissa, que tendr\u00e1 lugar el s\u00e1bado 8 de octubre en Sant Jordi - Federaci\u00f3 Socialista d&#039;Eivissa<\/title>\n<meta name=\"robots\" content=\"index, follow, max-snippet:-1, max-image-preview:large, max-video-preview:-1\" \/>\n<link rel=\"canonical\" href=\"https:\/\/www.psib-psoe.org\/eivissa\/patxi-lopez-y-francina-armengol-acompanaran-a-josep-mari-ribas-en-la-fiesta-de-presentacion-del-candidato-del-psoe-a-la-presidencia-del-consell-insular-de-eivissa-que-tendra-lugar-el-sabado-8-de-octu\/\" \/>\n<meta property=\"og:locale\" content=\"ca_ES\" \/>\n<meta property=\"og:type\" content=\"article\" \/>\n<meta property=\"og:title\" content=\"Patxi L\u00f3pez y Francina Armengol acompa\u00f1ar\u00e1n a Josep Mar\u00ed Ribas en la fiesta de presentaci\u00f3n del candidato del PSOE a la presidencia del Consell Insular de Eivissa, que tendr\u00e1 lugar el s\u00e1bado 8 de octubre en Sant Jordi - Federaci\u00f3 Socialista d&#039;Eivissa\" \/>\n<meta property=\"og:description\" content=\"Patxi L\u00f3pez, portavoz del PSOE en el Congreso de los Diputados, y Francina Armengol, secretaria general del PSIB-PSOE y presidenta de Illes Balears, asistir\u00e1n el s\u00e1bado 8 de octubre a la fiesta de presentaci\u00f3n de Josep Mar\u00ed Ribas como candidato a la presidencia del Consell Insular d&#8217;Eivissa. El acto tendr\u00e1 lugar en las instalaciones del&hellip;\" \/>\n<meta property=\"og:url\" content=\"https:\/\/www.psib-psoe.org\/eivissa\/patxi-lopez-y-francina-armengol-acompanaran-a-josep-mari-ribas-en-la-fiesta-de-presentacion-del-candidato-del-psoe-a-la-presidencia-del-consell-insular-de-eivissa-que-tendra-lugar-el-sabado-8-de-octu\/\" \/>\n<meta property=\"og:site_name\" content=\"Federaci\u00f3 Socialista d&#039;Eivissa\" \/>\n<meta property=\"article:published_time\" content=\"2022-10-04T11:20:54+00:00\" \/>\n<meta property=\"article:modified_time\" content=\"2022-10-04T11:23:06+00:00\" \/>\n<meta property=\"og:image\" content=\"https:\/\/www.psib-psoe.org\/eivissa\/wp-content\/uploads\/FESTA-PRESENTACIO-MARI-RIBAS-CANDIDAT-CONSELL-INSULAR.png\" \/>\n\t<meta property=\"og:image:width\" content=\"1600\" \/>\n\t<meta property=\"og:image:height\" content=\"900\" \/>\n\t<meta property=\"og:image:type\" content=\"image\/png\" \/>\n<meta name=\"author\" content=\"Josep Ripoll\" \/>\n<meta name=\"twitter:card\" content=\"summary_large_image\" \/>\n<meta name=\"twitter:label1\" content=\"Escrit per\" \/>\n\t<meta name=\"twitter:data1\" content=\"Josep Ripoll\" \/>\n\t<meta name=\"twitter:label2\" content=\"Temps estimat de lectura\" \/>\n\t<meta name=\"twitter:data2\" content=\"1 minut\" \/>\n<script type=\"application\/ld+json\" class=\"yoast-schema-graph\">{\"@context\":\"https:\/\/schema.org\",\"@graph\":[{\"@type\":[\"Article\",\"BlogPosting\"],\"@id\":\"https:\/\/www.psib-psoe.org\/eivissa\/patxi-lopez-y-francina-armengol-acompanaran-a-josep-mari-ribas-en-la-fiesta-de-presentacion-del-candidato-del-psoe-a-la-presidencia-del-consell-insular-de-eivissa-que-tendra-lugar-el-sabado-8-de-octu\/#article\",\"isPartOf\":{\"@id\":\"https:\/\/www.psib-psoe.org\/eivissa\/patxi-lopez-y-francina-armengol-acompanaran-a-josep-mari-ribas-en-la-fiesta-de-presentacion-del-candidato-del-psoe-a-la-presidencia-del-consell-insular-de-eivissa-que-tendra-lugar-el-sabado-8-de-octu\/\"},\"author\":{\"name\":\"Josep Ripoll\",\"@id\":\"https:\/\/www.psib-psoe.org\/eivissa\/#\/schema\/person\/7a9d2841fb36f32e34fc0e9b245e8117\"},\"headline\":\"Patxi L\u00f3pez y Francina Armengol acompa\u00f1ar\u00e1n a Josep Mar\u00ed Ribas en la fiesta de presentaci\u00f3n del candidato del PSOE a la presidencia del Consell Insular de Eivissa, que tendr\u00e1 lugar el s\u00e1bado 8 de octubre en Sant Jordi\",\"datePublished\":\"2022-10-04T11:20:54+00:00\",\"dateModified\":\"2022-10-04T11:23:06+00:00\",\"mainEntityOfPage\":{\"@id\":\"https:\/\/www.psib-psoe.org\/eivissa\/patxi-lopez-y-francina-armengol-acompanaran-a-josep-mari-ribas-en-la-fiesta-de-presentacion-del-candidato-del-psoe-a-la-presidencia-del-consell-insular-de-eivissa-que-tendra-lugar-el-sabado-8-de-octu\/\"},\"wordCount\":304,\"publisher\":{\"@id\":\"https:\/\/www.psib-psoe.org\/eivissa\/#organization\"},\"image\":{\"@id\":\"https:\/\/www.psib-psoe.org\/eivissa\/patxi-lopez-y-francina-armengol-acompanaran-a-josep-mari-ribas-en-la-fiesta-de-presentacion-del-candidato-del-psoe-a-la-presidencia-del-consell-insular-de-eivissa-que-tendra-lugar-el-sabado-8-de-octu\/#primaryimage\"},\"thumbnailUrl\":\"https:\/\/www.psib-psoe.org\/eivissa\/wp-content\/uploads\/FESTA-PRESENTACIO-MARI-RIBAS-CANDIDAT-CONSELL-INSULAR.png\",\"articleSection\":[\"FSE-PSOE\"],\"inLanguage\":\"ca\"},{\"@type\":\"WebPage\",\"@id\":\"https:\/\/www.psib-psoe.org\/eivissa\/patxi-lopez-y-francina-armengol-acompanaran-a-josep-mari-ribas-en-la-fiesta-de-presentacion-del-candidato-del-psoe-a-la-presidencia-del-consell-insular-de-eivissa-que-tendra-lugar-el-sabado-8-de-octu\/\",\"url\":\"https:\/\/www.psib-psoe.org\/eivissa\/patxi-lopez-y-francina-armengol-acompanaran-a-josep-mari-ribas-en-la-fiesta-de-presentacion-del-candidato-del-psoe-a-la-presidencia-del-consell-insular-de-eivissa-que-tendra-lugar-el-sabado-8-de-octu\/\",\"name\":\"Patxi L\u00f3pez y Francina Armengol acompa\u00f1ar\u00e1n a Josep Mar\u00ed Ribas en la fiesta de presentaci\u00f3n del candidato del PSOE a la presidencia del Consell Insular de Eivissa, que tendr\u00e1 lugar el s\u00e1bado 8 de octubre en Sant Jordi - Federaci\u00f3 Socialista d&#039;Eivissa\",\"isPartOf\":{\"@id\":\"https:\/\/www.psib-psoe.org\/eivissa\/#website\"},\"primaryImageOfPage\":{\"@id\":\"https:\/\/www.psib-psoe.org\/eivissa\/patxi-lopez-y-francina-armengol-acompanaran-a-josep-mari-ribas-en-la-fiesta-de-presentacion-del-candidato-del-psoe-a-la-presidencia-del-consell-insular-de-eivissa-que-tendra-lugar-el-sabado-8-de-octu\/#primaryimage\"},\"image\":{\"@id\":\"https:\/\/www.psib-psoe.org\/eivissa\/patxi-lopez-y-francina-armengol-acompanaran-a-josep-mari-ribas-en-la-fiesta-de-presentacion-del-candidato-del-psoe-a-la-presidencia-del-consell-insular-de-eivissa-que-tendra-lugar-el-sabado-8-de-octu\/#primaryimage\"},\"thumbnailUrl\":\"https:\/\/www.psib-psoe.org\/eivissa\/wp-content\/uploads\/FESTA-PRESENTACIO-MARI-RIBAS-CANDIDAT-CONSELL-INSULAR.png\",\"datePublished\":\"2022-10-04T11:20:54+00:00\",\"dateModified\":\"2022-10-04T11:23:06+00:00\",\"breadcrumb\":{\"@id\":\"https:\/\/www.psib-psoe.org\/eivissa\/patxi-lopez-y-francina-armengol-acompanaran-a-josep-mari-ribas-en-la-fiesta-de-presentacion-del-candidato-del-psoe-a-la-presidencia-del-consell-insular-de-eivissa-que-tendra-lugar-el-sabado-8-de-octu\/#breadcrumb\"},\"inLanguage\":\"ca\",\"potentialAction\":[{\"@type\":\"ReadAction\",\"target\":[\"https:\/\/www.psib-psoe.org\/eivissa\/patxi-lopez-y-francina-armengol-acompanaran-a-josep-mari-ribas-en-la-fiesta-de-presentacion-del-candidato-del-psoe-a-la-presidencia-del-consell-insular-de-eivissa-que-tendra-lugar-el-sabado-8-de-octu\/\"]}]},{\"@type\":\"ImageObject\",\"inLanguage\":\"ca\",\"@id\":\"https:\/\/www.psib-psoe.org\/eivissa\/patxi-lopez-y-francina-armengol-acompanaran-a-josep-mari-ribas-en-la-fiesta-de-presentacion-del-candidato-del-psoe-a-la-presidencia-del-consell-insular-de-eivissa-que-tendra-lugar-el-sabado-8-de-octu\/#primaryimage\",\"url\":\"https:\/\/www.psib-psoe.org\/eivissa\/wp-content\/uploads\/FESTA-PRESENTACIO-MARI-RIBAS-CANDIDAT-CONSELL-INSULAR.png\",\"contentUrl\":\"https:\/\/www.psib-psoe.org\/eivissa\/wp-content\/uploads\/FESTA-PRESENTACIO-MARI-RIBAS-CANDIDAT-CONSELL-INSULAR.png\",\"width\":1600,\"height\":900},{\"@type\":\"BreadcrumbList\",\"@id\":\"https:\/\/www.psib-psoe.org\/eivissa\/patxi-lopez-y-francina-armengol-acompanaran-a-josep-mari-ribas-en-la-fiesta-de-presentacion-del-candidato-del-psoe-a-la-presidencia-del-consell-insular-de-eivissa-que-tendra-lugar-el-sabado-8-de-octu\/#breadcrumb\",\"itemListElement\":[{\"@type\":\"ListItem\",\"position\":1,\"name\":\"Inici\",\"item\":\"https:\/\/www.psib-psoe.org\/eivissa\/\"},{\"@type\":\"ListItem\",\"position\":2,\"name\":\"Patxi L\u00f3pez y Francina Armengol acompa\u00f1ar\u00e1n a Josep Mar\u00ed Ribas en la fiesta de presentaci\u00f3n del candidato del PSOE a la presidencia del Consell Insular de Eivissa, que tendr\u00e1 lugar el s\u00e1bado 8 de octubre en Sant Jordi\"}]},{\"@type\":\"WebSite\",\"@id\":\"https:\/\/www.psib-psoe.org\/eivissa\/#website\",\"url\":\"https:\/\/www.psib-psoe.org\/eivissa\/\",\"name\":\"Federaci\u00f3 Socialista d'Eivissa\",\"description\":\"Socialistes d&#039;Eivissa\",\"publisher\":{\"@id\":\"https:\/\/www.psib-psoe.org\/eivissa\/#organization\"},\"potentialAction\":[{\"@type\":\"SearchAction\",\"target\":{\"@type\":\"EntryPoint\",\"urlTemplate\":\"https:\/\/www.psib-psoe.org\/eivissa\/?s={search_term_string}\"},\"query-input\":{\"@type\":\"PropertyValueSpecification\",\"valueRequired\":true,\"valueName\":\"search_term_string\"}}],\"inLanguage\":\"ca\"},{\"@type\":\"Organization\",\"@id\":\"https:\/\/www.psib-psoe.org\/eivissa\/#organization\",\"name\":\"Federaci\u00f3 Socialista d'Eivissa\",\"url\":\"https:\/\/www.psib-psoe.org\/eivissa\/\",\"logo\":{\"@type\":\"ImageObject\",\"inLanguage\":\"ca\",\"@id\":\"https:\/\/www.psib-psoe.org\/eivissa\/#\/schema\/logo\/image\/\",\"url\":\"https:\/\/www.psib-psoe.org\/eivissa\/wp-content\/uploads\/LOGO-FSE-SOCIALISTA-DEIVISSA-HORI.png\",\"contentUrl\":\"https:\/\/www.psib-psoe.org\/eivissa\/wp-content\/uploads\/LOGO-FSE-SOCIALISTA-DEIVISSA-HORI.png\",\"width\":6000,\"height\":3104,\"caption\":\"Federaci\u00f3 Socialista d'Eivissa\"},\"image\":{\"@id\":\"https:\/\/www.psib-psoe.org\/eivissa\/#\/schema\/logo\/image\/\"}},{\"@type\":\"Person\",\"@id\":\"https:\/\/www.psib-psoe.org\/eivissa\/#\/schema\/person\/7a9d2841fb36f32e34fc0e9b245e8117\",\"name\":\"Josep Ripoll\",\"sameAs\":[\"http:\/\/www.psib-psoe.org\/eivissa\/wp-login.php\"],\"url\":\"https:\/\/www.psib-psoe.org\/eivissa\/author\/josep\/\"}]}<\/script>\n<!-- \/ Yoast SEO plugin. -->","yoast_head_json":{"title":"Patxi L\u00f3pez y Francina Armengol acompa\u00f1ar\u00e1n a Josep Mar\u00ed Ribas en la fiesta de presentaci\u00f3n del candidato del PSOE a la presidencia del Consell Insular de Eivissa, que tendr\u00e1 lugar el s\u00e1bado 8 de octubre en Sant Jordi - Federaci\u00f3 Socialista d&#039;Eivissa","robots":{"index":"index","follow":"follow","max-snippet":"max-snippet:-1","max-image-preview":"max-image-preview:large","max-video-preview":"max-video-preview:-1"},"canonical":"https:\/\/www.psib-psoe.org\/eivissa\/patxi-lopez-y-francina-armengol-acompanaran-a-josep-mari-ribas-en-la-fiesta-de-presentacion-del-candidato-del-psoe-a-la-presidencia-del-consell-insular-de-eivissa-que-tendra-lugar-el-sabado-8-de-octu\/","og_locale":"ca_ES","og_type":"article","og_title":"Patxi L\u00f3pez y Francina Armengol acompa\u00f1ar\u00e1n a Josep Mar\u00ed Ribas en la fiesta de presentaci\u00f3n del candidato del PSOE a la presidencia del Consell Insular de Eivissa, que tendr\u00e1 lugar el s\u00e1bado 8 de octubre en Sant Jordi - Federaci\u00f3 Socialista d&#039;Eivissa","og_description":"Patxi L\u00f3pez, portavoz del PSOE en el Congreso de los Diputados, y Francina Armengol, secretaria general del PSIB-PSOE y presidenta de Illes Balears, asistir\u00e1n el s\u00e1bado 8 de octubre a la fiesta de presentaci\u00f3n de Josep Mar\u00ed Ribas como candidato a la presidencia del Consell Insular d&#8217;Eivissa. El acto tendr\u00e1 lugar en las instalaciones del&hellip;","og_url":"https:\/\/www.psib-psoe.org\/eivissa\/patxi-lopez-y-francina-armengol-acompanaran-a-josep-mari-ribas-en-la-fiesta-de-presentacion-del-candidato-del-psoe-a-la-presidencia-del-consell-insular-de-eivissa-que-tendra-lugar-el-sabado-8-de-octu\/","og_site_name":"Federaci\u00f3 Socialista d&#039;Eivissa","article_published_time":"2022-10-04T11:20:54+00:00","article_modified_time":"2022-10-04T11:23:06+00:00","og_image":[{"width":1600,"height":900,"url":"https:\/\/www.psib-psoe.org\/eivissa\/wp-content\/uploads\/FESTA-PRESENTACIO-MARI-RIBAS-CANDIDAT-CONSELL-INSULAR.png","type":"image\/png"}],"author":"Josep Ripoll","twitter_card":"summary_large_image","twitter_misc":{"Escrit per":"Josep Ripoll","Temps estimat de lectura":"1 minut"},"schema":{"@context":"https:\/\/schema.org","@graph":[{"@type":["Article","BlogPosting"],"@id":"https:\/\/www.psib-psoe.org\/eivissa\/patxi-lopez-y-francina-armengol-acompanaran-a-josep-mari-ribas-en-la-fiesta-de-presentacion-del-candidato-del-psoe-a-la-presidencia-del-consell-insular-de-eivissa-que-tendra-lugar-el-sabado-8-de-octu\/#article","isPartOf":{"@id":"https:\/\/www.psib-psoe.org\/eivissa\/patxi-lopez-y-francina-armengol-acompanaran-a-josep-mari-ribas-en-la-fiesta-de-presentacion-del-candidato-del-psoe-a-la-presidencia-del-consell-insular-de-eivissa-que-tendra-lugar-el-sabado-8-de-octu\/"},"author":{"name":"Josep Ripoll","@id":"https:\/\/www.psib-psoe.org\/eivissa\/#\/schema\/person\/7a9d2841fb36f32e34fc0e9b245e8117"},"headline":"Patxi L\u00f3pez y Francina Armengol acompa\u00f1ar\u00e1n a Josep Mar\u00ed Ribas en la fiesta de presentaci\u00f3n del candidato del PSOE a la presidencia del Consell Insular de Eivissa, que tendr\u00e1 lugar el s\u00e1bado 8 de octubre en Sant Jordi","datePublished":"2022-10-04T11:20:54+00:00","dateModified":"2022-10-04T11:23:06+00:00","mainEntityOfPage":{"@id":"https:\/\/www.psib-psoe.org\/eivissa\/patxi-lopez-y-francina-armengol-acompanaran-a-josep-mari-ribas-en-la-fiesta-de-presentacion-del-candidato-del-psoe-a-la-presidencia-del-consell-insular-de-eivissa-que-tendra-lugar-el-sabado-8-de-octu\/"},"wordCount":304,"publisher":{"@id":"https:\/\/www.psib-psoe.org\/eivissa\/#organization"},"image":{"@id":"https:\/\/www.psib-psoe.org\/eivissa\/patxi-lopez-y-francina-armengol-acompanaran-a-josep-mari-ribas-en-la-fiesta-de-presentacion-del-candidato-del-psoe-a-la-presidencia-del-consell-insular-de-eivissa-que-tendra-lugar-el-sabado-8-de-octu\/#primaryimage"},"thumbnailUrl":"https:\/\/www.psib-psoe.org\/eivissa\/wp-content\/uploads\/FESTA-PRESENTACIO-MARI-RIBAS-CANDIDAT-CONSELL-INSULAR.png","articleSection":["FSE-PSOE"],"inLanguage":"ca"},{"@type":"WebPage","@id":"https:\/\/www.psib-psoe.org\/eivissa\/patxi-lopez-y-francina-armengol-acompanaran-a-josep-mari-ribas-en-la-fiesta-de-presentacion-del-candidato-del-psoe-a-la-presidencia-del-consell-insular-de-eivissa-que-tendra-lugar-el-sabado-8-de-octu\/","url":"https:\/\/www.psib-psoe.org\/eivissa\/patxi-lopez-y-francina-armengol-acompanaran-a-josep-mari-ribas-en-la-fiesta-de-presentacion-del-candidato-del-psoe-a-la-presidencia-del-consell-insular-de-eivissa-que-tendra-lugar-el-sabado-8-de-octu\/","name":"Patxi L\u00f3pez y Francina Armengol acompa\u00f1ar\u00e1n a Josep Mar\u00ed Ribas en la fiesta de presentaci\u00f3n del candidato del PSOE a la presidencia del Consell Insular de Eivissa, que tendr\u00e1 lugar el s\u00e1bado 8 de octubre en Sant Jordi - Federaci\u00f3 Socialista d&#039;Eivissa","isPartOf":{"@id":"https:\/\/www.psib-psoe.org\/eivissa\/#website"},"primaryImageOfPage":{"@id":"https:\/\/www.psib-psoe.org\/eivissa\/patxi-lopez-y-francina-armengol-acompanaran-a-josep-mari-ribas-en-la-fiesta-de-presentacion-del-candidato-del-psoe-a-la-presidencia-del-consell-insular-de-eivissa-que-tendra-lugar-el-sabado-8-de-octu\/#primaryimage"},"image":{"@id":"https:\/\/www.psib-psoe.org\/eivissa\/patxi-lopez-y-francina-armengol-acompanaran-a-josep-mari-ribas-en-la-fiesta-de-presentacion-del-candidato-del-psoe-a-la-presidencia-del-consell-insular-de-eivissa-que-tendra-lugar-el-sabado-8-de-octu\/#primaryimage"},"thumbnailUrl":"https:\/\/www.psib-psoe.org\/eivissa\/wp-content\/uploads\/FESTA-PRESENTACIO-MARI-RIBAS-CANDIDAT-CONSELL-INSULAR.png","datePublished":"2022-10-04T11:20:54+00:00","dateModified":"2022-10-04T11:23:06+00:00","breadcrumb":{"@id":"https:\/\/www.psib-psoe.org\/eivissa\/patxi-lopez-y-francina-armengol-acompanaran-a-josep-mari-ribas-en-la-fiesta-de-presentacion-del-candidato-del-psoe-a-la-presidencia-del-consell-insular-de-eivissa-que-tendra-lugar-el-sabado-8-de-octu\/#breadcrumb"},"inLanguage":"ca","potentialAction":[{"@type":"ReadAction","target":["https:\/\/www.psib-psoe.org\/eivissa\/patxi-lopez-y-francina-armengol-acompanaran-a-josep-mari-ribas-en-la-fiesta-de-presentacion-del-candidato-del-psoe-a-la-presidencia-del-consell-insular-de-eivissa-que-tendra-lugar-el-sabado-8-de-octu\/"]}]},{"@type":"ImageObject","inLanguage":"ca","@id":"https:\/\/www.psib-psoe.org\/eivissa\/patxi-lopez-y-francina-armengol-acompanaran-a-josep-mari-ribas-en-la-fiesta-de-presentacion-del-candidato-del-psoe-a-la-presidencia-del-consell-insular-de-eivissa-que-tendra-lugar-el-sabado-8-de-octu\/#primaryimage","url":"https:\/\/www.psib-psoe.org\/eivissa\/wp-content\/uploads\/FESTA-PRESENTACIO-MARI-RIBAS-CANDIDAT-CONSELL-INSULAR.png","contentUrl":"https:\/\/www.psib-psoe.org\/eivissa\/wp-content\/uploads\/FESTA-PRESENTACIO-MARI-RIBAS-CANDIDAT-CONSELL-INSULAR.png","width":1600,"height":900},{"@type":"BreadcrumbList","@id":"https:\/\/www.psib-psoe.org\/eivissa\/patxi-lopez-y-francina-armengol-acompanaran-a-josep-mari-ribas-en-la-fiesta-de-presentacion-del-candidato-del-psoe-a-la-presidencia-del-consell-insular-de-eivissa-que-tendra-lugar-el-sabado-8-de-octu\/#breadcrumb","itemListElement":[{"@type":"ListItem","position":1,"name":"Inici","item":"https:\/\/www.psib-psoe.org\/eivissa\/"},{"@type":"ListItem","position":2,"name":"Patxi L\u00f3pez y Francina Armengol acompa\u00f1ar\u00e1n a Josep Mar\u00ed Ribas en la fiesta de presentaci\u00f3n del candidato del PSOE a la presidencia del Consell Insular de Eivissa, que tendr\u00e1 lugar el s\u00e1bado 8 de octubre en Sant Jordi"}]},{"@type":"WebSite","@id":"https:\/\/www.psib-psoe.org\/eivissa\/#website","url":"https:\/\/www.psib-psoe.org\/eivissa\/","name":"Federaci\u00f3 Socialista d'Eivissa","description":"Socialistes d&#039;Eivissa","publisher":{"@id":"https:\/\/www.psib-psoe.org\/eivissa\/#organization"},"potentialAction":[{"@type":"SearchAction","target":{"@type":"EntryPoint","urlTemplate":"https:\/\/www.psib-psoe.org\/eivissa\/?s={search_term_string}"},"query-input":{"@type":"PropertyValueSpecification","valueRequired":true,"valueName":"search_term_string"}}],"inLanguage":"ca"},{"@type":"Organization","@id":"https:\/\/www.psib-psoe.org\/eivissa\/#organization","name":"Federaci\u00f3 Socialista d'Eivissa","url":"https:\/\/www.psib-psoe.org\/eivissa\/","logo":{"@type":"ImageObject","inLanguage":"ca","@id":"https:\/\/www.psib-psoe.org\/eivissa\/#\/schema\/logo\/image\/","url":"https:\/\/www.psib-psoe.org\/eivissa\/wp-content\/uploads\/LOGO-FSE-SOCIALISTA-DEIVISSA-HORI.png","contentUrl":"https:\/\/www.psib-psoe.org\/eivissa\/wp-content\/uploads\/LOGO-FSE-SOCIALISTA-DEIVISSA-HORI.png","width":6000,"height":3104,"caption":"Federaci\u00f3 Socialista d'Eivissa"},"image":{"@id":"https:\/\/www.psib-psoe.org\/eivissa\/#\/schema\/logo\/image\/"}},{"@type":"Person","@id":"https:\/\/www.psib-psoe.org\/eivissa\/#\/schema\/person\/7a9d2841fb36f32e34fc0e9b245e8117","name":"Josep Ripoll","sameAs":["http:\/\/www.psib-psoe.org\/eivissa\/wp-login.php"],"url":"https:\/\/www.psib-psoe.org\/eivissa\/author\/josep\/"}]}},"_links":{"self":[{"href":"https:\/\/www.psib-psoe.org\/eivissa\/wp-json\/wp\/v2\/posts\/36355","targetHints":{"allow":["GET"]}}],"collection":[{"href":"https:\/\/www.psib-psoe.org\/eivissa\/wp-json\/wp\/v2\/posts"}],"about":[{"href":"https:\/\/www.psib-psoe.org\/eivissa\/wp-json\/wp\/v2\/types\/post"}],"author":[{"embeddable":true,"href":"https:\/\/www.psib-psoe.org\/eivissa\/wp-json\/wp\/v2\/users\/7"}],"replies":[{"embeddable":true,"href":"https:\/\/www.psib-psoe.org\/eivissa\/wp-json\/wp\/v2\/comments?post=36355"}],"version-history":[{"count":1,"href":"https:\/\/www.psib-psoe.org\/eivissa\/wp-json\/wp\/v2\/posts\/36355\/revisions"}],"predecessor-version":[{"id":36356,"href":"https:\/\/www.psib-psoe.org\/eivissa\/wp-json\/wp\/v2\/posts\/36355\/revisions\/36356"}],"wp:featuredmedia":[{"embeddable":true,"href":"https:\/\/www.psib-psoe.org\/eivissa\/wp-json\/wp\/v2\/media\/36358"}],"wp:attachment":[{"href":"https:\/\/www.psib-psoe.org\/eivissa\/wp-json\/wp\/v2\/media?parent=36355"}],"wp:term":[{"taxonomy":"category","embeddable":true,"href":"https:\/\/www.psib-psoe.org\/eivissa\/wp-json\/wp\/v2\/categories?post=36355"},{"taxonomy":"post_tag","embeddable":true,"href":"https:\/\/www.psib-psoe.org\/eivissa\/wp-json\/wp\/v2\/tags?post=36355"}],"curies":[{"name":"wp","href":"https:\/\/api.w.org\/{rel}","templated":true}]}}