{"id":36473,"date":"2022-10-30T12:35:18","date_gmt":"2022-10-30T10:35:18","guid":{"rendered":"https:\/\/www.psib-psoe.org\/eivissa\/?p=36473"},"modified":"2022-10-30T13:19:52","modified_gmt":"2022-10-30T11:19:52","slug":"el-psoe-qualifica-de-persecucio-politica-els-articles-publicats-per-periodico-de-ibiza-en-relacio-amb-lajuntament-deivissa","status":"publish","type":"post","link":"https:\/\/www.psib-psoe.org\/eivissa\/el-psoe-qualifica-de-persecucio-politica-els-articles-publicats-per-periodico-de-ibiza-en-relacio-amb-lajuntament-deivissa\/","title":{"rendered":"El PSOE qualifica de persecuci\u00f3 pol\u00edtica els articles publicats per Peri\u00f3dico de Ibiza en relaci\u00f3 amb l&#8217;Ajuntament d&#8217;Eivissa"},"content":{"rendered":"<p>Els articles que est\u00e0 publicant\u00a0Peri\u00f3dico\u00a0de\u00a0Ibiza\u00a0<wbr \/>als darrers dies mostren una absoluta falta de rigor period\u00edstic i una clara intenci\u00f3 de manipular a l&#8217;opini\u00f3 p\u00fablica de la ciutat d&#8217;Eivissa posant en dubte adjudicacions que compten amb tots els informes t\u00e8cnics i jur\u00eddics avalats pels juristes, interventora i t\u00e8cnics de l&#8217;Ajuntament d&#8217;Eivissa.<\/p>\n<p>Pel que fa a la relaci\u00f3 de l&#8217;exregidor de l&#8217;Ajuntament,\u00a0Alfonso\u00a0Molina amb l&#8217;empresa\u00a0Nascor, s&#8217;ha de dir que l&#8217;\u00fanica relaci\u00f3 que ha tingut\u00a0Alfonso\u00a0Molina amb\u00a0Nascor\u00a0\u00e9s que aquest grup empresarial va adquirir una empresa de la seva propietat l&#8217;any 2014. Des d&#8217;en\u00e7\u00e0 que, l&#8217;empresa\u00a0Nascor\u00a0no ha tornat a tenir cap mena de vinculaci\u00f3 o tracte amb l&#8217;exregidor de l&#8217;Ajuntament d&#8217;Eivissa,\u00a0Alfonso\u00a0Molina.\u00a0Nas<wbr \/>cor\u00a0va adquirir l&#8217;empresa en el moment en qu\u00e8 aquest grup estava en un proc\u00e9s de creixement.<\/p>\n<p>Els articles de\u00a0Peri\u00f3dico\u00a0de\u00a0Ibiza\u00a0estan plens de mitges veritats, inexactituds i mentides per a construir una falsa realitat manipulant la informaci\u00f3.<\/p>\n<p>Des del PSOE considerem que \u00e9s un moment lamentable pel periodisme insular i en concret per aquest mitj\u00e0 de comunicaci\u00f3, donat que, sota la llibertat de premsa que afortunadament tenim en aquest pa\u00eds, es dedica a publicar mentides amb un objectiu clar, desprestigiar a la instituci\u00f3 de l&#8217;Ajuntament d&#8217;Eivissa, als seus treballadors i treballadores, i en definitiva a un equip de govern que treballa de valent per protegir i defensar els drets de la inf\u00e0ncia i l&#8217;adolesc\u00e8ncia a la ciutat.<\/p>\n<p>\u00c9s lamentable aquesta persecuci\u00f3 pol\u00edtica a la qual estem sotmesos per part d&#8217;aquest grup de comunicaci\u00f3, si podem dir-li d&#8217;aquesta manera, que es dedica a la propaganda, a ser un pamflet pol\u00edtic de la feina que no sap fer la dreta pol\u00edtica a l&#8217;Ajuntament d&#8217;Eivissa que \u00e9s treballar per la ciutat. Els\u00a0socialistes d&#8217;Eivissa volem denunciar el greu assetjament medi\u00e0tic\u00a0al qual\u00a0estam\u00a0sotmesos des de fa temps per part dels mitjans de comunicaci\u00f3 subvencionats per la dreta i que, durant anys, han volgut sembrar dubtes sobre\u00a0l&#8217;honorabilitat\u00a0de tants de companys i companyes. El fet que s&#8217;atraquin les eleccions municipals i auton\u00f2miques no fa m\u00e9s que provocar que els seus atacs siguin cada vegada m\u00e9s virulents. La realitat \u00e9s que avui dia cap socialista eivissenc ha estat condemnat per cap dels suposats casos que s&#8217;han inventat\u00a0aquest mitj\u00e0\u00a0de comunicaci\u00f3.<\/p>\n","protected":false},"excerpt":{"rendered":"<p>Els articles que est\u00e0 publicant\u00a0Peri\u00f3dico\u00a0de\u00a0Ibiza\u00a0als darrers dies mostren una absoluta falta de rigor period\u00edstic i una clara intenci\u00f3 de manipular a l&#8217;opini\u00f3 p\u00fablica de la ciutat d&#8217;Eivissa posant en dubte adjudicacions que compten amb tots els informes t\u00e8cnics i jur\u00eddics avalats pels juristes, interventora i t\u00e8cnics de l&#8217;Ajuntament d&#8217;Eivissa. Pel que fa a la relaci\u00f3&hellip;<\/p>\n","protected":false},"author":7,"featured_media":36474,"comment_status":"closed","ping_status":"closed","sticky":false,"template":"","format":"standard","meta":{"footnotes":""},"categories":[183,1,234],"tags":[],"class_list":["post-36473","post","type-post","status-publish","format-standard","has-post-thumbnail","hentry","category-ciutat-deivissa","category-federacio-de-eivissa-portada","category-municipis"],"yoast_head":"<!-- This site is optimized with the Yoast SEO plugin v26.9 - https:\/\/yoast.com\/product\/yoast-seo-wordpress\/ -->\n<title>El PSOE qualifica de persecuci\u00f3 pol\u00edtica els articles publicats per Peri\u00f3dico de Ibiza en relaci\u00f3 amb l&#039;Ajuntament d&#039;Eivissa - Federaci\u00f3 Socialista d&#039;Eivissa<\/title>\n<meta name=\"robots\" content=\"index, follow, max-snippet:-1, max-image-preview:large, max-video-preview:-1\" \/>\n<link rel=\"canonical\" href=\"https:\/\/www.psib-psoe.org\/eivissa\/el-psoe-qualifica-de-persecucio-politica-els-articles-publicats-per-periodico-de-ibiza-en-relacio-amb-lajuntament-deivissa\/\" \/>\n<meta property=\"og:locale\" content=\"ca_ES\" \/>\n<meta property=\"og:type\" content=\"article\" \/>\n<meta property=\"og:title\" content=\"El PSOE qualifica de persecuci\u00f3 pol\u00edtica els articles publicats per Peri\u00f3dico de Ibiza en relaci\u00f3 amb l&#039;Ajuntament d&#039;Eivissa - Federaci\u00f3 Socialista d&#039;Eivissa\" \/>\n<meta property=\"og:description\" content=\"Els articles que est\u00e0 publicant\u00a0Peri\u00f3dico\u00a0de\u00a0Ibiza\u00a0als darrers dies mostren una absoluta falta de rigor period\u00edstic i una clara intenci\u00f3 de manipular a l&#8217;opini\u00f3 p\u00fablica de la ciutat d&#8217;Eivissa posant en dubte adjudicacions que compten amb tots els informes t\u00e8cnics i jur\u00eddics avalats pels juristes, interventora i t\u00e8cnics de l&#8217;Ajuntament d&#8217;Eivissa. Pel que fa a la relaci\u00f3&hellip;\" \/>\n<meta property=\"og:url\" content=\"https:\/\/www.psib-psoe.org\/eivissa\/el-psoe-qualifica-de-persecucio-politica-els-articles-publicats-per-periodico-de-ibiza-en-relacio-amb-lajuntament-deivissa\/\" \/>\n<meta property=\"og:site_name\" content=\"Federaci\u00f3 Socialista d&#039;Eivissa\" \/>\n<meta property=\"article:published_time\" content=\"2022-10-30T10:35:18+00:00\" \/>\n<meta property=\"article:modified_time\" content=\"2022-10-30T11:19:52+00:00\" \/>\n<meta property=\"og:image\" content=\"https:\/\/www.psib-psoe.org\/eivissa\/wp-content\/uploads\/PERIODICO-FALS.jpeg\" \/>\n\t<meta property=\"og:image:width\" content=\"1018\" \/>\n\t<meta property=\"og:image:height\" content=\"1381\" \/>\n\t<meta property=\"og:image:type\" content=\"image\/jpeg\" \/>\n<meta name=\"author\" content=\"Josep Ripoll\" \/>\n<meta name=\"twitter:card\" content=\"summary_large_image\" \/>\n<meta name=\"twitter:label1\" content=\"Escrit per\" \/>\n\t<meta name=\"twitter:data1\" content=\"Josep Ripoll\" \/>\n\t<meta name=\"twitter:label2\" content=\"Temps estimat de lectura\" \/>\n\t<meta name=\"twitter:data2\" content=\"2 minuts\" \/>\n<script type=\"application\/ld+json\" class=\"yoast-schema-graph\">{\"@context\":\"https:\/\/schema.org\",\"@graph\":[{\"@type\":[\"Article\",\"BlogPosting\"],\"@id\":\"https:\/\/www.psib-psoe.org\/eivissa\/el-psoe-qualifica-de-persecucio-politica-els-articles-publicats-per-periodico-de-ibiza-en-relacio-amb-lajuntament-deivissa\/#article\",\"isPartOf\":{\"@id\":\"https:\/\/www.psib-psoe.org\/eivissa\/el-psoe-qualifica-de-persecucio-politica-els-articles-publicats-per-periodico-de-ibiza-en-relacio-amb-lajuntament-deivissa\/\"},\"author\":{\"name\":\"Josep Ripoll\",\"@id\":\"https:\/\/www.psib-psoe.org\/eivissa\/#\/schema\/person\/7a9d2841fb36f32e34fc0e9b245e8117\"},\"headline\":\"El PSOE qualifica de persecuci\u00f3 pol\u00edtica els articles publicats per Peri\u00f3dico de Ibiza en relaci\u00f3 amb l&#8217;Ajuntament d&#8217;Eivissa\",\"datePublished\":\"2022-10-30T10:35:18+00:00\",\"dateModified\":\"2022-10-30T11:19:52+00:00\",\"mainEntityOfPage\":{\"@id\":\"https:\/\/www.psib-psoe.org\/eivissa\/el-psoe-qualifica-de-persecucio-politica-els-articles-publicats-per-periodico-de-ibiza-en-relacio-amb-lajuntament-deivissa\/\"},\"wordCount\":418,\"publisher\":{\"@id\":\"https:\/\/www.psib-psoe.org\/eivissa\/#organization\"},\"image\":{\"@id\":\"https:\/\/www.psib-psoe.org\/eivissa\/el-psoe-qualifica-de-persecucio-politica-els-articles-publicats-per-periodico-de-ibiza-en-relacio-amb-lajuntament-deivissa\/#primaryimage\"},\"thumbnailUrl\":\"https:\/\/www.psib-psoe.org\/eivissa\/wp-content\/uploads\/PERIODICO-FALS.jpeg\",\"articleSection\":[\"Ciutat d'Eivissa\",\"Federaci\u00f3 d'Eivissa - Portada\",\"Municipis\"],\"inLanguage\":\"ca\"},{\"@type\":\"WebPage\",\"@id\":\"https:\/\/www.psib-psoe.org\/eivissa\/el-psoe-qualifica-de-persecucio-politica-els-articles-publicats-per-periodico-de-ibiza-en-relacio-amb-lajuntament-deivissa\/\",\"url\":\"https:\/\/www.psib-psoe.org\/eivissa\/el-psoe-qualifica-de-persecucio-politica-els-articles-publicats-per-periodico-de-ibiza-en-relacio-amb-lajuntament-deivissa\/\",\"name\":\"El PSOE qualifica de persecuci\u00f3 pol\u00edtica els articles publicats per Peri\u00f3dico de Ibiza en relaci\u00f3 amb l'Ajuntament d'Eivissa - Federaci\u00f3 Socialista d&#039;Eivissa\",\"isPartOf\":{\"@id\":\"https:\/\/www.psib-psoe.org\/eivissa\/#website\"},\"primaryImageOfPage\":{\"@id\":\"https:\/\/www.psib-psoe.org\/eivissa\/el-psoe-qualifica-de-persecucio-politica-els-articles-publicats-per-periodico-de-ibiza-en-relacio-amb-lajuntament-deivissa\/#primaryimage\"},\"image\":{\"@id\":\"https:\/\/www.psib-psoe.org\/eivissa\/el-psoe-qualifica-de-persecucio-politica-els-articles-publicats-per-periodico-de-ibiza-en-relacio-amb-lajuntament-deivissa\/#primaryimage\"},\"thumbnailUrl\":\"https:\/\/www.psib-psoe.org\/eivissa\/wp-content\/uploads\/PERIODICO-FALS.jpeg\",\"datePublished\":\"2022-10-30T10:35:18+00:00\",\"dateModified\":\"2022-10-30T11:19:52+00:00\",\"breadcrumb\":{\"@id\":\"https:\/\/www.psib-psoe.org\/eivissa\/el-psoe-qualifica-de-persecucio-politica-els-articles-publicats-per-periodico-de-ibiza-en-relacio-amb-lajuntament-deivissa\/#breadcrumb\"},\"inLanguage\":\"ca\",\"potentialAction\":[{\"@type\":\"ReadAction\",\"target\":[\"https:\/\/www.psib-psoe.org\/eivissa\/el-psoe-qualifica-de-persecucio-politica-els-articles-publicats-per-periodico-de-ibiza-en-relacio-amb-lajuntament-deivissa\/\"]}]},{\"@type\":\"ImageObject\",\"inLanguage\":\"ca\",\"@id\":\"https:\/\/www.psib-psoe.org\/eivissa\/el-psoe-qualifica-de-persecucio-politica-els-articles-publicats-per-periodico-de-ibiza-en-relacio-amb-lajuntament-deivissa\/#primaryimage\",\"url\":\"https:\/\/www.psib-psoe.org\/eivissa\/wp-content\/uploads\/PERIODICO-FALS.jpeg\",\"contentUrl\":\"https:\/\/www.psib-psoe.org\/eivissa\/wp-content\/uploads\/PERIODICO-FALS.jpeg\",\"width\":1018,\"height\":1381},{\"@type\":\"BreadcrumbList\",\"@id\":\"https:\/\/www.psib-psoe.org\/eivissa\/el-psoe-qualifica-de-persecucio-politica-els-articles-publicats-per-periodico-de-ibiza-en-relacio-amb-lajuntament-deivissa\/#breadcrumb\",\"itemListElement\":[{\"@type\":\"ListItem\",\"position\":1,\"name\":\"Inici\",\"item\":\"https:\/\/www.psib-psoe.org\/eivissa\/\"},{\"@type\":\"ListItem\",\"position\":2,\"name\":\"El PSOE qualifica de persecuci\u00f3 pol\u00edtica els articles publicats per Peri\u00f3dico de Ibiza en relaci\u00f3 amb l&#8217;Ajuntament d&#8217;Eivissa\"}]},{\"@type\":\"WebSite\",\"@id\":\"https:\/\/www.psib-psoe.org\/eivissa\/#website\",\"url\":\"https:\/\/www.psib-psoe.org\/eivissa\/\",\"name\":\"Federaci\u00f3 Socialista d'Eivissa\",\"description\":\"Socialistes d&#039;Eivissa\",\"publisher\":{\"@id\":\"https:\/\/www.psib-psoe.org\/eivissa\/#organization\"},\"potentialAction\":[{\"@type\":\"SearchAction\",\"target\":{\"@type\":\"EntryPoint\",\"urlTemplate\":\"https:\/\/www.psib-psoe.org\/eivissa\/?s={search_term_string}\"},\"query-input\":{\"@type\":\"PropertyValueSpecification\",\"valueRequired\":true,\"valueName\":\"search_term_string\"}}],\"inLanguage\":\"ca\"},{\"@type\":\"Organization\",\"@id\":\"https:\/\/www.psib-psoe.org\/eivissa\/#organization\",\"name\":\"Federaci\u00f3 Socialista d'Eivissa\",\"url\":\"https:\/\/www.psib-psoe.org\/eivissa\/\",\"logo\":{\"@type\":\"ImageObject\",\"inLanguage\":\"ca\",\"@id\":\"https:\/\/www.psib-psoe.org\/eivissa\/#\/schema\/logo\/image\/\",\"url\":\"https:\/\/www.psib-psoe.org\/eivissa\/wp-content\/uploads\/LOGO-FSE-SOCIALISTA-DEIVISSA-HORI.png\",\"contentUrl\":\"https:\/\/www.psib-psoe.org\/eivissa\/wp-content\/uploads\/LOGO-FSE-SOCIALISTA-DEIVISSA-HORI.png\",\"width\":6000,\"height\":3104,\"caption\":\"Federaci\u00f3 Socialista d'Eivissa\"},\"image\":{\"@id\":\"https:\/\/www.psib-psoe.org\/eivissa\/#\/schema\/logo\/image\/\"}},{\"@type\":\"Person\",\"@id\":\"https:\/\/www.psib-psoe.org\/eivissa\/#\/schema\/person\/7a9d2841fb36f32e34fc0e9b245e8117\",\"name\":\"Josep Ripoll\",\"sameAs\":[\"http:\/\/www.psib-psoe.org\/eivissa\/wp-login.php\"],\"url\":\"https:\/\/www.psib-psoe.org\/eivissa\/author\/josep\/\"}]}<\/script>\n<!-- \/ Yoast SEO plugin. -->","yoast_head_json":{"title":"El PSOE qualifica de persecuci\u00f3 pol\u00edtica els articles publicats per Peri\u00f3dico de Ibiza en relaci\u00f3 amb l'Ajuntament d'Eivissa - Federaci\u00f3 Socialista d&#039;Eivissa","robots":{"index":"index","follow":"follow","max-snippet":"max-snippet:-1","max-image-preview":"max-image-preview:large","max-video-preview":"max-video-preview:-1"},"canonical":"https:\/\/www.psib-psoe.org\/eivissa\/el-psoe-qualifica-de-persecucio-politica-els-articles-publicats-per-periodico-de-ibiza-en-relacio-amb-lajuntament-deivissa\/","og_locale":"ca_ES","og_type":"article","og_title":"El PSOE qualifica de persecuci\u00f3 pol\u00edtica els articles publicats per Peri\u00f3dico de Ibiza en relaci\u00f3 amb l'Ajuntament d'Eivissa - Federaci\u00f3 Socialista d&#039;Eivissa","og_description":"Els articles que est\u00e0 publicant\u00a0Peri\u00f3dico\u00a0de\u00a0Ibiza\u00a0als darrers dies mostren una absoluta falta de rigor period\u00edstic i una clara intenci\u00f3 de manipular a l&#8217;opini\u00f3 p\u00fablica de la ciutat d&#8217;Eivissa posant en dubte adjudicacions que compten amb tots els informes t\u00e8cnics i jur\u00eddics avalats pels juristes, interventora i t\u00e8cnics de l&#8217;Ajuntament d&#8217;Eivissa. Pel que fa a la relaci\u00f3&hellip;","og_url":"https:\/\/www.psib-psoe.org\/eivissa\/el-psoe-qualifica-de-persecucio-politica-els-articles-publicats-per-periodico-de-ibiza-en-relacio-amb-lajuntament-deivissa\/","og_site_name":"Federaci\u00f3 Socialista d&#039;Eivissa","article_published_time":"2022-10-30T10:35:18+00:00","article_modified_time":"2022-10-30T11:19:52+00:00","og_image":[{"width":1018,"height":1381,"url":"https:\/\/www.psib-psoe.org\/eivissa\/wp-content\/uploads\/PERIODICO-FALS.jpeg","type":"image\/jpeg"}],"author":"Josep Ripoll","twitter_card":"summary_large_image","twitter_misc":{"Escrit per":"Josep Ripoll","Temps estimat de lectura":"2 minuts"},"schema":{"@context":"https:\/\/schema.org","@graph":[{"@type":["Article","BlogPosting"],"@id":"https:\/\/www.psib-psoe.org\/eivissa\/el-psoe-qualifica-de-persecucio-politica-els-articles-publicats-per-periodico-de-ibiza-en-relacio-amb-lajuntament-deivissa\/#article","isPartOf":{"@id":"https:\/\/www.psib-psoe.org\/eivissa\/el-psoe-qualifica-de-persecucio-politica-els-articles-publicats-per-periodico-de-ibiza-en-relacio-amb-lajuntament-deivissa\/"},"author":{"name":"Josep Ripoll","@id":"https:\/\/www.psib-psoe.org\/eivissa\/#\/schema\/person\/7a9d2841fb36f32e34fc0e9b245e8117"},"headline":"El PSOE qualifica de persecuci\u00f3 pol\u00edtica els articles publicats per Peri\u00f3dico de Ibiza en relaci\u00f3 amb l&#8217;Ajuntament d&#8217;Eivissa","datePublished":"2022-10-30T10:35:18+00:00","dateModified":"2022-10-30T11:19:52+00:00","mainEntityOfPage":{"@id":"https:\/\/www.psib-psoe.org\/eivissa\/el-psoe-qualifica-de-persecucio-politica-els-articles-publicats-per-periodico-de-ibiza-en-relacio-amb-lajuntament-deivissa\/"},"wordCount":418,"publisher":{"@id":"https:\/\/www.psib-psoe.org\/eivissa\/#organization"},"image":{"@id":"https:\/\/www.psib-psoe.org\/eivissa\/el-psoe-qualifica-de-persecucio-politica-els-articles-publicats-per-periodico-de-ibiza-en-relacio-amb-lajuntament-deivissa\/#primaryimage"},"thumbnailUrl":"https:\/\/www.psib-psoe.org\/eivissa\/wp-content\/uploads\/PERIODICO-FALS.jpeg","articleSection":["Ciutat d'Eivissa","Federaci\u00f3 d'Eivissa - Portada","Municipis"],"inLanguage":"ca"},{"@type":"WebPage","@id":"https:\/\/www.psib-psoe.org\/eivissa\/el-psoe-qualifica-de-persecucio-politica-els-articles-publicats-per-periodico-de-ibiza-en-relacio-amb-lajuntament-deivissa\/","url":"https:\/\/www.psib-psoe.org\/eivissa\/el-psoe-qualifica-de-persecucio-politica-els-articles-publicats-per-periodico-de-ibiza-en-relacio-amb-lajuntament-deivissa\/","name":"El PSOE qualifica de persecuci\u00f3 pol\u00edtica els articles publicats per Peri\u00f3dico de Ibiza en relaci\u00f3 amb l'Ajuntament d'Eivissa - Federaci\u00f3 Socialista d&#039;Eivissa","isPartOf":{"@id":"https:\/\/www.psib-psoe.org\/eivissa\/#website"},"primaryImageOfPage":{"@id":"https:\/\/www.psib-psoe.org\/eivissa\/el-psoe-qualifica-de-persecucio-politica-els-articles-publicats-per-periodico-de-ibiza-en-relacio-amb-lajuntament-deivissa\/#primaryimage"},"image":{"@id":"https:\/\/www.psib-psoe.org\/eivissa\/el-psoe-qualifica-de-persecucio-politica-els-articles-publicats-per-periodico-de-ibiza-en-relacio-amb-lajuntament-deivissa\/#primaryimage"},"thumbnailUrl":"https:\/\/www.psib-psoe.org\/eivissa\/wp-content\/uploads\/PERIODICO-FALS.jpeg","datePublished":"2022-10-30T10:35:18+00:00","dateModified":"2022-10-30T11:19:52+00:00","breadcrumb":{"@id":"https:\/\/www.psib-psoe.org\/eivissa\/el-psoe-qualifica-de-persecucio-politica-els-articles-publicats-per-periodico-de-ibiza-en-relacio-amb-lajuntament-deivissa\/#breadcrumb"},"inLanguage":"ca","potentialAction":[{"@type":"ReadAction","target":["https:\/\/www.psib-psoe.org\/eivissa\/el-psoe-qualifica-de-persecucio-politica-els-articles-publicats-per-periodico-de-ibiza-en-relacio-amb-lajuntament-deivissa\/"]}]},{"@type":"ImageObject","inLanguage":"ca","@id":"https:\/\/www.psib-psoe.org\/eivissa\/el-psoe-qualifica-de-persecucio-politica-els-articles-publicats-per-periodico-de-ibiza-en-relacio-amb-lajuntament-deivissa\/#primaryimage","url":"https:\/\/www.psib-psoe.org\/eivissa\/wp-content\/uploads\/PERIODICO-FALS.jpeg","contentUrl":"https:\/\/www.psib-psoe.org\/eivissa\/wp-content\/uploads\/PERIODICO-FALS.jpeg","width":1018,"height":1381},{"@type":"BreadcrumbList","@id":"https:\/\/www.psib-psoe.org\/eivissa\/el-psoe-qualifica-de-persecucio-politica-els-articles-publicats-per-periodico-de-ibiza-en-relacio-amb-lajuntament-deivissa\/#breadcrumb","itemListElement":[{"@type":"ListItem","position":1,"name":"Inici","item":"https:\/\/www.psib-psoe.org\/eivissa\/"},{"@type":"ListItem","position":2,"name":"El PSOE qualifica de persecuci\u00f3 pol\u00edtica els articles publicats per Peri\u00f3dico de Ibiza en relaci\u00f3 amb l&#8217;Ajuntament d&#8217;Eivissa"}]},{"@type":"WebSite","@id":"https:\/\/www.psib-psoe.org\/eivissa\/#website","url":"https:\/\/www.psib-psoe.org\/eivissa\/","name":"Federaci\u00f3 Socialista d'Eivissa","description":"Socialistes d&#039;Eivissa","publisher":{"@id":"https:\/\/www.psib-psoe.org\/eivissa\/#organization"},"potentialAction":[{"@type":"SearchAction","target":{"@type":"EntryPoint","urlTemplate":"https:\/\/www.psib-psoe.org\/eivissa\/?s={search_term_string}"},"query-input":{"@type":"PropertyValueSpecification","valueRequired":true,"valueName":"search_term_string"}}],"inLanguage":"ca"},{"@type":"Organization","@id":"https:\/\/www.psib-psoe.org\/eivissa\/#organization","name":"Federaci\u00f3 Socialista d'Eivissa","url":"https:\/\/www.psib-psoe.org\/eivissa\/","logo":{"@type":"ImageObject","inLanguage":"ca","@id":"https:\/\/www.psib-psoe.org\/eivissa\/#\/schema\/logo\/image\/","url":"https:\/\/www.psib-psoe.org\/eivissa\/wp-content\/uploads\/LOGO-FSE-SOCIALISTA-DEIVISSA-HORI.png","contentUrl":"https:\/\/www.psib-psoe.org\/eivissa\/wp-content\/uploads\/LOGO-FSE-SOCIALISTA-DEIVISSA-HORI.png","width":6000,"height":3104,"caption":"Federaci\u00f3 Socialista d'Eivissa"},"image":{"@id":"https:\/\/www.psib-psoe.org\/eivissa\/#\/schema\/logo\/image\/"}},{"@type":"Person","@id":"https:\/\/www.psib-psoe.org\/eivissa\/#\/schema\/person\/7a9d2841fb36f32e34fc0e9b245e8117","name":"Josep Ripoll","sameAs":["http:\/\/www.psib-psoe.org\/eivissa\/wp-login.php"],"url":"https:\/\/www.psib-psoe.org\/eivissa\/author\/josep\/"}]}},"_links":{"self":[{"href":"https:\/\/www.psib-psoe.org\/eivissa\/wp-json\/wp\/v2\/posts\/36473","targetHints":{"allow":["GET"]}}],"collection":[{"href":"https:\/\/www.psib-psoe.org\/eivissa\/wp-json\/wp\/v2\/posts"}],"about":[{"href":"https:\/\/www.psib-psoe.org\/eivissa\/wp-json\/wp\/v2\/types\/post"}],"author":[{"embeddable":true,"href":"https:\/\/www.psib-psoe.org\/eivissa\/wp-json\/wp\/v2\/users\/7"}],"replies":[{"embeddable":true,"href":"https:\/\/www.psib-psoe.org\/eivissa\/wp-json\/wp\/v2\/comments?post=36473"}],"version-history":[{"count":2,"href":"https:\/\/www.psib-psoe.org\/eivissa\/wp-json\/wp\/v2\/posts\/36473\/revisions"}],"predecessor-version":[{"id":36480,"href":"https:\/\/www.psib-psoe.org\/eivissa\/wp-json\/wp\/v2\/posts\/36473\/revisions\/36480"}],"wp:featuredmedia":[{"embeddable":true,"href":"https:\/\/www.psib-psoe.org\/eivissa\/wp-json\/wp\/v2\/media\/36474"}],"wp:attachment":[{"href":"https:\/\/www.psib-psoe.org\/eivissa\/wp-json\/wp\/v2\/media?parent=36473"}],"wp:term":[{"taxonomy":"category","embeddable":true,"href":"https:\/\/www.psib-psoe.org\/eivissa\/wp-json\/wp\/v2\/categories?post=36473"},{"taxonomy":"post_tag","embeddable":true,"href":"https:\/\/www.psib-psoe.org\/eivissa\/wp-json\/wp\/v2\/tags?post=36473"}],"curies":[{"name":"wp","href":"https:\/\/api.w.org\/{rel}","templated":true}]}}