{"id":36489,"date":"2022-11-03T13:40:45","date_gmt":"2022-11-03T11:40:45","guid":{"rendered":"https:\/\/www.psib-psoe.org\/eivissa\/?p=36489"},"modified":"2022-11-03T13:40:45","modified_gmt":"2022-11-03T11:40:45","slug":"el-psoe-es-planta-davant-la-imposicio-territorial-de-vicent-mari-no-estam-dacord-en-desprotegir-el-territori-josep-mari-ribas-rafa-ruiz-angel-luis-guerrero-i-vicent-torres-compareixen-per-de","status":"publish","type":"post","link":"https:\/\/www.psib-psoe.org\/eivissa\/el-psoe-es-planta-davant-la-imposicio-territorial-de-vicent-mari-no-estam-dacord-en-desprotegir-el-territori-josep-mari-ribas-rafa-ruiz-angel-luis-guerrero-i-vicent-torres-compareixen-per-de\/","title":{"rendered":"El PSOE es planta davant la imposici\u00f3 territorial de Vicent Mar\u00ed: &#8220;No estam d&#8217;acord en desprotegir el territori&#8221;. Josep Mar\u00ed Ribas, Rafa Ruiz, \u00c1ngel Luis Guerrero i Vicent Torres compareixen per denunciar l&#8217;incompliment del PP del comprom\u00eds de consens en territori"},"content":{"rendered":"<p>El PSOE s&#8217;ha plantat davant les intencions de Vicent Mar\u00ed d&#8217;imposar una modificaci\u00f3 del\u00a0PTI\u00a0per permetre m\u00e9s construcci\u00f3 i m\u00e9s usos tur\u00edstics al camp: &#8220;No estam d&#8217;acord en desprotegir el territori&#8221;, ha manifestat de manera contundent Josep Mar\u00ed\u00a0Ribas, secretari general de la FSE-PSOE i candidat a la presid\u00e8ncia del Consell Insular d&#8217;Eivissa, que ha comparegut acompanyat dels alcaldes Rafa Ruiz i\u00a0\u00c1ngel\u00a0Luis\u00a0Guerrero i del portaveu socialista al Consell, Vicent Torres, per manifestar el rebuig socialista a les intencions del Partit Popular. A m\u00e9s, han denunciat l&#8217;incompliment de Vicent Mar\u00ed del seu comprom\u00eds de &#8220;consens&#8221; en mat\u00e8ria de territori.<\/p>\n<p>&#8220;Diu (Vicent Mar\u00ed) que vol permetre usos tur\u00edstics actualment prohibits:\u00a0Naltros\u00a0no hi\u00a0estam\u00a0d&#8217;acord. Diu que vol fer una modificaci\u00f3 consensuada: Que\u00a0naltros\u00a0sapiguem, aqu\u00ed tenim alguns representants municipals i del nostre grup al Consell Insular, no han fet cap consens&#8221;, ha denunciat Mar\u00ed\u00a0Ribas.<\/p>\n<p>&#8220;La preocupaci\u00f3 dels governants d&#8217;aquesta illa hauria d&#8217;estar\u00a0a\u00a0fer habitatges que la gent necessita a preu raonable, i no anar a un mercat especulatiu, que se&#8217;n va al sector tur\u00edstic&#8221;, ha advertit el secretari general de la FSE-PSOE, criticant que Vicent Mar\u00ed nom\u00e9s es preocupa en promoure la construcci\u00f3 en s\u00f2l r\u00fastic i l&#8217;explotaci\u00f3 tur\u00edstica del camp, en comptes d&#8217;impulsar pol\u00edtiques d&#8217;habitatge per a la ciutadania.<\/p>\n<p>El secretari general socialista ha defensat la protecci\u00f3 aprovada de l&#8217;anterior legislatura, recordant que l&#8217;any 2019 el Partit Popular va basar la\u00a0seua\u00a0campanya electoral en la cr\u00edtica a la Modificaci\u00f3 del\u00a0PTI\u00a0del Consell Insular progressista. &#8220;Una Modificaci\u00f3 que va rebre el vot i la campanya en contra del PP, per\u00f2 sense que el PP volgu\u00e9s fer cap proposta, negant-se al di\u00e0leg. Encara avui no sabem quina proposta territorial tenia per a Eivissa, no ho varen dir mai&#8221;, ha recordat Mar\u00ed\u00a0Ribas.<\/p>\n<p>&#8220;Mai varen dir si estaven d&#8217;acord o no en reduir les dimensions de les construccions en s\u00f2l r\u00fastic o les mesures d&#8217;estalvi d&#8217;aigua que es varen fixar, mai varen dir si estaven d&#8217;acord o no en prohibir l&#8217;edificaci\u00f3 en s\u00f2ls forestals i protegits&#8221;.<\/p>\n<p>Mar\u00ed\u00a0Ribas\u00a0ha recordat l&#8217;acord de legislatura firmat el 2019 entre el PP i Ciutadans al Consell Insular, que deia:\u00a0<i>&#8220;<\/i><i>Aprobaremos\u00a0la\u00a0Revisi\u00f3n\u00a0del\u00a0P<wbr \/>TI,\u00a0tras\u00a0la\u00a0modificaci\u00f3n\u00a0impue<wbr \/>sta\u00a0unilateralmente\u00a0por PSOE\u00a0y\u00a0Podemos al final\u00a0de esta\u00a0pasada\u00a0legislatura.\u00a0Lo\u00a0ha<wbr \/>remos\u00a0con\u00a0el\u00a0m\u00e1ximo\u00a0consenso\u00a0<wbr \/>social,\u00a0as\u00ed\u00a0como\u00a0la\u00a0participac<wbr \/>i\u00f3n\u00a0de\u00a0todas\u00a0las\u00a0administracio<wbr \/>nes,\u00a0grupos\u00a0pol\u00edticos\u00a0y\u00a0colegi<wbr \/>os\u00a0profesionales<\/i><i>&#8220;<\/i>.<\/p>\n<p>El secretari general de la FSE-PSOE ha exigit a Vicent Mar\u00ed que expliqui &#8220;amb quins col\u00b7lectius s&#8217;han reunit, amb quins col\u00b7lectius han\u00a0tengut\u00a0converses sobre aquesta modificaci\u00f3&#8221;, i &#8220;quins criteris han seguit per implementar aquestes modificacions, que tampoc no coneixem en la\u00a0seua\u00a0profunditat, m\u00e9s enll\u00e0 del que alguns diaris ens han informat&#8221;.<\/p>\n<p>Mar\u00ed\u00a0Ribas\u00a0ha remarcat que la major part\u00a0dels\u00a0problemes territorials que avui pateix l&#8217;illa d&#8217;Eivissa tenen l&#8217;origen\u00a0en una planificaci\u00f3 territorial promoguda pel Partit Popular en favor de l&#8217;especulaci\u00f3 urban\u00edstica i tur\u00edstica. &#8220;Qualsevol modificaci\u00f3 ser\u00e0 per desprotegir, i Eivissa, en\u00a0aquestos\u00a0moments, no est\u00e0 per m\u00e9s invents&#8221;, ha concl\u00f2s el secretari general i candidat socialista a la presid\u00e8ncia del Consell Insular a les pr\u00f2ximes eleccions.<\/p>\n","protected":false},"excerpt":{"rendered":"<p>El PSOE s&#8217;ha plantat davant les intencions de Vicent Mar\u00ed d&#8217;imposar una modificaci\u00f3 del\u00a0PTI\u00a0per permetre m\u00e9s construcci\u00f3 i m\u00e9s usos tur\u00edstics al camp: &#8220;No estam d&#8217;acord en desprotegir el territori&#8221;, ha manifestat de manera contundent Josep Mar\u00ed\u00a0Ribas, secretari general de la FSE-PSOE i candidat a la presid\u00e8ncia del Consell Insular d&#8217;Eivissa, que ha comparegut acompanyat&hellip;<\/p>\n","protected":false},"author":7,"featured_media":36490,"comment_status":"closed","ping_status":"closed","sticky":false,"template":"","format":"standard","meta":{"footnotes":""},"categories":[183,192,1,234,187],"tags":[],"class_list":["post-36489","post","type-post","status-publish","format-standard","has-post-thumbnail","hentry","category-ciutat-deivissa","category-consell-deivissa","category-federacio-de-eivissa-portada","category-municipis","category-sant-josep-de-sa-talaia"],"yoast_head":"<!-- This site is optimized with the Yoast SEO plugin v26.9 - https:\/\/yoast.com\/product\/yoast-seo-wordpress\/ -->\n<title>El PSOE es planta davant la imposici\u00f3 territorial de Vicent Mar\u00ed: &quot;No estam d&#039;acord en desprotegir el territori&quot;. Josep Mar\u00ed Ribas, Rafa Ruiz, \u00c1ngel Luis Guerrero i Vicent Torres compareixen per denunciar l&#039;incompliment del PP del comprom\u00eds de consens en territori - Federaci\u00f3 Socialista d&#039;Eivissa<\/title>\n<meta name=\"robots\" content=\"index, follow, max-snippet:-1, max-image-preview:large, max-video-preview:-1\" \/>\n<link rel=\"canonical\" href=\"https:\/\/www.psib-psoe.org\/eivissa\/el-psoe-es-planta-davant-la-imposicio-territorial-de-vicent-mari-no-estam-dacord-en-desprotegir-el-territori-josep-mari-ribas-rafa-ruiz-angel-luis-guerrero-i-vicent-torres-compareixen-per-de\/\" \/>\n<meta property=\"og:locale\" content=\"ca_ES\" \/>\n<meta property=\"og:type\" content=\"article\" \/>\n<meta property=\"og:title\" content=\"El PSOE es planta davant la imposici\u00f3 territorial de Vicent Mar\u00ed: &quot;No estam d&#039;acord en desprotegir el territori&quot;. Josep Mar\u00ed Ribas, Rafa Ruiz, \u00c1ngel Luis Guerrero i Vicent Torres compareixen per denunciar l&#039;incompliment del PP del comprom\u00eds de consens en territori - Federaci\u00f3 Socialista d&#039;Eivissa\" \/>\n<meta property=\"og:description\" content=\"El PSOE s&#8217;ha plantat davant les intencions de Vicent Mar\u00ed d&#8217;imposar una modificaci\u00f3 del\u00a0PTI\u00a0per permetre m\u00e9s construcci\u00f3 i m\u00e9s usos tur\u00edstics al camp: &#8220;No estam d&#8217;acord en desprotegir el territori&#8221;, ha manifestat de manera contundent Josep Mar\u00ed\u00a0Ribas, secretari general de la FSE-PSOE i candidat a la presid\u00e8ncia del Consell Insular d&#8217;Eivissa, que ha comparegut acompanyat&hellip;\" \/>\n<meta property=\"og:url\" content=\"https:\/\/www.psib-psoe.org\/eivissa\/el-psoe-es-planta-davant-la-imposicio-territorial-de-vicent-mari-no-estam-dacord-en-desprotegir-el-territori-josep-mari-ribas-rafa-ruiz-angel-luis-guerrero-i-vicent-torres-compareixen-per-de\/\" \/>\n<meta property=\"og:site_name\" content=\"Federaci\u00f3 Socialista d&#039;Eivissa\" \/>\n<meta property=\"article:published_time\" content=\"2022-11-03T11:40:45+00:00\" \/>\n<meta property=\"og:image\" content=\"https:\/\/www.psib-psoe.org\/eivissa\/wp-content\/uploads\/rdp-pti-psoe-1024x580.jpg\" \/>\n\t<meta property=\"og:image:width\" content=\"1024\" \/>\n\t<meta property=\"og:image:height\" content=\"580\" \/>\n\t<meta property=\"og:image:type\" content=\"image\/jpeg\" \/>\n<meta name=\"author\" content=\"Josep Ripoll\" \/>\n<meta name=\"twitter:card\" content=\"summary_large_image\" \/>\n<meta name=\"twitter:label1\" content=\"Escrit per\" \/>\n\t<meta name=\"twitter:data1\" content=\"Josep Ripoll\" \/>\n\t<meta name=\"twitter:label2\" content=\"Temps estimat de lectura\" \/>\n\t<meta name=\"twitter:data2\" content=\"3 minuts\" \/>\n<script type=\"application\/ld+json\" class=\"yoast-schema-graph\">{\"@context\":\"https:\/\/schema.org\",\"@graph\":[{\"@type\":[\"Article\",\"BlogPosting\"],\"@id\":\"https:\/\/www.psib-psoe.org\/eivissa\/el-psoe-es-planta-davant-la-imposicio-territorial-de-vicent-mari-no-estam-dacord-en-desprotegir-el-territori-josep-mari-ribas-rafa-ruiz-angel-luis-guerrero-i-vicent-torres-compareixen-per-de\/#article\",\"isPartOf\":{\"@id\":\"https:\/\/www.psib-psoe.org\/eivissa\/el-psoe-es-planta-davant-la-imposicio-territorial-de-vicent-mari-no-estam-dacord-en-desprotegir-el-territori-josep-mari-ribas-rafa-ruiz-angel-luis-guerrero-i-vicent-torres-compareixen-per-de\/\"},\"author\":{\"name\":\"Josep Ripoll\",\"@id\":\"https:\/\/www.psib-psoe.org\/eivissa\/#\/schema\/person\/7a9d2841fb36f32e34fc0e9b245e8117\"},\"headline\":\"El PSOE es planta davant la imposici\u00f3 territorial de Vicent Mar\u00ed: &#8220;No estam d&#8217;acord en desprotegir el territori&#8221;. Josep Mar\u00ed Ribas, Rafa Ruiz, \u00c1ngel Luis Guerrero i Vicent Torres compareixen per denunciar l&#8217;incompliment del PP del comprom\u00eds de consens en territori\",\"datePublished\":\"2022-11-03T11:40:45+00:00\",\"mainEntityOfPage\":{\"@id\":\"https:\/\/www.psib-psoe.org\/eivissa\/el-psoe-es-planta-davant-la-imposicio-territorial-de-vicent-mari-no-estam-dacord-en-desprotegir-el-territori-josep-mari-ribas-rafa-ruiz-angel-luis-guerrero-i-vicent-torres-compareixen-per-de\/\"},\"wordCount\":594,\"publisher\":{\"@id\":\"https:\/\/www.psib-psoe.org\/eivissa\/#organization\"},\"image\":{\"@id\":\"https:\/\/www.psib-psoe.org\/eivissa\/el-psoe-es-planta-davant-la-imposicio-territorial-de-vicent-mari-no-estam-dacord-en-desprotegir-el-territori-josep-mari-ribas-rafa-ruiz-angel-luis-guerrero-i-vicent-torres-compareixen-per-de\/#primaryimage\"},\"thumbnailUrl\":\"https:\/\/www.psib-psoe.org\/eivissa\/wp-content\/uploads\/rdp-pti-psoe.jpg\",\"articleSection\":[\"Ciutat d'Eivissa\",\"Consell d'Eivissa\",\"Federaci\u00f3 d'Eivissa - Portada\",\"Municipis\",\"Sant Josep de sa Talaia\"],\"inLanguage\":\"ca\"},{\"@type\":\"WebPage\",\"@id\":\"https:\/\/www.psib-psoe.org\/eivissa\/el-psoe-es-planta-davant-la-imposicio-territorial-de-vicent-mari-no-estam-dacord-en-desprotegir-el-territori-josep-mari-ribas-rafa-ruiz-angel-luis-guerrero-i-vicent-torres-compareixen-per-de\/\",\"url\":\"https:\/\/www.psib-psoe.org\/eivissa\/el-psoe-es-planta-davant-la-imposicio-territorial-de-vicent-mari-no-estam-dacord-en-desprotegir-el-territori-josep-mari-ribas-rafa-ruiz-angel-luis-guerrero-i-vicent-torres-compareixen-per-de\/\",\"name\":\"El PSOE es planta davant la imposici\u00f3 territorial de Vicent Mar\u00ed: \\\"No estam d'acord en desprotegir el territori\\\". Josep Mar\u00ed Ribas, Rafa Ruiz, \u00c1ngel Luis Guerrero i Vicent Torres compareixen per denunciar l'incompliment del PP del comprom\u00eds de consens en territori - Federaci\u00f3 Socialista d&#039;Eivissa\",\"isPartOf\":{\"@id\":\"https:\/\/www.psib-psoe.org\/eivissa\/#website\"},\"primaryImageOfPage\":{\"@id\":\"https:\/\/www.psib-psoe.org\/eivissa\/el-psoe-es-planta-davant-la-imposicio-territorial-de-vicent-mari-no-estam-dacord-en-desprotegir-el-territori-josep-mari-ribas-rafa-ruiz-angel-luis-guerrero-i-vicent-torres-compareixen-per-de\/#primaryimage\"},\"image\":{\"@id\":\"https:\/\/www.psib-psoe.org\/eivissa\/el-psoe-es-planta-davant-la-imposicio-territorial-de-vicent-mari-no-estam-dacord-en-desprotegir-el-territori-josep-mari-ribas-rafa-ruiz-angel-luis-guerrero-i-vicent-torres-compareixen-per-de\/#primaryimage\"},\"thumbnailUrl\":\"https:\/\/www.psib-psoe.org\/eivissa\/wp-content\/uploads\/rdp-pti-psoe.jpg\",\"datePublished\":\"2022-11-03T11:40:45+00:00\",\"breadcrumb\":{\"@id\":\"https:\/\/www.psib-psoe.org\/eivissa\/el-psoe-es-planta-davant-la-imposicio-territorial-de-vicent-mari-no-estam-dacord-en-desprotegir-el-territori-josep-mari-ribas-rafa-ruiz-angel-luis-guerrero-i-vicent-torres-compareixen-per-de\/#breadcrumb\"},\"inLanguage\":\"ca\",\"potentialAction\":[{\"@type\":\"ReadAction\",\"target\":[\"https:\/\/www.psib-psoe.org\/eivissa\/el-psoe-es-planta-davant-la-imposicio-territorial-de-vicent-mari-no-estam-dacord-en-desprotegir-el-territori-josep-mari-ribas-rafa-ruiz-angel-luis-guerrero-i-vicent-torres-compareixen-per-de\/\"]}]},{\"@type\":\"ImageObject\",\"inLanguage\":\"ca\",\"@id\":\"https:\/\/www.psib-psoe.org\/eivissa\/el-psoe-es-planta-davant-la-imposicio-territorial-de-vicent-mari-no-estam-dacord-en-desprotegir-el-territori-josep-mari-ribas-rafa-ruiz-angel-luis-guerrero-i-vicent-torres-compareixen-per-de\/#primaryimage\",\"url\":\"https:\/\/www.psib-psoe.org\/eivissa\/wp-content\/uploads\/rdp-pti-psoe.jpg\",\"contentUrl\":\"https:\/\/www.psib-psoe.org\/eivissa\/wp-content\/uploads\/rdp-pti-psoe.jpg\",\"width\":4240,\"height\":2400},{\"@type\":\"BreadcrumbList\",\"@id\":\"https:\/\/www.psib-psoe.org\/eivissa\/el-psoe-es-planta-davant-la-imposicio-territorial-de-vicent-mari-no-estam-dacord-en-desprotegir-el-territori-josep-mari-ribas-rafa-ruiz-angel-luis-guerrero-i-vicent-torres-compareixen-per-de\/#breadcrumb\",\"itemListElement\":[{\"@type\":\"ListItem\",\"position\":1,\"name\":\"Inici\",\"item\":\"https:\/\/www.psib-psoe.org\/eivissa\/\"},{\"@type\":\"ListItem\",\"position\":2,\"name\":\"El PSOE es planta davant la imposici\u00f3 territorial de Vicent Mar\u00ed: &#8220;No estam d&#8217;acord en desprotegir el territori&#8221;. Josep Mar\u00ed Ribas, Rafa Ruiz, \u00c1ngel Luis Guerrero i Vicent Torres compareixen per denunciar l&#8217;incompliment del PP del comprom\u00eds de consens en territori\"}]},{\"@type\":\"WebSite\",\"@id\":\"https:\/\/www.psib-psoe.org\/eivissa\/#website\",\"url\":\"https:\/\/www.psib-psoe.org\/eivissa\/\",\"name\":\"Federaci\u00f3 Socialista d'Eivissa\",\"description\":\"Socialistes d&#039;Eivissa\",\"publisher\":{\"@id\":\"https:\/\/www.psib-psoe.org\/eivissa\/#organization\"},\"potentialAction\":[{\"@type\":\"SearchAction\",\"target\":{\"@type\":\"EntryPoint\",\"urlTemplate\":\"https:\/\/www.psib-psoe.org\/eivissa\/?s={search_term_string}\"},\"query-input\":{\"@type\":\"PropertyValueSpecification\",\"valueRequired\":true,\"valueName\":\"search_term_string\"}}],\"inLanguage\":\"ca\"},{\"@type\":\"Organization\",\"@id\":\"https:\/\/www.psib-psoe.org\/eivissa\/#organization\",\"name\":\"Federaci\u00f3 Socialista d'Eivissa\",\"url\":\"https:\/\/www.psib-psoe.org\/eivissa\/\",\"logo\":{\"@type\":\"ImageObject\",\"inLanguage\":\"ca\",\"@id\":\"https:\/\/www.psib-psoe.org\/eivissa\/#\/schema\/logo\/image\/\",\"url\":\"https:\/\/www.psib-psoe.org\/eivissa\/wp-content\/uploads\/LOGO-FSE-SOCIALISTA-DEIVISSA-HORI.png\",\"contentUrl\":\"https:\/\/www.psib-psoe.org\/eivissa\/wp-content\/uploads\/LOGO-FSE-SOCIALISTA-DEIVISSA-HORI.png\",\"width\":6000,\"height\":3104,\"caption\":\"Federaci\u00f3 Socialista d'Eivissa\"},\"image\":{\"@id\":\"https:\/\/www.psib-psoe.org\/eivissa\/#\/schema\/logo\/image\/\"}},{\"@type\":\"Person\",\"@id\":\"https:\/\/www.psib-psoe.org\/eivissa\/#\/schema\/person\/7a9d2841fb36f32e34fc0e9b245e8117\",\"name\":\"Josep Ripoll\",\"sameAs\":[\"http:\/\/www.psib-psoe.org\/eivissa\/wp-login.php\"],\"url\":\"https:\/\/www.psib-psoe.org\/eivissa\/author\/josep\/\"}]}<\/script>\n<!-- \/ Yoast SEO plugin. -->","yoast_head_json":{"title":"El PSOE es planta davant la imposici\u00f3 territorial de Vicent Mar\u00ed: \"No estam d'acord en desprotegir el territori\". Josep Mar\u00ed Ribas, Rafa Ruiz, \u00c1ngel Luis Guerrero i Vicent Torres compareixen per denunciar l'incompliment del PP del comprom\u00eds de consens en territori - Federaci\u00f3 Socialista d&#039;Eivissa","robots":{"index":"index","follow":"follow","max-snippet":"max-snippet:-1","max-image-preview":"max-image-preview:large","max-video-preview":"max-video-preview:-1"},"canonical":"https:\/\/www.psib-psoe.org\/eivissa\/el-psoe-es-planta-davant-la-imposicio-territorial-de-vicent-mari-no-estam-dacord-en-desprotegir-el-territori-josep-mari-ribas-rafa-ruiz-angel-luis-guerrero-i-vicent-torres-compareixen-per-de\/","og_locale":"ca_ES","og_type":"article","og_title":"El PSOE es planta davant la imposici\u00f3 territorial de Vicent Mar\u00ed: \"No estam d'acord en desprotegir el territori\". Josep Mar\u00ed Ribas, Rafa Ruiz, \u00c1ngel Luis Guerrero i Vicent Torres compareixen per denunciar l'incompliment del PP del comprom\u00eds de consens en territori - Federaci\u00f3 Socialista d&#039;Eivissa","og_description":"El PSOE s&#8217;ha plantat davant les intencions de Vicent Mar\u00ed d&#8217;imposar una modificaci\u00f3 del\u00a0PTI\u00a0per permetre m\u00e9s construcci\u00f3 i m\u00e9s usos tur\u00edstics al camp: &#8220;No estam d&#8217;acord en desprotegir el territori&#8221;, ha manifestat de manera contundent Josep Mar\u00ed\u00a0Ribas, secretari general de la FSE-PSOE i candidat a la presid\u00e8ncia del Consell Insular d&#8217;Eivissa, que ha comparegut acompanyat&hellip;","og_url":"https:\/\/www.psib-psoe.org\/eivissa\/el-psoe-es-planta-davant-la-imposicio-territorial-de-vicent-mari-no-estam-dacord-en-desprotegir-el-territori-josep-mari-ribas-rafa-ruiz-angel-luis-guerrero-i-vicent-torres-compareixen-per-de\/","og_site_name":"Federaci\u00f3 Socialista d&#039;Eivissa","article_published_time":"2022-11-03T11:40:45+00:00","og_image":[{"width":1024,"height":580,"url":"https:\/\/www.psib-psoe.org\/eivissa\/wp-content\/uploads\/rdp-pti-psoe-1024x580.jpg","type":"image\/jpeg"}],"author":"Josep Ripoll","twitter_card":"summary_large_image","twitter_misc":{"Escrit per":"Josep Ripoll","Temps estimat de lectura":"3 minuts"},"schema":{"@context":"https:\/\/schema.org","@graph":[{"@type":["Article","BlogPosting"],"@id":"https:\/\/www.psib-psoe.org\/eivissa\/el-psoe-es-planta-davant-la-imposicio-territorial-de-vicent-mari-no-estam-dacord-en-desprotegir-el-territori-josep-mari-ribas-rafa-ruiz-angel-luis-guerrero-i-vicent-torres-compareixen-per-de\/#article","isPartOf":{"@id":"https:\/\/www.psib-psoe.org\/eivissa\/el-psoe-es-planta-davant-la-imposicio-territorial-de-vicent-mari-no-estam-dacord-en-desprotegir-el-territori-josep-mari-ribas-rafa-ruiz-angel-luis-guerrero-i-vicent-torres-compareixen-per-de\/"},"author":{"name":"Josep Ripoll","@id":"https:\/\/www.psib-psoe.org\/eivissa\/#\/schema\/person\/7a9d2841fb36f32e34fc0e9b245e8117"},"headline":"El PSOE es planta davant la imposici\u00f3 territorial de Vicent Mar\u00ed: &#8220;No estam d&#8217;acord en desprotegir el territori&#8221;. Josep Mar\u00ed Ribas, Rafa Ruiz, \u00c1ngel Luis Guerrero i Vicent Torres compareixen per denunciar l&#8217;incompliment del PP del comprom\u00eds de consens en territori","datePublished":"2022-11-03T11:40:45+00:00","mainEntityOfPage":{"@id":"https:\/\/www.psib-psoe.org\/eivissa\/el-psoe-es-planta-davant-la-imposicio-territorial-de-vicent-mari-no-estam-dacord-en-desprotegir-el-territori-josep-mari-ribas-rafa-ruiz-angel-luis-guerrero-i-vicent-torres-compareixen-per-de\/"},"wordCount":594,"publisher":{"@id":"https:\/\/www.psib-psoe.org\/eivissa\/#organization"},"image":{"@id":"https:\/\/www.psib-psoe.org\/eivissa\/el-psoe-es-planta-davant-la-imposicio-territorial-de-vicent-mari-no-estam-dacord-en-desprotegir-el-territori-josep-mari-ribas-rafa-ruiz-angel-luis-guerrero-i-vicent-torres-compareixen-per-de\/#primaryimage"},"thumbnailUrl":"https:\/\/www.psib-psoe.org\/eivissa\/wp-content\/uploads\/rdp-pti-psoe.jpg","articleSection":["Ciutat d'Eivissa","Consell d'Eivissa","Federaci\u00f3 d'Eivissa - Portada","Municipis","Sant Josep de sa Talaia"],"inLanguage":"ca"},{"@type":"WebPage","@id":"https:\/\/www.psib-psoe.org\/eivissa\/el-psoe-es-planta-davant-la-imposicio-territorial-de-vicent-mari-no-estam-dacord-en-desprotegir-el-territori-josep-mari-ribas-rafa-ruiz-angel-luis-guerrero-i-vicent-torres-compareixen-per-de\/","url":"https:\/\/www.psib-psoe.org\/eivissa\/el-psoe-es-planta-davant-la-imposicio-territorial-de-vicent-mari-no-estam-dacord-en-desprotegir-el-territori-josep-mari-ribas-rafa-ruiz-angel-luis-guerrero-i-vicent-torres-compareixen-per-de\/","name":"El PSOE es planta davant la imposici\u00f3 territorial de Vicent Mar\u00ed: \"No estam d'acord en desprotegir el territori\". Josep Mar\u00ed Ribas, Rafa Ruiz, \u00c1ngel Luis Guerrero i Vicent Torres compareixen per denunciar l'incompliment del PP del comprom\u00eds de consens en territori - Federaci\u00f3 Socialista d&#039;Eivissa","isPartOf":{"@id":"https:\/\/www.psib-psoe.org\/eivissa\/#website"},"primaryImageOfPage":{"@id":"https:\/\/www.psib-psoe.org\/eivissa\/el-psoe-es-planta-davant-la-imposicio-territorial-de-vicent-mari-no-estam-dacord-en-desprotegir-el-territori-josep-mari-ribas-rafa-ruiz-angel-luis-guerrero-i-vicent-torres-compareixen-per-de\/#primaryimage"},"image":{"@id":"https:\/\/www.psib-psoe.org\/eivissa\/el-psoe-es-planta-davant-la-imposicio-territorial-de-vicent-mari-no-estam-dacord-en-desprotegir-el-territori-josep-mari-ribas-rafa-ruiz-angel-luis-guerrero-i-vicent-torres-compareixen-per-de\/#primaryimage"},"thumbnailUrl":"https:\/\/www.psib-psoe.org\/eivissa\/wp-content\/uploads\/rdp-pti-psoe.jpg","datePublished":"2022-11-03T11:40:45+00:00","breadcrumb":{"@id":"https:\/\/www.psib-psoe.org\/eivissa\/el-psoe-es-planta-davant-la-imposicio-territorial-de-vicent-mari-no-estam-dacord-en-desprotegir-el-territori-josep-mari-ribas-rafa-ruiz-angel-luis-guerrero-i-vicent-torres-compareixen-per-de\/#breadcrumb"},"inLanguage":"ca","potentialAction":[{"@type":"ReadAction","target":["https:\/\/www.psib-psoe.org\/eivissa\/el-psoe-es-planta-davant-la-imposicio-territorial-de-vicent-mari-no-estam-dacord-en-desprotegir-el-territori-josep-mari-ribas-rafa-ruiz-angel-luis-guerrero-i-vicent-torres-compareixen-per-de\/"]}]},{"@type":"ImageObject","inLanguage":"ca","@id":"https:\/\/www.psib-psoe.org\/eivissa\/el-psoe-es-planta-davant-la-imposicio-territorial-de-vicent-mari-no-estam-dacord-en-desprotegir-el-territori-josep-mari-ribas-rafa-ruiz-angel-luis-guerrero-i-vicent-torres-compareixen-per-de\/#primaryimage","url":"https:\/\/www.psib-psoe.org\/eivissa\/wp-content\/uploads\/rdp-pti-psoe.jpg","contentUrl":"https:\/\/www.psib-psoe.org\/eivissa\/wp-content\/uploads\/rdp-pti-psoe.jpg","width":4240,"height":2400},{"@type":"BreadcrumbList","@id":"https:\/\/www.psib-psoe.org\/eivissa\/el-psoe-es-planta-davant-la-imposicio-territorial-de-vicent-mari-no-estam-dacord-en-desprotegir-el-territori-josep-mari-ribas-rafa-ruiz-angel-luis-guerrero-i-vicent-torres-compareixen-per-de\/#breadcrumb","itemListElement":[{"@type":"ListItem","position":1,"name":"Inici","item":"https:\/\/www.psib-psoe.org\/eivissa\/"},{"@type":"ListItem","position":2,"name":"El PSOE es planta davant la imposici\u00f3 territorial de Vicent Mar\u00ed: &#8220;No estam d&#8217;acord en desprotegir el territori&#8221;. Josep Mar\u00ed Ribas, Rafa Ruiz, \u00c1ngel Luis Guerrero i Vicent Torres compareixen per denunciar l&#8217;incompliment del PP del comprom\u00eds de consens en territori"}]},{"@type":"WebSite","@id":"https:\/\/www.psib-psoe.org\/eivissa\/#website","url":"https:\/\/www.psib-psoe.org\/eivissa\/","name":"Federaci\u00f3 Socialista d'Eivissa","description":"Socialistes d&#039;Eivissa","publisher":{"@id":"https:\/\/www.psib-psoe.org\/eivissa\/#organization"},"potentialAction":[{"@type":"SearchAction","target":{"@type":"EntryPoint","urlTemplate":"https:\/\/www.psib-psoe.org\/eivissa\/?s={search_term_string}"},"query-input":{"@type":"PropertyValueSpecification","valueRequired":true,"valueName":"search_term_string"}}],"inLanguage":"ca"},{"@type":"Organization","@id":"https:\/\/www.psib-psoe.org\/eivissa\/#organization","name":"Federaci\u00f3 Socialista d'Eivissa","url":"https:\/\/www.psib-psoe.org\/eivissa\/","logo":{"@type":"ImageObject","inLanguage":"ca","@id":"https:\/\/www.psib-psoe.org\/eivissa\/#\/schema\/logo\/image\/","url":"https:\/\/www.psib-psoe.org\/eivissa\/wp-content\/uploads\/LOGO-FSE-SOCIALISTA-DEIVISSA-HORI.png","contentUrl":"https:\/\/www.psib-psoe.org\/eivissa\/wp-content\/uploads\/LOGO-FSE-SOCIALISTA-DEIVISSA-HORI.png","width":6000,"height":3104,"caption":"Federaci\u00f3 Socialista d'Eivissa"},"image":{"@id":"https:\/\/www.psib-psoe.org\/eivissa\/#\/schema\/logo\/image\/"}},{"@type":"Person","@id":"https:\/\/www.psib-psoe.org\/eivissa\/#\/schema\/person\/7a9d2841fb36f32e34fc0e9b245e8117","name":"Josep Ripoll","sameAs":["http:\/\/www.psib-psoe.org\/eivissa\/wp-login.php"],"url":"https:\/\/www.psib-psoe.org\/eivissa\/author\/josep\/"}]}},"_links":{"self":[{"href":"https:\/\/www.psib-psoe.org\/eivissa\/wp-json\/wp\/v2\/posts\/36489","targetHints":{"allow":["GET"]}}],"collection":[{"href":"https:\/\/www.psib-psoe.org\/eivissa\/wp-json\/wp\/v2\/posts"}],"about":[{"href":"https:\/\/www.psib-psoe.org\/eivissa\/wp-json\/wp\/v2\/types\/post"}],"author":[{"embeddable":true,"href":"https:\/\/www.psib-psoe.org\/eivissa\/wp-json\/wp\/v2\/users\/7"}],"replies":[{"embeddable":true,"href":"https:\/\/www.psib-psoe.org\/eivissa\/wp-json\/wp\/v2\/comments?post=36489"}],"version-history":[{"count":1,"href":"https:\/\/www.psib-psoe.org\/eivissa\/wp-json\/wp\/v2\/posts\/36489\/revisions"}],"predecessor-version":[{"id":36492,"href":"https:\/\/www.psib-psoe.org\/eivissa\/wp-json\/wp\/v2\/posts\/36489\/revisions\/36492"}],"wp:featuredmedia":[{"embeddable":true,"href":"https:\/\/www.psib-psoe.org\/eivissa\/wp-json\/wp\/v2\/media\/36490"}],"wp:attachment":[{"href":"https:\/\/www.psib-psoe.org\/eivissa\/wp-json\/wp\/v2\/media?parent=36489"}],"wp:term":[{"taxonomy":"category","embeddable":true,"href":"https:\/\/www.psib-psoe.org\/eivissa\/wp-json\/wp\/v2\/categories?post=36489"},{"taxonomy":"post_tag","embeddable":true,"href":"https:\/\/www.psib-psoe.org\/eivissa\/wp-json\/wp\/v2\/tags?post=36489"}],"curies":[{"name":"wp","href":"https:\/\/api.w.org\/{rel}","templated":true}]}}