{"id":36685,"date":"2023-01-12T15:25:17","date_gmt":"2023-01-12T13:25:17","guid":{"rendered":"https:\/\/www.psib-psoe.org\/eivissa\/?p=36685"},"modified":"2023-01-12T15:25:52","modified_gmt":"2023-01-12T13:25:52","slug":"antonio-lorenzo-el-concejal-de-fiestas-de-sant-antoni-no-puede-seguir-en-el-cargo-ni-un-minuto-mas-despues-del-escandalo-sin-precedentes-del-fraccionamiento-de-fa","status":"publish","type":"post","link":"https:\/\/www.psib-psoe.org\/eivissa\/antonio-lorenzo-el-concejal-de-fiestas-de-sant-antoni-no-puede-seguir-en-el-cargo-ni-un-minuto-mas-despues-del-escandalo-sin-precedentes-del-fraccionamiento-de-fa\/","title":{"rendered":"Antonio Lorenzo: \u201cEl concejal de Fiestas de Sant Antoni no puede seguir en el cargo ni un minuto m\u00e1s\u201d, despu\u00e9s del \u201cesc\u00e1ndalo sin precedentes\u201d del fraccionamiento de facturas en favor de una empresa \u201cvinculada al Partido Popular\u201d."},"content":{"rendered":"<p>Antonio Lorenzo, concejal de PSOE-Reinicia y candidato socialista a la alcald\u00eda de Sant Antoni de Portmany, ha exigido la dimisi\u00f3n del concejal de Fiestas, Miguel Tur, por el \u201cesc\u00e1ndalo sin precedentes\u201d de fraccionamiento de facturas y adjudicaci\u00f3n irregular por casi un mill\u00f3n de euros a una empresa \u201cvinculada al Partido Popular\u201d. <\/p>\n<p>Lorenzo ha alertado, en el pleno extraordinario celebrado hoy a petici\u00f3n de PSOE-Reinicia para tratar este asunto, que la empresa beneficiaria acoge el \u201csal\u00f3n de actos\u201d del PP en la isla y ha anunciado que el grupo socialista \u201cseguir\u00e1 recabando informaci\u00f3n para ponerla en conocimiento de las autoridades competentes\u201d.<\/p>\n<p>Un esc\u00e1ndalo que ha contado con la participaci\u00f3n directa del alcalde, Marcos Serra, quien ha firmado los decretos para el pago de las facturas con reparo del servicio de Intervenci\u00f3n del Ayuntamiento, ha recordado Lorenzo.<\/p>\n<p>Los datos que dispone la oposici\u00f3n y de los que se ha hecho eco la prensa son \u201cverdaderamente preocupantes\u201d. En el mes de marzo del a\u00f1o pasado, el concejal de Fiestas afirm\u00f3 que el gasto total en ese momento con dicha empresa era de \u201cunos 400.000 euros\u201d y que supon\u00eda una diferencia de unos 300.000 euros respecto a los eventos contratados a la misma sociedad en la pasada legislatura. Seg\u00fan Lorenzo, la realidad a d\u00eda de hoy \u201cdifiere notablemente\u201d de la cifra que Tur dio en ese plenario. Con la informaci\u00f3n que se dispone a d\u00eda de hoy, la cifra total destinada a dicha empresa y a su administrador \u00fanico ronda casi el mill\u00f3n de euros, aunque podr\u00eda ser superior, ha dicho el concejal socialista.<\/p>\n<p>Seg\u00fan Antonio Lorenzo, lo que realmente nos preocupa es la manera en la que la concejal\u00eda de Fiestas y Turismo ha actuado durante este mandato: Una gesti\u00f3n muy cuestionable que pone de manifiesto que las cosas no se han hecho correctamente y que, adem\u00e1s, se ha convertido en un \u2018modus operandi\u2019 por parte de Miguel Tur, \u201ccon el benepl\u00e1cito del alcalde\u201d, obviando los informes negativos de Intervenci\u00f3n hasta el d\u00eda de hoy y siguiendo ejecutando el mismo proceder a lo largo de la legislatura. <\/p>\n<p>PSOE-Reinicia considera que queda patente que el Partido Popular de Sant Antoni sigue haciendo las cosas como siempre lo han hecho: \u201cPol\u00edtica al servicio de unos pocos y no para la mayor\u00eda, clientelismo y amiguismo\u201d.<\/p>\n<p>Al finalizar el Pleno, el concejal socialista ha calificado de \u201cvergonzoso\u201d lo ocurrido durante el mismo, ya que el alcalde lo ha dado por finalizado sin dar explicaciones y sin permitir a la oposici\u00f3n realizar todas las intervenciones solicitadas.<\/p>\n","protected":false},"excerpt":{"rendered":"<p>Antonio Lorenzo, concejal de PSOE-Reinicia y candidato socialista a la alcald\u00eda de Sant Antoni de Portmany, ha exigido la dimisi\u00f3n del concejal de Fiestas, Miguel Tur, por el \u201cesc\u00e1ndalo sin precedentes\u201d de fraccionamiento de facturas y adjudicaci\u00f3n irregular por casi un mill\u00f3n de euros a una empresa \u201cvinculada al Partido Popular\u201d. Lorenzo ha alertado, en&hellip;<\/p>\n","protected":false},"author":7,"featured_media":36683,"comment_status":"closed","ping_status":"closed","sticky":false,"template":"","format":"standard","meta":{"footnotes":""},"categories":[1],"tags":[],"class_list":["post-36685","post","type-post","status-publish","format-standard","has-post-thumbnail","hentry","category-federacio-de-eivissa-portada"],"yoast_head":"<!-- This site is optimized with the Yoast SEO plugin v26.9 - https:\/\/yoast.com\/product\/yoast-seo-wordpress\/ -->\n<title>Antonio Lorenzo: \u201cEl concejal de Fiestas de Sant Antoni no puede seguir en el cargo ni un minuto m\u00e1s\u201d, despu\u00e9s del \u201cesc\u00e1ndalo sin precedentes\u201d del fraccionamiento de facturas en favor de una empresa \u201cvinculada al Partido Popular\u201d. - Federaci\u00f3 Socialista d&#039;Eivissa<\/title>\n<meta name=\"robots\" content=\"index, follow, max-snippet:-1, max-image-preview:large, max-video-preview:-1\" \/>\n<link rel=\"canonical\" href=\"https:\/\/www.psib-psoe.org\/eivissa\/antonio-lorenzo-el-concejal-de-fiestas-de-sant-antoni-no-puede-seguir-en-el-cargo-ni-un-minuto-mas-despues-del-escandalo-sin-precedentes-del-fraccionamiento-de-fa\/\" \/>\n<meta property=\"og:locale\" content=\"ca_ES\" \/>\n<meta property=\"og:type\" content=\"article\" \/>\n<meta property=\"og:title\" content=\"Antonio Lorenzo: \u201cEl concejal de Fiestas de Sant Antoni no puede seguir en el cargo ni un minuto m\u00e1s\u201d, despu\u00e9s del \u201cesc\u00e1ndalo sin precedentes\u201d del fraccionamiento de facturas en favor de una empresa \u201cvinculada al Partido Popular\u201d. - Federaci\u00f3 Socialista d&#039;Eivissa\" \/>\n<meta property=\"og:description\" content=\"Antonio Lorenzo, concejal de PSOE-Reinicia y candidato socialista a la alcald\u00eda de Sant Antoni de Portmany, ha exigido la dimisi\u00f3n del concejal de Fiestas, Miguel Tur, por el \u201cesc\u00e1ndalo sin precedentes\u201d de fraccionamiento de facturas y adjudicaci\u00f3n irregular por casi un mill\u00f3n de euros a una empresa \u201cvinculada al Partido Popular\u201d. Lorenzo ha alertado, en&hellip;\" \/>\n<meta property=\"og:url\" content=\"https:\/\/www.psib-psoe.org\/eivissa\/antonio-lorenzo-el-concejal-de-fiestas-de-sant-antoni-no-puede-seguir-en-el-cargo-ni-un-minuto-mas-despues-del-escandalo-sin-precedentes-del-fraccionamiento-de-fa\/\" \/>\n<meta property=\"og:site_name\" content=\"Federaci\u00f3 Socialista d&#039;Eivissa\" \/>\n<meta property=\"article:published_time\" content=\"2023-01-12T13:25:17+00:00\" \/>\n<meta property=\"article:modified_time\" content=\"2023-01-12T13:25:52+00:00\" \/>\n<meta property=\"og:image\" content=\"https:\/\/www.psib-psoe.org\/eivissa\/wp-content\/uploads\/ple-sant-antoni-1024x580.jpg\" \/>\n\t<meta property=\"og:image:width\" content=\"1024\" \/>\n\t<meta property=\"og:image:height\" content=\"580\" \/>\n\t<meta property=\"og:image:type\" content=\"image\/jpeg\" \/>\n<meta name=\"author\" content=\"Josep Ripoll\" \/>\n<meta name=\"twitter:card\" content=\"summary_large_image\" \/>\n<meta name=\"twitter:label1\" content=\"Escrit per\" \/>\n\t<meta name=\"twitter:data1\" content=\"Josep Ripoll\" \/>\n\t<meta name=\"twitter:label2\" content=\"Temps estimat de lectura\" \/>\n\t<meta name=\"twitter:data2\" content=\"2 minuts\" \/>\n<script type=\"application\/ld+json\" class=\"yoast-schema-graph\">{\"@context\":\"https:\/\/schema.org\",\"@graph\":[{\"@type\":[\"Article\",\"BlogPosting\"],\"@id\":\"https:\/\/www.psib-psoe.org\/eivissa\/antonio-lorenzo-el-concejal-de-fiestas-de-sant-antoni-no-puede-seguir-en-el-cargo-ni-un-minuto-mas-despues-del-escandalo-sin-precedentes-del-fraccionamiento-de-fa\/#article\",\"isPartOf\":{\"@id\":\"https:\/\/www.psib-psoe.org\/eivissa\/antonio-lorenzo-el-concejal-de-fiestas-de-sant-antoni-no-puede-seguir-en-el-cargo-ni-un-minuto-mas-despues-del-escandalo-sin-precedentes-del-fraccionamiento-de-fa\/\"},\"author\":{\"name\":\"Josep Ripoll\",\"@id\":\"https:\/\/www.psib-psoe.org\/eivissa\/#\/schema\/person\/7a9d2841fb36f32e34fc0e9b245e8117\"},\"headline\":\"Antonio Lorenzo: \u201cEl concejal de Fiestas de Sant Antoni no puede seguir en el cargo ni un minuto m\u00e1s\u201d, despu\u00e9s del \u201cesc\u00e1ndalo sin precedentes\u201d del fraccionamiento de facturas en favor de una empresa \u201cvinculada al Partido Popular\u201d.\",\"datePublished\":\"2023-01-12T13:25:17+00:00\",\"dateModified\":\"2023-01-12T13:25:52+00:00\",\"mainEntityOfPage\":{\"@id\":\"https:\/\/www.psib-psoe.org\/eivissa\/antonio-lorenzo-el-concejal-de-fiestas-de-sant-antoni-no-puede-seguir-en-el-cargo-ni-un-minuto-mas-despues-del-escandalo-sin-precedentes-del-fraccionamiento-de-fa\/\"},\"wordCount\":486,\"publisher\":{\"@id\":\"https:\/\/www.psib-psoe.org\/eivissa\/#organization\"},\"image\":{\"@id\":\"https:\/\/www.psib-psoe.org\/eivissa\/antonio-lorenzo-el-concejal-de-fiestas-de-sant-antoni-no-puede-seguir-en-el-cargo-ni-un-minuto-mas-despues-del-escandalo-sin-precedentes-del-fraccionamiento-de-fa\/#primaryimage\"},\"thumbnailUrl\":\"https:\/\/www.psib-psoe.org\/eivissa\/wp-content\/uploads\/ple-sant-antoni.jpg\",\"articleSection\":[\"Federaci\u00f3 d'Eivissa - Portada\"],\"inLanguage\":\"ca\"},{\"@type\":\"WebPage\",\"@id\":\"https:\/\/www.psib-psoe.org\/eivissa\/antonio-lorenzo-el-concejal-de-fiestas-de-sant-antoni-no-puede-seguir-en-el-cargo-ni-un-minuto-mas-despues-del-escandalo-sin-precedentes-del-fraccionamiento-de-fa\/\",\"url\":\"https:\/\/www.psib-psoe.org\/eivissa\/antonio-lorenzo-el-concejal-de-fiestas-de-sant-antoni-no-puede-seguir-en-el-cargo-ni-un-minuto-mas-despues-del-escandalo-sin-precedentes-del-fraccionamiento-de-fa\/\",\"name\":\"Antonio Lorenzo: \u201cEl concejal de Fiestas de Sant Antoni no puede seguir en el cargo ni un minuto m\u00e1s\u201d, despu\u00e9s del \u201cesc\u00e1ndalo sin precedentes\u201d del fraccionamiento de facturas en favor de una empresa \u201cvinculada al Partido Popular\u201d. - Federaci\u00f3 Socialista d&#039;Eivissa\",\"isPartOf\":{\"@id\":\"https:\/\/www.psib-psoe.org\/eivissa\/#website\"},\"primaryImageOfPage\":{\"@id\":\"https:\/\/www.psib-psoe.org\/eivissa\/antonio-lorenzo-el-concejal-de-fiestas-de-sant-antoni-no-puede-seguir-en-el-cargo-ni-un-minuto-mas-despues-del-escandalo-sin-precedentes-del-fraccionamiento-de-fa\/#primaryimage\"},\"image\":{\"@id\":\"https:\/\/www.psib-psoe.org\/eivissa\/antonio-lorenzo-el-concejal-de-fiestas-de-sant-antoni-no-puede-seguir-en-el-cargo-ni-un-minuto-mas-despues-del-escandalo-sin-precedentes-del-fraccionamiento-de-fa\/#primaryimage\"},\"thumbnailUrl\":\"https:\/\/www.psib-psoe.org\/eivissa\/wp-content\/uploads\/ple-sant-antoni.jpg\",\"datePublished\":\"2023-01-12T13:25:17+00:00\",\"dateModified\":\"2023-01-12T13:25:52+00:00\",\"breadcrumb\":{\"@id\":\"https:\/\/www.psib-psoe.org\/eivissa\/antonio-lorenzo-el-concejal-de-fiestas-de-sant-antoni-no-puede-seguir-en-el-cargo-ni-un-minuto-mas-despues-del-escandalo-sin-precedentes-del-fraccionamiento-de-fa\/#breadcrumb\"},\"inLanguage\":\"ca\",\"potentialAction\":[{\"@type\":\"ReadAction\",\"target\":[\"https:\/\/www.psib-psoe.org\/eivissa\/antonio-lorenzo-el-concejal-de-fiestas-de-sant-antoni-no-puede-seguir-en-el-cargo-ni-un-minuto-mas-despues-del-escandalo-sin-precedentes-del-fraccionamiento-de-fa\/\"]}]},{\"@type\":\"ImageObject\",\"inLanguage\":\"ca\",\"@id\":\"https:\/\/www.psib-psoe.org\/eivissa\/antonio-lorenzo-el-concejal-de-fiestas-de-sant-antoni-no-puede-seguir-en-el-cargo-ni-un-minuto-mas-despues-del-escandalo-sin-precedentes-del-fraccionamiento-de-fa\/#primaryimage\",\"url\":\"https:\/\/www.psib-psoe.org\/eivissa\/wp-content\/uploads\/ple-sant-antoni.jpg\",\"contentUrl\":\"https:\/\/www.psib-psoe.org\/eivissa\/wp-content\/uploads\/ple-sant-antoni.jpg\",\"width\":4240,\"height\":2400},{\"@type\":\"BreadcrumbList\",\"@id\":\"https:\/\/www.psib-psoe.org\/eivissa\/antonio-lorenzo-el-concejal-de-fiestas-de-sant-antoni-no-puede-seguir-en-el-cargo-ni-un-minuto-mas-despues-del-escandalo-sin-precedentes-del-fraccionamiento-de-fa\/#breadcrumb\",\"itemListElement\":[{\"@type\":\"ListItem\",\"position\":1,\"name\":\"Inici\",\"item\":\"https:\/\/www.psib-psoe.org\/eivissa\/\"},{\"@type\":\"ListItem\",\"position\":2,\"name\":\"Antonio Lorenzo: \u201cEl concejal de Fiestas de Sant Antoni no puede seguir en el cargo ni un minuto m\u00e1s\u201d, despu\u00e9s del \u201cesc\u00e1ndalo sin precedentes\u201d del fraccionamiento de facturas en favor de una empresa \u201cvinculada al Partido Popular\u201d.\"}]},{\"@type\":\"WebSite\",\"@id\":\"https:\/\/www.psib-psoe.org\/eivissa\/#website\",\"url\":\"https:\/\/www.psib-psoe.org\/eivissa\/\",\"name\":\"Federaci\u00f3 Socialista d'Eivissa\",\"description\":\"Socialistes d&#039;Eivissa\",\"publisher\":{\"@id\":\"https:\/\/www.psib-psoe.org\/eivissa\/#organization\"},\"potentialAction\":[{\"@type\":\"SearchAction\",\"target\":{\"@type\":\"EntryPoint\",\"urlTemplate\":\"https:\/\/www.psib-psoe.org\/eivissa\/?s={search_term_string}\"},\"query-input\":{\"@type\":\"PropertyValueSpecification\",\"valueRequired\":true,\"valueName\":\"search_term_string\"}}],\"inLanguage\":\"ca\"},{\"@type\":\"Organization\",\"@id\":\"https:\/\/www.psib-psoe.org\/eivissa\/#organization\",\"name\":\"Federaci\u00f3 Socialista d'Eivissa\",\"url\":\"https:\/\/www.psib-psoe.org\/eivissa\/\",\"logo\":{\"@type\":\"ImageObject\",\"inLanguage\":\"ca\",\"@id\":\"https:\/\/www.psib-psoe.org\/eivissa\/#\/schema\/logo\/image\/\",\"url\":\"https:\/\/www.psib-psoe.org\/eivissa\/wp-content\/uploads\/LOGO-FSE-SOCIALISTA-DEIVISSA-HORI.png\",\"contentUrl\":\"https:\/\/www.psib-psoe.org\/eivissa\/wp-content\/uploads\/LOGO-FSE-SOCIALISTA-DEIVISSA-HORI.png\",\"width\":6000,\"height\":3104,\"caption\":\"Federaci\u00f3 Socialista d'Eivissa\"},\"image\":{\"@id\":\"https:\/\/www.psib-psoe.org\/eivissa\/#\/schema\/logo\/image\/\"}},{\"@type\":\"Person\",\"@id\":\"https:\/\/www.psib-psoe.org\/eivissa\/#\/schema\/person\/7a9d2841fb36f32e34fc0e9b245e8117\",\"name\":\"Josep Ripoll\",\"sameAs\":[\"http:\/\/www.psib-psoe.org\/eivissa\/wp-login.php\"],\"url\":\"https:\/\/www.psib-psoe.org\/eivissa\/author\/josep\/\"}]}<\/script>\n<!-- \/ Yoast SEO plugin. -->","yoast_head_json":{"title":"Antonio Lorenzo: \u201cEl concejal de Fiestas de Sant Antoni no puede seguir en el cargo ni un minuto m\u00e1s\u201d, despu\u00e9s del \u201cesc\u00e1ndalo sin precedentes\u201d del fraccionamiento de facturas en favor de una empresa \u201cvinculada al Partido Popular\u201d. - Federaci\u00f3 Socialista d&#039;Eivissa","robots":{"index":"index","follow":"follow","max-snippet":"max-snippet:-1","max-image-preview":"max-image-preview:large","max-video-preview":"max-video-preview:-1"},"canonical":"https:\/\/www.psib-psoe.org\/eivissa\/antonio-lorenzo-el-concejal-de-fiestas-de-sant-antoni-no-puede-seguir-en-el-cargo-ni-un-minuto-mas-despues-del-escandalo-sin-precedentes-del-fraccionamiento-de-fa\/","og_locale":"ca_ES","og_type":"article","og_title":"Antonio Lorenzo: \u201cEl concejal de Fiestas de Sant Antoni no puede seguir en el cargo ni un minuto m\u00e1s\u201d, despu\u00e9s del \u201cesc\u00e1ndalo sin precedentes\u201d del fraccionamiento de facturas en favor de una empresa \u201cvinculada al Partido Popular\u201d. - Federaci\u00f3 Socialista d&#039;Eivissa","og_description":"Antonio Lorenzo, concejal de PSOE-Reinicia y candidato socialista a la alcald\u00eda de Sant Antoni de Portmany, ha exigido la dimisi\u00f3n del concejal de Fiestas, Miguel Tur, por el \u201cesc\u00e1ndalo sin precedentes\u201d de fraccionamiento de facturas y adjudicaci\u00f3n irregular por casi un mill\u00f3n de euros a una empresa \u201cvinculada al Partido Popular\u201d. Lorenzo ha alertado, en&hellip;","og_url":"https:\/\/www.psib-psoe.org\/eivissa\/antonio-lorenzo-el-concejal-de-fiestas-de-sant-antoni-no-puede-seguir-en-el-cargo-ni-un-minuto-mas-despues-del-escandalo-sin-precedentes-del-fraccionamiento-de-fa\/","og_site_name":"Federaci\u00f3 Socialista d&#039;Eivissa","article_published_time":"2023-01-12T13:25:17+00:00","article_modified_time":"2023-01-12T13:25:52+00:00","og_image":[{"width":1024,"height":580,"url":"https:\/\/www.psib-psoe.org\/eivissa\/wp-content\/uploads\/ple-sant-antoni-1024x580.jpg","type":"image\/jpeg"}],"author":"Josep Ripoll","twitter_card":"summary_large_image","twitter_misc":{"Escrit per":"Josep Ripoll","Temps estimat de lectura":"2 minuts"},"schema":{"@context":"https:\/\/schema.org","@graph":[{"@type":["Article","BlogPosting"],"@id":"https:\/\/www.psib-psoe.org\/eivissa\/antonio-lorenzo-el-concejal-de-fiestas-de-sant-antoni-no-puede-seguir-en-el-cargo-ni-un-minuto-mas-despues-del-escandalo-sin-precedentes-del-fraccionamiento-de-fa\/#article","isPartOf":{"@id":"https:\/\/www.psib-psoe.org\/eivissa\/antonio-lorenzo-el-concejal-de-fiestas-de-sant-antoni-no-puede-seguir-en-el-cargo-ni-un-minuto-mas-despues-del-escandalo-sin-precedentes-del-fraccionamiento-de-fa\/"},"author":{"name":"Josep Ripoll","@id":"https:\/\/www.psib-psoe.org\/eivissa\/#\/schema\/person\/7a9d2841fb36f32e34fc0e9b245e8117"},"headline":"Antonio Lorenzo: \u201cEl concejal de Fiestas de Sant Antoni no puede seguir en el cargo ni un minuto m\u00e1s\u201d, despu\u00e9s del \u201cesc\u00e1ndalo sin precedentes\u201d del fraccionamiento de facturas en favor de una empresa \u201cvinculada al Partido Popular\u201d.","datePublished":"2023-01-12T13:25:17+00:00","dateModified":"2023-01-12T13:25:52+00:00","mainEntityOfPage":{"@id":"https:\/\/www.psib-psoe.org\/eivissa\/antonio-lorenzo-el-concejal-de-fiestas-de-sant-antoni-no-puede-seguir-en-el-cargo-ni-un-minuto-mas-despues-del-escandalo-sin-precedentes-del-fraccionamiento-de-fa\/"},"wordCount":486,"publisher":{"@id":"https:\/\/www.psib-psoe.org\/eivissa\/#organization"},"image":{"@id":"https:\/\/www.psib-psoe.org\/eivissa\/antonio-lorenzo-el-concejal-de-fiestas-de-sant-antoni-no-puede-seguir-en-el-cargo-ni-un-minuto-mas-despues-del-escandalo-sin-precedentes-del-fraccionamiento-de-fa\/#primaryimage"},"thumbnailUrl":"https:\/\/www.psib-psoe.org\/eivissa\/wp-content\/uploads\/ple-sant-antoni.jpg","articleSection":["Federaci\u00f3 d'Eivissa - Portada"],"inLanguage":"ca"},{"@type":"WebPage","@id":"https:\/\/www.psib-psoe.org\/eivissa\/antonio-lorenzo-el-concejal-de-fiestas-de-sant-antoni-no-puede-seguir-en-el-cargo-ni-un-minuto-mas-despues-del-escandalo-sin-precedentes-del-fraccionamiento-de-fa\/","url":"https:\/\/www.psib-psoe.org\/eivissa\/antonio-lorenzo-el-concejal-de-fiestas-de-sant-antoni-no-puede-seguir-en-el-cargo-ni-un-minuto-mas-despues-del-escandalo-sin-precedentes-del-fraccionamiento-de-fa\/","name":"Antonio Lorenzo: \u201cEl concejal de Fiestas de Sant Antoni no puede seguir en el cargo ni un minuto m\u00e1s\u201d, despu\u00e9s del \u201cesc\u00e1ndalo sin precedentes\u201d del fraccionamiento de facturas en favor de una empresa \u201cvinculada al Partido Popular\u201d. - Federaci\u00f3 Socialista d&#039;Eivissa","isPartOf":{"@id":"https:\/\/www.psib-psoe.org\/eivissa\/#website"},"primaryImageOfPage":{"@id":"https:\/\/www.psib-psoe.org\/eivissa\/antonio-lorenzo-el-concejal-de-fiestas-de-sant-antoni-no-puede-seguir-en-el-cargo-ni-un-minuto-mas-despues-del-escandalo-sin-precedentes-del-fraccionamiento-de-fa\/#primaryimage"},"image":{"@id":"https:\/\/www.psib-psoe.org\/eivissa\/antonio-lorenzo-el-concejal-de-fiestas-de-sant-antoni-no-puede-seguir-en-el-cargo-ni-un-minuto-mas-despues-del-escandalo-sin-precedentes-del-fraccionamiento-de-fa\/#primaryimage"},"thumbnailUrl":"https:\/\/www.psib-psoe.org\/eivissa\/wp-content\/uploads\/ple-sant-antoni.jpg","datePublished":"2023-01-12T13:25:17+00:00","dateModified":"2023-01-12T13:25:52+00:00","breadcrumb":{"@id":"https:\/\/www.psib-psoe.org\/eivissa\/antonio-lorenzo-el-concejal-de-fiestas-de-sant-antoni-no-puede-seguir-en-el-cargo-ni-un-minuto-mas-despues-del-escandalo-sin-precedentes-del-fraccionamiento-de-fa\/#breadcrumb"},"inLanguage":"ca","potentialAction":[{"@type":"ReadAction","target":["https:\/\/www.psib-psoe.org\/eivissa\/antonio-lorenzo-el-concejal-de-fiestas-de-sant-antoni-no-puede-seguir-en-el-cargo-ni-un-minuto-mas-despues-del-escandalo-sin-precedentes-del-fraccionamiento-de-fa\/"]}]},{"@type":"ImageObject","inLanguage":"ca","@id":"https:\/\/www.psib-psoe.org\/eivissa\/antonio-lorenzo-el-concejal-de-fiestas-de-sant-antoni-no-puede-seguir-en-el-cargo-ni-un-minuto-mas-despues-del-escandalo-sin-precedentes-del-fraccionamiento-de-fa\/#primaryimage","url":"https:\/\/www.psib-psoe.org\/eivissa\/wp-content\/uploads\/ple-sant-antoni.jpg","contentUrl":"https:\/\/www.psib-psoe.org\/eivissa\/wp-content\/uploads\/ple-sant-antoni.jpg","width":4240,"height":2400},{"@type":"BreadcrumbList","@id":"https:\/\/www.psib-psoe.org\/eivissa\/antonio-lorenzo-el-concejal-de-fiestas-de-sant-antoni-no-puede-seguir-en-el-cargo-ni-un-minuto-mas-despues-del-escandalo-sin-precedentes-del-fraccionamiento-de-fa\/#breadcrumb","itemListElement":[{"@type":"ListItem","position":1,"name":"Inici","item":"https:\/\/www.psib-psoe.org\/eivissa\/"},{"@type":"ListItem","position":2,"name":"Antonio Lorenzo: \u201cEl concejal de Fiestas de Sant Antoni no puede seguir en el cargo ni un minuto m\u00e1s\u201d, despu\u00e9s del \u201cesc\u00e1ndalo sin precedentes\u201d del fraccionamiento de facturas en favor de una empresa \u201cvinculada al Partido Popular\u201d."}]},{"@type":"WebSite","@id":"https:\/\/www.psib-psoe.org\/eivissa\/#website","url":"https:\/\/www.psib-psoe.org\/eivissa\/","name":"Federaci\u00f3 Socialista d'Eivissa","description":"Socialistes d&#039;Eivissa","publisher":{"@id":"https:\/\/www.psib-psoe.org\/eivissa\/#organization"},"potentialAction":[{"@type":"SearchAction","target":{"@type":"EntryPoint","urlTemplate":"https:\/\/www.psib-psoe.org\/eivissa\/?s={search_term_string}"},"query-input":{"@type":"PropertyValueSpecification","valueRequired":true,"valueName":"search_term_string"}}],"inLanguage":"ca"},{"@type":"Organization","@id":"https:\/\/www.psib-psoe.org\/eivissa\/#organization","name":"Federaci\u00f3 Socialista d'Eivissa","url":"https:\/\/www.psib-psoe.org\/eivissa\/","logo":{"@type":"ImageObject","inLanguage":"ca","@id":"https:\/\/www.psib-psoe.org\/eivissa\/#\/schema\/logo\/image\/","url":"https:\/\/www.psib-psoe.org\/eivissa\/wp-content\/uploads\/LOGO-FSE-SOCIALISTA-DEIVISSA-HORI.png","contentUrl":"https:\/\/www.psib-psoe.org\/eivissa\/wp-content\/uploads\/LOGO-FSE-SOCIALISTA-DEIVISSA-HORI.png","width":6000,"height":3104,"caption":"Federaci\u00f3 Socialista d'Eivissa"},"image":{"@id":"https:\/\/www.psib-psoe.org\/eivissa\/#\/schema\/logo\/image\/"}},{"@type":"Person","@id":"https:\/\/www.psib-psoe.org\/eivissa\/#\/schema\/person\/7a9d2841fb36f32e34fc0e9b245e8117","name":"Josep Ripoll","sameAs":["http:\/\/www.psib-psoe.org\/eivissa\/wp-login.php"],"url":"https:\/\/www.psib-psoe.org\/eivissa\/author\/josep\/"}]}},"_links":{"self":[{"href":"https:\/\/www.psib-psoe.org\/eivissa\/wp-json\/wp\/v2\/posts\/36685","targetHints":{"allow":["GET"]}}],"collection":[{"href":"https:\/\/www.psib-psoe.org\/eivissa\/wp-json\/wp\/v2\/posts"}],"about":[{"href":"https:\/\/www.psib-psoe.org\/eivissa\/wp-json\/wp\/v2\/types\/post"}],"author":[{"embeddable":true,"href":"https:\/\/www.psib-psoe.org\/eivissa\/wp-json\/wp\/v2\/users\/7"}],"replies":[{"embeddable":true,"href":"https:\/\/www.psib-psoe.org\/eivissa\/wp-json\/wp\/v2\/comments?post=36685"}],"version-history":[{"count":1,"href":"https:\/\/www.psib-psoe.org\/eivissa\/wp-json\/wp\/v2\/posts\/36685\/revisions"}],"predecessor-version":[{"id":36686,"href":"https:\/\/www.psib-psoe.org\/eivissa\/wp-json\/wp\/v2\/posts\/36685\/revisions\/36686"}],"wp:featuredmedia":[{"embeddable":true,"href":"https:\/\/www.psib-psoe.org\/eivissa\/wp-json\/wp\/v2\/media\/36683"}],"wp:attachment":[{"href":"https:\/\/www.psib-psoe.org\/eivissa\/wp-json\/wp\/v2\/media?parent=36685"}],"wp:term":[{"taxonomy":"category","embeddable":true,"href":"https:\/\/www.psib-psoe.org\/eivissa\/wp-json\/wp\/v2\/categories?post=36685"},{"taxonomy":"post_tag","embeddable":true,"href":"https:\/\/www.psib-psoe.org\/eivissa\/wp-json\/wp\/v2\/tags?post=36685"}],"curies":[{"name":"wp","href":"https:\/\/api.w.org\/{rel}","templated":true}]}}