{"id":36687,"date":"2023-01-16T13:58:48","date_gmt":"2023-01-16T11:58:48","guid":{"rendered":"https:\/\/www.psib-psoe.org\/eivissa\/?p=36687"},"modified":"2023-01-16T14:32:08","modified_gmt":"2023-01-16T12:32:08","slug":"la-federacio-socialista-deivissa-exigeix-a-mari-boso-i-vicent-mari-que-intervenguin-immediatament-en-lescandol-de-les-factures-de-lajuntament-de-sant-antoni-davant-la-negativa-de-lalcalde-ma","status":"publish","type":"post","link":"https:\/\/www.psib-psoe.org\/eivissa\/la-federacio-socialista-deivissa-exigeix-a-mari-boso-i-vicent-mari-que-intervenguin-immediatament-en-lescandol-de-les-factures-de-lajuntament-de-sant-antoni-davant-la-negativa-de-lalcalde-ma\/","title":{"rendered":"CAS SANT ANTONI: La Federaci\u00f3 Socialista d&#8217;Eivissa exigeix a Mar\u00ed Bos\u00f3 i Vicent Mar\u00ed que intervenguin immediatament en l&#8217;esc\u00e0ndol de les factures de l&#8217;Ajuntament de Sant Antoni, davant la negativa de l&#8217;alcalde, Marcos Serra, de donar explicacions i assumir responsabilitats"},"content":{"rendered":"<p>La Federaci\u00f3 Socialista d&#8217;Eivissa (FSE-PSOE) exigeix al Partit Popular d&#8217;Eivissa que intervengui immediatament en l&#8217;esc\u00e0ndol de fragmentaci\u00f3 de contractes i contractaci\u00f3 irregular que afecta l&#8217;Ajuntament de Sant Antoni de Portmany. \u00c9s inacceptable que s&#8217;utilitzin aquestes pr\u00e0ctiques per afavorir empreses amigues i que es desvi\u00efn fons p\u00fablics, al voltant d&#8217;un mili\u00f3 d&#8217;euros, de la forma en qu\u00e8 s&#8217;ha fet. Igualment greu \u00e9s que l&#8217;equip de govern, amb l&#8217;alcalde, Marcos Serra, i el regidor de Festes, Miguel Tur, s&#8217;hagin negat a donar explicacions i hagin intentat enganyar la ciutadania amb mentides i manipulacions.<\/p>\n<p>Jos\u00e9 Vicente Mar\u00ed Bos\u00f3 i Vicent Mar\u00ed, com a m\u00e0xims responsables del Partit Popular a Eivissa, i davant de la falta de resposta i la nul\u00b7la voluntat d&#8217;assumir responsabilitats per part de Marcos Serra i Miguel Tur, han d&#8217;intervenir de manera immediata per exigir que es duguin a terme investigacions exhaustives, que s&#8217;assumeixin responsabilitats i que es prenguin mesures per evitar que aix\u00f2 torni a passar en el futur.<\/p>\n<p>A m\u00e9s a m\u00e9s, el Partit Popular d&#8217;Eivissa, que ha organitzat multitud d&#8217;actes en el restaurant propietat de la fam\u00edlia de la persona benefici\u00e0ria de la fragmentaci\u00f3 de contractes i adjudicacions irregulars, tamb\u00e9 ha de donar explicacions a la ciutadania sobre els vincles i els pagaments efectuats a la mateixa en els referits actes de partit. \u00c9s urgent i absolutament necessari que el PP d&#8217;Eivissa sigui transparent en relaci\u00f3 amb els seus vincles amb l&#8217;empresa benefici\u00e0ria dels contractes irregulars de Sant Antoni.<\/p>\n<p>La ciutadania de Sant Antoni mereix transpar\u00e8ncia i honestedat en la gesti\u00f3 dels seus fons p\u00fablics, i \u00e9s obligaci\u00f3 del Partit Popular, com a responsable del govern de l&#8217;ajuntament, assegurar que es compleixi. Des de la FSE-PSOE esperam una resposta immediata i mesures concretes per abordar aquest esc\u00e0ndol.<\/p>\n<p>Finalment, des de la FSE-PSOE volem manifestar p\u00fablicament el nostre reconeixement a la feina rigorosa i responsable que porta a terme el grup PSOE-Reinicia de destapar i denunciar les irregularitats practicades pel Partit Popular a l&#8217;Ajuntament de Sant Antoni durant la present legislatura, i li manifestam tot el suport davant dels intents fracassats del PP d&#8217;atacar l&#8217;oposici\u00f3 amb falsedats i manipulacions respecte a la gesti\u00f3 de l&#8217;anterior govern municipal progressista.<\/p>\n","protected":false},"excerpt":{"rendered":"<p>La Federaci\u00f3 Socialista d&#8217;Eivissa (FSE-PSOE) exigeix al Partit Popular d&#8217;Eivissa que intervengui immediatament en l&#8217;esc\u00e0ndol de fragmentaci\u00f3 de contractes i contractaci\u00f3 irregular que afecta l&#8217;Ajuntament de Sant Antoni de Portmany. \u00c9s inacceptable que s&#8217;utilitzin aquestes pr\u00e0ctiques per afavorir empreses amigues i que es desvi\u00efn fons p\u00fablics, al voltant d&#8217;un mili\u00f3 d&#8217;euros, de la forma en&hellip;<\/p>\n","protected":false},"author":13,"featured_media":36660,"comment_status":"closed","ping_status":"closed","sticky":false,"template":"","format":"standard","meta":{"footnotes":""},"categories":[1,234,188],"tags":[],"class_list":["post-36687","post","type-post","status-publish","format-standard","has-post-thumbnail","hentry","category-federacio-de-eivissa-portada","category-municipis","category-sant-antoni-de-portmany"],"yoast_head":"<!-- This site is optimized with the Yoast SEO plugin v26.9 - https:\/\/yoast.com\/product\/yoast-seo-wordpress\/ -->\n<title>CAS SANT ANTONI: La Federaci\u00f3 Socialista d&#039;Eivissa exigeix a Mar\u00ed Bos\u00f3 i Vicent Mar\u00ed que intervenguin immediatament en l&#039;esc\u00e0ndol de les factures de l&#039;Ajuntament de Sant Antoni, davant la negativa de l&#039;alcalde, Marcos Serra, de donar explicacions i assumir responsabilitats - Federaci\u00f3 Socialista d&#039;Eivissa<\/title>\n<meta name=\"robots\" content=\"index, follow, max-snippet:-1, max-image-preview:large, max-video-preview:-1\" \/>\n<link rel=\"canonical\" href=\"https:\/\/www.psib-psoe.org\/eivissa\/la-federacio-socialista-deivissa-exigeix-a-mari-boso-i-vicent-mari-que-intervenguin-immediatament-en-lescandol-de-les-factures-de-lajuntament-de-sant-antoni-davant-la-negativa-de-lalcalde-ma\/\" \/>\n<meta property=\"og:locale\" content=\"ca_ES\" \/>\n<meta property=\"og:type\" content=\"article\" \/>\n<meta property=\"og:title\" content=\"CAS SANT ANTONI: La Federaci\u00f3 Socialista d&#039;Eivissa exigeix a Mar\u00ed Bos\u00f3 i Vicent Mar\u00ed que intervenguin immediatament en l&#039;esc\u00e0ndol de les factures de l&#039;Ajuntament de Sant Antoni, davant la negativa de l&#039;alcalde, Marcos Serra, de donar explicacions i assumir responsabilitats - Federaci\u00f3 Socialista d&#039;Eivissa\" \/>\n<meta property=\"og:description\" content=\"La Federaci\u00f3 Socialista d&#8217;Eivissa (FSE-PSOE) exigeix al Partit Popular d&#8217;Eivissa que intervengui immediatament en l&#8217;esc\u00e0ndol de fragmentaci\u00f3 de contractes i contractaci\u00f3 irregular que afecta l&#8217;Ajuntament de Sant Antoni de Portmany. \u00c9s inacceptable que s&#8217;utilitzin aquestes pr\u00e0ctiques per afavorir empreses amigues i que es desvi\u00efn fons p\u00fablics, al voltant d&#8217;un mili\u00f3 d&#8217;euros, de la forma en&hellip;\" \/>\n<meta property=\"og:url\" content=\"https:\/\/www.psib-psoe.org\/eivissa\/la-federacio-socialista-deivissa-exigeix-a-mari-boso-i-vicent-mari-que-intervenguin-immediatament-en-lescandol-de-les-factures-de-lajuntament-de-sant-antoni-davant-la-negativa-de-lalcalde-ma\/\" \/>\n<meta property=\"og:site_name\" content=\"Federaci\u00f3 Socialista d&#039;Eivissa\" \/>\n<meta property=\"article:published_time\" content=\"2023-01-16T11:58:48+00:00\" \/>\n<meta property=\"article:modified_time\" content=\"2023-01-16T12:32:08+00:00\" \/>\n<meta property=\"og:image\" content=\"https:\/\/www.psib-psoe.org\/eivissa\/wp-content\/uploads\/LOGO-FSE-SOCIALISTA-DEIVISSA-HORI.png\" \/>\n\t<meta property=\"og:image:width\" content=\"6000\" \/>\n\t<meta property=\"og:image:height\" content=\"3104\" \/>\n\t<meta property=\"og:image:type\" content=\"image\/png\" \/>\n<meta name=\"author\" content=\"Youssef Tissei\" \/>\n<meta name=\"twitter:card\" content=\"summary_large_image\" \/>\n<meta name=\"twitter:label1\" content=\"Escrit per\" \/>\n\t<meta name=\"twitter:data1\" content=\"Youssef Tissei\" \/>\n\t<meta name=\"twitter:label2\" content=\"Temps estimat de lectura\" \/>\n\t<meta name=\"twitter:data2\" content=\"2 minuts\" \/>\n<script type=\"application\/ld+json\" class=\"yoast-schema-graph\">{\"@context\":\"https:\/\/schema.org\",\"@graph\":[{\"@type\":[\"Article\",\"BlogPosting\"],\"@id\":\"https:\/\/www.psib-psoe.org\/eivissa\/la-federacio-socialista-deivissa-exigeix-a-mari-boso-i-vicent-mari-que-intervenguin-immediatament-en-lescandol-de-les-factures-de-lajuntament-de-sant-antoni-davant-la-negativa-de-lalcalde-ma\/#article\",\"isPartOf\":{\"@id\":\"https:\/\/www.psib-psoe.org\/eivissa\/la-federacio-socialista-deivissa-exigeix-a-mari-boso-i-vicent-mari-que-intervenguin-immediatament-en-lescandol-de-les-factures-de-lajuntament-de-sant-antoni-davant-la-negativa-de-lalcalde-ma\/\"},\"author\":{\"name\":\"Youssef Tissei\",\"@id\":\"https:\/\/www.psib-psoe.org\/eivissa\/#\/schema\/person\/09dc97c6dbd7193472bedd9f78914ee6\"},\"headline\":\"CAS SANT ANTONI: La Federaci\u00f3 Socialista d&#8217;Eivissa exigeix a Mar\u00ed Bos\u00f3 i Vicent Mar\u00ed que intervenguin immediatament en l&#8217;esc\u00e0ndol de les factures de l&#8217;Ajuntament de Sant Antoni, davant la negativa de l&#8217;alcalde, Marcos Serra, de donar explicacions i assumir responsabilitats\",\"datePublished\":\"2023-01-16T11:58:48+00:00\",\"dateModified\":\"2023-01-16T12:32:08+00:00\",\"mainEntityOfPage\":{\"@id\":\"https:\/\/www.psib-psoe.org\/eivissa\/la-federacio-socialista-deivissa-exigeix-a-mari-boso-i-vicent-mari-que-intervenguin-immediatament-en-lescandol-de-les-factures-de-lajuntament-de-sant-antoni-davant-la-negativa-de-lalcalde-ma\/\"},\"wordCount\":416,\"publisher\":{\"@id\":\"https:\/\/www.psib-psoe.org\/eivissa\/#organization\"},\"image\":{\"@id\":\"https:\/\/www.psib-psoe.org\/eivissa\/la-federacio-socialista-deivissa-exigeix-a-mari-boso-i-vicent-mari-que-intervenguin-immediatament-en-lescandol-de-les-factures-de-lajuntament-de-sant-antoni-davant-la-negativa-de-lalcalde-ma\/#primaryimage\"},\"thumbnailUrl\":\"https:\/\/www.psib-psoe.org\/eivissa\/wp-content\/uploads\/LOGO-FSE-SOCIALISTA-DEIVISSA-HORI.png\",\"articleSection\":[\"Federaci\u00f3 d'Eivissa - Portada\",\"Municipis\",\"Sant Antoni de Portmany\"],\"inLanguage\":\"ca\"},{\"@type\":\"WebPage\",\"@id\":\"https:\/\/www.psib-psoe.org\/eivissa\/la-federacio-socialista-deivissa-exigeix-a-mari-boso-i-vicent-mari-que-intervenguin-immediatament-en-lescandol-de-les-factures-de-lajuntament-de-sant-antoni-davant-la-negativa-de-lalcalde-ma\/\",\"url\":\"https:\/\/www.psib-psoe.org\/eivissa\/la-federacio-socialista-deivissa-exigeix-a-mari-boso-i-vicent-mari-que-intervenguin-immediatament-en-lescandol-de-les-factures-de-lajuntament-de-sant-antoni-davant-la-negativa-de-lalcalde-ma\/\",\"name\":\"CAS SANT ANTONI: La Federaci\u00f3 Socialista d'Eivissa exigeix a Mar\u00ed Bos\u00f3 i Vicent Mar\u00ed que intervenguin immediatament en l'esc\u00e0ndol de les factures de l'Ajuntament de Sant Antoni, davant la negativa de l'alcalde, Marcos Serra, de donar explicacions i assumir responsabilitats - Federaci\u00f3 Socialista d&#039;Eivissa\",\"isPartOf\":{\"@id\":\"https:\/\/www.psib-psoe.org\/eivissa\/#website\"},\"primaryImageOfPage\":{\"@id\":\"https:\/\/www.psib-psoe.org\/eivissa\/la-federacio-socialista-deivissa-exigeix-a-mari-boso-i-vicent-mari-que-intervenguin-immediatament-en-lescandol-de-les-factures-de-lajuntament-de-sant-antoni-davant-la-negativa-de-lalcalde-ma\/#primaryimage\"},\"image\":{\"@id\":\"https:\/\/www.psib-psoe.org\/eivissa\/la-federacio-socialista-deivissa-exigeix-a-mari-boso-i-vicent-mari-que-intervenguin-immediatament-en-lescandol-de-les-factures-de-lajuntament-de-sant-antoni-davant-la-negativa-de-lalcalde-ma\/#primaryimage\"},\"thumbnailUrl\":\"https:\/\/www.psib-psoe.org\/eivissa\/wp-content\/uploads\/LOGO-FSE-SOCIALISTA-DEIVISSA-HORI.png\",\"datePublished\":\"2023-01-16T11:58:48+00:00\",\"dateModified\":\"2023-01-16T12:32:08+00:00\",\"breadcrumb\":{\"@id\":\"https:\/\/www.psib-psoe.org\/eivissa\/la-federacio-socialista-deivissa-exigeix-a-mari-boso-i-vicent-mari-que-intervenguin-immediatament-en-lescandol-de-les-factures-de-lajuntament-de-sant-antoni-davant-la-negativa-de-lalcalde-ma\/#breadcrumb\"},\"inLanguage\":\"ca\",\"potentialAction\":[{\"@type\":\"ReadAction\",\"target\":[\"https:\/\/www.psib-psoe.org\/eivissa\/la-federacio-socialista-deivissa-exigeix-a-mari-boso-i-vicent-mari-que-intervenguin-immediatament-en-lescandol-de-les-factures-de-lajuntament-de-sant-antoni-davant-la-negativa-de-lalcalde-ma\/\"]}]},{\"@type\":\"ImageObject\",\"inLanguage\":\"ca\",\"@id\":\"https:\/\/www.psib-psoe.org\/eivissa\/la-federacio-socialista-deivissa-exigeix-a-mari-boso-i-vicent-mari-que-intervenguin-immediatament-en-lescandol-de-les-factures-de-lajuntament-de-sant-antoni-davant-la-negativa-de-lalcalde-ma\/#primaryimage\",\"url\":\"https:\/\/www.psib-psoe.org\/eivissa\/wp-content\/uploads\/LOGO-FSE-SOCIALISTA-DEIVISSA-HORI.png\",\"contentUrl\":\"https:\/\/www.psib-psoe.org\/eivissa\/wp-content\/uploads\/LOGO-FSE-SOCIALISTA-DEIVISSA-HORI.png\",\"width\":6000,\"height\":3104},{\"@type\":\"BreadcrumbList\",\"@id\":\"https:\/\/www.psib-psoe.org\/eivissa\/la-federacio-socialista-deivissa-exigeix-a-mari-boso-i-vicent-mari-que-intervenguin-immediatament-en-lescandol-de-les-factures-de-lajuntament-de-sant-antoni-davant-la-negativa-de-lalcalde-ma\/#breadcrumb\",\"itemListElement\":[{\"@type\":\"ListItem\",\"position\":1,\"name\":\"Inici\",\"item\":\"https:\/\/www.psib-psoe.org\/eivissa\/\"},{\"@type\":\"ListItem\",\"position\":2,\"name\":\"CAS SANT ANTONI: La Federaci\u00f3 Socialista d&#8217;Eivissa exigeix a Mar\u00ed Bos\u00f3 i Vicent Mar\u00ed que intervenguin immediatament en l&#8217;esc\u00e0ndol de les factures de l&#8217;Ajuntament de Sant Antoni, davant la negativa de l&#8217;alcalde, Marcos Serra, de donar explicacions i assumir responsabilitats\"}]},{\"@type\":\"WebSite\",\"@id\":\"https:\/\/www.psib-psoe.org\/eivissa\/#website\",\"url\":\"https:\/\/www.psib-psoe.org\/eivissa\/\",\"name\":\"Federaci\u00f3 Socialista d'Eivissa\",\"description\":\"Socialistes d&#039;Eivissa\",\"publisher\":{\"@id\":\"https:\/\/www.psib-psoe.org\/eivissa\/#organization\"},\"potentialAction\":[{\"@type\":\"SearchAction\",\"target\":{\"@type\":\"EntryPoint\",\"urlTemplate\":\"https:\/\/www.psib-psoe.org\/eivissa\/?s={search_term_string}\"},\"query-input\":{\"@type\":\"PropertyValueSpecification\",\"valueRequired\":true,\"valueName\":\"search_term_string\"}}],\"inLanguage\":\"ca\"},{\"@type\":\"Organization\",\"@id\":\"https:\/\/www.psib-psoe.org\/eivissa\/#organization\",\"name\":\"Federaci\u00f3 Socialista d'Eivissa\",\"url\":\"https:\/\/www.psib-psoe.org\/eivissa\/\",\"logo\":{\"@type\":\"ImageObject\",\"inLanguage\":\"ca\",\"@id\":\"https:\/\/www.psib-psoe.org\/eivissa\/#\/schema\/logo\/image\/\",\"url\":\"https:\/\/www.psib-psoe.org\/eivissa\/wp-content\/uploads\/LOGO-FSE-SOCIALISTA-DEIVISSA-HORI.png\",\"contentUrl\":\"https:\/\/www.psib-psoe.org\/eivissa\/wp-content\/uploads\/LOGO-FSE-SOCIALISTA-DEIVISSA-HORI.png\",\"width\":6000,\"height\":3104,\"caption\":\"Federaci\u00f3 Socialista d'Eivissa\"},\"image\":{\"@id\":\"https:\/\/www.psib-psoe.org\/eivissa\/#\/schema\/logo\/image\/\"}},{\"@type\":\"Person\",\"@id\":\"https:\/\/www.psib-psoe.org\/eivissa\/#\/schema\/person\/09dc97c6dbd7193472bedd9f78914ee6\",\"name\":\"Youssef Tissei\",\"url\":\"https:\/\/www.psib-psoe.org\/eivissa\/author\/tisseiyusef\/\"}]}<\/script>\n<!-- \/ Yoast SEO plugin. -->","yoast_head_json":{"title":"CAS SANT ANTONI: La Federaci\u00f3 Socialista d'Eivissa exigeix a Mar\u00ed Bos\u00f3 i Vicent Mar\u00ed que intervenguin immediatament en l'esc\u00e0ndol de les factures de l'Ajuntament de Sant Antoni, davant la negativa de l'alcalde, Marcos Serra, de donar explicacions i assumir responsabilitats - Federaci\u00f3 Socialista d&#039;Eivissa","robots":{"index":"index","follow":"follow","max-snippet":"max-snippet:-1","max-image-preview":"max-image-preview:large","max-video-preview":"max-video-preview:-1"},"canonical":"https:\/\/www.psib-psoe.org\/eivissa\/la-federacio-socialista-deivissa-exigeix-a-mari-boso-i-vicent-mari-que-intervenguin-immediatament-en-lescandol-de-les-factures-de-lajuntament-de-sant-antoni-davant-la-negativa-de-lalcalde-ma\/","og_locale":"ca_ES","og_type":"article","og_title":"CAS SANT ANTONI: La Federaci\u00f3 Socialista d'Eivissa exigeix a Mar\u00ed Bos\u00f3 i Vicent Mar\u00ed que intervenguin immediatament en l'esc\u00e0ndol de les factures de l'Ajuntament de Sant Antoni, davant la negativa de l'alcalde, Marcos Serra, de donar explicacions i assumir responsabilitats - Federaci\u00f3 Socialista d&#039;Eivissa","og_description":"La Federaci\u00f3 Socialista d&#8217;Eivissa (FSE-PSOE) exigeix al Partit Popular d&#8217;Eivissa que intervengui immediatament en l&#8217;esc\u00e0ndol de fragmentaci\u00f3 de contractes i contractaci\u00f3 irregular que afecta l&#8217;Ajuntament de Sant Antoni de Portmany. \u00c9s inacceptable que s&#8217;utilitzin aquestes pr\u00e0ctiques per afavorir empreses amigues i que es desvi\u00efn fons p\u00fablics, al voltant d&#8217;un mili\u00f3 d&#8217;euros, de la forma en&hellip;","og_url":"https:\/\/www.psib-psoe.org\/eivissa\/la-federacio-socialista-deivissa-exigeix-a-mari-boso-i-vicent-mari-que-intervenguin-immediatament-en-lescandol-de-les-factures-de-lajuntament-de-sant-antoni-davant-la-negativa-de-lalcalde-ma\/","og_site_name":"Federaci\u00f3 Socialista d&#039;Eivissa","article_published_time":"2023-01-16T11:58:48+00:00","article_modified_time":"2023-01-16T12:32:08+00:00","og_image":[{"width":6000,"height":3104,"url":"https:\/\/www.psib-psoe.org\/eivissa\/wp-content\/uploads\/LOGO-FSE-SOCIALISTA-DEIVISSA-HORI.png","type":"image\/png"}],"author":"Youssef Tissei","twitter_card":"summary_large_image","twitter_misc":{"Escrit per":"Youssef Tissei","Temps estimat de lectura":"2 minuts"},"schema":{"@context":"https:\/\/schema.org","@graph":[{"@type":["Article","BlogPosting"],"@id":"https:\/\/www.psib-psoe.org\/eivissa\/la-federacio-socialista-deivissa-exigeix-a-mari-boso-i-vicent-mari-que-intervenguin-immediatament-en-lescandol-de-les-factures-de-lajuntament-de-sant-antoni-davant-la-negativa-de-lalcalde-ma\/#article","isPartOf":{"@id":"https:\/\/www.psib-psoe.org\/eivissa\/la-federacio-socialista-deivissa-exigeix-a-mari-boso-i-vicent-mari-que-intervenguin-immediatament-en-lescandol-de-les-factures-de-lajuntament-de-sant-antoni-davant-la-negativa-de-lalcalde-ma\/"},"author":{"name":"Youssef Tissei","@id":"https:\/\/www.psib-psoe.org\/eivissa\/#\/schema\/person\/09dc97c6dbd7193472bedd9f78914ee6"},"headline":"CAS SANT ANTONI: La Federaci\u00f3 Socialista d&#8217;Eivissa exigeix a Mar\u00ed Bos\u00f3 i Vicent Mar\u00ed que intervenguin immediatament en l&#8217;esc\u00e0ndol de les factures de l&#8217;Ajuntament de Sant Antoni, davant la negativa de l&#8217;alcalde, Marcos Serra, de donar explicacions i assumir responsabilitats","datePublished":"2023-01-16T11:58:48+00:00","dateModified":"2023-01-16T12:32:08+00:00","mainEntityOfPage":{"@id":"https:\/\/www.psib-psoe.org\/eivissa\/la-federacio-socialista-deivissa-exigeix-a-mari-boso-i-vicent-mari-que-intervenguin-immediatament-en-lescandol-de-les-factures-de-lajuntament-de-sant-antoni-davant-la-negativa-de-lalcalde-ma\/"},"wordCount":416,"publisher":{"@id":"https:\/\/www.psib-psoe.org\/eivissa\/#organization"},"image":{"@id":"https:\/\/www.psib-psoe.org\/eivissa\/la-federacio-socialista-deivissa-exigeix-a-mari-boso-i-vicent-mari-que-intervenguin-immediatament-en-lescandol-de-les-factures-de-lajuntament-de-sant-antoni-davant-la-negativa-de-lalcalde-ma\/#primaryimage"},"thumbnailUrl":"https:\/\/www.psib-psoe.org\/eivissa\/wp-content\/uploads\/LOGO-FSE-SOCIALISTA-DEIVISSA-HORI.png","articleSection":["Federaci\u00f3 d'Eivissa - Portada","Municipis","Sant Antoni de Portmany"],"inLanguage":"ca"},{"@type":"WebPage","@id":"https:\/\/www.psib-psoe.org\/eivissa\/la-federacio-socialista-deivissa-exigeix-a-mari-boso-i-vicent-mari-que-intervenguin-immediatament-en-lescandol-de-les-factures-de-lajuntament-de-sant-antoni-davant-la-negativa-de-lalcalde-ma\/","url":"https:\/\/www.psib-psoe.org\/eivissa\/la-federacio-socialista-deivissa-exigeix-a-mari-boso-i-vicent-mari-que-intervenguin-immediatament-en-lescandol-de-les-factures-de-lajuntament-de-sant-antoni-davant-la-negativa-de-lalcalde-ma\/","name":"CAS SANT ANTONI: La Federaci\u00f3 Socialista d'Eivissa exigeix a Mar\u00ed Bos\u00f3 i Vicent Mar\u00ed que intervenguin immediatament en l'esc\u00e0ndol de les factures de l'Ajuntament de Sant Antoni, davant la negativa de l'alcalde, Marcos Serra, de donar explicacions i assumir responsabilitats - Federaci\u00f3 Socialista d&#039;Eivissa","isPartOf":{"@id":"https:\/\/www.psib-psoe.org\/eivissa\/#website"},"primaryImageOfPage":{"@id":"https:\/\/www.psib-psoe.org\/eivissa\/la-federacio-socialista-deivissa-exigeix-a-mari-boso-i-vicent-mari-que-intervenguin-immediatament-en-lescandol-de-les-factures-de-lajuntament-de-sant-antoni-davant-la-negativa-de-lalcalde-ma\/#primaryimage"},"image":{"@id":"https:\/\/www.psib-psoe.org\/eivissa\/la-federacio-socialista-deivissa-exigeix-a-mari-boso-i-vicent-mari-que-intervenguin-immediatament-en-lescandol-de-les-factures-de-lajuntament-de-sant-antoni-davant-la-negativa-de-lalcalde-ma\/#primaryimage"},"thumbnailUrl":"https:\/\/www.psib-psoe.org\/eivissa\/wp-content\/uploads\/LOGO-FSE-SOCIALISTA-DEIVISSA-HORI.png","datePublished":"2023-01-16T11:58:48+00:00","dateModified":"2023-01-16T12:32:08+00:00","breadcrumb":{"@id":"https:\/\/www.psib-psoe.org\/eivissa\/la-federacio-socialista-deivissa-exigeix-a-mari-boso-i-vicent-mari-que-intervenguin-immediatament-en-lescandol-de-les-factures-de-lajuntament-de-sant-antoni-davant-la-negativa-de-lalcalde-ma\/#breadcrumb"},"inLanguage":"ca","potentialAction":[{"@type":"ReadAction","target":["https:\/\/www.psib-psoe.org\/eivissa\/la-federacio-socialista-deivissa-exigeix-a-mari-boso-i-vicent-mari-que-intervenguin-immediatament-en-lescandol-de-les-factures-de-lajuntament-de-sant-antoni-davant-la-negativa-de-lalcalde-ma\/"]}]},{"@type":"ImageObject","inLanguage":"ca","@id":"https:\/\/www.psib-psoe.org\/eivissa\/la-federacio-socialista-deivissa-exigeix-a-mari-boso-i-vicent-mari-que-intervenguin-immediatament-en-lescandol-de-les-factures-de-lajuntament-de-sant-antoni-davant-la-negativa-de-lalcalde-ma\/#primaryimage","url":"https:\/\/www.psib-psoe.org\/eivissa\/wp-content\/uploads\/LOGO-FSE-SOCIALISTA-DEIVISSA-HORI.png","contentUrl":"https:\/\/www.psib-psoe.org\/eivissa\/wp-content\/uploads\/LOGO-FSE-SOCIALISTA-DEIVISSA-HORI.png","width":6000,"height":3104},{"@type":"BreadcrumbList","@id":"https:\/\/www.psib-psoe.org\/eivissa\/la-federacio-socialista-deivissa-exigeix-a-mari-boso-i-vicent-mari-que-intervenguin-immediatament-en-lescandol-de-les-factures-de-lajuntament-de-sant-antoni-davant-la-negativa-de-lalcalde-ma\/#breadcrumb","itemListElement":[{"@type":"ListItem","position":1,"name":"Inici","item":"https:\/\/www.psib-psoe.org\/eivissa\/"},{"@type":"ListItem","position":2,"name":"CAS SANT ANTONI: La Federaci\u00f3 Socialista d&#8217;Eivissa exigeix a Mar\u00ed Bos\u00f3 i Vicent Mar\u00ed que intervenguin immediatament en l&#8217;esc\u00e0ndol de les factures de l&#8217;Ajuntament de Sant Antoni, davant la negativa de l&#8217;alcalde, Marcos Serra, de donar explicacions i assumir responsabilitats"}]},{"@type":"WebSite","@id":"https:\/\/www.psib-psoe.org\/eivissa\/#website","url":"https:\/\/www.psib-psoe.org\/eivissa\/","name":"Federaci\u00f3 Socialista d'Eivissa","description":"Socialistes d&#039;Eivissa","publisher":{"@id":"https:\/\/www.psib-psoe.org\/eivissa\/#organization"},"potentialAction":[{"@type":"SearchAction","target":{"@type":"EntryPoint","urlTemplate":"https:\/\/www.psib-psoe.org\/eivissa\/?s={search_term_string}"},"query-input":{"@type":"PropertyValueSpecification","valueRequired":true,"valueName":"search_term_string"}}],"inLanguage":"ca"},{"@type":"Organization","@id":"https:\/\/www.psib-psoe.org\/eivissa\/#organization","name":"Federaci\u00f3 Socialista d'Eivissa","url":"https:\/\/www.psib-psoe.org\/eivissa\/","logo":{"@type":"ImageObject","inLanguage":"ca","@id":"https:\/\/www.psib-psoe.org\/eivissa\/#\/schema\/logo\/image\/","url":"https:\/\/www.psib-psoe.org\/eivissa\/wp-content\/uploads\/LOGO-FSE-SOCIALISTA-DEIVISSA-HORI.png","contentUrl":"https:\/\/www.psib-psoe.org\/eivissa\/wp-content\/uploads\/LOGO-FSE-SOCIALISTA-DEIVISSA-HORI.png","width":6000,"height":3104,"caption":"Federaci\u00f3 Socialista d'Eivissa"},"image":{"@id":"https:\/\/www.psib-psoe.org\/eivissa\/#\/schema\/logo\/image\/"}},{"@type":"Person","@id":"https:\/\/www.psib-psoe.org\/eivissa\/#\/schema\/person\/09dc97c6dbd7193472bedd9f78914ee6","name":"Youssef Tissei","url":"https:\/\/www.psib-psoe.org\/eivissa\/author\/tisseiyusef\/"}]}},"_links":{"self":[{"href":"https:\/\/www.psib-psoe.org\/eivissa\/wp-json\/wp\/v2\/posts\/36687","targetHints":{"allow":["GET"]}}],"collection":[{"href":"https:\/\/www.psib-psoe.org\/eivissa\/wp-json\/wp\/v2\/posts"}],"about":[{"href":"https:\/\/www.psib-psoe.org\/eivissa\/wp-json\/wp\/v2\/types\/post"}],"author":[{"embeddable":true,"href":"https:\/\/www.psib-psoe.org\/eivissa\/wp-json\/wp\/v2\/users\/13"}],"replies":[{"embeddable":true,"href":"https:\/\/www.psib-psoe.org\/eivissa\/wp-json\/wp\/v2\/comments?post=36687"}],"version-history":[{"count":4,"href":"https:\/\/www.psib-psoe.org\/eivissa\/wp-json\/wp\/v2\/posts\/36687\/revisions"}],"predecessor-version":[{"id":36696,"href":"https:\/\/www.psib-psoe.org\/eivissa\/wp-json\/wp\/v2\/posts\/36687\/revisions\/36696"}],"wp:featuredmedia":[{"embeddable":true,"href":"https:\/\/www.psib-psoe.org\/eivissa\/wp-json\/wp\/v2\/media\/36660"}],"wp:attachment":[{"href":"https:\/\/www.psib-psoe.org\/eivissa\/wp-json\/wp\/v2\/media?parent=36687"}],"wp:term":[{"taxonomy":"category","embeddable":true,"href":"https:\/\/www.psib-psoe.org\/eivissa\/wp-json\/wp\/v2\/categories?post=36687"},{"taxonomy":"post_tag","embeddable":true,"href":"https:\/\/www.psib-psoe.org\/eivissa\/wp-json\/wp\/v2\/tags?post=36687"}],"curies":[{"name":"wp","href":"https:\/\/api.w.org\/{rel}","templated":true}]}}