{"id":37142,"date":"2023-04-19T15:18:01","date_gmt":"2023-04-19T13:18:01","guid":{"rendered":"https:\/\/www.psib-psoe.org\/eivissa\/?p=37142"},"modified":"2023-04-19T15:25:53","modified_gmt":"2023-04-19T13:25:53","slug":"agustinet-es-compromet-a-posar-el-consell-deivissa-a-treballar-en-politiques-dhabitatge-el-psib-psoe-anuncia-un-pacte-per-lhabitatge-a-les-illes-balears-en-un-acte-amb-francina-arm","status":"publish","type":"post","link":"https:\/\/www.psib-psoe.org\/eivissa\/agustinet-es-compromet-a-posar-el-consell-deivissa-a-treballar-en-politiques-dhabitatge-el-psib-psoe-anuncia-un-pacte-per-lhabitatge-a-les-illes-balears-en-un-acte-amb-francina-arm\/","title":{"rendered":"&#8216;Agustinet&#8217; es compromet a &#8220;posar el Consell d&#8217;Eivissa a treballar en pol\u00edtiques d&#8217;habitatge&#8221;. El PSIB-PSOE anuncia un &#8220;Pacte per l&#8217;Habitatge&#8221; a les Illes Balears, en un acte amb Francina Armengol i el secretari d&#8217;Estat David\u00a0Lucas."},"content":{"rendered":"<p>Josep Mar\u00ed Ribas, &#8216;Agustinet&#8217;, s&#8217;ha comprom\u00e8s a &#8220;posar el Consell d&#8217;Eivissa a treballar en favor de l&#8217;habitatge p\u00fablic&#8221;. &#8220;El Consell Insular s&#8217;ha d&#8217;implicar en\u00a0els problemes\u00a0d&#8217;Eivissa, i aquest \u00e9s el m\u00e9s important que tenim a l&#8217;illa&#8221;, ha manifestat &#8216;Agustinet&#8217;.\u00a0El conseller balear de Mobilitat i Habitatge i candidat del PSOE a la presid\u00e8ncia del Consell Insular ho ha dit en un acte celebrat a Palma amb la presidenta de les Illes Balears i candidata a la reelecci\u00f3, Francina Armengol, i David\u00a0Lucas, secretari d&#8217;Estat de Transports, Mobilitat i Agenda Urbana, i que tamb\u00e9 ha comptat amb alcaldes i candidats socialistes de totes les illes, entre els quals hi havia l&#8217;alcalde d&#8217;Eivissa, Rafa Ruiz, i el candidat a Santa Eul\u00e0ria,\u00a0Ram\u00f3n\u00a0Roca.<\/p>\n<p>&#8216;Agustinet&#8217; ha qualificat de fita hist\u00f2rica l&#8217;acord per aprovar definitivament el projecte de llei integral de l&#8217;habitatge de l&#8217;Estat, la primera de la democr\u00e0cia. Amb la nova llei i les pol\u00edtiques p\u00fabliques desplegades pels governs socialistes, es d\u00f3na resposta a una de les principals preocupacions de la ciutadania i desenvolupa per llei un dret constitucional.<\/p>\n<p>&#8220;Nom\u00e9s governs socialistes som garantia de pol\u00edtiques d&#8217;habitatge p\u00fablic&#8221;, ha manifestat &#8216;Agustinet&#8217;, remarcant que &#8220;tamb\u00e9 ho far\u00e0 el Consell Insular a partir del 28 maig&#8221; si governa el PSOE.<\/p>\n<p>El PSIB-PSOE es compromet a desplegar tot el seu poder municipal per posar en marxa un Pacte per l&#8217;Habitatge en la pr\u00f2xima legislatura que permeti construir m\u00e9s habitatge protegit des de totes les administracions p\u00fabliques, ja sigui el Govern de les Illes Balears o els ajuntaments.<\/p>\n<p>Aquest \u00e9s l&#8217;anunci que ha fet la secret\u00e0ria general del PSIB-PSOE, presidenta del Govern de les Illes Balears i candidata a la reelecci\u00f3, Francina Armengol, en un acte avui mat\u00ed amb els candidats socialistes a les batlies dels municipis m\u00e9s grans de les Illes Balears, tot amb l&#8217;objectiu de &#8220;cr\u00e9ixer no en habitatges de luxe sin\u00f3 en habitatges per a les classes mitjanes i treballadores&#8221; i demostrant que &#8220;els socialistes som els \u00fanics que creim en la pol\u00edtica p\u00fablica d&#8217;habitatge, com fa vuit anys que demostram&#8221;.<\/p>\n<p>&#8220;Els socialistes fa vuit anys que treballam intensament per fer de l&#8217;habitatge un dret de ciutadania i el cinqu\u00e8 pilar de l&#8217;estat del benestar, per\u00f2 l&#8217;important \u00e9s que continuarem treballant per la gent d&#8217;aquesta\u00a0comunitat aut\u00f2noma&#8221;, ha dit Armengol.<\/p>\n<p>En aquest sentit, la socialista ha anunciat que, en revalidar la presid\u00e8ncia del Govern signar\u00e0 un Pacte per l&#8217;Habitatge amb tots els municipis de l&#8217;illa que s&#8217;hi vulguin sumar, per incrementar els esfor\u00e7os per posar a l&#8217;abast de la ciutadania habitatge digne a preu digne. Un comprom\u00eds que tamb\u00e9 han recollit els candidats i candidates socialistes a les principals batlies de les Illes Balears.<\/p>\n<p>&#8220;L&#8217;habitatge \u00e9s d&#8217;incumb\u00e8ncia de totes les administracions p\u00fabliques; el Govern d&#8217;Espanya hi \u00e9s, el Govern de les Illes Balears hi \u00e9s, els ajuntaments socialistes i s\u00f3n i a partir del 28 de maig encara en serem m\u00e9s&#8221;, ha dit Armengol.<\/p>\n<p>De fet, ha posat d&#8217;exemple que a l&#8217;illa d&#8217;Eivissa, l&#8217;\u00fanic ajuntament que ha cedit s\u00f2l p\u00fablic per construir-hi habitatge protegit \u00e9s el d&#8217;Eivissa ciutat, governat pel socialista Rafa Ruiz, una promoci\u00f3 que el PP vol dur als jutjats.<\/p>\n<p>A m\u00e9s a m\u00e9s, Armengol tamb\u00e9 ha anunciat l&#8217;executiu auton\u00f2mic i els ajuntaments redoblaran els incentius fiscals previstos a la llei d&#8217;Habitatge estatal perqu\u00e8 els propietaris de pisos els treguin al mercat de lloguer a preus raonables.<\/p>\n<p>La candidata a revalidar la presid\u00e8ncia del Govern tamb\u00e9 ha valorat molts positivament els dos anuncis realitzats pel Govern d&#8217;Espanya, sobre convertir els pisos de la\u00a0SAREB\u00a0en habitatge protegit i els 43.000 nous habitatges protegits anunciats per tenir m\u00e9s habitatge social.<\/p>\n<p>El\u00a0secretari\u00a0d&#8217;Estat de Transports, Mobilitat i Agenda Urbana del Govern d&#8217;Espanya, David\u00a0Lucas, ha volgut agrair tant a la presidenta Armengol com als batles socialistes la interlocuci\u00f3 amb el Govern d&#8217;Espanya per tot all\u00f2 que fa refer\u00e8ncia a pol\u00edtiques p\u00fabliques d&#8217;habitatge i per la feina permanent en la implementaci\u00f3 de tots els programes destinats a afavorir l&#8217;acc\u00e9s de la gent a un habitatge digne a preu digne.<\/p>\n<p>La futura llei assegura i refor\u00e7a el cinqu\u00e8 pilar de l&#8217;Estat del benestar, garantint el dret a un habitatge digne i adequat que es pugui exercir en condicions assequibles. \u00c9s una de les lleis m\u00e9s avan\u00e7ades d&#8217;Europa i col\u00b7loca Espanya a l&#8217;avantguarda en el reconeixement del dret a un habitatge digne i adequat.<\/p>\n<p>L&#8217;acc\u00e9s a un habitatge digne ha esdevingut un gran obstacle que frustra els projectes vitals de moltes persones, perqu\u00e8 no poden comprar ni llogar a preus raonables, i molt especialment en territoris com l&#8217;illa d&#8217;Eivissa.<\/p>\n<p>La llei millora la regulaci\u00f3 dels desnonaments i llan\u00e7aments que afectin persones en situacions de vulnerabilitat, incentiva l&#8217;habitatge protegit de lloguer a preu limitat, estableix mecanismes de contenci\u00f3 i baixada de preus del lloguer a zones\u00a0tensionades\u00a0i estimula el lloguer d&#8217;habitatge habitual a preus assequibles.<\/p>\n<p>Tamb\u00e9 s&#8217;estableixen una s\u00e8rie d&#8217;incentius i beneficis fiscals per possibilitar que els petits propietaris mantinguin o abaixin els preus del lloguer. Es crea un sistema potestatiu per a les entitats locals a trav\u00e9s de l&#8217;IBI per afavorir la mobilitzaci\u00f3 dels habitatges buits. Es protegiran els parcs p\u00fablics d&#8217;habitatge i es prohibeix la venda a fons\u00a0dinversi\u00f3.<\/p>\n<p>Entre les millores introdu\u00efdes al tr\u00e0mit parlamentari, destaquen la definici\u00f3 de grans forquilles i la creaci\u00f3 de zones de mercat residencial\u00a0tensionat. Es refor\u00e7a la protecci\u00f3 de les fam\u00edlies vulnerables davant dels desnonaments i s&#8217;estableix un equilibri en les relacions entre l&#8217;arrendador i l&#8217;arrendatari.<\/p>\n<p>Amb aquesta llei es garanteix que tots els ciutadans puguin accedir a un habitatge digne i adequat, independentment de la seva situaci\u00f3 socioecon\u00f2mica. \u00c9s un gran pas endavant en la lluita contra la desigualtat i en la construcci\u00f3 d&#8217;una societat m\u00e9s justa.<\/p>\n","protected":false},"excerpt":{"rendered":"<p>Josep Mar\u00ed Ribas, &#8216;Agustinet&#8217;, s&#8217;ha comprom\u00e8s a &#8220;posar el Consell d&#8217;Eivissa a treballar en favor de l&#8217;habitatge p\u00fablic&#8221;. &#8220;El Consell Insular s&#8217;ha d&#8217;implicar en\u00a0els problemes\u00a0d&#8217;Eivissa, i aquest \u00e9s el m\u00e9s important que tenim a l&#8217;illa&#8221;, ha manifestat &#8216;Agustinet&#8217;.\u00a0El conseller balear de Mobilitat i Habitatge i candidat del PSOE a la presid\u00e8ncia del Consell Insular ho&hellip;<\/p>\n","protected":false},"author":7,"featured_media":37143,"comment_status":"closed","ping_status":"closed","sticky":false,"template":"","format":"standard","meta":{"footnotes":""},"categories":[192,1,191],"tags":[],"class_list":["post-37142","post","type-post","status-publish","format-standard","has-post-thumbnail","hentry","category-consell-deivissa","category-federacio-de-eivissa-portada","category-govern-de-les-illes-balears-parlament"],"yoast_head":"<!-- This site is optimized with the Yoast SEO plugin v26.9 - https:\/\/yoast.com\/product\/yoast-seo-wordpress\/ -->\n<title>&#039;Agustinet&#039; es compromet a &quot;posar el Consell d&#039;Eivissa a treballar en pol\u00edtiques d&#039;habitatge&quot;. El PSIB-PSOE anuncia un &quot;Pacte per l&#039;Habitatge&quot; a les Illes Balears, en un acte amb Francina Armengol i el secretari d&#039;Estat David\u00a0Lucas. - Federaci\u00f3 Socialista d&#039;Eivissa<\/title>\n<meta name=\"robots\" content=\"index, follow, max-snippet:-1, max-image-preview:large, max-video-preview:-1\" \/>\n<link rel=\"canonical\" href=\"https:\/\/www.psib-psoe.org\/eivissa\/agustinet-es-compromet-a-posar-el-consell-deivissa-a-treballar-en-politiques-dhabitatge-el-psib-psoe-anuncia-un-pacte-per-lhabitatge-a-les-illes-balears-en-un-acte-amb-francina-arm\/\" \/>\n<meta property=\"og:locale\" content=\"ca_ES\" \/>\n<meta property=\"og:type\" content=\"article\" \/>\n<meta property=\"og:title\" content=\"&#039;Agustinet&#039; es compromet a &quot;posar el Consell d&#039;Eivissa a treballar en pol\u00edtiques d&#039;habitatge&quot;. El PSIB-PSOE anuncia un &quot;Pacte per l&#039;Habitatge&quot; a les Illes Balears, en un acte amb Francina Armengol i el secretari d&#039;Estat David\u00a0Lucas. - Federaci\u00f3 Socialista d&#039;Eivissa\" \/>\n<meta property=\"og:description\" content=\"Josep Mar\u00ed Ribas, &#8216;Agustinet&#8217;, s&#8217;ha comprom\u00e8s a &#8220;posar el Consell d&#8217;Eivissa a treballar en favor de l&#8217;habitatge p\u00fablic&#8221;. &#8220;El Consell Insular s&#8217;ha d&#8217;implicar en\u00a0els problemes\u00a0d&#8217;Eivissa, i aquest \u00e9s el m\u00e9s important que tenim a l&#8217;illa&#8221;, ha manifestat &#8216;Agustinet&#8217;.\u00a0El conseller balear de Mobilitat i Habitatge i candidat del PSOE a la presid\u00e8ncia del Consell Insular ho&hellip;\" \/>\n<meta property=\"og:url\" content=\"https:\/\/www.psib-psoe.org\/eivissa\/agustinet-es-compromet-a-posar-el-consell-deivissa-a-treballar-en-politiques-dhabitatge-el-psib-psoe-anuncia-un-pacte-per-lhabitatge-a-les-illes-balears-en-un-acte-amb-francina-arm\/\" \/>\n<meta property=\"og:site_name\" content=\"Federaci\u00f3 Socialista d&#039;Eivissa\" \/>\n<meta property=\"article:published_time\" content=\"2023-04-19T13:18:01+00:00\" \/>\n<meta property=\"article:modified_time\" content=\"2023-04-19T13:25:53+00:00\" \/>\n<meta property=\"og:image\" content=\"https:\/\/www.psib-psoe.org\/eivissa\/wp-content\/uploads\/20230419_MESURES-HABITATGE-7.jpeg\" \/>\n\t<meta property=\"og:image:width\" content=\"1599\" \/>\n\t<meta property=\"og:image:height\" content=\"1066\" \/>\n\t<meta property=\"og:image:type\" content=\"image\/jpeg\" \/>\n<meta name=\"author\" content=\"Josep Ripoll\" \/>\n<meta name=\"twitter:card\" content=\"summary_large_image\" \/>\n<meta name=\"twitter:label1\" content=\"Escrit per\" \/>\n\t<meta name=\"twitter:data1\" content=\"Josep Ripoll\" \/>\n\t<meta name=\"twitter:label2\" content=\"Temps estimat de lectura\" \/>\n\t<meta name=\"twitter:data2\" content=\"5 minuts\" \/>\n<script type=\"application\/ld+json\" class=\"yoast-schema-graph\">{\"@context\":\"https:\/\/schema.org\",\"@graph\":[{\"@type\":[\"Article\",\"BlogPosting\"],\"@id\":\"https:\/\/www.psib-psoe.org\/eivissa\/agustinet-es-compromet-a-posar-el-consell-deivissa-a-treballar-en-politiques-dhabitatge-el-psib-psoe-anuncia-un-pacte-per-lhabitatge-a-les-illes-balears-en-un-acte-amb-francina-arm\/#article\",\"isPartOf\":{\"@id\":\"https:\/\/www.psib-psoe.org\/eivissa\/agustinet-es-compromet-a-posar-el-consell-deivissa-a-treballar-en-politiques-dhabitatge-el-psib-psoe-anuncia-un-pacte-per-lhabitatge-a-les-illes-balears-en-un-acte-amb-francina-arm\/\"},\"author\":{\"name\":\"Josep Ripoll\",\"@id\":\"https:\/\/www.psib-psoe.org\/eivissa\/#\/schema\/person\/7a9d2841fb36f32e34fc0e9b245e8117\"},\"headline\":\"&#8216;Agustinet&#8217; es compromet a &#8220;posar el Consell d&#8217;Eivissa a treballar en pol\u00edtiques d&#8217;habitatge&#8221;. El PSIB-PSOE anuncia un &#8220;Pacte per l&#8217;Habitatge&#8221; a les Illes Balears, en un acte amb Francina Armengol i el secretari d&#8217;Estat David\u00a0Lucas.\",\"datePublished\":\"2023-04-19T13:18:01+00:00\",\"dateModified\":\"2023-04-19T13:25:53+00:00\",\"mainEntityOfPage\":{\"@id\":\"https:\/\/www.psib-psoe.org\/eivissa\/agustinet-es-compromet-a-posar-el-consell-deivissa-a-treballar-en-politiques-dhabitatge-el-psib-psoe-anuncia-un-pacte-per-lhabitatge-a-les-illes-balears-en-un-acte-amb-francina-arm\/\"},\"wordCount\":1033,\"publisher\":{\"@id\":\"https:\/\/www.psib-psoe.org\/eivissa\/#organization\"},\"image\":{\"@id\":\"https:\/\/www.psib-psoe.org\/eivissa\/agustinet-es-compromet-a-posar-el-consell-deivissa-a-treballar-en-politiques-dhabitatge-el-psib-psoe-anuncia-un-pacte-per-lhabitatge-a-les-illes-balears-en-un-acte-amb-francina-arm\/#primaryimage\"},\"thumbnailUrl\":\"https:\/\/www.psib-psoe.org\/eivissa\/wp-content\/uploads\/20230419_MESURES-HABITATGE-7.jpeg\",\"articleSection\":[\"Consell d'Eivissa\",\"Federaci\u00f3 d'Eivissa - Portada\",\"Govern de les Illes Balears - Parlament - PSIB-PSOE\"],\"inLanguage\":\"ca\"},{\"@type\":\"WebPage\",\"@id\":\"https:\/\/www.psib-psoe.org\/eivissa\/agustinet-es-compromet-a-posar-el-consell-deivissa-a-treballar-en-politiques-dhabitatge-el-psib-psoe-anuncia-un-pacte-per-lhabitatge-a-les-illes-balears-en-un-acte-amb-francina-arm\/\",\"url\":\"https:\/\/www.psib-psoe.org\/eivissa\/agustinet-es-compromet-a-posar-el-consell-deivissa-a-treballar-en-politiques-dhabitatge-el-psib-psoe-anuncia-un-pacte-per-lhabitatge-a-les-illes-balears-en-un-acte-amb-francina-arm\/\",\"name\":\"'Agustinet' es compromet a \\\"posar el Consell d'Eivissa a treballar en pol\u00edtiques d'habitatge\\\". El PSIB-PSOE anuncia un \\\"Pacte per l'Habitatge\\\" a les Illes Balears, en un acte amb Francina Armengol i el secretari d'Estat David\u00a0Lucas. - Federaci\u00f3 Socialista d&#039;Eivissa\",\"isPartOf\":{\"@id\":\"https:\/\/www.psib-psoe.org\/eivissa\/#website\"},\"primaryImageOfPage\":{\"@id\":\"https:\/\/www.psib-psoe.org\/eivissa\/agustinet-es-compromet-a-posar-el-consell-deivissa-a-treballar-en-politiques-dhabitatge-el-psib-psoe-anuncia-un-pacte-per-lhabitatge-a-les-illes-balears-en-un-acte-amb-francina-arm\/#primaryimage\"},\"image\":{\"@id\":\"https:\/\/www.psib-psoe.org\/eivissa\/agustinet-es-compromet-a-posar-el-consell-deivissa-a-treballar-en-politiques-dhabitatge-el-psib-psoe-anuncia-un-pacte-per-lhabitatge-a-les-illes-balears-en-un-acte-amb-francina-arm\/#primaryimage\"},\"thumbnailUrl\":\"https:\/\/www.psib-psoe.org\/eivissa\/wp-content\/uploads\/20230419_MESURES-HABITATGE-7.jpeg\",\"datePublished\":\"2023-04-19T13:18:01+00:00\",\"dateModified\":\"2023-04-19T13:25:53+00:00\",\"breadcrumb\":{\"@id\":\"https:\/\/www.psib-psoe.org\/eivissa\/agustinet-es-compromet-a-posar-el-consell-deivissa-a-treballar-en-politiques-dhabitatge-el-psib-psoe-anuncia-un-pacte-per-lhabitatge-a-les-illes-balears-en-un-acte-amb-francina-arm\/#breadcrumb\"},\"inLanguage\":\"ca\",\"potentialAction\":[{\"@type\":\"ReadAction\",\"target\":[\"https:\/\/www.psib-psoe.org\/eivissa\/agustinet-es-compromet-a-posar-el-consell-deivissa-a-treballar-en-politiques-dhabitatge-el-psib-psoe-anuncia-un-pacte-per-lhabitatge-a-les-illes-balears-en-un-acte-amb-francina-arm\/\"]}]},{\"@type\":\"ImageObject\",\"inLanguage\":\"ca\",\"@id\":\"https:\/\/www.psib-psoe.org\/eivissa\/agustinet-es-compromet-a-posar-el-consell-deivissa-a-treballar-en-politiques-dhabitatge-el-psib-psoe-anuncia-un-pacte-per-lhabitatge-a-les-illes-balears-en-un-acte-amb-francina-arm\/#primaryimage\",\"url\":\"https:\/\/www.psib-psoe.org\/eivissa\/wp-content\/uploads\/20230419_MESURES-HABITATGE-7.jpeg\",\"contentUrl\":\"https:\/\/www.psib-psoe.org\/eivissa\/wp-content\/uploads\/20230419_MESURES-HABITATGE-7.jpeg\",\"width\":1599,\"height\":1066},{\"@type\":\"BreadcrumbList\",\"@id\":\"https:\/\/www.psib-psoe.org\/eivissa\/agustinet-es-compromet-a-posar-el-consell-deivissa-a-treballar-en-politiques-dhabitatge-el-psib-psoe-anuncia-un-pacte-per-lhabitatge-a-les-illes-balears-en-un-acte-amb-francina-arm\/#breadcrumb\",\"itemListElement\":[{\"@type\":\"ListItem\",\"position\":1,\"name\":\"Inici\",\"item\":\"https:\/\/www.psib-psoe.org\/eivissa\/\"},{\"@type\":\"ListItem\",\"position\":2,\"name\":\"&#8216;Agustinet&#8217; es compromet a &#8220;posar el Consell d&#8217;Eivissa a treballar en pol\u00edtiques d&#8217;habitatge&#8221;. El PSIB-PSOE anuncia un &#8220;Pacte per l&#8217;Habitatge&#8221; a les Illes Balears, en un acte amb Francina Armengol i el secretari d&#8217;Estat David\u00a0Lucas.\"}]},{\"@type\":\"WebSite\",\"@id\":\"https:\/\/www.psib-psoe.org\/eivissa\/#website\",\"url\":\"https:\/\/www.psib-psoe.org\/eivissa\/\",\"name\":\"Federaci\u00f3 Socialista d'Eivissa\",\"description\":\"Socialistes d&#039;Eivissa\",\"publisher\":{\"@id\":\"https:\/\/www.psib-psoe.org\/eivissa\/#organization\"},\"potentialAction\":[{\"@type\":\"SearchAction\",\"target\":{\"@type\":\"EntryPoint\",\"urlTemplate\":\"https:\/\/www.psib-psoe.org\/eivissa\/?s={search_term_string}\"},\"query-input\":{\"@type\":\"PropertyValueSpecification\",\"valueRequired\":true,\"valueName\":\"search_term_string\"}}],\"inLanguage\":\"ca\"},{\"@type\":\"Organization\",\"@id\":\"https:\/\/www.psib-psoe.org\/eivissa\/#organization\",\"name\":\"Federaci\u00f3 Socialista d'Eivissa\",\"url\":\"https:\/\/www.psib-psoe.org\/eivissa\/\",\"logo\":{\"@type\":\"ImageObject\",\"inLanguage\":\"ca\",\"@id\":\"https:\/\/www.psib-psoe.org\/eivissa\/#\/schema\/logo\/image\/\",\"url\":\"https:\/\/www.psib-psoe.org\/eivissa\/wp-content\/uploads\/LOGO-FSE-SOCIALISTA-DEIVISSA-HORI.png\",\"contentUrl\":\"https:\/\/www.psib-psoe.org\/eivissa\/wp-content\/uploads\/LOGO-FSE-SOCIALISTA-DEIVISSA-HORI.png\",\"width\":6000,\"height\":3104,\"caption\":\"Federaci\u00f3 Socialista d'Eivissa\"},\"image\":{\"@id\":\"https:\/\/www.psib-psoe.org\/eivissa\/#\/schema\/logo\/image\/\"}},{\"@type\":\"Person\",\"@id\":\"https:\/\/www.psib-psoe.org\/eivissa\/#\/schema\/person\/7a9d2841fb36f32e34fc0e9b245e8117\",\"name\":\"Josep Ripoll\",\"sameAs\":[\"http:\/\/www.psib-psoe.org\/eivissa\/wp-login.php\"],\"url\":\"https:\/\/www.psib-psoe.org\/eivissa\/author\/josep\/\"}]}<\/script>\n<!-- \/ Yoast SEO plugin. -->","yoast_head_json":{"title":"'Agustinet' es compromet a \"posar el Consell d'Eivissa a treballar en pol\u00edtiques d'habitatge\". El PSIB-PSOE anuncia un \"Pacte per l'Habitatge\" a les Illes Balears, en un acte amb Francina Armengol i el secretari d'Estat David\u00a0Lucas. - Federaci\u00f3 Socialista d&#039;Eivissa","robots":{"index":"index","follow":"follow","max-snippet":"max-snippet:-1","max-image-preview":"max-image-preview:large","max-video-preview":"max-video-preview:-1"},"canonical":"https:\/\/www.psib-psoe.org\/eivissa\/agustinet-es-compromet-a-posar-el-consell-deivissa-a-treballar-en-politiques-dhabitatge-el-psib-psoe-anuncia-un-pacte-per-lhabitatge-a-les-illes-balears-en-un-acte-amb-francina-arm\/","og_locale":"ca_ES","og_type":"article","og_title":"'Agustinet' es compromet a \"posar el Consell d'Eivissa a treballar en pol\u00edtiques d'habitatge\". El PSIB-PSOE anuncia un \"Pacte per l'Habitatge\" a les Illes Balears, en un acte amb Francina Armengol i el secretari d'Estat David\u00a0Lucas. - Federaci\u00f3 Socialista d&#039;Eivissa","og_description":"Josep Mar\u00ed Ribas, &#8216;Agustinet&#8217;, s&#8217;ha comprom\u00e8s a &#8220;posar el Consell d&#8217;Eivissa a treballar en favor de l&#8217;habitatge p\u00fablic&#8221;. &#8220;El Consell Insular s&#8217;ha d&#8217;implicar en\u00a0els problemes\u00a0d&#8217;Eivissa, i aquest \u00e9s el m\u00e9s important que tenim a l&#8217;illa&#8221;, ha manifestat &#8216;Agustinet&#8217;.\u00a0El conseller balear de Mobilitat i Habitatge i candidat del PSOE a la presid\u00e8ncia del Consell Insular ho&hellip;","og_url":"https:\/\/www.psib-psoe.org\/eivissa\/agustinet-es-compromet-a-posar-el-consell-deivissa-a-treballar-en-politiques-dhabitatge-el-psib-psoe-anuncia-un-pacte-per-lhabitatge-a-les-illes-balears-en-un-acte-amb-francina-arm\/","og_site_name":"Federaci\u00f3 Socialista d&#039;Eivissa","article_published_time":"2023-04-19T13:18:01+00:00","article_modified_time":"2023-04-19T13:25:53+00:00","og_image":[{"width":1599,"height":1066,"url":"https:\/\/www.psib-psoe.org\/eivissa\/wp-content\/uploads\/20230419_MESURES-HABITATGE-7.jpeg","type":"image\/jpeg"}],"author":"Josep Ripoll","twitter_card":"summary_large_image","twitter_misc":{"Escrit per":"Josep Ripoll","Temps estimat de lectura":"5 minuts"},"schema":{"@context":"https:\/\/schema.org","@graph":[{"@type":["Article","BlogPosting"],"@id":"https:\/\/www.psib-psoe.org\/eivissa\/agustinet-es-compromet-a-posar-el-consell-deivissa-a-treballar-en-politiques-dhabitatge-el-psib-psoe-anuncia-un-pacte-per-lhabitatge-a-les-illes-balears-en-un-acte-amb-francina-arm\/#article","isPartOf":{"@id":"https:\/\/www.psib-psoe.org\/eivissa\/agustinet-es-compromet-a-posar-el-consell-deivissa-a-treballar-en-politiques-dhabitatge-el-psib-psoe-anuncia-un-pacte-per-lhabitatge-a-les-illes-balears-en-un-acte-amb-francina-arm\/"},"author":{"name":"Josep Ripoll","@id":"https:\/\/www.psib-psoe.org\/eivissa\/#\/schema\/person\/7a9d2841fb36f32e34fc0e9b245e8117"},"headline":"&#8216;Agustinet&#8217; es compromet a &#8220;posar el Consell d&#8217;Eivissa a treballar en pol\u00edtiques d&#8217;habitatge&#8221;. El PSIB-PSOE anuncia un &#8220;Pacte per l&#8217;Habitatge&#8221; a les Illes Balears, en un acte amb Francina Armengol i el secretari d&#8217;Estat David\u00a0Lucas.","datePublished":"2023-04-19T13:18:01+00:00","dateModified":"2023-04-19T13:25:53+00:00","mainEntityOfPage":{"@id":"https:\/\/www.psib-psoe.org\/eivissa\/agustinet-es-compromet-a-posar-el-consell-deivissa-a-treballar-en-politiques-dhabitatge-el-psib-psoe-anuncia-un-pacte-per-lhabitatge-a-les-illes-balears-en-un-acte-amb-francina-arm\/"},"wordCount":1033,"publisher":{"@id":"https:\/\/www.psib-psoe.org\/eivissa\/#organization"},"image":{"@id":"https:\/\/www.psib-psoe.org\/eivissa\/agustinet-es-compromet-a-posar-el-consell-deivissa-a-treballar-en-politiques-dhabitatge-el-psib-psoe-anuncia-un-pacte-per-lhabitatge-a-les-illes-balears-en-un-acte-amb-francina-arm\/#primaryimage"},"thumbnailUrl":"https:\/\/www.psib-psoe.org\/eivissa\/wp-content\/uploads\/20230419_MESURES-HABITATGE-7.jpeg","articleSection":["Consell d'Eivissa","Federaci\u00f3 d'Eivissa - Portada","Govern de les Illes Balears - Parlament - PSIB-PSOE"],"inLanguage":"ca"},{"@type":"WebPage","@id":"https:\/\/www.psib-psoe.org\/eivissa\/agustinet-es-compromet-a-posar-el-consell-deivissa-a-treballar-en-politiques-dhabitatge-el-psib-psoe-anuncia-un-pacte-per-lhabitatge-a-les-illes-balears-en-un-acte-amb-francina-arm\/","url":"https:\/\/www.psib-psoe.org\/eivissa\/agustinet-es-compromet-a-posar-el-consell-deivissa-a-treballar-en-politiques-dhabitatge-el-psib-psoe-anuncia-un-pacte-per-lhabitatge-a-les-illes-balears-en-un-acte-amb-francina-arm\/","name":"'Agustinet' es compromet a \"posar el Consell d'Eivissa a treballar en pol\u00edtiques d'habitatge\". El PSIB-PSOE anuncia un \"Pacte per l'Habitatge\" a les Illes Balears, en un acte amb Francina Armengol i el secretari d'Estat David\u00a0Lucas. - Federaci\u00f3 Socialista d&#039;Eivissa","isPartOf":{"@id":"https:\/\/www.psib-psoe.org\/eivissa\/#website"},"primaryImageOfPage":{"@id":"https:\/\/www.psib-psoe.org\/eivissa\/agustinet-es-compromet-a-posar-el-consell-deivissa-a-treballar-en-politiques-dhabitatge-el-psib-psoe-anuncia-un-pacte-per-lhabitatge-a-les-illes-balears-en-un-acte-amb-francina-arm\/#primaryimage"},"image":{"@id":"https:\/\/www.psib-psoe.org\/eivissa\/agustinet-es-compromet-a-posar-el-consell-deivissa-a-treballar-en-politiques-dhabitatge-el-psib-psoe-anuncia-un-pacte-per-lhabitatge-a-les-illes-balears-en-un-acte-amb-francina-arm\/#primaryimage"},"thumbnailUrl":"https:\/\/www.psib-psoe.org\/eivissa\/wp-content\/uploads\/20230419_MESURES-HABITATGE-7.jpeg","datePublished":"2023-04-19T13:18:01+00:00","dateModified":"2023-04-19T13:25:53+00:00","breadcrumb":{"@id":"https:\/\/www.psib-psoe.org\/eivissa\/agustinet-es-compromet-a-posar-el-consell-deivissa-a-treballar-en-politiques-dhabitatge-el-psib-psoe-anuncia-un-pacte-per-lhabitatge-a-les-illes-balears-en-un-acte-amb-francina-arm\/#breadcrumb"},"inLanguage":"ca","potentialAction":[{"@type":"ReadAction","target":["https:\/\/www.psib-psoe.org\/eivissa\/agustinet-es-compromet-a-posar-el-consell-deivissa-a-treballar-en-politiques-dhabitatge-el-psib-psoe-anuncia-un-pacte-per-lhabitatge-a-les-illes-balears-en-un-acte-amb-francina-arm\/"]}]},{"@type":"ImageObject","inLanguage":"ca","@id":"https:\/\/www.psib-psoe.org\/eivissa\/agustinet-es-compromet-a-posar-el-consell-deivissa-a-treballar-en-politiques-dhabitatge-el-psib-psoe-anuncia-un-pacte-per-lhabitatge-a-les-illes-balears-en-un-acte-amb-francina-arm\/#primaryimage","url":"https:\/\/www.psib-psoe.org\/eivissa\/wp-content\/uploads\/20230419_MESURES-HABITATGE-7.jpeg","contentUrl":"https:\/\/www.psib-psoe.org\/eivissa\/wp-content\/uploads\/20230419_MESURES-HABITATGE-7.jpeg","width":1599,"height":1066},{"@type":"BreadcrumbList","@id":"https:\/\/www.psib-psoe.org\/eivissa\/agustinet-es-compromet-a-posar-el-consell-deivissa-a-treballar-en-politiques-dhabitatge-el-psib-psoe-anuncia-un-pacte-per-lhabitatge-a-les-illes-balears-en-un-acte-amb-francina-arm\/#breadcrumb","itemListElement":[{"@type":"ListItem","position":1,"name":"Inici","item":"https:\/\/www.psib-psoe.org\/eivissa\/"},{"@type":"ListItem","position":2,"name":"&#8216;Agustinet&#8217; es compromet a &#8220;posar el Consell d&#8217;Eivissa a treballar en pol\u00edtiques d&#8217;habitatge&#8221;. El PSIB-PSOE anuncia un &#8220;Pacte per l&#8217;Habitatge&#8221; a les Illes Balears, en un acte amb Francina Armengol i el secretari d&#8217;Estat David\u00a0Lucas."}]},{"@type":"WebSite","@id":"https:\/\/www.psib-psoe.org\/eivissa\/#website","url":"https:\/\/www.psib-psoe.org\/eivissa\/","name":"Federaci\u00f3 Socialista d'Eivissa","description":"Socialistes d&#039;Eivissa","publisher":{"@id":"https:\/\/www.psib-psoe.org\/eivissa\/#organization"},"potentialAction":[{"@type":"SearchAction","target":{"@type":"EntryPoint","urlTemplate":"https:\/\/www.psib-psoe.org\/eivissa\/?s={search_term_string}"},"query-input":{"@type":"PropertyValueSpecification","valueRequired":true,"valueName":"search_term_string"}}],"inLanguage":"ca"},{"@type":"Organization","@id":"https:\/\/www.psib-psoe.org\/eivissa\/#organization","name":"Federaci\u00f3 Socialista d'Eivissa","url":"https:\/\/www.psib-psoe.org\/eivissa\/","logo":{"@type":"ImageObject","inLanguage":"ca","@id":"https:\/\/www.psib-psoe.org\/eivissa\/#\/schema\/logo\/image\/","url":"https:\/\/www.psib-psoe.org\/eivissa\/wp-content\/uploads\/LOGO-FSE-SOCIALISTA-DEIVISSA-HORI.png","contentUrl":"https:\/\/www.psib-psoe.org\/eivissa\/wp-content\/uploads\/LOGO-FSE-SOCIALISTA-DEIVISSA-HORI.png","width":6000,"height":3104,"caption":"Federaci\u00f3 Socialista d'Eivissa"},"image":{"@id":"https:\/\/www.psib-psoe.org\/eivissa\/#\/schema\/logo\/image\/"}},{"@type":"Person","@id":"https:\/\/www.psib-psoe.org\/eivissa\/#\/schema\/person\/7a9d2841fb36f32e34fc0e9b245e8117","name":"Josep Ripoll","sameAs":["http:\/\/www.psib-psoe.org\/eivissa\/wp-login.php"],"url":"https:\/\/www.psib-psoe.org\/eivissa\/author\/josep\/"}]}},"_links":{"self":[{"href":"https:\/\/www.psib-psoe.org\/eivissa\/wp-json\/wp\/v2\/posts\/37142","targetHints":{"allow":["GET"]}}],"collection":[{"href":"https:\/\/www.psib-psoe.org\/eivissa\/wp-json\/wp\/v2\/posts"}],"about":[{"href":"https:\/\/www.psib-psoe.org\/eivissa\/wp-json\/wp\/v2\/types\/post"}],"author":[{"embeddable":true,"href":"https:\/\/www.psib-psoe.org\/eivissa\/wp-json\/wp\/v2\/users\/7"}],"replies":[{"embeddable":true,"href":"https:\/\/www.psib-psoe.org\/eivissa\/wp-json\/wp\/v2\/comments?post=37142"}],"version-history":[{"count":2,"href":"https:\/\/www.psib-psoe.org\/eivissa\/wp-json\/wp\/v2\/posts\/37142\/revisions"}],"predecessor-version":[{"id":37152,"href":"https:\/\/www.psib-psoe.org\/eivissa\/wp-json\/wp\/v2\/posts\/37142\/revisions\/37152"}],"wp:featuredmedia":[{"embeddable":true,"href":"https:\/\/www.psib-psoe.org\/eivissa\/wp-json\/wp\/v2\/media\/37143"}],"wp:attachment":[{"href":"https:\/\/www.psib-psoe.org\/eivissa\/wp-json\/wp\/v2\/media?parent=37142"}],"wp:term":[{"taxonomy":"category","embeddable":true,"href":"https:\/\/www.psib-psoe.org\/eivissa\/wp-json\/wp\/v2\/categories?post=37142"},{"taxonomy":"post_tag","embeddable":true,"href":"https:\/\/www.psib-psoe.org\/eivissa\/wp-json\/wp\/v2\/tags?post=37142"}],"curies":[{"name":"wp","href":"https:\/\/api.w.org\/{rel}","templated":true}]}}