{"id":37263,"date":"2023-05-06T11:46:40","date_gmt":"2023-05-06T09:46:40","guid":{"rendered":"https:\/\/www.psib-psoe.org\/eivissa\/?p=37263"},"modified":"2023-05-06T11:46:40","modified_gmt":"2023-05-06T09:46:40","slug":"agustinet-es-compromet-a-destinar-20-milions-deuros-del-consell-insular-a-politiques-dhabitatge-i-limitar-els-preus-del-lloguer-a-lilla-deivissa","status":"publish","type":"post","link":"https:\/\/www.psib-psoe.org\/eivissa\/agustinet-es-compromet-a-destinar-20-milions-deuros-del-consell-insular-a-politiques-dhabitatge-i-limitar-els-preus-del-lloguer-a-lilla-deivissa\/","title":{"rendered":"&#8216;Agustinet&#8217; es compromet a destinar 20 milions d&#8217;euros del Consell Insular a pol\u00edtiques d&#8217;habitatge i limitar els preus del lloguer a l&#8217;illa d&#8217;Eivissa"},"content":{"rendered":"<p>El candidat del PSOE a la presid\u00e8ncia del Consell d&#8217;Eivissa, Josep Mar\u00ed Ribas, &#8216;Agustinet&#8217;, ha anunciat avui el seu comprom\u00eds de destinar 20 milions d&#8217;euros de l\u2019administraci\u00f3 insular a pol\u00edtiques d&#8217;habitatge i limitar els preus del lloguer a l&#8217;illa d&#8217;Eivissa si guanya les eleccions del mes de maig. Les pol\u00edtiques d&#8217;habitatge seran \u201cl&#8217;eix central\u201d de l&#8217;acci\u00f3 de govern del Consell Insular, ja que &#8216;Agustinet&#8217; considera que &#8220;\u00e9s el principal problema de la ciutadania d&#8217;Eivissa&#8221;.<\/p>\n<p>&#8216;Agustinet&#8217; ha explicat el programa del PSOE en habitatge en un acte celebrat davant de la nova promoci\u00f3 d&#8217;HPP a Platja d&#8217;en Bossa i en qu\u00e8 ha estat acompanyat de Pilar Costa, cap de llista al Parlament de les Illes Balears per Eivissa i dels alcaldes i candidats socialistes als cinc municipis: Rafa Ruiz, \u00c1ngel Luis Guerrero, Ram\u00f3n Roca, Antonio Lorenzo i Javier Mar\u00ed.<\/p>\n<p>El candidat socialista ha criticat els \u00faltims quatre anys en qu\u00e8 el Consell ha estat &#8220;absent&#8221; en aquesta q\u00fcesti\u00f3, &#8220;igual que els ajuntaments del Partit Popular&#8221;. Una legislatura &#8220;en blanc&#8221; per part del PP en pol\u00edtiques d&#8217;habitatge, i que continuar\u00e0 els pr\u00f2xims anys all\u00e0 on governi la dreta, ja que no pensen aplicar la nova Llei estatal d&#8217;habitatge.<\/p>\n<p>\u2018Agustinet\u2019 ha assegurat que treballar\u00e0 &#8220;conjuntament amb totes les administracions\u201d amb l&#8217;objectiu de &#8220;fer del dret a l&#8217;habitatge el cinqu\u00e8 pilar de l&#8217;estat del Benestar, desenvolupant tot el que preveu la nova Llei estatal d&#8217;habitatge&#8221;.<\/p>\n<p>&#8220;Serem el primer territori a aplicar la limitaci\u00f3 de preus del lloguer. Una mesura urgent i molt necess\u00e0ria a la nostra illa, que v\u00e0rem incloure en la llei balear d&#8217;Habitatge i que ara podrem desplegar gr\u00e0cies a la Llei estatal&#8221;.<\/p>\n<p>Entre les propostes concretes, &#8216;Agustinet&#8217; ha destacat l&#8217;increment del parc p\u00fablic d&#8217;habitatges en r\u00e8gim de lloguer social, continuant amb la construcci\u00f3 de nous habitatges com els de les tres promocions entregades en aquesta legislatura, aix\u00ed com la promoci\u00f3 d&#8217;Isidor Macabich i altres promocions que vol impulsar &#8220;a tots els municipis de l&#8217;illa&#8221;.<\/p>\n<p>En el seu programa electoral, el candidat tamb\u00e9 inclou la creaci\u00f3 de la Mesa insular de l&#8217;habitatge, que reunir\u00e0 ajuntaments i administracions estatal i auton\u00f2mica per promoure la cessi\u00f3 de s\u00f2l per a construcci\u00f3 d&#8217;habitatge p\u00fablic en r\u00e8gim de lloguer.<\/p>\n<p>Aix\u00ed mateix, &#8216;Agustinet&#8217; es compromet amb la creaci\u00f3 d&#8217;un pla d&#8217;adquisici\u00f3 d&#8217;immobles inacabats per a promoure la seva finalitzaci\u00f3 i destinar-los a l&#8217;habitatge p\u00fablic. Tamb\u00e9 facilitar\u00e0 la construcci\u00f3, compra i rehabilitaci\u00f3 d&#8217;habitatges per crear una bossa d&#8217;habitatges en r\u00e8gim de lloguer social, per a joves, fam\u00edlies en risc d&#8217;exclusi\u00f3 social i persones amb discapacitat.<\/p>\n<p>&#8216;Agustinet&#8217; treballar\u00e0 en contra de l&#8217;\u00fas tur\u00edstic i especulatiu de l&#8217;habitatge, estudiant mesures de restricci\u00f3 d&#8217;adquisici\u00f3 d&#8217;habitatges per part de no residents i inversors i elaborant censos d&#8217;habitatges buits per a posar-los a disposici\u00f3 del seu \u00fas fonamental.<\/p>\n<p>Altres propostes del programa socialista s\u00f3n les de crear la declaraci\u00f3 d&#8217;inter\u00e8s insular i inter\u00e8s local que agilitzi administrativament les autopromocions de construcci\u00f3 i\/o reforma de primer habitatge habitual i permeti obtenir llic\u00e8ncies d&#8217;habitatges r\u00e0pidament, realitzar un estudi censal dels habitatges de tota l&#8217;illa, per a detectar habitatges buits que siguin susceptibles de sortir al mercat residencial, facilitar la tramitaci\u00f3 administrativa amb mesures espec\u00edfiques de racionalitzaci\u00f3 i acceleraci\u00f3 de promocions d&#8217;habitatges a preu topat i dissenyar incentius fiscals a qui estigui disposat a cedir temporalment habitatge al sector p\u00fablic.<\/p>\n<p>El PSOE es compromet a actuar de forma contundent i coordinada amb les diferents administracions, per garantir que l&#8217;habitatge existent es destini a la seva finalitat residencial, combatent l&#8217;oferta il\u00b7legal de lloguer tur\u00edstic. Un \u00e0mbit en qu\u00e8 tamb\u00e9 ha fallat el Consell Insular de Vicent Mar\u00ed, com es pot comprovar amb una simple mirada a les plataformes de lloguer tur\u00edstic.<\/p>\n","protected":false},"excerpt":{"rendered":"<p>El candidat del PSOE a la presid\u00e8ncia del Consell d&#8217;Eivissa, Josep Mar\u00ed Ribas, &#8216;Agustinet&#8217;, ha anunciat avui el seu comprom\u00eds de destinar 20 milions d&#8217;euros de l\u2019administraci\u00f3 insular a pol\u00edtiques d&#8217;habitatge i limitar els preus del lloguer a l&#8217;illa d&#8217;Eivissa si guanya les eleccions del mes de maig. Les pol\u00edtiques d&#8217;habitatge seran \u201cl&#8217;eix central\u201d de&hellip;<\/p>\n","protected":false},"author":7,"featured_media":37264,"comment_status":"closed","ping_status":"closed","sticky":false,"template":"","format":"standard","meta":{"footnotes":""},"categories":[192,1],"tags":[],"class_list":["post-37263","post","type-post","status-publish","format-standard","has-post-thumbnail","hentry","category-consell-deivissa","category-federacio-de-eivissa-portada"],"yoast_head":"<!-- This site is optimized with the Yoast SEO plugin v26.9 - https:\/\/yoast.com\/product\/yoast-seo-wordpress\/ -->\n<title>&#039;Agustinet&#039; es compromet a destinar 20 milions d&#039;euros del Consell Insular a pol\u00edtiques d&#039;habitatge i limitar els preus del lloguer a l&#039;illa d&#039;Eivissa - Federaci\u00f3 Socialista d&#039;Eivissa<\/title>\n<meta name=\"robots\" content=\"index, follow, max-snippet:-1, max-image-preview:large, max-video-preview:-1\" \/>\n<link rel=\"canonical\" href=\"https:\/\/www.psib-psoe.org\/eivissa\/agustinet-es-compromet-a-destinar-20-milions-deuros-del-consell-insular-a-politiques-dhabitatge-i-limitar-els-preus-del-lloguer-a-lilla-deivissa\/\" \/>\n<meta property=\"og:locale\" content=\"ca_ES\" \/>\n<meta property=\"og:type\" content=\"article\" \/>\n<meta property=\"og:title\" content=\"&#039;Agustinet&#039; es compromet a destinar 20 milions d&#039;euros del Consell Insular a pol\u00edtiques d&#039;habitatge i limitar els preus del lloguer a l&#039;illa d&#039;Eivissa - Federaci\u00f3 Socialista d&#039;Eivissa\" \/>\n<meta property=\"og:description\" content=\"El candidat del PSOE a la presid\u00e8ncia del Consell d&#8217;Eivissa, Josep Mar\u00ed Ribas, &#8216;Agustinet&#8217;, ha anunciat avui el seu comprom\u00eds de destinar 20 milions d&#8217;euros de l\u2019administraci\u00f3 insular a pol\u00edtiques d&#8217;habitatge i limitar els preus del lloguer a l&#8217;illa d&#8217;Eivissa si guanya les eleccions del mes de maig. Les pol\u00edtiques d&#8217;habitatge seran \u201cl&#8217;eix central\u201d de&hellip;\" \/>\n<meta property=\"og:url\" content=\"https:\/\/www.psib-psoe.org\/eivissa\/agustinet-es-compromet-a-destinar-20-milions-deuros-del-consell-insular-a-politiques-dhabitatge-i-limitar-els-preus-del-lloguer-a-lilla-deivissa\/\" \/>\n<meta property=\"og:site_name\" content=\"Federaci\u00f3 Socialista d&#039;Eivissa\" \/>\n<meta property=\"article:published_time\" content=\"2023-05-06T09:46:40+00:00\" \/>\n<meta property=\"og:image\" content=\"https:\/\/www.psib-psoe.org\/eivissa\/wp-content\/uploads\/2PROPOSTES-HABITATGE-scaled.jpg\" \/>\n\t<meta property=\"og:image:width\" content=\"2560\" \/>\n\t<meta property=\"og:image:height\" content=\"1449\" \/>\n\t<meta property=\"og:image:type\" content=\"image\/jpeg\" \/>\n<meta name=\"author\" content=\"Josep Ripoll\" \/>\n<meta name=\"twitter:card\" content=\"summary_large_image\" \/>\n<meta name=\"twitter:label1\" content=\"Escrit per\" \/>\n\t<meta name=\"twitter:data1\" content=\"Josep Ripoll\" \/>\n\t<meta name=\"twitter:label2\" content=\"Temps estimat de lectura\" \/>\n\t<meta name=\"twitter:data2\" content=\"3 minuts\" \/>\n<script type=\"application\/ld+json\" class=\"yoast-schema-graph\">{\"@context\":\"https:\/\/schema.org\",\"@graph\":[{\"@type\":[\"Article\",\"BlogPosting\"],\"@id\":\"https:\/\/www.psib-psoe.org\/eivissa\/agustinet-es-compromet-a-destinar-20-milions-deuros-del-consell-insular-a-politiques-dhabitatge-i-limitar-els-preus-del-lloguer-a-lilla-deivissa\/#article\",\"isPartOf\":{\"@id\":\"https:\/\/www.psib-psoe.org\/eivissa\/agustinet-es-compromet-a-destinar-20-milions-deuros-del-consell-insular-a-politiques-dhabitatge-i-limitar-els-preus-del-lloguer-a-lilla-deivissa\/\"},\"author\":{\"name\":\"Josep Ripoll\",\"@id\":\"https:\/\/www.psib-psoe.org\/eivissa\/#\/schema\/person\/7a9d2841fb36f32e34fc0e9b245e8117\"},\"headline\":\"&#8216;Agustinet&#8217; es compromet a destinar 20 milions d&#8217;euros del Consell Insular a pol\u00edtiques d&#8217;habitatge i limitar els preus del lloguer a l&#8217;illa d&#8217;Eivissa\",\"datePublished\":\"2023-05-06T09:46:40+00:00\",\"mainEntityOfPage\":{\"@id\":\"https:\/\/www.psib-psoe.org\/eivissa\/agustinet-es-compromet-a-destinar-20-milions-deuros-del-consell-insular-a-politiques-dhabitatge-i-limitar-els-preus-del-lloguer-a-lilla-deivissa\/\"},\"wordCount\":660,\"publisher\":{\"@id\":\"https:\/\/www.psib-psoe.org\/eivissa\/#organization\"},\"image\":{\"@id\":\"https:\/\/www.psib-psoe.org\/eivissa\/agustinet-es-compromet-a-destinar-20-milions-deuros-del-consell-insular-a-politiques-dhabitatge-i-limitar-els-preus-del-lloguer-a-lilla-deivissa\/#primaryimage\"},\"thumbnailUrl\":\"https:\/\/www.psib-psoe.org\/eivissa\/wp-content\/uploads\/2PROPOSTES-HABITATGE-scaled.jpg\",\"articleSection\":[\"Consell d'Eivissa\",\"Federaci\u00f3 d'Eivissa - Portada\"],\"inLanguage\":\"ca\"},{\"@type\":\"WebPage\",\"@id\":\"https:\/\/www.psib-psoe.org\/eivissa\/agustinet-es-compromet-a-destinar-20-milions-deuros-del-consell-insular-a-politiques-dhabitatge-i-limitar-els-preus-del-lloguer-a-lilla-deivissa\/\",\"url\":\"https:\/\/www.psib-psoe.org\/eivissa\/agustinet-es-compromet-a-destinar-20-milions-deuros-del-consell-insular-a-politiques-dhabitatge-i-limitar-els-preus-del-lloguer-a-lilla-deivissa\/\",\"name\":\"'Agustinet' es compromet a destinar 20 milions d'euros del Consell Insular a pol\u00edtiques d'habitatge i limitar els preus del lloguer a l'illa d'Eivissa - Federaci\u00f3 Socialista d&#039;Eivissa\",\"isPartOf\":{\"@id\":\"https:\/\/www.psib-psoe.org\/eivissa\/#website\"},\"primaryImageOfPage\":{\"@id\":\"https:\/\/www.psib-psoe.org\/eivissa\/agustinet-es-compromet-a-destinar-20-milions-deuros-del-consell-insular-a-politiques-dhabitatge-i-limitar-els-preus-del-lloguer-a-lilla-deivissa\/#primaryimage\"},\"image\":{\"@id\":\"https:\/\/www.psib-psoe.org\/eivissa\/agustinet-es-compromet-a-destinar-20-milions-deuros-del-consell-insular-a-politiques-dhabitatge-i-limitar-els-preus-del-lloguer-a-lilla-deivissa\/#primaryimage\"},\"thumbnailUrl\":\"https:\/\/www.psib-psoe.org\/eivissa\/wp-content\/uploads\/2PROPOSTES-HABITATGE-scaled.jpg\",\"datePublished\":\"2023-05-06T09:46:40+00:00\",\"breadcrumb\":{\"@id\":\"https:\/\/www.psib-psoe.org\/eivissa\/agustinet-es-compromet-a-destinar-20-milions-deuros-del-consell-insular-a-politiques-dhabitatge-i-limitar-els-preus-del-lloguer-a-lilla-deivissa\/#breadcrumb\"},\"inLanguage\":\"ca\",\"potentialAction\":[{\"@type\":\"ReadAction\",\"target\":[\"https:\/\/www.psib-psoe.org\/eivissa\/agustinet-es-compromet-a-destinar-20-milions-deuros-del-consell-insular-a-politiques-dhabitatge-i-limitar-els-preus-del-lloguer-a-lilla-deivissa\/\"]}]},{\"@type\":\"ImageObject\",\"inLanguage\":\"ca\",\"@id\":\"https:\/\/www.psib-psoe.org\/eivissa\/agustinet-es-compromet-a-destinar-20-milions-deuros-del-consell-insular-a-politiques-dhabitatge-i-limitar-els-preus-del-lloguer-a-lilla-deivissa\/#primaryimage\",\"url\":\"https:\/\/www.psib-psoe.org\/eivissa\/wp-content\/uploads\/2PROPOSTES-HABITATGE-scaled.jpg\",\"contentUrl\":\"https:\/\/www.psib-psoe.org\/eivissa\/wp-content\/uploads\/2PROPOSTES-HABITATGE-scaled.jpg\",\"width\":2560,\"height\":1449},{\"@type\":\"BreadcrumbList\",\"@id\":\"https:\/\/www.psib-psoe.org\/eivissa\/agustinet-es-compromet-a-destinar-20-milions-deuros-del-consell-insular-a-politiques-dhabitatge-i-limitar-els-preus-del-lloguer-a-lilla-deivissa\/#breadcrumb\",\"itemListElement\":[{\"@type\":\"ListItem\",\"position\":1,\"name\":\"Inici\",\"item\":\"https:\/\/www.psib-psoe.org\/eivissa\/\"},{\"@type\":\"ListItem\",\"position\":2,\"name\":\"&#8216;Agustinet&#8217; es compromet a destinar 20 milions d&#8217;euros del Consell Insular a pol\u00edtiques d&#8217;habitatge i limitar els preus del lloguer a l&#8217;illa d&#8217;Eivissa\"}]},{\"@type\":\"WebSite\",\"@id\":\"https:\/\/www.psib-psoe.org\/eivissa\/#website\",\"url\":\"https:\/\/www.psib-psoe.org\/eivissa\/\",\"name\":\"Federaci\u00f3 Socialista d'Eivissa\",\"description\":\"Socialistes d&#039;Eivissa\",\"publisher\":{\"@id\":\"https:\/\/www.psib-psoe.org\/eivissa\/#organization\"},\"potentialAction\":[{\"@type\":\"SearchAction\",\"target\":{\"@type\":\"EntryPoint\",\"urlTemplate\":\"https:\/\/www.psib-psoe.org\/eivissa\/?s={search_term_string}\"},\"query-input\":{\"@type\":\"PropertyValueSpecification\",\"valueRequired\":true,\"valueName\":\"search_term_string\"}}],\"inLanguage\":\"ca\"},{\"@type\":\"Organization\",\"@id\":\"https:\/\/www.psib-psoe.org\/eivissa\/#organization\",\"name\":\"Federaci\u00f3 Socialista d'Eivissa\",\"url\":\"https:\/\/www.psib-psoe.org\/eivissa\/\",\"logo\":{\"@type\":\"ImageObject\",\"inLanguage\":\"ca\",\"@id\":\"https:\/\/www.psib-psoe.org\/eivissa\/#\/schema\/logo\/image\/\",\"url\":\"https:\/\/www.psib-psoe.org\/eivissa\/wp-content\/uploads\/LOGO-FSE-SOCIALISTA-DEIVISSA-HORI.png\",\"contentUrl\":\"https:\/\/www.psib-psoe.org\/eivissa\/wp-content\/uploads\/LOGO-FSE-SOCIALISTA-DEIVISSA-HORI.png\",\"width\":6000,\"height\":3104,\"caption\":\"Federaci\u00f3 Socialista d'Eivissa\"},\"image\":{\"@id\":\"https:\/\/www.psib-psoe.org\/eivissa\/#\/schema\/logo\/image\/\"}},{\"@type\":\"Person\",\"@id\":\"https:\/\/www.psib-psoe.org\/eivissa\/#\/schema\/person\/7a9d2841fb36f32e34fc0e9b245e8117\",\"name\":\"Josep Ripoll\",\"sameAs\":[\"http:\/\/www.psib-psoe.org\/eivissa\/wp-login.php\"],\"url\":\"https:\/\/www.psib-psoe.org\/eivissa\/author\/josep\/\"}]}<\/script>\n<!-- \/ Yoast SEO plugin. -->","yoast_head_json":{"title":"'Agustinet' es compromet a destinar 20 milions d'euros del Consell Insular a pol\u00edtiques d'habitatge i limitar els preus del lloguer a l'illa d'Eivissa - Federaci\u00f3 Socialista d&#039;Eivissa","robots":{"index":"index","follow":"follow","max-snippet":"max-snippet:-1","max-image-preview":"max-image-preview:large","max-video-preview":"max-video-preview:-1"},"canonical":"https:\/\/www.psib-psoe.org\/eivissa\/agustinet-es-compromet-a-destinar-20-milions-deuros-del-consell-insular-a-politiques-dhabitatge-i-limitar-els-preus-del-lloguer-a-lilla-deivissa\/","og_locale":"ca_ES","og_type":"article","og_title":"'Agustinet' es compromet a destinar 20 milions d'euros del Consell Insular a pol\u00edtiques d'habitatge i limitar els preus del lloguer a l'illa d'Eivissa - Federaci\u00f3 Socialista d&#039;Eivissa","og_description":"El candidat del PSOE a la presid\u00e8ncia del Consell d&#8217;Eivissa, Josep Mar\u00ed Ribas, &#8216;Agustinet&#8217;, ha anunciat avui el seu comprom\u00eds de destinar 20 milions d&#8217;euros de l\u2019administraci\u00f3 insular a pol\u00edtiques d&#8217;habitatge i limitar els preus del lloguer a l&#8217;illa d&#8217;Eivissa si guanya les eleccions del mes de maig. Les pol\u00edtiques d&#8217;habitatge seran \u201cl&#8217;eix central\u201d de&hellip;","og_url":"https:\/\/www.psib-psoe.org\/eivissa\/agustinet-es-compromet-a-destinar-20-milions-deuros-del-consell-insular-a-politiques-dhabitatge-i-limitar-els-preus-del-lloguer-a-lilla-deivissa\/","og_site_name":"Federaci\u00f3 Socialista d&#039;Eivissa","article_published_time":"2023-05-06T09:46:40+00:00","og_image":[{"width":2560,"height":1449,"url":"https:\/\/www.psib-psoe.org\/eivissa\/wp-content\/uploads\/2PROPOSTES-HABITATGE-scaled.jpg","type":"image\/jpeg"}],"author":"Josep Ripoll","twitter_card":"summary_large_image","twitter_misc":{"Escrit per":"Josep Ripoll","Temps estimat de lectura":"3 minuts"},"schema":{"@context":"https:\/\/schema.org","@graph":[{"@type":["Article","BlogPosting"],"@id":"https:\/\/www.psib-psoe.org\/eivissa\/agustinet-es-compromet-a-destinar-20-milions-deuros-del-consell-insular-a-politiques-dhabitatge-i-limitar-els-preus-del-lloguer-a-lilla-deivissa\/#article","isPartOf":{"@id":"https:\/\/www.psib-psoe.org\/eivissa\/agustinet-es-compromet-a-destinar-20-milions-deuros-del-consell-insular-a-politiques-dhabitatge-i-limitar-els-preus-del-lloguer-a-lilla-deivissa\/"},"author":{"name":"Josep Ripoll","@id":"https:\/\/www.psib-psoe.org\/eivissa\/#\/schema\/person\/7a9d2841fb36f32e34fc0e9b245e8117"},"headline":"&#8216;Agustinet&#8217; es compromet a destinar 20 milions d&#8217;euros del Consell Insular a pol\u00edtiques d&#8217;habitatge i limitar els preus del lloguer a l&#8217;illa d&#8217;Eivissa","datePublished":"2023-05-06T09:46:40+00:00","mainEntityOfPage":{"@id":"https:\/\/www.psib-psoe.org\/eivissa\/agustinet-es-compromet-a-destinar-20-milions-deuros-del-consell-insular-a-politiques-dhabitatge-i-limitar-els-preus-del-lloguer-a-lilla-deivissa\/"},"wordCount":660,"publisher":{"@id":"https:\/\/www.psib-psoe.org\/eivissa\/#organization"},"image":{"@id":"https:\/\/www.psib-psoe.org\/eivissa\/agustinet-es-compromet-a-destinar-20-milions-deuros-del-consell-insular-a-politiques-dhabitatge-i-limitar-els-preus-del-lloguer-a-lilla-deivissa\/#primaryimage"},"thumbnailUrl":"https:\/\/www.psib-psoe.org\/eivissa\/wp-content\/uploads\/2PROPOSTES-HABITATGE-scaled.jpg","articleSection":["Consell d'Eivissa","Federaci\u00f3 d'Eivissa - Portada"],"inLanguage":"ca"},{"@type":"WebPage","@id":"https:\/\/www.psib-psoe.org\/eivissa\/agustinet-es-compromet-a-destinar-20-milions-deuros-del-consell-insular-a-politiques-dhabitatge-i-limitar-els-preus-del-lloguer-a-lilla-deivissa\/","url":"https:\/\/www.psib-psoe.org\/eivissa\/agustinet-es-compromet-a-destinar-20-milions-deuros-del-consell-insular-a-politiques-dhabitatge-i-limitar-els-preus-del-lloguer-a-lilla-deivissa\/","name":"'Agustinet' es compromet a destinar 20 milions d'euros del Consell Insular a pol\u00edtiques d'habitatge i limitar els preus del lloguer a l'illa d'Eivissa - Federaci\u00f3 Socialista d&#039;Eivissa","isPartOf":{"@id":"https:\/\/www.psib-psoe.org\/eivissa\/#website"},"primaryImageOfPage":{"@id":"https:\/\/www.psib-psoe.org\/eivissa\/agustinet-es-compromet-a-destinar-20-milions-deuros-del-consell-insular-a-politiques-dhabitatge-i-limitar-els-preus-del-lloguer-a-lilla-deivissa\/#primaryimage"},"image":{"@id":"https:\/\/www.psib-psoe.org\/eivissa\/agustinet-es-compromet-a-destinar-20-milions-deuros-del-consell-insular-a-politiques-dhabitatge-i-limitar-els-preus-del-lloguer-a-lilla-deivissa\/#primaryimage"},"thumbnailUrl":"https:\/\/www.psib-psoe.org\/eivissa\/wp-content\/uploads\/2PROPOSTES-HABITATGE-scaled.jpg","datePublished":"2023-05-06T09:46:40+00:00","breadcrumb":{"@id":"https:\/\/www.psib-psoe.org\/eivissa\/agustinet-es-compromet-a-destinar-20-milions-deuros-del-consell-insular-a-politiques-dhabitatge-i-limitar-els-preus-del-lloguer-a-lilla-deivissa\/#breadcrumb"},"inLanguage":"ca","potentialAction":[{"@type":"ReadAction","target":["https:\/\/www.psib-psoe.org\/eivissa\/agustinet-es-compromet-a-destinar-20-milions-deuros-del-consell-insular-a-politiques-dhabitatge-i-limitar-els-preus-del-lloguer-a-lilla-deivissa\/"]}]},{"@type":"ImageObject","inLanguage":"ca","@id":"https:\/\/www.psib-psoe.org\/eivissa\/agustinet-es-compromet-a-destinar-20-milions-deuros-del-consell-insular-a-politiques-dhabitatge-i-limitar-els-preus-del-lloguer-a-lilla-deivissa\/#primaryimage","url":"https:\/\/www.psib-psoe.org\/eivissa\/wp-content\/uploads\/2PROPOSTES-HABITATGE-scaled.jpg","contentUrl":"https:\/\/www.psib-psoe.org\/eivissa\/wp-content\/uploads\/2PROPOSTES-HABITATGE-scaled.jpg","width":2560,"height":1449},{"@type":"BreadcrumbList","@id":"https:\/\/www.psib-psoe.org\/eivissa\/agustinet-es-compromet-a-destinar-20-milions-deuros-del-consell-insular-a-politiques-dhabitatge-i-limitar-els-preus-del-lloguer-a-lilla-deivissa\/#breadcrumb","itemListElement":[{"@type":"ListItem","position":1,"name":"Inici","item":"https:\/\/www.psib-psoe.org\/eivissa\/"},{"@type":"ListItem","position":2,"name":"&#8216;Agustinet&#8217; es compromet a destinar 20 milions d&#8217;euros del Consell Insular a pol\u00edtiques d&#8217;habitatge i limitar els preus del lloguer a l&#8217;illa d&#8217;Eivissa"}]},{"@type":"WebSite","@id":"https:\/\/www.psib-psoe.org\/eivissa\/#website","url":"https:\/\/www.psib-psoe.org\/eivissa\/","name":"Federaci\u00f3 Socialista d'Eivissa","description":"Socialistes d&#039;Eivissa","publisher":{"@id":"https:\/\/www.psib-psoe.org\/eivissa\/#organization"},"potentialAction":[{"@type":"SearchAction","target":{"@type":"EntryPoint","urlTemplate":"https:\/\/www.psib-psoe.org\/eivissa\/?s={search_term_string}"},"query-input":{"@type":"PropertyValueSpecification","valueRequired":true,"valueName":"search_term_string"}}],"inLanguage":"ca"},{"@type":"Organization","@id":"https:\/\/www.psib-psoe.org\/eivissa\/#organization","name":"Federaci\u00f3 Socialista d'Eivissa","url":"https:\/\/www.psib-psoe.org\/eivissa\/","logo":{"@type":"ImageObject","inLanguage":"ca","@id":"https:\/\/www.psib-psoe.org\/eivissa\/#\/schema\/logo\/image\/","url":"https:\/\/www.psib-psoe.org\/eivissa\/wp-content\/uploads\/LOGO-FSE-SOCIALISTA-DEIVISSA-HORI.png","contentUrl":"https:\/\/www.psib-psoe.org\/eivissa\/wp-content\/uploads\/LOGO-FSE-SOCIALISTA-DEIVISSA-HORI.png","width":6000,"height":3104,"caption":"Federaci\u00f3 Socialista d'Eivissa"},"image":{"@id":"https:\/\/www.psib-psoe.org\/eivissa\/#\/schema\/logo\/image\/"}},{"@type":"Person","@id":"https:\/\/www.psib-psoe.org\/eivissa\/#\/schema\/person\/7a9d2841fb36f32e34fc0e9b245e8117","name":"Josep Ripoll","sameAs":["http:\/\/www.psib-psoe.org\/eivissa\/wp-login.php"],"url":"https:\/\/www.psib-psoe.org\/eivissa\/author\/josep\/"}]}},"_links":{"self":[{"href":"https:\/\/www.psib-psoe.org\/eivissa\/wp-json\/wp\/v2\/posts\/37263","targetHints":{"allow":["GET"]}}],"collection":[{"href":"https:\/\/www.psib-psoe.org\/eivissa\/wp-json\/wp\/v2\/posts"}],"about":[{"href":"https:\/\/www.psib-psoe.org\/eivissa\/wp-json\/wp\/v2\/types\/post"}],"author":[{"embeddable":true,"href":"https:\/\/www.psib-psoe.org\/eivissa\/wp-json\/wp\/v2\/users\/7"}],"replies":[{"embeddable":true,"href":"https:\/\/www.psib-psoe.org\/eivissa\/wp-json\/wp\/v2\/comments?post=37263"}],"version-history":[{"count":1,"href":"https:\/\/www.psib-psoe.org\/eivissa\/wp-json\/wp\/v2\/posts\/37263\/revisions"}],"predecessor-version":[{"id":37268,"href":"https:\/\/www.psib-psoe.org\/eivissa\/wp-json\/wp\/v2\/posts\/37263\/revisions\/37268"}],"wp:featuredmedia":[{"embeddable":true,"href":"https:\/\/www.psib-psoe.org\/eivissa\/wp-json\/wp\/v2\/media\/37264"}],"wp:attachment":[{"href":"https:\/\/www.psib-psoe.org\/eivissa\/wp-json\/wp\/v2\/media?parent=37263"}],"wp:term":[{"taxonomy":"category","embeddable":true,"href":"https:\/\/www.psib-psoe.org\/eivissa\/wp-json\/wp\/v2\/categories?post=37263"},{"taxonomy":"post_tag","embeddable":true,"href":"https:\/\/www.psib-psoe.org\/eivissa\/wp-json\/wp\/v2\/tags?post=37263"}],"curies":[{"name":"wp","href":"https:\/\/api.w.org\/{rel}","templated":true}]}}