{"id":37292,"date":"2023-05-10T09:09:29","date_gmt":"2023-05-10T07:09:29","guid":{"rendered":"https:\/\/www.psib-psoe.org\/eivissa\/?p=37292"},"modified":"2023-05-10T11:22:33","modified_gmt":"2023-05-10T09:22:33","slug":"qualitat-de-vida-i-garantir-lacces-a-lhabitatge-les-principals-prioritats-del-programa-electoral-del-psib-psoe-per-a-lilla-deivissa","status":"publish","type":"post","link":"https:\/\/www.psib-psoe.org\/eivissa\/qualitat-de-vida-i-garantir-lacces-a-lhabitatge-les-principals-prioritats-del-programa-electoral-del-psib-psoe-per-a-lilla-deivissa\/","title":{"rendered":"\u201cQualitat de vida i garantir l\u2019acc\u00e9s a l\u2019habitatge\u201d, les principals prioritats del programa electoral del PSIB-PSOE per a l\u2019illa d\u2019Eivissa"},"content":{"rendered":"<p style=\"font-weight: 400;\">La Secret\u00e0ria general del PSIB-PSOE, presidenta del Govern i candidata a la reelecci\u00f3, Francina Armengol, ha explicat les l\u00ednies general <span style=\"color: #ff0000;\"><strong><a style=\"color: #ff0000;\" href=\"https:\/\/www.psib-psoe.org\/wp-content\/uploads\/Programa_PSIB23_digital_V3-1-2.pdf\">del programa electoral del PSIB-PSOE<\/a> <\/strong><\/span>a Eivissa destacant que \u201cla qualitat de vida i garantir l\u2019acc\u00e9s a l\u2019habitatge\u201d seran les principals prioritats del programa electoral del PSIB-PSOE per a l\u2019illa d\u2019Eivissa.<\/p>\n<p style=\"font-weight: 400;\">L&#8217;acte l&#8217;ha obert la cap de llista al Parlament per Eivissa, Pilar Costa, qui vol representar &#8220;la veu pr\u00f2pia de l&#8217;illa&#8221; per fer possible un nou mandat de Francina Armengol com a presidenta. &#8220;Ens avalen els \u00faltims vuit anys, per continuar amb les pol\u00edtiques p\u00fabliques progressistes&#8221;. Despr\u00e9s d&#8217;uns anys &#8220;durs&#8221; per al conjunt de la societat per culpa de la pand\u00e8mia, &#8220;hem apr\u00e8s la import\u00e0ncia dels serveis p\u00fablics&#8221; i de &#8220;la solidaritat i la col\u00b7lectivitat per poder tirar endavant una illa i una Comunitat&#8221;.<\/p>\n<p style=\"font-weight: 400;\">\u201cUnes pol\u00edtiques en favor de les persones que nom\u00e9s continuaran amb un Govern de Francina Armengol. Tant en l&#8217;\u00e0mbit social, com en l&#8217;econ\u00f2mic i laboral, amb importants millores per als treballadors i les treballadores, i en el mediambiental, que \u00e9s molt important per a l&#8217;illa d&#8217;Eivissa\u201d, ha ressaltat Pilar Costa.<\/p>\n<p style=\"font-weight: 400;\">En l&#8217;acte tamb\u00e9 ha intervengut Josep Mar\u00ed Ribas, &#8216;Agustinet&#8217;, el candidat a la presid\u00e8ncia del Consell d&#8217;Eivissa, qui ha ressaltat que &#8220;necessitam quatre anys m\u00e9s de govern progressista amb la presidenta Armengol&#8221;.<\/p>\n<p style=\"font-weight: 400;\">&#8216;Agustinet&#8217; ha explicat la necessitat d&#8217;abordar conjuntament amb el Govern de les Illes Balears reptes molt importants que el Consell Insular de Vicent Mar\u00ed &#8220;ha deixat de banda&#8221;, com s\u00f3n les pol\u00edtiques en favor de les persones, citant expressament l&#8217;acc\u00e9s a l&#8217;habitatge, el model territorial i la mobilitat, i el model econ\u00f2mic i tur\u00edstic.<\/p>\n<p style=\"font-weight: 400;\">&#8220;Hem de regular el turisme&#8221; i &#8220;posar l\u00edmits&#8221;, ha destacat &#8216;Agustinet&#8217;, advertint que Vicent Mar\u00ed ni ho ha fet en els quatre anys que ha governat, ni ho pensa fer en el futur. &#8220;Aix\u00f2 nom\u00e9s ho far\u00e0 el Partit Socialista, i ho farem de la m\u00e0 Consell Insular i Govern de les Illes Balears a partir del mes de maig.<\/p>\n<p style=\"font-weight: 400;\">Francina Armengol, ha destacat que \u201cels i les socialistes som gent de fiar perqu\u00e8 sabem governar, conformar equips i hem demostrat que en moments dif\u00edcils hem estat capa\u00e7os de demostrar que sabem protegir la ciutadania i les empreses i estam liderant el creixement econ\u00f2mic amb 132.000 persones m\u00e9s\u201d. A m\u00e9s ha afegit que \u201cestam en un moment de creaci\u00f3 de riquesa i es tracta de repartir-la adquirint nous drets i llibertats per a tots i totes\u201d.<\/p>\n<p style=\"font-weight: 400;\">Finalment, Francina Armengol ha dit que \u201cgarantir m\u00e9s qualitat de vida per a la gent, m\u00e9s educaci\u00f3 p\u00fablica, FP, habitatge, infraestructures sanit\u00e0ries, salut mental, conciliaci\u00f3 i dret a temps lliure seran les prioritats d\u2019aquest projecte per als pr\u00f2xims anys\u201d.<\/p>\n","protected":false},"excerpt":{"rendered":"<p>La Secret\u00e0ria general del PSIB-PSOE, presidenta del Govern i candidata a la reelecci\u00f3, Francina Armengol, ha explicat les l\u00ednies general del programa electoral del PSIB-PSOE a Eivissa destacant que \u201cla qualitat de vida i garantir l\u2019acc\u00e9s a l\u2019habitatge\u201d seran les principals prioritats del programa electoral del PSIB-PSOE per a l\u2019illa d\u2019Eivissa. L&#8217;acte l&#8217;ha obert la&hellip;<\/p>\n","protected":false},"author":7,"featured_media":37293,"comment_status":"closed","ping_status":"closed","sticky":false,"template":"","format":"standard","meta":{"footnotes":""},"categories":[1],"tags":[],"class_list":["post-37292","post","type-post","status-publish","format-standard","has-post-thumbnail","hentry","category-federacio-de-eivissa-portada"],"yoast_head":"<!-- This site is optimized with the Yoast SEO plugin v26.9 - https:\/\/yoast.com\/product\/yoast-seo-wordpress\/ -->\n<title>\u201cQualitat de vida i garantir l\u2019acc\u00e9s a l\u2019habitatge\u201d, les principals prioritats del programa electoral del PSIB-PSOE per a l\u2019illa d\u2019Eivissa - Federaci\u00f3 Socialista d&#039;Eivissa<\/title>\n<meta name=\"robots\" content=\"index, follow, max-snippet:-1, max-image-preview:large, max-video-preview:-1\" \/>\n<link rel=\"canonical\" href=\"https:\/\/www.psib-psoe.org\/eivissa\/qualitat-de-vida-i-garantir-lacces-a-lhabitatge-les-principals-prioritats-del-programa-electoral-del-psib-psoe-per-a-lilla-deivissa\/\" \/>\n<meta property=\"og:locale\" content=\"ca_ES\" \/>\n<meta property=\"og:type\" content=\"article\" \/>\n<meta property=\"og:title\" content=\"\u201cQualitat de vida i garantir l\u2019acc\u00e9s a l\u2019habitatge\u201d, les principals prioritats del programa electoral del PSIB-PSOE per a l\u2019illa d\u2019Eivissa - Federaci\u00f3 Socialista d&#039;Eivissa\" \/>\n<meta property=\"og:description\" content=\"La Secret\u00e0ria general del PSIB-PSOE, presidenta del Govern i candidata a la reelecci\u00f3, Francina Armengol, ha explicat les l\u00ednies general del programa electoral del PSIB-PSOE a Eivissa destacant que \u201cla qualitat de vida i garantir l\u2019acc\u00e9s a l\u2019habitatge\u201d seran les principals prioritats del programa electoral del PSIB-PSOE per a l\u2019illa d\u2019Eivissa. L&#8217;acte l&#8217;ha obert la&hellip;\" \/>\n<meta property=\"og:url\" content=\"https:\/\/www.psib-psoe.org\/eivissa\/qualitat-de-vida-i-garantir-lacces-a-lhabitatge-les-principals-prioritats-del-programa-electoral-del-psib-psoe-per-a-lilla-deivissa\/\" \/>\n<meta property=\"og:site_name\" content=\"Federaci\u00f3 Socialista d&#039;Eivissa\" \/>\n<meta property=\"article:published_time\" content=\"2023-05-10T07:09:29+00:00\" \/>\n<meta property=\"article:modified_time\" content=\"2023-05-10T09:22:33+00:00\" \/>\n<meta property=\"og:image\" content=\"https:\/\/www.psib-psoe.org\/eivissa\/wp-content\/uploads\/presentacio-programa.jpeg\" \/>\n\t<meta property=\"og:image:width\" content=\"1024\" \/>\n\t<meta property=\"og:image:height\" content=\"580\" \/>\n\t<meta property=\"og:image:type\" content=\"image\/jpeg\" \/>\n<meta name=\"author\" content=\"Josep Ripoll\" \/>\n<meta name=\"twitter:card\" content=\"summary_large_image\" \/>\n<meta name=\"twitter:label1\" content=\"Escrit per\" \/>\n\t<meta name=\"twitter:data1\" content=\"Josep Ripoll\" \/>\n\t<meta name=\"twitter:label2\" content=\"Temps estimat de lectura\" \/>\n\t<meta name=\"twitter:data2\" content=\"2 minuts\" \/>\n<script type=\"application\/ld+json\" class=\"yoast-schema-graph\">{\"@context\":\"https:\/\/schema.org\",\"@graph\":[{\"@type\":[\"Article\",\"BlogPosting\"],\"@id\":\"https:\/\/www.psib-psoe.org\/eivissa\/qualitat-de-vida-i-garantir-lacces-a-lhabitatge-les-principals-prioritats-del-programa-electoral-del-psib-psoe-per-a-lilla-deivissa\/#article\",\"isPartOf\":{\"@id\":\"https:\/\/www.psib-psoe.org\/eivissa\/qualitat-de-vida-i-garantir-lacces-a-lhabitatge-les-principals-prioritats-del-programa-electoral-del-psib-psoe-per-a-lilla-deivissa\/\"},\"author\":{\"name\":\"Josep Ripoll\",\"@id\":\"https:\/\/www.psib-psoe.org\/eivissa\/#\/schema\/person\/7a9d2841fb36f32e34fc0e9b245e8117\"},\"headline\":\"\u201cQualitat de vida i garantir l\u2019acc\u00e9s a l\u2019habitatge\u201d, les principals prioritats del programa electoral del PSIB-PSOE per a l\u2019illa d\u2019Eivissa\",\"datePublished\":\"2023-05-10T07:09:29+00:00\",\"dateModified\":\"2023-05-10T09:22:33+00:00\",\"mainEntityOfPage\":{\"@id\":\"https:\/\/www.psib-psoe.org\/eivissa\/qualitat-de-vida-i-garantir-lacces-a-lhabitatge-les-principals-prioritats-del-programa-electoral-del-psib-psoe-per-a-lilla-deivissa\/\"},\"wordCount\":510,\"publisher\":{\"@id\":\"https:\/\/www.psib-psoe.org\/eivissa\/#organization\"},\"image\":{\"@id\":\"https:\/\/www.psib-psoe.org\/eivissa\/qualitat-de-vida-i-garantir-lacces-a-lhabitatge-les-principals-prioritats-del-programa-electoral-del-psib-psoe-per-a-lilla-deivissa\/#primaryimage\"},\"thumbnailUrl\":\"https:\/\/www.psib-psoe.org\/eivissa\/wp-content\/uploads\/presentacio-programa.jpeg\",\"articleSection\":[\"Federaci\u00f3 d'Eivissa - Portada\"],\"inLanguage\":\"ca\"},{\"@type\":\"WebPage\",\"@id\":\"https:\/\/www.psib-psoe.org\/eivissa\/qualitat-de-vida-i-garantir-lacces-a-lhabitatge-les-principals-prioritats-del-programa-electoral-del-psib-psoe-per-a-lilla-deivissa\/\",\"url\":\"https:\/\/www.psib-psoe.org\/eivissa\/qualitat-de-vida-i-garantir-lacces-a-lhabitatge-les-principals-prioritats-del-programa-electoral-del-psib-psoe-per-a-lilla-deivissa\/\",\"name\":\"\u201cQualitat de vida i garantir l\u2019acc\u00e9s a l\u2019habitatge\u201d, les principals prioritats del programa electoral del PSIB-PSOE per a l\u2019illa d\u2019Eivissa - Federaci\u00f3 Socialista d&#039;Eivissa\",\"isPartOf\":{\"@id\":\"https:\/\/www.psib-psoe.org\/eivissa\/#website\"},\"primaryImageOfPage\":{\"@id\":\"https:\/\/www.psib-psoe.org\/eivissa\/qualitat-de-vida-i-garantir-lacces-a-lhabitatge-les-principals-prioritats-del-programa-electoral-del-psib-psoe-per-a-lilla-deivissa\/#primaryimage\"},\"image\":{\"@id\":\"https:\/\/www.psib-psoe.org\/eivissa\/qualitat-de-vida-i-garantir-lacces-a-lhabitatge-les-principals-prioritats-del-programa-electoral-del-psib-psoe-per-a-lilla-deivissa\/#primaryimage\"},\"thumbnailUrl\":\"https:\/\/www.psib-psoe.org\/eivissa\/wp-content\/uploads\/presentacio-programa.jpeg\",\"datePublished\":\"2023-05-10T07:09:29+00:00\",\"dateModified\":\"2023-05-10T09:22:33+00:00\",\"breadcrumb\":{\"@id\":\"https:\/\/www.psib-psoe.org\/eivissa\/qualitat-de-vida-i-garantir-lacces-a-lhabitatge-les-principals-prioritats-del-programa-electoral-del-psib-psoe-per-a-lilla-deivissa\/#breadcrumb\"},\"inLanguage\":\"ca\",\"potentialAction\":[{\"@type\":\"ReadAction\",\"target\":[\"https:\/\/www.psib-psoe.org\/eivissa\/qualitat-de-vida-i-garantir-lacces-a-lhabitatge-les-principals-prioritats-del-programa-electoral-del-psib-psoe-per-a-lilla-deivissa\/\"]}]},{\"@type\":\"ImageObject\",\"inLanguage\":\"ca\",\"@id\":\"https:\/\/www.psib-psoe.org\/eivissa\/qualitat-de-vida-i-garantir-lacces-a-lhabitatge-les-principals-prioritats-del-programa-electoral-del-psib-psoe-per-a-lilla-deivissa\/#primaryimage\",\"url\":\"https:\/\/www.psib-psoe.org\/eivissa\/wp-content\/uploads\/presentacio-programa.jpeg\",\"contentUrl\":\"https:\/\/www.psib-psoe.org\/eivissa\/wp-content\/uploads\/presentacio-programa.jpeg\",\"width\":1024,\"height\":580},{\"@type\":\"BreadcrumbList\",\"@id\":\"https:\/\/www.psib-psoe.org\/eivissa\/qualitat-de-vida-i-garantir-lacces-a-lhabitatge-les-principals-prioritats-del-programa-electoral-del-psib-psoe-per-a-lilla-deivissa\/#breadcrumb\",\"itemListElement\":[{\"@type\":\"ListItem\",\"position\":1,\"name\":\"Inici\",\"item\":\"https:\/\/www.psib-psoe.org\/eivissa\/\"},{\"@type\":\"ListItem\",\"position\":2,\"name\":\"\u201cQualitat de vida i garantir l\u2019acc\u00e9s a l\u2019habitatge\u201d, les principals prioritats del programa electoral del PSIB-PSOE per a l\u2019illa d\u2019Eivissa\"}]},{\"@type\":\"WebSite\",\"@id\":\"https:\/\/www.psib-psoe.org\/eivissa\/#website\",\"url\":\"https:\/\/www.psib-psoe.org\/eivissa\/\",\"name\":\"Federaci\u00f3 Socialista d'Eivissa\",\"description\":\"Socialistes d&#039;Eivissa\",\"publisher\":{\"@id\":\"https:\/\/www.psib-psoe.org\/eivissa\/#organization\"},\"potentialAction\":[{\"@type\":\"SearchAction\",\"target\":{\"@type\":\"EntryPoint\",\"urlTemplate\":\"https:\/\/www.psib-psoe.org\/eivissa\/?s={search_term_string}\"},\"query-input\":{\"@type\":\"PropertyValueSpecification\",\"valueRequired\":true,\"valueName\":\"search_term_string\"}}],\"inLanguage\":\"ca\"},{\"@type\":\"Organization\",\"@id\":\"https:\/\/www.psib-psoe.org\/eivissa\/#organization\",\"name\":\"Federaci\u00f3 Socialista d'Eivissa\",\"url\":\"https:\/\/www.psib-psoe.org\/eivissa\/\",\"logo\":{\"@type\":\"ImageObject\",\"inLanguage\":\"ca\",\"@id\":\"https:\/\/www.psib-psoe.org\/eivissa\/#\/schema\/logo\/image\/\",\"url\":\"https:\/\/www.psib-psoe.org\/eivissa\/wp-content\/uploads\/LOGO-FSE-SOCIALISTA-DEIVISSA-HORI.png\",\"contentUrl\":\"https:\/\/www.psib-psoe.org\/eivissa\/wp-content\/uploads\/LOGO-FSE-SOCIALISTA-DEIVISSA-HORI.png\",\"width\":6000,\"height\":3104,\"caption\":\"Federaci\u00f3 Socialista d'Eivissa\"},\"image\":{\"@id\":\"https:\/\/www.psib-psoe.org\/eivissa\/#\/schema\/logo\/image\/\"}},{\"@type\":\"Person\",\"@id\":\"https:\/\/www.psib-psoe.org\/eivissa\/#\/schema\/person\/7a9d2841fb36f32e34fc0e9b245e8117\",\"name\":\"Josep Ripoll\",\"sameAs\":[\"http:\/\/www.psib-psoe.org\/eivissa\/wp-login.php\"],\"url\":\"https:\/\/www.psib-psoe.org\/eivissa\/author\/josep\/\"}]}<\/script>\n<!-- \/ Yoast SEO plugin. -->","yoast_head_json":{"title":"\u201cQualitat de vida i garantir l\u2019acc\u00e9s a l\u2019habitatge\u201d, les principals prioritats del programa electoral del PSIB-PSOE per a l\u2019illa d\u2019Eivissa - Federaci\u00f3 Socialista d&#039;Eivissa","robots":{"index":"index","follow":"follow","max-snippet":"max-snippet:-1","max-image-preview":"max-image-preview:large","max-video-preview":"max-video-preview:-1"},"canonical":"https:\/\/www.psib-psoe.org\/eivissa\/qualitat-de-vida-i-garantir-lacces-a-lhabitatge-les-principals-prioritats-del-programa-electoral-del-psib-psoe-per-a-lilla-deivissa\/","og_locale":"ca_ES","og_type":"article","og_title":"\u201cQualitat de vida i garantir l\u2019acc\u00e9s a l\u2019habitatge\u201d, les principals prioritats del programa electoral del PSIB-PSOE per a l\u2019illa d\u2019Eivissa - Federaci\u00f3 Socialista d&#039;Eivissa","og_description":"La Secret\u00e0ria general del PSIB-PSOE, presidenta del Govern i candidata a la reelecci\u00f3, Francina Armengol, ha explicat les l\u00ednies general del programa electoral del PSIB-PSOE a Eivissa destacant que \u201cla qualitat de vida i garantir l\u2019acc\u00e9s a l\u2019habitatge\u201d seran les principals prioritats del programa electoral del PSIB-PSOE per a l\u2019illa d\u2019Eivissa. L&#8217;acte l&#8217;ha obert la&hellip;","og_url":"https:\/\/www.psib-psoe.org\/eivissa\/qualitat-de-vida-i-garantir-lacces-a-lhabitatge-les-principals-prioritats-del-programa-electoral-del-psib-psoe-per-a-lilla-deivissa\/","og_site_name":"Federaci\u00f3 Socialista d&#039;Eivissa","article_published_time":"2023-05-10T07:09:29+00:00","article_modified_time":"2023-05-10T09:22:33+00:00","og_image":[{"width":1024,"height":580,"url":"https:\/\/www.psib-psoe.org\/eivissa\/wp-content\/uploads\/presentacio-programa.jpeg","type":"image\/jpeg"}],"author":"Josep Ripoll","twitter_card":"summary_large_image","twitter_misc":{"Escrit per":"Josep Ripoll","Temps estimat de lectura":"2 minuts"},"schema":{"@context":"https:\/\/schema.org","@graph":[{"@type":["Article","BlogPosting"],"@id":"https:\/\/www.psib-psoe.org\/eivissa\/qualitat-de-vida-i-garantir-lacces-a-lhabitatge-les-principals-prioritats-del-programa-electoral-del-psib-psoe-per-a-lilla-deivissa\/#article","isPartOf":{"@id":"https:\/\/www.psib-psoe.org\/eivissa\/qualitat-de-vida-i-garantir-lacces-a-lhabitatge-les-principals-prioritats-del-programa-electoral-del-psib-psoe-per-a-lilla-deivissa\/"},"author":{"name":"Josep Ripoll","@id":"https:\/\/www.psib-psoe.org\/eivissa\/#\/schema\/person\/7a9d2841fb36f32e34fc0e9b245e8117"},"headline":"\u201cQualitat de vida i garantir l\u2019acc\u00e9s a l\u2019habitatge\u201d, les principals prioritats del programa electoral del PSIB-PSOE per a l\u2019illa d\u2019Eivissa","datePublished":"2023-05-10T07:09:29+00:00","dateModified":"2023-05-10T09:22:33+00:00","mainEntityOfPage":{"@id":"https:\/\/www.psib-psoe.org\/eivissa\/qualitat-de-vida-i-garantir-lacces-a-lhabitatge-les-principals-prioritats-del-programa-electoral-del-psib-psoe-per-a-lilla-deivissa\/"},"wordCount":510,"publisher":{"@id":"https:\/\/www.psib-psoe.org\/eivissa\/#organization"},"image":{"@id":"https:\/\/www.psib-psoe.org\/eivissa\/qualitat-de-vida-i-garantir-lacces-a-lhabitatge-les-principals-prioritats-del-programa-electoral-del-psib-psoe-per-a-lilla-deivissa\/#primaryimage"},"thumbnailUrl":"https:\/\/www.psib-psoe.org\/eivissa\/wp-content\/uploads\/presentacio-programa.jpeg","articleSection":["Federaci\u00f3 d'Eivissa - Portada"],"inLanguage":"ca"},{"@type":"WebPage","@id":"https:\/\/www.psib-psoe.org\/eivissa\/qualitat-de-vida-i-garantir-lacces-a-lhabitatge-les-principals-prioritats-del-programa-electoral-del-psib-psoe-per-a-lilla-deivissa\/","url":"https:\/\/www.psib-psoe.org\/eivissa\/qualitat-de-vida-i-garantir-lacces-a-lhabitatge-les-principals-prioritats-del-programa-electoral-del-psib-psoe-per-a-lilla-deivissa\/","name":"\u201cQualitat de vida i garantir l\u2019acc\u00e9s a l\u2019habitatge\u201d, les principals prioritats del programa electoral del PSIB-PSOE per a l\u2019illa d\u2019Eivissa - Federaci\u00f3 Socialista d&#039;Eivissa","isPartOf":{"@id":"https:\/\/www.psib-psoe.org\/eivissa\/#website"},"primaryImageOfPage":{"@id":"https:\/\/www.psib-psoe.org\/eivissa\/qualitat-de-vida-i-garantir-lacces-a-lhabitatge-les-principals-prioritats-del-programa-electoral-del-psib-psoe-per-a-lilla-deivissa\/#primaryimage"},"image":{"@id":"https:\/\/www.psib-psoe.org\/eivissa\/qualitat-de-vida-i-garantir-lacces-a-lhabitatge-les-principals-prioritats-del-programa-electoral-del-psib-psoe-per-a-lilla-deivissa\/#primaryimage"},"thumbnailUrl":"https:\/\/www.psib-psoe.org\/eivissa\/wp-content\/uploads\/presentacio-programa.jpeg","datePublished":"2023-05-10T07:09:29+00:00","dateModified":"2023-05-10T09:22:33+00:00","breadcrumb":{"@id":"https:\/\/www.psib-psoe.org\/eivissa\/qualitat-de-vida-i-garantir-lacces-a-lhabitatge-les-principals-prioritats-del-programa-electoral-del-psib-psoe-per-a-lilla-deivissa\/#breadcrumb"},"inLanguage":"ca","potentialAction":[{"@type":"ReadAction","target":["https:\/\/www.psib-psoe.org\/eivissa\/qualitat-de-vida-i-garantir-lacces-a-lhabitatge-les-principals-prioritats-del-programa-electoral-del-psib-psoe-per-a-lilla-deivissa\/"]}]},{"@type":"ImageObject","inLanguage":"ca","@id":"https:\/\/www.psib-psoe.org\/eivissa\/qualitat-de-vida-i-garantir-lacces-a-lhabitatge-les-principals-prioritats-del-programa-electoral-del-psib-psoe-per-a-lilla-deivissa\/#primaryimage","url":"https:\/\/www.psib-psoe.org\/eivissa\/wp-content\/uploads\/presentacio-programa.jpeg","contentUrl":"https:\/\/www.psib-psoe.org\/eivissa\/wp-content\/uploads\/presentacio-programa.jpeg","width":1024,"height":580},{"@type":"BreadcrumbList","@id":"https:\/\/www.psib-psoe.org\/eivissa\/qualitat-de-vida-i-garantir-lacces-a-lhabitatge-les-principals-prioritats-del-programa-electoral-del-psib-psoe-per-a-lilla-deivissa\/#breadcrumb","itemListElement":[{"@type":"ListItem","position":1,"name":"Inici","item":"https:\/\/www.psib-psoe.org\/eivissa\/"},{"@type":"ListItem","position":2,"name":"\u201cQualitat de vida i garantir l\u2019acc\u00e9s a l\u2019habitatge\u201d, les principals prioritats del programa electoral del PSIB-PSOE per a l\u2019illa d\u2019Eivissa"}]},{"@type":"WebSite","@id":"https:\/\/www.psib-psoe.org\/eivissa\/#website","url":"https:\/\/www.psib-psoe.org\/eivissa\/","name":"Federaci\u00f3 Socialista d'Eivissa","description":"Socialistes d&#039;Eivissa","publisher":{"@id":"https:\/\/www.psib-psoe.org\/eivissa\/#organization"},"potentialAction":[{"@type":"SearchAction","target":{"@type":"EntryPoint","urlTemplate":"https:\/\/www.psib-psoe.org\/eivissa\/?s={search_term_string}"},"query-input":{"@type":"PropertyValueSpecification","valueRequired":true,"valueName":"search_term_string"}}],"inLanguage":"ca"},{"@type":"Organization","@id":"https:\/\/www.psib-psoe.org\/eivissa\/#organization","name":"Federaci\u00f3 Socialista d'Eivissa","url":"https:\/\/www.psib-psoe.org\/eivissa\/","logo":{"@type":"ImageObject","inLanguage":"ca","@id":"https:\/\/www.psib-psoe.org\/eivissa\/#\/schema\/logo\/image\/","url":"https:\/\/www.psib-psoe.org\/eivissa\/wp-content\/uploads\/LOGO-FSE-SOCIALISTA-DEIVISSA-HORI.png","contentUrl":"https:\/\/www.psib-psoe.org\/eivissa\/wp-content\/uploads\/LOGO-FSE-SOCIALISTA-DEIVISSA-HORI.png","width":6000,"height":3104,"caption":"Federaci\u00f3 Socialista d'Eivissa"},"image":{"@id":"https:\/\/www.psib-psoe.org\/eivissa\/#\/schema\/logo\/image\/"}},{"@type":"Person","@id":"https:\/\/www.psib-psoe.org\/eivissa\/#\/schema\/person\/7a9d2841fb36f32e34fc0e9b245e8117","name":"Josep Ripoll","sameAs":["http:\/\/www.psib-psoe.org\/eivissa\/wp-login.php"],"url":"https:\/\/www.psib-psoe.org\/eivissa\/author\/josep\/"}]}},"_links":{"self":[{"href":"https:\/\/www.psib-psoe.org\/eivissa\/wp-json\/wp\/v2\/posts\/37292","targetHints":{"allow":["GET"]}}],"collection":[{"href":"https:\/\/www.psib-psoe.org\/eivissa\/wp-json\/wp\/v2\/posts"}],"about":[{"href":"https:\/\/www.psib-psoe.org\/eivissa\/wp-json\/wp\/v2\/types\/post"}],"author":[{"embeddable":true,"href":"https:\/\/www.psib-psoe.org\/eivissa\/wp-json\/wp\/v2\/users\/7"}],"replies":[{"embeddable":true,"href":"https:\/\/www.psib-psoe.org\/eivissa\/wp-json\/wp\/v2\/comments?post=37292"}],"version-history":[{"count":3,"href":"https:\/\/www.psib-psoe.org\/eivissa\/wp-json\/wp\/v2\/posts\/37292\/revisions"}],"predecessor-version":[{"id":37309,"href":"https:\/\/www.psib-psoe.org\/eivissa\/wp-json\/wp\/v2\/posts\/37292\/revisions\/37309"}],"wp:featuredmedia":[{"embeddable":true,"href":"https:\/\/www.psib-psoe.org\/eivissa\/wp-json\/wp\/v2\/media\/37293"}],"wp:attachment":[{"href":"https:\/\/www.psib-psoe.org\/eivissa\/wp-json\/wp\/v2\/media?parent=37292"}],"wp:term":[{"taxonomy":"category","embeddable":true,"href":"https:\/\/www.psib-psoe.org\/eivissa\/wp-json\/wp\/v2\/categories?post=37292"},{"taxonomy":"post_tag","embeddable":true,"href":"https:\/\/www.psib-psoe.org\/eivissa\/wp-json\/wp\/v2\/tags?post=37292"}],"curies":[{"name":"wp","href":"https:\/\/api.w.org\/{rel}","templated":true}]}}