{"id":37358,"date":"2023-05-18T13:03:22","date_gmt":"2023-05-18T11:03:22","guid":{"rendered":"https:\/\/www.psib-psoe.org\/eivissa\/?p=37358"},"modified":"2023-05-18T13:03:22","modified_gmt":"2023-05-18T11:03:22","slug":"agustinet-creara-150-noves-places-de-residencia-a-eivissa-i-assegurara-la-inspeccio-i-control-de-tots-els-centres","status":"publish","type":"post","link":"https:\/\/www.psib-psoe.org\/eivissa\/agustinet-creara-150-noves-places-de-residencia-a-eivissa-i-assegurara-la-inspeccio-i-control-de-tots-els-centres\/","title":{"rendered":"&#8216;Agustinet&#8217; crear\u00e0 150 noves places de resid\u00e8ncia a Eivissa i assegurar\u00e0 la inspecci\u00f3 i control de tots els centres"},"content":{"rendered":"<p>El candidat del PSOE a la presid\u00e8ncia del Consell d&#8217;Eivissa, Josep Mar\u00ed Ribas &#8216;Agustinet&#8217;, s&#8217;ha comprom\u00e8s avui a la creaci\u00f3 de 150 noves places de resid\u00e8ncia i assegurar la funci\u00f3 d&#8217;inspecci\u00f3 i control d&#8217;aquests centres. &#8216;Agustinet&#8217; ha presentat els compromisos del partit amb les persones majors i la seua visi\u00f3 per afrontar els reptes de l&#8217;envelliment en la societat actual. En l&#8217;acte tamb\u00e9 hi ha participat l&#8217;alcalde d&#8217;Eivissa i candidat a la reelecci\u00f3, Rafa Ruiz, qui ha presentat les seues propostes per a la ciutat en relaci\u00f3 amb les persones majors.<\/p>\n<p>Com ha dit &#8216;Agustinet&#8217;, l&#8217;increment de l&#8217;esperan\u00e7a de vida, fruit del progr\u00e9s de la nostra societat, ens planteja &#8220;el repte de l&#8217;envelliment&#8221;. El PSOE assumeix aquest comprom\u00eds amb les persones majors, mitjan\u00e7ant &#8220;l&#8217;assignaci\u00f3 de m\u00e9s recursos p\u00fablics i la implementaci\u00f3 d&#8217;actuacions concretes en diferents \u00e0mbits&#8221;.<\/p>\n<p>&#8216;Agustinet&#8217; ha explicat que &#8220;treballarem de manera conjunta amb el Govern Balear per fer efectiva la compet\u00e8ncia d&#8217;atenci\u00f3 a les persones majors i sol\u00b7licitarem la transfer\u00e8ncia de la gesti\u00f3 de les resid\u00e8ncies d&#8217;Eivissa&#8221;. A m\u00e9s, &#8220;crearem 150 noves places en resid\u00e8ncies p\u00fabliques per a l&#8217;atenci\u00f3 dels nostres majors i ampliarem el nombre de places disponibles als centres de dia per a persones majors&#8221;. Tamb\u00e9 &#8220;impulsarem la creaci\u00f3 de places residencials p\u00fabliques als diferents municipis per complementar l&#8217;oferta actual&#8221; i &#8220;vetllarem perqu\u00e8 l&#8217;atenci\u00f3 que es brindi a les persones en totes les resid\u00e8ncies, tant de gesti\u00f3 p\u00fablica com privada, compleixi els requisits de qualitat i atenci\u00f3 que es mereixen, seguint els est\u00e0ndards establerts per la legislaci\u00f3&#8221;.<\/p>\n<p>El candidat del PSOE ha criticat que el Partit Popular del Consell Insular, amb Vicent Mar\u00ed, ha deixat de banda les pol\u00edtiques per a les persones majors, incomplint el seu comprom\u00eds de crear un Institut d&#8217;Afers Socials, evitant assumir la gesti\u00f3 de les resid\u00e8ncies i no realitzant adequadament les tasques d&#8217;inspecci\u00f3 i control, com s&#8217;ha vist amb la situaci\u00f3 de la resid\u00e8ncia Colis\u00e9e, un greu problema que ser\u00e0 una &#8220;prioritat&#8221; per al pr\u00f2xim govern del Consell Insular a partir de maig.<\/p>\n<p>El PSOE tamb\u00e9 assumeix, entre d&#8217;altres, els seg\u00fcents compromisos. En primer lloc, es garantir\u00e0 per llei l&#8217;atenci\u00f3 presencial i l&#8217;acompanyament a totes les persones, especialment les de major edat, que hagin de fer gestions als serveis p\u00fablics o a serveis essencials com els bancaris o de subministraments b\u00e0sics, amb l&#8217;objectiu de prevenir la bretxa digital.<\/p>\n<p>En segon lloc, s&#8217;implementar\u00e0 una nova prestaci\u00f3 de vincles per lluitar contra la solitud no desitjada de les persones majors. Aquesta prestaci\u00f3 t\u00e9 com a finalitat fomentar el contacte amb altres membres de la comunitat per compartir interessos, aficions i companyia.<\/p>\n<p>Finalment, es llan\u00e7ar\u00e0 una estrat\u00e8gia de formaci\u00f3 de professionals per a l&#8217;economia de les cures, amb l&#8217;objectiu de garantir la dotaci\u00f3 de personal i millorar les r\u00e0tios de cuidadors per usuari a les resid\u00e8ncies.<\/p>\n<p>Josep Mar\u00ed Ribas, &#8216;Agustinet&#8217;, ha reafirmat &#8220;el comprom\u00eds del PSOE amb les persones majors&#8221; i ha destacat la import\u00e0ncia d&#8217;abordar aquests reptes per &#8220;garantir una atenci\u00f3 de qualitat que necessiten i mereixen&#8221;, aix\u00ed com per &#8220;promoure la seua integraci\u00f3 i benestar en la societat&#8221;.<\/p>\n","protected":false},"excerpt":{"rendered":"<p>El candidat del PSOE a la presid\u00e8ncia del Consell d&#8217;Eivissa, Josep Mar\u00ed Ribas &#8216;Agustinet&#8217;, s&#8217;ha comprom\u00e8s avui a la creaci\u00f3 de 150 noves places de resid\u00e8ncia i assegurar la funci\u00f3 d&#8217;inspecci\u00f3 i control d&#8217;aquests centres. &#8216;Agustinet&#8217; ha presentat els compromisos del partit amb les persones majors i la seua visi\u00f3 per afrontar els reptes de&hellip;<\/p>\n","protected":false},"author":7,"featured_media":37359,"comment_status":"closed","ping_status":"closed","sticky":false,"template":"","format":"standard","meta":{"footnotes":""},"categories":[192,1],"tags":[],"class_list":["post-37358","post","type-post","status-publish","format-standard","has-post-thumbnail","hentry","category-consell-deivissa","category-federacio-de-eivissa-portada"],"yoast_head":"<!-- This site is optimized with the Yoast SEO plugin v26.9 - https:\/\/yoast.com\/product\/yoast-seo-wordpress\/ -->\n<title>&#039;Agustinet&#039; crear\u00e0 150 noves places de resid\u00e8ncia a Eivissa i assegurar\u00e0 la inspecci\u00f3 i control de tots els centres - Federaci\u00f3 Socialista d&#039;Eivissa<\/title>\n<meta name=\"robots\" content=\"index, follow, max-snippet:-1, max-image-preview:large, max-video-preview:-1\" \/>\n<link rel=\"canonical\" href=\"https:\/\/www.psib-psoe.org\/eivissa\/agustinet-creara-150-noves-places-de-residencia-a-eivissa-i-assegurara-la-inspeccio-i-control-de-tots-els-centres\/\" \/>\n<meta property=\"og:locale\" content=\"ca_ES\" \/>\n<meta property=\"og:type\" content=\"article\" \/>\n<meta property=\"og:title\" content=\"&#039;Agustinet&#039; crear\u00e0 150 noves places de resid\u00e8ncia a Eivissa i assegurar\u00e0 la inspecci\u00f3 i control de tots els centres - Federaci\u00f3 Socialista d&#039;Eivissa\" \/>\n<meta property=\"og:description\" content=\"El candidat del PSOE a la presid\u00e8ncia del Consell d&#8217;Eivissa, Josep Mar\u00ed Ribas &#8216;Agustinet&#8217;, s&#8217;ha comprom\u00e8s avui a la creaci\u00f3 de 150 noves places de resid\u00e8ncia i assegurar la funci\u00f3 d&#8217;inspecci\u00f3 i control d&#8217;aquests centres. &#8216;Agustinet&#8217; ha presentat els compromisos del partit amb les persones majors i la seua visi\u00f3 per afrontar els reptes de&hellip;\" \/>\n<meta property=\"og:url\" content=\"https:\/\/www.psib-psoe.org\/eivissa\/agustinet-creara-150-noves-places-de-residencia-a-eivissa-i-assegurara-la-inspeccio-i-control-de-tots-els-centres\/\" \/>\n<meta property=\"og:site_name\" content=\"Federaci\u00f3 Socialista d&#039;Eivissa\" \/>\n<meta property=\"article:published_time\" content=\"2023-05-18T11:03:22+00:00\" \/>\n<meta property=\"og:image\" content=\"https:\/\/www.psib-psoe.org\/eivissa\/wp-content\/uploads\/foto-can-ventosa-majors.png\" \/>\n\t<meta property=\"og:image:width\" content=\"986\" \/>\n\t<meta property=\"og:image:height\" content=\"702\" \/>\n\t<meta property=\"og:image:type\" content=\"image\/png\" \/>\n<meta name=\"author\" content=\"Josep Ripoll\" \/>\n<meta name=\"twitter:card\" content=\"summary_large_image\" \/>\n<meta name=\"twitter:label1\" content=\"Escrit per\" \/>\n\t<meta name=\"twitter:data1\" content=\"Josep Ripoll\" \/>\n\t<meta name=\"twitter:label2\" content=\"Temps estimat de lectura\" \/>\n\t<meta name=\"twitter:data2\" content=\"3 minuts\" \/>\n<script type=\"application\/ld+json\" class=\"yoast-schema-graph\">{\"@context\":\"https:\/\/schema.org\",\"@graph\":[{\"@type\":[\"Article\",\"BlogPosting\"],\"@id\":\"https:\/\/www.psib-psoe.org\/eivissa\/agustinet-creara-150-noves-places-de-residencia-a-eivissa-i-assegurara-la-inspeccio-i-control-de-tots-els-centres\/#article\",\"isPartOf\":{\"@id\":\"https:\/\/www.psib-psoe.org\/eivissa\/agustinet-creara-150-noves-places-de-residencia-a-eivissa-i-assegurara-la-inspeccio-i-control-de-tots-els-centres\/\"},\"author\":{\"name\":\"Josep Ripoll\",\"@id\":\"https:\/\/www.psib-psoe.org\/eivissa\/#\/schema\/person\/7a9d2841fb36f32e34fc0e9b245e8117\"},\"headline\":\"&#8216;Agustinet&#8217; crear\u00e0 150 noves places de resid\u00e8ncia a Eivissa i assegurar\u00e0 la inspecci\u00f3 i control de tots els centres\",\"datePublished\":\"2023-05-18T11:03:22+00:00\",\"mainEntityOfPage\":{\"@id\":\"https:\/\/www.psib-psoe.org\/eivissa\/agustinet-creara-150-noves-places-de-residencia-a-eivissa-i-assegurara-la-inspeccio-i-control-de-tots-els-centres\/\"},\"wordCount\":558,\"publisher\":{\"@id\":\"https:\/\/www.psib-psoe.org\/eivissa\/#organization\"},\"image\":{\"@id\":\"https:\/\/www.psib-psoe.org\/eivissa\/agustinet-creara-150-noves-places-de-residencia-a-eivissa-i-assegurara-la-inspeccio-i-control-de-tots-els-centres\/#primaryimage\"},\"thumbnailUrl\":\"https:\/\/www.psib-psoe.org\/eivissa\/wp-content\/uploads\/foto-can-ventosa-majors.png\",\"articleSection\":[\"Consell d'Eivissa\",\"Federaci\u00f3 d'Eivissa - Portada\"],\"inLanguage\":\"ca\"},{\"@type\":\"WebPage\",\"@id\":\"https:\/\/www.psib-psoe.org\/eivissa\/agustinet-creara-150-noves-places-de-residencia-a-eivissa-i-assegurara-la-inspeccio-i-control-de-tots-els-centres\/\",\"url\":\"https:\/\/www.psib-psoe.org\/eivissa\/agustinet-creara-150-noves-places-de-residencia-a-eivissa-i-assegurara-la-inspeccio-i-control-de-tots-els-centres\/\",\"name\":\"'Agustinet' crear\u00e0 150 noves places de resid\u00e8ncia a Eivissa i assegurar\u00e0 la inspecci\u00f3 i control de tots els centres - Federaci\u00f3 Socialista d&#039;Eivissa\",\"isPartOf\":{\"@id\":\"https:\/\/www.psib-psoe.org\/eivissa\/#website\"},\"primaryImageOfPage\":{\"@id\":\"https:\/\/www.psib-psoe.org\/eivissa\/agustinet-creara-150-noves-places-de-residencia-a-eivissa-i-assegurara-la-inspeccio-i-control-de-tots-els-centres\/#primaryimage\"},\"image\":{\"@id\":\"https:\/\/www.psib-psoe.org\/eivissa\/agustinet-creara-150-noves-places-de-residencia-a-eivissa-i-assegurara-la-inspeccio-i-control-de-tots-els-centres\/#primaryimage\"},\"thumbnailUrl\":\"https:\/\/www.psib-psoe.org\/eivissa\/wp-content\/uploads\/foto-can-ventosa-majors.png\",\"datePublished\":\"2023-05-18T11:03:22+00:00\",\"breadcrumb\":{\"@id\":\"https:\/\/www.psib-psoe.org\/eivissa\/agustinet-creara-150-noves-places-de-residencia-a-eivissa-i-assegurara-la-inspeccio-i-control-de-tots-els-centres\/#breadcrumb\"},\"inLanguage\":\"ca\",\"potentialAction\":[{\"@type\":\"ReadAction\",\"target\":[\"https:\/\/www.psib-psoe.org\/eivissa\/agustinet-creara-150-noves-places-de-residencia-a-eivissa-i-assegurara-la-inspeccio-i-control-de-tots-els-centres\/\"]}]},{\"@type\":\"ImageObject\",\"inLanguage\":\"ca\",\"@id\":\"https:\/\/www.psib-psoe.org\/eivissa\/agustinet-creara-150-noves-places-de-residencia-a-eivissa-i-assegurara-la-inspeccio-i-control-de-tots-els-centres\/#primaryimage\",\"url\":\"https:\/\/www.psib-psoe.org\/eivissa\/wp-content\/uploads\/foto-can-ventosa-majors.png\",\"contentUrl\":\"https:\/\/www.psib-psoe.org\/eivissa\/wp-content\/uploads\/foto-can-ventosa-majors.png\",\"width\":986,\"height\":702},{\"@type\":\"BreadcrumbList\",\"@id\":\"https:\/\/www.psib-psoe.org\/eivissa\/agustinet-creara-150-noves-places-de-residencia-a-eivissa-i-assegurara-la-inspeccio-i-control-de-tots-els-centres\/#breadcrumb\",\"itemListElement\":[{\"@type\":\"ListItem\",\"position\":1,\"name\":\"Inici\",\"item\":\"https:\/\/www.psib-psoe.org\/eivissa\/\"},{\"@type\":\"ListItem\",\"position\":2,\"name\":\"&#8216;Agustinet&#8217; crear\u00e0 150 noves places de resid\u00e8ncia a Eivissa i assegurar\u00e0 la inspecci\u00f3 i control de tots els centres\"}]},{\"@type\":\"WebSite\",\"@id\":\"https:\/\/www.psib-psoe.org\/eivissa\/#website\",\"url\":\"https:\/\/www.psib-psoe.org\/eivissa\/\",\"name\":\"Federaci\u00f3 Socialista d'Eivissa\",\"description\":\"Socialistes d&#039;Eivissa\",\"publisher\":{\"@id\":\"https:\/\/www.psib-psoe.org\/eivissa\/#organization\"},\"potentialAction\":[{\"@type\":\"SearchAction\",\"target\":{\"@type\":\"EntryPoint\",\"urlTemplate\":\"https:\/\/www.psib-psoe.org\/eivissa\/?s={search_term_string}\"},\"query-input\":{\"@type\":\"PropertyValueSpecification\",\"valueRequired\":true,\"valueName\":\"search_term_string\"}}],\"inLanguage\":\"ca\"},{\"@type\":\"Organization\",\"@id\":\"https:\/\/www.psib-psoe.org\/eivissa\/#organization\",\"name\":\"Federaci\u00f3 Socialista d'Eivissa\",\"url\":\"https:\/\/www.psib-psoe.org\/eivissa\/\",\"logo\":{\"@type\":\"ImageObject\",\"inLanguage\":\"ca\",\"@id\":\"https:\/\/www.psib-psoe.org\/eivissa\/#\/schema\/logo\/image\/\",\"url\":\"https:\/\/www.psib-psoe.org\/eivissa\/wp-content\/uploads\/LOGO-FSE-SOCIALISTA-DEIVISSA-HORI.png\",\"contentUrl\":\"https:\/\/www.psib-psoe.org\/eivissa\/wp-content\/uploads\/LOGO-FSE-SOCIALISTA-DEIVISSA-HORI.png\",\"width\":6000,\"height\":3104,\"caption\":\"Federaci\u00f3 Socialista d'Eivissa\"},\"image\":{\"@id\":\"https:\/\/www.psib-psoe.org\/eivissa\/#\/schema\/logo\/image\/\"}},{\"@type\":\"Person\",\"@id\":\"https:\/\/www.psib-psoe.org\/eivissa\/#\/schema\/person\/7a9d2841fb36f32e34fc0e9b245e8117\",\"name\":\"Josep Ripoll\",\"sameAs\":[\"http:\/\/www.psib-psoe.org\/eivissa\/wp-login.php\"],\"url\":\"https:\/\/www.psib-psoe.org\/eivissa\/author\/josep\/\"}]}<\/script>\n<!-- \/ Yoast SEO plugin. -->","yoast_head_json":{"title":"'Agustinet' crear\u00e0 150 noves places de resid\u00e8ncia a Eivissa i assegurar\u00e0 la inspecci\u00f3 i control de tots els centres - Federaci\u00f3 Socialista d&#039;Eivissa","robots":{"index":"index","follow":"follow","max-snippet":"max-snippet:-1","max-image-preview":"max-image-preview:large","max-video-preview":"max-video-preview:-1"},"canonical":"https:\/\/www.psib-psoe.org\/eivissa\/agustinet-creara-150-noves-places-de-residencia-a-eivissa-i-assegurara-la-inspeccio-i-control-de-tots-els-centres\/","og_locale":"ca_ES","og_type":"article","og_title":"'Agustinet' crear\u00e0 150 noves places de resid\u00e8ncia a Eivissa i assegurar\u00e0 la inspecci\u00f3 i control de tots els centres - Federaci\u00f3 Socialista d&#039;Eivissa","og_description":"El candidat del PSOE a la presid\u00e8ncia del Consell d&#8217;Eivissa, Josep Mar\u00ed Ribas &#8216;Agustinet&#8217;, s&#8217;ha comprom\u00e8s avui a la creaci\u00f3 de 150 noves places de resid\u00e8ncia i assegurar la funci\u00f3 d&#8217;inspecci\u00f3 i control d&#8217;aquests centres. &#8216;Agustinet&#8217; ha presentat els compromisos del partit amb les persones majors i la seua visi\u00f3 per afrontar els reptes de&hellip;","og_url":"https:\/\/www.psib-psoe.org\/eivissa\/agustinet-creara-150-noves-places-de-residencia-a-eivissa-i-assegurara-la-inspeccio-i-control-de-tots-els-centres\/","og_site_name":"Federaci\u00f3 Socialista d&#039;Eivissa","article_published_time":"2023-05-18T11:03:22+00:00","og_image":[{"width":986,"height":702,"url":"https:\/\/www.psib-psoe.org\/eivissa\/wp-content\/uploads\/foto-can-ventosa-majors.png","type":"image\/png"}],"author":"Josep Ripoll","twitter_card":"summary_large_image","twitter_misc":{"Escrit per":"Josep Ripoll","Temps estimat de lectura":"3 minuts"},"schema":{"@context":"https:\/\/schema.org","@graph":[{"@type":["Article","BlogPosting"],"@id":"https:\/\/www.psib-psoe.org\/eivissa\/agustinet-creara-150-noves-places-de-residencia-a-eivissa-i-assegurara-la-inspeccio-i-control-de-tots-els-centres\/#article","isPartOf":{"@id":"https:\/\/www.psib-psoe.org\/eivissa\/agustinet-creara-150-noves-places-de-residencia-a-eivissa-i-assegurara-la-inspeccio-i-control-de-tots-els-centres\/"},"author":{"name":"Josep Ripoll","@id":"https:\/\/www.psib-psoe.org\/eivissa\/#\/schema\/person\/7a9d2841fb36f32e34fc0e9b245e8117"},"headline":"&#8216;Agustinet&#8217; crear\u00e0 150 noves places de resid\u00e8ncia a Eivissa i assegurar\u00e0 la inspecci\u00f3 i control de tots els centres","datePublished":"2023-05-18T11:03:22+00:00","mainEntityOfPage":{"@id":"https:\/\/www.psib-psoe.org\/eivissa\/agustinet-creara-150-noves-places-de-residencia-a-eivissa-i-assegurara-la-inspeccio-i-control-de-tots-els-centres\/"},"wordCount":558,"publisher":{"@id":"https:\/\/www.psib-psoe.org\/eivissa\/#organization"},"image":{"@id":"https:\/\/www.psib-psoe.org\/eivissa\/agustinet-creara-150-noves-places-de-residencia-a-eivissa-i-assegurara-la-inspeccio-i-control-de-tots-els-centres\/#primaryimage"},"thumbnailUrl":"https:\/\/www.psib-psoe.org\/eivissa\/wp-content\/uploads\/foto-can-ventosa-majors.png","articleSection":["Consell d'Eivissa","Federaci\u00f3 d'Eivissa - Portada"],"inLanguage":"ca"},{"@type":"WebPage","@id":"https:\/\/www.psib-psoe.org\/eivissa\/agustinet-creara-150-noves-places-de-residencia-a-eivissa-i-assegurara-la-inspeccio-i-control-de-tots-els-centres\/","url":"https:\/\/www.psib-psoe.org\/eivissa\/agustinet-creara-150-noves-places-de-residencia-a-eivissa-i-assegurara-la-inspeccio-i-control-de-tots-els-centres\/","name":"'Agustinet' crear\u00e0 150 noves places de resid\u00e8ncia a Eivissa i assegurar\u00e0 la inspecci\u00f3 i control de tots els centres - Federaci\u00f3 Socialista d&#039;Eivissa","isPartOf":{"@id":"https:\/\/www.psib-psoe.org\/eivissa\/#website"},"primaryImageOfPage":{"@id":"https:\/\/www.psib-psoe.org\/eivissa\/agustinet-creara-150-noves-places-de-residencia-a-eivissa-i-assegurara-la-inspeccio-i-control-de-tots-els-centres\/#primaryimage"},"image":{"@id":"https:\/\/www.psib-psoe.org\/eivissa\/agustinet-creara-150-noves-places-de-residencia-a-eivissa-i-assegurara-la-inspeccio-i-control-de-tots-els-centres\/#primaryimage"},"thumbnailUrl":"https:\/\/www.psib-psoe.org\/eivissa\/wp-content\/uploads\/foto-can-ventosa-majors.png","datePublished":"2023-05-18T11:03:22+00:00","breadcrumb":{"@id":"https:\/\/www.psib-psoe.org\/eivissa\/agustinet-creara-150-noves-places-de-residencia-a-eivissa-i-assegurara-la-inspeccio-i-control-de-tots-els-centres\/#breadcrumb"},"inLanguage":"ca","potentialAction":[{"@type":"ReadAction","target":["https:\/\/www.psib-psoe.org\/eivissa\/agustinet-creara-150-noves-places-de-residencia-a-eivissa-i-assegurara-la-inspeccio-i-control-de-tots-els-centres\/"]}]},{"@type":"ImageObject","inLanguage":"ca","@id":"https:\/\/www.psib-psoe.org\/eivissa\/agustinet-creara-150-noves-places-de-residencia-a-eivissa-i-assegurara-la-inspeccio-i-control-de-tots-els-centres\/#primaryimage","url":"https:\/\/www.psib-psoe.org\/eivissa\/wp-content\/uploads\/foto-can-ventosa-majors.png","contentUrl":"https:\/\/www.psib-psoe.org\/eivissa\/wp-content\/uploads\/foto-can-ventosa-majors.png","width":986,"height":702},{"@type":"BreadcrumbList","@id":"https:\/\/www.psib-psoe.org\/eivissa\/agustinet-creara-150-noves-places-de-residencia-a-eivissa-i-assegurara-la-inspeccio-i-control-de-tots-els-centres\/#breadcrumb","itemListElement":[{"@type":"ListItem","position":1,"name":"Inici","item":"https:\/\/www.psib-psoe.org\/eivissa\/"},{"@type":"ListItem","position":2,"name":"&#8216;Agustinet&#8217; crear\u00e0 150 noves places de resid\u00e8ncia a Eivissa i assegurar\u00e0 la inspecci\u00f3 i control de tots els centres"}]},{"@type":"WebSite","@id":"https:\/\/www.psib-psoe.org\/eivissa\/#website","url":"https:\/\/www.psib-psoe.org\/eivissa\/","name":"Federaci\u00f3 Socialista d'Eivissa","description":"Socialistes d&#039;Eivissa","publisher":{"@id":"https:\/\/www.psib-psoe.org\/eivissa\/#organization"},"potentialAction":[{"@type":"SearchAction","target":{"@type":"EntryPoint","urlTemplate":"https:\/\/www.psib-psoe.org\/eivissa\/?s={search_term_string}"},"query-input":{"@type":"PropertyValueSpecification","valueRequired":true,"valueName":"search_term_string"}}],"inLanguage":"ca"},{"@type":"Organization","@id":"https:\/\/www.psib-psoe.org\/eivissa\/#organization","name":"Federaci\u00f3 Socialista d'Eivissa","url":"https:\/\/www.psib-psoe.org\/eivissa\/","logo":{"@type":"ImageObject","inLanguage":"ca","@id":"https:\/\/www.psib-psoe.org\/eivissa\/#\/schema\/logo\/image\/","url":"https:\/\/www.psib-psoe.org\/eivissa\/wp-content\/uploads\/LOGO-FSE-SOCIALISTA-DEIVISSA-HORI.png","contentUrl":"https:\/\/www.psib-psoe.org\/eivissa\/wp-content\/uploads\/LOGO-FSE-SOCIALISTA-DEIVISSA-HORI.png","width":6000,"height":3104,"caption":"Federaci\u00f3 Socialista d'Eivissa"},"image":{"@id":"https:\/\/www.psib-psoe.org\/eivissa\/#\/schema\/logo\/image\/"}},{"@type":"Person","@id":"https:\/\/www.psib-psoe.org\/eivissa\/#\/schema\/person\/7a9d2841fb36f32e34fc0e9b245e8117","name":"Josep Ripoll","sameAs":["http:\/\/www.psib-psoe.org\/eivissa\/wp-login.php"],"url":"https:\/\/www.psib-psoe.org\/eivissa\/author\/josep\/"}]}},"_links":{"self":[{"href":"https:\/\/www.psib-psoe.org\/eivissa\/wp-json\/wp\/v2\/posts\/37358","targetHints":{"allow":["GET"]}}],"collection":[{"href":"https:\/\/www.psib-psoe.org\/eivissa\/wp-json\/wp\/v2\/posts"}],"about":[{"href":"https:\/\/www.psib-psoe.org\/eivissa\/wp-json\/wp\/v2\/types\/post"}],"author":[{"embeddable":true,"href":"https:\/\/www.psib-psoe.org\/eivissa\/wp-json\/wp\/v2\/users\/7"}],"replies":[{"embeddable":true,"href":"https:\/\/www.psib-psoe.org\/eivissa\/wp-json\/wp\/v2\/comments?post=37358"}],"version-history":[{"count":1,"href":"https:\/\/www.psib-psoe.org\/eivissa\/wp-json\/wp\/v2\/posts\/37358\/revisions"}],"predecessor-version":[{"id":37361,"href":"https:\/\/www.psib-psoe.org\/eivissa\/wp-json\/wp\/v2\/posts\/37358\/revisions\/37361"}],"wp:featuredmedia":[{"embeddable":true,"href":"https:\/\/www.psib-psoe.org\/eivissa\/wp-json\/wp\/v2\/media\/37359"}],"wp:attachment":[{"href":"https:\/\/www.psib-psoe.org\/eivissa\/wp-json\/wp\/v2\/media?parent=37358"}],"wp:term":[{"taxonomy":"category","embeddable":true,"href":"https:\/\/www.psib-psoe.org\/eivissa\/wp-json\/wp\/v2\/categories?post=37358"},{"taxonomy":"post_tag","embeddable":true,"href":"https:\/\/www.psib-psoe.org\/eivissa\/wp-json\/wp\/v2\/tags?post=37358"}],"curies":[{"name":"wp","href":"https:\/\/api.w.org\/{rel}","templated":true}]}}