{"id":37365,"date":"2023-05-18T13:19:52","date_gmt":"2023-05-18T11:19:52","guid":{"rendered":"https:\/\/www.psib-psoe.org\/eivissa\/?p=37365"},"modified":"2023-05-18T13:31:12","modified_gmt":"2023-05-18T11:31:12","slug":"javier-mari-es-compromet-a-millorar-el-subministrament-daigua-les-infraestructures-i-els-serveis-a-sant-vicent-de-sa-cala","status":"publish","type":"post","link":"https:\/\/www.psib-psoe.org\/eivissa\/javier-mari-es-compromet-a-millorar-el-subministrament-daigua-les-infraestructures-i-els-serveis-a-sant-vicent-de-sa-cala\/","title":{"rendered":"Javier Mar\u00ed es compromet a millorar el subministrament d\u2019aigua, les infraestructures i els serveis a Sant Vicent de sa Cala"},"content":{"rendered":"<p>El candidat del PSOE a l&#8217;alcaldia de Sant Joan de Labritja, Javier Mar\u00ed, ha mantengut una trobada amb els vesins i vesines de Sant Vicent de sa Cala per explicar-los les seves propostes i compromisos per millorar el poble i la zona tur\u00edstica. Amb un programa basat en la millora del subministrament d&#8217;aigua, l&#8217;adequaci\u00f3 d&#8217;infraestructures i el refor\u00e7 dels serveis municipals, Mar\u00ed aspira a convertir Sant Joan de Labritja en \u201cun municipi del segle XXI\u201d.<\/p>\n<p>Durant la reuni\u00f3, Mar\u00ed ha destacat l&#8217;aband\u00f3 i la neglig\u00e8ncia del Partit Popular en sa Cala durant anys i ha assumit el comprom\u00eds de treballar amb les administracions implicades per aconseguir l&#8217;aigua dessalinitzada i posar fi a l&#8217;explotaci\u00f3 dels aq\u00fc\u00edfers. \u201cEn un moment tan delicat, amb un per\u00edode de sequera tan seri\u00f3s, no es pot continuar amb aquesta situaci\u00f3\u201d, ha dit Javier Mar\u00ed.<\/p>\n<p>A m\u00e9s, el candidat s&#8217;ha comprom\u00e8s a arreglar l&#8217;aparcament de la platja i instal\u00b7lar p\u00e8rgoles amb plaques solars i punts de c\u00e0rrega per a vehicles el\u00e8ctrics. L&#8217;adequaci\u00f3 dels camins vesinals \u00e9s tamb\u00e9 una prioritat, aix\u00ed com l&#8217;increment de la plantilla de la policia municipal i dels serveis de neteja. Tamb\u00e9 es crear\u00e0 una brigada de manteniment per a tot el municipi.<\/p>\n<p>Mar\u00ed ha criticat la falta de manteniment i de serveis per part del Partit Popular a Sant Joan de Labritja durant aquests anys i ha afirmat que \u201cno han fet res i tampoc ho faran\u201d. Per aquest motiu, \u201c\u00e9s necessari un canvi a Sant Joan\u201d i Javier Mar\u00ed es compromet a liderar-lo per convertir el municipi \u201cen el millor lloc per viure\u201d.<\/p>\n","protected":false},"excerpt":{"rendered":"<p>El candidat del PSOE a l&#8217;alcaldia de Sant Joan de Labritja, Javier Mar\u00ed, ha mantengut una trobada amb els vesins i vesines de Sant Vicent de sa Cala per explicar-los les seves propostes i compromisos per millorar el poble i la zona tur\u00edstica. Amb un programa basat en la millora del subministrament d&#8217;aigua, l&#8217;adequaci\u00f3 d&#8217;infraestructures&hellip;<\/p>\n","protected":false},"author":7,"featured_media":37368,"comment_status":"closed","ping_status":"closed","sticky":false,"template":"","format":"standard","meta":{"footnotes":""},"categories":[1,234,189],"tags":[],"class_list":["post-37365","post","type-post","status-publish","format-standard","has-post-thumbnail","hentry","category-federacio-de-eivissa-portada","category-municipis","category-sant-joan-de-labritja"],"yoast_head":"<!-- This site is optimized with the Yoast SEO plugin v26.9 - https:\/\/yoast.com\/product\/yoast-seo-wordpress\/ -->\n<title>Javier Mar\u00ed es compromet a millorar el subministrament d\u2019aigua, les infraestructures i els serveis a Sant Vicent de sa Cala - Federaci\u00f3 Socialista d&#039;Eivissa<\/title>\n<meta name=\"robots\" content=\"index, follow, max-snippet:-1, max-image-preview:large, max-video-preview:-1\" \/>\n<link rel=\"canonical\" href=\"https:\/\/www.psib-psoe.org\/eivissa\/javier-mari-es-compromet-a-millorar-el-subministrament-daigua-les-infraestructures-i-els-serveis-a-sant-vicent-de-sa-cala\/\" \/>\n<meta property=\"og:locale\" content=\"ca_ES\" \/>\n<meta property=\"og:type\" content=\"article\" \/>\n<meta property=\"og:title\" content=\"Javier Mar\u00ed es compromet a millorar el subministrament d\u2019aigua, les infraestructures i els serveis a Sant Vicent de sa Cala - Federaci\u00f3 Socialista d&#039;Eivissa\" \/>\n<meta property=\"og:description\" content=\"El candidat del PSOE a l&#8217;alcaldia de Sant Joan de Labritja, Javier Mar\u00ed, ha mantengut una trobada amb els vesins i vesines de Sant Vicent de sa Cala per explicar-los les seves propostes i compromisos per millorar el poble i la zona tur\u00edstica. Amb un programa basat en la millora del subministrament d&#8217;aigua, l&#8217;adequaci\u00f3 d&#8217;infraestructures&hellip;\" \/>\n<meta property=\"og:url\" content=\"https:\/\/www.psib-psoe.org\/eivissa\/javier-mari-es-compromet-a-millorar-el-subministrament-daigua-les-infraestructures-i-els-serveis-a-sant-vicent-de-sa-cala\/\" \/>\n<meta property=\"og:site_name\" content=\"Federaci\u00f3 Socialista d&#039;Eivissa\" \/>\n<meta property=\"article:published_time\" content=\"2023-05-18T11:19:52+00:00\" \/>\n<meta property=\"article:modified_time\" content=\"2023-05-18T11:31:12+00:00\" \/>\n<meta property=\"og:image\" content=\"https:\/\/www.psib-psoe.org\/eivissa\/wp-content\/uploads\/javi-amb-pedro.png\" \/>\n\t<meta property=\"og:image:width\" content=\"980\" \/>\n\t<meta property=\"og:image:height\" content=\"768\" \/>\n\t<meta property=\"og:image:type\" content=\"image\/png\" \/>\n<meta name=\"author\" content=\"Josep Ripoll\" \/>\n<meta name=\"twitter:card\" content=\"summary_large_image\" \/>\n<meta name=\"twitter:label1\" content=\"Escrit per\" \/>\n\t<meta name=\"twitter:data1\" content=\"Josep Ripoll\" \/>\n\t<meta name=\"twitter:label2\" content=\"Temps estimat de lectura\" \/>\n\t<meta name=\"twitter:data2\" content=\"1 minut\" \/>\n<script type=\"application\/ld+json\" class=\"yoast-schema-graph\">{\"@context\":\"https:\/\/schema.org\",\"@graph\":[{\"@type\":[\"Article\",\"BlogPosting\"],\"@id\":\"https:\/\/www.psib-psoe.org\/eivissa\/javier-mari-es-compromet-a-millorar-el-subministrament-daigua-les-infraestructures-i-els-serveis-a-sant-vicent-de-sa-cala\/#article\",\"isPartOf\":{\"@id\":\"https:\/\/www.psib-psoe.org\/eivissa\/javier-mari-es-compromet-a-millorar-el-subministrament-daigua-les-infraestructures-i-els-serveis-a-sant-vicent-de-sa-cala\/\"},\"author\":{\"name\":\"Josep Ripoll\",\"@id\":\"https:\/\/www.psib-psoe.org\/eivissa\/#\/schema\/person\/7a9d2841fb36f32e34fc0e9b245e8117\"},\"headline\":\"Javier Mar\u00ed es compromet a millorar el subministrament d\u2019aigua, les infraestructures i els serveis a Sant Vicent de sa Cala\",\"datePublished\":\"2023-05-18T11:19:52+00:00\",\"dateModified\":\"2023-05-18T11:31:12+00:00\",\"mainEntityOfPage\":{\"@id\":\"https:\/\/www.psib-psoe.org\/eivissa\/javier-mari-es-compromet-a-millorar-el-subministrament-daigua-les-infraestructures-i-els-serveis-a-sant-vicent-de-sa-cala\/\"},\"wordCount\":294,\"publisher\":{\"@id\":\"https:\/\/www.psib-psoe.org\/eivissa\/#organization\"},\"image\":{\"@id\":\"https:\/\/www.psib-psoe.org\/eivissa\/javier-mari-es-compromet-a-millorar-el-subministrament-daigua-les-infraestructures-i-els-serveis-a-sant-vicent-de-sa-cala\/#primaryimage\"},\"thumbnailUrl\":\"https:\/\/www.psib-psoe.org\/eivissa\/wp-content\/uploads\/javi-amb-pedro.png\",\"articleSection\":[\"Federaci\u00f3 d'Eivissa - Portada\",\"Municipis\",\"Sant Joan de Labritja\"],\"inLanguage\":\"ca\"},{\"@type\":\"WebPage\",\"@id\":\"https:\/\/www.psib-psoe.org\/eivissa\/javier-mari-es-compromet-a-millorar-el-subministrament-daigua-les-infraestructures-i-els-serveis-a-sant-vicent-de-sa-cala\/\",\"url\":\"https:\/\/www.psib-psoe.org\/eivissa\/javier-mari-es-compromet-a-millorar-el-subministrament-daigua-les-infraestructures-i-els-serveis-a-sant-vicent-de-sa-cala\/\",\"name\":\"Javier Mar\u00ed es compromet a millorar el subministrament d\u2019aigua, les infraestructures i els serveis a Sant Vicent de sa Cala - Federaci\u00f3 Socialista d&#039;Eivissa\",\"isPartOf\":{\"@id\":\"https:\/\/www.psib-psoe.org\/eivissa\/#website\"},\"primaryImageOfPage\":{\"@id\":\"https:\/\/www.psib-psoe.org\/eivissa\/javier-mari-es-compromet-a-millorar-el-subministrament-daigua-les-infraestructures-i-els-serveis-a-sant-vicent-de-sa-cala\/#primaryimage\"},\"image\":{\"@id\":\"https:\/\/www.psib-psoe.org\/eivissa\/javier-mari-es-compromet-a-millorar-el-subministrament-daigua-les-infraestructures-i-els-serveis-a-sant-vicent-de-sa-cala\/#primaryimage\"},\"thumbnailUrl\":\"https:\/\/www.psib-psoe.org\/eivissa\/wp-content\/uploads\/javi-amb-pedro.png\",\"datePublished\":\"2023-05-18T11:19:52+00:00\",\"dateModified\":\"2023-05-18T11:31:12+00:00\",\"breadcrumb\":{\"@id\":\"https:\/\/www.psib-psoe.org\/eivissa\/javier-mari-es-compromet-a-millorar-el-subministrament-daigua-les-infraestructures-i-els-serveis-a-sant-vicent-de-sa-cala\/#breadcrumb\"},\"inLanguage\":\"ca\",\"potentialAction\":[{\"@type\":\"ReadAction\",\"target\":[\"https:\/\/www.psib-psoe.org\/eivissa\/javier-mari-es-compromet-a-millorar-el-subministrament-daigua-les-infraestructures-i-els-serveis-a-sant-vicent-de-sa-cala\/\"]}]},{\"@type\":\"ImageObject\",\"inLanguage\":\"ca\",\"@id\":\"https:\/\/www.psib-psoe.org\/eivissa\/javier-mari-es-compromet-a-millorar-el-subministrament-daigua-les-infraestructures-i-els-serveis-a-sant-vicent-de-sa-cala\/#primaryimage\",\"url\":\"https:\/\/www.psib-psoe.org\/eivissa\/wp-content\/uploads\/javi-amb-pedro.png\",\"contentUrl\":\"https:\/\/www.psib-psoe.org\/eivissa\/wp-content\/uploads\/javi-amb-pedro.png\",\"width\":980,\"height\":768},{\"@type\":\"BreadcrumbList\",\"@id\":\"https:\/\/www.psib-psoe.org\/eivissa\/javier-mari-es-compromet-a-millorar-el-subministrament-daigua-les-infraestructures-i-els-serveis-a-sant-vicent-de-sa-cala\/#breadcrumb\",\"itemListElement\":[{\"@type\":\"ListItem\",\"position\":1,\"name\":\"Inici\",\"item\":\"https:\/\/www.psib-psoe.org\/eivissa\/\"},{\"@type\":\"ListItem\",\"position\":2,\"name\":\"Javier Mar\u00ed es compromet a millorar el subministrament d\u2019aigua, les infraestructures i els serveis a Sant Vicent de sa Cala\"}]},{\"@type\":\"WebSite\",\"@id\":\"https:\/\/www.psib-psoe.org\/eivissa\/#website\",\"url\":\"https:\/\/www.psib-psoe.org\/eivissa\/\",\"name\":\"Federaci\u00f3 Socialista d'Eivissa\",\"description\":\"Socialistes d&#039;Eivissa\",\"publisher\":{\"@id\":\"https:\/\/www.psib-psoe.org\/eivissa\/#organization\"},\"potentialAction\":[{\"@type\":\"SearchAction\",\"target\":{\"@type\":\"EntryPoint\",\"urlTemplate\":\"https:\/\/www.psib-psoe.org\/eivissa\/?s={search_term_string}\"},\"query-input\":{\"@type\":\"PropertyValueSpecification\",\"valueRequired\":true,\"valueName\":\"search_term_string\"}}],\"inLanguage\":\"ca\"},{\"@type\":\"Organization\",\"@id\":\"https:\/\/www.psib-psoe.org\/eivissa\/#organization\",\"name\":\"Federaci\u00f3 Socialista d'Eivissa\",\"url\":\"https:\/\/www.psib-psoe.org\/eivissa\/\",\"logo\":{\"@type\":\"ImageObject\",\"inLanguage\":\"ca\",\"@id\":\"https:\/\/www.psib-psoe.org\/eivissa\/#\/schema\/logo\/image\/\",\"url\":\"https:\/\/www.psib-psoe.org\/eivissa\/wp-content\/uploads\/LOGO-FSE-SOCIALISTA-DEIVISSA-HORI.png\",\"contentUrl\":\"https:\/\/www.psib-psoe.org\/eivissa\/wp-content\/uploads\/LOGO-FSE-SOCIALISTA-DEIVISSA-HORI.png\",\"width\":6000,\"height\":3104,\"caption\":\"Federaci\u00f3 Socialista d'Eivissa\"},\"image\":{\"@id\":\"https:\/\/www.psib-psoe.org\/eivissa\/#\/schema\/logo\/image\/\"}},{\"@type\":\"Person\",\"@id\":\"https:\/\/www.psib-psoe.org\/eivissa\/#\/schema\/person\/7a9d2841fb36f32e34fc0e9b245e8117\",\"name\":\"Josep Ripoll\",\"sameAs\":[\"http:\/\/www.psib-psoe.org\/eivissa\/wp-login.php\"],\"url\":\"https:\/\/www.psib-psoe.org\/eivissa\/author\/josep\/\"}]}<\/script>\n<!-- \/ Yoast SEO plugin. -->","yoast_head_json":{"title":"Javier Mar\u00ed es compromet a millorar el subministrament d\u2019aigua, les infraestructures i els serveis a Sant Vicent de sa Cala - Federaci\u00f3 Socialista d&#039;Eivissa","robots":{"index":"index","follow":"follow","max-snippet":"max-snippet:-1","max-image-preview":"max-image-preview:large","max-video-preview":"max-video-preview:-1"},"canonical":"https:\/\/www.psib-psoe.org\/eivissa\/javier-mari-es-compromet-a-millorar-el-subministrament-daigua-les-infraestructures-i-els-serveis-a-sant-vicent-de-sa-cala\/","og_locale":"ca_ES","og_type":"article","og_title":"Javier Mar\u00ed es compromet a millorar el subministrament d\u2019aigua, les infraestructures i els serveis a Sant Vicent de sa Cala - Federaci\u00f3 Socialista d&#039;Eivissa","og_description":"El candidat del PSOE a l&#8217;alcaldia de Sant Joan de Labritja, Javier Mar\u00ed, ha mantengut una trobada amb els vesins i vesines de Sant Vicent de sa Cala per explicar-los les seves propostes i compromisos per millorar el poble i la zona tur\u00edstica. Amb un programa basat en la millora del subministrament d&#8217;aigua, l&#8217;adequaci\u00f3 d&#8217;infraestructures&hellip;","og_url":"https:\/\/www.psib-psoe.org\/eivissa\/javier-mari-es-compromet-a-millorar-el-subministrament-daigua-les-infraestructures-i-els-serveis-a-sant-vicent-de-sa-cala\/","og_site_name":"Federaci\u00f3 Socialista d&#039;Eivissa","article_published_time":"2023-05-18T11:19:52+00:00","article_modified_time":"2023-05-18T11:31:12+00:00","og_image":[{"width":980,"height":768,"url":"https:\/\/www.psib-psoe.org\/eivissa\/wp-content\/uploads\/javi-amb-pedro.png","type":"image\/png"}],"author":"Josep Ripoll","twitter_card":"summary_large_image","twitter_misc":{"Escrit per":"Josep Ripoll","Temps estimat de lectura":"1 minut"},"schema":{"@context":"https:\/\/schema.org","@graph":[{"@type":["Article","BlogPosting"],"@id":"https:\/\/www.psib-psoe.org\/eivissa\/javier-mari-es-compromet-a-millorar-el-subministrament-daigua-les-infraestructures-i-els-serveis-a-sant-vicent-de-sa-cala\/#article","isPartOf":{"@id":"https:\/\/www.psib-psoe.org\/eivissa\/javier-mari-es-compromet-a-millorar-el-subministrament-daigua-les-infraestructures-i-els-serveis-a-sant-vicent-de-sa-cala\/"},"author":{"name":"Josep Ripoll","@id":"https:\/\/www.psib-psoe.org\/eivissa\/#\/schema\/person\/7a9d2841fb36f32e34fc0e9b245e8117"},"headline":"Javier Mar\u00ed es compromet a millorar el subministrament d\u2019aigua, les infraestructures i els serveis a Sant Vicent de sa Cala","datePublished":"2023-05-18T11:19:52+00:00","dateModified":"2023-05-18T11:31:12+00:00","mainEntityOfPage":{"@id":"https:\/\/www.psib-psoe.org\/eivissa\/javier-mari-es-compromet-a-millorar-el-subministrament-daigua-les-infraestructures-i-els-serveis-a-sant-vicent-de-sa-cala\/"},"wordCount":294,"publisher":{"@id":"https:\/\/www.psib-psoe.org\/eivissa\/#organization"},"image":{"@id":"https:\/\/www.psib-psoe.org\/eivissa\/javier-mari-es-compromet-a-millorar-el-subministrament-daigua-les-infraestructures-i-els-serveis-a-sant-vicent-de-sa-cala\/#primaryimage"},"thumbnailUrl":"https:\/\/www.psib-psoe.org\/eivissa\/wp-content\/uploads\/javi-amb-pedro.png","articleSection":["Federaci\u00f3 d'Eivissa - Portada","Municipis","Sant Joan de Labritja"],"inLanguage":"ca"},{"@type":"WebPage","@id":"https:\/\/www.psib-psoe.org\/eivissa\/javier-mari-es-compromet-a-millorar-el-subministrament-daigua-les-infraestructures-i-els-serveis-a-sant-vicent-de-sa-cala\/","url":"https:\/\/www.psib-psoe.org\/eivissa\/javier-mari-es-compromet-a-millorar-el-subministrament-daigua-les-infraestructures-i-els-serveis-a-sant-vicent-de-sa-cala\/","name":"Javier Mar\u00ed es compromet a millorar el subministrament d\u2019aigua, les infraestructures i els serveis a Sant Vicent de sa Cala - Federaci\u00f3 Socialista d&#039;Eivissa","isPartOf":{"@id":"https:\/\/www.psib-psoe.org\/eivissa\/#website"},"primaryImageOfPage":{"@id":"https:\/\/www.psib-psoe.org\/eivissa\/javier-mari-es-compromet-a-millorar-el-subministrament-daigua-les-infraestructures-i-els-serveis-a-sant-vicent-de-sa-cala\/#primaryimage"},"image":{"@id":"https:\/\/www.psib-psoe.org\/eivissa\/javier-mari-es-compromet-a-millorar-el-subministrament-daigua-les-infraestructures-i-els-serveis-a-sant-vicent-de-sa-cala\/#primaryimage"},"thumbnailUrl":"https:\/\/www.psib-psoe.org\/eivissa\/wp-content\/uploads\/javi-amb-pedro.png","datePublished":"2023-05-18T11:19:52+00:00","dateModified":"2023-05-18T11:31:12+00:00","breadcrumb":{"@id":"https:\/\/www.psib-psoe.org\/eivissa\/javier-mari-es-compromet-a-millorar-el-subministrament-daigua-les-infraestructures-i-els-serveis-a-sant-vicent-de-sa-cala\/#breadcrumb"},"inLanguage":"ca","potentialAction":[{"@type":"ReadAction","target":["https:\/\/www.psib-psoe.org\/eivissa\/javier-mari-es-compromet-a-millorar-el-subministrament-daigua-les-infraestructures-i-els-serveis-a-sant-vicent-de-sa-cala\/"]}]},{"@type":"ImageObject","inLanguage":"ca","@id":"https:\/\/www.psib-psoe.org\/eivissa\/javier-mari-es-compromet-a-millorar-el-subministrament-daigua-les-infraestructures-i-els-serveis-a-sant-vicent-de-sa-cala\/#primaryimage","url":"https:\/\/www.psib-psoe.org\/eivissa\/wp-content\/uploads\/javi-amb-pedro.png","contentUrl":"https:\/\/www.psib-psoe.org\/eivissa\/wp-content\/uploads\/javi-amb-pedro.png","width":980,"height":768},{"@type":"BreadcrumbList","@id":"https:\/\/www.psib-psoe.org\/eivissa\/javier-mari-es-compromet-a-millorar-el-subministrament-daigua-les-infraestructures-i-els-serveis-a-sant-vicent-de-sa-cala\/#breadcrumb","itemListElement":[{"@type":"ListItem","position":1,"name":"Inici","item":"https:\/\/www.psib-psoe.org\/eivissa\/"},{"@type":"ListItem","position":2,"name":"Javier Mar\u00ed es compromet a millorar el subministrament d\u2019aigua, les infraestructures i els serveis a Sant Vicent de sa Cala"}]},{"@type":"WebSite","@id":"https:\/\/www.psib-psoe.org\/eivissa\/#website","url":"https:\/\/www.psib-psoe.org\/eivissa\/","name":"Federaci\u00f3 Socialista d'Eivissa","description":"Socialistes d&#039;Eivissa","publisher":{"@id":"https:\/\/www.psib-psoe.org\/eivissa\/#organization"},"potentialAction":[{"@type":"SearchAction","target":{"@type":"EntryPoint","urlTemplate":"https:\/\/www.psib-psoe.org\/eivissa\/?s={search_term_string}"},"query-input":{"@type":"PropertyValueSpecification","valueRequired":true,"valueName":"search_term_string"}}],"inLanguage":"ca"},{"@type":"Organization","@id":"https:\/\/www.psib-psoe.org\/eivissa\/#organization","name":"Federaci\u00f3 Socialista d'Eivissa","url":"https:\/\/www.psib-psoe.org\/eivissa\/","logo":{"@type":"ImageObject","inLanguage":"ca","@id":"https:\/\/www.psib-psoe.org\/eivissa\/#\/schema\/logo\/image\/","url":"https:\/\/www.psib-psoe.org\/eivissa\/wp-content\/uploads\/LOGO-FSE-SOCIALISTA-DEIVISSA-HORI.png","contentUrl":"https:\/\/www.psib-psoe.org\/eivissa\/wp-content\/uploads\/LOGO-FSE-SOCIALISTA-DEIVISSA-HORI.png","width":6000,"height":3104,"caption":"Federaci\u00f3 Socialista d'Eivissa"},"image":{"@id":"https:\/\/www.psib-psoe.org\/eivissa\/#\/schema\/logo\/image\/"}},{"@type":"Person","@id":"https:\/\/www.psib-psoe.org\/eivissa\/#\/schema\/person\/7a9d2841fb36f32e34fc0e9b245e8117","name":"Josep Ripoll","sameAs":["http:\/\/www.psib-psoe.org\/eivissa\/wp-login.php"],"url":"https:\/\/www.psib-psoe.org\/eivissa\/author\/josep\/"}]}},"_links":{"self":[{"href":"https:\/\/www.psib-psoe.org\/eivissa\/wp-json\/wp\/v2\/posts\/37365","targetHints":{"allow":["GET"]}}],"collection":[{"href":"https:\/\/www.psib-psoe.org\/eivissa\/wp-json\/wp\/v2\/posts"}],"about":[{"href":"https:\/\/www.psib-psoe.org\/eivissa\/wp-json\/wp\/v2\/types\/post"}],"author":[{"embeddable":true,"href":"https:\/\/www.psib-psoe.org\/eivissa\/wp-json\/wp\/v2\/users\/7"}],"replies":[{"embeddable":true,"href":"https:\/\/www.psib-psoe.org\/eivissa\/wp-json\/wp\/v2\/comments?post=37365"}],"version-history":[{"count":1,"href":"https:\/\/www.psib-psoe.org\/eivissa\/wp-json\/wp\/v2\/posts\/37365\/revisions"}],"predecessor-version":[{"id":37370,"href":"https:\/\/www.psib-psoe.org\/eivissa\/wp-json\/wp\/v2\/posts\/37365\/revisions\/37370"}],"wp:featuredmedia":[{"embeddable":true,"href":"https:\/\/www.psib-psoe.org\/eivissa\/wp-json\/wp\/v2\/media\/37368"}],"wp:attachment":[{"href":"https:\/\/www.psib-psoe.org\/eivissa\/wp-json\/wp\/v2\/media?parent=37365"}],"wp:term":[{"taxonomy":"category","embeddable":true,"href":"https:\/\/www.psib-psoe.org\/eivissa\/wp-json\/wp\/v2\/categories?post=37365"},{"taxonomy":"post_tag","embeddable":true,"href":"https:\/\/www.psib-psoe.org\/eivissa\/wp-json\/wp\/v2\/tags?post=37365"}],"curies":[{"name":"wp","href":"https:\/\/api.w.org\/{rel}","templated":true}]}}