{"id":37394,"date":"2023-05-19T18:38:15","date_gmt":"2023-05-19T16:38:15","guid":{"rendered":"https:\/\/www.psib-psoe.org\/eivissa\/?p=37394"},"modified":"2023-05-19T18:38:46","modified_gmt":"2023-05-19T16:38:46","slug":"el-psoe-denunciara-el-reiterat-boicot-de-lajuntament-de-santa-eularia-a-la-campanya-el-partit-popular-impedeix-que-la-candidatura-socialista-pugui-installar-taules-informatives-al-municipi","status":"publish","type":"post","link":"https:\/\/www.psib-psoe.org\/eivissa\/el-psoe-denunciara-el-reiterat-boicot-de-lajuntament-de-santa-eularia-a-la-campanya-el-partit-popular-impedeix-que-la-candidatura-socialista-pugui-installar-taules-informatives-al-municipi\/","title":{"rendered":"El PSOE denunciar\u00e0 el reiterat boicot de l&#8217;Ajuntament de Santa Eul\u00e0ria a la campanya. El Partit Popular impedeix que la candidatura socialista pugui instal\u00b7lar taules informatives al municipi."},"content":{"rendered":"<p>La FSE-PSOE exercitar\u00e0 les accions legals oportunes pel reiterat boicot que l&#8217;Ajuntament de Santa Eul\u00e0ria est\u00e0 portant a terme per impedir que la candidatura socialista pugui exercir el seu dret a fer campanya electoral.<\/p>\n<p>Despr\u00e9s d&#8217;una setmana de campanya, els governants del Partit Popular a Santa Eul\u00e0ria encara no han autoritzat cap taula informativa de les sol\u00b7licitades en temps i forma per registre d&#8217;entrada, amb clares maniobres dilat\u00f2ries i de boicot per evitar que es pugui informar i repartir propostes al carrer.<\/p>\n<p>L&#8217;Ajuntament va comen\u00e7ar les maniobres dilat\u00f2ries excusant-se en qu\u00e8 les autoritzacions d&#8217;ocupaci\u00f3 de via p\u00fablica per als partits pol\u00edtics les havia de donar la Junta Electoral. Una volta la Junta Electoral els hi ha corregit i els ha indicat que aquesta compet\u00e8ncia \u00e9s exclusivament municipal, l&#8217;Ajuntament va convocar per aquest mat\u00ed una reuni\u00f3 &#8216;informativa&#8217; a la que ha intentat imposar a la resta de partits el seu criteri segons el qual nom\u00e9s es poden instal\u00b7lar les taules a un carrer de cada parr\u00f2quia escollit pel mateix ajuntament, \u00e9s a dir, pel Partit Popular.<\/p>\n<p>El PSOE ha mostrat la seva m\u00e9s rotunda oposici\u00f3 a aquesta imposici\u00f3 en forma de decret de l&#8217;alcaldessa Carmen Ferrer i a la mateixa reuni\u00f3 s&#8217;ha advertit que es denunciarien els fets per ser contraris a la normativa i per suposar una vulneraci\u00f3 dels drets dels partits pol\u00edtics a realitzar lliurement la seva campanya electoral dins del marc legal existent, que sembla que l&#8217;Ajuntament de Santa Eul\u00e0ria i el Partit Popular de Santa Eul\u00e0ria no han tingut temps de con\u00e8ixer en m\u00e9s de quaranta anys de democr\u00e0cia.<\/p>\n<p>La Junta Electoral Central, en acords dels anys 1994 i 1999, va deixar establert que &#8216;les formacions pol\u00edtiques poden sol\u00b7licitar l&#8217;\u00fas de llocs de domini p\u00fablic per a l&#8217;exercici dels drets de reuni\u00f3 i manifestaci\u00f3 i per a la difusi\u00f3 de propaganda electoral, incloent-hi la possibilitat d&#8217;instal\u00b7lar taules per tal finalitat&#8217;.<\/p>\n<p>El PSOE, en conclusi\u00f3 considera inadmissible i caciquil el reiterat boicot de la dreta de Santa Eul\u00e0ria i de la candidata Carmen Ferrer, que arriba a confondre totalment les institucions amb el seu inter\u00e8s partidista i que desconeix les m\u00ednimes regles del joc de la democr\u00e0cia.<\/p>\n<p>La FSE-PSOE adverteix que si Santa Eul\u00e0ria no rectifica, immediatament s&#8217;exerciran les accions legals oportunes i s&#8217;estudiar\u00e0 reclamar responsabilitats a les persones que estan prenent aquestes decisions de manera absolutament arbitr\u00e0ria.<\/p>\n","protected":false},"excerpt":{"rendered":"<p>La FSE-PSOE exercitar\u00e0 les accions legals oportunes pel reiterat boicot que l&#8217;Ajuntament de Santa Eul\u00e0ria est\u00e0 portant a terme per impedir que la candidatura socialista pugui exercir el seu dret a fer campanya electoral. Despr\u00e9s d&#8217;una setmana de campanya, els governants del Partit Popular a Santa Eul\u00e0ria encara no han autoritzat cap taula informativa de&hellip;<\/p>\n","protected":false},"author":7,"featured_media":37395,"comment_status":"closed","ping_status":"closed","sticky":false,"template":"","format":"standard","meta":{"footnotes":""},"categories":[212],"tags":[],"class_list":["post-37394","post","type-post","status-publish","format-standard","has-post-thumbnail","hentry","category-fse-psoe"],"yoast_head":"<!-- This site is optimized with the Yoast SEO plugin v26.9 - https:\/\/yoast.com\/product\/yoast-seo-wordpress\/ -->\n<title>El PSOE denunciar\u00e0 el reiterat boicot de l&#039;Ajuntament de Santa Eul\u00e0ria a la campanya. El Partit Popular impedeix que la candidatura socialista pugui instal\u00b7lar taules informatives al municipi. - Federaci\u00f3 Socialista d&#039;Eivissa<\/title>\n<meta name=\"robots\" content=\"index, follow, max-snippet:-1, max-image-preview:large, max-video-preview:-1\" \/>\n<link rel=\"canonical\" href=\"https:\/\/www.psib-psoe.org\/eivissa\/el-psoe-denunciara-el-reiterat-boicot-de-lajuntament-de-santa-eularia-a-la-campanya-el-partit-popular-impedeix-que-la-candidatura-socialista-pugui-installar-taules-informatives-al-municipi\/\" \/>\n<meta property=\"og:locale\" content=\"ca_ES\" \/>\n<meta property=\"og:type\" content=\"article\" \/>\n<meta property=\"og:title\" content=\"El PSOE denunciar\u00e0 el reiterat boicot de l&#039;Ajuntament de Santa Eul\u00e0ria a la campanya. El Partit Popular impedeix que la candidatura socialista pugui instal\u00b7lar taules informatives al municipi. - Federaci\u00f3 Socialista d&#039;Eivissa\" \/>\n<meta property=\"og:description\" content=\"La FSE-PSOE exercitar\u00e0 les accions legals oportunes pel reiterat boicot que l&#8217;Ajuntament de Santa Eul\u00e0ria est\u00e0 portant a terme per impedir que la candidatura socialista pugui exercir el seu dret a fer campanya electoral. Despr\u00e9s d&#8217;una setmana de campanya, els governants del Partit Popular a Santa Eul\u00e0ria encara no han autoritzat cap taula informativa de&hellip;\" \/>\n<meta property=\"og:url\" content=\"https:\/\/www.psib-psoe.org\/eivissa\/el-psoe-denunciara-el-reiterat-boicot-de-lajuntament-de-santa-eularia-a-la-campanya-el-partit-popular-impedeix-que-la-candidatura-socialista-pugui-installar-taules-informatives-al-municipi\/\" \/>\n<meta property=\"og:site_name\" content=\"Federaci\u00f3 Socialista d&#039;Eivissa\" \/>\n<meta property=\"article:published_time\" content=\"2023-05-19T16:38:15+00:00\" \/>\n<meta property=\"article:modified_time\" content=\"2023-05-19T16:38:46+00:00\" \/>\n<meta property=\"og:image\" content=\"https:\/\/www.psib-psoe.org\/eivissa\/wp-content\/uploads\/Captura-de-pantalla-2023-05-19-a-les-18.33.32-1.png\" \/>\n\t<meta property=\"og:image:width\" content=\"1400\" \/>\n\t<meta property=\"og:image:height\" content=\"636\" \/>\n\t<meta property=\"og:image:type\" content=\"image\/png\" \/>\n<meta name=\"author\" content=\"Josep Ripoll\" \/>\n<meta name=\"twitter:card\" content=\"summary_large_image\" \/>\n<meta name=\"twitter:label1\" content=\"Escrit per\" \/>\n\t<meta name=\"twitter:data1\" content=\"Josep Ripoll\" \/>\n\t<meta name=\"twitter:label2\" content=\"Temps estimat de lectura\" \/>\n\t<meta name=\"twitter:data2\" content=\"2 minuts\" \/>\n<script type=\"application\/ld+json\" class=\"yoast-schema-graph\">{\"@context\":\"https:\/\/schema.org\",\"@graph\":[{\"@type\":[\"Article\",\"BlogPosting\"],\"@id\":\"https:\/\/www.psib-psoe.org\/eivissa\/el-psoe-denunciara-el-reiterat-boicot-de-lajuntament-de-santa-eularia-a-la-campanya-el-partit-popular-impedeix-que-la-candidatura-socialista-pugui-installar-taules-informatives-al-municipi\/#article\",\"isPartOf\":{\"@id\":\"https:\/\/www.psib-psoe.org\/eivissa\/el-psoe-denunciara-el-reiterat-boicot-de-lajuntament-de-santa-eularia-a-la-campanya-el-partit-popular-impedeix-que-la-candidatura-socialista-pugui-installar-taules-informatives-al-municipi\/\"},\"author\":{\"name\":\"Josep Ripoll\",\"@id\":\"https:\/\/www.psib-psoe.org\/eivissa\/#\/schema\/person\/7a9d2841fb36f32e34fc0e9b245e8117\"},\"headline\":\"El PSOE denunciar\u00e0 el reiterat boicot de l&#8217;Ajuntament de Santa Eul\u00e0ria a la campanya. El Partit Popular impedeix que la candidatura socialista pugui instal\u00b7lar taules informatives al municipi.\",\"datePublished\":\"2023-05-19T16:38:15+00:00\",\"dateModified\":\"2023-05-19T16:38:46+00:00\",\"mainEntityOfPage\":{\"@id\":\"https:\/\/www.psib-psoe.org\/eivissa\/el-psoe-denunciara-el-reiterat-boicot-de-lajuntament-de-santa-eularia-a-la-campanya-el-partit-popular-impedeix-que-la-candidatura-socialista-pugui-installar-taules-informatives-al-municipi\/\"},\"wordCount\":449,\"publisher\":{\"@id\":\"https:\/\/www.psib-psoe.org\/eivissa\/#organization\"},\"image\":{\"@id\":\"https:\/\/www.psib-psoe.org\/eivissa\/el-psoe-denunciara-el-reiterat-boicot-de-lajuntament-de-santa-eularia-a-la-campanya-el-partit-popular-impedeix-que-la-candidatura-socialista-pugui-installar-taules-informatives-al-municipi\/#primaryimage\"},\"thumbnailUrl\":\"https:\/\/www.psib-psoe.org\/eivissa\/wp-content\/uploads\/Captura-de-pantalla-2023-05-19-a-les-18.33.32-1.png\",\"articleSection\":[\"FSE-PSOE\"],\"inLanguage\":\"ca\"},{\"@type\":\"WebPage\",\"@id\":\"https:\/\/www.psib-psoe.org\/eivissa\/el-psoe-denunciara-el-reiterat-boicot-de-lajuntament-de-santa-eularia-a-la-campanya-el-partit-popular-impedeix-que-la-candidatura-socialista-pugui-installar-taules-informatives-al-municipi\/\",\"url\":\"https:\/\/www.psib-psoe.org\/eivissa\/el-psoe-denunciara-el-reiterat-boicot-de-lajuntament-de-santa-eularia-a-la-campanya-el-partit-popular-impedeix-que-la-candidatura-socialista-pugui-installar-taules-informatives-al-municipi\/\",\"name\":\"El PSOE denunciar\u00e0 el reiterat boicot de l'Ajuntament de Santa Eul\u00e0ria a la campanya. El Partit Popular impedeix que la candidatura socialista pugui instal\u00b7lar taules informatives al municipi. - Federaci\u00f3 Socialista d&#039;Eivissa\",\"isPartOf\":{\"@id\":\"https:\/\/www.psib-psoe.org\/eivissa\/#website\"},\"primaryImageOfPage\":{\"@id\":\"https:\/\/www.psib-psoe.org\/eivissa\/el-psoe-denunciara-el-reiterat-boicot-de-lajuntament-de-santa-eularia-a-la-campanya-el-partit-popular-impedeix-que-la-candidatura-socialista-pugui-installar-taules-informatives-al-municipi\/#primaryimage\"},\"image\":{\"@id\":\"https:\/\/www.psib-psoe.org\/eivissa\/el-psoe-denunciara-el-reiterat-boicot-de-lajuntament-de-santa-eularia-a-la-campanya-el-partit-popular-impedeix-que-la-candidatura-socialista-pugui-installar-taules-informatives-al-municipi\/#primaryimage\"},\"thumbnailUrl\":\"https:\/\/www.psib-psoe.org\/eivissa\/wp-content\/uploads\/Captura-de-pantalla-2023-05-19-a-les-18.33.32-1.png\",\"datePublished\":\"2023-05-19T16:38:15+00:00\",\"dateModified\":\"2023-05-19T16:38:46+00:00\",\"breadcrumb\":{\"@id\":\"https:\/\/www.psib-psoe.org\/eivissa\/el-psoe-denunciara-el-reiterat-boicot-de-lajuntament-de-santa-eularia-a-la-campanya-el-partit-popular-impedeix-que-la-candidatura-socialista-pugui-installar-taules-informatives-al-municipi\/#breadcrumb\"},\"inLanguage\":\"ca\",\"potentialAction\":[{\"@type\":\"ReadAction\",\"target\":[\"https:\/\/www.psib-psoe.org\/eivissa\/el-psoe-denunciara-el-reiterat-boicot-de-lajuntament-de-santa-eularia-a-la-campanya-el-partit-popular-impedeix-que-la-candidatura-socialista-pugui-installar-taules-informatives-al-municipi\/\"]}]},{\"@type\":\"ImageObject\",\"inLanguage\":\"ca\",\"@id\":\"https:\/\/www.psib-psoe.org\/eivissa\/el-psoe-denunciara-el-reiterat-boicot-de-lajuntament-de-santa-eularia-a-la-campanya-el-partit-popular-impedeix-que-la-candidatura-socialista-pugui-installar-taules-informatives-al-municipi\/#primaryimage\",\"url\":\"https:\/\/www.psib-psoe.org\/eivissa\/wp-content\/uploads\/Captura-de-pantalla-2023-05-19-a-les-18.33.32-1.png\",\"contentUrl\":\"https:\/\/www.psib-psoe.org\/eivissa\/wp-content\/uploads\/Captura-de-pantalla-2023-05-19-a-les-18.33.32-1.png\",\"width\":1400,\"height\":636},{\"@type\":\"BreadcrumbList\",\"@id\":\"https:\/\/www.psib-psoe.org\/eivissa\/el-psoe-denunciara-el-reiterat-boicot-de-lajuntament-de-santa-eularia-a-la-campanya-el-partit-popular-impedeix-que-la-candidatura-socialista-pugui-installar-taules-informatives-al-municipi\/#breadcrumb\",\"itemListElement\":[{\"@type\":\"ListItem\",\"position\":1,\"name\":\"Inici\",\"item\":\"https:\/\/www.psib-psoe.org\/eivissa\/\"},{\"@type\":\"ListItem\",\"position\":2,\"name\":\"El PSOE denunciar\u00e0 el reiterat boicot de l&#8217;Ajuntament de Santa Eul\u00e0ria a la campanya. El Partit Popular impedeix que la candidatura socialista pugui instal\u00b7lar taules informatives al municipi.\"}]},{\"@type\":\"WebSite\",\"@id\":\"https:\/\/www.psib-psoe.org\/eivissa\/#website\",\"url\":\"https:\/\/www.psib-psoe.org\/eivissa\/\",\"name\":\"Federaci\u00f3 Socialista d'Eivissa\",\"description\":\"Socialistes d&#039;Eivissa\",\"publisher\":{\"@id\":\"https:\/\/www.psib-psoe.org\/eivissa\/#organization\"},\"potentialAction\":[{\"@type\":\"SearchAction\",\"target\":{\"@type\":\"EntryPoint\",\"urlTemplate\":\"https:\/\/www.psib-psoe.org\/eivissa\/?s={search_term_string}\"},\"query-input\":{\"@type\":\"PropertyValueSpecification\",\"valueRequired\":true,\"valueName\":\"search_term_string\"}}],\"inLanguage\":\"ca\"},{\"@type\":\"Organization\",\"@id\":\"https:\/\/www.psib-psoe.org\/eivissa\/#organization\",\"name\":\"Federaci\u00f3 Socialista d'Eivissa\",\"url\":\"https:\/\/www.psib-psoe.org\/eivissa\/\",\"logo\":{\"@type\":\"ImageObject\",\"inLanguage\":\"ca\",\"@id\":\"https:\/\/www.psib-psoe.org\/eivissa\/#\/schema\/logo\/image\/\",\"url\":\"https:\/\/www.psib-psoe.org\/eivissa\/wp-content\/uploads\/LOGO-FSE-SOCIALISTA-DEIVISSA-HORI.png\",\"contentUrl\":\"https:\/\/www.psib-psoe.org\/eivissa\/wp-content\/uploads\/LOGO-FSE-SOCIALISTA-DEIVISSA-HORI.png\",\"width\":6000,\"height\":3104,\"caption\":\"Federaci\u00f3 Socialista d'Eivissa\"},\"image\":{\"@id\":\"https:\/\/www.psib-psoe.org\/eivissa\/#\/schema\/logo\/image\/\"}},{\"@type\":\"Person\",\"@id\":\"https:\/\/www.psib-psoe.org\/eivissa\/#\/schema\/person\/7a9d2841fb36f32e34fc0e9b245e8117\",\"name\":\"Josep Ripoll\",\"sameAs\":[\"http:\/\/www.psib-psoe.org\/eivissa\/wp-login.php\"],\"url\":\"https:\/\/www.psib-psoe.org\/eivissa\/author\/josep\/\"}]}<\/script>\n<!-- \/ Yoast SEO plugin. -->","yoast_head_json":{"title":"El PSOE denunciar\u00e0 el reiterat boicot de l'Ajuntament de Santa Eul\u00e0ria a la campanya. El Partit Popular impedeix que la candidatura socialista pugui instal\u00b7lar taules informatives al municipi. - Federaci\u00f3 Socialista d&#039;Eivissa","robots":{"index":"index","follow":"follow","max-snippet":"max-snippet:-1","max-image-preview":"max-image-preview:large","max-video-preview":"max-video-preview:-1"},"canonical":"https:\/\/www.psib-psoe.org\/eivissa\/el-psoe-denunciara-el-reiterat-boicot-de-lajuntament-de-santa-eularia-a-la-campanya-el-partit-popular-impedeix-que-la-candidatura-socialista-pugui-installar-taules-informatives-al-municipi\/","og_locale":"ca_ES","og_type":"article","og_title":"El PSOE denunciar\u00e0 el reiterat boicot de l'Ajuntament de Santa Eul\u00e0ria a la campanya. El Partit Popular impedeix que la candidatura socialista pugui instal\u00b7lar taules informatives al municipi. - Federaci\u00f3 Socialista d&#039;Eivissa","og_description":"La FSE-PSOE exercitar\u00e0 les accions legals oportunes pel reiterat boicot que l&#8217;Ajuntament de Santa Eul\u00e0ria est\u00e0 portant a terme per impedir que la candidatura socialista pugui exercir el seu dret a fer campanya electoral. Despr\u00e9s d&#8217;una setmana de campanya, els governants del Partit Popular a Santa Eul\u00e0ria encara no han autoritzat cap taula informativa de&hellip;","og_url":"https:\/\/www.psib-psoe.org\/eivissa\/el-psoe-denunciara-el-reiterat-boicot-de-lajuntament-de-santa-eularia-a-la-campanya-el-partit-popular-impedeix-que-la-candidatura-socialista-pugui-installar-taules-informatives-al-municipi\/","og_site_name":"Federaci\u00f3 Socialista d&#039;Eivissa","article_published_time":"2023-05-19T16:38:15+00:00","article_modified_time":"2023-05-19T16:38:46+00:00","og_image":[{"width":1400,"height":636,"url":"https:\/\/www.psib-psoe.org\/eivissa\/wp-content\/uploads\/Captura-de-pantalla-2023-05-19-a-les-18.33.32-1.png","type":"image\/png"}],"author":"Josep Ripoll","twitter_card":"summary_large_image","twitter_misc":{"Escrit per":"Josep Ripoll","Temps estimat de lectura":"2 minuts"},"schema":{"@context":"https:\/\/schema.org","@graph":[{"@type":["Article","BlogPosting"],"@id":"https:\/\/www.psib-psoe.org\/eivissa\/el-psoe-denunciara-el-reiterat-boicot-de-lajuntament-de-santa-eularia-a-la-campanya-el-partit-popular-impedeix-que-la-candidatura-socialista-pugui-installar-taules-informatives-al-municipi\/#article","isPartOf":{"@id":"https:\/\/www.psib-psoe.org\/eivissa\/el-psoe-denunciara-el-reiterat-boicot-de-lajuntament-de-santa-eularia-a-la-campanya-el-partit-popular-impedeix-que-la-candidatura-socialista-pugui-installar-taules-informatives-al-municipi\/"},"author":{"name":"Josep Ripoll","@id":"https:\/\/www.psib-psoe.org\/eivissa\/#\/schema\/person\/7a9d2841fb36f32e34fc0e9b245e8117"},"headline":"El PSOE denunciar\u00e0 el reiterat boicot de l&#8217;Ajuntament de Santa Eul\u00e0ria a la campanya. El Partit Popular impedeix que la candidatura socialista pugui instal\u00b7lar taules informatives al municipi.","datePublished":"2023-05-19T16:38:15+00:00","dateModified":"2023-05-19T16:38:46+00:00","mainEntityOfPage":{"@id":"https:\/\/www.psib-psoe.org\/eivissa\/el-psoe-denunciara-el-reiterat-boicot-de-lajuntament-de-santa-eularia-a-la-campanya-el-partit-popular-impedeix-que-la-candidatura-socialista-pugui-installar-taules-informatives-al-municipi\/"},"wordCount":449,"publisher":{"@id":"https:\/\/www.psib-psoe.org\/eivissa\/#organization"},"image":{"@id":"https:\/\/www.psib-psoe.org\/eivissa\/el-psoe-denunciara-el-reiterat-boicot-de-lajuntament-de-santa-eularia-a-la-campanya-el-partit-popular-impedeix-que-la-candidatura-socialista-pugui-installar-taules-informatives-al-municipi\/#primaryimage"},"thumbnailUrl":"https:\/\/www.psib-psoe.org\/eivissa\/wp-content\/uploads\/Captura-de-pantalla-2023-05-19-a-les-18.33.32-1.png","articleSection":["FSE-PSOE"],"inLanguage":"ca"},{"@type":"WebPage","@id":"https:\/\/www.psib-psoe.org\/eivissa\/el-psoe-denunciara-el-reiterat-boicot-de-lajuntament-de-santa-eularia-a-la-campanya-el-partit-popular-impedeix-que-la-candidatura-socialista-pugui-installar-taules-informatives-al-municipi\/","url":"https:\/\/www.psib-psoe.org\/eivissa\/el-psoe-denunciara-el-reiterat-boicot-de-lajuntament-de-santa-eularia-a-la-campanya-el-partit-popular-impedeix-que-la-candidatura-socialista-pugui-installar-taules-informatives-al-municipi\/","name":"El PSOE denunciar\u00e0 el reiterat boicot de l'Ajuntament de Santa Eul\u00e0ria a la campanya. El Partit Popular impedeix que la candidatura socialista pugui instal\u00b7lar taules informatives al municipi. - Federaci\u00f3 Socialista d&#039;Eivissa","isPartOf":{"@id":"https:\/\/www.psib-psoe.org\/eivissa\/#website"},"primaryImageOfPage":{"@id":"https:\/\/www.psib-psoe.org\/eivissa\/el-psoe-denunciara-el-reiterat-boicot-de-lajuntament-de-santa-eularia-a-la-campanya-el-partit-popular-impedeix-que-la-candidatura-socialista-pugui-installar-taules-informatives-al-municipi\/#primaryimage"},"image":{"@id":"https:\/\/www.psib-psoe.org\/eivissa\/el-psoe-denunciara-el-reiterat-boicot-de-lajuntament-de-santa-eularia-a-la-campanya-el-partit-popular-impedeix-que-la-candidatura-socialista-pugui-installar-taules-informatives-al-municipi\/#primaryimage"},"thumbnailUrl":"https:\/\/www.psib-psoe.org\/eivissa\/wp-content\/uploads\/Captura-de-pantalla-2023-05-19-a-les-18.33.32-1.png","datePublished":"2023-05-19T16:38:15+00:00","dateModified":"2023-05-19T16:38:46+00:00","breadcrumb":{"@id":"https:\/\/www.psib-psoe.org\/eivissa\/el-psoe-denunciara-el-reiterat-boicot-de-lajuntament-de-santa-eularia-a-la-campanya-el-partit-popular-impedeix-que-la-candidatura-socialista-pugui-installar-taules-informatives-al-municipi\/#breadcrumb"},"inLanguage":"ca","potentialAction":[{"@type":"ReadAction","target":["https:\/\/www.psib-psoe.org\/eivissa\/el-psoe-denunciara-el-reiterat-boicot-de-lajuntament-de-santa-eularia-a-la-campanya-el-partit-popular-impedeix-que-la-candidatura-socialista-pugui-installar-taules-informatives-al-municipi\/"]}]},{"@type":"ImageObject","inLanguage":"ca","@id":"https:\/\/www.psib-psoe.org\/eivissa\/el-psoe-denunciara-el-reiterat-boicot-de-lajuntament-de-santa-eularia-a-la-campanya-el-partit-popular-impedeix-que-la-candidatura-socialista-pugui-installar-taules-informatives-al-municipi\/#primaryimage","url":"https:\/\/www.psib-psoe.org\/eivissa\/wp-content\/uploads\/Captura-de-pantalla-2023-05-19-a-les-18.33.32-1.png","contentUrl":"https:\/\/www.psib-psoe.org\/eivissa\/wp-content\/uploads\/Captura-de-pantalla-2023-05-19-a-les-18.33.32-1.png","width":1400,"height":636},{"@type":"BreadcrumbList","@id":"https:\/\/www.psib-psoe.org\/eivissa\/el-psoe-denunciara-el-reiterat-boicot-de-lajuntament-de-santa-eularia-a-la-campanya-el-partit-popular-impedeix-que-la-candidatura-socialista-pugui-installar-taules-informatives-al-municipi\/#breadcrumb","itemListElement":[{"@type":"ListItem","position":1,"name":"Inici","item":"https:\/\/www.psib-psoe.org\/eivissa\/"},{"@type":"ListItem","position":2,"name":"El PSOE denunciar\u00e0 el reiterat boicot de l&#8217;Ajuntament de Santa Eul\u00e0ria a la campanya. El Partit Popular impedeix que la candidatura socialista pugui instal\u00b7lar taules informatives al municipi."}]},{"@type":"WebSite","@id":"https:\/\/www.psib-psoe.org\/eivissa\/#website","url":"https:\/\/www.psib-psoe.org\/eivissa\/","name":"Federaci\u00f3 Socialista d'Eivissa","description":"Socialistes d&#039;Eivissa","publisher":{"@id":"https:\/\/www.psib-psoe.org\/eivissa\/#organization"},"potentialAction":[{"@type":"SearchAction","target":{"@type":"EntryPoint","urlTemplate":"https:\/\/www.psib-psoe.org\/eivissa\/?s={search_term_string}"},"query-input":{"@type":"PropertyValueSpecification","valueRequired":true,"valueName":"search_term_string"}}],"inLanguage":"ca"},{"@type":"Organization","@id":"https:\/\/www.psib-psoe.org\/eivissa\/#organization","name":"Federaci\u00f3 Socialista d'Eivissa","url":"https:\/\/www.psib-psoe.org\/eivissa\/","logo":{"@type":"ImageObject","inLanguage":"ca","@id":"https:\/\/www.psib-psoe.org\/eivissa\/#\/schema\/logo\/image\/","url":"https:\/\/www.psib-psoe.org\/eivissa\/wp-content\/uploads\/LOGO-FSE-SOCIALISTA-DEIVISSA-HORI.png","contentUrl":"https:\/\/www.psib-psoe.org\/eivissa\/wp-content\/uploads\/LOGO-FSE-SOCIALISTA-DEIVISSA-HORI.png","width":6000,"height":3104,"caption":"Federaci\u00f3 Socialista d'Eivissa"},"image":{"@id":"https:\/\/www.psib-psoe.org\/eivissa\/#\/schema\/logo\/image\/"}},{"@type":"Person","@id":"https:\/\/www.psib-psoe.org\/eivissa\/#\/schema\/person\/7a9d2841fb36f32e34fc0e9b245e8117","name":"Josep Ripoll","sameAs":["http:\/\/www.psib-psoe.org\/eivissa\/wp-login.php"],"url":"https:\/\/www.psib-psoe.org\/eivissa\/author\/josep\/"}]}},"_links":{"self":[{"href":"https:\/\/www.psib-psoe.org\/eivissa\/wp-json\/wp\/v2\/posts\/37394","targetHints":{"allow":["GET"]}}],"collection":[{"href":"https:\/\/www.psib-psoe.org\/eivissa\/wp-json\/wp\/v2\/posts"}],"about":[{"href":"https:\/\/www.psib-psoe.org\/eivissa\/wp-json\/wp\/v2\/types\/post"}],"author":[{"embeddable":true,"href":"https:\/\/www.psib-psoe.org\/eivissa\/wp-json\/wp\/v2\/users\/7"}],"replies":[{"embeddable":true,"href":"https:\/\/www.psib-psoe.org\/eivissa\/wp-json\/wp\/v2\/comments?post=37394"}],"version-history":[{"count":2,"href":"https:\/\/www.psib-psoe.org\/eivissa\/wp-json\/wp\/v2\/posts\/37394\/revisions"}],"predecessor-version":[{"id":37398,"href":"https:\/\/www.psib-psoe.org\/eivissa\/wp-json\/wp\/v2\/posts\/37394\/revisions\/37398"}],"wp:featuredmedia":[{"embeddable":true,"href":"https:\/\/www.psib-psoe.org\/eivissa\/wp-json\/wp\/v2\/media\/37395"}],"wp:attachment":[{"href":"https:\/\/www.psib-psoe.org\/eivissa\/wp-json\/wp\/v2\/media?parent=37394"}],"wp:term":[{"taxonomy":"category","embeddable":true,"href":"https:\/\/www.psib-psoe.org\/eivissa\/wp-json\/wp\/v2\/categories?post=37394"},{"taxonomy":"post_tag","embeddable":true,"href":"https:\/\/www.psib-psoe.org\/eivissa\/wp-json\/wp\/v2\/tags?post=37394"}],"curies":[{"name":"wp","href":"https:\/\/api.w.org\/{rel}","templated":true}]}}