{"id":37402,"date":"2023-05-13T20:54:18","date_gmt":"2023-05-13T18:54:18","guid":{"rendered":"https:\/\/www.psib-psoe.org\/eivissa\/?p=37402"},"modified":"2023-05-19T18:56:59","modified_gmt":"2023-05-19T16:56:59","slug":"el-canvi-que-necessita-sant-joan-passa-pel-partit-socialista-javier-mari-sofereix-per-ser-lalcalde-que-representa-el-conjunt-de-la-ciutadania-davant-dels-enfrontaments-i-els-interessos","status":"publish","type":"post","link":"https:\/\/www.psib-psoe.org\/eivissa\/el-canvi-que-necessita-sant-joan-passa-pel-partit-socialista-javier-mari-sofereix-per-ser-lalcalde-que-representa-el-conjunt-de-la-ciutadania-davant-dels-enfrontaments-i-els-interessos\/","title":{"rendered":"&#8220;El canvi que necessita Sant Joan passa pel Partit Socialista&#8221;. Javier Mar\u00ed s&#8217;ofereix per ser &#8220;l&#8217;alcalde que representa el conjunt de la ciutadania&#8221; davant dels &#8220;enfrontaments i els interessos foscos de la dreta&#8221;."},"content":{"rendered":"<p>El candidat del PSOE a l&#8217;alcaldia de Sant Joan de Labritja, Javier Mar\u00ed Casanova, s&#8217;ha ofert per ser &#8220;l&#8217;alcalde que representa el conjunt de la ciutadania&#8221;. Aix\u00ed va dir en l&#8217;acte de presentaci\u00f3 de la seua candidatura, que es va celebrar al Port de Balansat i que va comptar amb el suport i les intervencions del candidat a la presid\u00e8ncia del Consell d&#8217;Eivissa, Josep Mar\u00ed Ribas, &#8216;Agustinet&#8217;, i de la cap de llista al Parlament, Pilar Costa.<\/p>\n<p>En el seu discurs de presentaci\u00f3, Mar\u00ed Casanova va manifestar que &#8220;\u00e9s el moment de canviar, \u00e9s el moment d&#8217;obrir les finestres i deixar enrere tants anys de govern del PP, que tan poc ha fet pels vesins&#8221;.<\/p>\n<p>Mar\u00ed Casanova va assenyalar que el Partit Popular no nom\u00e9s ha estat ineficient en la seua gesti\u00f3, sin\u00f3 que ha generat el descontentament de moltes persones, cosa que es reflecteix en la gran quantitat d&#8217;opcions que es presenten en aquestes eleccions. &#8220;Els \u00fanics que no tenim enfrontaments ni interessos foscos som naltros&#8221;, va destacar.<\/p>\n<p>El candidat socialista va subratllar el seu objectiu de convertir Sant Joan de Labritja en &#8220;un referent per al turisme sostenible, promovent un entorn cuidat i protegit i una qualitat de vida que permeti als residents i les fam\u00edlies viure i gaudir plenament del municipi&#8221;.<\/p>\n<p>Mar\u00ed Casanova va presentar el seu equip de persones preparades i coneixedores del municipi, compromeses a treballar incansablement per Sant Joan de Labritja. &#8220;Comptam amb un equip s\u00f2lid de persones honestes i compromeses que estan disposades a donar-ho tot per Sant Joan de Labritja i fer realitat el canvi que tant necessitam&#8221;, va afirmar Mar\u00ed Casanova.<\/p>\n<p>El candidat va presentar un programa realista basat en les peticions dels vesins i de les vesines durant les reunions pr\u00e8vies. Algunes de les propostes clau inclouen:<\/p>\n<p>Construcci\u00f3 d&#8217;habitatges p\u00fablics assequibles per garantir la disponibilitat d&#8217;habitatge de lloguer a preus raonables.<\/p>\n<p>Creaci\u00f3 d&#8217;un centre social a Portinatx per gaudir els residents.<\/p>\n<p>Instal\u00b7laci\u00f3 de banys p\u00fablics a les platges que no en tenen.<\/p>\n<p>Supressi\u00f3 de barreres arquitect\u00f2niques i renovaci\u00f3 de parcs p\u00fablics amb jocs inclusius i \u00e0rees d&#8217;exercici.<\/p>\n<p>Obertura d&#8217;un centre juvenil amb una varietat d&#8217;activitats per a la joventut.<\/p>\n<p>Millora del manteniment i la neteja del municipi mitjan\u00e7ant una brigada de resposta immediata.<\/p>\n<p>Promoci\u00f3 de la mobilitat sostenible mitjan\u00e7ant la creaci\u00f3 de carrils bici i la millora del transport p\u00fablic, garantint connexions eficients i freq\u00fcents per a tots els residents.<\/p>\n<p>Adequaci\u00f3 del carrer Jota a Sant Miquel, una demanda hist\u00f2rica dels ve\u00efns.<\/p>\n<p>Convertir per als vianants els centres de Sant Miquel i Sant Joan, fomentant espais segurs i agradables per passejar.<\/p>\n<p>Obertura d&#8217;una oficina d&#8217;atenci\u00f3 presencial a l&#8217;ajuntament i una visita setmanal a Sant Miquel per oferir una atenci\u00f3 directa i propera als vesins.<\/p>\n<p>Mar\u00ed Casanova tamb\u00e9 va posar \u00e8mfasi en el seu comprom\u00eds de transpar\u00e8ncia i participaci\u00f3 ciutadana. Va prometre mantenir les portes dels despatxos obertes per rebre totes les persones que acudeixin a l&#8217;ajuntament, aix\u00ed com restablir la possibilitat d&#8217;intervenci\u00f3 als plens municipals per part dels vesins.<\/p>\n<p>A m\u00e9s, es va comprometre a impulsar les activitats culturals al municipi, crear un centre cultural i promoure la difusi\u00f3 dels valors patrimonials de Sant Joan de Labritja.<\/p>\n<p>En contrast amb la &#8220;falta d&#8217;acci\u00f3 del Partit Popular&#8221;, Mar\u00ed Casanova i el seu equip es presenten com una alternativa &#8220;s\u00f2lida i compromesa amb el benestar de la ciutadania&#8221;. El seu objectiu \u00e9s &#8220;millorar la qualitat de vida dels residents, atendre&#8217;n les necessitats i garantir un futur pr\u00f2sper i sostenible per a Sant Joan de Labritja&#8221;.<\/p>\n<p>Completen la llista que encap\u00e7ala Javier Mar\u00ed Casanova les seg\u00fcents persones:<br \/>\nCarmen Roig Torres<br \/>\nJavier Jim\u00e9nez Rico<br \/>\nPatricia Abascal Jim\u00e9nez<br \/>\nJose Torres Torres &#8216;Peret&#8217;<br \/>\nMaria Mar\u00ed Torres<br \/>\nAntonio Florit Anglada<br \/>\nSonia Planells Ram\u00f3n<br \/>\nAntonio Ortiz Moreno<br \/>\nNeus Tur Bonet<br \/>\nPilar Infante Matarredona<br \/>\nI\u00f1aki de Erostegui Aznar<br \/>\nElu Casanova Pastor<br \/>\nCarlos Mart\u00ednez Ribas<br \/>\nLuc\u00eda Prats Muffin<br \/>\nVicente Torres Mar\u00ed<\/p>\n","protected":false},"excerpt":{"rendered":"<p>El candidat del PSOE a l&#8217;alcaldia de Sant Joan de Labritja, Javier Mar\u00ed Casanova, s&#8217;ha ofert per ser &#8220;l&#8217;alcalde que representa el conjunt de la ciutadania&#8221;. Aix\u00ed va dir en l&#8217;acte de presentaci\u00f3 de la seua candidatura, que es va celebrar al Port de Balansat i que va comptar amb el suport i les intervencions&hellip;<\/p>\n","protected":false},"author":7,"featured_media":37403,"comment_status":"closed","ping_status":"closed","sticky":false,"template":"","format":"standard","meta":{"footnotes":""},"categories":[1,234,189],"tags":[],"class_list":["post-37402","post","type-post","status-publish","format-standard","has-post-thumbnail","hentry","category-federacio-de-eivissa-portada","category-municipis","category-sant-joan-de-labritja"],"yoast_head":"<!-- This site is optimized with the Yoast SEO plugin v26.9 - https:\/\/yoast.com\/product\/yoast-seo-wordpress\/ -->\n<title>&quot;El canvi que necessita Sant Joan passa pel Partit Socialista&quot;. Javier Mar\u00ed s&#039;ofereix per ser &quot;l&#039;alcalde que representa el conjunt de la ciutadania&quot; davant dels &quot;enfrontaments i els interessos foscos de la dreta&quot;. - Federaci\u00f3 Socialista d&#039;Eivissa<\/title>\n<meta name=\"robots\" content=\"index, follow, max-snippet:-1, max-image-preview:large, max-video-preview:-1\" \/>\n<link rel=\"canonical\" href=\"https:\/\/www.psib-psoe.org\/eivissa\/el-canvi-que-necessita-sant-joan-passa-pel-partit-socialista-javier-mari-sofereix-per-ser-lalcalde-que-representa-el-conjunt-de-la-ciutadania-davant-dels-enfrontaments-i-els-interessos\/\" \/>\n<meta property=\"og:locale\" content=\"ca_ES\" \/>\n<meta property=\"og:type\" content=\"article\" \/>\n<meta property=\"og:title\" content=\"&quot;El canvi que necessita Sant Joan passa pel Partit Socialista&quot;. Javier Mar\u00ed s&#039;ofereix per ser &quot;l&#039;alcalde que representa el conjunt de la ciutadania&quot; davant dels &quot;enfrontaments i els interessos foscos de la dreta&quot;. - Federaci\u00f3 Socialista d&#039;Eivissa\" \/>\n<meta property=\"og:description\" content=\"El candidat del PSOE a l&#8217;alcaldia de Sant Joan de Labritja, Javier Mar\u00ed Casanova, s&#8217;ha ofert per ser &#8220;l&#8217;alcalde que representa el conjunt de la ciutadania&#8221;. Aix\u00ed va dir en l&#8217;acte de presentaci\u00f3 de la seua candidatura, que es va celebrar al Port de Balansat i que va comptar amb el suport i les intervencions&hellip;\" \/>\n<meta property=\"og:url\" content=\"https:\/\/www.psib-psoe.org\/eivissa\/el-canvi-que-necessita-sant-joan-passa-pel-partit-socialista-javier-mari-sofereix-per-ser-lalcalde-que-representa-el-conjunt-de-la-ciutadania-davant-dels-enfrontaments-i-els-interessos\/\" \/>\n<meta property=\"og:site_name\" content=\"Federaci\u00f3 Socialista d&#039;Eivissa\" \/>\n<meta property=\"article:published_time\" content=\"2023-05-13T18:54:18+00:00\" \/>\n<meta property=\"article:modified_time\" content=\"2023-05-19T16:56:59+00:00\" \/>\n<meta property=\"og:image\" content=\"https:\/\/www.psib-psoe.org\/eivissa\/wp-content\/uploads\/presentacio-sant-joan-scaled.jpg\" \/>\n\t<meta property=\"og:image:width\" content=\"2560\" \/>\n\t<meta property=\"og:image:height\" content=\"1449\" \/>\n\t<meta property=\"og:image:type\" content=\"image\/jpeg\" \/>\n<meta name=\"author\" content=\"Josep Ripoll\" \/>\n<meta name=\"twitter:card\" content=\"summary_large_image\" \/>\n<meta name=\"twitter:label1\" content=\"Escrit per\" \/>\n\t<meta name=\"twitter:data1\" content=\"Josep Ripoll\" \/>\n\t<meta name=\"twitter:label2\" content=\"Temps estimat de lectura\" \/>\n\t<meta name=\"twitter:data2\" content=\"3 minuts\" \/>\n<script type=\"application\/ld+json\" class=\"yoast-schema-graph\">{\"@context\":\"https:\/\/schema.org\",\"@graph\":[{\"@type\":[\"Article\",\"BlogPosting\"],\"@id\":\"https:\/\/www.psib-psoe.org\/eivissa\/el-canvi-que-necessita-sant-joan-passa-pel-partit-socialista-javier-mari-sofereix-per-ser-lalcalde-que-representa-el-conjunt-de-la-ciutadania-davant-dels-enfrontaments-i-els-interessos\/#article\",\"isPartOf\":{\"@id\":\"https:\/\/www.psib-psoe.org\/eivissa\/el-canvi-que-necessita-sant-joan-passa-pel-partit-socialista-javier-mari-sofereix-per-ser-lalcalde-que-representa-el-conjunt-de-la-ciutadania-davant-dels-enfrontaments-i-els-interessos\/\"},\"author\":{\"name\":\"Josep Ripoll\",\"@id\":\"https:\/\/www.psib-psoe.org\/eivissa\/#\/schema\/person\/7a9d2841fb36f32e34fc0e9b245e8117\"},\"headline\":\"&#8220;El canvi que necessita Sant Joan passa pel Partit Socialista&#8221;. Javier Mar\u00ed s&#8217;ofereix per ser &#8220;l&#8217;alcalde que representa el conjunt de la ciutadania&#8221; davant dels &#8220;enfrontaments i els interessos foscos de la dreta&#8221;.\",\"datePublished\":\"2023-05-13T18:54:18+00:00\",\"dateModified\":\"2023-05-19T16:56:59+00:00\",\"mainEntityOfPage\":{\"@id\":\"https:\/\/www.psib-psoe.org\/eivissa\/el-canvi-que-necessita-sant-joan-passa-pel-partit-socialista-javier-mari-sofereix-per-ser-lalcalde-que-representa-el-conjunt-de-la-ciutadania-davant-dels-enfrontaments-i-els-interessos\/\"},\"wordCount\":703,\"publisher\":{\"@id\":\"https:\/\/www.psib-psoe.org\/eivissa\/#organization\"},\"image\":{\"@id\":\"https:\/\/www.psib-psoe.org\/eivissa\/el-canvi-que-necessita-sant-joan-passa-pel-partit-socialista-javier-mari-sofereix-per-ser-lalcalde-que-representa-el-conjunt-de-la-ciutadania-davant-dels-enfrontaments-i-els-interessos\/#primaryimage\"},\"thumbnailUrl\":\"https:\/\/www.psib-psoe.org\/eivissa\/wp-content\/uploads\/presentacio-sant-joan-scaled.jpg\",\"articleSection\":[\"Federaci\u00f3 d'Eivissa - Portada\",\"Municipis\",\"Sant Joan de Labritja\"],\"inLanguage\":\"ca\"},{\"@type\":\"WebPage\",\"@id\":\"https:\/\/www.psib-psoe.org\/eivissa\/el-canvi-que-necessita-sant-joan-passa-pel-partit-socialista-javier-mari-sofereix-per-ser-lalcalde-que-representa-el-conjunt-de-la-ciutadania-davant-dels-enfrontaments-i-els-interessos\/\",\"url\":\"https:\/\/www.psib-psoe.org\/eivissa\/el-canvi-que-necessita-sant-joan-passa-pel-partit-socialista-javier-mari-sofereix-per-ser-lalcalde-que-representa-el-conjunt-de-la-ciutadania-davant-dels-enfrontaments-i-els-interessos\/\",\"name\":\"\\\"El canvi que necessita Sant Joan passa pel Partit Socialista\\\". Javier Mar\u00ed s'ofereix per ser \\\"l'alcalde que representa el conjunt de la ciutadania\\\" davant dels \\\"enfrontaments i els interessos foscos de la dreta\\\". - Federaci\u00f3 Socialista d&#039;Eivissa\",\"isPartOf\":{\"@id\":\"https:\/\/www.psib-psoe.org\/eivissa\/#website\"},\"primaryImageOfPage\":{\"@id\":\"https:\/\/www.psib-psoe.org\/eivissa\/el-canvi-que-necessita-sant-joan-passa-pel-partit-socialista-javier-mari-sofereix-per-ser-lalcalde-que-representa-el-conjunt-de-la-ciutadania-davant-dels-enfrontaments-i-els-interessos\/#primaryimage\"},\"image\":{\"@id\":\"https:\/\/www.psib-psoe.org\/eivissa\/el-canvi-que-necessita-sant-joan-passa-pel-partit-socialista-javier-mari-sofereix-per-ser-lalcalde-que-representa-el-conjunt-de-la-ciutadania-davant-dels-enfrontaments-i-els-interessos\/#primaryimage\"},\"thumbnailUrl\":\"https:\/\/www.psib-psoe.org\/eivissa\/wp-content\/uploads\/presentacio-sant-joan-scaled.jpg\",\"datePublished\":\"2023-05-13T18:54:18+00:00\",\"dateModified\":\"2023-05-19T16:56:59+00:00\",\"breadcrumb\":{\"@id\":\"https:\/\/www.psib-psoe.org\/eivissa\/el-canvi-que-necessita-sant-joan-passa-pel-partit-socialista-javier-mari-sofereix-per-ser-lalcalde-que-representa-el-conjunt-de-la-ciutadania-davant-dels-enfrontaments-i-els-interessos\/#breadcrumb\"},\"inLanguage\":\"ca\",\"potentialAction\":[{\"@type\":\"ReadAction\",\"target\":[\"https:\/\/www.psib-psoe.org\/eivissa\/el-canvi-que-necessita-sant-joan-passa-pel-partit-socialista-javier-mari-sofereix-per-ser-lalcalde-que-representa-el-conjunt-de-la-ciutadania-davant-dels-enfrontaments-i-els-interessos\/\"]}]},{\"@type\":\"ImageObject\",\"inLanguage\":\"ca\",\"@id\":\"https:\/\/www.psib-psoe.org\/eivissa\/el-canvi-que-necessita-sant-joan-passa-pel-partit-socialista-javier-mari-sofereix-per-ser-lalcalde-que-representa-el-conjunt-de-la-ciutadania-davant-dels-enfrontaments-i-els-interessos\/#primaryimage\",\"url\":\"https:\/\/www.psib-psoe.org\/eivissa\/wp-content\/uploads\/presentacio-sant-joan-scaled.jpg\",\"contentUrl\":\"https:\/\/www.psib-psoe.org\/eivissa\/wp-content\/uploads\/presentacio-sant-joan-scaled.jpg\",\"width\":2560,\"height\":1449},{\"@type\":\"BreadcrumbList\",\"@id\":\"https:\/\/www.psib-psoe.org\/eivissa\/el-canvi-que-necessita-sant-joan-passa-pel-partit-socialista-javier-mari-sofereix-per-ser-lalcalde-que-representa-el-conjunt-de-la-ciutadania-davant-dels-enfrontaments-i-els-interessos\/#breadcrumb\",\"itemListElement\":[{\"@type\":\"ListItem\",\"position\":1,\"name\":\"Inici\",\"item\":\"https:\/\/www.psib-psoe.org\/eivissa\/\"},{\"@type\":\"ListItem\",\"position\":2,\"name\":\"&#8220;El canvi que necessita Sant Joan passa pel Partit Socialista&#8221;. Javier Mar\u00ed s&#8217;ofereix per ser &#8220;l&#8217;alcalde que representa el conjunt de la ciutadania&#8221; davant dels &#8220;enfrontaments i els interessos foscos de la dreta&#8221;.\"}]},{\"@type\":\"WebSite\",\"@id\":\"https:\/\/www.psib-psoe.org\/eivissa\/#website\",\"url\":\"https:\/\/www.psib-psoe.org\/eivissa\/\",\"name\":\"Federaci\u00f3 Socialista d'Eivissa\",\"description\":\"Socialistes d&#039;Eivissa\",\"publisher\":{\"@id\":\"https:\/\/www.psib-psoe.org\/eivissa\/#organization\"},\"potentialAction\":[{\"@type\":\"SearchAction\",\"target\":{\"@type\":\"EntryPoint\",\"urlTemplate\":\"https:\/\/www.psib-psoe.org\/eivissa\/?s={search_term_string}\"},\"query-input\":{\"@type\":\"PropertyValueSpecification\",\"valueRequired\":true,\"valueName\":\"search_term_string\"}}],\"inLanguage\":\"ca\"},{\"@type\":\"Organization\",\"@id\":\"https:\/\/www.psib-psoe.org\/eivissa\/#organization\",\"name\":\"Federaci\u00f3 Socialista d'Eivissa\",\"url\":\"https:\/\/www.psib-psoe.org\/eivissa\/\",\"logo\":{\"@type\":\"ImageObject\",\"inLanguage\":\"ca\",\"@id\":\"https:\/\/www.psib-psoe.org\/eivissa\/#\/schema\/logo\/image\/\",\"url\":\"https:\/\/www.psib-psoe.org\/eivissa\/wp-content\/uploads\/LOGO-FSE-SOCIALISTA-DEIVISSA-HORI.png\",\"contentUrl\":\"https:\/\/www.psib-psoe.org\/eivissa\/wp-content\/uploads\/LOGO-FSE-SOCIALISTA-DEIVISSA-HORI.png\",\"width\":6000,\"height\":3104,\"caption\":\"Federaci\u00f3 Socialista d'Eivissa\"},\"image\":{\"@id\":\"https:\/\/www.psib-psoe.org\/eivissa\/#\/schema\/logo\/image\/\"}},{\"@type\":\"Person\",\"@id\":\"https:\/\/www.psib-psoe.org\/eivissa\/#\/schema\/person\/7a9d2841fb36f32e34fc0e9b245e8117\",\"name\":\"Josep Ripoll\",\"sameAs\":[\"http:\/\/www.psib-psoe.org\/eivissa\/wp-login.php\"],\"url\":\"https:\/\/www.psib-psoe.org\/eivissa\/author\/josep\/\"}]}<\/script>\n<!-- \/ Yoast SEO plugin. -->","yoast_head_json":{"title":"\"El canvi que necessita Sant Joan passa pel Partit Socialista\". Javier Mar\u00ed s'ofereix per ser \"l'alcalde que representa el conjunt de la ciutadania\" davant dels \"enfrontaments i els interessos foscos de la dreta\". - Federaci\u00f3 Socialista d&#039;Eivissa","robots":{"index":"index","follow":"follow","max-snippet":"max-snippet:-1","max-image-preview":"max-image-preview:large","max-video-preview":"max-video-preview:-1"},"canonical":"https:\/\/www.psib-psoe.org\/eivissa\/el-canvi-que-necessita-sant-joan-passa-pel-partit-socialista-javier-mari-sofereix-per-ser-lalcalde-que-representa-el-conjunt-de-la-ciutadania-davant-dels-enfrontaments-i-els-interessos\/","og_locale":"ca_ES","og_type":"article","og_title":"\"El canvi que necessita Sant Joan passa pel Partit Socialista\". Javier Mar\u00ed s'ofereix per ser \"l'alcalde que representa el conjunt de la ciutadania\" davant dels \"enfrontaments i els interessos foscos de la dreta\". - Federaci\u00f3 Socialista d&#039;Eivissa","og_description":"El candidat del PSOE a l&#8217;alcaldia de Sant Joan de Labritja, Javier Mar\u00ed Casanova, s&#8217;ha ofert per ser &#8220;l&#8217;alcalde que representa el conjunt de la ciutadania&#8221;. Aix\u00ed va dir en l&#8217;acte de presentaci\u00f3 de la seua candidatura, que es va celebrar al Port de Balansat i que va comptar amb el suport i les intervencions&hellip;","og_url":"https:\/\/www.psib-psoe.org\/eivissa\/el-canvi-que-necessita-sant-joan-passa-pel-partit-socialista-javier-mari-sofereix-per-ser-lalcalde-que-representa-el-conjunt-de-la-ciutadania-davant-dels-enfrontaments-i-els-interessos\/","og_site_name":"Federaci\u00f3 Socialista d&#039;Eivissa","article_published_time":"2023-05-13T18:54:18+00:00","article_modified_time":"2023-05-19T16:56:59+00:00","og_image":[{"width":2560,"height":1449,"url":"https:\/\/www.psib-psoe.org\/eivissa\/wp-content\/uploads\/presentacio-sant-joan-scaled.jpg","type":"image\/jpeg"}],"author":"Josep Ripoll","twitter_card":"summary_large_image","twitter_misc":{"Escrit per":"Josep Ripoll","Temps estimat de lectura":"3 minuts"},"schema":{"@context":"https:\/\/schema.org","@graph":[{"@type":["Article","BlogPosting"],"@id":"https:\/\/www.psib-psoe.org\/eivissa\/el-canvi-que-necessita-sant-joan-passa-pel-partit-socialista-javier-mari-sofereix-per-ser-lalcalde-que-representa-el-conjunt-de-la-ciutadania-davant-dels-enfrontaments-i-els-interessos\/#article","isPartOf":{"@id":"https:\/\/www.psib-psoe.org\/eivissa\/el-canvi-que-necessita-sant-joan-passa-pel-partit-socialista-javier-mari-sofereix-per-ser-lalcalde-que-representa-el-conjunt-de-la-ciutadania-davant-dels-enfrontaments-i-els-interessos\/"},"author":{"name":"Josep Ripoll","@id":"https:\/\/www.psib-psoe.org\/eivissa\/#\/schema\/person\/7a9d2841fb36f32e34fc0e9b245e8117"},"headline":"&#8220;El canvi que necessita Sant Joan passa pel Partit Socialista&#8221;. Javier Mar\u00ed s&#8217;ofereix per ser &#8220;l&#8217;alcalde que representa el conjunt de la ciutadania&#8221; davant dels &#8220;enfrontaments i els interessos foscos de la dreta&#8221;.","datePublished":"2023-05-13T18:54:18+00:00","dateModified":"2023-05-19T16:56:59+00:00","mainEntityOfPage":{"@id":"https:\/\/www.psib-psoe.org\/eivissa\/el-canvi-que-necessita-sant-joan-passa-pel-partit-socialista-javier-mari-sofereix-per-ser-lalcalde-que-representa-el-conjunt-de-la-ciutadania-davant-dels-enfrontaments-i-els-interessos\/"},"wordCount":703,"publisher":{"@id":"https:\/\/www.psib-psoe.org\/eivissa\/#organization"},"image":{"@id":"https:\/\/www.psib-psoe.org\/eivissa\/el-canvi-que-necessita-sant-joan-passa-pel-partit-socialista-javier-mari-sofereix-per-ser-lalcalde-que-representa-el-conjunt-de-la-ciutadania-davant-dels-enfrontaments-i-els-interessos\/#primaryimage"},"thumbnailUrl":"https:\/\/www.psib-psoe.org\/eivissa\/wp-content\/uploads\/presentacio-sant-joan-scaled.jpg","articleSection":["Federaci\u00f3 d'Eivissa - Portada","Municipis","Sant Joan de Labritja"],"inLanguage":"ca"},{"@type":"WebPage","@id":"https:\/\/www.psib-psoe.org\/eivissa\/el-canvi-que-necessita-sant-joan-passa-pel-partit-socialista-javier-mari-sofereix-per-ser-lalcalde-que-representa-el-conjunt-de-la-ciutadania-davant-dels-enfrontaments-i-els-interessos\/","url":"https:\/\/www.psib-psoe.org\/eivissa\/el-canvi-que-necessita-sant-joan-passa-pel-partit-socialista-javier-mari-sofereix-per-ser-lalcalde-que-representa-el-conjunt-de-la-ciutadania-davant-dels-enfrontaments-i-els-interessos\/","name":"\"El canvi que necessita Sant Joan passa pel Partit Socialista\". Javier Mar\u00ed s'ofereix per ser \"l'alcalde que representa el conjunt de la ciutadania\" davant dels \"enfrontaments i els interessos foscos de la dreta\". - Federaci\u00f3 Socialista d&#039;Eivissa","isPartOf":{"@id":"https:\/\/www.psib-psoe.org\/eivissa\/#website"},"primaryImageOfPage":{"@id":"https:\/\/www.psib-psoe.org\/eivissa\/el-canvi-que-necessita-sant-joan-passa-pel-partit-socialista-javier-mari-sofereix-per-ser-lalcalde-que-representa-el-conjunt-de-la-ciutadania-davant-dels-enfrontaments-i-els-interessos\/#primaryimage"},"image":{"@id":"https:\/\/www.psib-psoe.org\/eivissa\/el-canvi-que-necessita-sant-joan-passa-pel-partit-socialista-javier-mari-sofereix-per-ser-lalcalde-que-representa-el-conjunt-de-la-ciutadania-davant-dels-enfrontaments-i-els-interessos\/#primaryimage"},"thumbnailUrl":"https:\/\/www.psib-psoe.org\/eivissa\/wp-content\/uploads\/presentacio-sant-joan-scaled.jpg","datePublished":"2023-05-13T18:54:18+00:00","dateModified":"2023-05-19T16:56:59+00:00","breadcrumb":{"@id":"https:\/\/www.psib-psoe.org\/eivissa\/el-canvi-que-necessita-sant-joan-passa-pel-partit-socialista-javier-mari-sofereix-per-ser-lalcalde-que-representa-el-conjunt-de-la-ciutadania-davant-dels-enfrontaments-i-els-interessos\/#breadcrumb"},"inLanguage":"ca","potentialAction":[{"@type":"ReadAction","target":["https:\/\/www.psib-psoe.org\/eivissa\/el-canvi-que-necessita-sant-joan-passa-pel-partit-socialista-javier-mari-sofereix-per-ser-lalcalde-que-representa-el-conjunt-de-la-ciutadania-davant-dels-enfrontaments-i-els-interessos\/"]}]},{"@type":"ImageObject","inLanguage":"ca","@id":"https:\/\/www.psib-psoe.org\/eivissa\/el-canvi-que-necessita-sant-joan-passa-pel-partit-socialista-javier-mari-sofereix-per-ser-lalcalde-que-representa-el-conjunt-de-la-ciutadania-davant-dels-enfrontaments-i-els-interessos\/#primaryimage","url":"https:\/\/www.psib-psoe.org\/eivissa\/wp-content\/uploads\/presentacio-sant-joan-scaled.jpg","contentUrl":"https:\/\/www.psib-psoe.org\/eivissa\/wp-content\/uploads\/presentacio-sant-joan-scaled.jpg","width":2560,"height":1449},{"@type":"BreadcrumbList","@id":"https:\/\/www.psib-psoe.org\/eivissa\/el-canvi-que-necessita-sant-joan-passa-pel-partit-socialista-javier-mari-sofereix-per-ser-lalcalde-que-representa-el-conjunt-de-la-ciutadania-davant-dels-enfrontaments-i-els-interessos\/#breadcrumb","itemListElement":[{"@type":"ListItem","position":1,"name":"Inici","item":"https:\/\/www.psib-psoe.org\/eivissa\/"},{"@type":"ListItem","position":2,"name":"&#8220;El canvi que necessita Sant Joan passa pel Partit Socialista&#8221;. Javier Mar\u00ed s&#8217;ofereix per ser &#8220;l&#8217;alcalde que representa el conjunt de la ciutadania&#8221; davant dels &#8220;enfrontaments i els interessos foscos de la dreta&#8221;."}]},{"@type":"WebSite","@id":"https:\/\/www.psib-psoe.org\/eivissa\/#website","url":"https:\/\/www.psib-psoe.org\/eivissa\/","name":"Federaci\u00f3 Socialista d'Eivissa","description":"Socialistes d&#039;Eivissa","publisher":{"@id":"https:\/\/www.psib-psoe.org\/eivissa\/#organization"},"potentialAction":[{"@type":"SearchAction","target":{"@type":"EntryPoint","urlTemplate":"https:\/\/www.psib-psoe.org\/eivissa\/?s={search_term_string}"},"query-input":{"@type":"PropertyValueSpecification","valueRequired":true,"valueName":"search_term_string"}}],"inLanguage":"ca"},{"@type":"Organization","@id":"https:\/\/www.psib-psoe.org\/eivissa\/#organization","name":"Federaci\u00f3 Socialista d'Eivissa","url":"https:\/\/www.psib-psoe.org\/eivissa\/","logo":{"@type":"ImageObject","inLanguage":"ca","@id":"https:\/\/www.psib-psoe.org\/eivissa\/#\/schema\/logo\/image\/","url":"https:\/\/www.psib-psoe.org\/eivissa\/wp-content\/uploads\/LOGO-FSE-SOCIALISTA-DEIVISSA-HORI.png","contentUrl":"https:\/\/www.psib-psoe.org\/eivissa\/wp-content\/uploads\/LOGO-FSE-SOCIALISTA-DEIVISSA-HORI.png","width":6000,"height":3104,"caption":"Federaci\u00f3 Socialista d'Eivissa"},"image":{"@id":"https:\/\/www.psib-psoe.org\/eivissa\/#\/schema\/logo\/image\/"}},{"@type":"Person","@id":"https:\/\/www.psib-psoe.org\/eivissa\/#\/schema\/person\/7a9d2841fb36f32e34fc0e9b245e8117","name":"Josep Ripoll","sameAs":["http:\/\/www.psib-psoe.org\/eivissa\/wp-login.php"],"url":"https:\/\/www.psib-psoe.org\/eivissa\/author\/josep\/"}]}},"_links":{"self":[{"href":"https:\/\/www.psib-psoe.org\/eivissa\/wp-json\/wp\/v2\/posts\/37402","targetHints":{"allow":["GET"]}}],"collection":[{"href":"https:\/\/www.psib-psoe.org\/eivissa\/wp-json\/wp\/v2\/posts"}],"about":[{"href":"https:\/\/www.psib-psoe.org\/eivissa\/wp-json\/wp\/v2\/types\/post"}],"author":[{"embeddable":true,"href":"https:\/\/www.psib-psoe.org\/eivissa\/wp-json\/wp\/v2\/users\/7"}],"replies":[{"embeddable":true,"href":"https:\/\/www.psib-psoe.org\/eivissa\/wp-json\/wp\/v2\/comments?post=37402"}],"version-history":[{"count":1,"href":"https:\/\/www.psib-psoe.org\/eivissa\/wp-json\/wp\/v2\/posts\/37402\/revisions"}],"predecessor-version":[{"id":37405,"href":"https:\/\/www.psib-psoe.org\/eivissa\/wp-json\/wp\/v2\/posts\/37402\/revisions\/37405"}],"wp:featuredmedia":[{"embeddable":true,"href":"https:\/\/www.psib-psoe.org\/eivissa\/wp-json\/wp\/v2\/media\/37403"}],"wp:attachment":[{"href":"https:\/\/www.psib-psoe.org\/eivissa\/wp-json\/wp\/v2\/media?parent=37402"}],"wp:term":[{"taxonomy":"category","embeddable":true,"href":"https:\/\/www.psib-psoe.org\/eivissa\/wp-json\/wp\/v2\/categories?post=37402"},{"taxonomy":"post_tag","embeddable":true,"href":"https:\/\/www.psib-psoe.org\/eivissa\/wp-json\/wp\/v2\/tags?post=37402"}],"curies":[{"name":"wp","href":"https:\/\/api.w.org\/{rel}","templated":true}]}}