{"id":37457,"date":"2023-05-20T12:27:46","date_gmt":"2023-05-20T10:27:46","guid":{"rendered":"https:\/\/www.psib-psoe.org\/eivissa\/?p=37457"},"modified":"2023-05-20T12:27:46","modified_gmt":"2023-05-20T10:27:46","slug":"agustinet-i-rafa-ruiz-faran-el-projecte-emblematic-de-lavinguda-de-la-pau-en-la-proxima-legislatura","status":"publish","type":"post","link":"https:\/\/www.psib-psoe.org\/eivissa\/agustinet-i-rafa-ruiz-faran-el-projecte-emblematic-de-lavinguda-de-la-pau-en-la-proxima-legislatura\/","title":{"rendered":"&#8216;Agustinet&#8217; i Rafa Ruiz faran el projecte &#8220;emblem\u00e0tic&#8221; de l&#8217;avinguda de la Pau en la pr\u00f2xima legislatura."},"content":{"rendered":"<p>En la pr\u00f3xima legislatura, el PSOE executar\u00e0 el projecte &#8220;emblem\u00e0tic&#8221; de l&#8217;avinguda de la Pau, de reforma de l&#8217;E-10, per convertir-la en una via amb un gran espai per a les persones. El candidat socialista a la presid\u00e8ncia del Consell d&#8217;Eivissa, Josep Mar\u00ed Ribas, &#8216;Agustinet&#8217;, ha presentat avui les propostes del programa electoral en inversi\u00f3 vi\u00e0ria, acompanyat de l&#8217;alcalde de la ciutat d&#8217;Eivissa i candidat a la reelecci\u00f3, Rafa Ruiz, en un acte celebrat al costat de la via.<\/p>\n<p>&#8216;Agustinet&#8217; ha lamentat que Vicent Mar\u00ed no ha iniciat &#8220;ni un quil\u00f2metre&#8221; dels nous projectes d&#8217;eixos viaris pendents a l&#8217;illa, com \u00e9s la carretera Sant Josep &#8211; Sant Antoni, la rotonda de Ca\u00e7adors o la mateixa E-10. Una par\u00e0lisi provocada perqu\u00e8 Vicent Mar\u00ed &#8220;ha continuat fent d&#8217;alcalde de Santa Eul\u00e0ria, en comptes de preocupar-se de les necessitats de tots els municipis&#8221;. El candidat del PSOE recorda que el Consell &#8220;s&#8217;ha limitat \u00fanicament a fer els asfaltats ordinaris de manteniment de carreteres&#8221; i, a m\u00e9s a m\u00e9s, &#8220;amb una planificaci\u00f3 desastrosa, com estam veient a la carretera de Sant Josep&#8221;, ja que el Consell Insular est\u00e0 provocant coues quilom\u00e8triques amb la temporada tur\u00edstica iniciada.<\/p>\n<p>El PSOE es compromet a invertir en la infraestructura vi\u00e0ria, executant ses obres que no s&#8217;han iniciat aquesta legislatura i un pla per incorporar carrils adaptats a la mobilitat no motoritzada, ampliant en 100 km la xarxa de carrils bici, segurs, accessibles i ben interconnectats i que integri amb la xarxa secund\u00e0ria.<\/p>\n<p>Amb &#8216;Agustinet&#8217; de president i Rafa Ruiz d&#8217;alcalde, la ciutat d&#8217;Eivissa tancar\u00e0 la &#8220;ferida&#8221; que suposa la carretera E-10, recuperant per a les persones l&#8217;avinguda de la Pau i deixant els cotxes &#8220;baix terra&#8221;, amb un gran aparcament soterrat de 1.500 places, com ha explicat l&#8217;alcalde i candidat a la reelecci\u00f3.<\/p>\n","protected":false},"excerpt":{"rendered":"<p>En la pr\u00f3xima legislatura, el PSOE executar\u00e0 el projecte &#8220;emblem\u00e0tic&#8221; de l&#8217;avinguda de la Pau, de reforma de l&#8217;E-10, per convertir-la en una via amb un gran espai per a les persones. El candidat socialista a la presid\u00e8ncia del Consell d&#8217;Eivissa, Josep Mar\u00ed Ribas, &#8216;Agustinet&#8217;, ha presentat avui les propostes del programa electoral en inversi\u00f3&hellip;<\/p>\n","protected":false},"author":7,"featured_media":37458,"comment_status":"closed","ping_status":"closed","sticky":false,"template":"","format":"standard","meta":{"footnotes":""},"categories":[183,192,1,234],"tags":[],"class_list":["post-37457","post","type-post","status-publish","format-standard","has-post-thumbnail","hentry","category-ciutat-deivissa","category-consell-deivissa","category-federacio-de-eivissa-portada","category-municipis"],"yoast_head":"<!-- This site is optimized with the Yoast SEO plugin v26.9 - https:\/\/yoast.com\/product\/yoast-seo-wordpress\/ -->\n<title>&#039;Agustinet&#039; i Rafa Ruiz faran el projecte &quot;emblem\u00e0tic&quot; de l&#039;avinguda de la Pau en la pr\u00f2xima legislatura. - Federaci\u00f3 Socialista d&#039;Eivissa<\/title>\n<meta name=\"robots\" content=\"index, follow, max-snippet:-1, max-image-preview:large, max-video-preview:-1\" \/>\n<link rel=\"canonical\" href=\"https:\/\/www.psib-psoe.org\/eivissa\/agustinet-i-rafa-ruiz-faran-el-projecte-emblematic-de-lavinguda-de-la-pau-en-la-proxima-legislatura\/\" \/>\n<meta property=\"og:locale\" content=\"ca_ES\" \/>\n<meta property=\"og:type\" content=\"article\" \/>\n<meta property=\"og:title\" content=\"&#039;Agustinet&#039; i Rafa Ruiz faran el projecte &quot;emblem\u00e0tic&quot; de l&#039;avinguda de la Pau en la pr\u00f2xima legislatura. - Federaci\u00f3 Socialista d&#039;Eivissa\" \/>\n<meta property=\"og:description\" content=\"En la pr\u00f3xima legislatura, el PSOE executar\u00e0 el projecte &#8220;emblem\u00e0tic&#8221; de l&#8217;avinguda de la Pau, de reforma de l&#8217;E-10, per convertir-la en una via amb un gran espai per a les persones. El candidat socialista a la presid\u00e8ncia del Consell d&#8217;Eivissa, Josep Mar\u00ed Ribas, &#8216;Agustinet&#8217;, ha presentat avui les propostes del programa electoral en inversi\u00f3&hellip;\" \/>\n<meta property=\"og:url\" content=\"https:\/\/www.psib-psoe.org\/eivissa\/agustinet-i-rafa-ruiz-faran-el-projecte-emblematic-de-lavinguda-de-la-pau-en-la-proxima-legislatura\/\" \/>\n<meta property=\"og:site_name\" content=\"Federaci\u00f3 Socialista d&#039;Eivissa\" \/>\n<meta property=\"article:published_time\" content=\"2023-05-20T10:27:46+00:00\" \/>\n<meta property=\"og:image\" content=\"https:\/\/www.psib-psoe.org\/eivissa\/wp-content\/uploads\/FOTO-E-10-scaled.jpeg\" \/>\n\t<meta property=\"og:image:width\" content=\"2560\" \/>\n\t<meta property=\"og:image:height\" content=\"1920\" \/>\n\t<meta property=\"og:image:type\" content=\"image\/jpeg\" \/>\n<meta name=\"author\" content=\"Josep Ripoll\" \/>\n<meta name=\"twitter:card\" content=\"summary_large_image\" \/>\n<meta name=\"twitter:label1\" content=\"Escrit per\" \/>\n\t<meta name=\"twitter:data1\" content=\"Josep Ripoll\" \/>\n\t<meta name=\"twitter:label2\" content=\"Temps estimat de lectura\" \/>\n\t<meta name=\"twitter:data2\" content=\"2 minuts\" \/>\n<script type=\"application\/ld+json\" class=\"yoast-schema-graph\">{\"@context\":\"https:\/\/schema.org\",\"@graph\":[{\"@type\":[\"Article\",\"BlogPosting\"],\"@id\":\"https:\/\/www.psib-psoe.org\/eivissa\/agustinet-i-rafa-ruiz-faran-el-projecte-emblematic-de-lavinguda-de-la-pau-en-la-proxima-legislatura\/#article\",\"isPartOf\":{\"@id\":\"https:\/\/www.psib-psoe.org\/eivissa\/agustinet-i-rafa-ruiz-faran-el-projecte-emblematic-de-lavinguda-de-la-pau-en-la-proxima-legislatura\/\"},\"author\":{\"name\":\"Josep Ripoll\",\"@id\":\"https:\/\/www.psib-psoe.org\/eivissa\/#\/schema\/person\/7a9d2841fb36f32e34fc0e9b245e8117\"},\"headline\":\"&#8216;Agustinet&#8217; i Rafa Ruiz faran el projecte &#8220;emblem\u00e0tic&#8221; de l&#8217;avinguda de la Pau en la pr\u00f2xima legislatura.\",\"datePublished\":\"2023-05-20T10:27:46+00:00\",\"mainEntityOfPage\":{\"@id\":\"https:\/\/www.psib-psoe.org\/eivissa\/agustinet-i-rafa-ruiz-faran-el-projecte-emblematic-de-lavinguda-de-la-pau-en-la-proxima-legislatura\/\"},\"wordCount\":326,\"publisher\":{\"@id\":\"https:\/\/www.psib-psoe.org\/eivissa\/#organization\"},\"image\":{\"@id\":\"https:\/\/www.psib-psoe.org\/eivissa\/agustinet-i-rafa-ruiz-faran-el-projecte-emblematic-de-lavinguda-de-la-pau-en-la-proxima-legislatura\/#primaryimage\"},\"thumbnailUrl\":\"https:\/\/www.psib-psoe.org\/eivissa\/wp-content\/uploads\/FOTO-E-10-scaled.jpeg\",\"articleSection\":[\"Ciutat d'Eivissa\",\"Consell d'Eivissa\",\"Federaci\u00f3 d'Eivissa - Portada\",\"Municipis\"],\"inLanguage\":\"ca\"},{\"@type\":\"WebPage\",\"@id\":\"https:\/\/www.psib-psoe.org\/eivissa\/agustinet-i-rafa-ruiz-faran-el-projecte-emblematic-de-lavinguda-de-la-pau-en-la-proxima-legislatura\/\",\"url\":\"https:\/\/www.psib-psoe.org\/eivissa\/agustinet-i-rafa-ruiz-faran-el-projecte-emblematic-de-lavinguda-de-la-pau-en-la-proxima-legislatura\/\",\"name\":\"'Agustinet' i Rafa Ruiz faran el projecte \\\"emblem\u00e0tic\\\" de l'avinguda de la Pau en la pr\u00f2xima legislatura. - Federaci\u00f3 Socialista d&#039;Eivissa\",\"isPartOf\":{\"@id\":\"https:\/\/www.psib-psoe.org\/eivissa\/#website\"},\"primaryImageOfPage\":{\"@id\":\"https:\/\/www.psib-psoe.org\/eivissa\/agustinet-i-rafa-ruiz-faran-el-projecte-emblematic-de-lavinguda-de-la-pau-en-la-proxima-legislatura\/#primaryimage\"},\"image\":{\"@id\":\"https:\/\/www.psib-psoe.org\/eivissa\/agustinet-i-rafa-ruiz-faran-el-projecte-emblematic-de-lavinguda-de-la-pau-en-la-proxima-legislatura\/#primaryimage\"},\"thumbnailUrl\":\"https:\/\/www.psib-psoe.org\/eivissa\/wp-content\/uploads\/FOTO-E-10-scaled.jpeg\",\"datePublished\":\"2023-05-20T10:27:46+00:00\",\"breadcrumb\":{\"@id\":\"https:\/\/www.psib-psoe.org\/eivissa\/agustinet-i-rafa-ruiz-faran-el-projecte-emblematic-de-lavinguda-de-la-pau-en-la-proxima-legislatura\/#breadcrumb\"},\"inLanguage\":\"ca\",\"potentialAction\":[{\"@type\":\"ReadAction\",\"target\":[\"https:\/\/www.psib-psoe.org\/eivissa\/agustinet-i-rafa-ruiz-faran-el-projecte-emblematic-de-lavinguda-de-la-pau-en-la-proxima-legislatura\/\"]}]},{\"@type\":\"ImageObject\",\"inLanguage\":\"ca\",\"@id\":\"https:\/\/www.psib-psoe.org\/eivissa\/agustinet-i-rafa-ruiz-faran-el-projecte-emblematic-de-lavinguda-de-la-pau-en-la-proxima-legislatura\/#primaryimage\",\"url\":\"https:\/\/www.psib-psoe.org\/eivissa\/wp-content\/uploads\/FOTO-E-10-scaled.jpeg\",\"contentUrl\":\"https:\/\/www.psib-psoe.org\/eivissa\/wp-content\/uploads\/FOTO-E-10-scaled.jpeg\",\"width\":2560,\"height\":1920},{\"@type\":\"BreadcrumbList\",\"@id\":\"https:\/\/www.psib-psoe.org\/eivissa\/agustinet-i-rafa-ruiz-faran-el-projecte-emblematic-de-lavinguda-de-la-pau-en-la-proxima-legislatura\/#breadcrumb\",\"itemListElement\":[{\"@type\":\"ListItem\",\"position\":1,\"name\":\"Inici\",\"item\":\"https:\/\/www.psib-psoe.org\/eivissa\/\"},{\"@type\":\"ListItem\",\"position\":2,\"name\":\"&#8216;Agustinet&#8217; i Rafa Ruiz faran el projecte &#8220;emblem\u00e0tic&#8221; de l&#8217;avinguda de la Pau en la pr\u00f2xima legislatura.\"}]},{\"@type\":\"WebSite\",\"@id\":\"https:\/\/www.psib-psoe.org\/eivissa\/#website\",\"url\":\"https:\/\/www.psib-psoe.org\/eivissa\/\",\"name\":\"Federaci\u00f3 Socialista d'Eivissa\",\"description\":\"Socialistes d&#039;Eivissa\",\"publisher\":{\"@id\":\"https:\/\/www.psib-psoe.org\/eivissa\/#organization\"},\"potentialAction\":[{\"@type\":\"SearchAction\",\"target\":{\"@type\":\"EntryPoint\",\"urlTemplate\":\"https:\/\/www.psib-psoe.org\/eivissa\/?s={search_term_string}\"},\"query-input\":{\"@type\":\"PropertyValueSpecification\",\"valueRequired\":true,\"valueName\":\"search_term_string\"}}],\"inLanguage\":\"ca\"},{\"@type\":\"Organization\",\"@id\":\"https:\/\/www.psib-psoe.org\/eivissa\/#organization\",\"name\":\"Federaci\u00f3 Socialista d'Eivissa\",\"url\":\"https:\/\/www.psib-psoe.org\/eivissa\/\",\"logo\":{\"@type\":\"ImageObject\",\"inLanguage\":\"ca\",\"@id\":\"https:\/\/www.psib-psoe.org\/eivissa\/#\/schema\/logo\/image\/\",\"url\":\"https:\/\/www.psib-psoe.org\/eivissa\/wp-content\/uploads\/LOGO-FSE-SOCIALISTA-DEIVISSA-HORI.png\",\"contentUrl\":\"https:\/\/www.psib-psoe.org\/eivissa\/wp-content\/uploads\/LOGO-FSE-SOCIALISTA-DEIVISSA-HORI.png\",\"width\":6000,\"height\":3104,\"caption\":\"Federaci\u00f3 Socialista d'Eivissa\"},\"image\":{\"@id\":\"https:\/\/www.psib-psoe.org\/eivissa\/#\/schema\/logo\/image\/\"}},{\"@type\":\"Person\",\"@id\":\"https:\/\/www.psib-psoe.org\/eivissa\/#\/schema\/person\/7a9d2841fb36f32e34fc0e9b245e8117\",\"name\":\"Josep Ripoll\",\"sameAs\":[\"http:\/\/www.psib-psoe.org\/eivissa\/wp-login.php\"],\"url\":\"https:\/\/www.psib-psoe.org\/eivissa\/author\/josep\/\"}]}<\/script>\n<!-- \/ Yoast SEO plugin. -->","yoast_head_json":{"title":"'Agustinet' i Rafa Ruiz faran el projecte \"emblem\u00e0tic\" de l'avinguda de la Pau en la pr\u00f2xima legislatura. - Federaci\u00f3 Socialista d&#039;Eivissa","robots":{"index":"index","follow":"follow","max-snippet":"max-snippet:-1","max-image-preview":"max-image-preview:large","max-video-preview":"max-video-preview:-1"},"canonical":"https:\/\/www.psib-psoe.org\/eivissa\/agustinet-i-rafa-ruiz-faran-el-projecte-emblematic-de-lavinguda-de-la-pau-en-la-proxima-legislatura\/","og_locale":"ca_ES","og_type":"article","og_title":"'Agustinet' i Rafa Ruiz faran el projecte \"emblem\u00e0tic\" de l'avinguda de la Pau en la pr\u00f2xima legislatura. - Federaci\u00f3 Socialista d&#039;Eivissa","og_description":"En la pr\u00f3xima legislatura, el PSOE executar\u00e0 el projecte &#8220;emblem\u00e0tic&#8221; de l&#8217;avinguda de la Pau, de reforma de l&#8217;E-10, per convertir-la en una via amb un gran espai per a les persones. El candidat socialista a la presid\u00e8ncia del Consell d&#8217;Eivissa, Josep Mar\u00ed Ribas, &#8216;Agustinet&#8217;, ha presentat avui les propostes del programa electoral en inversi\u00f3&hellip;","og_url":"https:\/\/www.psib-psoe.org\/eivissa\/agustinet-i-rafa-ruiz-faran-el-projecte-emblematic-de-lavinguda-de-la-pau-en-la-proxima-legislatura\/","og_site_name":"Federaci\u00f3 Socialista d&#039;Eivissa","article_published_time":"2023-05-20T10:27:46+00:00","og_image":[{"width":2560,"height":1920,"url":"https:\/\/www.psib-psoe.org\/eivissa\/wp-content\/uploads\/FOTO-E-10-scaled.jpeg","type":"image\/jpeg"}],"author":"Josep Ripoll","twitter_card":"summary_large_image","twitter_misc":{"Escrit per":"Josep Ripoll","Temps estimat de lectura":"2 minuts"},"schema":{"@context":"https:\/\/schema.org","@graph":[{"@type":["Article","BlogPosting"],"@id":"https:\/\/www.psib-psoe.org\/eivissa\/agustinet-i-rafa-ruiz-faran-el-projecte-emblematic-de-lavinguda-de-la-pau-en-la-proxima-legislatura\/#article","isPartOf":{"@id":"https:\/\/www.psib-psoe.org\/eivissa\/agustinet-i-rafa-ruiz-faran-el-projecte-emblematic-de-lavinguda-de-la-pau-en-la-proxima-legislatura\/"},"author":{"name":"Josep Ripoll","@id":"https:\/\/www.psib-psoe.org\/eivissa\/#\/schema\/person\/7a9d2841fb36f32e34fc0e9b245e8117"},"headline":"&#8216;Agustinet&#8217; i Rafa Ruiz faran el projecte &#8220;emblem\u00e0tic&#8221; de l&#8217;avinguda de la Pau en la pr\u00f2xima legislatura.","datePublished":"2023-05-20T10:27:46+00:00","mainEntityOfPage":{"@id":"https:\/\/www.psib-psoe.org\/eivissa\/agustinet-i-rafa-ruiz-faran-el-projecte-emblematic-de-lavinguda-de-la-pau-en-la-proxima-legislatura\/"},"wordCount":326,"publisher":{"@id":"https:\/\/www.psib-psoe.org\/eivissa\/#organization"},"image":{"@id":"https:\/\/www.psib-psoe.org\/eivissa\/agustinet-i-rafa-ruiz-faran-el-projecte-emblematic-de-lavinguda-de-la-pau-en-la-proxima-legislatura\/#primaryimage"},"thumbnailUrl":"https:\/\/www.psib-psoe.org\/eivissa\/wp-content\/uploads\/FOTO-E-10-scaled.jpeg","articleSection":["Ciutat d'Eivissa","Consell d'Eivissa","Federaci\u00f3 d'Eivissa - Portada","Municipis"],"inLanguage":"ca"},{"@type":"WebPage","@id":"https:\/\/www.psib-psoe.org\/eivissa\/agustinet-i-rafa-ruiz-faran-el-projecte-emblematic-de-lavinguda-de-la-pau-en-la-proxima-legislatura\/","url":"https:\/\/www.psib-psoe.org\/eivissa\/agustinet-i-rafa-ruiz-faran-el-projecte-emblematic-de-lavinguda-de-la-pau-en-la-proxima-legislatura\/","name":"'Agustinet' i Rafa Ruiz faran el projecte \"emblem\u00e0tic\" de l'avinguda de la Pau en la pr\u00f2xima legislatura. - Federaci\u00f3 Socialista d&#039;Eivissa","isPartOf":{"@id":"https:\/\/www.psib-psoe.org\/eivissa\/#website"},"primaryImageOfPage":{"@id":"https:\/\/www.psib-psoe.org\/eivissa\/agustinet-i-rafa-ruiz-faran-el-projecte-emblematic-de-lavinguda-de-la-pau-en-la-proxima-legislatura\/#primaryimage"},"image":{"@id":"https:\/\/www.psib-psoe.org\/eivissa\/agustinet-i-rafa-ruiz-faran-el-projecte-emblematic-de-lavinguda-de-la-pau-en-la-proxima-legislatura\/#primaryimage"},"thumbnailUrl":"https:\/\/www.psib-psoe.org\/eivissa\/wp-content\/uploads\/FOTO-E-10-scaled.jpeg","datePublished":"2023-05-20T10:27:46+00:00","breadcrumb":{"@id":"https:\/\/www.psib-psoe.org\/eivissa\/agustinet-i-rafa-ruiz-faran-el-projecte-emblematic-de-lavinguda-de-la-pau-en-la-proxima-legislatura\/#breadcrumb"},"inLanguage":"ca","potentialAction":[{"@type":"ReadAction","target":["https:\/\/www.psib-psoe.org\/eivissa\/agustinet-i-rafa-ruiz-faran-el-projecte-emblematic-de-lavinguda-de-la-pau-en-la-proxima-legislatura\/"]}]},{"@type":"ImageObject","inLanguage":"ca","@id":"https:\/\/www.psib-psoe.org\/eivissa\/agustinet-i-rafa-ruiz-faran-el-projecte-emblematic-de-lavinguda-de-la-pau-en-la-proxima-legislatura\/#primaryimage","url":"https:\/\/www.psib-psoe.org\/eivissa\/wp-content\/uploads\/FOTO-E-10-scaled.jpeg","contentUrl":"https:\/\/www.psib-psoe.org\/eivissa\/wp-content\/uploads\/FOTO-E-10-scaled.jpeg","width":2560,"height":1920},{"@type":"BreadcrumbList","@id":"https:\/\/www.psib-psoe.org\/eivissa\/agustinet-i-rafa-ruiz-faran-el-projecte-emblematic-de-lavinguda-de-la-pau-en-la-proxima-legislatura\/#breadcrumb","itemListElement":[{"@type":"ListItem","position":1,"name":"Inici","item":"https:\/\/www.psib-psoe.org\/eivissa\/"},{"@type":"ListItem","position":2,"name":"&#8216;Agustinet&#8217; i Rafa Ruiz faran el projecte &#8220;emblem\u00e0tic&#8221; de l&#8217;avinguda de la Pau en la pr\u00f2xima legislatura."}]},{"@type":"WebSite","@id":"https:\/\/www.psib-psoe.org\/eivissa\/#website","url":"https:\/\/www.psib-psoe.org\/eivissa\/","name":"Federaci\u00f3 Socialista d'Eivissa","description":"Socialistes d&#039;Eivissa","publisher":{"@id":"https:\/\/www.psib-psoe.org\/eivissa\/#organization"},"potentialAction":[{"@type":"SearchAction","target":{"@type":"EntryPoint","urlTemplate":"https:\/\/www.psib-psoe.org\/eivissa\/?s={search_term_string}"},"query-input":{"@type":"PropertyValueSpecification","valueRequired":true,"valueName":"search_term_string"}}],"inLanguage":"ca"},{"@type":"Organization","@id":"https:\/\/www.psib-psoe.org\/eivissa\/#organization","name":"Federaci\u00f3 Socialista d'Eivissa","url":"https:\/\/www.psib-psoe.org\/eivissa\/","logo":{"@type":"ImageObject","inLanguage":"ca","@id":"https:\/\/www.psib-psoe.org\/eivissa\/#\/schema\/logo\/image\/","url":"https:\/\/www.psib-psoe.org\/eivissa\/wp-content\/uploads\/LOGO-FSE-SOCIALISTA-DEIVISSA-HORI.png","contentUrl":"https:\/\/www.psib-psoe.org\/eivissa\/wp-content\/uploads\/LOGO-FSE-SOCIALISTA-DEIVISSA-HORI.png","width":6000,"height":3104,"caption":"Federaci\u00f3 Socialista d'Eivissa"},"image":{"@id":"https:\/\/www.psib-psoe.org\/eivissa\/#\/schema\/logo\/image\/"}},{"@type":"Person","@id":"https:\/\/www.psib-psoe.org\/eivissa\/#\/schema\/person\/7a9d2841fb36f32e34fc0e9b245e8117","name":"Josep Ripoll","sameAs":["http:\/\/www.psib-psoe.org\/eivissa\/wp-login.php"],"url":"https:\/\/www.psib-psoe.org\/eivissa\/author\/josep\/"}]}},"_links":{"self":[{"href":"https:\/\/www.psib-psoe.org\/eivissa\/wp-json\/wp\/v2\/posts\/37457","targetHints":{"allow":["GET"]}}],"collection":[{"href":"https:\/\/www.psib-psoe.org\/eivissa\/wp-json\/wp\/v2\/posts"}],"about":[{"href":"https:\/\/www.psib-psoe.org\/eivissa\/wp-json\/wp\/v2\/types\/post"}],"author":[{"embeddable":true,"href":"https:\/\/www.psib-psoe.org\/eivissa\/wp-json\/wp\/v2\/users\/7"}],"replies":[{"embeddable":true,"href":"https:\/\/www.psib-psoe.org\/eivissa\/wp-json\/wp\/v2\/comments?post=37457"}],"version-history":[{"count":1,"href":"https:\/\/www.psib-psoe.org\/eivissa\/wp-json\/wp\/v2\/posts\/37457\/revisions"}],"predecessor-version":[{"id":37460,"href":"https:\/\/www.psib-psoe.org\/eivissa\/wp-json\/wp\/v2\/posts\/37457\/revisions\/37460"}],"wp:featuredmedia":[{"embeddable":true,"href":"https:\/\/www.psib-psoe.org\/eivissa\/wp-json\/wp\/v2\/media\/37458"}],"wp:attachment":[{"href":"https:\/\/www.psib-psoe.org\/eivissa\/wp-json\/wp\/v2\/media?parent=37457"}],"wp:term":[{"taxonomy":"category","embeddable":true,"href":"https:\/\/www.psib-psoe.org\/eivissa\/wp-json\/wp\/v2\/categories?post=37457"},{"taxonomy":"post_tag","embeddable":true,"href":"https:\/\/www.psib-psoe.org\/eivissa\/wp-json\/wp\/v2\/tags?post=37457"}],"curies":[{"name":"wp","href":"https:\/\/api.w.org\/{rel}","templated":true}]}}