{"id":37562,"date":"2023-06-10T14:04:09","date_gmt":"2023-06-10T12:04:09","guid":{"rendered":"https:\/\/www.psib-psoe.org\/eivissa\/?p=37562"},"modified":"2023-06-10T14:04:13","modified_gmt":"2023-06-10T12:04:13","slug":"el-comite-federal-del-psoe-aprova-les-candidatures-socialistes-per-guanyar-les-eleccions-generals-amb-milena-herrera-com-a-numero-3-al-congres-per-balears-i-la-candidatura-unitaria-de-lesquerra","status":"publish","type":"post","link":"https:\/\/www.psib-psoe.org\/eivissa\/el-comite-federal-del-psoe-aprova-les-candidatures-socialistes-per-guanyar-les-eleccions-generals-amb-milena-herrera-com-a-numero-3-al-congres-per-balears-i-la-candidatura-unitaria-de-lesquerra\/","title":{"rendered":"El Comit\u00e8 Federal del PSOE aprova les candidatures socialistes &#8220;per guanyar les eleccions generals&#8221;, amb Milena Herrera com a n\u00famero 3 al Congr\u00e9s per Balears i la candidatura unit\u00e0ria de l&#8217;esquerra al Senat per Eivissa i Formentera"},"content":{"rendered":"\n<p>El Comit\u00e8 Federal del PSOE ha aprovat aquest mat\u00ed per unanimitat les candidatures socialistes, que compten amb Milena Herrera com a n\u00famero 3 al Congr\u00e9s del Diputats per Balears, en la llista que encap\u00e7ala Francina Armengol, mentre que al cambra territorial s&#8217;hi concorrer\u00e0 amb la candidatura unit\u00e0ria d&#8217;esquerres &#8220;Eivissa i Formentera al Senat&#8221;. El secretari general de la FSE-PSOE, Josep Mar\u00ed Ribas, &#8216;Agustinet&#8217;, i la portaveu del partit a Eivissa, Pilar Costa, han participat en la reuni\u00f3 del Comit\u00e8 Federal, celebrada aquest mat\u00ed a Madrid, dins de la delegaci\u00f3 balear que encap\u00e7alava Armengol.<br><br>En el seu discurs, Pedro S\u00e1nchez ha fet una crida a &#8220;sortir a guanyar les eleccions&#8221; destacant que els i les socialistes &#8220;tenim el millor projecte i el millor equip&#8221;. &#8220;Units i valents aconseguirem que Espanya continu\u00ef avan\u00e7ant&#8221;, enfront d&#8217;unes dretes PP-Vox, que &#8220;no tenen pla i es defineixen en dos paraules: bloqueig i deslleialtat&#8221;.<br><br>En acabar la reuni\u00f3, el secretari general de la FSE-PSOE ha manifestat la seua satisfacci\u00f3 per les candidatures socialistes, amb Milena Herrera al Congr\u00e9s, i amb una unitat de l&#8217;esquerra al Senat que &#8220;ens conduiran a guanyar les eleccions del 23 de juliol&#8221;. &#8216;Agustinet&#8217; destaca la renovaci\u00f3 en la candidatura al Congr\u00e9s, amb un &#8220;reconeixement a la feina de Sof\u00eda Hernanz, que deixa el llist\u00f3 molt alt&#8221;, i amb &#8220;la millor cap de llista, Francina Armengol&#8221;.<br><br>Al Senat, &#8220;recuperam la unitat de l&#8217;esquerra a Eivissa, que sempre hem promogut des del Partit Socialista, i que en el passat ens va donar tants d&#8217;\u00e8xits com el que volem aconseguir el pr\u00f2xim 23 de juliol&#8221;.<br><br>Aprovades les candidatures, tamb\u00e9 s&#8217;ha manifestat Milena Herrera, la candidata eivissenca al Congr\u00e9s, assumint &#8220;amb molta il\u00b7lusi\u00f3 la responsabilitat&#8221; i &#8220;amb moltes ganes de fer feina de defensar tots els avan\u00e7os que s&#8217;han produ\u00eft en els darrers anys gr\u00e0cies als governs progressistes i que ara estan clarament amena\u00e7ats per la dreta i la ultradreta&#8221;. Milena Herrera alera que el 23 de juliol &#8220;ens jugam molt&#8221; i remarca que &#8220;el Partit Socialista \u00e9s la pe\u00e7a fonamental per no permetre cap passant endarrere&#8221;.<br><br>Acompanyen Milena Herrera en la llista al Congr\u00e9s els tamb\u00e9 eivissencs Fran Mu\u00f1oz, en el n\u00famero 6, i Azahara Pe\u00f1a, com a suplent.<\/p>\n","protected":false},"excerpt":{"rendered":"<p>El Comit\u00e8 Federal del PSOE ha aprovat aquest mat\u00ed per unanimitat les candidatures socialistes, que compten amb Milena Herrera com a n\u00famero 3 al Congr\u00e9s del Diputats per Balears, en la llista que encap\u00e7ala Francina Armengol, mentre que al cambra territorial s&#8217;hi concorrer\u00e0 amb la candidatura unit\u00e0ria d&#8217;esquerres &#8220;Eivissa i Formentera al Senat&#8221;. El secretari&hellip;<\/p>\n","protected":false},"author":7,"featured_media":37560,"comment_status":"closed","ping_status":"closed","sticky":false,"template":"","format":"standard","meta":{"footnotes":""},"categories":[1,190],"tags":[],"class_list":["post-37562","post","type-post","status-publish","format-standard","has-post-thumbnail","hentry","category-federacio-de-eivissa-portada","category-govern-despanya-congres-senat"],"yoast_head":"<!-- This site is optimized with the Yoast SEO plugin v26.9 - https:\/\/yoast.com\/product\/yoast-seo-wordpress\/ -->\n<title>El Comit\u00e8 Federal del PSOE aprova les candidatures socialistes &quot;per guanyar les eleccions generals&quot;, amb Milena Herrera com a n\u00famero 3 al Congr\u00e9s per Balears i la candidatura unit\u00e0ria de l&#039;esquerra al Senat per Eivissa i Formentera - Federaci\u00f3 Socialista d&#039;Eivissa<\/title>\n<meta name=\"robots\" content=\"index, follow, max-snippet:-1, max-image-preview:large, max-video-preview:-1\" \/>\n<link rel=\"canonical\" href=\"https:\/\/www.psib-psoe.org\/eivissa\/el-comite-federal-del-psoe-aprova-les-candidatures-socialistes-per-guanyar-les-eleccions-generals-amb-milena-herrera-com-a-numero-3-al-congres-per-balears-i-la-candidatura-unitaria-de-lesquerra\/\" \/>\n<meta property=\"og:locale\" content=\"ca_ES\" \/>\n<meta property=\"og:type\" content=\"article\" \/>\n<meta property=\"og:title\" content=\"El Comit\u00e8 Federal del PSOE aprova les candidatures socialistes &quot;per guanyar les eleccions generals&quot;, amb Milena Herrera com a n\u00famero 3 al Congr\u00e9s per Balears i la candidatura unit\u00e0ria de l&#039;esquerra al Senat per Eivissa i Formentera - Federaci\u00f3 Socialista d&#039;Eivissa\" \/>\n<meta property=\"og:description\" content=\"El Comit\u00e8 Federal del PSOE ha aprovat aquest mat\u00ed per unanimitat les candidatures socialistes, que compten amb Milena Herrera com a n\u00famero 3 al Congr\u00e9s del Diputats per Balears, en la llista que encap\u00e7ala Francina Armengol, mentre que al cambra territorial s&#8217;hi concorrer\u00e0 amb la candidatura unit\u00e0ria d&#8217;esquerres &#8220;Eivissa i Formentera al Senat&#8221;. El secretari&hellip;\" \/>\n<meta property=\"og:url\" content=\"https:\/\/www.psib-psoe.org\/eivissa\/el-comite-federal-del-psoe-aprova-les-candidatures-socialistes-per-guanyar-les-eleccions-generals-amb-milena-herrera-com-a-numero-3-al-congres-per-balears-i-la-candidatura-unitaria-de-lesquerra\/\" \/>\n<meta property=\"og:site_name\" content=\"Federaci\u00f3 Socialista d&#039;Eivissa\" \/>\n<meta property=\"article:published_time\" content=\"2023-06-10T12:04:09+00:00\" \/>\n<meta property=\"article:modified_time\" content=\"2023-06-10T12:04:13+00:00\" \/>\n<meta property=\"og:image\" content=\"https:\/\/www.psib-psoe.org\/eivissa\/wp-content\/uploads\/img_3735.jpg\" \/>\n\t<meta property=\"og:image:width\" content=\"1916\" \/>\n\t<meta property=\"og:image:height\" content=\"1444\" \/>\n\t<meta property=\"og:image:type\" content=\"image\/jpeg\" \/>\n<meta name=\"author\" content=\"Josep Ripoll\" \/>\n<meta name=\"twitter:card\" content=\"summary_large_image\" \/>\n<meta name=\"twitter:label1\" content=\"Escrit per\" \/>\n\t<meta name=\"twitter:data1\" content=\"Josep Ripoll\" \/>\n\t<meta name=\"twitter:label2\" content=\"Temps estimat de lectura\" \/>\n\t<meta name=\"twitter:data2\" content=\"2 minuts\" \/>\n<script type=\"application\/ld+json\" class=\"yoast-schema-graph\">{\"@context\":\"https:\/\/schema.org\",\"@graph\":[{\"@type\":[\"Article\",\"BlogPosting\"],\"@id\":\"https:\/\/www.psib-psoe.org\/eivissa\/el-comite-federal-del-psoe-aprova-les-candidatures-socialistes-per-guanyar-les-eleccions-generals-amb-milena-herrera-com-a-numero-3-al-congres-per-balears-i-la-candidatura-unitaria-de-lesquerra\/#article\",\"isPartOf\":{\"@id\":\"https:\/\/www.psib-psoe.org\/eivissa\/el-comite-federal-del-psoe-aprova-les-candidatures-socialistes-per-guanyar-les-eleccions-generals-amb-milena-herrera-com-a-numero-3-al-congres-per-balears-i-la-candidatura-unitaria-de-lesquerra\/\"},\"author\":{\"name\":\"Josep Ripoll\",\"@id\":\"https:\/\/www.psib-psoe.org\/eivissa\/#\/schema\/person\/7a9d2841fb36f32e34fc0e9b245e8117\"},\"headline\":\"El Comit\u00e8 Federal del PSOE aprova les candidatures socialistes &#8220;per guanyar les eleccions generals&#8221;, amb Milena Herrera com a n\u00famero 3 al Congr\u00e9s per Balears i la candidatura unit\u00e0ria de l&#8217;esquerra al Senat per Eivissa i Formentera\",\"datePublished\":\"2023-06-10T12:04:09+00:00\",\"dateModified\":\"2023-06-10T12:04:13+00:00\",\"mainEntityOfPage\":{\"@id\":\"https:\/\/www.psib-psoe.org\/eivissa\/el-comite-federal-del-psoe-aprova-les-candidatures-socialistes-per-guanyar-les-eleccions-generals-amb-milena-herrera-com-a-numero-3-al-congres-per-balears-i-la-candidatura-unitaria-de-lesquerra\/\"},\"wordCount\":422,\"publisher\":{\"@id\":\"https:\/\/www.psib-psoe.org\/eivissa\/#organization\"},\"image\":{\"@id\":\"https:\/\/www.psib-psoe.org\/eivissa\/el-comite-federal-del-psoe-aprova-les-candidatures-socialistes-per-guanyar-les-eleccions-generals-amb-milena-herrera-com-a-numero-3-al-congres-per-balears-i-la-candidatura-unitaria-de-lesquerra\/#primaryimage\"},\"thumbnailUrl\":\"https:\/\/www.psib-psoe.org\/eivissa\/wp-content\/uploads\/img_3735.jpg\",\"articleSection\":[\"Federaci\u00f3 d'Eivissa - Portada\",\"Govern d'Espanya - Congr\u00e9s - Senat - PSOE Federal\"],\"inLanguage\":\"ca\"},{\"@type\":\"WebPage\",\"@id\":\"https:\/\/www.psib-psoe.org\/eivissa\/el-comite-federal-del-psoe-aprova-les-candidatures-socialistes-per-guanyar-les-eleccions-generals-amb-milena-herrera-com-a-numero-3-al-congres-per-balears-i-la-candidatura-unitaria-de-lesquerra\/\",\"url\":\"https:\/\/www.psib-psoe.org\/eivissa\/el-comite-federal-del-psoe-aprova-les-candidatures-socialistes-per-guanyar-les-eleccions-generals-amb-milena-herrera-com-a-numero-3-al-congres-per-balears-i-la-candidatura-unitaria-de-lesquerra\/\",\"name\":\"El Comit\u00e8 Federal del PSOE aprova les candidatures socialistes \\\"per guanyar les eleccions generals\\\", amb Milena Herrera com a n\u00famero 3 al Congr\u00e9s per Balears i la candidatura unit\u00e0ria de l'esquerra al Senat per Eivissa i Formentera - Federaci\u00f3 Socialista d&#039;Eivissa\",\"isPartOf\":{\"@id\":\"https:\/\/www.psib-psoe.org\/eivissa\/#website\"},\"primaryImageOfPage\":{\"@id\":\"https:\/\/www.psib-psoe.org\/eivissa\/el-comite-federal-del-psoe-aprova-les-candidatures-socialistes-per-guanyar-les-eleccions-generals-amb-milena-herrera-com-a-numero-3-al-congres-per-balears-i-la-candidatura-unitaria-de-lesquerra\/#primaryimage\"},\"image\":{\"@id\":\"https:\/\/www.psib-psoe.org\/eivissa\/el-comite-federal-del-psoe-aprova-les-candidatures-socialistes-per-guanyar-les-eleccions-generals-amb-milena-herrera-com-a-numero-3-al-congres-per-balears-i-la-candidatura-unitaria-de-lesquerra\/#primaryimage\"},\"thumbnailUrl\":\"https:\/\/www.psib-psoe.org\/eivissa\/wp-content\/uploads\/img_3735.jpg\",\"datePublished\":\"2023-06-10T12:04:09+00:00\",\"dateModified\":\"2023-06-10T12:04:13+00:00\",\"breadcrumb\":{\"@id\":\"https:\/\/www.psib-psoe.org\/eivissa\/el-comite-federal-del-psoe-aprova-les-candidatures-socialistes-per-guanyar-les-eleccions-generals-amb-milena-herrera-com-a-numero-3-al-congres-per-balears-i-la-candidatura-unitaria-de-lesquerra\/#breadcrumb\"},\"inLanguage\":\"ca\",\"potentialAction\":[{\"@type\":\"ReadAction\",\"target\":[\"https:\/\/www.psib-psoe.org\/eivissa\/el-comite-federal-del-psoe-aprova-les-candidatures-socialistes-per-guanyar-les-eleccions-generals-amb-milena-herrera-com-a-numero-3-al-congres-per-balears-i-la-candidatura-unitaria-de-lesquerra\/\"]}]},{\"@type\":\"ImageObject\",\"inLanguage\":\"ca\",\"@id\":\"https:\/\/www.psib-psoe.org\/eivissa\/el-comite-federal-del-psoe-aprova-les-candidatures-socialistes-per-guanyar-les-eleccions-generals-amb-milena-herrera-com-a-numero-3-al-congres-per-balears-i-la-candidatura-unitaria-de-lesquerra\/#primaryimage\",\"url\":\"https:\/\/www.psib-psoe.org\/eivissa\/wp-content\/uploads\/img_3735.jpg\",\"contentUrl\":\"https:\/\/www.psib-psoe.org\/eivissa\/wp-content\/uploads\/img_3735.jpg\",\"width\":1916,\"height\":1444},{\"@type\":\"BreadcrumbList\",\"@id\":\"https:\/\/www.psib-psoe.org\/eivissa\/el-comite-federal-del-psoe-aprova-les-candidatures-socialistes-per-guanyar-les-eleccions-generals-amb-milena-herrera-com-a-numero-3-al-congres-per-balears-i-la-candidatura-unitaria-de-lesquerra\/#breadcrumb\",\"itemListElement\":[{\"@type\":\"ListItem\",\"position\":1,\"name\":\"Inici\",\"item\":\"https:\/\/www.psib-psoe.org\/eivissa\/\"},{\"@type\":\"ListItem\",\"position\":2,\"name\":\"El Comit\u00e8 Federal del PSOE aprova les candidatures socialistes &#8220;per guanyar les eleccions generals&#8221;, amb Milena Herrera com a n\u00famero 3 al Congr\u00e9s per Balears i la candidatura unit\u00e0ria de l&#8217;esquerra al Senat per Eivissa i Formentera\"}]},{\"@type\":\"WebSite\",\"@id\":\"https:\/\/www.psib-psoe.org\/eivissa\/#website\",\"url\":\"https:\/\/www.psib-psoe.org\/eivissa\/\",\"name\":\"Federaci\u00f3 Socialista d'Eivissa\",\"description\":\"Socialistes d&#039;Eivissa\",\"publisher\":{\"@id\":\"https:\/\/www.psib-psoe.org\/eivissa\/#organization\"},\"potentialAction\":[{\"@type\":\"SearchAction\",\"target\":{\"@type\":\"EntryPoint\",\"urlTemplate\":\"https:\/\/www.psib-psoe.org\/eivissa\/?s={search_term_string}\"},\"query-input\":{\"@type\":\"PropertyValueSpecification\",\"valueRequired\":true,\"valueName\":\"search_term_string\"}}],\"inLanguage\":\"ca\"},{\"@type\":\"Organization\",\"@id\":\"https:\/\/www.psib-psoe.org\/eivissa\/#organization\",\"name\":\"Federaci\u00f3 Socialista d'Eivissa\",\"url\":\"https:\/\/www.psib-psoe.org\/eivissa\/\",\"logo\":{\"@type\":\"ImageObject\",\"inLanguage\":\"ca\",\"@id\":\"https:\/\/www.psib-psoe.org\/eivissa\/#\/schema\/logo\/image\/\",\"url\":\"https:\/\/www.psib-psoe.org\/eivissa\/wp-content\/uploads\/LOGO-FSE-SOCIALISTA-DEIVISSA-HORI.png\",\"contentUrl\":\"https:\/\/www.psib-psoe.org\/eivissa\/wp-content\/uploads\/LOGO-FSE-SOCIALISTA-DEIVISSA-HORI.png\",\"width\":6000,\"height\":3104,\"caption\":\"Federaci\u00f3 Socialista d'Eivissa\"},\"image\":{\"@id\":\"https:\/\/www.psib-psoe.org\/eivissa\/#\/schema\/logo\/image\/\"}},{\"@type\":\"Person\",\"@id\":\"https:\/\/www.psib-psoe.org\/eivissa\/#\/schema\/person\/7a9d2841fb36f32e34fc0e9b245e8117\",\"name\":\"Josep Ripoll\",\"sameAs\":[\"http:\/\/www.psib-psoe.org\/eivissa\/wp-login.php\"],\"url\":\"https:\/\/www.psib-psoe.org\/eivissa\/author\/josep\/\"}]}<\/script>\n<!-- \/ Yoast SEO plugin. -->","yoast_head_json":{"title":"El Comit\u00e8 Federal del PSOE aprova les candidatures socialistes \"per guanyar les eleccions generals\", amb Milena Herrera com a n\u00famero 3 al Congr\u00e9s per Balears i la candidatura unit\u00e0ria de l'esquerra al Senat per Eivissa i Formentera - Federaci\u00f3 Socialista d&#039;Eivissa","robots":{"index":"index","follow":"follow","max-snippet":"max-snippet:-1","max-image-preview":"max-image-preview:large","max-video-preview":"max-video-preview:-1"},"canonical":"https:\/\/www.psib-psoe.org\/eivissa\/el-comite-federal-del-psoe-aprova-les-candidatures-socialistes-per-guanyar-les-eleccions-generals-amb-milena-herrera-com-a-numero-3-al-congres-per-balears-i-la-candidatura-unitaria-de-lesquerra\/","og_locale":"ca_ES","og_type":"article","og_title":"El Comit\u00e8 Federal del PSOE aprova les candidatures socialistes \"per guanyar les eleccions generals\", amb Milena Herrera com a n\u00famero 3 al Congr\u00e9s per Balears i la candidatura unit\u00e0ria de l'esquerra al Senat per Eivissa i Formentera - Federaci\u00f3 Socialista d&#039;Eivissa","og_description":"El Comit\u00e8 Federal del PSOE ha aprovat aquest mat\u00ed per unanimitat les candidatures socialistes, que compten amb Milena Herrera com a n\u00famero 3 al Congr\u00e9s del Diputats per Balears, en la llista que encap\u00e7ala Francina Armengol, mentre que al cambra territorial s&#8217;hi concorrer\u00e0 amb la candidatura unit\u00e0ria d&#8217;esquerres &#8220;Eivissa i Formentera al Senat&#8221;. El secretari&hellip;","og_url":"https:\/\/www.psib-psoe.org\/eivissa\/el-comite-federal-del-psoe-aprova-les-candidatures-socialistes-per-guanyar-les-eleccions-generals-amb-milena-herrera-com-a-numero-3-al-congres-per-balears-i-la-candidatura-unitaria-de-lesquerra\/","og_site_name":"Federaci\u00f3 Socialista d&#039;Eivissa","article_published_time":"2023-06-10T12:04:09+00:00","article_modified_time":"2023-06-10T12:04:13+00:00","og_image":[{"width":1916,"height":1444,"url":"https:\/\/www.psib-psoe.org\/eivissa\/wp-content\/uploads\/img_3735.jpg","type":"image\/jpeg"}],"author":"Josep Ripoll","twitter_card":"summary_large_image","twitter_misc":{"Escrit per":"Josep Ripoll","Temps estimat de lectura":"2 minuts"},"schema":{"@context":"https:\/\/schema.org","@graph":[{"@type":["Article","BlogPosting"],"@id":"https:\/\/www.psib-psoe.org\/eivissa\/el-comite-federal-del-psoe-aprova-les-candidatures-socialistes-per-guanyar-les-eleccions-generals-amb-milena-herrera-com-a-numero-3-al-congres-per-balears-i-la-candidatura-unitaria-de-lesquerra\/#article","isPartOf":{"@id":"https:\/\/www.psib-psoe.org\/eivissa\/el-comite-federal-del-psoe-aprova-les-candidatures-socialistes-per-guanyar-les-eleccions-generals-amb-milena-herrera-com-a-numero-3-al-congres-per-balears-i-la-candidatura-unitaria-de-lesquerra\/"},"author":{"name":"Josep Ripoll","@id":"https:\/\/www.psib-psoe.org\/eivissa\/#\/schema\/person\/7a9d2841fb36f32e34fc0e9b245e8117"},"headline":"El Comit\u00e8 Federal del PSOE aprova les candidatures socialistes &#8220;per guanyar les eleccions generals&#8221;, amb Milena Herrera com a n\u00famero 3 al Congr\u00e9s per Balears i la candidatura unit\u00e0ria de l&#8217;esquerra al Senat per Eivissa i Formentera","datePublished":"2023-06-10T12:04:09+00:00","dateModified":"2023-06-10T12:04:13+00:00","mainEntityOfPage":{"@id":"https:\/\/www.psib-psoe.org\/eivissa\/el-comite-federal-del-psoe-aprova-les-candidatures-socialistes-per-guanyar-les-eleccions-generals-amb-milena-herrera-com-a-numero-3-al-congres-per-balears-i-la-candidatura-unitaria-de-lesquerra\/"},"wordCount":422,"publisher":{"@id":"https:\/\/www.psib-psoe.org\/eivissa\/#organization"},"image":{"@id":"https:\/\/www.psib-psoe.org\/eivissa\/el-comite-federal-del-psoe-aprova-les-candidatures-socialistes-per-guanyar-les-eleccions-generals-amb-milena-herrera-com-a-numero-3-al-congres-per-balears-i-la-candidatura-unitaria-de-lesquerra\/#primaryimage"},"thumbnailUrl":"https:\/\/www.psib-psoe.org\/eivissa\/wp-content\/uploads\/img_3735.jpg","articleSection":["Federaci\u00f3 d'Eivissa - Portada","Govern d'Espanya - Congr\u00e9s - Senat - PSOE Federal"],"inLanguage":"ca"},{"@type":"WebPage","@id":"https:\/\/www.psib-psoe.org\/eivissa\/el-comite-federal-del-psoe-aprova-les-candidatures-socialistes-per-guanyar-les-eleccions-generals-amb-milena-herrera-com-a-numero-3-al-congres-per-balears-i-la-candidatura-unitaria-de-lesquerra\/","url":"https:\/\/www.psib-psoe.org\/eivissa\/el-comite-federal-del-psoe-aprova-les-candidatures-socialistes-per-guanyar-les-eleccions-generals-amb-milena-herrera-com-a-numero-3-al-congres-per-balears-i-la-candidatura-unitaria-de-lesquerra\/","name":"El Comit\u00e8 Federal del PSOE aprova les candidatures socialistes \"per guanyar les eleccions generals\", amb Milena Herrera com a n\u00famero 3 al Congr\u00e9s per Balears i la candidatura unit\u00e0ria de l'esquerra al Senat per Eivissa i Formentera - Federaci\u00f3 Socialista d&#039;Eivissa","isPartOf":{"@id":"https:\/\/www.psib-psoe.org\/eivissa\/#website"},"primaryImageOfPage":{"@id":"https:\/\/www.psib-psoe.org\/eivissa\/el-comite-federal-del-psoe-aprova-les-candidatures-socialistes-per-guanyar-les-eleccions-generals-amb-milena-herrera-com-a-numero-3-al-congres-per-balears-i-la-candidatura-unitaria-de-lesquerra\/#primaryimage"},"image":{"@id":"https:\/\/www.psib-psoe.org\/eivissa\/el-comite-federal-del-psoe-aprova-les-candidatures-socialistes-per-guanyar-les-eleccions-generals-amb-milena-herrera-com-a-numero-3-al-congres-per-balears-i-la-candidatura-unitaria-de-lesquerra\/#primaryimage"},"thumbnailUrl":"https:\/\/www.psib-psoe.org\/eivissa\/wp-content\/uploads\/img_3735.jpg","datePublished":"2023-06-10T12:04:09+00:00","dateModified":"2023-06-10T12:04:13+00:00","breadcrumb":{"@id":"https:\/\/www.psib-psoe.org\/eivissa\/el-comite-federal-del-psoe-aprova-les-candidatures-socialistes-per-guanyar-les-eleccions-generals-amb-milena-herrera-com-a-numero-3-al-congres-per-balears-i-la-candidatura-unitaria-de-lesquerra\/#breadcrumb"},"inLanguage":"ca","potentialAction":[{"@type":"ReadAction","target":["https:\/\/www.psib-psoe.org\/eivissa\/el-comite-federal-del-psoe-aprova-les-candidatures-socialistes-per-guanyar-les-eleccions-generals-amb-milena-herrera-com-a-numero-3-al-congres-per-balears-i-la-candidatura-unitaria-de-lesquerra\/"]}]},{"@type":"ImageObject","inLanguage":"ca","@id":"https:\/\/www.psib-psoe.org\/eivissa\/el-comite-federal-del-psoe-aprova-les-candidatures-socialistes-per-guanyar-les-eleccions-generals-amb-milena-herrera-com-a-numero-3-al-congres-per-balears-i-la-candidatura-unitaria-de-lesquerra\/#primaryimage","url":"https:\/\/www.psib-psoe.org\/eivissa\/wp-content\/uploads\/img_3735.jpg","contentUrl":"https:\/\/www.psib-psoe.org\/eivissa\/wp-content\/uploads\/img_3735.jpg","width":1916,"height":1444},{"@type":"BreadcrumbList","@id":"https:\/\/www.psib-psoe.org\/eivissa\/el-comite-federal-del-psoe-aprova-les-candidatures-socialistes-per-guanyar-les-eleccions-generals-amb-milena-herrera-com-a-numero-3-al-congres-per-balears-i-la-candidatura-unitaria-de-lesquerra\/#breadcrumb","itemListElement":[{"@type":"ListItem","position":1,"name":"Inici","item":"https:\/\/www.psib-psoe.org\/eivissa\/"},{"@type":"ListItem","position":2,"name":"El Comit\u00e8 Federal del PSOE aprova les candidatures socialistes &#8220;per guanyar les eleccions generals&#8221;, amb Milena Herrera com a n\u00famero 3 al Congr\u00e9s per Balears i la candidatura unit\u00e0ria de l&#8217;esquerra al Senat per Eivissa i Formentera"}]},{"@type":"WebSite","@id":"https:\/\/www.psib-psoe.org\/eivissa\/#website","url":"https:\/\/www.psib-psoe.org\/eivissa\/","name":"Federaci\u00f3 Socialista d'Eivissa","description":"Socialistes d&#039;Eivissa","publisher":{"@id":"https:\/\/www.psib-psoe.org\/eivissa\/#organization"},"potentialAction":[{"@type":"SearchAction","target":{"@type":"EntryPoint","urlTemplate":"https:\/\/www.psib-psoe.org\/eivissa\/?s={search_term_string}"},"query-input":{"@type":"PropertyValueSpecification","valueRequired":true,"valueName":"search_term_string"}}],"inLanguage":"ca"},{"@type":"Organization","@id":"https:\/\/www.psib-psoe.org\/eivissa\/#organization","name":"Federaci\u00f3 Socialista d'Eivissa","url":"https:\/\/www.psib-psoe.org\/eivissa\/","logo":{"@type":"ImageObject","inLanguage":"ca","@id":"https:\/\/www.psib-psoe.org\/eivissa\/#\/schema\/logo\/image\/","url":"https:\/\/www.psib-psoe.org\/eivissa\/wp-content\/uploads\/LOGO-FSE-SOCIALISTA-DEIVISSA-HORI.png","contentUrl":"https:\/\/www.psib-psoe.org\/eivissa\/wp-content\/uploads\/LOGO-FSE-SOCIALISTA-DEIVISSA-HORI.png","width":6000,"height":3104,"caption":"Federaci\u00f3 Socialista d'Eivissa"},"image":{"@id":"https:\/\/www.psib-psoe.org\/eivissa\/#\/schema\/logo\/image\/"}},{"@type":"Person","@id":"https:\/\/www.psib-psoe.org\/eivissa\/#\/schema\/person\/7a9d2841fb36f32e34fc0e9b245e8117","name":"Josep Ripoll","sameAs":["http:\/\/www.psib-psoe.org\/eivissa\/wp-login.php"],"url":"https:\/\/www.psib-psoe.org\/eivissa\/author\/josep\/"}]}},"_links":{"self":[{"href":"https:\/\/www.psib-psoe.org\/eivissa\/wp-json\/wp\/v2\/posts\/37562","targetHints":{"allow":["GET"]}}],"collection":[{"href":"https:\/\/www.psib-psoe.org\/eivissa\/wp-json\/wp\/v2\/posts"}],"about":[{"href":"https:\/\/www.psib-psoe.org\/eivissa\/wp-json\/wp\/v2\/types\/post"}],"author":[{"embeddable":true,"href":"https:\/\/www.psib-psoe.org\/eivissa\/wp-json\/wp\/v2\/users\/7"}],"replies":[{"embeddable":true,"href":"https:\/\/www.psib-psoe.org\/eivissa\/wp-json\/wp\/v2\/comments?post=37562"}],"version-history":[{"count":1,"href":"https:\/\/www.psib-psoe.org\/eivissa\/wp-json\/wp\/v2\/posts\/37562\/revisions"}],"predecessor-version":[{"id":37563,"href":"https:\/\/www.psib-psoe.org\/eivissa\/wp-json\/wp\/v2\/posts\/37562\/revisions\/37563"}],"wp:featuredmedia":[{"embeddable":true,"href":"https:\/\/www.psib-psoe.org\/eivissa\/wp-json\/wp\/v2\/media\/37560"}],"wp:attachment":[{"href":"https:\/\/www.psib-psoe.org\/eivissa\/wp-json\/wp\/v2\/media?parent=37562"}],"wp:term":[{"taxonomy":"category","embeddable":true,"href":"https:\/\/www.psib-psoe.org\/eivissa\/wp-json\/wp\/v2\/categories?post=37562"},{"taxonomy":"post_tag","embeddable":true,"href":"https:\/\/www.psib-psoe.org\/eivissa\/wp-json\/wp\/v2\/tags?post=37562"}],"curies":[{"name":"wp","href":"https:\/\/api.w.org\/{rel}","templated":true}]}}