{"id":37601,"date":"2023-06-28T16:47:31","date_gmt":"2023-06-28T14:47:31","guid":{"rendered":"https:\/\/www.psib-psoe.org\/eivissa\/?p=37601"},"modified":"2023-06-28T16:47:34","modified_gmt":"2023-06-28T14:47:34","slug":"milena-herrera-la-decisio-del-pp-balear-docultar-la-bandera-lgtbi-es-alarmant","status":"publish","type":"post","link":"https:\/\/www.psib-psoe.org\/eivissa\/milena-herrera-la-decisio-del-pp-balear-docultar-la-bandera-lgtbi-es-alarmant\/","title":{"rendered":"Milena Herrera: \u201cLa decisi\u00f3 del PP balear d\u2019ocultar la bandera LGTBI \u00e9s alarmant\u201d"},"content":{"rendered":"\n<p>Avui, en commemoraci\u00f3 del Dia de l&#8217;Orgull, els i les Socialistes d&#8217;Eivissa, encap\u00e7alats per la candidata al Congr\u00e9s dels Diputats, Milena Herrera, volen enviar un missatge clar a la comunitat LGTBI i a la resta de la societat. La candidata manifesta la seua decidida &#8220;oposici\u00f3 a qualsevol intent de reduir els drets i les llibertats&#8221;, i expressa la seva &#8220;profunda preocupaci\u00f3 per les accions que ha empr\u00e8s la dreta&#8221;, concretament pel Partit Popular. Milena Herrera lamentat que el PP s&#8217;ha negat la col\u00b7locaci\u00f3 de la bandera LGTBI davant la fa\u00e7ana del Parlament de les Illes Balears. Aquesta negativa, segons Herrera, &#8220;evidencia la tend\u00e8ncia del Partit Popular a reduir q\u00fcestions simb\u00f2liques que, en \u00faltima inst\u00e0ncia, afecten les persones&#8221;. La candidata denuncia que aquesta reducci\u00f3 progressiva \u00e9s &#8220;alarmant i preocupant per a tots aquells que estan fora de qualsevol pol\u00e8mica partidista&#8221;.<\/p>\n\n\n\n<p>La candidata eivissenca al Congr\u00e9s ha participat a Palma en l&#8217;acte de protesta pels fets del Parlament, amb el desplegament d&#8217;una gran bandera LGTBI a la fa\u00e7ana de la seu del PSIB-PSOE. &#8220;Com a Partit Socialista, no permetrem cap reducci\u00f3 en mat\u00e8ria de drets i llibertats&#8221;, afirma Milena Herrera amb fermesa. &#8220;Estam plenament compromesos i compromeses amb la defensa del col\u00b7lectiu LGTBI i no permetrem que la dreta, ja sigui l&#8217;ultradreta o altres forces conservadores, limitin les seues oportunitats i aconseguiments. Ens enorgulleix defensar els drets i les llibertats de totes&nbsp;les persones, sense excepci\u00f3&#8221;.<\/p>\n\n\n\n<p>El PSOE d&#8217;Eivissa, amb la seua candidata Milena Herrera al capdavant, vol reiterar el seu comprom\u00eds amb la comunitat LGTBI i amb la defensa dels seus drets i llibertats. El partit insta a la societat a unir-se en aquesta causa, aturant al PP i Vox, que volen invisibilitzar la lluita de les persones LGTBI i retallar-lis els drets aconseguits els \u00faltims 20 anys gr\u00e0cies als diferents governs socialistes.<\/p>\n","protected":false},"excerpt":{"rendered":"<p>Avui, en commemoraci\u00f3 del Dia de l&#8217;Orgull, els i les Socialistes d&#8217;Eivissa, encap\u00e7alats per la candidata al Congr\u00e9s dels Diputats, Milena Herrera, volen enviar un missatge clar a la comunitat LGTBI i a la resta de la societat. La candidata manifesta la seua decidida &#8220;oposici\u00f3 a qualsevol intent de reduir els drets i les llibertats&#8221;,&hellip;<\/p>\n","protected":false},"author":7,"featured_media":37599,"comment_status":"closed","ping_status":"closed","sticky":false,"template":"","format":"standard","meta":{"footnotes":""},"categories":[1,190,191,256],"tags":[],"class_list":["post-37601","post","type-post","status-publish","format-standard","has-post-thumbnail","hentry","category-federacio-de-eivissa-portada","category-govern-despanya-congres-senat","category-govern-de-les-illes-balears-parlament","category-lgtbi"],"yoast_head":"<!-- This site is optimized with the Yoast SEO plugin v26.9 - https:\/\/yoast.com\/product\/yoast-seo-wordpress\/ -->\n<title>Milena Herrera: \u201cLa decisi\u00f3 del PP balear d\u2019ocultar la bandera LGTBI \u00e9s alarmant\u201d - Federaci\u00f3 Socialista d&#039;Eivissa<\/title>\n<meta name=\"robots\" content=\"index, follow, max-snippet:-1, max-image-preview:large, max-video-preview:-1\" \/>\n<link rel=\"canonical\" href=\"https:\/\/www.psib-psoe.org\/eivissa\/milena-herrera-la-decisio-del-pp-balear-docultar-la-bandera-lgtbi-es-alarmant\/\" \/>\n<meta property=\"og:locale\" content=\"ca_ES\" \/>\n<meta property=\"og:type\" content=\"article\" \/>\n<meta property=\"og:title\" content=\"Milena Herrera: \u201cLa decisi\u00f3 del PP balear d\u2019ocultar la bandera LGTBI \u00e9s alarmant\u201d - Federaci\u00f3 Socialista d&#039;Eivissa\" \/>\n<meta property=\"og:description\" content=\"Avui, en commemoraci\u00f3 del Dia de l&#8217;Orgull, els i les Socialistes d&#8217;Eivissa, encap\u00e7alats per la candidata al Congr\u00e9s dels Diputats, Milena Herrera, volen enviar un missatge clar a la comunitat LGTBI i a la resta de la societat. La candidata manifesta la seua decidida &#8220;oposici\u00f3 a qualsevol intent de reduir els drets i les llibertats&#8221;,&hellip;\" \/>\n<meta property=\"og:url\" content=\"https:\/\/www.psib-psoe.org\/eivissa\/milena-herrera-la-decisio-del-pp-balear-docultar-la-bandera-lgtbi-es-alarmant\/\" \/>\n<meta property=\"og:site_name\" content=\"Federaci\u00f3 Socialista d&#039;Eivissa\" \/>\n<meta property=\"article:published_time\" content=\"2023-06-28T14:47:31+00:00\" \/>\n<meta property=\"article:modified_time\" content=\"2023-06-28T14:47:34+00:00\" \/>\n<meta property=\"og:image\" content=\"https:\/\/www.psib-psoe.org\/eivissa\/wp-content\/uploads\/80adc506-0b82-4e56-a780-ea84b42e8261.jpg\" \/>\n\t<meta property=\"og:image:width\" content=\"1024\" \/>\n\t<meta property=\"og:image:height\" content=\"765\" \/>\n\t<meta property=\"og:image:type\" content=\"image\/jpeg\" \/>\n<meta name=\"author\" content=\"Josep Ripoll\" \/>\n<meta name=\"twitter:card\" content=\"summary_large_image\" \/>\n<meta name=\"twitter:label1\" content=\"Escrit per\" \/>\n\t<meta name=\"twitter:data1\" content=\"Josep Ripoll\" \/>\n\t<meta name=\"twitter:label2\" content=\"Temps estimat de lectura\" \/>\n\t<meta name=\"twitter:data2\" content=\"2 minuts\" \/>\n<script type=\"application\/ld+json\" class=\"yoast-schema-graph\">{\"@context\":\"https:\/\/schema.org\",\"@graph\":[{\"@type\":[\"Article\",\"BlogPosting\"],\"@id\":\"https:\/\/www.psib-psoe.org\/eivissa\/milena-herrera-la-decisio-del-pp-balear-docultar-la-bandera-lgtbi-es-alarmant\/#article\",\"isPartOf\":{\"@id\":\"https:\/\/www.psib-psoe.org\/eivissa\/milena-herrera-la-decisio-del-pp-balear-docultar-la-bandera-lgtbi-es-alarmant\/\"},\"author\":{\"name\":\"Josep Ripoll\",\"@id\":\"https:\/\/www.psib-psoe.org\/eivissa\/#\/schema\/person\/7a9d2841fb36f32e34fc0e9b245e8117\"},\"headline\":\"Milena Herrera: \u201cLa decisi\u00f3 del PP balear d\u2019ocultar la bandera LGTBI \u00e9s alarmant\u201d\",\"datePublished\":\"2023-06-28T14:47:31+00:00\",\"dateModified\":\"2023-06-28T14:47:34+00:00\",\"mainEntityOfPage\":{\"@id\":\"https:\/\/www.psib-psoe.org\/eivissa\/milena-herrera-la-decisio-del-pp-balear-docultar-la-bandera-lgtbi-es-alarmant\/\"},\"wordCount\":332,\"publisher\":{\"@id\":\"https:\/\/www.psib-psoe.org\/eivissa\/#organization\"},\"image\":{\"@id\":\"https:\/\/www.psib-psoe.org\/eivissa\/milena-herrera-la-decisio-del-pp-balear-docultar-la-bandera-lgtbi-es-alarmant\/#primaryimage\"},\"thumbnailUrl\":\"https:\/\/www.psib-psoe.org\/eivissa\/wp-content\/uploads\/80adc506-0b82-4e56-a780-ea84b42e8261.jpg\",\"articleSection\":[\"Federaci\u00f3 d'Eivissa - Portada\",\"Govern d'Espanya - Congr\u00e9s - Senat - PSOE Federal\",\"Govern de les Illes Balears - Parlament - PSIB-PSOE\",\"LGTBI\"],\"inLanguage\":\"ca\"},{\"@type\":\"WebPage\",\"@id\":\"https:\/\/www.psib-psoe.org\/eivissa\/milena-herrera-la-decisio-del-pp-balear-docultar-la-bandera-lgtbi-es-alarmant\/\",\"url\":\"https:\/\/www.psib-psoe.org\/eivissa\/milena-herrera-la-decisio-del-pp-balear-docultar-la-bandera-lgtbi-es-alarmant\/\",\"name\":\"Milena Herrera: \u201cLa decisi\u00f3 del PP balear d\u2019ocultar la bandera LGTBI \u00e9s alarmant\u201d - Federaci\u00f3 Socialista d&#039;Eivissa\",\"isPartOf\":{\"@id\":\"https:\/\/www.psib-psoe.org\/eivissa\/#website\"},\"primaryImageOfPage\":{\"@id\":\"https:\/\/www.psib-psoe.org\/eivissa\/milena-herrera-la-decisio-del-pp-balear-docultar-la-bandera-lgtbi-es-alarmant\/#primaryimage\"},\"image\":{\"@id\":\"https:\/\/www.psib-psoe.org\/eivissa\/milena-herrera-la-decisio-del-pp-balear-docultar-la-bandera-lgtbi-es-alarmant\/#primaryimage\"},\"thumbnailUrl\":\"https:\/\/www.psib-psoe.org\/eivissa\/wp-content\/uploads\/80adc506-0b82-4e56-a780-ea84b42e8261.jpg\",\"datePublished\":\"2023-06-28T14:47:31+00:00\",\"dateModified\":\"2023-06-28T14:47:34+00:00\",\"breadcrumb\":{\"@id\":\"https:\/\/www.psib-psoe.org\/eivissa\/milena-herrera-la-decisio-del-pp-balear-docultar-la-bandera-lgtbi-es-alarmant\/#breadcrumb\"},\"inLanguage\":\"ca\",\"potentialAction\":[{\"@type\":\"ReadAction\",\"target\":[\"https:\/\/www.psib-psoe.org\/eivissa\/milena-herrera-la-decisio-del-pp-balear-docultar-la-bandera-lgtbi-es-alarmant\/\"]}]},{\"@type\":\"ImageObject\",\"inLanguage\":\"ca\",\"@id\":\"https:\/\/www.psib-psoe.org\/eivissa\/milena-herrera-la-decisio-del-pp-balear-docultar-la-bandera-lgtbi-es-alarmant\/#primaryimage\",\"url\":\"https:\/\/www.psib-psoe.org\/eivissa\/wp-content\/uploads\/80adc506-0b82-4e56-a780-ea84b42e8261.jpg\",\"contentUrl\":\"https:\/\/www.psib-psoe.org\/eivissa\/wp-content\/uploads\/80adc506-0b82-4e56-a780-ea84b42e8261.jpg\",\"width\":1024,\"height\":765},{\"@type\":\"BreadcrumbList\",\"@id\":\"https:\/\/www.psib-psoe.org\/eivissa\/milena-herrera-la-decisio-del-pp-balear-docultar-la-bandera-lgtbi-es-alarmant\/#breadcrumb\",\"itemListElement\":[{\"@type\":\"ListItem\",\"position\":1,\"name\":\"Inici\",\"item\":\"https:\/\/www.psib-psoe.org\/eivissa\/\"},{\"@type\":\"ListItem\",\"position\":2,\"name\":\"Milena Herrera: \u201cLa decisi\u00f3 del PP balear d\u2019ocultar la bandera LGTBI \u00e9s alarmant\u201d\"}]},{\"@type\":\"WebSite\",\"@id\":\"https:\/\/www.psib-psoe.org\/eivissa\/#website\",\"url\":\"https:\/\/www.psib-psoe.org\/eivissa\/\",\"name\":\"Federaci\u00f3 Socialista d'Eivissa\",\"description\":\"Socialistes d&#039;Eivissa\",\"publisher\":{\"@id\":\"https:\/\/www.psib-psoe.org\/eivissa\/#organization\"},\"potentialAction\":[{\"@type\":\"SearchAction\",\"target\":{\"@type\":\"EntryPoint\",\"urlTemplate\":\"https:\/\/www.psib-psoe.org\/eivissa\/?s={search_term_string}\"},\"query-input\":{\"@type\":\"PropertyValueSpecification\",\"valueRequired\":true,\"valueName\":\"search_term_string\"}}],\"inLanguage\":\"ca\"},{\"@type\":\"Organization\",\"@id\":\"https:\/\/www.psib-psoe.org\/eivissa\/#organization\",\"name\":\"Federaci\u00f3 Socialista d'Eivissa\",\"url\":\"https:\/\/www.psib-psoe.org\/eivissa\/\",\"logo\":{\"@type\":\"ImageObject\",\"inLanguage\":\"ca\",\"@id\":\"https:\/\/www.psib-psoe.org\/eivissa\/#\/schema\/logo\/image\/\",\"url\":\"https:\/\/www.psib-psoe.org\/eivissa\/wp-content\/uploads\/LOGO-FSE-SOCIALISTA-DEIVISSA-HORI.png\",\"contentUrl\":\"https:\/\/www.psib-psoe.org\/eivissa\/wp-content\/uploads\/LOGO-FSE-SOCIALISTA-DEIVISSA-HORI.png\",\"width\":6000,\"height\":3104,\"caption\":\"Federaci\u00f3 Socialista d'Eivissa\"},\"image\":{\"@id\":\"https:\/\/www.psib-psoe.org\/eivissa\/#\/schema\/logo\/image\/\"}},{\"@type\":\"Person\",\"@id\":\"https:\/\/www.psib-psoe.org\/eivissa\/#\/schema\/person\/7a9d2841fb36f32e34fc0e9b245e8117\",\"name\":\"Josep Ripoll\",\"sameAs\":[\"http:\/\/www.psib-psoe.org\/eivissa\/wp-login.php\"],\"url\":\"https:\/\/www.psib-psoe.org\/eivissa\/author\/josep\/\"}]}<\/script>\n<!-- \/ Yoast SEO plugin. -->","yoast_head_json":{"title":"Milena Herrera: \u201cLa decisi\u00f3 del PP balear d\u2019ocultar la bandera LGTBI \u00e9s alarmant\u201d - Federaci\u00f3 Socialista d&#039;Eivissa","robots":{"index":"index","follow":"follow","max-snippet":"max-snippet:-1","max-image-preview":"max-image-preview:large","max-video-preview":"max-video-preview:-1"},"canonical":"https:\/\/www.psib-psoe.org\/eivissa\/milena-herrera-la-decisio-del-pp-balear-docultar-la-bandera-lgtbi-es-alarmant\/","og_locale":"ca_ES","og_type":"article","og_title":"Milena Herrera: \u201cLa decisi\u00f3 del PP balear d\u2019ocultar la bandera LGTBI \u00e9s alarmant\u201d - Federaci\u00f3 Socialista d&#039;Eivissa","og_description":"Avui, en commemoraci\u00f3 del Dia de l&#8217;Orgull, els i les Socialistes d&#8217;Eivissa, encap\u00e7alats per la candidata al Congr\u00e9s dels Diputats, Milena Herrera, volen enviar un missatge clar a la comunitat LGTBI i a la resta de la societat. La candidata manifesta la seua decidida &#8220;oposici\u00f3 a qualsevol intent de reduir els drets i les llibertats&#8221;,&hellip;","og_url":"https:\/\/www.psib-psoe.org\/eivissa\/milena-herrera-la-decisio-del-pp-balear-docultar-la-bandera-lgtbi-es-alarmant\/","og_site_name":"Federaci\u00f3 Socialista d&#039;Eivissa","article_published_time":"2023-06-28T14:47:31+00:00","article_modified_time":"2023-06-28T14:47:34+00:00","og_image":[{"width":1024,"height":765,"url":"https:\/\/www.psib-psoe.org\/eivissa\/wp-content\/uploads\/80adc506-0b82-4e56-a780-ea84b42e8261.jpg","type":"image\/jpeg"}],"author":"Josep Ripoll","twitter_card":"summary_large_image","twitter_misc":{"Escrit per":"Josep Ripoll","Temps estimat de lectura":"2 minuts"},"schema":{"@context":"https:\/\/schema.org","@graph":[{"@type":["Article","BlogPosting"],"@id":"https:\/\/www.psib-psoe.org\/eivissa\/milena-herrera-la-decisio-del-pp-balear-docultar-la-bandera-lgtbi-es-alarmant\/#article","isPartOf":{"@id":"https:\/\/www.psib-psoe.org\/eivissa\/milena-herrera-la-decisio-del-pp-balear-docultar-la-bandera-lgtbi-es-alarmant\/"},"author":{"name":"Josep Ripoll","@id":"https:\/\/www.psib-psoe.org\/eivissa\/#\/schema\/person\/7a9d2841fb36f32e34fc0e9b245e8117"},"headline":"Milena Herrera: \u201cLa decisi\u00f3 del PP balear d\u2019ocultar la bandera LGTBI \u00e9s alarmant\u201d","datePublished":"2023-06-28T14:47:31+00:00","dateModified":"2023-06-28T14:47:34+00:00","mainEntityOfPage":{"@id":"https:\/\/www.psib-psoe.org\/eivissa\/milena-herrera-la-decisio-del-pp-balear-docultar-la-bandera-lgtbi-es-alarmant\/"},"wordCount":332,"publisher":{"@id":"https:\/\/www.psib-psoe.org\/eivissa\/#organization"},"image":{"@id":"https:\/\/www.psib-psoe.org\/eivissa\/milena-herrera-la-decisio-del-pp-balear-docultar-la-bandera-lgtbi-es-alarmant\/#primaryimage"},"thumbnailUrl":"https:\/\/www.psib-psoe.org\/eivissa\/wp-content\/uploads\/80adc506-0b82-4e56-a780-ea84b42e8261.jpg","articleSection":["Federaci\u00f3 d'Eivissa - Portada","Govern d'Espanya - Congr\u00e9s - Senat - PSOE Federal","Govern de les Illes Balears - Parlament - PSIB-PSOE","LGTBI"],"inLanguage":"ca"},{"@type":"WebPage","@id":"https:\/\/www.psib-psoe.org\/eivissa\/milena-herrera-la-decisio-del-pp-balear-docultar-la-bandera-lgtbi-es-alarmant\/","url":"https:\/\/www.psib-psoe.org\/eivissa\/milena-herrera-la-decisio-del-pp-balear-docultar-la-bandera-lgtbi-es-alarmant\/","name":"Milena Herrera: \u201cLa decisi\u00f3 del PP balear d\u2019ocultar la bandera LGTBI \u00e9s alarmant\u201d - Federaci\u00f3 Socialista d&#039;Eivissa","isPartOf":{"@id":"https:\/\/www.psib-psoe.org\/eivissa\/#website"},"primaryImageOfPage":{"@id":"https:\/\/www.psib-psoe.org\/eivissa\/milena-herrera-la-decisio-del-pp-balear-docultar-la-bandera-lgtbi-es-alarmant\/#primaryimage"},"image":{"@id":"https:\/\/www.psib-psoe.org\/eivissa\/milena-herrera-la-decisio-del-pp-balear-docultar-la-bandera-lgtbi-es-alarmant\/#primaryimage"},"thumbnailUrl":"https:\/\/www.psib-psoe.org\/eivissa\/wp-content\/uploads\/80adc506-0b82-4e56-a780-ea84b42e8261.jpg","datePublished":"2023-06-28T14:47:31+00:00","dateModified":"2023-06-28T14:47:34+00:00","breadcrumb":{"@id":"https:\/\/www.psib-psoe.org\/eivissa\/milena-herrera-la-decisio-del-pp-balear-docultar-la-bandera-lgtbi-es-alarmant\/#breadcrumb"},"inLanguage":"ca","potentialAction":[{"@type":"ReadAction","target":["https:\/\/www.psib-psoe.org\/eivissa\/milena-herrera-la-decisio-del-pp-balear-docultar-la-bandera-lgtbi-es-alarmant\/"]}]},{"@type":"ImageObject","inLanguage":"ca","@id":"https:\/\/www.psib-psoe.org\/eivissa\/milena-herrera-la-decisio-del-pp-balear-docultar-la-bandera-lgtbi-es-alarmant\/#primaryimage","url":"https:\/\/www.psib-psoe.org\/eivissa\/wp-content\/uploads\/80adc506-0b82-4e56-a780-ea84b42e8261.jpg","contentUrl":"https:\/\/www.psib-psoe.org\/eivissa\/wp-content\/uploads\/80adc506-0b82-4e56-a780-ea84b42e8261.jpg","width":1024,"height":765},{"@type":"BreadcrumbList","@id":"https:\/\/www.psib-psoe.org\/eivissa\/milena-herrera-la-decisio-del-pp-balear-docultar-la-bandera-lgtbi-es-alarmant\/#breadcrumb","itemListElement":[{"@type":"ListItem","position":1,"name":"Inici","item":"https:\/\/www.psib-psoe.org\/eivissa\/"},{"@type":"ListItem","position":2,"name":"Milena Herrera: \u201cLa decisi\u00f3 del PP balear d\u2019ocultar la bandera LGTBI \u00e9s alarmant\u201d"}]},{"@type":"WebSite","@id":"https:\/\/www.psib-psoe.org\/eivissa\/#website","url":"https:\/\/www.psib-psoe.org\/eivissa\/","name":"Federaci\u00f3 Socialista d'Eivissa","description":"Socialistes d&#039;Eivissa","publisher":{"@id":"https:\/\/www.psib-psoe.org\/eivissa\/#organization"},"potentialAction":[{"@type":"SearchAction","target":{"@type":"EntryPoint","urlTemplate":"https:\/\/www.psib-psoe.org\/eivissa\/?s={search_term_string}"},"query-input":{"@type":"PropertyValueSpecification","valueRequired":true,"valueName":"search_term_string"}}],"inLanguage":"ca"},{"@type":"Organization","@id":"https:\/\/www.psib-psoe.org\/eivissa\/#organization","name":"Federaci\u00f3 Socialista d'Eivissa","url":"https:\/\/www.psib-psoe.org\/eivissa\/","logo":{"@type":"ImageObject","inLanguage":"ca","@id":"https:\/\/www.psib-psoe.org\/eivissa\/#\/schema\/logo\/image\/","url":"https:\/\/www.psib-psoe.org\/eivissa\/wp-content\/uploads\/LOGO-FSE-SOCIALISTA-DEIVISSA-HORI.png","contentUrl":"https:\/\/www.psib-psoe.org\/eivissa\/wp-content\/uploads\/LOGO-FSE-SOCIALISTA-DEIVISSA-HORI.png","width":6000,"height":3104,"caption":"Federaci\u00f3 Socialista d'Eivissa"},"image":{"@id":"https:\/\/www.psib-psoe.org\/eivissa\/#\/schema\/logo\/image\/"}},{"@type":"Person","@id":"https:\/\/www.psib-psoe.org\/eivissa\/#\/schema\/person\/7a9d2841fb36f32e34fc0e9b245e8117","name":"Josep Ripoll","sameAs":["http:\/\/www.psib-psoe.org\/eivissa\/wp-login.php"],"url":"https:\/\/www.psib-psoe.org\/eivissa\/author\/josep\/"}]}},"_links":{"self":[{"href":"https:\/\/www.psib-psoe.org\/eivissa\/wp-json\/wp\/v2\/posts\/37601","targetHints":{"allow":["GET"]}}],"collection":[{"href":"https:\/\/www.psib-psoe.org\/eivissa\/wp-json\/wp\/v2\/posts"}],"about":[{"href":"https:\/\/www.psib-psoe.org\/eivissa\/wp-json\/wp\/v2\/types\/post"}],"author":[{"embeddable":true,"href":"https:\/\/www.psib-psoe.org\/eivissa\/wp-json\/wp\/v2\/users\/7"}],"replies":[{"embeddable":true,"href":"https:\/\/www.psib-psoe.org\/eivissa\/wp-json\/wp\/v2\/comments?post=37601"}],"version-history":[{"count":1,"href":"https:\/\/www.psib-psoe.org\/eivissa\/wp-json\/wp\/v2\/posts\/37601\/revisions"}],"predecessor-version":[{"id":37602,"href":"https:\/\/www.psib-psoe.org\/eivissa\/wp-json\/wp\/v2\/posts\/37601\/revisions\/37602"}],"wp:featuredmedia":[{"embeddable":true,"href":"https:\/\/www.psib-psoe.org\/eivissa\/wp-json\/wp\/v2\/media\/37599"}],"wp:attachment":[{"href":"https:\/\/www.psib-psoe.org\/eivissa\/wp-json\/wp\/v2\/media?parent=37601"}],"wp:term":[{"taxonomy":"category","embeddable":true,"href":"https:\/\/www.psib-psoe.org\/eivissa\/wp-json\/wp\/v2\/categories?post=37601"},{"taxonomy":"post_tag","embeddable":true,"href":"https:\/\/www.psib-psoe.org\/eivissa\/wp-json\/wp\/v2\/tags?post=37601"}],"curies":[{"name":"wp","href":"https:\/\/api.w.org\/{rel}","templated":true}]}}