{"id":37649,"date":"2023-07-10T13:02:08","date_gmt":"2023-07-10T11:02:08","guid":{"rendered":"https:\/\/www.psib-psoe.org\/eivissa\/?p=37649"},"modified":"2023-07-10T13:02:08","modified_gmt":"2023-07-10T11:02:08","slug":"milena-herrera-presenta-les-propostes-en-materia-deducacio-per-a-garantir-una-educacio-dexcellencia-inclusiva-i-equitativa","status":"publish","type":"post","link":"https:\/\/www.psib-psoe.org\/eivissa\/milena-herrera-presenta-les-propostes-en-materia-deducacio-per-a-garantir-una-educacio-dexcellencia-inclusiva-i-equitativa\/","title":{"rendered":"Milena Herrera presenta les propostes en mat\u00e8ria d&#8217;Educaci\u00f3 per a garantir una educaci\u00f3 d&#8217;excel\u00b7l\u00e8ncia, inclusiva i equitativa."},"content":{"rendered":"<p>La candidata del Partit Socialista (PSOE) al Congr\u00e9s, Milena Herrera, ha presentat les principals propostes del programa electoral del PSOE en mat\u00e8ria d&#8217;Educaci\u00f3. Acompanyada del Secretari General i portaveu del partit al Consell Insular, Josep Mar\u00ed Ribas, i el diputat Alex Pitaluga, Herrera ha destacat la import\u00e0ncia de l&#8217;educaci\u00f3 com a pilar fonamental del progr\u00e9s i la igualtat.<\/p>\n<p>&#8220;Per al PSOE, una educaci\u00f3 universal, gratu\u00efta i de qualitat \u00e9s essencial per al desenvolupament d&#8217;una ciutadania lliure, cr\u00edtica i culta, amb confian\u00e7a en les seves pr\u00f2pies capacitats&#8221;, ha afirmat Herrera.<\/p>\n<p>Durant els \u00faltims anys, el Govern progressista ha realitzat una inversi\u00f3 sense precedents per millorar el sistema educatiu i equiparar-lo als est\u00e0ndards europeus. No obstant aix\u00f2, Herrera ha destacat que encara queda molt per fer i ha alertat del risc de retrocedir en aquests aven\u00e7os amb un govern de dretes i ultradreta.<\/p>\n<p>&#8220;El model de la dreta i la ultradreta \u00e9s el model de la segregaci\u00f3 del pin parental, que limita la llibertat del professorat i empobreix la capacitat cr\u00edtica de la societat&#8221;, ha afirmat Herrera amb preocupaci\u00f3.<\/p>\n<p>En relaci\u00f3 a les propostes concretes, Herrera ha destacat la voluntat del PSOE d&#8217;ampliar el dret a la formaci\u00f3 i l&#8217;aprenentatge al llarg de tota la vida, universalitzant l&#8217;escolaritzaci\u00f3 des de les escoles infantils fins a la formaci\u00f3 professional. &#8220;Volem garantir una oferta suficient de places p\u00fabliques gratu\u00eftes des de les escoles infantils i fins a la formaci\u00f3 professional&#8221;, ha afirmat Herrera.<\/p>\n<p>Tamb\u00e9 ha subratllat la import\u00e0ncia de reduir l&#8217;abandonament i el frac\u00e0s escolar mitjan\u00e7ant mesures espec\u00edfiques. &#8220;Volem implementar un paquet de mesures per continuar reduint l&#8217;abandonament i el frac\u00e0s escolar, mitjan\u00e7ant programes de refor\u00e7 de l&#8217;equitat i millora de resultats, amb programes de refor\u00e7 i recolzament educatiu&#8221;, ha declarat.<\/p>\n<p>La candidata del PSOE ha expressat la seva preocupaci\u00f3 per la situaci\u00f3 dels centres educatius amb una major complexitat social. &#8220;Una tercera pota del nostre programa preveu incrementar els recursos i la formaci\u00f3 espec\u00edfica per abordar la situaci\u00f3 dels centres que tenen una major complexitat social. La conviv\u00e8ncia i la lluita contra l&#8217;assetjament escolar s\u00f3n i seran una prioritat del govern socialista&#8221;, ha afirmat Herrera.<\/p>\n<p>En l&#8217;\u00e0mbit de la formaci\u00f3, Herrera ha destacat el comprom\u00eds del PSOE d&#8217;incrementar els programes de refor\u00e7 per professorat i alumnes en mat\u00e8ries com la programaci\u00f3, la rob\u00f2tica i la intel\u00b7lig\u00e8ncia artificial. &#8220;Front als governs de dretes que volen dificultar la formaci\u00f3 d&#8217;adults, el PSOE far\u00e0 una aposta ferma per refor\u00e7ar la seva educaci\u00f3 i especialitzaci\u00f3, amb especial inter\u00e8s en l&#8217;alfabetitzaci\u00f3 digital&#8221;, ha afirmat Herrera.<\/p>\n<p>La candidata del PSOE ha destacat la import\u00e0ncia de la salut mental dels infants i joves despr\u00e9s de la pand\u00e8mia. &#8220;La salut mental ser\u00e0 una de les grans prioritats de la legislatura. \u201cRefor\u00e7arem la pres\u00e8ncia d&#8217;especialistes en salut mental i millorarem la coordinaci\u00f3 entre el sistema educatiu i el sanitari per donar un suport integral a l&#8217;alumnat&#8221;, ha explicat Herrera.<\/p>\n<p>En resum, les propostes del PSOE busquen garantir una educaci\u00f3 d&#8217;excel\u00b7l\u00e8ncia, inclusiva i equitativa. &#8220;Per al PSOE, l&#8217;educaci\u00f3 p\u00fablica \u00e9s el fonament per construir una societat m\u00e9s justa i equitativa&#8221;, ha afirmat Herrera.<\/p>\n<p>Les propostes relacionades amb els diferents nivells educatius plantegen, pel que fa a l\u2019educaci\u00f3 0-3 anys, facilitar la gratu\u00eftat a tots els trams, ara mateix gr\u00e0cies al govern de Francina Armengol el tram 2-3 \u00e9s gratu\u00eft; pel que fa a la Formaci\u00f3 Professional es proposa fer-la internacional promovent que l\u2019alumnat i el professorat tingui opcions de mobilitat a trav\u00e9s de programes europeus i, pel que fa a l\u2019educaci\u00f3 universit\u00e0ria, on ja hi ha aprovada una nova llei que posa l\u00edmit a les taxes, es proposa un sistema de gratu\u00eftat per aquells alumnes que aprovin a la primera, de tal manera que els cr\u00e8dits que superin en primera convocat\u00f2ria suposin la gratu\u00eftat del mateix n\u00famero de cr\u00e8dits en el seg\u00fcent curs universitari.<\/p>\n<p>Herrera ha fet una crida a la comunitat educativa, incloent-hi professorat, alumnat i fam\u00edlies, per votar el proper 23 de juliol i defensar una educaci\u00f3 de qualitat. &#8220;No estem disposats a permetre que un partit com VOX marqui l&#8217;educaci\u00f3 dels nostres fills i que un partit com el PP redueixi l&#8217;educaci\u00f3 de qualitat a l&#8217;educaci\u00f3 de les \u00e8lits&#8221;, ha concl\u00f2s Herrera.<\/p>\n","protected":false},"excerpt":{"rendered":"<p>La candidata del Partit Socialista (PSOE) al Congr\u00e9s, Milena Herrera, ha presentat les principals propostes del programa electoral del PSOE en mat\u00e8ria d&#8217;Educaci\u00f3. Acompanyada del Secretari General i portaveu del partit al Consell Insular, Josep Mar\u00ed Ribas, i el diputat Alex Pitaluga, Herrera ha destacat la import\u00e0ncia de l&#8217;educaci\u00f3 com a pilar fonamental del progr\u00e9s&hellip;<\/p>\n","protected":false},"author":7,"featured_media":37650,"comment_status":"closed","ping_status":"closed","sticky":false,"template":"","format":"standard","meta":{"footnotes":""},"categories":[1,190],"tags":[],"class_list":["post-37649","post","type-post","status-publish","format-standard","has-post-thumbnail","hentry","category-federacio-de-eivissa-portada","category-govern-despanya-congres-senat"],"yoast_head":"<!-- This site is optimized with the Yoast SEO plugin v26.9 - https:\/\/yoast.com\/product\/yoast-seo-wordpress\/ -->\n<title>Milena Herrera presenta les propostes en mat\u00e8ria d&#039;Educaci\u00f3 per a garantir una educaci\u00f3 d&#039;excel\u00b7l\u00e8ncia, inclusiva i equitativa. - Federaci\u00f3 Socialista d&#039;Eivissa<\/title>\n<meta name=\"robots\" content=\"index, follow, max-snippet:-1, max-image-preview:large, max-video-preview:-1\" \/>\n<link rel=\"canonical\" href=\"https:\/\/www.psib-psoe.org\/eivissa\/milena-herrera-presenta-les-propostes-en-materia-deducacio-per-a-garantir-una-educacio-dexcellencia-inclusiva-i-equitativa\/\" \/>\n<meta property=\"og:locale\" content=\"ca_ES\" \/>\n<meta property=\"og:type\" content=\"article\" \/>\n<meta property=\"og:title\" content=\"Milena Herrera presenta les propostes en mat\u00e8ria d&#039;Educaci\u00f3 per a garantir una educaci\u00f3 d&#039;excel\u00b7l\u00e8ncia, inclusiva i equitativa. - Federaci\u00f3 Socialista d&#039;Eivissa\" \/>\n<meta property=\"og:description\" content=\"La candidata del Partit Socialista (PSOE) al Congr\u00e9s, Milena Herrera, ha presentat les principals propostes del programa electoral del PSOE en mat\u00e8ria d&#8217;Educaci\u00f3. Acompanyada del Secretari General i portaveu del partit al Consell Insular, Josep Mar\u00ed Ribas, i el diputat Alex Pitaluga, Herrera ha destacat la import\u00e0ncia de l&#8217;educaci\u00f3 com a pilar fonamental del progr\u00e9s&hellip;\" \/>\n<meta property=\"og:url\" content=\"https:\/\/www.psib-psoe.org\/eivissa\/milena-herrera-presenta-les-propostes-en-materia-deducacio-per-a-garantir-una-educacio-dexcellencia-inclusiva-i-equitativa\/\" \/>\n<meta property=\"og:site_name\" content=\"Federaci\u00f3 Socialista d&#039;Eivissa\" \/>\n<meta property=\"article:published_time\" content=\"2023-07-10T11:02:08+00:00\" \/>\n<meta property=\"og:image\" content=\"https:\/\/www.psib-psoe.org\/eivissa\/wp-content\/uploads\/milena-educacio-scaled.jpeg\" \/>\n\t<meta property=\"og:image:width\" content=\"2560\" \/>\n\t<meta property=\"og:image:height\" content=\"1437\" \/>\n\t<meta property=\"og:image:type\" content=\"image\/jpeg\" \/>\n<meta name=\"author\" content=\"Josep Ripoll\" \/>\n<meta name=\"twitter:card\" content=\"summary_large_image\" \/>\n<meta name=\"twitter:label1\" content=\"Escrit per\" \/>\n\t<meta name=\"twitter:data1\" content=\"Josep Ripoll\" \/>\n\t<meta name=\"twitter:label2\" content=\"Temps estimat de lectura\" \/>\n\t<meta name=\"twitter:data2\" content=\"4 minuts\" \/>\n<script type=\"application\/ld+json\" class=\"yoast-schema-graph\">{\"@context\":\"https:\/\/schema.org\",\"@graph\":[{\"@type\":[\"Article\",\"BlogPosting\"],\"@id\":\"https:\/\/www.psib-psoe.org\/eivissa\/milena-herrera-presenta-les-propostes-en-materia-deducacio-per-a-garantir-una-educacio-dexcellencia-inclusiva-i-equitativa\/#article\",\"isPartOf\":{\"@id\":\"https:\/\/www.psib-psoe.org\/eivissa\/milena-herrera-presenta-les-propostes-en-materia-deducacio-per-a-garantir-una-educacio-dexcellencia-inclusiva-i-equitativa\/\"},\"author\":{\"name\":\"Josep Ripoll\",\"@id\":\"https:\/\/www.psib-psoe.org\/eivissa\/#\/schema\/person\/7a9d2841fb36f32e34fc0e9b245e8117\"},\"headline\":\"Milena Herrera presenta les propostes en mat\u00e8ria d&#8217;Educaci\u00f3 per a garantir una educaci\u00f3 d&#8217;excel\u00b7l\u00e8ncia, inclusiva i equitativa.\",\"datePublished\":\"2023-07-10T11:02:08+00:00\",\"mainEntityOfPage\":{\"@id\":\"https:\/\/www.psib-psoe.org\/eivissa\/milena-herrera-presenta-les-propostes-en-materia-deducacio-per-a-garantir-una-educacio-dexcellencia-inclusiva-i-equitativa\/\"},\"wordCount\":768,\"publisher\":{\"@id\":\"https:\/\/www.psib-psoe.org\/eivissa\/#organization\"},\"image\":{\"@id\":\"https:\/\/www.psib-psoe.org\/eivissa\/milena-herrera-presenta-les-propostes-en-materia-deducacio-per-a-garantir-una-educacio-dexcellencia-inclusiva-i-equitativa\/#primaryimage\"},\"thumbnailUrl\":\"https:\/\/www.psib-psoe.org\/eivissa\/wp-content\/uploads\/milena-educacio-scaled.jpeg\",\"articleSection\":[\"Federaci\u00f3 d'Eivissa - Portada\",\"Govern d'Espanya - Congr\u00e9s - Senat - PSOE Federal\"],\"inLanguage\":\"ca\"},{\"@type\":\"WebPage\",\"@id\":\"https:\/\/www.psib-psoe.org\/eivissa\/milena-herrera-presenta-les-propostes-en-materia-deducacio-per-a-garantir-una-educacio-dexcellencia-inclusiva-i-equitativa\/\",\"url\":\"https:\/\/www.psib-psoe.org\/eivissa\/milena-herrera-presenta-les-propostes-en-materia-deducacio-per-a-garantir-una-educacio-dexcellencia-inclusiva-i-equitativa\/\",\"name\":\"Milena Herrera presenta les propostes en mat\u00e8ria d'Educaci\u00f3 per a garantir una educaci\u00f3 d'excel\u00b7l\u00e8ncia, inclusiva i equitativa. - Federaci\u00f3 Socialista d&#039;Eivissa\",\"isPartOf\":{\"@id\":\"https:\/\/www.psib-psoe.org\/eivissa\/#website\"},\"primaryImageOfPage\":{\"@id\":\"https:\/\/www.psib-psoe.org\/eivissa\/milena-herrera-presenta-les-propostes-en-materia-deducacio-per-a-garantir-una-educacio-dexcellencia-inclusiva-i-equitativa\/#primaryimage\"},\"image\":{\"@id\":\"https:\/\/www.psib-psoe.org\/eivissa\/milena-herrera-presenta-les-propostes-en-materia-deducacio-per-a-garantir-una-educacio-dexcellencia-inclusiva-i-equitativa\/#primaryimage\"},\"thumbnailUrl\":\"https:\/\/www.psib-psoe.org\/eivissa\/wp-content\/uploads\/milena-educacio-scaled.jpeg\",\"datePublished\":\"2023-07-10T11:02:08+00:00\",\"breadcrumb\":{\"@id\":\"https:\/\/www.psib-psoe.org\/eivissa\/milena-herrera-presenta-les-propostes-en-materia-deducacio-per-a-garantir-una-educacio-dexcellencia-inclusiva-i-equitativa\/#breadcrumb\"},\"inLanguage\":\"ca\",\"potentialAction\":[{\"@type\":\"ReadAction\",\"target\":[\"https:\/\/www.psib-psoe.org\/eivissa\/milena-herrera-presenta-les-propostes-en-materia-deducacio-per-a-garantir-una-educacio-dexcellencia-inclusiva-i-equitativa\/\"]}]},{\"@type\":\"ImageObject\",\"inLanguage\":\"ca\",\"@id\":\"https:\/\/www.psib-psoe.org\/eivissa\/milena-herrera-presenta-les-propostes-en-materia-deducacio-per-a-garantir-una-educacio-dexcellencia-inclusiva-i-equitativa\/#primaryimage\",\"url\":\"https:\/\/www.psib-psoe.org\/eivissa\/wp-content\/uploads\/milena-educacio-scaled.jpeg\",\"contentUrl\":\"https:\/\/www.psib-psoe.org\/eivissa\/wp-content\/uploads\/milena-educacio-scaled.jpeg\",\"width\":2560,\"height\":1437},{\"@type\":\"BreadcrumbList\",\"@id\":\"https:\/\/www.psib-psoe.org\/eivissa\/milena-herrera-presenta-les-propostes-en-materia-deducacio-per-a-garantir-una-educacio-dexcellencia-inclusiva-i-equitativa\/#breadcrumb\",\"itemListElement\":[{\"@type\":\"ListItem\",\"position\":1,\"name\":\"Inici\",\"item\":\"https:\/\/www.psib-psoe.org\/eivissa\/\"},{\"@type\":\"ListItem\",\"position\":2,\"name\":\"Milena Herrera presenta les propostes en mat\u00e8ria d&#8217;Educaci\u00f3 per a garantir una educaci\u00f3 d&#8217;excel\u00b7l\u00e8ncia, inclusiva i equitativa.\"}]},{\"@type\":\"WebSite\",\"@id\":\"https:\/\/www.psib-psoe.org\/eivissa\/#website\",\"url\":\"https:\/\/www.psib-psoe.org\/eivissa\/\",\"name\":\"Federaci\u00f3 Socialista d'Eivissa\",\"description\":\"Socialistes d&#039;Eivissa\",\"publisher\":{\"@id\":\"https:\/\/www.psib-psoe.org\/eivissa\/#organization\"},\"potentialAction\":[{\"@type\":\"SearchAction\",\"target\":{\"@type\":\"EntryPoint\",\"urlTemplate\":\"https:\/\/www.psib-psoe.org\/eivissa\/?s={search_term_string}\"},\"query-input\":{\"@type\":\"PropertyValueSpecification\",\"valueRequired\":true,\"valueName\":\"search_term_string\"}}],\"inLanguage\":\"ca\"},{\"@type\":\"Organization\",\"@id\":\"https:\/\/www.psib-psoe.org\/eivissa\/#organization\",\"name\":\"Federaci\u00f3 Socialista d'Eivissa\",\"url\":\"https:\/\/www.psib-psoe.org\/eivissa\/\",\"logo\":{\"@type\":\"ImageObject\",\"inLanguage\":\"ca\",\"@id\":\"https:\/\/www.psib-psoe.org\/eivissa\/#\/schema\/logo\/image\/\",\"url\":\"https:\/\/www.psib-psoe.org\/eivissa\/wp-content\/uploads\/LOGO-FSE-SOCIALISTA-DEIVISSA-HORI.png\",\"contentUrl\":\"https:\/\/www.psib-psoe.org\/eivissa\/wp-content\/uploads\/LOGO-FSE-SOCIALISTA-DEIVISSA-HORI.png\",\"width\":6000,\"height\":3104,\"caption\":\"Federaci\u00f3 Socialista d'Eivissa\"},\"image\":{\"@id\":\"https:\/\/www.psib-psoe.org\/eivissa\/#\/schema\/logo\/image\/\"}},{\"@type\":\"Person\",\"@id\":\"https:\/\/www.psib-psoe.org\/eivissa\/#\/schema\/person\/7a9d2841fb36f32e34fc0e9b245e8117\",\"name\":\"Josep Ripoll\",\"sameAs\":[\"http:\/\/www.psib-psoe.org\/eivissa\/wp-login.php\"],\"url\":\"https:\/\/www.psib-psoe.org\/eivissa\/author\/josep\/\"}]}<\/script>\n<!-- \/ Yoast SEO plugin. -->","yoast_head_json":{"title":"Milena Herrera presenta les propostes en mat\u00e8ria d'Educaci\u00f3 per a garantir una educaci\u00f3 d'excel\u00b7l\u00e8ncia, inclusiva i equitativa. - Federaci\u00f3 Socialista d&#039;Eivissa","robots":{"index":"index","follow":"follow","max-snippet":"max-snippet:-1","max-image-preview":"max-image-preview:large","max-video-preview":"max-video-preview:-1"},"canonical":"https:\/\/www.psib-psoe.org\/eivissa\/milena-herrera-presenta-les-propostes-en-materia-deducacio-per-a-garantir-una-educacio-dexcellencia-inclusiva-i-equitativa\/","og_locale":"ca_ES","og_type":"article","og_title":"Milena Herrera presenta les propostes en mat\u00e8ria d'Educaci\u00f3 per a garantir una educaci\u00f3 d'excel\u00b7l\u00e8ncia, inclusiva i equitativa. - Federaci\u00f3 Socialista d&#039;Eivissa","og_description":"La candidata del Partit Socialista (PSOE) al Congr\u00e9s, Milena Herrera, ha presentat les principals propostes del programa electoral del PSOE en mat\u00e8ria d&#8217;Educaci\u00f3. Acompanyada del Secretari General i portaveu del partit al Consell Insular, Josep Mar\u00ed Ribas, i el diputat Alex Pitaluga, Herrera ha destacat la import\u00e0ncia de l&#8217;educaci\u00f3 com a pilar fonamental del progr\u00e9s&hellip;","og_url":"https:\/\/www.psib-psoe.org\/eivissa\/milena-herrera-presenta-les-propostes-en-materia-deducacio-per-a-garantir-una-educacio-dexcellencia-inclusiva-i-equitativa\/","og_site_name":"Federaci\u00f3 Socialista d&#039;Eivissa","article_published_time":"2023-07-10T11:02:08+00:00","og_image":[{"width":2560,"height":1437,"url":"https:\/\/www.psib-psoe.org\/eivissa\/wp-content\/uploads\/milena-educacio-scaled.jpeg","type":"image\/jpeg"}],"author":"Josep Ripoll","twitter_card":"summary_large_image","twitter_misc":{"Escrit per":"Josep Ripoll","Temps estimat de lectura":"4 minuts"},"schema":{"@context":"https:\/\/schema.org","@graph":[{"@type":["Article","BlogPosting"],"@id":"https:\/\/www.psib-psoe.org\/eivissa\/milena-herrera-presenta-les-propostes-en-materia-deducacio-per-a-garantir-una-educacio-dexcellencia-inclusiva-i-equitativa\/#article","isPartOf":{"@id":"https:\/\/www.psib-psoe.org\/eivissa\/milena-herrera-presenta-les-propostes-en-materia-deducacio-per-a-garantir-una-educacio-dexcellencia-inclusiva-i-equitativa\/"},"author":{"name":"Josep Ripoll","@id":"https:\/\/www.psib-psoe.org\/eivissa\/#\/schema\/person\/7a9d2841fb36f32e34fc0e9b245e8117"},"headline":"Milena Herrera presenta les propostes en mat\u00e8ria d&#8217;Educaci\u00f3 per a garantir una educaci\u00f3 d&#8217;excel\u00b7l\u00e8ncia, inclusiva i equitativa.","datePublished":"2023-07-10T11:02:08+00:00","mainEntityOfPage":{"@id":"https:\/\/www.psib-psoe.org\/eivissa\/milena-herrera-presenta-les-propostes-en-materia-deducacio-per-a-garantir-una-educacio-dexcellencia-inclusiva-i-equitativa\/"},"wordCount":768,"publisher":{"@id":"https:\/\/www.psib-psoe.org\/eivissa\/#organization"},"image":{"@id":"https:\/\/www.psib-psoe.org\/eivissa\/milena-herrera-presenta-les-propostes-en-materia-deducacio-per-a-garantir-una-educacio-dexcellencia-inclusiva-i-equitativa\/#primaryimage"},"thumbnailUrl":"https:\/\/www.psib-psoe.org\/eivissa\/wp-content\/uploads\/milena-educacio-scaled.jpeg","articleSection":["Federaci\u00f3 d'Eivissa - Portada","Govern d'Espanya - Congr\u00e9s - Senat - PSOE Federal"],"inLanguage":"ca"},{"@type":"WebPage","@id":"https:\/\/www.psib-psoe.org\/eivissa\/milena-herrera-presenta-les-propostes-en-materia-deducacio-per-a-garantir-una-educacio-dexcellencia-inclusiva-i-equitativa\/","url":"https:\/\/www.psib-psoe.org\/eivissa\/milena-herrera-presenta-les-propostes-en-materia-deducacio-per-a-garantir-una-educacio-dexcellencia-inclusiva-i-equitativa\/","name":"Milena Herrera presenta les propostes en mat\u00e8ria d'Educaci\u00f3 per a garantir una educaci\u00f3 d'excel\u00b7l\u00e8ncia, inclusiva i equitativa. - Federaci\u00f3 Socialista d&#039;Eivissa","isPartOf":{"@id":"https:\/\/www.psib-psoe.org\/eivissa\/#website"},"primaryImageOfPage":{"@id":"https:\/\/www.psib-psoe.org\/eivissa\/milena-herrera-presenta-les-propostes-en-materia-deducacio-per-a-garantir-una-educacio-dexcellencia-inclusiva-i-equitativa\/#primaryimage"},"image":{"@id":"https:\/\/www.psib-psoe.org\/eivissa\/milena-herrera-presenta-les-propostes-en-materia-deducacio-per-a-garantir-una-educacio-dexcellencia-inclusiva-i-equitativa\/#primaryimage"},"thumbnailUrl":"https:\/\/www.psib-psoe.org\/eivissa\/wp-content\/uploads\/milena-educacio-scaled.jpeg","datePublished":"2023-07-10T11:02:08+00:00","breadcrumb":{"@id":"https:\/\/www.psib-psoe.org\/eivissa\/milena-herrera-presenta-les-propostes-en-materia-deducacio-per-a-garantir-una-educacio-dexcellencia-inclusiva-i-equitativa\/#breadcrumb"},"inLanguage":"ca","potentialAction":[{"@type":"ReadAction","target":["https:\/\/www.psib-psoe.org\/eivissa\/milena-herrera-presenta-les-propostes-en-materia-deducacio-per-a-garantir-una-educacio-dexcellencia-inclusiva-i-equitativa\/"]}]},{"@type":"ImageObject","inLanguage":"ca","@id":"https:\/\/www.psib-psoe.org\/eivissa\/milena-herrera-presenta-les-propostes-en-materia-deducacio-per-a-garantir-una-educacio-dexcellencia-inclusiva-i-equitativa\/#primaryimage","url":"https:\/\/www.psib-psoe.org\/eivissa\/wp-content\/uploads\/milena-educacio-scaled.jpeg","contentUrl":"https:\/\/www.psib-psoe.org\/eivissa\/wp-content\/uploads\/milena-educacio-scaled.jpeg","width":2560,"height":1437},{"@type":"BreadcrumbList","@id":"https:\/\/www.psib-psoe.org\/eivissa\/milena-herrera-presenta-les-propostes-en-materia-deducacio-per-a-garantir-una-educacio-dexcellencia-inclusiva-i-equitativa\/#breadcrumb","itemListElement":[{"@type":"ListItem","position":1,"name":"Inici","item":"https:\/\/www.psib-psoe.org\/eivissa\/"},{"@type":"ListItem","position":2,"name":"Milena Herrera presenta les propostes en mat\u00e8ria d&#8217;Educaci\u00f3 per a garantir una educaci\u00f3 d&#8217;excel\u00b7l\u00e8ncia, inclusiva i equitativa."}]},{"@type":"WebSite","@id":"https:\/\/www.psib-psoe.org\/eivissa\/#website","url":"https:\/\/www.psib-psoe.org\/eivissa\/","name":"Federaci\u00f3 Socialista d'Eivissa","description":"Socialistes d&#039;Eivissa","publisher":{"@id":"https:\/\/www.psib-psoe.org\/eivissa\/#organization"},"potentialAction":[{"@type":"SearchAction","target":{"@type":"EntryPoint","urlTemplate":"https:\/\/www.psib-psoe.org\/eivissa\/?s={search_term_string}"},"query-input":{"@type":"PropertyValueSpecification","valueRequired":true,"valueName":"search_term_string"}}],"inLanguage":"ca"},{"@type":"Organization","@id":"https:\/\/www.psib-psoe.org\/eivissa\/#organization","name":"Federaci\u00f3 Socialista d'Eivissa","url":"https:\/\/www.psib-psoe.org\/eivissa\/","logo":{"@type":"ImageObject","inLanguage":"ca","@id":"https:\/\/www.psib-psoe.org\/eivissa\/#\/schema\/logo\/image\/","url":"https:\/\/www.psib-psoe.org\/eivissa\/wp-content\/uploads\/LOGO-FSE-SOCIALISTA-DEIVISSA-HORI.png","contentUrl":"https:\/\/www.psib-psoe.org\/eivissa\/wp-content\/uploads\/LOGO-FSE-SOCIALISTA-DEIVISSA-HORI.png","width":6000,"height":3104,"caption":"Federaci\u00f3 Socialista d'Eivissa"},"image":{"@id":"https:\/\/www.psib-psoe.org\/eivissa\/#\/schema\/logo\/image\/"}},{"@type":"Person","@id":"https:\/\/www.psib-psoe.org\/eivissa\/#\/schema\/person\/7a9d2841fb36f32e34fc0e9b245e8117","name":"Josep Ripoll","sameAs":["http:\/\/www.psib-psoe.org\/eivissa\/wp-login.php"],"url":"https:\/\/www.psib-psoe.org\/eivissa\/author\/josep\/"}]}},"_links":{"self":[{"href":"https:\/\/www.psib-psoe.org\/eivissa\/wp-json\/wp\/v2\/posts\/37649","targetHints":{"allow":["GET"]}}],"collection":[{"href":"https:\/\/www.psib-psoe.org\/eivissa\/wp-json\/wp\/v2\/posts"}],"about":[{"href":"https:\/\/www.psib-psoe.org\/eivissa\/wp-json\/wp\/v2\/types\/post"}],"author":[{"embeddable":true,"href":"https:\/\/www.psib-psoe.org\/eivissa\/wp-json\/wp\/v2\/users\/7"}],"replies":[{"embeddable":true,"href":"https:\/\/www.psib-psoe.org\/eivissa\/wp-json\/wp\/v2\/comments?post=37649"}],"version-history":[{"count":1,"href":"https:\/\/www.psib-psoe.org\/eivissa\/wp-json\/wp\/v2\/posts\/37649\/revisions"}],"predecessor-version":[{"id":37652,"href":"https:\/\/www.psib-psoe.org\/eivissa\/wp-json\/wp\/v2\/posts\/37649\/revisions\/37652"}],"wp:featuredmedia":[{"embeddable":true,"href":"https:\/\/www.psib-psoe.org\/eivissa\/wp-json\/wp\/v2\/media\/37650"}],"wp:attachment":[{"href":"https:\/\/www.psib-psoe.org\/eivissa\/wp-json\/wp\/v2\/media?parent=37649"}],"wp:term":[{"taxonomy":"category","embeddable":true,"href":"https:\/\/www.psib-psoe.org\/eivissa\/wp-json\/wp\/v2\/categories?post=37649"},{"taxonomy":"post_tag","embeddable":true,"href":"https:\/\/www.psib-psoe.org\/eivissa\/wp-json\/wp\/v2\/tags?post=37649"}],"curies":[{"name":"wp","href":"https:\/\/api.w.org\/{rel}","templated":true}]}}