{"id":37668,"date":"2023-07-13T12:59:56","date_gmt":"2023-07-13T10:59:56","guid":{"rendered":"https:\/\/www.psib-psoe.org\/eivissa\/?p=37668"},"modified":"2023-07-13T13:00:35","modified_gmt":"2023-07-13T11:00:35","slug":"el-psoe-denuncia-ante-el-consell-insular-y-el-govern-balear-la-publicidad-de-una-empresa-que-ofrece-en-eivissa-mujeres-fiesteras-de-alquiler-milena-herrera-exige-al-partido-popular-que-tom","status":"publish","type":"post","link":"https:\/\/www.psib-psoe.org\/eivissa\/el-psoe-denuncia-ante-el-consell-insular-y-el-govern-balear-la-publicidad-de-una-empresa-que-ofrece-en-eivissa-mujeres-fiesteras-de-alquiler-milena-herrera-exige-al-partido-popular-que-tom\/","title":{"rendered":"El PSOE denuncia ante el Consell Insular y el Govern Balear la publicidad de una empresa que ofrece en Eivissa \u201cmujeres fiesteras de alquiler&#8221;. Milena Herrera exige al Partido Popular que tome medidas y obligue a retirar la campa\u00f1a, en vez de asumir el ideario de Vox que niega la violencia machista y la discriminaci\u00f3n a las mujeres."},"content":{"rendered":"<p>Milena Herrera, la candidata del PSOE al Congreso, ha alertado de esta campa\u00f1a de publicidad \u201cabsolutamente denigrante y sexista, que no solamente utiliza como reclamo el cuerpo de la mujer, sino que ofrece el alquiler de mujeres para fiestas en la isla de Eivissa\u201d. \u201cHemos presentado esta denuncia ante el Consell d\u2019Eivissa y tambi\u00e9n ante el Govern de les Illes Balears, ambos con competencias en la materia, y exigimos la retirada inmediata de dicha campa\u00f1a de publicidad y que se sancione a la empresa responsable\u201d.<\/p>\n<p>Se trata de una campa\u00f1a con carteles en las calles de Eivissa que ofrecen \u201cparty girls for hire\u201d (mujeres fiesteras de alquiler), con un enlace a una web donde se figura un \u201ccat\u00e1logo\u201d de \u201cmodelos\u201d disponibles para acompa\u00f1ar a fiestas en barcos o villas. La web es PARTISTAFFIBIZA.COM, la cual carece de todos datos legales preceptivos: nombre o denominaci\u00f3n social, contacto (direcci\u00f3n f\u00edsica, direcci\u00f3n de correo electr\u00f3nico, n\u00famero de tel\u00e9fono), n\u00famero de identificaci\u00f3n fiscal y n\u00famero de inscripci\u00f3n en el registro mercantil.<\/p>\n<p>Milena Herrera ha dicho que \u201cexigimos tambi\u00e9n al Partido Popular que abra los ojos, porque no act\u00faa nunca por iniciativa propia y lo hace \u00fanica y exclusivamente cuando los socialistas denunciamos este tipo de campa\u00f1as, que son absolutamente intolerables y denigrantes para las mujeres\u201d.<\/p>\n<p>&#8220;Como representantes pol\u00edticos, tenemos la responsabilidad de combatir cualquier forma de discriminaci\u00f3n y violencia de g\u00e9nero&#8221;. &#8220;La utilizaci\u00f3n de la imagen de la mujer como objeto de consumo, en este caso asociada a la idea de fiesta y alquiler, refuerza la idea que las mujeres somos meros objetos sexuales y perpet\u00faa una cultura de desigualdad&#8221;, denuncia Milena Herrera.<\/p>\n<p>Resulta especialmente preocupante que este tipo de anuncios se difundan en espacios p\u00fablicos, llegando a un amplio p\u00fablico, incluyendo ni\u00f1os y adolescentes: \u201cEs nuestra responsabilidad como sociedad y como representantes pol\u00edticos promover una imagen igualitaria y respetuosa de la mujer en todos los \u00e1mbitos, como la publicidad\u201d.<\/p>\n<p>Hechos como este ponen de manifiesto \u201clo mucho que queda por hacer y la importancia de continuar trabajando por la igualdad\u201d. \u201cDesde el PSOE, ya advertimos que era un error eliminar la direcci\u00f3n insular de Igualdad del Consell por parte de Vicent Mar\u00ed. Ahora, vemos con preocupaci\u00f3n la decisi\u00f3n de la nueva presidenta balear, quien ha decidido la supresi\u00f3n de la conseller\u00eda de Igualdad, asumiendo as\u00ed el ideario de Vox\u201d, ha criticado Milena Herrera.<\/p>\n<p>\u201cLa amenaza de que gobiernen Espa\u00f1a los partidos que se niegan a combatir la discriminaci\u00f3n y la violencia contra las mujeres es real\u201d, advierte la candidata, quien se ha comprometido a \u201cpararles los pies\u201d y que nuestro pa\u00eds no d\u00e9 pasos atr\u00e1s en pol\u00edticas de igualdad\u201d.<\/p>\n<p>El PSOE reitera su firme compromiso de luchar contra la discriminaci\u00f3n de g\u00e9nero en todas sus formas y promover la igualdad de oportunidades entre hombres y mujeres, trabajando para construir una sociedad justa, igualitaria y libre de estereotipos que contribuyan en el pleno desarrollo de todas las personas, independientemente de su g\u00e9nero.<\/p>\n","protected":false},"excerpt":{"rendered":"<p>Milena Herrera, la candidata del PSOE al Congreso, ha alertado de esta campa\u00f1a de publicidad \u201cabsolutamente denigrante y sexista, que no solamente utiliza como reclamo el cuerpo de la mujer, sino que ofrece el alquiler de mujeres para fiestas en la isla de Eivissa\u201d. \u201cHemos presentado esta denuncia ante el Consell d\u2019Eivissa y tambi\u00e9n ante&hellip;<\/p>\n","protected":false},"author":7,"featured_media":37669,"comment_status":"closed","ping_status":"closed","sticky":false,"template":"","format":"standard","meta":{"footnotes":""},"categories":[192,1,190,191],"tags":[],"class_list":["post-37668","post","type-post","status-publish","format-standard","has-post-thumbnail","hentry","category-consell-deivissa","category-federacio-de-eivissa-portada","category-govern-despanya-congres-senat","category-govern-de-les-illes-balears-parlament"],"yoast_head":"<!-- This site is optimized with the Yoast SEO plugin v26.9 - https:\/\/yoast.com\/product\/yoast-seo-wordpress\/ -->\n<title>El PSOE denuncia ante el Consell Insular y el Govern Balear la publicidad de una empresa que ofrece en Eivissa \u201cmujeres fiesteras de alquiler&quot;. Milena Herrera exige al Partido Popular que tome medidas y obligue a retirar la campa\u00f1a, en vez de asumir el ideario de Vox que niega la violencia machista y la discriminaci\u00f3n a las mujeres. - Federaci\u00f3 Socialista d&#039;Eivissa<\/title>\n<meta name=\"robots\" content=\"index, follow, max-snippet:-1, max-image-preview:large, max-video-preview:-1\" \/>\n<link rel=\"canonical\" href=\"https:\/\/www.psib-psoe.org\/eivissa\/el-psoe-denuncia-ante-el-consell-insular-y-el-govern-balear-la-publicidad-de-una-empresa-que-ofrece-en-eivissa-mujeres-fiesteras-de-alquiler-milena-herrera-exige-al-partido-popular-que-tom\/\" \/>\n<meta property=\"og:locale\" content=\"ca_ES\" \/>\n<meta property=\"og:type\" content=\"article\" \/>\n<meta property=\"og:title\" content=\"El PSOE denuncia ante el Consell Insular y el Govern Balear la publicidad de una empresa que ofrece en Eivissa \u201cmujeres fiesteras de alquiler&quot;. Milena Herrera exige al Partido Popular que tome medidas y obligue a retirar la campa\u00f1a, en vez de asumir el ideario de Vox que niega la violencia machista y la discriminaci\u00f3n a las mujeres. - Federaci\u00f3 Socialista d&#039;Eivissa\" \/>\n<meta property=\"og:description\" content=\"Milena Herrera, la candidata del PSOE al Congreso, ha alertado de esta campa\u00f1a de publicidad \u201cabsolutamente denigrante y sexista, que no solamente utiliza como reclamo el cuerpo de la mujer, sino que ofrece el alquiler de mujeres para fiestas en la isla de Eivissa\u201d. \u201cHemos presentado esta denuncia ante el Consell d\u2019Eivissa y tambi\u00e9n ante&hellip;\" \/>\n<meta property=\"og:url\" content=\"https:\/\/www.psib-psoe.org\/eivissa\/el-psoe-denuncia-ante-el-consell-insular-y-el-govern-balear-la-publicidad-de-una-empresa-que-ofrece-en-eivissa-mujeres-fiesteras-de-alquiler-milena-herrera-exige-al-partido-popular-que-tom\/\" \/>\n<meta property=\"og:site_name\" content=\"Federaci\u00f3 Socialista d&#039;Eivissa\" \/>\n<meta property=\"article:published_time\" content=\"2023-07-13T10:59:56+00:00\" \/>\n<meta property=\"article:modified_time\" content=\"2023-07-13T11:00:35+00:00\" \/>\n<meta property=\"og:image\" content=\"https:\/\/www.psib-psoe.org\/eivissa\/wp-content\/uploads\/Captura-de-pantalla-2023-07-13-a-les-12.57.23.png\" \/>\n\t<meta property=\"og:image:width\" content=\"744\" \/>\n\t<meta property=\"og:image:height\" content=\"406\" \/>\n\t<meta property=\"og:image:type\" content=\"image\/png\" \/>\n<meta name=\"author\" content=\"Josep Ripoll\" \/>\n<meta name=\"twitter:card\" content=\"summary_large_image\" \/>\n<meta name=\"twitter:label1\" content=\"Escrit per\" \/>\n\t<meta name=\"twitter:data1\" content=\"Josep Ripoll\" \/>\n\t<meta name=\"twitter:label2\" content=\"Temps estimat de lectura\" \/>\n\t<meta name=\"twitter:data2\" content=\"3 minuts\" \/>\n<script type=\"application\/ld+json\" class=\"yoast-schema-graph\">{\"@context\":\"https:\/\/schema.org\",\"@graph\":[{\"@type\":[\"Article\",\"BlogPosting\"],\"@id\":\"https:\/\/www.psib-psoe.org\/eivissa\/el-psoe-denuncia-ante-el-consell-insular-y-el-govern-balear-la-publicidad-de-una-empresa-que-ofrece-en-eivissa-mujeres-fiesteras-de-alquiler-milena-herrera-exige-al-partido-popular-que-tom\/#article\",\"isPartOf\":{\"@id\":\"https:\/\/www.psib-psoe.org\/eivissa\/el-psoe-denuncia-ante-el-consell-insular-y-el-govern-balear-la-publicidad-de-una-empresa-que-ofrece-en-eivissa-mujeres-fiesteras-de-alquiler-milena-herrera-exige-al-partido-popular-que-tom\/\"},\"author\":{\"name\":\"Josep Ripoll\",\"@id\":\"https:\/\/www.psib-psoe.org\/eivissa\/#\/schema\/person\/7a9d2841fb36f32e34fc0e9b245e8117\"},\"headline\":\"El PSOE denuncia ante el Consell Insular y el Govern Balear la publicidad de una empresa que ofrece en Eivissa \u201cmujeres fiesteras de alquiler&#8221;. Milena Herrera exige al Partido Popular que tome medidas y obligue a retirar la campa\u00f1a, en vez de asumir el ideario de Vox que niega la violencia machista y la discriminaci\u00f3n a las mujeres.\",\"datePublished\":\"2023-07-13T10:59:56+00:00\",\"dateModified\":\"2023-07-13T11:00:35+00:00\",\"mainEntityOfPage\":{\"@id\":\"https:\/\/www.psib-psoe.org\/eivissa\/el-psoe-denuncia-ante-el-consell-insular-y-el-govern-balear-la-publicidad-de-una-empresa-que-ofrece-en-eivissa-mujeres-fiesteras-de-alquiler-milena-herrera-exige-al-partido-popular-que-tom\/\"},\"wordCount\":592,\"publisher\":{\"@id\":\"https:\/\/www.psib-psoe.org\/eivissa\/#organization\"},\"image\":{\"@id\":\"https:\/\/www.psib-psoe.org\/eivissa\/el-psoe-denuncia-ante-el-consell-insular-y-el-govern-balear-la-publicidad-de-una-empresa-que-ofrece-en-eivissa-mujeres-fiesteras-de-alquiler-milena-herrera-exige-al-partido-popular-que-tom\/#primaryimage\"},\"thumbnailUrl\":\"https:\/\/www.psib-psoe.org\/eivissa\/wp-content\/uploads\/Captura-de-pantalla-2023-07-13-a-les-12.57.23.png\",\"articleSection\":[\"Consell d'Eivissa\",\"Federaci\u00f3 d'Eivissa - Portada\",\"Govern d'Espanya - Congr\u00e9s - Senat - PSOE Federal\",\"Govern de les Illes Balears - Parlament - PSIB-PSOE\"],\"inLanguage\":\"ca\"},{\"@type\":\"WebPage\",\"@id\":\"https:\/\/www.psib-psoe.org\/eivissa\/el-psoe-denuncia-ante-el-consell-insular-y-el-govern-balear-la-publicidad-de-una-empresa-que-ofrece-en-eivissa-mujeres-fiesteras-de-alquiler-milena-herrera-exige-al-partido-popular-que-tom\/\",\"url\":\"https:\/\/www.psib-psoe.org\/eivissa\/el-psoe-denuncia-ante-el-consell-insular-y-el-govern-balear-la-publicidad-de-una-empresa-que-ofrece-en-eivissa-mujeres-fiesteras-de-alquiler-milena-herrera-exige-al-partido-popular-que-tom\/\",\"name\":\"El PSOE denuncia ante el Consell Insular y el Govern Balear la publicidad de una empresa que ofrece en Eivissa \u201cmujeres fiesteras de alquiler\\\". Milena Herrera exige al Partido Popular que tome medidas y obligue a retirar la campa\u00f1a, en vez de asumir el ideario de Vox que niega la violencia machista y la discriminaci\u00f3n a las mujeres. - Federaci\u00f3 Socialista d&#039;Eivissa\",\"isPartOf\":{\"@id\":\"https:\/\/www.psib-psoe.org\/eivissa\/#website\"},\"primaryImageOfPage\":{\"@id\":\"https:\/\/www.psib-psoe.org\/eivissa\/el-psoe-denuncia-ante-el-consell-insular-y-el-govern-balear-la-publicidad-de-una-empresa-que-ofrece-en-eivissa-mujeres-fiesteras-de-alquiler-milena-herrera-exige-al-partido-popular-que-tom\/#primaryimage\"},\"image\":{\"@id\":\"https:\/\/www.psib-psoe.org\/eivissa\/el-psoe-denuncia-ante-el-consell-insular-y-el-govern-balear-la-publicidad-de-una-empresa-que-ofrece-en-eivissa-mujeres-fiesteras-de-alquiler-milena-herrera-exige-al-partido-popular-que-tom\/#primaryimage\"},\"thumbnailUrl\":\"https:\/\/www.psib-psoe.org\/eivissa\/wp-content\/uploads\/Captura-de-pantalla-2023-07-13-a-les-12.57.23.png\",\"datePublished\":\"2023-07-13T10:59:56+00:00\",\"dateModified\":\"2023-07-13T11:00:35+00:00\",\"breadcrumb\":{\"@id\":\"https:\/\/www.psib-psoe.org\/eivissa\/el-psoe-denuncia-ante-el-consell-insular-y-el-govern-balear-la-publicidad-de-una-empresa-que-ofrece-en-eivissa-mujeres-fiesteras-de-alquiler-milena-herrera-exige-al-partido-popular-que-tom\/#breadcrumb\"},\"inLanguage\":\"ca\",\"potentialAction\":[{\"@type\":\"ReadAction\",\"target\":[\"https:\/\/www.psib-psoe.org\/eivissa\/el-psoe-denuncia-ante-el-consell-insular-y-el-govern-balear-la-publicidad-de-una-empresa-que-ofrece-en-eivissa-mujeres-fiesteras-de-alquiler-milena-herrera-exige-al-partido-popular-que-tom\/\"]}]},{\"@type\":\"ImageObject\",\"inLanguage\":\"ca\",\"@id\":\"https:\/\/www.psib-psoe.org\/eivissa\/el-psoe-denuncia-ante-el-consell-insular-y-el-govern-balear-la-publicidad-de-una-empresa-que-ofrece-en-eivissa-mujeres-fiesteras-de-alquiler-milena-herrera-exige-al-partido-popular-que-tom\/#primaryimage\",\"url\":\"https:\/\/www.psib-psoe.org\/eivissa\/wp-content\/uploads\/Captura-de-pantalla-2023-07-13-a-les-12.57.23.png\",\"contentUrl\":\"https:\/\/www.psib-psoe.org\/eivissa\/wp-content\/uploads\/Captura-de-pantalla-2023-07-13-a-les-12.57.23.png\",\"width\":744,\"height\":406},{\"@type\":\"BreadcrumbList\",\"@id\":\"https:\/\/www.psib-psoe.org\/eivissa\/el-psoe-denuncia-ante-el-consell-insular-y-el-govern-balear-la-publicidad-de-una-empresa-que-ofrece-en-eivissa-mujeres-fiesteras-de-alquiler-milena-herrera-exige-al-partido-popular-que-tom\/#breadcrumb\",\"itemListElement\":[{\"@type\":\"ListItem\",\"position\":1,\"name\":\"Inici\",\"item\":\"https:\/\/www.psib-psoe.org\/eivissa\/\"},{\"@type\":\"ListItem\",\"position\":2,\"name\":\"El PSOE denuncia ante el Consell Insular y el Govern Balear la publicidad de una empresa que ofrece en Eivissa \u201cmujeres fiesteras de alquiler&#8221;. Milena Herrera exige al Partido Popular que tome medidas y obligue a retirar la campa\u00f1a, en vez de asumir el ideario de Vox que niega la violencia machista y la discriminaci\u00f3n a las mujeres.\"}]},{\"@type\":\"WebSite\",\"@id\":\"https:\/\/www.psib-psoe.org\/eivissa\/#website\",\"url\":\"https:\/\/www.psib-psoe.org\/eivissa\/\",\"name\":\"Federaci\u00f3 Socialista d'Eivissa\",\"description\":\"Socialistes d&#039;Eivissa\",\"publisher\":{\"@id\":\"https:\/\/www.psib-psoe.org\/eivissa\/#organization\"},\"potentialAction\":[{\"@type\":\"SearchAction\",\"target\":{\"@type\":\"EntryPoint\",\"urlTemplate\":\"https:\/\/www.psib-psoe.org\/eivissa\/?s={search_term_string}\"},\"query-input\":{\"@type\":\"PropertyValueSpecification\",\"valueRequired\":true,\"valueName\":\"search_term_string\"}}],\"inLanguage\":\"ca\"},{\"@type\":\"Organization\",\"@id\":\"https:\/\/www.psib-psoe.org\/eivissa\/#organization\",\"name\":\"Federaci\u00f3 Socialista d'Eivissa\",\"url\":\"https:\/\/www.psib-psoe.org\/eivissa\/\",\"logo\":{\"@type\":\"ImageObject\",\"inLanguage\":\"ca\",\"@id\":\"https:\/\/www.psib-psoe.org\/eivissa\/#\/schema\/logo\/image\/\",\"url\":\"https:\/\/www.psib-psoe.org\/eivissa\/wp-content\/uploads\/LOGO-FSE-SOCIALISTA-DEIVISSA-HORI.png\",\"contentUrl\":\"https:\/\/www.psib-psoe.org\/eivissa\/wp-content\/uploads\/LOGO-FSE-SOCIALISTA-DEIVISSA-HORI.png\",\"width\":6000,\"height\":3104,\"caption\":\"Federaci\u00f3 Socialista d'Eivissa\"},\"image\":{\"@id\":\"https:\/\/www.psib-psoe.org\/eivissa\/#\/schema\/logo\/image\/\"}},{\"@type\":\"Person\",\"@id\":\"https:\/\/www.psib-psoe.org\/eivissa\/#\/schema\/person\/7a9d2841fb36f32e34fc0e9b245e8117\",\"name\":\"Josep Ripoll\",\"sameAs\":[\"http:\/\/www.psib-psoe.org\/eivissa\/wp-login.php\"],\"url\":\"https:\/\/www.psib-psoe.org\/eivissa\/author\/josep\/\"}]}<\/script>\n<!-- \/ Yoast SEO plugin. -->","yoast_head_json":{"title":"El PSOE denuncia ante el Consell Insular y el Govern Balear la publicidad de una empresa que ofrece en Eivissa \u201cmujeres fiesteras de alquiler\". Milena Herrera exige al Partido Popular que tome medidas y obligue a retirar la campa\u00f1a, en vez de asumir el ideario de Vox que niega la violencia machista y la discriminaci\u00f3n a las mujeres. - Federaci\u00f3 Socialista d&#039;Eivissa","robots":{"index":"index","follow":"follow","max-snippet":"max-snippet:-1","max-image-preview":"max-image-preview:large","max-video-preview":"max-video-preview:-1"},"canonical":"https:\/\/www.psib-psoe.org\/eivissa\/el-psoe-denuncia-ante-el-consell-insular-y-el-govern-balear-la-publicidad-de-una-empresa-que-ofrece-en-eivissa-mujeres-fiesteras-de-alquiler-milena-herrera-exige-al-partido-popular-que-tom\/","og_locale":"ca_ES","og_type":"article","og_title":"El PSOE denuncia ante el Consell Insular y el Govern Balear la publicidad de una empresa que ofrece en Eivissa \u201cmujeres fiesteras de alquiler\". Milena Herrera exige al Partido Popular que tome medidas y obligue a retirar la campa\u00f1a, en vez de asumir el ideario de Vox que niega la violencia machista y la discriminaci\u00f3n a las mujeres. - Federaci\u00f3 Socialista d&#039;Eivissa","og_description":"Milena Herrera, la candidata del PSOE al Congreso, ha alertado de esta campa\u00f1a de publicidad \u201cabsolutamente denigrante y sexista, que no solamente utiliza como reclamo el cuerpo de la mujer, sino que ofrece el alquiler de mujeres para fiestas en la isla de Eivissa\u201d. \u201cHemos presentado esta denuncia ante el Consell d\u2019Eivissa y tambi\u00e9n ante&hellip;","og_url":"https:\/\/www.psib-psoe.org\/eivissa\/el-psoe-denuncia-ante-el-consell-insular-y-el-govern-balear-la-publicidad-de-una-empresa-que-ofrece-en-eivissa-mujeres-fiesteras-de-alquiler-milena-herrera-exige-al-partido-popular-que-tom\/","og_site_name":"Federaci\u00f3 Socialista d&#039;Eivissa","article_published_time":"2023-07-13T10:59:56+00:00","article_modified_time":"2023-07-13T11:00:35+00:00","og_image":[{"width":744,"height":406,"url":"https:\/\/www.psib-psoe.org\/eivissa\/wp-content\/uploads\/Captura-de-pantalla-2023-07-13-a-les-12.57.23.png","type":"image\/png"}],"author":"Josep Ripoll","twitter_card":"summary_large_image","twitter_misc":{"Escrit per":"Josep Ripoll","Temps estimat de lectura":"3 minuts"},"schema":{"@context":"https:\/\/schema.org","@graph":[{"@type":["Article","BlogPosting"],"@id":"https:\/\/www.psib-psoe.org\/eivissa\/el-psoe-denuncia-ante-el-consell-insular-y-el-govern-balear-la-publicidad-de-una-empresa-que-ofrece-en-eivissa-mujeres-fiesteras-de-alquiler-milena-herrera-exige-al-partido-popular-que-tom\/#article","isPartOf":{"@id":"https:\/\/www.psib-psoe.org\/eivissa\/el-psoe-denuncia-ante-el-consell-insular-y-el-govern-balear-la-publicidad-de-una-empresa-que-ofrece-en-eivissa-mujeres-fiesteras-de-alquiler-milena-herrera-exige-al-partido-popular-que-tom\/"},"author":{"name":"Josep Ripoll","@id":"https:\/\/www.psib-psoe.org\/eivissa\/#\/schema\/person\/7a9d2841fb36f32e34fc0e9b245e8117"},"headline":"El PSOE denuncia ante el Consell Insular y el Govern Balear la publicidad de una empresa que ofrece en Eivissa \u201cmujeres fiesteras de alquiler&#8221;. Milena Herrera exige al Partido Popular que tome medidas y obligue a retirar la campa\u00f1a, en vez de asumir el ideario de Vox que niega la violencia machista y la discriminaci\u00f3n a las mujeres.","datePublished":"2023-07-13T10:59:56+00:00","dateModified":"2023-07-13T11:00:35+00:00","mainEntityOfPage":{"@id":"https:\/\/www.psib-psoe.org\/eivissa\/el-psoe-denuncia-ante-el-consell-insular-y-el-govern-balear-la-publicidad-de-una-empresa-que-ofrece-en-eivissa-mujeres-fiesteras-de-alquiler-milena-herrera-exige-al-partido-popular-que-tom\/"},"wordCount":592,"publisher":{"@id":"https:\/\/www.psib-psoe.org\/eivissa\/#organization"},"image":{"@id":"https:\/\/www.psib-psoe.org\/eivissa\/el-psoe-denuncia-ante-el-consell-insular-y-el-govern-balear-la-publicidad-de-una-empresa-que-ofrece-en-eivissa-mujeres-fiesteras-de-alquiler-milena-herrera-exige-al-partido-popular-que-tom\/#primaryimage"},"thumbnailUrl":"https:\/\/www.psib-psoe.org\/eivissa\/wp-content\/uploads\/Captura-de-pantalla-2023-07-13-a-les-12.57.23.png","articleSection":["Consell d'Eivissa","Federaci\u00f3 d'Eivissa - Portada","Govern d'Espanya - Congr\u00e9s - Senat - PSOE Federal","Govern de les Illes Balears - Parlament - PSIB-PSOE"],"inLanguage":"ca"},{"@type":"WebPage","@id":"https:\/\/www.psib-psoe.org\/eivissa\/el-psoe-denuncia-ante-el-consell-insular-y-el-govern-balear-la-publicidad-de-una-empresa-que-ofrece-en-eivissa-mujeres-fiesteras-de-alquiler-milena-herrera-exige-al-partido-popular-que-tom\/","url":"https:\/\/www.psib-psoe.org\/eivissa\/el-psoe-denuncia-ante-el-consell-insular-y-el-govern-balear-la-publicidad-de-una-empresa-que-ofrece-en-eivissa-mujeres-fiesteras-de-alquiler-milena-herrera-exige-al-partido-popular-que-tom\/","name":"El PSOE denuncia ante el Consell Insular y el Govern Balear la publicidad de una empresa que ofrece en Eivissa \u201cmujeres fiesteras de alquiler\". Milena Herrera exige al Partido Popular que tome medidas y obligue a retirar la campa\u00f1a, en vez de asumir el ideario de Vox que niega la violencia machista y la discriminaci\u00f3n a las mujeres. - Federaci\u00f3 Socialista d&#039;Eivissa","isPartOf":{"@id":"https:\/\/www.psib-psoe.org\/eivissa\/#website"},"primaryImageOfPage":{"@id":"https:\/\/www.psib-psoe.org\/eivissa\/el-psoe-denuncia-ante-el-consell-insular-y-el-govern-balear-la-publicidad-de-una-empresa-que-ofrece-en-eivissa-mujeres-fiesteras-de-alquiler-milena-herrera-exige-al-partido-popular-que-tom\/#primaryimage"},"image":{"@id":"https:\/\/www.psib-psoe.org\/eivissa\/el-psoe-denuncia-ante-el-consell-insular-y-el-govern-balear-la-publicidad-de-una-empresa-que-ofrece-en-eivissa-mujeres-fiesteras-de-alquiler-milena-herrera-exige-al-partido-popular-que-tom\/#primaryimage"},"thumbnailUrl":"https:\/\/www.psib-psoe.org\/eivissa\/wp-content\/uploads\/Captura-de-pantalla-2023-07-13-a-les-12.57.23.png","datePublished":"2023-07-13T10:59:56+00:00","dateModified":"2023-07-13T11:00:35+00:00","breadcrumb":{"@id":"https:\/\/www.psib-psoe.org\/eivissa\/el-psoe-denuncia-ante-el-consell-insular-y-el-govern-balear-la-publicidad-de-una-empresa-que-ofrece-en-eivissa-mujeres-fiesteras-de-alquiler-milena-herrera-exige-al-partido-popular-que-tom\/#breadcrumb"},"inLanguage":"ca","potentialAction":[{"@type":"ReadAction","target":["https:\/\/www.psib-psoe.org\/eivissa\/el-psoe-denuncia-ante-el-consell-insular-y-el-govern-balear-la-publicidad-de-una-empresa-que-ofrece-en-eivissa-mujeres-fiesteras-de-alquiler-milena-herrera-exige-al-partido-popular-que-tom\/"]}]},{"@type":"ImageObject","inLanguage":"ca","@id":"https:\/\/www.psib-psoe.org\/eivissa\/el-psoe-denuncia-ante-el-consell-insular-y-el-govern-balear-la-publicidad-de-una-empresa-que-ofrece-en-eivissa-mujeres-fiesteras-de-alquiler-milena-herrera-exige-al-partido-popular-que-tom\/#primaryimage","url":"https:\/\/www.psib-psoe.org\/eivissa\/wp-content\/uploads\/Captura-de-pantalla-2023-07-13-a-les-12.57.23.png","contentUrl":"https:\/\/www.psib-psoe.org\/eivissa\/wp-content\/uploads\/Captura-de-pantalla-2023-07-13-a-les-12.57.23.png","width":744,"height":406},{"@type":"BreadcrumbList","@id":"https:\/\/www.psib-psoe.org\/eivissa\/el-psoe-denuncia-ante-el-consell-insular-y-el-govern-balear-la-publicidad-de-una-empresa-que-ofrece-en-eivissa-mujeres-fiesteras-de-alquiler-milena-herrera-exige-al-partido-popular-que-tom\/#breadcrumb","itemListElement":[{"@type":"ListItem","position":1,"name":"Inici","item":"https:\/\/www.psib-psoe.org\/eivissa\/"},{"@type":"ListItem","position":2,"name":"El PSOE denuncia ante el Consell Insular y el Govern Balear la publicidad de una empresa que ofrece en Eivissa \u201cmujeres fiesteras de alquiler&#8221;. Milena Herrera exige al Partido Popular que tome medidas y obligue a retirar la campa\u00f1a, en vez de asumir el ideario de Vox que niega la violencia machista y la discriminaci\u00f3n a las mujeres."}]},{"@type":"WebSite","@id":"https:\/\/www.psib-psoe.org\/eivissa\/#website","url":"https:\/\/www.psib-psoe.org\/eivissa\/","name":"Federaci\u00f3 Socialista d'Eivissa","description":"Socialistes d&#039;Eivissa","publisher":{"@id":"https:\/\/www.psib-psoe.org\/eivissa\/#organization"},"potentialAction":[{"@type":"SearchAction","target":{"@type":"EntryPoint","urlTemplate":"https:\/\/www.psib-psoe.org\/eivissa\/?s={search_term_string}"},"query-input":{"@type":"PropertyValueSpecification","valueRequired":true,"valueName":"search_term_string"}}],"inLanguage":"ca"},{"@type":"Organization","@id":"https:\/\/www.psib-psoe.org\/eivissa\/#organization","name":"Federaci\u00f3 Socialista d'Eivissa","url":"https:\/\/www.psib-psoe.org\/eivissa\/","logo":{"@type":"ImageObject","inLanguage":"ca","@id":"https:\/\/www.psib-psoe.org\/eivissa\/#\/schema\/logo\/image\/","url":"https:\/\/www.psib-psoe.org\/eivissa\/wp-content\/uploads\/LOGO-FSE-SOCIALISTA-DEIVISSA-HORI.png","contentUrl":"https:\/\/www.psib-psoe.org\/eivissa\/wp-content\/uploads\/LOGO-FSE-SOCIALISTA-DEIVISSA-HORI.png","width":6000,"height":3104,"caption":"Federaci\u00f3 Socialista d'Eivissa"},"image":{"@id":"https:\/\/www.psib-psoe.org\/eivissa\/#\/schema\/logo\/image\/"}},{"@type":"Person","@id":"https:\/\/www.psib-psoe.org\/eivissa\/#\/schema\/person\/7a9d2841fb36f32e34fc0e9b245e8117","name":"Josep Ripoll","sameAs":["http:\/\/www.psib-psoe.org\/eivissa\/wp-login.php"],"url":"https:\/\/www.psib-psoe.org\/eivissa\/author\/josep\/"}]}},"_links":{"self":[{"href":"https:\/\/www.psib-psoe.org\/eivissa\/wp-json\/wp\/v2\/posts\/37668","targetHints":{"allow":["GET"]}}],"collection":[{"href":"https:\/\/www.psib-psoe.org\/eivissa\/wp-json\/wp\/v2\/posts"}],"about":[{"href":"https:\/\/www.psib-psoe.org\/eivissa\/wp-json\/wp\/v2\/types\/post"}],"author":[{"embeddable":true,"href":"https:\/\/www.psib-psoe.org\/eivissa\/wp-json\/wp\/v2\/users\/7"}],"replies":[{"embeddable":true,"href":"https:\/\/www.psib-psoe.org\/eivissa\/wp-json\/wp\/v2\/comments?post=37668"}],"version-history":[{"count":1,"href":"https:\/\/www.psib-psoe.org\/eivissa\/wp-json\/wp\/v2\/posts\/37668\/revisions"}],"predecessor-version":[{"id":37671,"href":"https:\/\/www.psib-psoe.org\/eivissa\/wp-json\/wp\/v2\/posts\/37668\/revisions\/37671"}],"wp:featuredmedia":[{"embeddable":true,"href":"https:\/\/www.psib-psoe.org\/eivissa\/wp-json\/wp\/v2\/media\/37669"}],"wp:attachment":[{"href":"https:\/\/www.psib-psoe.org\/eivissa\/wp-json\/wp\/v2\/media?parent=37668"}],"wp:term":[{"taxonomy":"category","embeddable":true,"href":"https:\/\/www.psib-psoe.org\/eivissa\/wp-json\/wp\/v2\/categories?post=37668"},{"taxonomy":"post_tag","embeddable":true,"href":"https:\/\/www.psib-psoe.org\/eivissa\/wp-json\/wp\/v2\/tags?post=37668"}],"curies":[{"name":"wp","href":"https:\/\/api.w.org\/{rel}","templated":true}]}}