{"id":37841,"date":"2023-08-29T10:14:01","date_gmt":"2023-08-29T08:14:01","guid":{"rendered":"https:\/\/www.psib-psoe.org\/eivissa\/?p=37841"},"modified":"2023-08-29T10:14:01","modified_gmt":"2023-08-29T08:14:01","slug":"les-joventuts-socialistes-deivissa-inicien-una-nova-edicio-de-la-campanya-de-recollida-de-material-escolar","status":"publish","type":"post","link":"https:\/\/www.psib-psoe.org\/eivissa\/les-joventuts-socialistes-deivissa-inicien-una-nova-edicio-de-la-campanya-de-recollida-de-material-escolar\/","title":{"rendered":"Les Joventuts Socialistes d&#8217;Eivissa inicien una nova edici\u00f3 de la campanya de recollida de material escolar."},"content":{"rendered":"<p>Joventuts Socialistes d&#8217;Eivissa ha comen\u00e7at aquesta setmana la setena campanya de recollida de material escolar, destinada a facilitar recursos a les fam\u00edlies m\u00e9s vulnerables a trav\u00e9s de la mediaci\u00f3 de la Creu Roja. Azahara Pe\u00f1a, Secretaria General de Joventuts Socialistes, ha assegurat que l&#8217;inici del curs escolar &#8220;suposa un bon moment per fer un esfor\u00e7 p\u00fablic en favor de l&#8217;educaci\u00f3&#8221;.<\/p>\n<p>La secret\u00e0ria general de Joventuts, Azahara Pe\u00f1a, explica que &#8216;enguany continua havent-hi moltes fam\u00edlies que necessiten aquesta ajuda i no podem quedar-nos a una banda veient que encara hi ha fam\u00edlies que no poden fer front a la despesa que suposen aquests b\u00e9ns fonamentals de l&#8217;educaci\u00f3&#8221;.<\/p>\n<p>L&#8217;inici del curs \u00e9s un moment de moltes despeses per a les fam\u00edlies i des de les Joventuts socialistes d&#8217;Eivissa volem col\u00b7laborar a fer que tots els boixos i boixes de la nostra illa tinguin un comen\u00e7ament de curs en igualtat de condicions&#8217;. Per aix\u00f2, &#8216;demanem a tothom que vulgui participar en la campanya de recollida de material escolar, que s&#8217;apropi a la nostra seu i participi. Aquest any hi ha moltes m\u00e9s fam\u00edlies que necessiten ajuda&#8217;, per aix\u00f2 Pe\u00f1a fa una crida a la participaci\u00f3.<\/p>\n<p>El material escolar que es doni ha de ser nou, de qualsevol mena, i ha de dipositar-se en les oficines de la seu de la FSE-PSOE, situades a la via Romana, 15. L&#8217;horari d&#8217;atenci\u00f3 al p\u00fablic \u00e9s de 9 a 13 i si alg\u00fa no pot fer-ho presencialment pot posar-se en contacte amb el tel\u00e8fon indicat (646.87.61.75). Un cop finalitzada la recollida de material, les Joventuts Socialistes classificaran tot el material i el lliuraran a les fam\u00edlies i l&#8217;alumnat a trav\u00e9s de la Creu Roja.<\/p>\n","protected":false},"excerpt":{"rendered":"<p>Joventuts Socialistes d&#8217;Eivissa ha comen\u00e7at aquesta setmana la setena campanya de recollida de material escolar, destinada a facilitar recursos a les fam\u00edlies m\u00e9s vulnerables a trav\u00e9s de la mediaci\u00f3 de la Creu Roja. Azahara Pe\u00f1a, Secretaria General de Joventuts Socialistes, ha assegurat que l&#8217;inici del curs escolar &#8220;suposa un bon moment per fer un esfor\u00e7&hellip;<\/p>\n","protected":false},"author":13,"featured_media":37842,"comment_status":"closed","ping_status":"closed","sticky":false,"template":"","format":"standard","meta":{"footnotes":""},"categories":[1,260],"tags":[],"class_list":["post-37841","post","type-post","status-publish","format-standard","has-post-thumbnail","hentry","category-federacio-de-eivissa-portada","category-joventuts-socialistes-deivissa"],"yoast_head":"<!-- This site is optimized with the Yoast SEO plugin v26.9 - https:\/\/yoast.com\/product\/yoast-seo-wordpress\/ -->\n<title>Les Joventuts Socialistes d&#039;Eivissa inicien una nova edici\u00f3 de la campanya de recollida de material escolar. - Federaci\u00f3 Socialista d&#039;Eivissa<\/title>\n<meta name=\"robots\" content=\"index, follow, max-snippet:-1, max-image-preview:large, max-video-preview:-1\" \/>\n<link rel=\"canonical\" href=\"https:\/\/www.psib-psoe.org\/eivissa\/les-joventuts-socialistes-deivissa-inicien-una-nova-edicio-de-la-campanya-de-recollida-de-material-escolar\/\" \/>\n<meta property=\"og:locale\" content=\"ca_ES\" \/>\n<meta property=\"og:type\" content=\"article\" \/>\n<meta property=\"og:title\" content=\"Les Joventuts Socialistes d&#039;Eivissa inicien una nova edici\u00f3 de la campanya de recollida de material escolar. - Federaci\u00f3 Socialista d&#039;Eivissa\" \/>\n<meta property=\"og:description\" content=\"Joventuts Socialistes d&#8217;Eivissa ha comen\u00e7at aquesta setmana la setena campanya de recollida de material escolar, destinada a facilitar recursos a les fam\u00edlies m\u00e9s vulnerables a trav\u00e9s de la mediaci\u00f3 de la Creu Roja. Azahara Pe\u00f1a, Secretaria General de Joventuts Socialistes, ha assegurat que l&#8217;inici del curs escolar &#8220;suposa un bon moment per fer un esfor\u00e7&hellip;\" \/>\n<meta property=\"og:url\" content=\"https:\/\/www.psib-psoe.org\/eivissa\/les-joventuts-socialistes-deivissa-inicien-una-nova-edicio-de-la-campanya-de-recollida-de-material-escolar\/\" \/>\n<meta property=\"og:site_name\" content=\"Federaci\u00f3 Socialista d&#039;Eivissa\" \/>\n<meta property=\"article:published_time\" content=\"2023-08-29T08:14:01+00:00\" \/>\n<meta property=\"og:image\" content=\"https:\/\/www.psib-psoe.org\/eivissa\/wp-content\/uploads\/Campanya-solidaria-2023-08-29-at-09.42.14.jpeg\" \/>\n\t<meta property=\"og:image:width\" content=\"1131\" \/>\n\t<meta property=\"og:image:height\" content=\"1600\" \/>\n\t<meta property=\"og:image:type\" content=\"image\/jpeg\" \/>\n<meta name=\"author\" content=\"Youssef Tissei\" \/>\n<meta name=\"twitter:card\" content=\"summary_large_image\" \/>\n<meta name=\"twitter:label1\" content=\"Escrit per\" \/>\n\t<meta name=\"twitter:data1\" content=\"Youssef Tissei\" \/>\n\t<meta name=\"twitter:label2\" content=\"Temps estimat de lectura\" \/>\n\t<meta name=\"twitter:data2\" content=\"1 minut\" \/>\n<script type=\"application\/ld+json\" class=\"yoast-schema-graph\">{\"@context\":\"https:\/\/schema.org\",\"@graph\":[{\"@type\":[\"Article\",\"BlogPosting\"],\"@id\":\"https:\/\/www.psib-psoe.org\/eivissa\/les-joventuts-socialistes-deivissa-inicien-una-nova-edicio-de-la-campanya-de-recollida-de-material-escolar\/#article\",\"isPartOf\":{\"@id\":\"https:\/\/www.psib-psoe.org\/eivissa\/les-joventuts-socialistes-deivissa-inicien-una-nova-edicio-de-la-campanya-de-recollida-de-material-escolar\/\"},\"author\":{\"name\":\"Youssef Tissei\",\"@id\":\"https:\/\/www.psib-psoe.org\/eivissa\/#\/schema\/person\/09dc97c6dbd7193472bedd9f78914ee6\"},\"headline\":\"Les Joventuts Socialistes d&#8217;Eivissa inicien una nova edici\u00f3 de la campanya de recollida de material escolar.\",\"datePublished\":\"2023-08-29T08:14:01+00:00\",\"mainEntityOfPage\":{\"@id\":\"https:\/\/www.psib-psoe.org\/eivissa\/les-joventuts-socialistes-deivissa-inicien-una-nova-edicio-de-la-campanya-de-recollida-de-material-escolar\/\"},\"wordCount\":310,\"publisher\":{\"@id\":\"https:\/\/www.psib-psoe.org\/eivissa\/#organization\"},\"image\":{\"@id\":\"https:\/\/www.psib-psoe.org\/eivissa\/les-joventuts-socialistes-deivissa-inicien-una-nova-edicio-de-la-campanya-de-recollida-de-material-escolar\/#primaryimage\"},\"thumbnailUrl\":\"https:\/\/www.psib-psoe.org\/eivissa\/wp-content\/uploads\/Campanya-solidaria-2023-08-29-at-09.42.14.jpeg\",\"articleSection\":[\"Federaci\u00f3 d'Eivissa - Portada\",\"Joventuts Socialistes d'Eivissa\"],\"inLanguage\":\"ca\"},{\"@type\":\"WebPage\",\"@id\":\"https:\/\/www.psib-psoe.org\/eivissa\/les-joventuts-socialistes-deivissa-inicien-una-nova-edicio-de-la-campanya-de-recollida-de-material-escolar\/\",\"url\":\"https:\/\/www.psib-psoe.org\/eivissa\/les-joventuts-socialistes-deivissa-inicien-una-nova-edicio-de-la-campanya-de-recollida-de-material-escolar\/\",\"name\":\"Les Joventuts Socialistes d'Eivissa inicien una nova edici\u00f3 de la campanya de recollida de material escolar. - Federaci\u00f3 Socialista d&#039;Eivissa\",\"isPartOf\":{\"@id\":\"https:\/\/www.psib-psoe.org\/eivissa\/#website\"},\"primaryImageOfPage\":{\"@id\":\"https:\/\/www.psib-psoe.org\/eivissa\/les-joventuts-socialistes-deivissa-inicien-una-nova-edicio-de-la-campanya-de-recollida-de-material-escolar\/#primaryimage\"},\"image\":{\"@id\":\"https:\/\/www.psib-psoe.org\/eivissa\/les-joventuts-socialistes-deivissa-inicien-una-nova-edicio-de-la-campanya-de-recollida-de-material-escolar\/#primaryimage\"},\"thumbnailUrl\":\"https:\/\/www.psib-psoe.org\/eivissa\/wp-content\/uploads\/Campanya-solidaria-2023-08-29-at-09.42.14.jpeg\",\"datePublished\":\"2023-08-29T08:14:01+00:00\",\"breadcrumb\":{\"@id\":\"https:\/\/www.psib-psoe.org\/eivissa\/les-joventuts-socialistes-deivissa-inicien-una-nova-edicio-de-la-campanya-de-recollida-de-material-escolar\/#breadcrumb\"},\"inLanguage\":\"ca\",\"potentialAction\":[{\"@type\":\"ReadAction\",\"target\":[\"https:\/\/www.psib-psoe.org\/eivissa\/les-joventuts-socialistes-deivissa-inicien-una-nova-edicio-de-la-campanya-de-recollida-de-material-escolar\/\"]}]},{\"@type\":\"ImageObject\",\"inLanguage\":\"ca\",\"@id\":\"https:\/\/www.psib-psoe.org\/eivissa\/les-joventuts-socialistes-deivissa-inicien-una-nova-edicio-de-la-campanya-de-recollida-de-material-escolar\/#primaryimage\",\"url\":\"https:\/\/www.psib-psoe.org\/eivissa\/wp-content\/uploads\/Campanya-solidaria-2023-08-29-at-09.42.14.jpeg\",\"contentUrl\":\"https:\/\/www.psib-psoe.org\/eivissa\/wp-content\/uploads\/Campanya-solidaria-2023-08-29-at-09.42.14.jpeg\",\"width\":1131,\"height\":1600},{\"@type\":\"BreadcrumbList\",\"@id\":\"https:\/\/www.psib-psoe.org\/eivissa\/les-joventuts-socialistes-deivissa-inicien-una-nova-edicio-de-la-campanya-de-recollida-de-material-escolar\/#breadcrumb\",\"itemListElement\":[{\"@type\":\"ListItem\",\"position\":1,\"name\":\"Inici\",\"item\":\"https:\/\/www.psib-psoe.org\/eivissa\/\"},{\"@type\":\"ListItem\",\"position\":2,\"name\":\"Les Joventuts Socialistes d&#8217;Eivissa inicien una nova edici\u00f3 de la campanya de recollida de material escolar.\"}]},{\"@type\":\"WebSite\",\"@id\":\"https:\/\/www.psib-psoe.org\/eivissa\/#website\",\"url\":\"https:\/\/www.psib-psoe.org\/eivissa\/\",\"name\":\"Federaci\u00f3 Socialista d'Eivissa\",\"description\":\"Socialistes d&#039;Eivissa\",\"publisher\":{\"@id\":\"https:\/\/www.psib-psoe.org\/eivissa\/#organization\"},\"potentialAction\":[{\"@type\":\"SearchAction\",\"target\":{\"@type\":\"EntryPoint\",\"urlTemplate\":\"https:\/\/www.psib-psoe.org\/eivissa\/?s={search_term_string}\"},\"query-input\":{\"@type\":\"PropertyValueSpecification\",\"valueRequired\":true,\"valueName\":\"search_term_string\"}}],\"inLanguage\":\"ca\"},{\"@type\":\"Organization\",\"@id\":\"https:\/\/www.psib-psoe.org\/eivissa\/#organization\",\"name\":\"Federaci\u00f3 Socialista d'Eivissa\",\"url\":\"https:\/\/www.psib-psoe.org\/eivissa\/\",\"logo\":{\"@type\":\"ImageObject\",\"inLanguage\":\"ca\",\"@id\":\"https:\/\/www.psib-psoe.org\/eivissa\/#\/schema\/logo\/image\/\",\"url\":\"https:\/\/www.psib-psoe.org\/eivissa\/wp-content\/uploads\/LOGO-FSE-SOCIALISTA-DEIVISSA-HORI.png\",\"contentUrl\":\"https:\/\/www.psib-psoe.org\/eivissa\/wp-content\/uploads\/LOGO-FSE-SOCIALISTA-DEIVISSA-HORI.png\",\"width\":6000,\"height\":3104,\"caption\":\"Federaci\u00f3 Socialista d'Eivissa\"},\"image\":{\"@id\":\"https:\/\/www.psib-psoe.org\/eivissa\/#\/schema\/logo\/image\/\"}},{\"@type\":\"Person\",\"@id\":\"https:\/\/www.psib-psoe.org\/eivissa\/#\/schema\/person\/09dc97c6dbd7193472bedd9f78914ee6\",\"name\":\"Youssef Tissei\",\"url\":\"https:\/\/www.psib-psoe.org\/eivissa\/author\/tisseiyusef\/\"}]}<\/script>\n<!-- \/ Yoast SEO plugin. -->","yoast_head_json":{"title":"Les Joventuts Socialistes d'Eivissa inicien una nova edici\u00f3 de la campanya de recollida de material escolar. - Federaci\u00f3 Socialista d&#039;Eivissa","robots":{"index":"index","follow":"follow","max-snippet":"max-snippet:-1","max-image-preview":"max-image-preview:large","max-video-preview":"max-video-preview:-1"},"canonical":"https:\/\/www.psib-psoe.org\/eivissa\/les-joventuts-socialistes-deivissa-inicien-una-nova-edicio-de-la-campanya-de-recollida-de-material-escolar\/","og_locale":"ca_ES","og_type":"article","og_title":"Les Joventuts Socialistes d'Eivissa inicien una nova edici\u00f3 de la campanya de recollida de material escolar. - Federaci\u00f3 Socialista d&#039;Eivissa","og_description":"Joventuts Socialistes d&#8217;Eivissa ha comen\u00e7at aquesta setmana la setena campanya de recollida de material escolar, destinada a facilitar recursos a les fam\u00edlies m\u00e9s vulnerables a trav\u00e9s de la mediaci\u00f3 de la Creu Roja. Azahara Pe\u00f1a, Secretaria General de Joventuts Socialistes, ha assegurat que l&#8217;inici del curs escolar &#8220;suposa un bon moment per fer un esfor\u00e7&hellip;","og_url":"https:\/\/www.psib-psoe.org\/eivissa\/les-joventuts-socialistes-deivissa-inicien-una-nova-edicio-de-la-campanya-de-recollida-de-material-escolar\/","og_site_name":"Federaci\u00f3 Socialista d&#039;Eivissa","article_published_time":"2023-08-29T08:14:01+00:00","og_image":[{"width":1131,"height":1600,"url":"https:\/\/www.psib-psoe.org\/eivissa\/wp-content\/uploads\/Campanya-solidaria-2023-08-29-at-09.42.14.jpeg","type":"image\/jpeg"}],"author":"Youssef Tissei","twitter_card":"summary_large_image","twitter_misc":{"Escrit per":"Youssef Tissei","Temps estimat de lectura":"1 minut"},"schema":{"@context":"https:\/\/schema.org","@graph":[{"@type":["Article","BlogPosting"],"@id":"https:\/\/www.psib-psoe.org\/eivissa\/les-joventuts-socialistes-deivissa-inicien-una-nova-edicio-de-la-campanya-de-recollida-de-material-escolar\/#article","isPartOf":{"@id":"https:\/\/www.psib-psoe.org\/eivissa\/les-joventuts-socialistes-deivissa-inicien-una-nova-edicio-de-la-campanya-de-recollida-de-material-escolar\/"},"author":{"name":"Youssef Tissei","@id":"https:\/\/www.psib-psoe.org\/eivissa\/#\/schema\/person\/09dc97c6dbd7193472bedd9f78914ee6"},"headline":"Les Joventuts Socialistes d&#8217;Eivissa inicien una nova edici\u00f3 de la campanya de recollida de material escolar.","datePublished":"2023-08-29T08:14:01+00:00","mainEntityOfPage":{"@id":"https:\/\/www.psib-psoe.org\/eivissa\/les-joventuts-socialistes-deivissa-inicien-una-nova-edicio-de-la-campanya-de-recollida-de-material-escolar\/"},"wordCount":310,"publisher":{"@id":"https:\/\/www.psib-psoe.org\/eivissa\/#organization"},"image":{"@id":"https:\/\/www.psib-psoe.org\/eivissa\/les-joventuts-socialistes-deivissa-inicien-una-nova-edicio-de-la-campanya-de-recollida-de-material-escolar\/#primaryimage"},"thumbnailUrl":"https:\/\/www.psib-psoe.org\/eivissa\/wp-content\/uploads\/Campanya-solidaria-2023-08-29-at-09.42.14.jpeg","articleSection":["Federaci\u00f3 d'Eivissa - Portada","Joventuts Socialistes d'Eivissa"],"inLanguage":"ca"},{"@type":"WebPage","@id":"https:\/\/www.psib-psoe.org\/eivissa\/les-joventuts-socialistes-deivissa-inicien-una-nova-edicio-de-la-campanya-de-recollida-de-material-escolar\/","url":"https:\/\/www.psib-psoe.org\/eivissa\/les-joventuts-socialistes-deivissa-inicien-una-nova-edicio-de-la-campanya-de-recollida-de-material-escolar\/","name":"Les Joventuts Socialistes d'Eivissa inicien una nova edici\u00f3 de la campanya de recollida de material escolar. - Federaci\u00f3 Socialista d&#039;Eivissa","isPartOf":{"@id":"https:\/\/www.psib-psoe.org\/eivissa\/#website"},"primaryImageOfPage":{"@id":"https:\/\/www.psib-psoe.org\/eivissa\/les-joventuts-socialistes-deivissa-inicien-una-nova-edicio-de-la-campanya-de-recollida-de-material-escolar\/#primaryimage"},"image":{"@id":"https:\/\/www.psib-psoe.org\/eivissa\/les-joventuts-socialistes-deivissa-inicien-una-nova-edicio-de-la-campanya-de-recollida-de-material-escolar\/#primaryimage"},"thumbnailUrl":"https:\/\/www.psib-psoe.org\/eivissa\/wp-content\/uploads\/Campanya-solidaria-2023-08-29-at-09.42.14.jpeg","datePublished":"2023-08-29T08:14:01+00:00","breadcrumb":{"@id":"https:\/\/www.psib-psoe.org\/eivissa\/les-joventuts-socialistes-deivissa-inicien-una-nova-edicio-de-la-campanya-de-recollida-de-material-escolar\/#breadcrumb"},"inLanguage":"ca","potentialAction":[{"@type":"ReadAction","target":["https:\/\/www.psib-psoe.org\/eivissa\/les-joventuts-socialistes-deivissa-inicien-una-nova-edicio-de-la-campanya-de-recollida-de-material-escolar\/"]}]},{"@type":"ImageObject","inLanguage":"ca","@id":"https:\/\/www.psib-psoe.org\/eivissa\/les-joventuts-socialistes-deivissa-inicien-una-nova-edicio-de-la-campanya-de-recollida-de-material-escolar\/#primaryimage","url":"https:\/\/www.psib-psoe.org\/eivissa\/wp-content\/uploads\/Campanya-solidaria-2023-08-29-at-09.42.14.jpeg","contentUrl":"https:\/\/www.psib-psoe.org\/eivissa\/wp-content\/uploads\/Campanya-solidaria-2023-08-29-at-09.42.14.jpeg","width":1131,"height":1600},{"@type":"BreadcrumbList","@id":"https:\/\/www.psib-psoe.org\/eivissa\/les-joventuts-socialistes-deivissa-inicien-una-nova-edicio-de-la-campanya-de-recollida-de-material-escolar\/#breadcrumb","itemListElement":[{"@type":"ListItem","position":1,"name":"Inici","item":"https:\/\/www.psib-psoe.org\/eivissa\/"},{"@type":"ListItem","position":2,"name":"Les Joventuts Socialistes d&#8217;Eivissa inicien una nova edici\u00f3 de la campanya de recollida de material escolar."}]},{"@type":"WebSite","@id":"https:\/\/www.psib-psoe.org\/eivissa\/#website","url":"https:\/\/www.psib-psoe.org\/eivissa\/","name":"Federaci\u00f3 Socialista d'Eivissa","description":"Socialistes d&#039;Eivissa","publisher":{"@id":"https:\/\/www.psib-psoe.org\/eivissa\/#organization"},"potentialAction":[{"@type":"SearchAction","target":{"@type":"EntryPoint","urlTemplate":"https:\/\/www.psib-psoe.org\/eivissa\/?s={search_term_string}"},"query-input":{"@type":"PropertyValueSpecification","valueRequired":true,"valueName":"search_term_string"}}],"inLanguage":"ca"},{"@type":"Organization","@id":"https:\/\/www.psib-psoe.org\/eivissa\/#organization","name":"Federaci\u00f3 Socialista d'Eivissa","url":"https:\/\/www.psib-psoe.org\/eivissa\/","logo":{"@type":"ImageObject","inLanguage":"ca","@id":"https:\/\/www.psib-psoe.org\/eivissa\/#\/schema\/logo\/image\/","url":"https:\/\/www.psib-psoe.org\/eivissa\/wp-content\/uploads\/LOGO-FSE-SOCIALISTA-DEIVISSA-HORI.png","contentUrl":"https:\/\/www.psib-psoe.org\/eivissa\/wp-content\/uploads\/LOGO-FSE-SOCIALISTA-DEIVISSA-HORI.png","width":6000,"height":3104,"caption":"Federaci\u00f3 Socialista d'Eivissa"},"image":{"@id":"https:\/\/www.psib-psoe.org\/eivissa\/#\/schema\/logo\/image\/"}},{"@type":"Person","@id":"https:\/\/www.psib-psoe.org\/eivissa\/#\/schema\/person\/09dc97c6dbd7193472bedd9f78914ee6","name":"Youssef Tissei","url":"https:\/\/www.psib-psoe.org\/eivissa\/author\/tisseiyusef\/"}]}},"_links":{"self":[{"href":"https:\/\/www.psib-psoe.org\/eivissa\/wp-json\/wp\/v2\/posts\/37841","targetHints":{"allow":["GET"]}}],"collection":[{"href":"https:\/\/www.psib-psoe.org\/eivissa\/wp-json\/wp\/v2\/posts"}],"about":[{"href":"https:\/\/www.psib-psoe.org\/eivissa\/wp-json\/wp\/v2\/types\/post"}],"author":[{"embeddable":true,"href":"https:\/\/www.psib-psoe.org\/eivissa\/wp-json\/wp\/v2\/users\/13"}],"replies":[{"embeddable":true,"href":"https:\/\/www.psib-psoe.org\/eivissa\/wp-json\/wp\/v2\/comments?post=37841"}],"version-history":[{"count":1,"href":"https:\/\/www.psib-psoe.org\/eivissa\/wp-json\/wp\/v2\/posts\/37841\/revisions"}],"predecessor-version":[{"id":37844,"href":"https:\/\/www.psib-psoe.org\/eivissa\/wp-json\/wp\/v2\/posts\/37841\/revisions\/37844"}],"wp:featuredmedia":[{"embeddable":true,"href":"https:\/\/www.psib-psoe.org\/eivissa\/wp-json\/wp\/v2\/media\/37842"}],"wp:attachment":[{"href":"https:\/\/www.psib-psoe.org\/eivissa\/wp-json\/wp\/v2\/media?parent=37841"}],"wp:term":[{"taxonomy":"category","embeddable":true,"href":"https:\/\/www.psib-psoe.org\/eivissa\/wp-json\/wp\/v2\/categories?post=37841"},{"taxonomy":"post_tag","embeddable":true,"href":"https:\/\/www.psib-psoe.org\/eivissa\/wp-json\/wp\/v2\/tags?post=37841"}],"curies":[{"name":"wp","href":"https:\/\/api.w.org\/{rel}","templated":true}]}}