{"id":38493,"date":"2024-01-11T11:51:45","date_gmt":"2024-01-11T09:51:45","guid":{"rendered":"https:\/\/www.psib-psoe.org\/eivissa\/?p=38493"},"modified":"2024-01-11T11:51:45","modified_gmt":"2024-01-11T09:51:45","slug":"el-psoe-de-sant-antoni-allega-contra-el-pressupost-del-2024-perque-marcos-serra-incompleix-el-compromis-dincloure-hi-el-pla-daccessibilitat-del-municipi","status":"publish","type":"post","link":"https:\/\/www.psib-psoe.org\/eivissa\/el-psoe-de-sant-antoni-allega-contra-el-pressupost-del-2024-perque-marcos-serra-incompleix-el-compromis-dincloure-hi-el-pla-daccessibilitat-del-municipi\/","title":{"rendered":"El PSOE de Sant Antoni al\u00b7lega contra el pressupost del 2024 perqu\u00e8 Marcos Serra incompleix el comprom\u00eds d&#8217;incloure-hi el Pla d&#8217;accessibilitat del municipi."},"content":{"rendered":"<p>PSOE de Sant Antoni de Portmany ha presentat una al\u00b7legaci\u00f3 contra el pressupost de l&#8217;ajuntament perqu\u00e8 l&#8217;alcalde, Marcos Serra, incorpori una partida per elaborar un Pla d&#8217;accessibilitat per al municipi. Es tracta d&#8217;una proposta socialista aprovada per unanimitat de tots els grups al Ple municipal del mes de setembre passat.&#8221;Marcos Serra incompleix el comprom\u00eds perqu\u00e8 no ha incorporat la partida al pressupost per al 2024, cosa que ens sembla un engany a la ciutadania que no podem permetre&#8221;. Aix\u00ed ho ha dit el portaveu socialista, Antonio Lorenzo, que remarca que &#8220;els acords de Ple s&#8217;han de reflectir al pressupost&#8221;.<\/p>\n<p>El PSOE sol\u00b7licita &#8220;que es cre\u00ef una partida pressupost\u00e0ria als efectes i sigui dotada en conseq\u00fc\u00e8ncia per comen\u00e7ar l&#8217;elaboraci\u00f3 d&#8217;un Pla d&#8217;accessibilitat al municipi de Sant Antoni&#8221;. En cas que no es cre\u00ef la partida esmentada i hi hagi previsi\u00f3 d&#8217;obtenir aquest finan\u00e7ament d&#8217;una altra partida, &#8220;sol\u00b7licitem con\u00e8ixer la partida de la qual es finan\u00e7ar\u00e0 l&#8217;execuci\u00f3 de l&#8217;acord adoptat, aix\u00ed com el seu import&#8221;.Com recorda el portaveu socialista, el 28 de setembre es va aprovar per unanimitat de tots els grups de la corporaci\u00f3 la proposta d&#8217;acord presentada pel PSOE &#8220;per a l&#8217;elaboraci\u00f3 d&#8217;un Pla d&#8217;accessibilitat al municipi de Sant Antoni&#8221;. L&#8217;acord plenari adoptat establia els punts seg\u00fcents:<\/p>\n<p><em>Que l&#8217;Ajuntament de Sant Antoni de Portmany elabori i posi en marxa un Pla d&#8217;accessibilitat integral que tingui com a objectiu principal garantir la plena accessibilitat de tots els espais p\u00fablics, serveis i activitats municipals. Que el Pla d&#8217;Accessibilitat s&#8217;elabori en col\u00b7laboraci\u00f3 amb experts en accessibilitat, organitzacions locals de persones amb discapacitat i altres actors rellevants per assegurar que sigui inclusiu i s&#8217;adapti a les necessitats de la nostra comunitat. Que el Pla d&#8217;accessibilitat inclogui mesures concretes per millorar l&#8217;accessibilitat en edificis p\u00fablics, transport p\u00fablic, parcs i espais recreatius, serveis municipals i comunicaci\u00f3, entre altres aspectes clau. Que l&#8217;Ajuntament destini els recursos necessaris per a la implementaci\u00f3 efectiva del Pla d&#8217;accessibilitat i que s&#8217;estableixi una programaci\u00f3 temporal per executar-lo. Que es promogui la conscienciaci\u00f3 i la formaci\u00f3 en accessibilitat entre els empleats municipals i la comunitat en general, amb l&#8217;objectiu de sensibilitzar sobre la import\u00e0ncia de la inclusi\u00f3.<\/em><\/p>\n<p>&#8220;Espero i desitjo que l&#8217;alcalde rectifiqui i atengui la nostra al\u00b7legaci\u00f3 al pressupost per al 2024, incorporant i dotant la partida econ\u00f2mica per iniciar el Pla d&#8217;accessibilitat&#8221;. Com diu Lorenzo, &#8220;diners no li faltar\u00e0, ho t\u00e9 tan f\u00e0cil com retallar les partides d&#8217;autobombo que t\u00e9 al pressupost dedicat exclusivament a la seva promoci\u00f3 personal&#8221;.<\/p>\n","protected":false},"excerpt":{"rendered":"<p>PSOE de Sant Antoni de Portmany ha presentat una al\u00b7legaci\u00f3 contra el pressupost de l&#8217;ajuntament perqu\u00e8 l&#8217;alcalde, Marcos Serra, incorpori una partida per elaborar un Pla d&#8217;accessibilitat per al municipi. Es tracta d&#8217;una proposta socialista aprovada per unanimitat de tots els grups al Ple municipal del mes de setembre passat.&#8221;Marcos Serra incompleix el comprom\u00eds perqu\u00e8&hellip;<\/p>\n","protected":false},"author":13,"featured_media":36580,"comment_status":"closed","ping_status":"closed","sticky":false,"template":"","format":"standard","meta":{"footnotes":""},"categories":[1,234,188],"tags":[],"class_list":["post-38493","post","type-post","status-publish","format-standard","has-post-thumbnail","hentry","category-federacio-de-eivissa-portada","category-municipis","category-sant-antoni-de-portmany"],"yoast_head":"<!-- This site is optimized with the Yoast SEO plugin v26.9 - https:\/\/yoast.com\/product\/yoast-seo-wordpress\/ -->\n<title>El PSOE de Sant Antoni al\u00b7lega contra el pressupost del 2024 perqu\u00e8 Marcos Serra incompleix el comprom\u00eds d&#039;incloure-hi el Pla d&#039;accessibilitat del municipi. - Federaci\u00f3 Socialista d&#039;Eivissa<\/title>\n<meta name=\"robots\" content=\"index, follow, max-snippet:-1, max-image-preview:large, max-video-preview:-1\" \/>\n<link rel=\"canonical\" href=\"https:\/\/www.psib-psoe.org\/eivissa\/el-psoe-de-sant-antoni-allega-contra-el-pressupost-del-2024-perque-marcos-serra-incompleix-el-compromis-dincloure-hi-el-pla-daccessibilitat-del-municipi\/\" \/>\n<meta property=\"og:locale\" content=\"ca_ES\" \/>\n<meta property=\"og:type\" content=\"article\" \/>\n<meta property=\"og:title\" content=\"El PSOE de Sant Antoni al\u00b7lega contra el pressupost del 2024 perqu\u00e8 Marcos Serra incompleix el comprom\u00eds d&#039;incloure-hi el Pla d&#039;accessibilitat del municipi. - Federaci\u00f3 Socialista d&#039;Eivissa\" \/>\n<meta property=\"og:description\" content=\"PSOE de Sant Antoni de Portmany ha presentat una al\u00b7legaci\u00f3 contra el pressupost de l&#8217;ajuntament perqu\u00e8 l&#8217;alcalde, Marcos Serra, incorpori una partida per elaborar un Pla d&#8217;accessibilitat per al municipi. Es tracta d&#8217;una proposta socialista aprovada per unanimitat de tots els grups al Ple municipal del mes de setembre passat.&#8221;Marcos Serra incompleix el comprom\u00eds perqu\u00e8&hellip;\" \/>\n<meta property=\"og:url\" content=\"https:\/\/www.psib-psoe.org\/eivissa\/el-psoe-de-sant-antoni-allega-contra-el-pressupost-del-2024-perque-marcos-serra-incompleix-el-compromis-dincloure-hi-el-pla-daccessibilitat-del-municipi\/\" \/>\n<meta property=\"og:site_name\" content=\"Federaci\u00f3 Socialista d&#039;Eivissa\" \/>\n<meta property=\"article:published_time\" content=\"2024-01-11T09:51:45+00:00\" \/>\n<meta property=\"og:image\" content=\"https:\/\/www.psib-psoe.org\/eivissa\/wp-content\/uploads\/FOTO-ANTONIO-LORENZO-WEB-FEDERACIO-300x311-1.jpg\" \/>\n\t<meta property=\"og:image:width\" content=\"300\" \/>\n\t<meta property=\"og:image:height\" content=\"311\" \/>\n\t<meta property=\"og:image:type\" content=\"image\/jpeg\" \/>\n<meta name=\"author\" content=\"Youssef Tissei\" \/>\n<meta name=\"twitter:card\" content=\"summary_large_image\" \/>\n<meta name=\"twitter:label1\" content=\"Escrit per\" \/>\n\t<meta name=\"twitter:data1\" content=\"Youssef Tissei\" \/>\n\t<meta name=\"twitter:label2\" content=\"Temps estimat de lectura\" \/>\n\t<meta name=\"twitter:data2\" content=\"2 minuts\" \/>\n<script type=\"application\/ld+json\" class=\"yoast-schema-graph\">{\"@context\":\"https:\/\/schema.org\",\"@graph\":[{\"@type\":[\"Article\",\"BlogPosting\"],\"@id\":\"https:\/\/www.psib-psoe.org\/eivissa\/el-psoe-de-sant-antoni-allega-contra-el-pressupost-del-2024-perque-marcos-serra-incompleix-el-compromis-dincloure-hi-el-pla-daccessibilitat-del-municipi\/#article\",\"isPartOf\":{\"@id\":\"https:\/\/www.psib-psoe.org\/eivissa\/el-psoe-de-sant-antoni-allega-contra-el-pressupost-del-2024-perque-marcos-serra-incompleix-el-compromis-dincloure-hi-el-pla-daccessibilitat-del-municipi\/\"},\"author\":{\"name\":\"Youssef Tissei\",\"@id\":\"https:\/\/www.psib-psoe.org\/eivissa\/#\/schema\/person\/09dc97c6dbd7193472bedd9f78914ee6\"},\"headline\":\"El PSOE de Sant Antoni al\u00b7lega contra el pressupost del 2024 perqu\u00e8 Marcos Serra incompleix el comprom\u00eds d&#8217;incloure-hi el Pla d&#8217;accessibilitat del municipi.\",\"datePublished\":\"2024-01-11T09:51:45+00:00\",\"mainEntityOfPage\":{\"@id\":\"https:\/\/www.psib-psoe.org\/eivissa\/el-psoe-de-sant-antoni-allega-contra-el-pressupost-del-2024-perque-marcos-serra-incompleix-el-compromis-dincloure-hi-el-pla-daccessibilitat-del-municipi\/\"},\"wordCount\":451,\"publisher\":{\"@id\":\"https:\/\/www.psib-psoe.org\/eivissa\/#organization\"},\"image\":{\"@id\":\"https:\/\/www.psib-psoe.org\/eivissa\/el-psoe-de-sant-antoni-allega-contra-el-pressupost-del-2024-perque-marcos-serra-incompleix-el-compromis-dincloure-hi-el-pla-daccessibilitat-del-municipi\/#primaryimage\"},\"thumbnailUrl\":\"https:\/\/www.psib-psoe.org\/eivissa\/wp-content\/uploads\/FOTO-ANTONIO-LORENZO-WEB-FEDERACIO-300x311-1.jpg\",\"articleSection\":[\"Federaci\u00f3 d'Eivissa - Portada\",\"Municipis\",\"Sant Antoni de Portmany\"],\"inLanguage\":\"ca\"},{\"@type\":\"WebPage\",\"@id\":\"https:\/\/www.psib-psoe.org\/eivissa\/el-psoe-de-sant-antoni-allega-contra-el-pressupost-del-2024-perque-marcos-serra-incompleix-el-compromis-dincloure-hi-el-pla-daccessibilitat-del-municipi\/\",\"url\":\"https:\/\/www.psib-psoe.org\/eivissa\/el-psoe-de-sant-antoni-allega-contra-el-pressupost-del-2024-perque-marcos-serra-incompleix-el-compromis-dincloure-hi-el-pla-daccessibilitat-del-municipi\/\",\"name\":\"El PSOE de Sant Antoni al\u00b7lega contra el pressupost del 2024 perqu\u00e8 Marcos Serra incompleix el comprom\u00eds d'incloure-hi el Pla d'accessibilitat del municipi. - Federaci\u00f3 Socialista d&#039;Eivissa\",\"isPartOf\":{\"@id\":\"https:\/\/www.psib-psoe.org\/eivissa\/#website\"},\"primaryImageOfPage\":{\"@id\":\"https:\/\/www.psib-psoe.org\/eivissa\/el-psoe-de-sant-antoni-allega-contra-el-pressupost-del-2024-perque-marcos-serra-incompleix-el-compromis-dincloure-hi-el-pla-daccessibilitat-del-municipi\/#primaryimage\"},\"image\":{\"@id\":\"https:\/\/www.psib-psoe.org\/eivissa\/el-psoe-de-sant-antoni-allega-contra-el-pressupost-del-2024-perque-marcos-serra-incompleix-el-compromis-dincloure-hi-el-pla-daccessibilitat-del-municipi\/#primaryimage\"},\"thumbnailUrl\":\"https:\/\/www.psib-psoe.org\/eivissa\/wp-content\/uploads\/FOTO-ANTONIO-LORENZO-WEB-FEDERACIO-300x311-1.jpg\",\"datePublished\":\"2024-01-11T09:51:45+00:00\",\"breadcrumb\":{\"@id\":\"https:\/\/www.psib-psoe.org\/eivissa\/el-psoe-de-sant-antoni-allega-contra-el-pressupost-del-2024-perque-marcos-serra-incompleix-el-compromis-dincloure-hi-el-pla-daccessibilitat-del-municipi\/#breadcrumb\"},\"inLanguage\":\"ca\",\"potentialAction\":[{\"@type\":\"ReadAction\",\"target\":[\"https:\/\/www.psib-psoe.org\/eivissa\/el-psoe-de-sant-antoni-allega-contra-el-pressupost-del-2024-perque-marcos-serra-incompleix-el-compromis-dincloure-hi-el-pla-daccessibilitat-del-municipi\/\"]}]},{\"@type\":\"ImageObject\",\"inLanguage\":\"ca\",\"@id\":\"https:\/\/www.psib-psoe.org\/eivissa\/el-psoe-de-sant-antoni-allega-contra-el-pressupost-del-2024-perque-marcos-serra-incompleix-el-compromis-dincloure-hi-el-pla-daccessibilitat-del-municipi\/#primaryimage\",\"url\":\"https:\/\/www.psib-psoe.org\/eivissa\/wp-content\/uploads\/FOTO-ANTONIO-LORENZO-WEB-FEDERACIO-300x311-1.jpg\",\"contentUrl\":\"https:\/\/www.psib-psoe.org\/eivissa\/wp-content\/uploads\/FOTO-ANTONIO-LORENZO-WEB-FEDERACIO-300x311-1.jpg\",\"width\":300,\"height\":311},{\"@type\":\"BreadcrumbList\",\"@id\":\"https:\/\/www.psib-psoe.org\/eivissa\/el-psoe-de-sant-antoni-allega-contra-el-pressupost-del-2024-perque-marcos-serra-incompleix-el-compromis-dincloure-hi-el-pla-daccessibilitat-del-municipi\/#breadcrumb\",\"itemListElement\":[{\"@type\":\"ListItem\",\"position\":1,\"name\":\"Inici\",\"item\":\"https:\/\/www.psib-psoe.org\/eivissa\/\"},{\"@type\":\"ListItem\",\"position\":2,\"name\":\"El PSOE de Sant Antoni al\u00b7lega contra el pressupost del 2024 perqu\u00e8 Marcos Serra incompleix el comprom\u00eds d&#8217;incloure-hi el Pla d&#8217;accessibilitat del municipi.\"}]},{\"@type\":\"WebSite\",\"@id\":\"https:\/\/www.psib-psoe.org\/eivissa\/#website\",\"url\":\"https:\/\/www.psib-psoe.org\/eivissa\/\",\"name\":\"Federaci\u00f3 Socialista d'Eivissa\",\"description\":\"Socialistes d&#039;Eivissa\",\"publisher\":{\"@id\":\"https:\/\/www.psib-psoe.org\/eivissa\/#organization\"},\"potentialAction\":[{\"@type\":\"SearchAction\",\"target\":{\"@type\":\"EntryPoint\",\"urlTemplate\":\"https:\/\/www.psib-psoe.org\/eivissa\/?s={search_term_string}\"},\"query-input\":{\"@type\":\"PropertyValueSpecification\",\"valueRequired\":true,\"valueName\":\"search_term_string\"}}],\"inLanguage\":\"ca\"},{\"@type\":\"Organization\",\"@id\":\"https:\/\/www.psib-psoe.org\/eivissa\/#organization\",\"name\":\"Federaci\u00f3 Socialista d'Eivissa\",\"url\":\"https:\/\/www.psib-psoe.org\/eivissa\/\",\"logo\":{\"@type\":\"ImageObject\",\"inLanguage\":\"ca\",\"@id\":\"https:\/\/www.psib-psoe.org\/eivissa\/#\/schema\/logo\/image\/\",\"url\":\"https:\/\/www.psib-psoe.org\/eivissa\/wp-content\/uploads\/LOGO-FSE-SOCIALISTA-DEIVISSA-HORI.png\",\"contentUrl\":\"https:\/\/www.psib-psoe.org\/eivissa\/wp-content\/uploads\/LOGO-FSE-SOCIALISTA-DEIVISSA-HORI.png\",\"width\":6000,\"height\":3104,\"caption\":\"Federaci\u00f3 Socialista d'Eivissa\"},\"image\":{\"@id\":\"https:\/\/www.psib-psoe.org\/eivissa\/#\/schema\/logo\/image\/\"}},{\"@type\":\"Person\",\"@id\":\"https:\/\/www.psib-psoe.org\/eivissa\/#\/schema\/person\/09dc97c6dbd7193472bedd9f78914ee6\",\"name\":\"Youssef Tissei\",\"url\":\"https:\/\/www.psib-psoe.org\/eivissa\/author\/tisseiyusef\/\"}]}<\/script>\n<!-- \/ Yoast SEO plugin. -->","yoast_head_json":{"title":"El PSOE de Sant Antoni al\u00b7lega contra el pressupost del 2024 perqu\u00e8 Marcos Serra incompleix el comprom\u00eds d'incloure-hi el Pla d'accessibilitat del municipi. - Federaci\u00f3 Socialista d&#039;Eivissa","robots":{"index":"index","follow":"follow","max-snippet":"max-snippet:-1","max-image-preview":"max-image-preview:large","max-video-preview":"max-video-preview:-1"},"canonical":"https:\/\/www.psib-psoe.org\/eivissa\/el-psoe-de-sant-antoni-allega-contra-el-pressupost-del-2024-perque-marcos-serra-incompleix-el-compromis-dincloure-hi-el-pla-daccessibilitat-del-municipi\/","og_locale":"ca_ES","og_type":"article","og_title":"El PSOE de Sant Antoni al\u00b7lega contra el pressupost del 2024 perqu\u00e8 Marcos Serra incompleix el comprom\u00eds d'incloure-hi el Pla d'accessibilitat del municipi. - Federaci\u00f3 Socialista d&#039;Eivissa","og_description":"PSOE de Sant Antoni de Portmany ha presentat una al\u00b7legaci\u00f3 contra el pressupost de l&#8217;ajuntament perqu\u00e8 l&#8217;alcalde, Marcos Serra, incorpori una partida per elaborar un Pla d&#8217;accessibilitat per al municipi. Es tracta d&#8217;una proposta socialista aprovada per unanimitat de tots els grups al Ple municipal del mes de setembre passat.&#8221;Marcos Serra incompleix el comprom\u00eds perqu\u00e8&hellip;","og_url":"https:\/\/www.psib-psoe.org\/eivissa\/el-psoe-de-sant-antoni-allega-contra-el-pressupost-del-2024-perque-marcos-serra-incompleix-el-compromis-dincloure-hi-el-pla-daccessibilitat-del-municipi\/","og_site_name":"Federaci\u00f3 Socialista d&#039;Eivissa","article_published_time":"2024-01-11T09:51:45+00:00","og_image":[{"width":300,"height":311,"url":"https:\/\/www.psib-psoe.org\/eivissa\/wp-content\/uploads\/FOTO-ANTONIO-LORENZO-WEB-FEDERACIO-300x311-1.jpg","type":"image\/jpeg"}],"author":"Youssef Tissei","twitter_card":"summary_large_image","twitter_misc":{"Escrit per":"Youssef Tissei","Temps estimat de lectura":"2 minuts"},"schema":{"@context":"https:\/\/schema.org","@graph":[{"@type":["Article","BlogPosting"],"@id":"https:\/\/www.psib-psoe.org\/eivissa\/el-psoe-de-sant-antoni-allega-contra-el-pressupost-del-2024-perque-marcos-serra-incompleix-el-compromis-dincloure-hi-el-pla-daccessibilitat-del-municipi\/#article","isPartOf":{"@id":"https:\/\/www.psib-psoe.org\/eivissa\/el-psoe-de-sant-antoni-allega-contra-el-pressupost-del-2024-perque-marcos-serra-incompleix-el-compromis-dincloure-hi-el-pla-daccessibilitat-del-municipi\/"},"author":{"name":"Youssef Tissei","@id":"https:\/\/www.psib-psoe.org\/eivissa\/#\/schema\/person\/09dc97c6dbd7193472bedd9f78914ee6"},"headline":"El PSOE de Sant Antoni al\u00b7lega contra el pressupost del 2024 perqu\u00e8 Marcos Serra incompleix el comprom\u00eds d&#8217;incloure-hi el Pla d&#8217;accessibilitat del municipi.","datePublished":"2024-01-11T09:51:45+00:00","mainEntityOfPage":{"@id":"https:\/\/www.psib-psoe.org\/eivissa\/el-psoe-de-sant-antoni-allega-contra-el-pressupost-del-2024-perque-marcos-serra-incompleix-el-compromis-dincloure-hi-el-pla-daccessibilitat-del-municipi\/"},"wordCount":451,"publisher":{"@id":"https:\/\/www.psib-psoe.org\/eivissa\/#organization"},"image":{"@id":"https:\/\/www.psib-psoe.org\/eivissa\/el-psoe-de-sant-antoni-allega-contra-el-pressupost-del-2024-perque-marcos-serra-incompleix-el-compromis-dincloure-hi-el-pla-daccessibilitat-del-municipi\/#primaryimage"},"thumbnailUrl":"https:\/\/www.psib-psoe.org\/eivissa\/wp-content\/uploads\/FOTO-ANTONIO-LORENZO-WEB-FEDERACIO-300x311-1.jpg","articleSection":["Federaci\u00f3 d'Eivissa - Portada","Municipis","Sant Antoni de Portmany"],"inLanguage":"ca"},{"@type":"WebPage","@id":"https:\/\/www.psib-psoe.org\/eivissa\/el-psoe-de-sant-antoni-allega-contra-el-pressupost-del-2024-perque-marcos-serra-incompleix-el-compromis-dincloure-hi-el-pla-daccessibilitat-del-municipi\/","url":"https:\/\/www.psib-psoe.org\/eivissa\/el-psoe-de-sant-antoni-allega-contra-el-pressupost-del-2024-perque-marcos-serra-incompleix-el-compromis-dincloure-hi-el-pla-daccessibilitat-del-municipi\/","name":"El PSOE de Sant Antoni al\u00b7lega contra el pressupost del 2024 perqu\u00e8 Marcos Serra incompleix el comprom\u00eds d'incloure-hi el Pla d'accessibilitat del municipi. - Federaci\u00f3 Socialista d&#039;Eivissa","isPartOf":{"@id":"https:\/\/www.psib-psoe.org\/eivissa\/#website"},"primaryImageOfPage":{"@id":"https:\/\/www.psib-psoe.org\/eivissa\/el-psoe-de-sant-antoni-allega-contra-el-pressupost-del-2024-perque-marcos-serra-incompleix-el-compromis-dincloure-hi-el-pla-daccessibilitat-del-municipi\/#primaryimage"},"image":{"@id":"https:\/\/www.psib-psoe.org\/eivissa\/el-psoe-de-sant-antoni-allega-contra-el-pressupost-del-2024-perque-marcos-serra-incompleix-el-compromis-dincloure-hi-el-pla-daccessibilitat-del-municipi\/#primaryimage"},"thumbnailUrl":"https:\/\/www.psib-psoe.org\/eivissa\/wp-content\/uploads\/FOTO-ANTONIO-LORENZO-WEB-FEDERACIO-300x311-1.jpg","datePublished":"2024-01-11T09:51:45+00:00","breadcrumb":{"@id":"https:\/\/www.psib-psoe.org\/eivissa\/el-psoe-de-sant-antoni-allega-contra-el-pressupost-del-2024-perque-marcos-serra-incompleix-el-compromis-dincloure-hi-el-pla-daccessibilitat-del-municipi\/#breadcrumb"},"inLanguage":"ca","potentialAction":[{"@type":"ReadAction","target":["https:\/\/www.psib-psoe.org\/eivissa\/el-psoe-de-sant-antoni-allega-contra-el-pressupost-del-2024-perque-marcos-serra-incompleix-el-compromis-dincloure-hi-el-pla-daccessibilitat-del-municipi\/"]}]},{"@type":"ImageObject","inLanguage":"ca","@id":"https:\/\/www.psib-psoe.org\/eivissa\/el-psoe-de-sant-antoni-allega-contra-el-pressupost-del-2024-perque-marcos-serra-incompleix-el-compromis-dincloure-hi-el-pla-daccessibilitat-del-municipi\/#primaryimage","url":"https:\/\/www.psib-psoe.org\/eivissa\/wp-content\/uploads\/FOTO-ANTONIO-LORENZO-WEB-FEDERACIO-300x311-1.jpg","contentUrl":"https:\/\/www.psib-psoe.org\/eivissa\/wp-content\/uploads\/FOTO-ANTONIO-LORENZO-WEB-FEDERACIO-300x311-1.jpg","width":300,"height":311},{"@type":"BreadcrumbList","@id":"https:\/\/www.psib-psoe.org\/eivissa\/el-psoe-de-sant-antoni-allega-contra-el-pressupost-del-2024-perque-marcos-serra-incompleix-el-compromis-dincloure-hi-el-pla-daccessibilitat-del-municipi\/#breadcrumb","itemListElement":[{"@type":"ListItem","position":1,"name":"Inici","item":"https:\/\/www.psib-psoe.org\/eivissa\/"},{"@type":"ListItem","position":2,"name":"El PSOE de Sant Antoni al\u00b7lega contra el pressupost del 2024 perqu\u00e8 Marcos Serra incompleix el comprom\u00eds d&#8217;incloure-hi el Pla d&#8217;accessibilitat del municipi."}]},{"@type":"WebSite","@id":"https:\/\/www.psib-psoe.org\/eivissa\/#website","url":"https:\/\/www.psib-psoe.org\/eivissa\/","name":"Federaci\u00f3 Socialista d'Eivissa","description":"Socialistes d&#039;Eivissa","publisher":{"@id":"https:\/\/www.psib-psoe.org\/eivissa\/#organization"},"potentialAction":[{"@type":"SearchAction","target":{"@type":"EntryPoint","urlTemplate":"https:\/\/www.psib-psoe.org\/eivissa\/?s={search_term_string}"},"query-input":{"@type":"PropertyValueSpecification","valueRequired":true,"valueName":"search_term_string"}}],"inLanguage":"ca"},{"@type":"Organization","@id":"https:\/\/www.psib-psoe.org\/eivissa\/#organization","name":"Federaci\u00f3 Socialista d'Eivissa","url":"https:\/\/www.psib-psoe.org\/eivissa\/","logo":{"@type":"ImageObject","inLanguage":"ca","@id":"https:\/\/www.psib-psoe.org\/eivissa\/#\/schema\/logo\/image\/","url":"https:\/\/www.psib-psoe.org\/eivissa\/wp-content\/uploads\/LOGO-FSE-SOCIALISTA-DEIVISSA-HORI.png","contentUrl":"https:\/\/www.psib-psoe.org\/eivissa\/wp-content\/uploads\/LOGO-FSE-SOCIALISTA-DEIVISSA-HORI.png","width":6000,"height":3104,"caption":"Federaci\u00f3 Socialista d'Eivissa"},"image":{"@id":"https:\/\/www.psib-psoe.org\/eivissa\/#\/schema\/logo\/image\/"}},{"@type":"Person","@id":"https:\/\/www.psib-psoe.org\/eivissa\/#\/schema\/person\/09dc97c6dbd7193472bedd9f78914ee6","name":"Youssef Tissei","url":"https:\/\/www.psib-psoe.org\/eivissa\/author\/tisseiyusef\/"}]}},"_links":{"self":[{"href":"https:\/\/www.psib-psoe.org\/eivissa\/wp-json\/wp\/v2\/posts\/38493","targetHints":{"allow":["GET"]}}],"collection":[{"href":"https:\/\/www.psib-psoe.org\/eivissa\/wp-json\/wp\/v2\/posts"}],"about":[{"href":"https:\/\/www.psib-psoe.org\/eivissa\/wp-json\/wp\/v2\/types\/post"}],"author":[{"embeddable":true,"href":"https:\/\/www.psib-psoe.org\/eivissa\/wp-json\/wp\/v2\/users\/13"}],"replies":[{"embeddable":true,"href":"https:\/\/www.psib-psoe.org\/eivissa\/wp-json\/wp\/v2\/comments?post=38493"}],"version-history":[{"count":1,"href":"https:\/\/www.psib-psoe.org\/eivissa\/wp-json\/wp\/v2\/posts\/38493\/revisions"}],"predecessor-version":[{"id":38496,"href":"https:\/\/www.psib-psoe.org\/eivissa\/wp-json\/wp\/v2\/posts\/38493\/revisions\/38496"}],"wp:featuredmedia":[{"embeddable":true,"href":"https:\/\/www.psib-psoe.org\/eivissa\/wp-json\/wp\/v2\/media\/36580"}],"wp:attachment":[{"href":"https:\/\/www.psib-psoe.org\/eivissa\/wp-json\/wp\/v2\/media?parent=38493"}],"wp:term":[{"taxonomy":"category","embeddable":true,"href":"https:\/\/www.psib-psoe.org\/eivissa\/wp-json\/wp\/v2\/categories?post=38493"},{"taxonomy":"post_tag","embeddable":true,"href":"https:\/\/www.psib-psoe.org\/eivissa\/wp-json\/wp\/v2\/tags?post=38493"}],"curies":[{"name":"wp","href":"https:\/\/api.w.org\/{rel}","templated":true}]}}