{"id":38498,"date":"2024-01-12T13:22:26","date_gmt":"2024-01-12T11:22:26","guid":{"rendered":"https:\/\/www.psib-psoe.org\/eivissa\/?p=38498"},"modified":"2024-01-12T13:22:26","modified_gmt":"2024-01-12T11:22:26","slug":"el-psoe-reclama-a-vicent-mari-que-supleixi-des-del-consell-insular-les-ajudes-a-sindicats-i-patronals-eliminades-pel-govern-de-prohens","status":"publish","type":"post","link":"https:\/\/www.psib-psoe.org\/eivissa\/el-psoe-reclama-a-vicent-mari-que-supleixi-des-del-consell-insular-les-ajudes-a-sindicats-i-patronals-eliminades-pel-govern-de-prohens\/","title":{"rendered":"El PSOE reclama a Vicent Mar\u00ed que supleixi des del Consell Insular les ajudes a sindicats i patronals eliminades pel govern de Prohens"},"content":{"rendered":"<p>El grup PSOE reclama a Vicent Mar\u00ed que supleixi des del Consell Insular les ajudes a sindicats i patronals eliminades pel govern de Marga Prohens. En el pr\u00f2xim Ple, el grup socialista presentar\u00e0 una moci\u00f3 per al \u201creconeixement i defensa de la import\u00e0ncia dels sindicats i patronals en la cohesi\u00f3 social, el di\u00e0leg social i la millora de les condicions laborals i econ\u00f2miques a les Illes Balears i la seua funci\u00f3 fonamental en el marc democr\u00e0tic i social\u201d. El PSOE demanar\u00e0 al Ple del Consell \u201cinstar el Govern balear a rectificar i recuperar les ajudes auton\u00f2miques a sindicats i patronals, preservant aix\u00ed el crucial paper exercit per aquests en la cohesi\u00f3 social, el di\u00e0leg social i la millora de les condicions laborals i econ\u00f2miques en la nostra comunitat\u201d.<\/p>\n<p>En la proposta, el PSOE tamb\u00e9 demanar\u00e0 instar l&#8217;equip de govern del Consell Insular \u201ca realitzar una convocat\u00f2ria d\u2019ajudes destinada a sindicats i patronals de la nostra illa per suplir les eliminades pel Govern balear, en el que cas que l\u2019executiu auton\u00f2mic es negui a rectificar la seua decisi\u00f3\u201d.<\/p>\n<p>Fa uns dies, Vicent Mar\u00ed va manifestar-se contrari a la supressi\u00f3 de les ajudes auton\u00f2miques a sindicats i patronals, quan ell mateix en persona, com a diputat del PP al Parlament balear, havia votat a favor de les esmenes de Vox per eliminar diferents partides per un total de 400.000 euros. <\/p>\n<p>El portaveu del PSOE, Josep Mar\u00ed Ribas \u2018Agustinet\u2019, insta a Vicent Mar\u00ed a ser \u201cconseq\u00fcent amb les seues paraules\u201d i, \u201csi no \u00e9s capa\u00e7 de conv\u00e8ncer a Marga Prohens perqu\u00e8 recuperi les ajudes auton\u00f2miques, que les convoqui ell mateix des del Consell Insular\u201d per als sindicats i patronals d\u2019Eivissa.  <\/p>\n<p>En el pr\u00f2xim Ple, Vicent Mar\u00ed \u201ctendr\u00e0 l\u2019oportunitat de rectificar la seua greu equivocaci\u00f3 de votar en el Parlament a favor de l\u2019eliminaci\u00f3 de les ajudes a sindicats i patronals\u201d, ha manifestat Mar\u00ed Ribas.<\/p>\n<p>La supressi\u00f3 del pressupost del Govern balear de les subvencions destinades a sindicats i patronals ha generat una enorme preocupaci\u00f3 i decepci\u00f3 en els agents socials, que han lamentat que s&#8217;hagi posat en dubte el seu paper.<\/p>\n<p>Els sindicats UGT i CCOO i patronals com la Petita i Mitjana Empresa de les Illes Balears (PIMEB) i la Confederaci\u00f3 d&#8217;Associacions Empresarials de les Illes Balears (CAEB) han manifestat el seu malestar davant la retirada de les subvencions, recordant que aquestes constitueixen una assignaci\u00f3 constitucional i s\u00f3n fonamentals per a dur a terme funcions essencials en el di\u00e0leg social i la millora de les condicions laborals.<\/p>\n<p>De fet, per culpa de la supressi\u00f3 d\u2019aquestes ajudes, tant UGT com CCOO han anunciat el tancament de les seues oficines t\u00e8cniques d&#8217;Igualtat, que tenen la funci\u00f3 de millorar l&#8217;equitat entre dones i homes a les empreses i afavorir la no discriminaci\u00f3 de g\u00e8nere en l&#8217;\u00e0mbit de les relacions treball i la salut laboral.<\/p>\n","protected":false},"excerpt":{"rendered":"<p>El grup PSOE reclama a Vicent Mar\u00ed que supleixi des del Consell Insular les ajudes a sindicats i patronals eliminades pel govern de Marga Prohens. En el pr\u00f2xim Ple, el grup socialista presentar\u00e0 una moci\u00f3 per al \u201creconeixement i defensa de la import\u00e0ncia dels sindicats i patronals en la cohesi\u00f3 social, el di\u00e0leg social i&hellip;<\/p>\n","protected":false},"author":7,"featured_media":38442,"comment_status":"closed","ping_status":"closed","sticky":false,"template":"","format":"standard","meta":{"footnotes":""},"categories":[192,1],"tags":[],"class_list":["post-38498","post","type-post","status-publish","format-standard","has-post-thumbnail","hentry","category-consell-deivissa","category-federacio-de-eivissa-portada"],"yoast_head":"<!-- This site is optimized with the Yoast SEO plugin v26.9 - https:\/\/yoast.com\/product\/yoast-seo-wordpress\/ -->\n<title>El PSOE reclama a Vicent Mar\u00ed que supleixi des del Consell Insular les ajudes a sindicats i patronals eliminades pel govern de Prohens - Federaci\u00f3 Socialista d&#039;Eivissa<\/title>\n<meta name=\"robots\" content=\"index, follow, max-snippet:-1, max-image-preview:large, max-video-preview:-1\" \/>\n<link rel=\"canonical\" href=\"https:\/\/www.psib-psoe.org\/eivissa\/el-psoe-reclama-a-vicent-mari-que-supleixi-des-del-consell-insular-les-ajudes-a-sindicats-i-patronals-eliminades-pel-govern-de-prohens\/\" \/>\n<meta property=\"og:locale\" content=\"ca_ES\" \/>\n<meta property=\"og:type\" content=\"article\" \/>\n<meta property=\"og:title\" content=\"El PSOE reclama a Vicent Mar\u00ed que supleixi des del Consell Insular les ajudes a sindicats i patronals eliminades pel govern de Prohens - Federaci\u00f3 Socialista d&#039;Eivissa\" \/>\n<meta property=\"og:description\" content=\"El grup PSOE reclama a Vicent Mar\u00ed que supleixi des del Consell Insular les ajudes a sindicats i patronals eliminades pel govern de Marga Prohens. En el pr\u00f2xim Ple, el grup socialista presentar\u00e0 una moci\u00f3 per al \u201creconeixement i defensa de la import\u00e0ncia dels sindicats i patronals en la cohesi\u00f3 social, el di\u00e0leg social i&hellip;\" \/>\n<meta property=\"og:url\" content=\"https:\/\/www.psib-psoe.org\/eivissa\/el-psoe-reclama-a-vicent-mari-que-supleixi-des-del-consell-insular-les-ajudes-a-sindicats-i-patronals-eliminades-pel-govern-de-prohens\/\" \/>\n<meta property=\"og:site_name\" content=\"Federaci\u00f3 Socialista d&#039;Eivissa\" \/>\n<meta property=\"article:published_time\" content=\"2024-01-12T11:22:26+00:00\" \/>\n<meta property=\"og:image\" content=\"https:\/\/www.psib-psoe.org\/eivissa\/wp-content\/uploads\/foto-rdp-modificacio-PTI-scaled.jpg\" \/>\n\t<meta property=\"og:image:width\" content=\"2560\" \/>\n\t<meta property=\"og:image:height\" content=\"1437\" \/>\n\t<meta property=\"og:image:type\" content=\"image\/jpeg\" \/>\n<meta name=\"author\" content=\"Josep Ripoll\" \/>\n<meta name=\"twitter:card\" content=\"summary_large_image\" \/>\n<meta name=\"twitter:label1\" content=\"Escrit per\" \/>\n\t<meta name=\"twitter:data1\" content=\"Josep Ripoll\" \/>\n\t<meta name=\"twitter:label2\" content=\"Temps estimat de lectura\" \/>\n\t<meta name=\"twitter:data2\" content=\"2 minuts\" \/>\n<script type=\"application\/ld+json\" class=\"yoast-schema-graph\">{\"@context\":\"https:\/\/schema.org\",\"@graph\":[{\"@type\":[\"Article\",\"BlogPosting\"],\"@id\":\"https:\/\/www.psib-psoe.org\/eivissa\/el-psoe-reclama-a-vicent-mari-que-supleixi-des-del-consell-insular-les-ajudes-a-sindicats-i-patronals-eliminades-pel-govern-de-prohens\/#article\",\"isPartOf\":{\"@id\":\"https:\/\/www.psib-psoe.org\/eivissa\/el-psoe-reclama-a-vicent-mari-que-supleixi-des-del-consell-insular-les-ajudes-a-sindicats-i-patronals-eliminades-pel-govern-de-prohens\/\"},\"author\":{\"name\":\"Josep Ripoll\",\"@id\":\"https:\/\/www.psib-psoe.org\/eivissa\/#\/schema\/person\/7a9d2841fb36f32e34fc0e9b245e8117\"},\"headline\":\"El PSOE reclama a Vicent Mar\u00ed que supleixi des del Consell Insular les ajudes a sindicats i patronals eliminades pel govern de Prohens\",\"datePublished\":\"2024-01-12T11:22:26+00:00\",\"mainEntityOfPage\":{\"@id\":\"https:\/\/www.psib-psoe.org\/eivissa\/el-psoe-reclama-a-vicent-mari-que-supleixi-des-del-consell-insular-les-ajudes-a-sindicats-i-patronals-eliminades-pel-govern-de-prohens\/\"},\"wordCount\":517,\"publisher\":{\"@id\":\"https:\/\/www.psib-psoe.org\/eivissa\/#organization\"},\"image\":{\"@id\":\"https:\/\/www.psib-psoe.org\/eivissa\/el-psoe-reclama-a-vicent-mari-que-supleixi-des-del-consell-insular-les-ajudes-a-sindicats-i-patronals-eliminades-pel-govern-de-prohens\/#primaryimage\"},\"thumbnailUrl\":\"https:\/\/www.psib-psoe.org\/eivissa\/wp-content\/uploads\/foto-rdp-modificacio-PTI-scaled.jpg\",\"articleSection\":[\"Consell d'Eivissa\",\"Federaci\u00f3 d'Eivissa - Portada\"],\"inLanguage\":\"ca\"},{\"@type\":\"WebPage\",\"@id\":\"https:\/\/www.psib-psoe.org\/eivissa\/el-psoe-reclama-a-vicent-mari-que-supleixi-des-del-consell-insular-les-ajudes-a-sindicats-i-patronals-eliminades-pel-govern-de-prohens\/\",\"url\":\"https:\/\/www.psib-psoe.org\/eivissa\/el-psoe-reclama-a-vicent-mari-que-supleixi-des-del-consell-insular-les-ajudes-a-sindicats-i-patronals-eliminades-pel-govern-de-prohens\/\",\"name\":\"El PSOE reclama a Vicent Mar\u00ed que supleixi des del Consell Insular les ajudes a sindicats i patronals eliminades pel govern de Prohens - Federaci\u00f3 Socialista d&#039;Eivissa\",\"isPartOf\":{\"@id\":\"https:\/\/www.psib-psoe.org\/eivissa\/#website\"},\"primaryImageOfPage\":{\"@id\":\"https:\/\/www.psib-psoe.org\/eivissa\/el-psoe-reclama-a-vicent-mari-que-supleixi-des-del-consell-insular-les-ajudes-a-sindicats-i-patronals-eliminades-pel-govern-de-prohens\/#primaryimage\"},\"image\":{\"@id\":\"https:\/\/www.psib-psoe.org\/eivissa\/el-psoe-reclama-a-vicent-mari-que-supleixi-des-del-consell-insular-les-ajudes-a-sindicats-i-patronals-eliminades-pel-govern-de-prohens\/#primaryimage\"},\"thumbnailUrl\":\"https:\/\/www.psib-psoe.org\/eivissa\/wp-content\/uploads\/foto-rdp-modificacio-PTI-scaled.jpg\",\"datePublished\":\"2024-01-12T11:22:26+00:00\",\"breadcrumb\":{\"@id\":\"https:\/\/www.psib-psoe.org\/eivissa\/el-psoe-reclama-a-vicent-mari-que-supleixi-des-del-consell-insular-les-ajudes-a-sindicats-i-patronals-eliminades-pel-govern-de-prohens\/#breadcrumb\"},\"inLanguage\":\"ca\",\"potentialAction\":[{\"@type\":\"ReadAction\",\"target\":[\"https:\/\/www.psib-psoe.org\/eivissa\/el-psoe-reclama-a-vicent-mari-que-supleixi-des-del-consell-insular-les-ajudes-a-sindicats-i-patronals-eliminades-pel-govern-de-prohens\/\"]}]},{\"@type\":\"ImageObject\",\"inLanguage\":\"ca\",\"@id\":\"https:\/\/www.psib-psoe.org\/eivissa\/el-psoe-reclama-a-vicent-mari-que-supleixi-des-del-consell-insular-les-ajudes-a-sindicats-i-patronals-eliminades-pel-govern-de-prohens\/#primaryimage\",\"url\":\"https:\/\/www.psib-psoe.org\/eivissa\/wp-content\/uploads\/foto-rdp-modificacio-PTI-scaled.jpg\",\"contentUrl\":\"https:\/\/www.psib-psoe.org\/eivissa\/wp-content\/uploads\/foto-rdp-modificacio-PTI-scaled.jpg\",\"width\":2560,\"height\":1437},{\"@type\":\"BreadcrumbList\",\"@id\":\"https:\/\/www.psib-psoe.org\/eivissa\/el-psoe-reclama-a-vicent-mari-que-supleixi-des-del-consell-insular-les-ajudes-a-sindicats-i-patronals-eliminades-pel-govern-de-prohens\/#breadcrumb\",\"itemListElement\":[{\"@type\":\"ListItem\",\"position\":1,\"name\":\"Inici\",\"item\":\"https:\/\/www.psib-psoe.org\/eivissa\/\"},{\"@type\":\"ListItem\",\"position\":2,\"name\":\"El PSOE reclama a Vicent Mar\u00ed que supleixi des del Consell Insular les ajudes a sindicats i patronals eliminades pel govern de Prohens\"}]},{\"@type\":\"WebSite\",\"@id\":\"https:\/\/www.psib-psoe.org\/eivissa\/#website\",\"url\":\"https:\/\/www.psib-psoe.org\/eivissa\/\",\"name\":\"Federaci\u00f3 Socialista d'Eivissa\",\"description\":\"Socialistes d&#039;Eivissa\",\"publisher\":{\"@id\":\"https:\/\/www.psib-psoe.org\/eivissa\/#organization\"},\"potentialAction\":[{\"@type\":\"SearchAction\",\"target\":{\"@type\":\"EntryPoint\",\"urlTemplate\":\"https:\/\/www.psib-psoe.org\/eivissa\/?s={search_term_string}\"},\"query-input\":{\"@type\":\"PropertyValueSpecification\",\"valueRequired\":true,\"valueName\":\"search_term_string\"}}],\"inLanguage\":\"ca\"},{\"@type\":\"Organization\",\"@id\":\"https:\/\/www.psib-psoe.org\/eivissa\/#organization\",\"name\":\"Federaci\u00f3 Socialista d'Eivissa\",\"url\":\"https:\/\/www.psib-psoe.org\/eivissa\/\",\"logo\":{\"@type\":\"ImageObject\",\"inLanguage\":\"ca\",\"@id\":\"https:\/\/www.psib-psoe.org\/eivissa\/#\/schema\/logo\/image\/\",\"url\":\"https:\/\/www.psib-psoe.org\/eivissa\/wp-content\/uploads\/LOGO-FSE-SOCIALISTA-DEIVISSA-HORI.png\",\"contentUrl\":\"https:\/\/www.psib-psoe.org\/eivissa\/wp-content\/uploads\/LOGO-FSE-SOCIALISTA-DEIVISSA-HORI.png\",\"width\":6000,\"height\":3104,\"caption\":\"Federaci\u00f3 Socialista d'Eivissa\"},\"image\":{\"@id\":\"https:\/\/www.psib-psoe.org\/eivissa\/#\/schema\/logo\/image\/\"}},{\"@type\":\"Person\",\"@id\":\"https:\/\/www.psib-psoe.org\/eivissa\/#\/schema\/person\/7a9d2841fb36f32e34fc0e9b245e8117\",\"name\":\"Josep Ripoll\",\"sameAs\":[\"http:\/\/www.psib-psoe.org\/eivissa\/wp-login.php\"],\"url\":\"https:\/\/www.psib-psoe.org\/eivissa\/author\/josep\/\"}]}<\/script>\n<!-- \/ Yoast SEO plugin. -->","yoast_head_json":{"title":"El PSOE reclama a Vicent Mar\u00ed que supleixi des del Consell Insular les ajudes a sindicats i patronals eliminades pel govern de Prohens - Federaci\u00f3 Socialista d&#039;Eivissa","robots":{"index":"index","follow":"follow","max-snippet":"max-snippet:-1","max-image-preview":"max-image-preview:large","max-video-preview":"max-video-preview:-1"},"canonical":"https:\/\/www.psib-psoe.org\/eivissa\/el-psoe-reclama-a-vicent-mari-que-supleixi-des-del-consell-insular-les-ajudes-a-sindicats-i-patronals-eliminades-pel-govern-de-prohens\/","og_locale":"ca_ES","og_type":"article","og_title":"El PSOE reclama a Vicent Mar\u00ed que supleixi des del Consell Insular les ajudes a sindicats i patronals eliminades pel govern de Prohens - Federaci\u00f3 Socialista d&#039;Eivissa","og_description":"El grup PSOE reclama a Vicent Mar\u00ed que supleixi des del Consell Insular les ajudes a sindicats i patronals eliminades pel govern de Marga Prohens. En el pr\u00f2xim Ple, el grup socialista presentar\u00e0 una moci\u00f3 per al \u201creconeixement i defensa de la import\u00e0ncia dels sindicats i patronals en la cohesi\u00f3 social, el di\u00e0leg social i&hellip;","og_url":"https:\/\/www.psib-psoe.org\/eivissa\/el-psoe-reclama-a-vicent-mari-que-supleixi-des-del-consell-insular-les-ajudes-a-sindicats-i-patronals-eliminades-pel-govern-de-prohens\/","og_site_name":"Federaci\u00f3 Socialista d&#039;Eivissa","article_published_time":"2024-01-12T11:22:26+00:00","og_image":[{"width":2560,"height":1437,"url":"https:\/\/www.psib-psoe.org\/eivissa\/wp-content\/uploads\/foto-rdp-modificacio-PTI-scaled.jpg","type":"image\/jpeg"}],"author":"Josep Ripoll","twitter_card":"summary_large_image","twitter_misc":{"Escrit per":"Josep Ripoll","Temps estimat de lectura":"2 minuts"},"schema":{"@context":"https:\/\/schema.org","@graph":[{"@type":["Article","BlogPosting"],"@id":"https:\/\/www.psib-psoe.org\/eivissa\/el-psoe-reclama-a-vicent-mari-que-supleixi-des-del-consell-insular-les-ajudes-a-sindicats-i-patronals-eliminades-pel-govern-de-prohens\/#article","isPartOf":{"@id":"https:\/\/www.psib-psoe.org\/eivissa\/el-psoe-reclama-a-vicent-mari-que-supleixi-des-del-consell-insular-les-ajudes-a-sindicats-i-patronals-eliminades-pel-govern-de-prohens\/"},"author":{"name":"Josep Ripoll","@id":"https:\/\/www.psib-psoe.org\/eivissa\/#\/schema\/person\/7a9d2841fb36f32e34fc0e9b245e8117"},"headline":"El PSOE reclama a Vicent Mar\u00ed que supleixi des del Consell Insular les ajudes a sindicats i patronals eliminades pel govern de Prohens","datePublished":"2024-01-12T11:22:26+00:00","mainEntityOfPage":{"@id":"https:\/\/www.psib-psoe.org\/eivissa\/el-psoe-reclama-a-vicent-mari-que-supleixi-des-del-consell-insular-les-ajudes-a-sindicats-i-patronals-eliminades-pel-govern-de-prohens\/"},"wordCount":517,"publisher":{"@id":"https:\/\/www.psib-psoe.org\/eivissa\/#organization"},"image":{"@id":"https:\/\/www.psib-psoe.org\/eivissa\/el-psoe-reclama-a-vicent-mari-que-supleixi-des-del-consell-insular-les-ajudes-a-sindicats-i-patronals-eliminades-pel-govern-de-prohens\/#primaryimage"},"thumbnailUrl":"https:\/\/www.psib-psoe.org\/eivissa\/wp-content\/uploads\/foto-rdp-modificacio-PTI-scaled.jpg","articleSection":["Consell d'Eivissa","Federaci\u00f3 d'Eivissa - Portada"],"inLanguage":"ca"},{"@type":"WebPage","@id":"https:\/\/www.psib-psoe.org\/eivissa\/el-psoe-reclama-a-vicent-mari-que-supleixi-des-del-consell-insular-les-ajudes-a-sindicats-i-patronals-eliminades-pel-govern-de-prohens\/","url":"https:\/\/www.psib-psoe.org\/eivissa\/el-psoe-reclama-a-vicent-mari-que-supleixi-des-del-consell-insular-les-ajudes-a-sindicats-i-patronals-eliminades-pel-govern-de-prohens\/","name":"El PSOE reclama a Vicent Mar\u00ed que supleixi des del Consell Insular les ajudes a sindicats i patronals eliminades pel govern de Prohens - Federaci\u00f3 Socialista d&#039;Eivissa","isPartOf":{"@id":"https:\/\/www.psib-psoe.org\/eivissa\/#website"},"primaryImageOfPage":{"@id":"https:\/\/www.psib-psoe.org\/eivissa\/el-psoe-reclama-a-vicent-mari-que-supleixi-des-del-consell-insular-les-ajudes-a-sindicats-i-patronals-eliminades-pel-govern-de-prohens\/#primaryimage"},"image":{"@id":"https:\/\/www.psib-psoe.org\/eivissa\/el-psoe-reclama-a-vicent-mari-que-supleixi-des-del-consell-insular-les-ajudes-a-sindicats-i-patronals-eliminades-pel-govern-de-prohens\/#primaryimage"},"thumbnailUrl":"https:\/\/www.psib-psoe.org\/eivissa\/wp-content\/uploads\/foto-rdp-modificacio-PTI-scaled.jpg","datePublished":"2024-01-12T11:22:26+00:00","breadcrumb":{"@id":"https:\/\/www.psib-psoe.org\/eivissa\/el-psoe-reclama-a-vicent-mari-que-supleixi-des-del-consell-insular-les-ajudes-a-sindicats-i-patronals-eliminades-pel-govern-de-prohens\/#breadcrumb"},"inLanguage":"ca","potentialAction":[{"@type":"ReadAction","target":["https:\/\/www.psib-psoe.org\/eivissa\/el-psoe-reclama-a-vicent-mari-que-supleixi-des-del-consell-insular-les-ajudes-a-sindicats-i-patronals-eliminades-pel-govern-de-prohens\/"]}]},{"@type":"ImageObject","inLanguage":"ca","@id":"https:\/\/www.psib-psoe.org\/eivissa\/el-psoe-reclama-a-vicent-mari-que-supleixi-des-del-consell-insular-les-ajudes-a-sindicats-i-patronals-eliminades-pel-govern-de-prohens\/#primaryimage","url":"https:\/\/www.psib-psoe.org\/eivissa\/wp-content\/uploads\/foto-rdp-modificacio-PTI-scaled.jpg","contentUrl":"https:\/\/www.psib-psoe.org\/eivissa\/wp-content\/uploads\/foto-rdp-modificacio-PTI-scaled.jpg","width":2560,"height":1437},{"@type":"BreadcrumbList","@id":"https:\/\/www.psib-psoe.org\/eivissa\/el-psoe-reclama-a-vicent-mari-que-supleixi-des-del-consell-insular-les-ajudes-a-sindicats-i-patronals-eliminades-pel-govern-de-prohens\/#breadcrumb","itemListElement":[{"@type":"ListItem","position":1,"name":"Inici","item":"https:\/\/www.psib-psoe.org\/eivissa\/"},{"@type":"ListItem","position":2,"name":"El PSOE reclama a Vicent Mar\u00ed que supleixi des del Consell Insular les ajudes a sindicats i patronals eliminades pel govern de Prohens"}]},{"@type":"WebSite","@id":"https:\/\/www.psib-psoe.org\/eivissa\/#website","url":"https:\/\/www.psib-psoe.org\/eivissa\/","name":"Federaci\u00f3 Socialista d'Eivissa","description":"Socialistes d&#039;Eivissa","publisher":{"@id":"https:\/\/www.psib-psoe.org\/eivissa\/#organization"},"potentialAction":[{"@type":"SearchAction","target":{"@type":"EntryPoint","urlTemplate":"https:\/\/www.psib-psoe.org\/eivissa\/?s={search_term_string}"},"query-input":{"@type":"PropertyValueSpecification","valueRequired":true,"valueName":"search_term_string"}}],"inLanguage":"ca"},{"@type":"Organization","@id":"https:\/\/www.psib-psoe.org\/eivissa\/#organization","name":"Federaci\u00f3 Socialista d'Eivissa","url":"https:\/\/www.psib-psoe.org\/eivissa\/","logo":{"@type":"ImageObject","inLanguage":"ca","@id":"https:\/\/www.psib-psoe.org\/eivissa\/#\/schema\/logo\/image\/","url":"https:\/\/www.psib-psoe.org\/eivissa\/wp-content\/uploads\/LOGO-FSE-SOCIALISTA-DEIVISSA-HORI.png","contentUrl":"https:\/\/www.psib-psoe.org\/eivissa\/wp-content\/uploads\/LOGO-FSE-SOCIALISTA-DEIVISSA-HORI.png","width":6000,"height":3104,"caption":"Federaci\u00f3 Socialista d'Eivissa"},"image":{"@id":"https:\/\/www.psib-psoe.org\/eivissa\/#\/schema\/logo\/image\/"}},{"@type":"Person","@id":"https:\/\/www.psib-psoe.org\/eivissa\/#\/schema\/person\/7a9d2841fb36f32e34fc0e9b245e8117","name":"Josep Ripoll","sameAs":["http:\/\/www.psib-psoe.org\/eivissa\/wp-login.php"],"url":"https:\/\/www.psib-psoe.org\/eivissa\/author\/josep\/"}]}},"_links":{"self":[{"href":"https:\/\/www.psib-psoe.org\/eivissa\/wp-json\/wp\/v2\/posts\/38498","targetHints":{"allow":["GET"]}}],"collection":[{"href":"https:\/\/www.psib-psoe.org\/eivissa\/wp-json\/wp\/v2\/posts"}],"about":[{"href":"https:\/\/www.psib-psoe.org\/eivissa\/wp-json\/wp\/v2\/types\/post"}],"author":[{"embeddable":true,"href":"https:\/\/www.psib-psoe.org\/eivissa\/wp-json\/wp\/v2\/users\/7"}],"replies":[{"embeddable":true,"href":"https:\/\/www.psib-psoe.org\/eivissa\/wp-json\/wp\/v2\/comments?post=38498"}],"version-history":[{"count":1,"href":"https:\/\/www.psib-psoe.org\/eivissa\/wp-json\/wp\/v2\/posts\/38498\/revisions"}],"predecessor-version":[{"id":38499,"href":"https:\/\/www.psib-psoe.org\/eivissa\/wp-json\/wp\/v2\/posts\/38498\/revisions\/38499"}],"wp:featuredmedia":[{"embeddable":true,"href":"https:\/\/www.psib-psoe.org\/eivissa\/wp-json\/wp\/v2\/media\/38442"}],"wp:attachment":[{"href":"https:\/\/www.psib-psoe.org\/eivissa\/wp-json\/wp\/v2\/media?parent=38498"}],"wp:term":[{"taxonomy":"category","embeddable":true,"href":"https:\/\/www.psib-psoe.org\/eivissa\/wp-json\/wp\/v2\/categories?post=38498"},{"taxonomy":"post_tag","embeddable":true,"href":"https:\/\/www.psib-psoe.org\/eivissa\/wp-json\/wp\/v2\/tags?post=38498"}],"curies":[{"name":"wp","href":"https:\/\/api.w.org\/{rel}","templated":true}]}}