{"id":38525,"date":"2024-01-15T18:29:23","date_gmt":"2024-01-15T16:29:23","guid":{"rendered":"https:\/\/www.psib-psoe.org\/eivissa\/?p=38525"},"modified":"2024-01-15T18:29:25","modified_gmt":"2024-01-15T16:29:25","slug":"la-diputada-del-psoe-milena-herrera-i-el-senador-deivissa-i-formentera-juanjo-ferrer-es-reuneixen-amb-lalcalde-deivissa-per-impulsar-els-principals-projectes-de-l","status":"publish","type":"post","link":"https:\/\/www.psib-psoe.org\/eivissa\/la-diputada-del-psoe-milena-herrera-i-el-senador-deivissa-i-formentera-juanjo-ferrer-es-reuneixen-amb-lalcalde-deivissa-per-impulsar-els-principals-projectes-de-l\/","title":{"rendered":"La diputada del PSOE, Milena Herrera, i el senador d\u2019Eivissa i Formentera, Juanjo Ferrer, es reuneixen amb l\u2019alcalde d\u2019Eivissa per impulsar els principals projectes de l\u2019Estat a la ciutat"},"content":{"rendered":"\n<p>La diputada d\u2019Eivissa del PSOE, Milena Herrera, i el senador d\u2019Eivissa i Formentera, Juanjo Ferrer, s\u2019han reunit aquest mat\u00ed amb l\u2019alcalde d\u2019Eivissa, Rafael Triguero, per abordar els principals projectes que el Govern de l\u2019Estat est\u00e0 tramitant i executant a la ciutat i oferir la seva col\u00b7laboraci\u00f3 en tot all\u00f2 en el que puguin col\u00b7laborar.&nbsp;<\/p>\n\n\n\n<p>A la reuni\u00f3 s\u2019ha abordat el pla del SEPES, organisme depenent del Govern d\u2019Espanya, per a la construcci\u00f3 de m\u00e9s de 500 habitatges de protecci\u00f3 oficial al barri de Ca n\u2019Escandell, que pels representants progressistes ha de ser la gran prioritat de la legislatura per tal d\u2019ajudar a pal\u00b7liar el problema d\u2019acc\u00e9s a la vivenda.&nbsp;<\/p>\n\n\n\n<p>L\u2019alcalde ha confirmat a la diputada i el senador que la tramitaci\u00f3 del projecte continua avan\u00e7ant a la Comissi\u00f3 Balear de Medi Ambient i a la Conselleria d\u2019Habitatge, una volta ha estat aprovat el Pla General d\u2019Ordenaci\u00f3 Urbana del municipi.<\/p>\n\n\n\n<p>En relaci\u00f3 amb l\u2019habitatge s\u2019ha comentat com la problem\u00e0tica de lloguers a preu assequible dificulta la cobertura les places de funcionaris de l\u2019Estat, tant de cossos i forces de seguretat de l\u2019Estat, com d\u2019altres serveis. \u201cNecessitam la implicaci\u00f3 de tothom, de totes les institucions, per garantir el dret d\u2019acc\u00e9s a l\u2019habitatge a la poblaci\u00f3, per aix\u00f2, hem de plantejar entre tots una bateria de mesures que donin resposta a la greu problem\u00e0tica que patim a Eivissa\u201d, ha manifestat la diputada.&nbsp;<\/p>\n\n\n\n<p>Un altre tema important que s\u2019ha tractat s\u00f3n les obres del Parador Nacional, que s\u2019apropen ja a la seva recta final i per les que Ministeri i Ajuntament estan en bona sintonia per tal que aquesta important infraestructura pugui entrar en servei properament. Enguany est\u00e0 previst una inversi\u00f3 del Govern de l\u2019Estat de 2 milions d\u2019euros per equipament i la inversi\u00f3 global de l\u2019Estat en el Parador \u00e9s de prop de 22 milions d\u2019euros.&nbsp;<\/p>\n\n\n\n<p>A la trobada d\u2019avui tamb\u00e9 s\u2019ha parlat de la posada en marxa de la nova depuradora, constru\u00efda pel Ministeri de Medi Ambient, que hauria d\u2019entrar en funcionament aquest estiu despr\u00e9s d\u2019una primera fase de proves. Es tracta d\u2019una inversi\u00f3 de l\u2019Estat de m\u00e9s de 40 milions d\u2019euros preparada per donar servei a 150.000 persones, no nom\u00e9s del municipi d\u2019Eivissa. \u201cLa nova depuradora ha de suposar una soluci\u00f3 definitiva al greu impacte ambiental que han estat provocant els problemes de depuraci\u00f3 de les aig\u00fces, i per aix\u00f2 estarem molt pendents de la seua evoluci\u00f3\u201d, ha manifestat el senador.&nbsp;<\/p>\n\n\n\n<p>Finalment, a la reuni\u00f3 s\u2019ha parlat d\u2019altres temes, com la convocat\u00f2ria de fons europeus, la reforma del Museu Arqueol\u00f2gic de Dalt Vila, -pendent del nou redactat del projecte que garanteix la correcta conservaci\u00f3 de la murada i el baluard de Santa Tecla- aix\u00ed com de la possibilitat que el Ministeri de Cultura recuperi el projecte de construcci\u00f3 d\u2019una biblioteca a Eivissa a uns terrenys cedits pel Consell d\u2019Eivissa.<\/p>\n\n\n\n<p>L\u2019alcalde, la diputada i el senador ha quedat compromesos a anar parlant i treballar conjuntament en aquells objectius que siguin de consens i positius per a la ciutadania d\u2019Eivissa.<\/p>\n","protected":false},"excerpt":{"rendered":"<p>La diputada d\u2019Eivissa del PSOE, Milena Herrera, i el senador d\u2019Eivissa i Formentera, Juanjo Ferrer, s\u2019han reunit aquest mat\u00ed amb l\u2019alcalde d\u2019Eivissa, Rafael Triguero, per abordar els principals projectes que el Govern de l\u2019Estat est\u00e0 tramitant i executant a la ciutat i oferir la seva col\u00b7laboraci\u00f3 en tot all\u00f2 en el que puguin col\u00b7laborar.&nbsp; A&hellip;<\/p>\n","protected":false},"author":7,"featured_media":38523,"comment_status":"closed","ping_status":"closed","sticky":false,"template":"","format":"standard","meta":{"footnotes":""},"categories":[183,1,190,234],"tags":[],"class_list":["post-38525","post","type-post","status-publish","format-standard","has-post-thumbnail","hentry","category-ciutat-deivissa","category-federacio-de-eivissa-portada","category-govern-despanya-congres-senat","category-municipis"],"yoast_head":"<!-- This site is optimized with the Yoast SEO plugin v26.9 - https:\/\/yoast.com\/product\/yoast-seo-wordpress\/ -->\n<title>La diputada del PSOE, Milena Herrera, i el senador d\u2019Eivissa i Formentera, Juanjo Ferrer, es reuneixen amb l\u2019alcalde d\u2019Eivissa per impulsar els principals projectes de l\u2019Estat a la ciutat - Federaci\u00f3 Socialista d&#039;Eivissa<\/title>\n<meta name=\"robots\" content=\"index, follow, max-snippet:-1, max-image-preview:large, max-video-preview:-1\" \/>\n<link rel=\"canonical\" href=\"https:\/\/www.psib-psoe.org\/eivissa\/la-diputada-del-psoe-milena-herrera-i-el-senador-deivissa-i-formentera-juanjo-ferrer-es-reuneixen-amb-lalcalde-deivissa-per-impulsar-els-principals-projectes-de-l\/\" \/>\n<meta property=\"og:locale\" content=\"ca_ES\" \/>\n<meta property=\"og:type\" content=\"article\" \/>\n<meta property=\"og:title\" content=\"La diputada del PSOE, Milena Herrera, i el senador d\u2019Eivissa i Formentera, Juanjo Ferrer, es reuneixen amb l\u2019alcalde d\u2019Eivissa per impulsar els principals projectes de l\u2019Estat a la ciutat - Federaci\u00f3 Socialista d&#039;Eivissa\" \/>\n<meta property=\"og:description\" content=\"La diputada d\u2019Eivissa del PSOE, Milena Herrera, i el senador d\u2019Eivissa i Formentera, Juanjo Ferrer, s\u2019han reunit aquest mat\u00ed amb l\u2019alcalde d\u2019Eivissa, Rafael Triguero, per abordar els principals projectes que el Govern de l\u2019Estat est\u00e0 tramitant i executant a la ciutat i oferir la seva col\u00b7laboraci\u00f3 en tot all\u00f2 en el que puguin col\u00b7laborar.&nbsp; A&hellip;\" \/>\n<meta property=\"og:url\" content=\"https:\/\/www.psib-psoe.org\/eivissa\/la-diputada-del-psoe-milena-herrera-i-el-senador-deivissa-i-formentera-juanjo-ferrer-es-reuneixen-amb-lalcalde-deivissa-per-impulsar-els-principals-projectes-de-l\/\" \/>\n<meta property=\"og:site_name\" content=\"Federaci\u00f3 Socialista d&#039;Eivissa\" \/>\n<meta property=\"article:published_time\" content=\"2024-01-15T16:29:23+00:00\" \/>\n<meta property=\"article:modified_time\" content=\"2024-01-15T16:29:25+00:00\" \/>\n<meta property=\"og:image\" content=\"https:\/\/www.psib-psoe.org\/eivissa\/wp-content\/uploads\/0dc8a65b-7954-4b70-92e0-5d8bfccd3515-1.jpg\" \/>\n\t<meta property=\"og:image:width\" content=\"2048\" \/>\n\t<meta property=\"og:image:height\" content=\"1536\" \/>\n\t<meta property=\"og:image:type\" content=\"image\/jpeg\" \/>\n<meta name=\"author\" content=\"Josep Ripoll\" \/>\n<meta name=\"twitter:card\" content=\"summary_large_image\" \/>\n<meta name=\"twitter:label1\" content=\"Escrit per\" \/>\n\t<meta name=\"twitter:data1\" content=\"Josep Ripoll\" \/>\n\t<meta name=\"twitter:label2\" content=\"Temps estimat de lectura\" \/>\n\t<meta name=\"twitter:data2\" content=\"3 minuts\" \/>\n<script type=\"application\/ld+json\" class=\"yoast-schema-graph\">{\"@context\":\"https:\/\/schema.org\",\"@graph\":[{\"@type\":[\"Article\",\"BlogPosting\"],\"@id\":\"https:\/\/www.psib-psoe.org\/eivissa\/la-diputada-del-psoe-milena-herrera-i-el-senador-deivissa-i-formentera-juanjo-ferrer-es-reuneixen-amb-lalcalde-deivissa-per-impulsar-els-principals-projectes-de-l\/#article\",\"isPartOf\":{\"@id\":\"https:\/\/www.psib-psoe.org\/eivissa\/la-diputada-del-psoe-milena-herrera-i-el-senador-deivissa-i-formentera-juanjo-ferrer-es-reuneixen-amb-lalcalde-deivissa-per-impulsar-els-principals-projectes-de-l\/\"},\"author\":{\"name\":\"Josep Ripoll\",\"@id\":\"https:\/\/www.psib-psoe.org\/eivissa\/#\/schema\/person\/7a9d2841fb36f32e34fc0e9b245e8117\"},\"headline\":\"La diputada del PSOE, Milena Herrera, i el senador d\u2019Eivissa i Formentera, Juanjo Ferrer, es reuneixen amb l\u2019alcalde d\u2019Eivissa per impulsar els principals projectes de l\u2019Estat a la ciutat\",\"datePublished\":\"2024-01-15T16:29:23+00:00\",\"dateModified\":\"2024-01-15T16:29:25+00:00\",\"mainEntityOfPage\":{\"@id\":\"https:\/\/www.psib-psoe.org\/eivissa\/la-diputada-del-psoe-milena-herrera-i-el-senador-deivissa-i-formentera-juanjo-ferrer-es-reuneixen-amb-lalcalde-deivissa-per-impulsar-els-principals-projectes-de-l\/\"},\"wordCount\":588,\"publisher\":{\"@id\":\"https:\/\/www.psib-psoe.org\/eivissa\/#organization\"},\"image\":{\"@id\":\"https:\/\/www.psib-psoe.org\/eivissa\/la-diputada-del-psoe-milena-herrera-i-el-senador-deivissa-i-formentera-juanjo-ferrer-es-reuneixen-amb-lalcalde-deivissa-per-impulsar-els-principals-projectes-de-l\/#primaryimage\"},\"thumbnailUrl\":\"https:\/\/www.psib-psoe.org\/eivissa\/wp-content\/uploads\/0dc8a65b-7954-4b70-92e0-5d8bfccd3515-1.jpg\",\"articleSection\":[\"Ciutat d'Eivissa\",\"Federaci\u00f3 d'Eivissa - Portada\",\"Govern d'Espanya - Congr\u00e9s - Senat - PSOE Federal\",\"Municipis\"],\"inLanguage\":\"ca\"},{\"@type\":\"WebPage\",\"@id\":\"https:\/\/www.psib-psoe.org\/eivissa\/la-diputada-del-psoe-milena-herrera-i-el-senador-deivissa-i-formentera-juanjo-ferrer-es-reuneixen-amb-lalcalde-deivissa-per-impulsar-els-principals-projectes-de-l\/\",\"url\":\"https:\/\/www.psib-psoe.org\/eivissa\/la-diputada-del-psoe-milena-herrera-i-el-senador-deivissa-i-formentera-juanjo-ferrer-es-reuneixen-amb-lalcalde-deivissa-per-impulsar-els-principals-projectes-de-l\/\",\"name\":\"La diputada del PSOE, Milena Herrera, i el senador d\u2019Eivissa i Formentera, Juanjo Ferrer, es reuneixen amb l\u2019alcalde d\u2019Eivissa per impulsar els principals projectes de l\u2019Estat a la ciutat - Federaci\u00f3 Socialista d&#039;Eivissa\",\"isPartOf\":{\"@id\":\"https:\/\/www.psib-psoe.org\/eivissa\/#website\"},\"primaryImageOfPage\":{\"@id\":\"https:\/\/www.psib-psoe.org\/eivissa\/la-diputada-del-psoe-milena-herrera-i-el-senador-deivissa-i-formentera-juanjo-ferrer-es-reuneixen-amb-lalcalde-deivissa-per-impulsar-els-principals-projectes-de-l\/#primaryimage\"},\"image\":{\"@id\":\"https:\/\/www.psib-psoe.org\/eivissa\/la-diputada-del-psoe-milena-herrera-i-el-senador-deivissa-i-formentera-juanjo-ferrer-es-reuneixen-amb-lalcalde-deivissa-per-impulsar-els-principals-projectes-de-l\/#primaryimage\"},\"thumbnailUrl\":\"https:\/\/www.psib-psoe.org\/eivissa\/wp-content\/uploads\/0dc8a65b-7954-4b70-92e0-5d8bfccd3515-1.jpg\",\"datePublished\":\"2024-01-15T16:29:23+00:00\",\"dateModified\":\"2024-01-15T16:29:25+00:00\",\"breadcrumb\":{\"@id\":\"https:\/\/www.psib-psoe.org\/eivissa\/la-diputada-del-psoe-milena-herrera-i-el-senador-deivissa-i-formentera-juanjo-ferrer-es-reuneixen-amb-lalcalde-deivissa-per-impulsar-els-principals-projectes-de-l\/#breadcrumb\"},\"inLanguage\":\"ca\",\"potentialAction\":[{\"@type\":\"ReadAction\",\"target\":[\"https:\/\/www.psib-psoe.org\/eivissa\/la-diputada-del-psoe-milena-herrera-i-el-senador-deivissa-i-formentera-juanjo-ferrer-es-reuneixen-amb-lalcalde-deivissa-per-impulsar-els-principals-projectes-de-l\/\"]}]},{\"@type\":\"ImageObject\",\"inLanguage\":\"ca\",\"@id\":\"https:\/\/www.psib-psoe.org\/eivissa\/la-diputada-del-psoe-milena-herrera-i-el-senador-deivissa-i-formentera-juanjo-ferrer-es-reuneixen-amb-lalcalde-deivissa-per-impulsar-els-principals-projectes-de-l\/#primaryimage\",\"url\":\"https:\/\/www.psib-psoe.org\/eivissa\/wp-content\/uploads\/0dc8a65b-7954-4b70-92e0-5d8bfccd3515-1.jpg\",\"contentUrl\":\"https:\/\/www.psib-psoe.org\/eivissa\/wp-content\/uploads\/0dc8a65b-7954-4b70-92e0-5d8bfccd3515-1.jpg\",\"width\":2048,\"height\":1536},{\"@type\":\"BreadcrumbList\",\"@id\":\"https:\/\/www.psib-psoe.org\/eivissa\/la-diputada-del-psoe-milena-herrera-i-el-senador-deivissa-i-formentera-juanjo-ferrer-es-reuneixen-amb-lalcalde-deivissa-per-impulsar-els-principals-projectes-de-l\/#breadcrumb\",\"itemListElement\":[{\"@type\":\"ListItem\",\"position\":1,\"name\":\"Inici\",\"item\":\"https:\/\/www.psib-psoe.org\/eivissa\/\"},{\"@type\":\"ListItem\",\"position\":2,\"name\":\"La diputada del PSOE, Milena Herrera, i el senador d\u2019Eivissa i Formentera, Juanjo Ferrer, es reuneixen amb l\u2019alcalde d\u2019Eivissa per impulsar els principals projectes de l\u2019Estat a la ciutat\"}]},{\"@type\":\"WebSite\",\"@id\":\"https:\/\/www.psib-psoe.org\/eivissa\/#website\",\"url\":\"https:\/\/www.psib-psoe.org\/eivissa\/\",\"name\":\"Federaci\u00f3 Socialista d'Eivissa\",\"description\":\"Socialistes d&#039;Eivissa\",\"publisher\":{\"@id\":\"https:\/\/www.psib-psoe.org\/eivissa\/#organization\"},\"potentialAction\":[{\"@type\":\"SearchAction\",\"target\":{\"@type\":\"EntryPoint\",\"urlTemplate\":\"https:\/\/www.psib-psoe.org\/eivissa\/?s={search_term_string}\"},\"query-input\":{\"@type\":\"PropertyValueSpecification\",\"valueRequired\":true,\"valueName\":\"search_term_string\"}}],\"inLanguage\":\"ca\"},{\"@type\":\"Organization\",\"@id\":\"https:\/\/www.psib-psoe.org\/eivissa\/#organization\",\"name\":\"Federaci\u00f3 Socialista d'Eivissa\",\"url\":\"https:\/\/www.psib-psoe.org\/eivissa\/\",\"logo\":{\"@type\":\"ImageObject\",\"inLanguage\":\"ca\",\"@id\":\"https:\/\/www.psib-psoe.org\/eivissa\/#\/schema\/logo\/image\/\",\"url\":\"https:\/\/www.psib-psoe.org\/eivissa\/wp-content\/uploads\/LOGO-FSE-SOCIALISTA-DEIVISSA-HORI.png\",\"contentUrl\":\"https:\/\/www.psib-psoe.org\/eivissa\/wp-content\/uploads\/LOGO-FSE-SOCIALISTA-DEIVISSA-HORI.png\",\"width\":6000,\"height\":3104,\"caption\":\"Federaci\u00f3 Socialista d'Eivissa\"},\"image\":{\"@id\":\"https:\/\/www.psib-psoe.org\/eivissa\/#\/schema\/logo\/image\/\"}},{\"@type\":\"Person\",\"@id\":\"https:\/\/www.psib-psoe.org\/eivissa\/#\/schema\/person\/7a9d2841fb36f32e34fc0e9b245e8117\",\"name\":\"Josep Ripoll\",\"sameAs\":[\"http:\/\/www.psib-psoe.org\/eivissa\/wp-login.php\"],\"url\":\"https:\/\/www.psib-psoe.org\/eivissa\/author\/josep\/\"}]}<\/script>\n<!-- \/ Yoast SEO plugin. -->","yoast_head_json":{"title":"La diputada del PSOE, Milena Herrera, i el senador d\u2019Eivissa i Formentera, Juanjo Ferrer, es reuneixen amb l\u2019alcalde d\u2019Eivissa per impulsar els principals projectes de l\u2019Estat a la ciutat - Federaci\u00f3 Socialista d&#039;Eivissa","robots":{"index":"index","follow":"follow","max-snippet":"max-snippet:-1","max-image-preview":"max-image-preview:large","max-video-preview":"max-video-preview:-1"},"canonical":"https:\/\/www.psib-psoe.org\/eivissa\/la-diputada-del-psoe-milena-herrera-i-el-senador-deivissa-i-formentera-juanjo-ferrer-es-reuneixen-amb-lalcalde-deivissa-per-impulsar-els-principals-projectes-de-l\/","og_locale":"ca_ES","og_type":"article","og_title":"La diputada del PSOE, Milena Herrera, i el senador d\u2019Eivissa i Formentera, Juanjo Ferrer, es reuneixen amb l\u2019alcalde d\u2019Eivissa per impulsar els principals projectes de l\u2019Estat a la ciutat - Federaci\u00f3 Socialista d&#039;Eivissa","og_description":"La diputada d\u2019Eivissa del PSOE, Milena Herrera, i el senador d\u2019Eivissa i Formentera, Juanjo Ferrer, s\u2019han reunit aquest mat\u00ed amb l\u2019alcalde d\u2019Eivissa, Rafael Triguero, per abordar els principals projectes que el Govern de l\u2019Estat est\u00e0 tramitant i executant a la ciutat i oferir la seva col\u00b7laboraci\u00f3 en tot all\u00f2 en el que puguin col\u00b7laborar.&nbsp; A&hellip;","og_url":"https:\/\/www.psib-psoe.org\/eivissa\/la-diputada-del-psoe-milena-herrera-i-el-senador-deivissa-i-formentera-juanjo-ferrer-es-reuneixen-amb-lalcalde-deivissa-per-impulsar-els-principals-projectes-de-l\/","og_site_name":"Federaci\u00f3 Socialista d&#039;Eivissa","article_published_time":"2024-01-15T16:29:23+00:00","article_modified_time":"2024-01-15T16:29:25+00:00","og_image":[{"width":2048,"height":1536,"url":"https:\/\/www.psib-psoe.org\/eivissa\/wp-content\/uploads\/0dc8a65b-7954-4b70-92e0-5d8bfccd3515-1.jpg","type":"image\/jpeg"}],"author":"Josep Ripoll","twitter_card":"summary_large_image","twitter_misc":{"Escrit per":"Josep Ripoll","Temps estimat de lectura":"3 minuts"},"schema":{"@context":"https:\/\/schema.org","@graph":[{"@type":["Article","BlogPosting"],"@id":"https:\/\/www.psib-psoe.org\/eivissa\/la-diputada-del-psoe-milena-herrera-i-el-senador-deivissa-i-formentera-juanjo-ferrer-es-reuneixen-amb-lalcalde-deivissa-per-impulsar-els-principals-projectes-de-l\/#article","isPartOf":{"@id":"https:\/\/www.psib-psoe.org\/eivissa\/la-diputada-del-psoe-milena-herrera-i-el-senador-deivissa-i-formentera-juanjo-ferrer-es-reuneixen-amb-lalcalde-deivissa-per-impulsar-els-principals-projectes-de-l\/"},"author":{"name":"Josep Ripoll","@id":"https:\/\/www.psib-psoe.org\/eivissa\/#\/schema\/person\/7a9d2841fb36f32e34fc0e9b245e8117"},"headline":"La diputada del PSOE, Milena Herrera, i el senador d\u2019Eivissa i Formentera, Juanjo Ferrer, es reuneixen amb l\u2019alcalde d\u2019Eivissa per impulsar els principals projectes de l\u2019Estat a la ciutat","datePublished":"2024-01-15T16:29:23+00:00","dateModified":"2024-01-15T16:29:25+00:00","mainEntityOfPage":{"@id":"https:\/\/www.psib-psoe.org\/eivissa\/la-diputada-del-psoe-milena-herrera-i-el-senador-deivissa-i-formentera-juanjo-ferrer-es-reuneixen-amb-lalcalde-deivissa-per-impulsar-els-principals-projectes-de-l\/"},"wordCount":588,"publisher":{"@id":"https:\/\/www.psib-psoe.org\/eivissa\/#organization"},"image":{"@id":"https:\/\/www.psib-psoe.org\/eivissa\/la-diputada-del-psoe-milena-herrera-i-el-senador-deivissa-i-formentera-juanjo-ferrer-es-reuneixen-amb-lalcalde-deivissa-per-impulsar-els-principals-projectes-de-l\/#primaryimage"},"thumbnailUrl":"https:\/\/www.psib-psoe.org\/eivissa\/wp-content\/uploads\/0dc8a65b-7954-4b70-92e0-5d8bfccd3515-1.jpg","articleSection":["Ciutat d'Eivissa","Federaci\u00f3 d'Eivissa - Portada","Govern d'Espanya - Congr\u00e9s - Senat - PSOE Federal","Municipis"],"inLanguage":"ca"},{"@type":"WebPage","@id":"https:\/\/www.psib-psoe.org\/eivissa\/la-diputada-del-psoe-milena-herrera-i-el-senador-deivissa-i-formentera-juanjo-ferrer-es-reuneixen-amb-lalcalde-deivissa-per-impulsar-els-principals-projectes-de-l\/","url":"https:\/\/www.psib-psoe.org\/eivissa\/la-diputada-del-psoe-milena-herrera-i-el-senador-deivissa-i-formentera-juanjo-ferrer-es-reuneixen-amb-lalcalde-deivissa-per-impulsar-els-principals-projectes-de-l\/","name":"La diputada del PSOE, Milena Herrera, i el senador d\u2019Eivissa i Formentera, Juanjo Ferrer, es reuneixen amb l\u2019alcalde d\u2019Eivissa per impulsar els principals projectes de l\u2019Estat a la ciutat - Federaci\u00f3 Socialista d&#039;Eivissa","isPartOf":{"@id":"https:\/\/www.psib-psoe.org\/eivissa\/#website"},"primaryImageOfPage":{"@id":"https:\/\/www.psib-psoe.org\/eivissa\/la-diputada-del-psoe-milena-herrera-i-el-senador-deivissa-i-formentera-juanjo-ferrer-es-reuneixen-amb-lalcalde-deivissa-per-impulsar-els-principals-projectes-de-l\/#primaryimage"},"image":{"@id":"https:\/\/www.psib-psoe.org\/eivissa\/la-diputada-del-psoe-milena-herrera-i-el-senador-deivissa-i-formentera-juanjo-ferrer-es-reuneixen-amb-lalcalde-deivissa-per-impulsar-els-principals-projectes-de-l\/#primaryimage"},"thumbnailUrl":"https:\/\/www.psib-psoe.org\/eivissa\/wp-content\/uploads\/0dc8a65b-7954-4b70-92e0-5d8bfccd3515-1.jpg","datePublished":"2024-01-15T16:29:23+00:00","dateModified":"2024-01-15T16:29:25+00:00","breadcrumb":{"@id":"https:\/\/www.psib-psoe.org\/eivissa\/la-diputada-del-psoe-milena-herrera-i-el-senador-deivissa-i-formentera-juanjo-ferrer-es-reuneixen-amb-lalcalde-deivissa-per-impulsar-els-principals-projectes-de-l\/#breadcrumb"},"inLanguage":"ca","potentialAction":[{"@type":"ReadAction","target":["https:\/\/www.psib-psoe.org\/eivissa\/la-diputada-del-psoe-milena-herrera-i-el-senador-deivissa-i-formentera-juanjo-ferrer-es-reuneixen-amb-lalcalde-deivissa-per-impulsar-els-principals-projectes-de-l\/"]}]},{"@type":"ImageObject","inLanguage":"ca","@id":"https:\/\/www.psib-psoe.org\/eivissa\/la-diputada-del-psoe-milena-herrera-i-el-senador-deivissa-i-formentera-juanjo-ferrer-es-reuneixen-amb-lalcalde-deivissa-per-impulsar-els-principals-projectes-de-l\/#primaryimage","url":"https:\/\/www.psib-psoe.org\/eivissa\/wp-content\/uploads\/0dc8a65b-7954-4b70-92e0-5d8bfccd3515-1.jpg","contentUrl":"https:\/\/www.psib-psoe.org\/eivissa\/wp-content\/uploads\/0dc8a65b-7954-4b70-92e0-5d8bfccd3515-1.jpg","width":2048,"height":1536},{"@type":"BreadcrumbList","@id":"https:\/\/www.psib-psoe.org\/eivissa\/la-diputada-del-psoe-milena-herrera-i-el-senador-deivissa-i-formentera-juanjo-ferrer-es-reuneixen-amb-lalcalde-deivissa-per-impulsar-els-principals-projectes-de-l\/#breadcrumb","itemListElement":[{"@type":"ListItem","position":1,"name":"Inici","item":"https:\/\/www.psib-psoe.org\/eivissa\/"},{"@type":"ListItem","position":2,"name":"La diputada del PSOE, Milena Herrera, i el senador d\u2019Eivissa i Formentera, Juanjo Ferrer, es reuneixen amb l\u2019alcalde d\u2019Eivissa per impulsar els principals projectes de l\u2019Estat a la ciutat"}]},{"@type":"WebSite","@id":"https:\/\/www.psib-psoe.org\/eivissa\/#website","url":"https:\/\/www.psib-psoe.org\/eivissa\/","name":"Federaci\u00f3 Socialista d'Eivissa","description":"Socialistes d&#039;Eivissa","publisher":{"@id":"https:\/\/www.psib-psoe.org\/eivissa\/#organization"},"potentialAction":[{"@type":"SearchAction","target":{"@type":"EntryPoint","urlTemplate":"https:\/\/www.psib-psoe.org\/eivissa\/?s={search_term_string}"},"query-input":{"@type":"PropertyValueSpecification","valueRequired":true,"valueName":"search_term_string"}}],"inLanguage":"ca"},{"@type":"Organization","@id":"https:\/\/www.psib-psoe.org\/eivissa\/#organization","name":"Federaci\u00f3 Socialista d'Eivissa","url":"https:\/\/www.psib-psoe.org\/eivissa\/","logo":{"@type":"ImageObject","inLanguage":"ca","@id":"https:\/\/www.psib-psoe.org\/eivissa\/#\/schema\/logo\/image\/","url":"https:\/\/www.psib-psoe.org\/eivissa\/wp-content\/uploads\/LOGO-FSE-SOCIALISTA-DEIVISSA-HORI.png","contentUrl":"https:\/\/www.psib-psoe.org\/eivissa\/wp-content\/uploads\/LOGO-FSE-SOCIALISTA-DEIVISSA-HORI.png","width":6000,"height":3104,"caption":"Federaci\u00f3 Socialista d'Eivissa"},"image":{"@id":"https:\/\/www.psib-psoe.org\/eivissa\/#\/schema\/logo\/image\/"}},{"@type":"Person","@id":"https:\/\/www.psib-psoe.org\/eivissa\/#\/schema\/person\/7a9d2841fb36f32e34fc0e9b245e8117","name":"Josep Ripoll","sameAs":["http:\/\/www.psib-psoe.org\/eivissa\/wp-login.php"],"url":"https:\/\/www.psib-psoe.org\/eivissa\/author\/josep\/"}]}},"_links":{"self":[{"href":"https:\/\/www.psib-psoe.org\/eivissa\/wp-json\/wp\/v2\/posts\/38525","targetHints":{"allow":["GET"]}}],"collection":[{"href":"https:\/\/www.psib-psoe.org\/eivissa\/wp-json\/wp\/v2\/posts"}],"about":[{"href":"https:\/\/www.psib-psoe.org\/eivissa\/wp-json\/wp\/v2\/types\/post"}],"author":[{"embeddable":true,"href":"https:\/\/www.psib-psoe.org\/eivissa\/wp-json\/wp\/v2\/users\/7"}],"replies":[{"embeddable":true,"href":"https:\/\/www.psib-psoe.org\/eivissa\/wp-json\/wp\/v2\/comments?post=38525"}],"version-history":[{"count":1,"href":"https:\/\/www.psib-psoe.org\/eivissa\/wp-json\/wp\/v2\/posts\/38525\/revisions"}],"predecessor-version":[{"id":38526,"href":"https:\/\/www.psib-psoe.org\/eivissa\/wp-json\/wp\/v2\/posts\/38525\/revisions\/38526"}],"wp:featuredmedia":[{"embeddable":true,"href":"https:\/\/www.psib-psoe.org\/eivissa\/wp-json\/wp\/v2\/media\/38523"}],"wp:attachment":[{"href":"https:\/\/www.psib-psoe.org\/eivissa\/wp-json\/wp\/v2\/media?parent=38525"}],"wp:term":[{"taxonomy":"category","embeddable":true,"href":"https:\/\/www.psib-psoe.org\/eivissa\/wp-json\/wp\/v2\/categories?post=38525"},{"taxonomy":"post_tag","embeddable":true,"href":"https:\/\/www.psib-psoe.org\/eivissa\/wp-json\/wp\/v2\/tags?post=38525"}],"curies":[{"name":"wp","href":"https:\/\/api.w.org\/{rel}","templated":true}]}}