{"id":38536,"date":"2024-01-19T14:10:35","date_gmt":"2024-01-19T12:10:35","guid":{"rendered":"https:\/\/www.psib-psoe.org\/eivissa\/?p=38536"},"modified":"2024-01-19T14:10:35","modified_gmt":"2024-01-19T12:10:35","slug":"el-psoe-santa-eularia-denuncia-la-incapacitat-del-regidor-desports-de-contractar-la-millora-del-gimnas-de-la-piscina-municipal-despres-que-el-concurs-hagi-quedat-desert-per-segona-vegada","status":"publish","type":"post","link":"https:\/\/www.psib-psoe.org\/eivissa\/el-psoe-santa-eularia-denuncia-la-incapacitat-del-regidor-desports-de-contractar-la-millora-del-gimnas-de-la-piscina-municipal-despres-que-el-concurs-hagi-quedat-desert-per-segona-vegada\/","title":{"rendered":"El PSOE Santa Eul\u00e0ria denuncia la incapacitat del regidor d\u2019Esports de contractar la millora del gimn\u00e0s de la piscina municipal, despr\u00e9s que el concurs hagi quedat desert per segona vegada"},"content":{"rendered":"<p dir=\"ltr\"><span style=\"font-size: large;\">El grup municipal Socialista de Santa Eul\u00e0ria des Riu denuncia la incapacitat del regidor d\u2019Esports, Toni Ram\u00f3n, d\u2019aconseguir la millora del gimn\u00e0s situat a la piscina municipal i li exigeix que tregui de forma immediata una nova licitaci\u00f3. Recentment, ha quedat deserta, per segona vegada, l&#8217;adjudicaci\u00f3 de la millora d&#8217;aquestes instal\u00b7lacions, les quals requereixen una important reforma, com recullen els mateixos plecs per a la contracci\u00f3 de les obres: \u201cA l&#8217;actualitat, l&#8217;espai objecte d&#8217;aquest projecte es troba envellit i deteriorat, deguda l\u2019antiguitat i \u00fas intensiu d&#8217;aquesta instal\u00b7laci\u00f3. Presenta desperfectes al seu paviment, elements destinats a la gimn\u00e0stica i musculaci\u00f3, aix\u00ed com la il\u00b7luminaci\u00f3 i climatitzaci\u00f3 que est\u00e0 obsoleta.\u201d<\/span><\/p>\n<p dir=\"ltr\"><span style=\"font-size: large;\">El projecte tenia per objectiu &#8220;millorar les instal\u00b7lacions esportives renovant els elements que els s\u00f3n propis segons la seva finalitat, aix\u00ed com millorant la il\u00b7luminaci\u00f3 i sistemes d&#8217;aire condicionat, contribuint d&#8217;aquesta manera a una millor efici\u00e8ncia energ\u00e8tica, mitjan\u00e7ant l&#8217;estalvi energ\u00e8tic, econ\u00f2mic i la sostenibilitat del medi ambient, tractant d&#8217;oferir als ciutadans d&#8217;aquest municipi unes instal\u00b7lacions de m\u00e9s qualitat i efici\u00e8ncia\u201d. Totes aquestes millores tornen a partir un retard considerable, que no sabem fins quan ser\u00e0 ni si es far\u00e0, ja que Toni Ramon \u00e9s incapa\u00e7 d&#8217;aconseguir que cap empresa vulgui optar a la licitaci\u00f3 posada en marxa per la seua regidoria.<\/span><\/p>\n<p dir=\"ltr\"><span style=\"font-size: large;\">El desembre de 2022 sortia a licitaci\u00f3 per primera vegada la proposta de millora del gimn\u00e0s de les piscines municipals amb un import de 78.510,65 euros. A data 31 de gener de 2023 quedava const\u00e0ncia de la no presentaci\u00f3 de cap empresa al proc\u00e9s de licitaci\u00f3, el que va suposar un primer retard en l\u2019execuci\u00f3 de les millores d&#8217;aquest espai que molts usuaris fa temps que reclamen. A finals de setembre de 2023 es va tornar a treure a licitaci\u00f3 aquesta millora, aquesta vegada amb un pressupost de 85.274,08 euros, per\u00f2 a finals d&#8217;octubre aquesta licitaci\u00f3 va tornar a quedar deserta.<\/span><\/p>\n<p dir=\"ltr\"><span style=\"font-size: large;\">Un frac\u00e0s en el proc\u00e9s de contractaci\u00f3 que de mostra la incapacitat del regidor de fer la seua feina, fet que perjudica a tots els usuaris d\u2019aquestes instal\u00b7lacions.\u00a0<\/span><\/p>\n","protected":false},"excerpt":{"rendered":"<p>El grup municipal Socialista de Santa Eul\u00e0ria des Riu denuncia la incapacitat del regidor d\u2019Esports, Toni Ram\u00f3n, d\u2019aconseguir la millora del gimn\u00e0s situat a la piscina municipal i li exigeix que tregui de forma immediata una nova licitaci\u00f3. Recentment, ha quedat deserta, per segona vegada, l&#8217;adjudicaci\u00f3 de la millora d&#8217;aquestes instal\u00b7lacions, les quals requereixen una&hellip;<\/p>\n","protected":false},"author":10,"featured_media":38537,"comment_status":"closed","ping_status":"closed","sticky":false,"template":"","format":"standard","meta":{"footnotes":""},"categories":[1,234,186],"tags":[],"class_list":["post-38536","post","type-post","status-publish","format-standard","has-post-thumbnail","hentry","category-federacio-de-eivissa-portada","category-municipis","category-santa-eularia-des-riu"],"yoast_head":"<!-- This site is optimized with the Yoast SEO plugin v26.9 - https:\/\/yoast.com\/product\/yoast-seo-wordpress\/ -->\n<title>El PSOE Santa Eul\u00e0ria denuncia la incapacitat del regidor d\u2019Esports de contractar la millora del gimn\u00e0s de la piscina municipal, despr\u00e9s que el concurs hagi quedat desert per segona vegada - Federaci\u00f3 Socialista d&#039;Eivissa<\/title>\n<meta name=\"robots\" content=\"index, follow, max-snippet:-1, max-image-preview:large, max-video-preview:-1\" \/>\n<link rel=\"canonical\" href=\"https:\/\/www.psib-psoe.org\/eivissa\/el-psoe-santa-eularia-denuncia-la-incapacitat-del-regidor-desports-de-contractar-la-millora-del-gimnas-de-la-piscina-municipal-despres-que-el-concurs-hagi-quedat-desert-per-segona-vegada\/\" \/>\n<meta property=\"og:locale\" content=\"ca_ES\" \/>\n<meta property=\"og:type\" content=\"article\" \/>\n<meta property=\"og:title\" content=\"El PSOE Santa Eul\u00e0ria denuncia la incapacitat del regidor d\u2019Esports de contractar la millora del gimn\u00e0s de la piscina municipal, despr\u00e9s que el concurs hagi quedat desert per segona vegada - Federaci\u00f3 Socialista d&#039;Eivissa\" \/>\n<meta property=\"og:description\" content=\"El grup municipal Socialista de Santa Eul\u00e0ria des Riu denuncia la incapacitat del regidor d\u2019Esports, Toni Ram\u00f3n, d\u2019aconseguir la millora del gimn\u00e0s situat a la piscina municipal i li exigeix que tregui de forma immediata una nova licitaci\u00f3. Recentment, ha quedat deserta, per segona vegada, l&#8217;adjudicaci\u00f3 de la millora d&#8217;aquestes instal\u00b7lacions, les quals requereixen una&hellip;\" \/>\n<meta property=\"og:url\" content=\"https:\/\/www.psib-psoe.org\/eivissa\/el-psoe-santa-eularia-denuncia-la-incapacitat-del-regidor-desports-de-contractar-la-millora-del-gimnas-de-la-piscina-municipal-despres-que-el-concurs-hagi-quedat-desert-per-segona-vegada\/\" \/>\n<meta property=\"og:site_name\" content=\"Federaci\u00f3 Socialista d&#039;Eivissa\" \/>\n<meta property=\"article:published_time\" content=\"2024-01-19T12:10:35+00:00\" \/>\n<meta property=\"og:image\" content=\"https:\/\/www.psib-psoe.org\/eivissa\/wp-content\/uploads\/1gimnas-santa-eularia.jpg\" \/>\n\t<meta property=\"og:image:width\" content=\"960\" \/>\n\t<meta property=\"og:image:height\" content=\"845\" \/>\n\t<meta property=\"og:image:type\" content=\"image\/jpeg\" \/>\n<meta name=\"author\" content=\"PSOE Eivissa\" \/>\n<meta name=\"twitter:card\" content=\"summary_large_image\" \/>\n<meta name=\"twitter:label1\" content=\"Escrit per\" \/>\n\t<meta name=\"twitter:data1\" content=\"PSOE Eivissa\" \/>\n\t<meta name=\"twitter:label2\" content=\"Temps estimat de lectura\" \/>\n\t<meta name=\"twitter:data2\" content=\"2 minuts\" \/>\n<script type=\"application\/ld+json\" class=\"yoast-schema-graph\">{\"@context\":\"https:\/\/schema.org\",\"@graph\":[{\"@type\":[\"Article\",\"BlogPosting\"],\"@id\":\"https:\/\/www.psib-psoe.org\/eivissa\/el-psoe-santa-eularia-denuncia-la-incapacitat-del-regidor-desports-de-contractar-la-millora-del-gimnas-de-la-piscina-municipal-despres-que-el-concurs-hagi-quedat-desert-per-segona-vegada\/#article\",\"isPartOf\":{\"@id\":\"https:\/\/www.psib-psoe.org\/eivissa\/el-psoe-santa-eularia-denuncia-la-incapacitat-del-regidor-desports-de-contractar-la-millora-del-gimnas-de-la-piscina-municipal-despres-que-el-concurs-hagi-quedat-desert-per-segona-vegada\/\"},\"author\":{\"name\":\"PSOE Eivissa\",\"@id\":\"https:\/\/www.psib-psoe.org\/eivissa\/#\/schema\/person\/b71961f9b223766c28d12eca90cf67e0\"},\"headline\":\"El PSOE Santa Eul\u00e0ria denuncia la incapacitat del regidor d\u2019Esports de contractar la millora del gimn\u00e0s de la piscina municipal, despr\u00e9s que el concurs hagi quedat desert per segona vegada\",\"datePublished\":\"2024-01-19T12:10:35+00:00\",\"mainEntityOfPage\":{\"@id\":\"https:\/\/www.psib-psoe.org\/eivissa\/el-psoe-santa-eularia-denuncia-la-incapacitat-del-regidor-desports-de-contractar-la-millora-del-gimnas-de-la-piscina-municipal-despres-que-el-concurs-hagi-quedat-desert-per-segona-vegada\/\"},\"wordCount\":395,\"publisher\":{\"@id\":\"https:\/\/www.psib-psoe.org\/eivissa\/#organization\"},\"image\":{\"@id\":\"https:\/\/www.psib-psoe.org\/eivissa\/el-psoe-santa-eularia-denuncia-la-incapacitat-del-regidor-desports-de-contractar-la-millora-del-gimnas-de-la-piscina-municipal-despres-que-el-concurs-hagi-quedat-desert-per-segona-vegada\/#primaryimage\"},\"thumbnailUrl\":\"https:\/\/www.psib-psoe.org\/eivissa\/wp-content\/uploads\/1gimnas-santa-eularia.jpg\",\"articleSection\":[\"Federaci\u00f3 d'Eivissa - Portada\",\"Municipis\",\"Santa Eul\u00e0ria des Riu\"],\"inLanguage\":\"ca\"},{\"@type\":\"WebPage\",\"@id\":\"https:\/\/www.psib-psoe.org\/eivissa\/el-psoe-santa-eularia-denuncia-la-incapacitat-del-regidor-desports-de-contractar-la-millora-del-gimnas-de-la-piscina-municipal-despres-que-el-concurs-hagi-quedat-desert-per-segona-vegada\/\",\"url\":\"https:\/\/www.psib-psoe.org\/eivissa\/el-psoe-santa-eularia-denuncia-la-incapacitat-del-regidor-desports-de-contractar-la-millora-del-gimnas-de-la-piscina-municipal-despres-que-el-concurs-hagi-quedat-desert-per-segona-vegada\/\",\"name\":\"El PSOE Santa Eul\u00e0ria denuncia la incapacitat del regidor d\u2019Esports de contractar la millora del gimn\u00e0s de la piscina municipal, despr\u00e9s que el concurs hagi quedat desert per segona vegada - Federaci\u00f3 Socialista d&#039;Eivissa\",\"isPartOf\":{\"@id\":\"https:\/\/www.psib-psoe.org\/eivissa\/#website\"},\"primaryImageOfPage\":{\"@id\":\"https:\/\/www.psib-psoe.org\/eivissa\/el-psoe-santa-eularia-denuncia-la-incapacitat-del-regidor-desports-de-contractar-la-millora-del-gimnas-de-la-piscina-municipal-despres-que-el-concurs-hagi-quedat-desert-per-segona-vegada\/#primaryimage\"},\"image\":{\"@id\":\"https:\/\/www.psib-psoe.org\/eivissa\/el-psoe-santa-eularia-denuncia-la-incapacitat-del-regidor-desports-de-contractar-la-millora-del-gimnas-de-la-piscina-municipal-despres-que-el-concurs-hagi-quedat-desert-per-segona-vegada\/#primaryimage\"},\"thumbnailUrl\":\"https:\/\/www.psib-psoe.org\/eivissa\/wp-content\/uploads\/1gimnas-santa-eularia.jpg\",\"datePublished\":\"2024-01-19T12:10:35+00:00\",\"breadcrumb\":{\"@id\":\"https:\/\/www.psib-psoe.org\/eivissa\/el-psoe-santa-eularia-denuncia-la-incapacitat-del-regidor-desports-de-contractar-la-millora-del-gimnas-de-la-piscina-municipal-despres-que-el-concurs-hagi-quedat-desert-per-segona-vegada\/#breadcrumb\"},\"inLanguage\":\"ca\",\"potentialAction\":[{\"@type\":\"ReadAction\",\"target\":[\"https:\/\/www.psib-psoe.org\/eivissa\/el-psoe-santa-eularia-denuncia-la-incapacitat-del-regidor-desports-de-contractar-la-millora-del-gimnas-de-la-piscina-municipal-despres-que-el-concurs-hagi-quedat-desert-per-segona-vegada\/\"]}]},{\"@type\":\"ImageObject\",\"inLanguage\":\"ca\",\"@id\":\"https:\/\/www.psib-psoe.org\/eivissa\/el-psoe-santa-eularia-denuncia-la-incapacitat-del-regidor-desports-de-contractar-la-millora-del-gimnas-de-la-piscina-municipal-despres-que-el-concurs-hagi-quedat-desert-per-segona-vegada\/#primaryimage\",\"url\":\"https:\/\/www.psib-psoe.org\/eivissa\/wp-content\/uploads\/1gimnas-santa-eularia.jpg\",\"contentUrl\":\"https:\/\/www.psib-psoe.org\/eivissa\/wp-content\/uploads\/1gimnas-santa-eularia.jpg\",\"width\":960,\"height\":845},{\"@type\":\"BreadcrumbList\",\"@id\":\"https:\/\/www.psib-psoe.org\/eivissa\/el-psoe-santa-eularia-denuncia-la-incapacitat-del-regidor-desports-de-contractar-la-millora-del-gimnas-de-la-piscina-municipal-despres-que-el-concurs-hagi-quedat-desert-per-segona-vegada\/#breadcrumb\",\"itemListElement\":[{\"@type\":\"ListItem\",\"position\":1,\"name\":\"Inici\",\"item\":\"https:\/\/www.psib-psoe.org\/eivissa\/\"},{\"@type\":\"ListItem\",\"position\":2,\"name\":\"El PSOE Santa Eul\u00e0ria denuncia la incapacitat del regidor d\u2019Esports de contractar la millora del gimn\u00e0s de la piscina municipal, despr\u00e9s que el concurs hagi quedat desert per segona vegada\"}]},{\"@type\":\"WebSite\",\"@id\":\"https:\/\/www.psib-psoe.org\/eivissa\/#website\",\"url\":\"https:\/\/www.psib-psoe.org\/eivissa\/\",\"name\":\"Federaci\u00f3 Socialista d'Eivissa\",\"description\":\"Socialistes d&#039;Eivissa\",\"publisher\":{\"@id\":\"https:\/\/www.psib-psoe.org\/eivissa\/#organization\"},\"potentialAction\":[{\"@type\":\"SearchAction\",\"target\":{\"@type\":\"EntryPoint\",\"urlTemplate\":\"https:\/\/www.psib-psoe.org\/eivissa\/?s={search_term_string}\"},\"query-input\":{\"@type\":\"PropertyValueSpecification\",\"valueRequired\":true,\"valueName\":\"search_term_string\"}}],\"inLanguage\":\"ca\"},{\"@type\":\"Organization\",\"@id\":\"https:\/\/www.psib-psoe.org\/eivissa\/#organization\",\"name\":\"Federaci\u00f3 Socialista d'Eivissa\",\"url\":\"https:\/\/www.psib-psoe.org\/eivissa\/\",\"logo\":{\"@type\":\"ImageObject\",\"inLanguage\":\"ca\",\"@id\":\"https:\/\/www.psib-psoe.org\/eivissa\/#\/schema\/logo\/image\/\",\"url\":\"https:\/\/www.psib-psoe.org\/eivissa\/wp-content\/uploads\/LOGO-FSE-SOCIALISTA-DEIVISSA-HORI.png\",\"contentUrl\":\"https:\/\/www.psib-psoe.org\/eivissa\/wp-content\/uploads\/LOGO-FSE-SOCIALISTA-DEIVISSA-HORI.png\",\"width\":6000,\"height\":3104,\"caption\":\"Federaci\u00f3 Socialista d'Eivissa\"},\"image\":{\"@id\":\"https:\/\/www.psib-psoe.org\/eivissa\/#\/schema\/logo\/image\/\"}},{\"@type\":\"Person\",\"@id\":\"https:\/\/www.psib-psoe.org\/eivissa\/#\/schema\/person\/b71961f9b223766c28d12eca90cf67e0\",\"name\":\"PSOE Eivissa\",\"url\":\"https:\/\/www.psib-psoe.org\/eivissa\/author\/adminalan\/\"}]}<\/script>\n<!-- \/ Yoast SEO plugin. -->","yoast_head_json":{"title":"El PSOE Santa Eul\u00e0ria denuncia la incapacitat del regidor d\u2019Esports de contractar la millora del gimn\u00e0s de la piscina municipal, despr\u00e9s que el concurs hagi quedat desert per segona vegada - Federaci\u00f3 Socialista d&#039;Eivissa","robots":{"index":"index","follow":"follow","max-snippet":"max-snippet:-1","max-image-preview":"max-image-preview:large","max-video-preview":"max-video-preview:-1"},"canonical":"https:\/\/www.psib-psoe.org\/eivissa\/el-psoe-santa-eularia-denuncia-la-incapacitat-del-regidor-desports-de-contractar-la-millora-del-gimnas-de-la-piscina-municipal-despres-que-el-concurs-hagi-quedat-desert-per-segona-vegada\/","og_locale":"ca_ES","og_type":"article","og_title":"El PSOE Santa Eul\u00e0ria denuncia la incapacitat del regidor d\u2019Esports de contractar la millora del gimn\u00e0s de la piscina municipal, despr\u00e9s que el concurs hagi quedat desert per segona vegada - Federaci\u00f3 Socialista d&#039;Eivissa","og_description":"El grup municipal Socialista de Santa Eul\u00e0ria des Riu denuncia la incapacitat del regidor d\u2019Esports, Toni Ram\u00f3n, d\u2019aconseguir la millora del gimn\u00e0s situat a la piscina municipal i li exigeix que tregui de forma immediata una nova licitaci\u00f3. Recentment, ha quedat deserta, per segona vegada, l&#8217;adjudicaci\u00f3 de la millora d&#8217;aquestes instal\u00b7lacions, les quals requereixen una&hellip;","og_url":"https:\/\/www.psib-psoe.org\/eivissa\/el-psoe-santa-eularia-denuncia-la-incapacitat-del-regidor-desports-de-contractar-la-millora-del-gimnas-de-la-piscina-municipal-despres-que-el-concurs-hagi-quedat-desert-per-segona-vegada\/","og_site_name":"Federaci\u00f3 Socialista d&#039;Eivissa","article_published_time":"2024-01-19T12:10:35+00:00","og_image":[{"width":960,"height":845,"url":"https:\/\/www.psib-psoe.org\/eivissa\/wp-content\/uploads\/1gimnas-santa-eularia.jpg","type":"image\/jpeg"}],"author":"PSOE Eivissa","twitter_card":"summary_large_image","twitter_misc":{"Escrit per":"PSOE Eivissa","Temps estimat de lectura":"2 minuts"},"schema":{"@context":"https:\/\/schema.org","@graph":[{"@type":["Article","BlogPosting"],"@id":"https:\/\/www.psib-psoe.org\/eivissa\/el-psoe-santa-eularia-denuncia-la-incapacitat-del-regidor-desports-de-contractar-la-millora-del-gimnas-de-la-piscina-municipal-despres-que-el-concurs-hagi-quedat-desert-per-segona-vegada\/#article","isPartOf":{"@id":"https:\/\/www.psib-psoe.org\/eivissa\/el-psoe-santa-eularia-denuncia-la-incapacitat-del-regidor-desports-de-contractar-la-millora-del-gimnas-de-la-piscina-municipal-despres-que-el-concurs-hagi-quedat-desert-per-segona-vegada\/"},"author":{"name":"PSOE Eivissa","@id":"https:\/\/www.psib-psoe.org\/eivissa\/#\/schema\/person\/b71961f9b223766c28d12eca90cf67e0"},"headline":"El PSOE Santa Eul\u00e0ria denuncia la incapacitat del regidor d\u2019Esports de contractar la millora del gimn\u00e0s de la piscina municipal, despr\u00e9s que el concurs hagi quedat desert per segona vegada","datePublished":"2024-01-19T12:10:35+00:00","mainEntityOfPage":{"@id":"https:\/\/www.psib-psoe.org\/eivissa\/el-psoe-santa-eularia-denuncia-la-incapacitat-del-regidor-desports-de-contractar-la-millora-del-gimnas-de-la-piscina-municipal-despres-que-el-concurs-hagi-quedat-desert-per-segona-vegada\/"},"wordCount":395,"publisher":{"@id":"https:\/\/www.psib-psoe.org\/eivissa\/#organization"},"image":{"@id":"https:\/\/www.psib-psoe.org\/eivissa\/el-psoe-santa-eularia-denuncia-la-incapacitat-del-regidor-desports-de-contractar-la-millora-del-gimnas-de-la-piscina-municipal-despres-que-el-concurs-hagi-quedat-desert-per-segona-vegada\/#primaryimage"},"thumbnailUrl":"https:\/\/www.psib-psoe.org\/eivissa\/wp-content\/uploads\/1gimnas-santa-eularia.jpg","articleSection":["Federaci\u00f3 d'Eivissa - Portada","Municipis","Santa Eul\u00e0ria des Riu"],"inLanguage":"ca"},{"@type":"WebPage","@id":"https:\/\/www.psib-psoe.org\/eivissa\/el-psoe-santa-eularia-denuncia-la-incapacitat-del-regidor-desports-de-contractar-la-millora-del-gimnas-de-la-piscina-municipal-despres-que-el-concurs-hagi-quedat-desert-per-segona-vegada\/","url":"https:\/\/www.psib-psoe.org\/eivissa\/el-psoe-santa-eularia-denuncia-la-incapacitat-del-regidor-desports-de-contractar-la-millora-del-gimnas-de-la-piscina-municipal-despres-que-el-concurs-hagi-quedat-desert-per-segona-vegada\/","name":"El PSOE Santa Eul\u00e0ria denuncia la incapacitat del regidor d\u2019Esports de contractar la millora del gimn\u00e0s de la piscina municipal, despr\u00e9s que el concurs hagi quedat desert per segona vegada - Federaci\u00f3 Socialista d&#039;Eivissa","isPartOf":{"@id":"https:\/\/www.psib-psoe.org\/eivissa\/#website"},"primaryImageOfPage":{"@id":"https:\/\/www.psib-psoe.org\/eivissa\/el-psoe-santa-eularia-denuncia-la-incapacitat-del-regidor-desports-de-contractar-la-millora-del-gimnas-de-la-piscina-municipal-despres-que-el-concurs-hagi-quedat-desert-per-segona-vegada\/#primaryimage"},"image":{"@id":"https:\/\/www.psib-psoe.org\/eivissa\/el-psoe-santa-eularia-denuncia-la-incapacitat-del-regidor-desports-de-contractar-la-millora-del-gimnas-de-la-piscina-municipal-despres-que-el-concurs-hagi-quedat-desert-per-segona-vegada\/#primaryimage"},"thumbnailUrl":"https:\/\/www.psib-psoe.org\/eivissa\/wp-content\/uploads\/1gimnas-santa-eularia.jpg","datePublished":"2024-01-19T12:10:35+00:00","breadcrumb":{"@id":"https:\/\/www.psib-psoe.org\/eivissa\/el-psoe-santa-eularia-denuncia-la-incapacitat-del-regidor-desports-de-contractar-la-millora-del-gimnas-de-la-piscina-municipal-despres-que-el-concurs-hagi-quedat-desert-per-segona-vegada\/#breadcrumb"},"inLanguage":"ca","potentialAction":[{"@type":"ReadAction","target":["https:\/\/www.psib-psoe.org\/eivissa\/el-psoe-santa-eularia-denuncia-la-incapacitat-del-regidor-desports-de-contractar-la-millora-del-gimnas-de-la-piscina-municipal-despres-que-el-concurs-hagi-quedat-desert-per-segona-vegada\/"]}]},{"@type":"ImageObject","inLanguage":"ca","@id":"https:\/\/www.psib-psoe.org\/eivissa\/el-psoe-santa-eularia-denuncia-la-incapacitat-del-regidor-desports-de-contractar-la-millora-del-gimnas-de-la-piscina-municipal-despres-que-el-concurs-hagi-quedat-desert-per-segona-vegada\/#primaryimage","url":"https:\/\/www.psib-psoe.org\/eivissa\/wp-content\/uploads\/1gimnas-santa-eularia.jpg","contentUrl":"https:\/\/www.psib-psoe.org\/eivissa\/wp-content\/uploads\/1gimnas-santa-eularia.jpg","width":960,"height":845},{"@type":"BreadcrumbList","@id":"https:\/\/www.psib-psoe.org\/eivissa\/el-psoe-santa-eularia-denuncia-la-incapacitat-del-regidor-desports-de-contractar-la-millora-del-gimnas-de-la-piscina-municipal-despres-que-el-concurs-hagi-quedat-desert-per-segona-vegada\/#breadcrumb","itemListElement":[{"@type":"ListItem","position":1,"name":"Inici","item":"https:\/\/www.psib-psoe.org\/eivissa\/"},{"@type":"ListItem","position":2,"name":"El PSOE Santa Eul\u00e0ria denuncia la incapacitat del regidor d\u2019Esports de contractar la millora del gimn\u00e0s de la piscina municipal, despr\u00e9s que el concurs hagi quedat desert per segona vegada"}]},{"@type":"WebSite","@id":"https:\/\/www.psib-psoe.org\/eivissa\/#website","url":"https:\/\/www.psib-psoe.org\/eivissa\/","name":"Federaci\u00f3 Socialista d'Eivissa","description":"Socialistes d&#039;Eivissa","publisher":{"@id":"https:\/\/www.psib-psoe.org\/eivissa\/#organization"},"potentialAction":[{"@type":"SearchAction","target":{"@type":"EntryPoint","urlTemplate":"https:\/\/www.psib-psoe.org\/eivissa\/?s={search_term_string}"},"query-input":{"@type":"PropertyValueSpecification","valueRequired":true,"valueName":"search_term_string"}}],"inLanguage":"ca"},{"@type":"Organization","@id":"https:\/\/www.psib-psoe.org\/eivissa\/#organization","name":"Federaci\u00f3 Socialista d'Eivissa","url":"https:\/\/www.psib-psoe.org\/eivissa\/","logo":{"@type":"ImageObject","inLanguage":"ca","@id":"https:\/\/www.psib-psoe.org\/eivissa\/#\/schema\/logo\/image\/","url":"https:\/\/www.psib-psoe.org\/eivissa\/wp-content\/uploads\/LOGO-FSE-SOCIALISTA-DEIVISSA-HORI.png","contentUrl":"https:\/\/www.psib-psoe.org\/eivissa\/wp-content\/uploads\/LOGO-FSE-SOCIALISTA-DEIVISSA-HORI.png","width":6000,"height":3104,"caption":"Federaci\u00f3 Socialista d'Eivissa"},"image":{"@id":"https:\/\/www.psib-psoe.org\/eivissa\/#\/schema\/logo\/image\/"}},{"@type":"Person","@id":"https:\/\/www.psib-psoe.org\/eivissa\/#\/schema\/person\/b71961f9b223766c28d12eca90cf67e0","name":"PSOE Eivissa","url":"https:\/\/www.psib-psoe.org\/eivissa\/author\/adminalan\/"}]}},"_links":{"self":[{"href":"https:\/\/www.psib-psoe.org\/eivissa\/wp-json\/wp\/v2\/posts\/38536","targetHints":{"allow":["GET"]}}],"collection":[{"href":"https:\/\/www.psib-psoe.org\/eivissa\/wp-json\/wp\/v2\/posts"}],"about":[{"href":"https:\/\/www.psib-psoe.org\/eivissa\/wp-json\/wp\/v2\/types\/post"}],"author":[{"embeddable":true,"href":"https:\/\/www.psib-psoe.org\/eivissa\/wp-json\/wp\/v2\/users\/10"}],"replies":[{"embeddable":true,"href":"https:\/\/www.psib-psoe.org\/eivissa\/wp-json\/wp\/v2\/comments?post=38536"}],"version-history":[{"count":1,"href":"https:\/\/www.psib-psoe.org\/eivissa\/wp-json\/wp\/v2\/posts\/38536\/revisions"}],"predecessor-version":[{"id":38539,"href":"https:\/\/www.psib-psoe.org\/eivissa\/wp-json\/wp\/v2\/posts\/38536\/revisions\/38539"}],"wp:featuredmedia":[{"embeddable":true,"href":"https:\/\/www.psib-psoe.org\/eivissa\/wp-json\/wp\/v2\/media\/38537"}],"wp:attachment":[{"href":"https:\/\/www.psib-psoe.org\/eivissa\/wp-json\/wp\/v2\/media?parent=38536"}],"wp:term":[{"taxonomy":"category","embeddable":true,"href":"https:\/\/www.psib-psoe.org\/eivissa\/wp-json\/wp\/v2\/categories?post=38536"},{"taxonomy":"post_tag","embeddable":true,"href":"https:\/\/www.psib-psoe.org\/eivissa\/wp-json\/wp\/v2\/tags?post=38536"}],"curies":[{"name":"wp","href":"https:\/\/api.w.org\/{rel}","templated":true}]}}