{"id":38569,"date":"2024-01-24T14:17:50","date_gmt":"2024-01-24T12:17:50","guid":{"rendered":"https:\/\/www.psib-psoe.org\/eivissa\/?p=38569"},"modified":"2024-01-24T14:17:50","modified_gmt":"2024-01-24T12:17:50","slug":"mes-de-21-000-pensionistes-deivissa-i-formentera-reben-aquesta-setmana-lincrement-del-38-de-la-pensio-milena-herrera-destaca-el-compromis-amb-els-jubilats-la-classe-treballadora-i","status":"publish","type":"post","link":"https:\/\/www.psib-psoe.org\/eivissa\/mes-de-21-000-pensionistes-deivissa-i-formentera-reben-aquesta-setmana-lincrement-del-38-de-la-pensio-milena-herrera-destaca-el-compromis-amb-els-jubilats-la-classe-treballadora-i\/","title":{"rendered":"M\u00e9s de 21.000 pensionistes d\u2019Eivissa i Formentera reben aquesta setmana l\u2019increment del 3,8% de la pensi\u00f3. Milena Herrera destaca el comprom\u00eds amb els jubilats, la classe treballadora i els col\u00b7lectius m\u00e9s vulnerables."},"content":{"rendered":"<p>M\u00e9s de 21.000 pensionistes d\u2019Eivissa i Formentera reben aquesta setmana l\u2019increment del 3,8% de la pensi\u00f3, aprovat pel Govern d\u2019Espanya en el Decret anticrisi, validat en el Congr\u00e9s dels Diputats el passat 10 de gener amb el vot en contra del Partit Popular i Vox. Un decret que tamb\u00e9 inclou la reducci\u00f3 de l\u2019IVA dels aliments i la gratu\u00eftat del transport p\u00fablic, entre altres mesures per fer front a l\u2019increment de preus.<\/p>\n<p>La diputada eivissenca del PSOE, Milena Herrera, ha manifestat que \u201caquesta \u00e9s una setmana molt important per a les persones pensionistes d&#8217;Eivissa i de Formentera\u201d, ja que \u201ca les nostres illes m\u00e9s de 21.000 persones cobren pensions contributives que aquesta setmana s&#8217;estan pagant amb una pujada ja incorporada del 3,8%. \u00c9s la pujada que v\u00e0rem aprovar al Congr\u00e9s ara fa uns dies amb el vot en contra del Partit Popular i de Vox i que \u00e9s tan important per a les persones jubilades que mereixen que la seva pensi\u00f3 pugi a la vegada que puja la cistella de la compra\u201d. <\/p>\n<p>Milena Herrera tamb\u00e9 ha ressaltat que \u201cles persones que cobren una pensi\u00f3 no contributiva o incl\u00fas l&#8217;ingr\u00e9s m\u00ednim vital, que s\u00f3n les ajudes que es donen a les persones m\u00e9s vulnerables, pugen encara m\u00e9s, un 6,9%\u201d. <\/p>\n<p>\u201cI finalment tamb\u00e9 una altra pujada important que es fa amb efectes de dia 1 de gener, la del Salari M\u00ednim Interprofessional, que aquest mes puja ja un 5%. El que sense cap dubte \u00e9s una not\u00edcia molt important per a tota la nostra classe treballadora i per a aquelles persones que tenen salaris m\u00e9s baixos i que seguirem millorant durant aquesta legislatura\u201d.<\/p>\n<p>A m\u00e9s a m\u00e9s, Milena Herrera recorda que \u201cel Govern d\u2019Espanya t\u00e9 com a objectiu continuar pujant-lo per situar-lo durant aquesta legislatura al 60% del salari mitj\u00e0 del pa\u00eds\u201d.<\/p>\n<p>Les pensions contributives, amb un increment del 3,8%, beneficien el seg\u00fcent nombre de persones per municipis: <\/p>\n<p>Eivissa: 7.604 pensionistes, pensi\u00f3 mitjana 1.176,55 euros.<\/p>\n<p>Sant Antoni: 3.854 pensionistes, pensi\u00f3 mitjana 993,41 euros.<\/p>\n<p>Sant Joan: 862 pensionistes, pensi\u00f3 mitjana 890,42 euros.<\/p>\n<p>Santa Eul\u00e0ria des Riu: 4.691 pensionistes; pensi\u00f3 mitjana 1.020 euros.<\/p>\n<p>Sant Josep: 3.275 pensionistes, pensi\u00f3 mitjana 1.083,07 euros.<\/p>\n<p>Total Eivissa: 20.286 pensionistes.<\/p>\n<p>Formentera: 1.095 pensionistes, pensi\u00f3 mitjana 927 euros.<\/p>\n<p>Total Eivissa i Formentera: 21.381 pensionistes.<\/p>\n<p>Les dades que no estan territorialitzades per illes o municipis s\u00f3n les de pensions no contributives, que a les Illes Balears reben 8.050 persones (s&#8217;apugen un 6,9%). <\/p>\n<p>L\u2019Ingr\u00e9s M\u00ednim Vital a les Illes Balears el reben 9.035 persones (s&#8217;apuja un 6,9%). A m\u00e9s, la diputada del PSOE recorda que el Congr\u00e9s tamb\u00e9 va aprovar la possibilitat que les comunitats aut\u00f2nomes que ho sol\u00b7licitin passin a gestionar aquesta prestaci\u00f3.<\/p>\n","protected":false},"excerpt":{"rendered":"<p>M\u00e9s de 21.000 pensionistes d\u2019Eivissa i Formentera reben aquesta setmana l\u2019increment del 3,8% de la pensi\u00f3, aprovat pel Govern d\u2019Espanya en el Decret anticrisi, validat en el Congr\u00e9s dels Diputats el passat 10 de gener amb el vot en contra del Partit Popular i Vox. Un decret que tamb\u00e9 inclou la reducci\u00f3 de l\u2019IVA dels&hellip;<\/p>\n","protected":false},"author":7,"featured_media":38570,"comment_status":"closed","ping_status":"closed","sticky":false,"template":"","format":"standard","meta":{"footnotes":""},"categories":[1,190],"tags":[],"class_list":["post-38569","post","type-post","status-publish","format-standard","has-post-thumbnail","hentry","category-federacio-de-eivissa-portada","category-govern-despanya-congres-senat"],"yoast_head":"<!-- This site is optimized with the Yoast SEO plugin v26.9 - https:\/\/yoast.com\/product\/yoast-seo-wordpress\/ -->\n<title>M\u00e9s de 21.000 pensionistes d\u2019Eivissa i Formentera reben aquesta setmana l\u2019increment del 3,8% de la pensi\u00f3. Milena Herrera destaca el comprom\u00eds amb els jubilats, la classe treballadora i els col\u00b7lectius m\u00e9s vulnerables. - Federaci\u00f3 Socialista d&#039;Eivissa<\/title>\n<meta name=\"robots\" content=\"index, follow, max-snippet:-1, max-image-preview:large, max-video-preview:-1\" \/>\n<link rel=\"canonical\" href=\"https:\/\/www.psib-psoe.org\/eivissa\/mes-de-21-000-pensionistes-deivissa-i-formentera-reben-aquesta-setmana-lincrement-del-38-de-la-pensio-milena-herrera-destaca-el-compromis-amb-els-jubilats-la-classe-treballadora-i\/\" \/>\n<meta property=\"og:locale\" content=\"ca_ES\" \/>\n<meta property=\"og:type\" content=\"article\" \/>\n<meta property=\"og:title\" content=\"M\u00e9s de 21.000 pensionistes d\u2019Eivissa i Formentera reben aquesta setmana l\u2019increment del 3,8% de la pensi\u00f3. Milena Herrera destaca el comprom\u00eds amb els jubilats, la classe treballadora i els col\u00b7lectius m\u00e9s vulnerables. - Federaci\u00f3 Socialista d&#039;Eivissa\" \/>\n<meta property=\"og:description\" content=\"M\u00e9s de 21.000 pensionistes d\u2019Eivissa i Formentera reben aquesta setmana l\u2019increment del 3,8% de la pensi\u00f3, aprovat pel Govern d\u2019Espanya en el Decret anticrisi, validat en el Congr\u00e9s dels Diputats el passat 10 de gener amb el vot en contra del Partit Popular i Vox. Un decret que tamb\u00e9 inclou la reducci\u00f3 de l\u2019IVA dels&hellip;\" \/>\n<meta property=\"og:url\" content=\"https:\/\/www.psib-psoe.org\/eivissa\/mes-de-21-000-pensionistes-deivissa-i-formentera-reben-aquesta-setmana-lincrement-del-38-de-la-pensio-milena-herrera-destaca-el-compromis-amb-els-jubilats-la-classe-treballadora-i\/\" \/>\n<meta property=\"og:site_name\" content=\"Federaci\u00f3 Socialista d&#039;Eivissa\" \/>\n<meta property=\"article:published_time\" content=\"2024-01-24T12:17:50+00:00\" \/>\n<meta property=\"og:image\" content=\"https:\/\/www.psib-psoe.org\/eivissa\/wp-content\/uploads\/foto-milena-congres.jpeg\" \/>\n\t<meta property=\"og:image:width\" content=\"1600\" \/>\n\t<meta property=\"og:image:height\" content=\"1065\" \/>\n\t<meta property=\"og:image:type\" content=\"image\/jpeg\" \/>\n<meta name=\"author\" content=\"Josep Ripoll\" \/>\n<meta name=\"twitter:card\" content=\"summary_large_image\" \/>\n<meta name=\"twitter:label1\" content=\"Escrit per\" \/>\n\t<meta name=\"twitter:data1\" content=\"Josep Ripoll\" \/>\n\t<meta name=\"twitter:label2\" content=\"Temps estimat de lectura\" \/>\n\t<meta name=\"twitter:data2\" content=\"2 minuts\" \/>\n<script type=\"application\/ld+json\" class=\"yoast-schema-graph\">{\"@context\":\"https:\/\/schema.org\",\"@graph\":[{\"@type\":[\"Article\",\"BlogPosting\"],\"@id\":\"https:\/\/www.psib-psoe.org\/eivissa\/mes-de-21-000-pensionistes-deivissa-i-formentera-reben-aquesta-setmana-lincrement-del-38-de-la-pensio-milena-herrera-destaca-el-compromis-amb-els-jubilats-la-classe-treballadora-i\/#article\",\"isPartOf\":{\"@id\":\"https:\/\/www.psib-psoe.org\/eivissa\/mes-de-21-000-pensionistes-deivissa-i-formentera-reben-aquesta-setmana-lincrement-del-38-de-la-pensio-milena-herrera-destaca-el-compromis-amb-els-jubilats-la-classe-treballadora-i\/\"},\"author\":{\"name\":\"Josep Ripoll\",\"@id\":\"https:\/\/www.psib-psoe.org\/eivissa\/#\/schema\/person\/7a9d2841fb36f32e34fc0e9b245e8117\"},\"headline\":\"M\u00e9s de 21.000 pensionistes d\u2019Eivissa i Formentera reben aquesta setmana l\u2019increment del 3,8% de la pensi\u00f3. Milena Herrera destaca el comprom\u00eds amb els jubilats, la classe treballadora i els col\u00b7lectius m\u00e9s vulnerables.\",\"datePublished\":\"2024-01-24T12:17:50+00:00\",\"mainEntityOfPage\":{\"@id\":\"https:\/\/www.psib-psoe.org\/eivissa\/mes-de-21-000-pensionistes-deivissa-i-formentera-reben-aquesta-setmana-lincrement-del-38-de-la-pensio-milena-herrera-destaca-el-compromis-amb-els-jubilats-la-classe-treballadora-i\/\"},\"wordCount\":485,\"publisher\":{\"@id\":\"https:\/\/www.psib-psoe.org\/eivissa\/#organization\"},\"image\":{\"@id\":\"https:\/\/www.psib-psoe.org\/eivissa\/mes-de-21-000-pensionistes-deivissa-i-formentera-reben-aquesta-setmana-lincrement-del-38-de-la-pensio-milena-herrera-destaca-el-compromis-amb-els-jubilats-la-classe-treballadora-i\/#primaryimage\"},\"thumbnailUrl\":\"https:\/\/www.psib-psoe.org\/eivissa\/wp-content\/uploads\/foto-milena-congres.jpeg\",\"articleSection\":[\"Federaci\u00f3 d'Eivissa - Portada\",\"Govern d'Espanya - Congr\u00e9s - Senat - PSOE Federal\"],\"inLanguage\":\"ca\"},{\"@type\":\"WebPage\",\"@id\":\"https:\/\/www.psib-psoe.org\/eivissa\/mes-de-21-000-pensionistes-deivissa-i-formentera-reben-aquesta-setmana-lincrement-del-38-de-la-pensio-milena-herrera-destaca-el-compromis-amb-els-jubilats-la-classe-treballadora-i\/\",\"url\":\"https:\/\/www.psib-psoe.org\/eivissa\/mes-de-21-000-pensionistes-deivissa-i-formentera-reben-aquesta-setmana-lincrement-del-38-de-la-pensio-milena-herrera-destaca-el-compromis-amb-els-jubilats-la-classe-treballadora-i\/\",\"name\":\"M\u00e9s de 21.000 pensionistes d\u2019Eivissa i Formentera reben aquesta setmana l\u2019increment del 3,8% de la pensi\u00f3. Milena Herrera destaca el comprom\u00eds amb els jubilats, la classe treballadora i els col\u00b7lectius m\u00e9s vulnerables. - Federaci\u00f3 Socialista d&#039;Eivissa\",\"isPartOf\":{\"@id\":\"https:\/\/www.psib-psoe.org\/eivissa\/#website\"},\"primaryImageOfPage\":{\"@id\":\"https:\/\/www.psib-psoe.org\/eivissa\/mes-de-21-000-pensionistes-deivissa-i-formentera-reben-aquesta-setmana-lincrement-del-38-de-la-pensio-milena-herrera-destaca-el-compromis-amb-els-jubilats-la-classe-treballadora-i\/#primaryimage\"},\"image\":{\"@id\":\"https:\/\/www.psib-psoe.org\/eivissa\/mes-de-21-000-pensionistes-deivissa-i-formentera-reben-aquesta-setmana-lincrement-del-38-de-la-pensio-milena-herrera-destaca-el-compromis-amb-els-jubilats-la-classe-treballadora-i\/#primaryimage\"},\"thumbnailUrl\":\"https:\/\/www.psib-psoe.org\/eivissa\/wp-content\/uploads\/foto-milena-congres.jpeg\",\"datePublished\":\"2024-01-24T12:17:50+00:00\",\"breadcrumb\":{\"@id\":\"https:\/\/www.psib-psoe.org\/eivissa\/mes-de-21-000-pensionistes-deivissa-i-formentera-reben-aquesta-setmana-lincrement-del-38-de-la-pensio-milena-herrera-destaca-el-compromis-amb-els-jubilats-la-classe-treballadora-i\/#breadcrumb\"},\"inLanguage\":\"ca\",\"potentialAction\":[{\"@type\":\"ReadAction\",\"target\":[\"https:\/\/www.psib-psoe.org\/eivissa\/mes-de-21-000-pensionistes-deivissa-i-formentera-reben-aquesta-setmana-lincrement-del-38-de-la-pensio-milena-herrera-destaca-el-compromis-amb-els-jubilats-la-classe-treballadora-i\/\"]}]},{\"@type\":\"ImageObject\",\"inLanguage\":\"ca\",\"@id\":\"https:\/\/www.psib-psoe.org\/eivissa\/mes-de-21-000-pensionistes-deivissa-i-formentera-reben-aquesta-setmana-lincrement-del-38-de-la-pensio-milena-herrera-destaca-el-compromis-amb-els-jubilats-la-classe-treballadora-i\/#primaryimage\",\"url\":\"https:\/\/www.psib-psoe.org\/eivissa\/wp-content\/uploads\/foto-milena-congres.jpeg\",\"contentUrl\":\"https:\/\/www.psib-psoe.org\/eivissa\/wp-content\/uploads\/foto-milena-congres.jpeg\",\"width\":1600,\"height\":1065},{\"@type\":\"BreadcrumbList\",\"@id\":\"https:\/\/www.psib-psoe.org\/eivissa\/mes-de-21-000-pensionistes-deivissa-i-formentera-reben-aquesta-setmana-lincrement-del-38-de-la-pensio-milena-herrera-destaca-el-compromis-amb-els-jubilats-la-classe-treballadora-i\/#breadcrumb\",\"itemListElement\":[{\"@type\":\"ListItem\",\"position\":1,\"name\":\"Inici\",\"item\":\"https:\/\/www.psib-psoe.org\/eivissa\/\"},{\"@type\":\"ListItem\",\"position\":2,\"name\":\"M\u00e9s de 21.000 pensionistes d\u2019Eivissa i Formentera reben aquesta setmana l\u2019increment del 3,8% de la pensi\u00f3. Milena Herrera destaca el comprom\u00eds amb els jubilats, la classe treballadora i els col\u00b7lectius m\u00e9s vulnerables.\"}]},{\"@type\":\"WebSite\",\"@id\":\"https:\/\/www.psib-psoe.org\/eivissa\/#website\",\"url\":\"https:\/\/www.psib-psoe.org\/eivissa\/\",\"name\":\"Federaci\u00f3 Socialista d'Eivissa\",\"description\":\"Socialistes d&#039;Eivissa\",\"publisher\":{\"@id\":\"https:\/\/www.psib-psoe.org\/eivissa\/#organization\"},\"potentialAction\":[{\"@type\":\"SearchAction\",\"target\":{\"@type\":\"EntryPoint\",\"urlTemplate\":\"https:\/\/www.psib-psoe.org\/eivissa\/?s={search_term_string}\"},\"query-input\":{\"@type\":\"PropertyValueSpecification\",\"valueRequired\":true,\"valueName\":\"search_term_string\"}}],\"inLanguage\":\"ca\"},{\"@type\":\"Organization\",\"@id\":\"https:\/\/www.psib-psoe.org\/eivissa\/#organization\",\"name\":\"Federaci\u00f3 Socialista d'Eivissa\",\"url\":\"https:\/\/www.psib-psoe.org\/eivissa\/\",\"logo\":{\"@type\":\"ImageObject\",\"inLanguage\":\"ca\",\"@id\":\"https:\/\/www.psib-psoe.org\/eivissa\/#\/schema\/logo\/image\/\",\"url\":\"https:\/\/www.psib-psoe.org\/eivissa\/wp-content\/uploads\/LOGO-FSE-SOCIALISTA-DEIVISSA-HORI.png\",\"contentUrl\":\"https:\/\/www.psib-psoe.org\/eivissa\/wp-content\/uploads\/LOGO-FSE-SOCIALISTA-DEIVISSA-HORI.png\",\"width\":6000,\"height\":3104,\"caption\":\"Federaci\u00f3 Socialista d'Eivissa\"},\"image\":{\"@id\":\"https:\/\/www.psib-psoe.org\/eivissa\/#\/schema\/logo\/image\/\"}},{\"@type\":\"Person\",\"@id\":\"https:\/\/www.psib-psoe.org\/eivissa\/#\/schema\/person\/7a9d2841fb36f32e34fc0e9b245e8117\",\"name\":\"Josep Ripoll\",\"sameAs\":[\"http:\/\/www.psib-psoe.org\/eivissa\/wp-login.php\"],\"url\":\"https:\/\/www.psib-psoe.org\/eivissa\/author\/josep\/\"}]}<\/script>\n<!-- \/ Yoast SEO plugin. -->","yoast_head_json":{"title":"M\u00e9s de 21.000 pensionistes d\u2019Eivissa i Formentera reben aquesta setmana l\u2019increment del 3,8% de la pensi\u00f3. Milena Herrera destaca el comprom\u00eds amb els jubilats, la classe treballadora i els col\u00b7lectius m\u00e9s vulnerables. - Federaci\u00f3 Socialista d&#039;Eivissa","robots":{"index":"index","follow":"follow","max-snippet":"max-snippet:-1","max-image-preview":"max-image-preview:large","max-video-preview":"max-video-preview:-1"},"canonical":"https:\/\/www.psib-psoe.org\/eivissa\/mes-de-21-000-pensionistes-deivissa-i-formentera-reben-aquesta-setmana-lincrement-del-38-de-la-pensio-milena-herrera-destaca-el-compromis-amb-els-jubilats-la-classe-treballadora-i\/","og_locale":"ca_ES","og_type":"article","og_title":"M\u00e9s de 21.000 pensionistes d\u2019Eivissa i Formentera reben aquesta setmana l\u2019increment del 3,8% de la pensi\u00f3. Milena Herrera destaca el comprom\u00eds amb els jubilats, la classe treballadora i els col\u00b7lectius m\u00e9s vulnerables. - Federaci\u00f3 Socialista d&#039;Eivissa","og_description":"M\u00e9s de 21.000 pensionistes d\u2019Eivissa i Formentera reben aquesta setmana l\u2019increment del 3,8% de la pensi\u00f3, aprovat pel Govern d\u2019Espanya en el Decret anticrisi, validat en el Congr\u00e9s dels Diputats el passat 10 de gener amb el vot en contra del Partit Popular i Vox. Un decret que tamb\u00e9 inclou la reducci\u00f3 de l\u2019IVA dels&hellip;","og_url":"https:\/\/www.psib-psoe.org\/eivissa\/mes-de-21-000-pensionistes-deivissa-i-formentera-reben-aquesta-setmana-lincrement-del-38-de-la-pensio-milena-herrera-destaca-el-compromis-amb-els-jubilats-la-classe-treballadora-i\/","og_site_name":"Federaci\u00f3 Socialista d&#039;Eivissa","article_published_time":"2024-01-24T12:17:50+00:00","og_image":[{"width":1600,"height":1065,"url":"https:\/\/www.psib-psoe.org\/eivissa\/wp-content\/uploads\/foto-milena-congres.jpeg","type":"image\/jpeg"}],"author":"Josep Ripoll","twitter_card":"summary_large_image","twitter_misc":{"Escrit per":"Josep Ripoll","Temps estimat de lectura":"2 minuts"},"schema":{"@context":"https:\/\/schema.org","@graph":[{"@type":["Article","BlogPosting"],"@id":"https:\/\/www.psib-psoe.org\/eivissa\/mes-de-21-000-pensionistes-deivissa-i-formentera-reben-aquesta-setmana-lincrement-del-38-de-la-pensio-milena-herrera-destaca-el-compromis-amb-els-jubilats-la-classe-treballadora-i\/#article","isPartOf":{"@id":"https:\/\/www.psib-psoe.org\/eivissa\/mes-de-21-000-pensionistes-deivissa-i-formentera-reben-aquesta-setmana-lincrement-del-38-de-la-pensio-milena-herrera-destaca-el-compromis-amb-els-jubilats-la-classe-treballadora-i\/"},"author":{"name":"Josep Ripoll","@id":"https:\/\/www.psib-psoe.org\/eivissa\/#\/schema\/person\/7a9d2841fb36f32e34fc0e9b245e8117"},"headline":"M\u00e9s de 21.000 pensionistes d\u2019Eivissa i Formentera reben aquesta setmana l\u2019increment del 3,8% de la pensi\u00f3. Milena Herrera destaca el comprom\u00eds amb els jubilats, la classe treballadora i els col\u00b7lectius m\u00e9s vulnerables.","datePublished":"2024-01-24T12:17:50+00:00","mainEntityOfPage":{"@id":"https:\/\/www.psib-psoe.org\/eivissa\/mes-de-21-000-pensionistes-deivissa-i-formentera-reben-aquesta-setmana-lincrement-del-38-de-la-pensio-milena-herrera-destaca-el-compromis-amb-els-jubilats-la-classe-treballadora-i\/"},"wordCount":485,"publisher":{"@id":"https:\/\/www.psib-psoe.org\/eivissa\/#organization"},"image":{"@id":"https:\/\/www.psib-psoe.org\/eivissa\/mes-de-21-000-pensionistes-deivissa-i-formentera-reben-aquesta-setmana-lincrement-del-38-de-la-pensio-milena-herrera-destaca-el-compromis-amb-els-jubilats-la-classe-treballadora-i\/#primaryimage"},"thumbnailUrl":"https:\/\/www.psib-psoe.org\/eivissa\/wp-content\/uploads\/foto-milena-congres.jpeg","articleSection":["Federaci\u00f3 d'Eivissa - Portada","Govern d'Espanya - Congr\u00e9s - Senat - PSOE Federal"],"inLanguage":"ca"},{"@type":"WebPage","@id":"https:\/\/www.psib-psoe.org\/eivissa\/mes-de-21-000-pensionistes-deivissa-i-formentera-reben-aquesta-setmana-lincrement-del-38-de-la-pensio-milena-herrera-destaca-el-compromis-amb-els-jubilats-la-classe-treballadora-i\/","url":"https:\/\/www.psib-psoe.org\/eivissa\/mes-de-21-000-pensionistes-deivissa-i-formentera-reben-aquesta-setmana-lincrement-del-38-de-la-pensio-milena-herrera-destaca-el-compromis-amb-els-jubilats-la-classe-treballadora-i\/","name":"M\u00e9s de 21.000 pensionistes d\u2019Eivissa i Formentera reben aquesta setmana l\u2019increment del 3,8% de la pensi\u00f3. Milena Herrera destaca el comprom\u00eds amb els jubilats, la classe treballadora i els col\u00b7lectius m\u00e9s vulnerables. - Federaci\u00f3 Socialista d&#039;Eivissa","isPartOf":{"@id":"https:\/\/www.psib-psoe.org\/eivissa\/#website"},"primaryImageOfPage":{"@id":"https:\/\/www.psib-psoe.org\/eivissa\/mes-de-21-000-pensionistes-deivissa-i-formentera-reben-aquesta-setmana-lincrement-del-38-de-la-pensio-milena-herrera-destaca-el-compromis-amb-els-jubilats-la-classe-treballadora-i\/#primaryimage"},"image":{"@id":"https:\/\/www.psib-psoe.org\/eivissa\/mes-de-21-000-pensionistes-deivissa-i-formentera-reben-aquesta-setmana-lincrement-del-38-de-la-pensio-milena-herrera-destaca-el-compromis-amb-els-jubilats-la-classe-treballadora-i\/#primaryimage"},"thumbnailUrl":"https:\/\/www.psib-psoe.org\/eivissa\/wp-content\/uploads\/foto-milena-congres.jpeg","datePublished":"2024-01-24T12:17:50+00:00","breadcrumb":{"@id":"https:\/\/www.psib-psoe.org\/eivissa\/mes-de-21-000-pensionistes-deivissa-i-formentera-reben-aquesta-setmana-lincrement-del-38-de-la-pensio-milena-herrera-destaca-el-compromis-amb-els-jubilats-la-classe-treballadora-i\/#breadcrumb"},"inLanguage":"ca","potentialAction":[{"@type":"ReadAction","target":["https:\/\/www.psib-psoe.org\/eivissa\/mes-de-21-000-pensionistes-deivissa-i-formentera-reben-aquesta-setmana-lincrement-del-38-de-la-pensio-milena-herrera-destaca-el-compromis-amb-els-jubilats-la-classe-treballadora-i\/"]}]},{"@type":"ImageObject","inLanguage":"ca","@id":"https:\/\/www.psib-psoe.org\/eivissa\/mes-de-21-000-pensionistes-deivissa-i-formentera-reben-aquesta-setmana-lincrement-del-38-de-la-pensio-milena-herrera-destaca-el-compromis-amb-els-jubilats-la-classe-treballadora-i\/#primaryimage","url":"https:\/\/www.psib-psoe.org\/eivissa\/wp-content\/uploads\/foto-milena-congres.jpeg","contentUrl":"https:\/\/www.psib-psoe.org\/eivissa\/wp-content\/uploads\/foto-milena-congres.jpeg","width":1600,"height":1065},{"@type":"BreadcrumbList","@id":"https:\/\/www.psib-psoe.org\/eivissa\/mes-de-21-000-pensionistes-deivissa-i-formentera-reben-aquesta-setmana-lincrement-del-38-de-la-pensio-milena-herrera-destaca-el-compromis-amb-els-jubilats-la-classe-treballadora-i\/#breadcrumb","itemListElement":[{"@type":"ListItem","position":1,"name":"Inici","item":"https:\/\/www.psib-psoe.org\/eivissa\/"},{"@type":"ListItem","position":2,"name":"M\u00e9s de 21.000 pensionistes d\u2019Eivissa i Formentera reben aquesta setmana l\u2019increment del 3,8% de la pensi\u00f3. Milena Herrera destaca el comprom\u00eds amb els jubilats, la classe treballadora i els col\u00b7lectius m\u00e9s vulnerables."}]},{"@type":"WebSite","@id":"https:\/\/www.psib-psoe.org\/eivissa\/#website","url":"https:\/\/www.psib-psoe.org\/eivissa\/","name":"Federaci\u00f3 Socialista d'Eivissa","description":"Socialistes d&#039;Eivissa","publisher":{"@id":"https:\/\/www.psib-psoe.org\/eivissa\/#organization"},"potentialAction":[{"@type":"SearchAction","target":{"@type":"EntryPoint","urlTemplate":"https:\/\/www.psib-psoe.org\/eivissa\/?s={search_term_string}"},"query-input":{"@type":"PropertyValueSpecification","valueRequired":true,"valueName":"search_term_string"}}],"inLanguage":"ca"},{"@type":"Organization","@id":"https:\/\/www.psib-psoe.org\/eivissa\/#organization","name":"Federaci\u00f3 Socialista d'Eivissa","url":"https:\/\/www.psib-psoe.org\/eivissa\/","logo":{"@type":"ImageObject","inLanguage":"ca","@id":"https:\/\/www.psib-psoe.org\/eivissa\/#\/schema\/logo\/image\/","url":"https:\/\/www.psib-psoe.org\/eivissa\/wp-content\/uploads\/LOGO-FSE-SOCIALISTA-DEIVISSA-HORI.png","contentUrl":"https:\/\/www.psib-psoe.org\/eivissa\/wp-content\/uploads\/LOGO-FSE-SOCIALISTA-DEIVISSA-HORI.png","width":6000,"height":3104,"caption":"Federaci\u00f3 Socialista d'Eivissa"},"image":{"@id":"https:\/\/www.psib-psoe.org\/eivissa\/#\/schema\/logo\/image\/"}},{"@type":"Person","@id":"https:\/\/www.psib-psoe.org\/eivissa\/#\/schema\/person\/7a9d2841fb36f32e34fc0e9b245e8117","name":"Josep Ripoll","sameAs":["http:\/\/www.psib-psoe.org\/eivissa\/wp-login.php"],"url":"https:\/\/www.psib-psoe.org\/eivissa\/author\/josep\/"}]}},"_links":{"self":[{"href":"https:\/\/www.psib-psoe.org\/eivissa\/wp-json\/wp\/v2\/posts\/38569","targetHints":{"allow":["GET"]}}],"collection":[{"href":"https:\/\/www.psib-psoe.org\/eivissa\/wp-json\/wp\/v2\/posts"}],"about":[{"href":"https:\/\/www.psib-psoe.org\/eivissa\/wp-json\/wp\/v2\/types\/post"}],"author":[{"embeddable":true,"href":"https:\/\/www.psib-psoe.org\/eivissa\/wp-json\/wp\/v2\/users\/7"}],"replies":[{"embeddable":true,"href":"https:\/\/www.psib-psoe.org\/eivissa\/wp-json\/wp\/v2\/comments?post=38569"}],"version-history":[{"count":1,"href":"https:\/\/www.psib-psoe.org\/eivissa\/wp-json\/wp\/v2\/posts\/38569\/revisions"}],"predecessor-version":[{"id":38572,"href":"https:\/\/www.psib-psoe.org\/eivissa\/wp-json\/wp\/v2\/posts\/38569\/revisions\/38572"}],"wp:featuredmedia":[{"embeddable":true,"href":"https:\/\/www.psib-psoe.org\/eivissa\/wp-json\/wp\/v2\/media\/38570"}],"wp:attachment":[{"href":"https:\/\/www.psib-psoe.org\/eivissa\/wp-json\/wp\/v2\/media?parent=38569"}],"wp:term":[{"taxonomy":"category","embeddable":true,"href":"https:\/\/www.psib-psoe.org\/eivissa\/wp-json\/wp\/v2\/categories?post=38569"},{"taxonomy":"post_tag","embeddable":true,"href":"https:\/\/www.psib-psoe.org\/eivissa\/wp-json\/wp\/v2\/tags?post=38569"}],"curies":[{"name":"wp","href":"https:\/\/api.w.org\/{rel}","templated":true}]}}